{"id":3972,"date":"2018-07-25T08:46:33","date_gmt":"2018-07-25T06:46:33","guid":{"rendered":"https:\/\/www.organisator.ch\/?p=3972"},"modified":"2018-07-25T08:46:33","modified_gmt":"2018-07-25T06:46:33","slug":"wirtschaftsaufschwung-laesst-hotel-und-flugpreise-steigen","status":"publish","type":"post","link":"https:\/\/www.organisator.ch\/fr\/management\/finanzen_recht\/2018-07-25\/wirtschaftsaufschwung-laesst-hotel-und-flugpreise-steigen\/","title":{"rendered":"La reprise \u00e9conomique fait grimper les prix des h\u00f4tels et des billets d'avion"},"content":{"rendered":"<figure id=\"attachment_3973\" aria-describedby=\"caption-attachment-3973\" style=\"width: 640px\" class=\"wp-caption alignnone\"><img loading=\"lazy\" decoding=\"async\" class=\"size-full wp-image-3973\" src=\"https:\/\/www.organisator.ch\/wp-content\/uploads\/2018\/07\/Wirtschaftsaufschwung-laesst-Hotel-und-Flugpreise-steigen_Organisator.jpg\" alt=\"\" width=\"640\" height=\"445\" srcset=\"https:\/\/www.organisator.ch\/wp-content\/uploads\/2018\/07\/Wirtschaftsaufschwung-laesst-Hotel-und-Flugpreise-steigen_Organisator.jpg 640w, https:\/\/www.organisator.ch\/wp-content\/uploads\/2018\/07\/Wirtschaftsaufschwung-laesst-Hotel-und-Flugpreise-steigen_Organisator-16x12.jpg 16w, https:\/\/www.organisator.ch\/wp-content\/uploads\/2018\/07\/Wirtschaftsaufschwung-laesst-Hotel-und-Flugpreise-steigen_Organisator-252x175.jpg 252w, https:\/\/www.organisator.ch\/wp-content\/uploads\/2018\/07\/Wirtschaftsaufschwung-laesst-Hotel-und-Flugpreise-steigen_Organisator-503x350.jpg 503w, https:\/\/www.organisator.ch\/wp-content\/uploads\/2018\/07\/Wirtschaftsaufschwung-laesst-Hotel-und-Flugpreise-steigen_Organisator-300x209.jpg 300w\" sizes=\"auto, (max-width: 640px) 100vw, 640px\" \/><figcaption id=\"caption-attachment-3973\" class=\"wp-caption-text\">Non seulement les prix des vols, mais aussi ceux des h\u00f4tels et des taxis devraient augmenter en 2019. (Image : Rainer Sturm \/ pixelio.de)<\/figcaption><\/figure>\n<p><span style=\"font-size: medium;\">L'ann\u00e9e prochaine, il faut s'attendre \u00e0 une forte augmentation des prix des voyages, comme le montre le cinqui\u00e8me Global Travel Forecast, publi\u00e9 chaque ann\u00e9e par la Global Business Travel Association GBTA et Carlson Wagonlit Travel avec le soutien de la Carlson Family Foundation. <\/span>Seul i<span style=\"font-size: medium;\">n Europe occidentale, il faut s'attendre \u00e0 une augmentation des prix des h\u00f4tels de 5,6% et des prix des billets d'avion de 4,8%. <\/span><span style=\"font-size: medium;\">\"Bien que la plupart des march\u00e9s soient en bonne voie sur le plan \u00e9conomique, plusieurs facteurs pourraient avoir un impact n\u00e9gatif sur l'\u00e9conomie mondiale. Il s'agit notamment des mesures protectionnistes, du risque de guerre commerciale et des incertitudes entourant le Brexit\", explique Michael W. McCormick, directeur ex\u00e9cutif et directeur des op\u00e9rations de la GBTA. <\/span><span style=\"font-size: medium;\">Et Kurt Ekert, pr\u00e9sident et CEO de Carlson Wagonlit Travel, d'ajouter : \"On s'attend \u00e0 ce que les prix augmentent sur de nombreux march\u00e9s dans le monde, m\u00eame si l'inflation reste contenue\".<\/span><\/p>\n<h2>Pr\u00e9visions pour les tarifs a\u00e9riens 2019<\/h2>\n<p>Le secteur a\u00e9rien sera marqu\u00e9 par l'introduction de vols tr\u00e8s long-courriers, la tendance des compagnies a\u00e9riennes \u00e0 adopter de nouveaux mod\u00e8les de distribution et une concurrence accrue de la part des compagnies a\u00e9riennes \u00e0 bas prix, qui se lancent d\u00e9sormais \u00e9galement sur le march\u00e9 des vols intercontinentaux. En raison de la hausse du prix du p\u00e9trole, d'une intensification de la concurrence due \u00e0 une p\u00e9nurie de pilotes, d'\u00e9ventuelles guerres commerciales et d'une augmentation de la segmentation des prix, il faut finalement s'attendre \u00e0 une hausse des tarifs a\u00e9riens.<\/p>\n<ul>\n<li>En Europe de l'Ouest, on peut s'attendre \u00e0 une augmentation des prix des vols allant jusqu'\u00e0 4,8%. La hausse est particuli\u00e8rement sensible en Norv\u00e8ge (+11,5%), en Allemagne (+7,3%), en France (+6,9%) et en Espagne (+6,7%). En revanche, en Europe de l'Est, au Moyen-Orient et en Afrique, les tarifs a\u00e9riens baisseront entre 2% et 2,3%.<\/li>\n<li>En Am\u00e9rique du Nord, les pr\u00e9visions ne pr\u00e9voient qu'une l\u00e9g\u00e8re augmentation des prix de 1,8%. Les compagnies a\u00e9riennes am\u00e9ricaines revoient leur offre afin de mieux r\u00e9pondre \u00e0 la demande du march\u00e9, en fonction de l'\u00e9volution des relations commerciales entre les \u00c9tats-Unis et d'autres pays. Les prix des vols en Am\u00e9rique latine devraient baisser de 2% l'ann\u00e9e prochaine. Une l\u00e9g\u00e8re augmentation de 0,1% et de 1,2% peut toutefois \u00eatre observ\u00e9e au Mexique et en Colombie. La hausse des prix sera tr\u00e8s importante au Chili (+7,5%).<\/li>\n<li>Dans la r\u00e9gion Asie-Pacifique, les pr\u00e9visions annoncent une hausse des prix de 3,2%. La demande en Chine reste \u00e9lev\u00e9e (+3,9% pour les prix des billets d'avion) - le pays sera \u00e9galement le plus grand march\u00e9 mondial du voyage en 2020. Outre la Chine, d'autres pays de la r\u00e9gion pr\u00e9voient une hausse des tarifs a\u00e9riens, notamment la Nouvelle-Z\u00e9lande (+7,5%) et l'Inde (+7,3%). Le seul pays de la r\u00e9gion o\u00f9 les prix vont baisser est le Japon (-3,9%), car le pays a d\u00e9j\u00e0 augment\u00e9 ses capacit\u00e9s en vue des Jeux olympiques de 2020.<\/li>\n<\/ul>\n<h2>Pr\u00e9visions pour les prix des h\u00f4tels en 2019<\/h2>\n<p>Les pr\u00e9visions concernant les prix des h\u00f4tels sont directement li\u00e9es \u00e0 la croissance du secteur a\u00e9rien, qui g\u00e9n\u00e8re une demande accrue de chambres d'h\u00f4tel. Les h\u00f4tels misent sur l'utilisation des nouvelles technologies pour offrir \u00e0 leurs clients une exp\u00e9rience de voyage personnalis\u00e9e. Le paysage h\u00f4telier va \u00e9galement \u00e9voluer sous l'effet de nouvelles fusions, les h\u00f4tels \u00e0 prix \u00e9lev\u00e9s devant rivaliser avec les h\u00f4tels de milieu de gamme pour attirer les jeunes voyageurs, qui se tournent de plus en plus vers les h\u00f4tels-boutiques.<\/p>\n<ul>\n<li>Dans la r\u00e9gion Europe, Moyen-Orient et Afrique, il faut s'attendre \u00e0 une augmentation des prix de 5,6% pour les nuit\u00e9es d'h\u00f4tel en Europe occidentale. En revanche, les prix en Europe de l'Est et au Moyen-Orient\/Afrique baissent respectivement de 1,9% et 1,5%. La hausse des prix est particuli\u00e8rement marqu\u00e9e en Norv\u00e8ge (11,8%), en Espagne (8,5%), en Finlande (7,1%) et en France et en Allemagne (6,8% chacun).<\/li>\n<li>Selon les pr\u00e9visions, les prix des h\u00f4tels en Am\u00e9rique du Nord vont \u00e9galement augmenter - 5% au Canada et 2,7% aux \u00c9tats-Unis.<\/li>\n<li>La r\u00e9gion Asie-Pacifique enregistrera une hausse des prix de 5,1%. Il y a de grandes diff\u00e9rences : alors que le Japon devrait conna\u00eetre une baisse des prix de 3,2%, la Nouvelle-Z\u00e9lande devrait conna\u00eetre une hausse des prix de 11,8%.<\/li>\n<li>En Am\u00e9rique latine, les pr\u00e9visions annoncent une baisse des prix de 1,3%. Alors que les prix des h\u00f4tels devraient baisser de 3,5% en Argentine, de 1,9% au Br\u00e9sil et de 0,7% en Colombie, il faut s'attendre \u00e0 une augmentation des prix au Chili (+6,4%), au P\u00e9rou (+2,1%) et au Mexique (+0,6%).<\/li>\n<\/ul>\n<h2>Pr\u00e9visions de prix pour le bus, le train, la location de voiture et le taxi<\/h2>\n<p>Selon le Travel Price Forecast, seule l'Am\u00e9rique du Nord devrait conna\u00eetre une l\u00e9g\u00e8re augmentation des prix des moyens de transport tels que le bus, le train et le taxi l'ann\u00e9e prochaine (+0,6%). Dans toutes les autres r\u00e9gions, les prix resteront stables. Toutefois, les soci\u00e9t\u00e9s de location de voitures pourraient augmenter leurs prix, en particulier au quatri\u00e8me trimestre 2019. Les voyageurs se tourneront davantage vers les applications pour les services de transport priv\u00e9s, tandis que l'int\u00e9r\u00eat pour les trains \u00e0 grande vitesse diminuera en raison des co\u00fbts \u00e9lev\u00e9s associ\u00e9s au faible d\u00e9veloppement de la technologie n\u00e9cessaire. Dans le secteur de la location de voitures, les nouvelles technologies cr\u00e9ent des tendances, comme l'utilisation de voitures connect\u00e9es.<\/p>\n<ul>\n<li>Les pr\u00e9visions annoncent des prix stables pour la r\u00e9gion Europe, Moyen-Orient et Afrique. Toutefois, dans certains pays d'Europe occidentale, comme la Finlande, la France, l'Allemagne, l'Italie et l'Espagne, des hausses de prix de plus de 4% sont possibles - en Norv\u00e8ge, elles devraient m\u00eame atteindre +10%. En revanche, la Su\u00e8de peut s'attendre \u00e0 une baisse des prix de 13,9%.<\/li>\n<li>Alors que les prix n'augmentent que l\u00e9g\u00e8rement dans l'ensemble de l'Am\u00e9rique du Nord (+0,6%), ils devraient augmenter de 3,6% au Canada. Le fournisseur de voitures de location Silvercar, bas\u00e9 sur l'application d'Audi, pourrait \u00eatre le cr\u00e9ateur de tendances dans la r\u00e9gion, en permettant des r\u00e9servations mobiles et en simplifiant consid\u00e9rablement le processus de prise en charge et de facturation.<\/li>\n<li>Dans la r\u00e9gion Asie-Pacifique, l'\u00e9volution des prix des moyens de transport routiers et ferroviaires reste \u00e9galement stable. Seules la Nouvelle-Z\u00e9lande (+4%), l'Inde (+2,7%) et l'Australie (+2,4%) verront leurs prix augmenter. L'entreprise Didi Chuxing continuera d'accro\u00eetre ses investissements dans le domaine de la conduite autonome, tandis qu'Uber a d\u00e9j\u00e0 laiss\u00e9 le champ libre aux services de transport priv\u00e9s nationaux en Asie du Sud-Est.<\/li>\n<\/ul>\n<h2>Les voyages d'affaires sont de plus en plus personnalis\u00e9s<\/h2>\n<p><span style=\"font-size: medium;\">Outre les perspectives \u00e9conomiques et les pr\u00e9visions concernant les prix des h\u00f4tels et des vols, le rapport fournit \u00e9galement un aper\u00e7u des tendances actuelles du secteur des voyages d'affaires. \"L'avenir du voyage d'affaires peut \u00eatre d\u00e9crit comme une personnalisation acc\u00e9l\u00e9r\u00e9e. Les technologies mobiles, l'intelligence artificielle et l'utilisation de chatbots et de donn\u00e9es pr\u00e9visionnelles jouent un r\u00f4le important \u00e0 cet \u00e9gard\", explique Kurt Ekert. \"Le succ\u00e8s d'un programme de voyage est \u00e9troitement li\u00e9 aux nouvelles technologies et au traitement intelligent des donn\u00e9es\". <\/span><\/p>\n<p><em>Source : <a href=\"http:\/\/www.carlsonwagonlit.ch\">Carlson Wagonlit Travel<\/a><\/em><\/p>\n<p><span style=\"font-family: Arial,Arial; font-size: medium;\">\u00a0<\/span><\/p>","protected":false},"excerpt":{"rendered":"<p>Im kommenden Jahr ist mit einem starken Preisanstieg der Reisekosten zu rechnen, wie der f\u00fcnfte Global Travel Forecast zeigt, der j\u00e4hrlich von der Global Business Travel Association GBTA und Carlson Wagonlit Travel mit Unterst\u00fctzung der Carlson Family Foundation ver\u00f6ffentlicht wird. Allein in Westeuropa muss mit einem Anstieg der Hotelpreise um 5,6% und der Flugpreise um [&hellip;]<\/p>\n","protected":false},"author":4,"featured_media":3973,"comment_status":"open","ping_status":"open","sticky":false,"template":"","format":"standard","meta":{"_acf_changed":false,"_yoast_wpseo_focuskw":"Flugpreise","_yoast_wpseo_metadesc":"Der Weltwirtschaftsaufschwung und steigende \u00d6lpreise sorgen daf\u00fcr, dass die Hotelpreise im Schnitt um 3,7% und die Flugpreise um 2,6% steigen werden.","articlekey":"","footnotes":""},"categories":[24],"tags":[239,459,531],"class_list":["post-3972","post","type-post","status-publish","format-standard","has-post-thumbnail","hentry","category-finanzen_recht","tag-geschaeftsreisen","tag-studie","tag-wirtschaftspolitik"],"acf":[],"yoast_head":"<!-- This site is optimized with the Yoast SEO plugin v27.5 - https:\/\/yoast.com\/product\/yoast-seo-wordpress\/ -->\n<title>Wirtschaftsaufschwung l\u00e4sst Hotel- und Flugpreise steigen - Organisator<\/title>\n<meta name=\"description\" content=\"Der Weltwirtschaftsaufschwung und steigende \u00d6lpreise sorgen daf\u00fcr, dass die Hotelpreise im Schnitt um 3,7% und die Flugpreise um 2,6% steigen werden.\" \/>\n<meta name=\"robots\" content=\"index, follow, max-snippet:-1, max-image-preview:large, max-video-preview:-1\" \/>\n<link rel=\"canonical\" href=\"https:\/\/www.organisator.ch\/fr\/gestion-2\/finanzen_recht\/2018-07-25\/wirtschaftsaufschwung-laesst-hotel-und-flugpreise-steigen\/\" \/>\n<meta property=\"og:locale\" content=\"fr_FR\" \/>\n<meta property=\"og:type\" content=\"article\" \/>\n<meta property=\"og:title\" content=\"Wirtschaftsaufschwung l\u00e4sst Hotel- und Flugpreise steigen\" \/>\n<meta property=\"og:description\" content=\"Der Weltwirtschaftsaufschwung und steigende \u00d6lpreise sorgen daf\u00fcr, dass die Hotelpreise im Schnitt um 3,7% und die Flugpreise um 2,6% steigen werden.\" \/>\n<meta property=\"og:url\" content=\"https:\/\/www.organisator.ch\/fr\/gestion-2\/finanzen_recht\/2018-07-25\/wirtschaftsaufschwung-laesst-hotel-und-flugpreise-steigen\/\" \/>\n<meta property=\"og:site_name\" content=\"Organisator\" \/>\n<meta property=\"article:publisher\" content=\"https:\/\/www.facebook.com\/OrganisatorFachmagazin\" \/>\n<meta property=\"article:published_time\" content=\"2018-07-25T06:46:33+00:00\" \/>\n<meta property=\"og:image\" content=\"https:\/\/www.organisator.ch\/wp-content\/uploads\/2018\/07\/Wirtschaftsaufschwung-laesst-Hotel-und-Flugpreise-steigen_Organisator.jpg\" \/>\n\t<meta property=\"og:image:width\" content=\"640\" \/>\n\t<meta property=\"og:image:height\" content=\"445\" \/>\n\t<meta property=\"og:image:type\" content=\"image\/jpeg\" \/>\n<meta name=\"author\" content=\"thomas.berner\" \/>\n<meta name=\"twitter:card\" content=\"summary_large_image\" \/>\n<meta name=\"twitter:title\" content=\"#Wirtschaftsaufschwung l\u00e4sst Hotel- und #Flugpreise steigen\" \/>\n<meta name=\"twitter:description\" content=\"Der #Weltwirtschaftsaufschwung und steigende #\u00d6lpreise sorgen daf\u00fcr, dass die #Hotelpreise im Schnitt um 3,7% und die #Flugpreise um 2,6% steigen werden.\" \/>\n<meta name=\"twitter:image\" content=\"https:\/\/www.organisator.ch\/wp-content\/uploads\/2018\/07\/Wirtschaftsaufschwung-l\u00e4sst-Hotel-und-Flugpreise-steigen_Organisator.jpg\" \/>\n<script type=\"application\/ld+json\" class=\"yoast-schema-graph\">{\"@context\":\"https:\\\/\\\/schema.org\",\"@graph\":[{\"@type\":\"Article\",\"@id\":\"https:\\\/\\\/www.organisator.ch\\\/management\\\/finanzen_recht\\\/2018-07-25\\\/wirtschaftsaufschwung-laesst-hotel-und-flugpreise-steigen\\\/#article\",\"isPartOf\":{\"@id\":\"https:\\\/\\\/www.organisator.ch\\\/management\\\/finanzen_recht\\\/2018-07-25\\\/wirtschaftsaufschwung-laesst-hotel-und-flugpreise-steigen\\\/\"},\"author\":{\"name\":\"thomas.berner\",\"@id\":\"https:\\\/\\\/www.organisator.ch\\\/#\\\/schema\\\/person\\\/6f650f90b2842cd4c0cc334b4e36f67e\"},\"headline\":\"Wirtschaftsaufschwung l\u00e4sst Hotel- und Flugpreise steigen\",\"datePublished\":\"2018-07-25T06:46:33+00:00\",\"mainEntityOfPage\":{\"@id\":\"https:\\\/\\\/www.organisator.ch\\\/management\\\/finanzen_recht\\\/2018-07-25\\\/wirtschaftsaufschwung-laesst-hotel-und-flugpreise-steigen\\\/\"},\"wordCount\":1008,\"commentCount\":0,\"publisher\":{\"@id\":\"https:\\\/\\\/www.organisator.ch\\\/#organization\"},\"image\":{\"@id\":\"https:\\\/\\\/www.organisator.ch\\\/management\\\/finanzen_recht\\\/2018-07-25\\\/wirtschaftsaufschwung-laesst-hotel-und-flugpreise-steigen\\\/#primaryimage\"},\"thumbnailUrl\":\"https:\\\/\\\/www.organisator.ch\\\/wp-content\\\/uploads\\\/2018\\\/07\\\/Wirtschaftsaufschwung-laesst-Hotel-und-Flugpreise-steigen_Organisator.jpg\",\"keywords\":[\"Gesch\u00e4ftsreisen\",\"Studie\",\"Wirtschaftspolitik\"],\"articleSection\":[\"FINANZEN\\\/RECHT\"],\"inLanguage\":\"fr-FR\"},{\"@type\":\"WebPage\",\"@id\":\"https:\\\/\\\/www.organisator.ch\\\/management\\\/finanzen_recht\\\/2018-07-25\\\/wirtschaftsaufschwung-laesst-hotel-und-flugpreise-steigen\\\/\",\"url\":\"https:\\\/\\\/www.organisator.ch\\\/management\\\/finanzen_recht\\\/2018-07-25\\\/wirtschaftsaufschwung-laesst-hotel-und-flugpreise-steigen\\\/\",\"name\":\"Wirtschaftsaufschwung l\u00e4sst Hotel- und Flugpreise steigen - Organisator\",\"isPartOf\":{\"@id\":\"https:\\\/\\\/www.organisator.ch\\\/#website\"},\"primaryImageOfPage\":{\"@id\":\"https:\\\/\\\/www.organisator.ch\\\/management\\\/finanzen_recht\\\/2018-07-25\\\/wirtschaftsaufschwung-laesst-hotel-und-flugpreise-steigen\\\/#primaryimage\"},\"image\":{\"@id\":\"https:\\\/\\\/www.organisator.ch\\\/management\\\/finanzen_recht\\\/2018-07-25\\\/wirtschaftsaufschwung-laesst-hotel-und-flugpreise-steigen\\\/#primaryimage\"},\"thumbnailUrl\":\"https:\\\/\\\/www.organisator.ch\\\/wp-content\\\/uploads\\\/2018\\\/07\\\/Wirtschaftsaufschwung-laesst-Hotel-und-Flugpreise-steigen_Organisator.jpg\",\"datePublished\":\"2018-07-25T06:46:33+00:00\",\"description\":\"Der Weltwirtschaftsaufschwung und steigende \u00d6lpreise sorgen daf\u00fcr, dass die Hotelpreise im Schnitt um 3,7% und die Flugpreise um 2,6% steigen werden.\",\"breadcrumb\":{\"@id\":\"https:\\\/\\\/www.organisator.ch\\\/management\\\/finanzen_recht\\\/2018-07-25\\\/wirtschaftsaufschwung-laesst-hotel-und-flugpreise-steigen\\\/#breadcrumb\"},\"inLanguage\":\"fr-FR\",\"potentialAction\":[{\"@type\":\"ReadAction\",\"target\":[\"https:\\\/\\\/www.organisator.ch\\\/management\\\/finanzen_recht\\\/2018-07-25\\\/wirtschaftsaufschwung-laesst-hotel-und-flugpreise-steigen\\\/\"]}]},{\"@type\":\"ImageObject\",\"inLanguage\":\"fr-FR\",\"@id\":\"https:\\\/\\\/www.organisator.ch\\\/management\\\/finanzen_recht\\\/2018-07-25\\\/wirtschaftsaufschwung-laesst-hotel-und-flugpreise-steigen\\\/#primaryimage\",\"url\":\"https:\\\/\\\/www.organisator.ch\\\/wp-content\\\/uploads\\\/2018\\\/07\\\/Wirtschaftsaufschwung-laesst-Hotel-und-Flugpreise-steigen_Organisator.jpg\",\"contentUrl\":\"https:\\\/\\\/www.organisator.ch\\\/wp-content\\\/uploads\\\/2018\\\/07\\\/Wirtschaftsaufschwung-laesst-Hotel-und-Flugpreise-steigen_Organisator.jpg\",\"width\":640,\"height\":445,\"caption\":\"Nicht nur Flugpreise, sondern auch die Preise f\u00fcr Hotels und Taxis d\u00fcrften im Jahr 2019 steigen. (Bild: Rainer Sturm \\\/ pixelio.de)\"},{\"@type\":\"BreadcrumbList\",\"@id\":\"https:\\\/\\\/www.organisator.ch\\\/management\\\/finanzen_recht\\\/2018-07-25\\\/wirtschaftsaufschwung-laesst-hotel-und-flugpreise-steigen\\\/#breadcrumb\",\"itemListElement\":[{\"@type\":\"ListItem\",\"position\":1,\"name\":\"Home\",\"item\":\"https:\\\/\\\/www.organisator.ch\\\/\"},{\"@type\":\"ListItem\",\"position\":2,\"name\":\"Wirtschaftsaufschwung l\u00e4sst Hotel- und Flugpreise steigen\"}]},{\"@type\":\"WebSite\",\"@id\":\"https:\\\/\\\/www.organisator.ch\\\/#website\",\"url\":\"https:\\\/\\\/www.organisator.ch\\\/\",\"name\":\"Organisator\",\"description\":\"Kompetent. Praxisnah. Der ORGANISATOR bereitet in 10 Ausgaben pro Jahr die wesentlichen Themen f\u00fcr F\u00fchrungskr\u00e4fte von KMU auf.\",\"publisher\":{\"@id\":\"https:\\\/\\\/www.organisator.ch\\\/#organization\"},\"potentialAction\":[{\"@type\":\"SearchAction\",\"target\":{\"@type\":\"EntryPoint\",\"urlTemplate\":\"https:\\\/\\\/www.organisator.ch\\\/?s={search_term_string}\"},\"query-input\":{\"@type\":\"PropertyValueSpecification\",\"valueRequired\":true,\"valueName\":\"search_term_string\"}}],\"inLanguage\":\"fr-FR\"},{\"@type\":\"Organization\",\"@id\":\"https:\\\/\\\/www.organisator.ch\\\/#organization\",\"name\":\"Organisator\",\"url\":\"https:\\\/\\\/www.organisator.ch\\\/\",\"logo\":{\"@type\":\"ImageObject\",\"inLanguage\":\"fr-FR\",\"@id\":\"https:\\\/\\\/www.organisator.ch\\\/#\\\/schema\\\/logo\\\/image\\\/\",\"url\":\"https:\\\/\\\/www.organisator.ch\\\/wp-content\\\/uploads\\\/2022\\\/01\\\/Logo_Organisator_Website.png\",\"contentUrl\":\"https:\\\/\\\/www.organisator.ch\\\/wp-content\\\/uploads\\\/2022\\\/01\\\/Logo_Organisator_Website.png\",\"width\":800,\"height\":77,\"caption\":\"Organisator\"},\"image\":{\"@id\":\"https:\\\/\\\/www.organisator.ch\\\/#\\\/schema\\\/logo\\\/image\\\/\"},\"sameAs\":[\"https:\\\/\\\/www.facebook.com\\\/OrganisatorFachmagazin\",\"https:\\\/\\\/www.linkedin.com\\\/showcase\\\/organisator-das-magazin-fr-kmu\",\"https:\\\/\\\/www.xing.com\\\/news\\\/pages\\\/organisator-ch-695\",\"https:\\\/\\\/www.youtube.com\\\/channel\\\/UCGP2Sq0iWaZwT3BdIAQFYpw\"]},{\"@type\":\"Person\",\"@id\":\"https:\\\/\\\/www.organisator.ch\\\/#\\\/schema\\\/person\\\/6f650f90b2842cd4c0cc334b4e36f67e\",\"name\":\"thomas.berner\",\"image\":{\"@type\":\"ImageObject\",\"inLanguage\":\"fr-FR\",\"@id\":\"https:\\\/\\\/secure.gravatar.com\\\/avatar\\\/ac5001d2a36cb6c6cd3e50789007ffca834b477b74a2144564522e944eabff61?s=96&d=mm&r=g\",\"url\":\"https:\\\/\\\/secure.gravatar.com\\\/avatar\\\/ac5001d2a36cb6c6cd3e50789007ffca834b477b74a2144564522e944eabff61?s=96&d=mm&r=g\",\"contentUrl\":\"https:\\\/\\\/secure.gravatar.com\\\/avatar\\\/ac5001d2a36cb6c6cd3e50789007ffca834b477b74a2144564522e944eabff61?s=96&d=mm&r=g\",\"caption\":\"thomas.berner\"},\"url\":\"https:\\\/\\\/www.organisator.ch\\\/fr\\\/author\\\/thomas-berner\\\/\"}]}<\/script>\n<!-- \/ Yoast SEO plugin. -->","yoast_head_json":{"title":"La reprise \u00e9conomique fait grimper les prix des h\u00f4tels et des vols - Organisateur","description":"La reprise \u00e9conomique mondiale et la hausse des prix du p\u00e9trole font que les prix des h\u00f4tels augmenteront en moyenne de 3,7% et les prix des billets d'avion de 2,6%.","robots":{"index":"index","follow":"follow","max-snippet":"max-snippet:-1","max-image-preview":"max-image-preview:large","max-video-preview":"max-video-preview:-1"},"canonical":"https:\/\/www.organisator.ch\/fr\/gestion-2\/finanzen_recht\/2018-07-25\/wirtschaftsaufschwung-laesst-hotel-und-flugpreise-steigen\/","og_locale":"fr_FR","og_type":"article","og_title":"Wirtschaftsaufschwung l\u00e4sst Hotel- und Flugpreise steigen","og_description":"Der Weltwirtschaftsaufschwung und steigende \u00d6lpreise sorgen daf\u00fcr, dass die Hotelpreise im Schnitt um 3,7% und die Flugpreise um 2,6% steigen werden.","og_url":"https:\/\/www.organisator.ch\/fr\/gestion-2\/finanzen_recht\/2018-07-25\/wirtschaftsaufschwung-laesst-hotel-und-flugpreise-steigen\/","og_site_name":"Organisator","article_publisher":"https:\/\/www.facebook.com\/OrganisatorFachmagazin","article_published_time":"2018-07-25T06:46:33+00:00","og_image":[{"width":640,"height":445,"url":"https:\/\/www.organisator.ch\/wp-content\/uploads\/2018\/07\/Wirtschaftsaufschwung-laesst-Hotel-und-Flugpreise-steigen_Organisator.jpg","type":"image\/jpeg"}],"author":"thomas.berner","twitter_card":"summary_large_image","twitter_title":"#Wirtschaftsaufschwung l\u00e4sst Hotel- und #Flugpreise steigen","twitter_description":"Der #Weltwirtschaftsaufschwung und steigende #\u00d6lpreise sorgen daf\u00fcr, dass die #Hotelpreise im Schnitt um 3,7% und die #Flugpreise um 2,6% steigen werden.","twitter_image":"https:\/\/www.organisator.ch\/wp-content\/uploads\/2018\/07\/Wirtschaftsaufschwung-l\u00e4sst-Hotel-und-Flugpreise-steigen_Organisator.jpg","schema":{"@context":"https:\/\/schema.org","@graph":[{"@type":"Article","@id":"https:\/\/www.organisator.ch\/management\/finanzen_recht\/2018-07-25\/wirtschaftsaufschwung-laesst-hotel-und-flugpreise-steigen\/#article","isPartOf":{"@id":"https:\/\/www.organisator.ch\/management\/finanzen_recht\/2018-07-25\/wirtschaftsaufschwung-laesst-hotel-und-flugpreise-steigen\/"},"author":{"name":"thomas.berner","@id":"https:\/\/www.organisator.ch\/#\/schema\/person\/6f650f90b2842cd4c0cc334b4e36f67e"},"headline":"Wirtschaftsaufschwung l\u00e4sst Hotel- und Flugpreise steigen","datePublished":"2018-07-25T06:46:33+00:00","mainEntityOfPage":{"@id":"https:\/\/www.organisator.ch\/management\/finanzen_recht\/2018-07-25\/wirtschaftsaufschwung-laesst-hotel-und-flugpreise-steigen\/"},"wordCount":1008,"commentCount":0,"publisher":{"@id":"https:\/\/www.organisator.ch\/#organization"},"image":{"@id":"https:\/\/www.organisator.ch\/management\/finanzen_recht\/2018-07-25\/wirtschaftsaufschwung-laesst-hotel-und-flugpreise-steigen\/#primaryimage"},"thumbnailUrl":"https:\/\/www.organisator.ch\/wp-content\/uploads\/2018\/07\/Wirtschaftsaufschwung-laesst-Hotel-und-Flugpreise-steigen_Organisator.jpg","keywords":["Gesch\u00e4ftsreisen","Studie","Wirtschaftspolitik"],"articleSection":["FINANZEN\/RECHT"],"inLanguage":"fr-FR"},{"@type":"WebPage","@id":"https:\/\/www.organisator.ch\/management\/finanzen_recht\/2018-07-25\/wirtschaftsaufschwung-laesst-hotel-und-flugpreise-steigen\/","url":"https:\/\/www.organisator.ch\/management\/finanzen_recht\/2018-07-25\/wirtschaftsaufschwung-laesst-hotel-und-flugpreise-steigen\/","name":"La reprise \u00e9conomique fait grimper les prix des h\u00f4tels et des vols - Organisateur","isPartOf":{"@id":"https:\/\/www.organisator.ch\/#website"},"primaryImageOfPage":{"@id":"https:\/\/www.organisator.ch\/management\/finanzen_recht\/2018-07-25\/wirtschaftsaufschwung-laesst-hotel-und-flugpreise-steigen\/#primaryimage"},"image":{"@id":"https:\/\/www.organisator.ch\/management\/finanzen_recht\/2018-07-25\/wirtschaftsaufschwung-laesst-hotel-und-flugpreise-steigen\/#primaryimage"},"thumbnailUrl":"https:\/\/www.organisator.ch\/wp-content\/uploads\/2018\/07\/Wirtschaftsaufschwung-laesst-Hotel-und-Flugpreise-steigen_Organisator.jpg","datePublished":"2018-07-25T06:46:33+00:00","description":"La reprise \u00e9conomique mondiale et la hausse des prix du p\u00e9trole font que les prix des h\u00f4tels augmenteront en moyenne de 3,7% et les prix des billets d'avion de 2,6%.","breadcrumb":{"@id":"https:\/\/www.organisator.ch\/management\/finanzen_recht\/2018-07-25\/wirtschaftsaufschwung-laesst-hotel-und-flugpreise-steigen\/#breadcrumb"},"inLanguage":"fr-FR","potentialAction":[{"@type":"ReadAction","target":["https:\/\/www.organisator.ch\/management\/finanzen_recht\/2018-07-25\/wirtschaftsaufschwung-laesst-hotel-und-flugpreise-steigen\/"]}]},{"@type":"ImageObject","inLanguage":"fr-FR","@id":"https:\/\/www.organisator.ch\/management\/finanzen_recht\/2018-07-25\/wirtschaftsaufschwung-laesst-hotel-und-flugpreise-steigen\/#primaryimage","url":"https:\/\/www.organisator.ch\/wp-content\/uploads\/2018\/07\/Wirtschaftsaufschwung-laesst-Hotel-und-Flugpreise-steigen_Organisator.jpg","contentUrl":"https:\/\/www.organisator.ch\/wp-content\/uploads\/2018\/07\/Wirtschaftsaufschwung-laesst-Hotel-und-Flugpreise-steigen_Organisator.jpg","width":640,"height":445,"caption":"Nicht nur Flugpreise, sondern auch die Preise f\u00fcr Hotels und Taxis d\u00fcrften im Jahr 2019 steigen. (Bild: Rainer Sturm \/ pixelio.de)"},{"@type":"BreadcrumbList","@id":"https:\/\/www.organisator.ch\/management\/finanzen_recht\/2018-07-25\/wirtschaftsaufschwung-laesst-hotel-und-flugpreise-steigen\/#breadcrumb","itemListElement":[{"@type":"ListItem","position":1,"name":"Home","item":"https:\/\/www.organisator.ch\/"},{"@type":"ListItem","position":2,"name":"Wirtschaftsaufschwung l\u00e4sst Hotel- und Flugpreise steigen"}]},{"@type":"WebSite","@id":"https:\/\/www.organisator.ch\/#website","url":"https:\/\/www.organisator.ch\/","name":"Organisateur","description":"Comp\u00e9tence et comp\u00e9tence. Proches de la pratique. L'ORGANISATEUR pr\u00e9pare 10 num\u00e9ros par an sur les th\u00e8mes essentiels pour les dirigeants de PME.","publisher":{"@id":"https:\/\/www.organisator.ch\/#organization"},"potentialAction":[{"@type":"SearchAction","target":{"@type":"EntryPoint","urlTemplate":"https:\/\/www.organisator.ch\/?s={search_term_string}"},"query-input":{"@type":"PropertyValueSpecification","valueRequired":true,"valueName":"search_term_string"}}],"inLanguage":"fr-FR"},{"@type":"Organization","@id":"https:\/\/www.organisator.ch\/#organization","name":"Organisateur","url":"https:\/\/www.organisator.ch\/","logo":{"@type":"ImageObject","inLanguage":"fr-FR","@id":"https:\/\/www.organisator.ch\/#\/schema\/logo\/image\/","url":"https:\/\/www.organisator.ch\/wp-content\/uploads\/2022\/01\/Logo_Organisator_Website.png","contentUrl":"https:\/\/www.organisator.ch\/wp-content\/uploads\/2022\/01\/Logo_Organisator_Website.png","width":800,"height":77,"caption":"Organisator"},"image":{"@id":"https:\/\/www.organisator.ch\/#\/schema\/logo\/image\/"},"sameAs":["https:\/\/www.facebook.com\/OrganisatorFachmagazin","https:\/\/www.linkedin.com\/showcase\/organisator-das-magazin-fr-kmu","https:\/\/www.xing.com\/news\/pages\/organisator-ch-695","https:\/\/www.youtube.com\/channel\/UCGP2Sq0iWaZwT3BdIAQFYpw"]},{"@type":"Person","@id":"https:\/\/www.organisator.ch\/#\/schema\/person\/6f650f90b2842cd4c0cc334b4e36f67e","name":"thomas.berner","image":{"@type":"ImageObject","inLanguage":"fr-FR","@id":"https:\/\/secure.gravatar.com\/avatar\/ac5001d2a36cb6c6cd3e50789007ffca834b477b74a2144564522e944eabff61?s=96&d=mm&r=g","url":"https:\/\/secure.gravatar.com\/avatar\/ac5001d2a36cb6c6cd3e50789007ffca834b477b74a2144564522e944eabff61?s=96&d=mm&r=g","contentUrl":"https:\/\/secure.gravatar.com\/avatar\/ac5001d2a36cb6c6cd3e50789007ffca834b477b74a2144564522e944eabff61?s=96&d=mm&r=g","caption":"thomas.berner"},"url":"https:\/\/www.organisator.ch\/fr\/author\/thomas-berner\/"}]}},"_links":{"self":[{"href":"https:\/\/www.organisator.ch\/fr\/wp-json\/wp\/v2\/posts\/3972","targetHints":{"allow":["GET"]}}],"collection":[{"href":"https:\/\/www.organisator.ch\/fr\/wp-json\/wp\/v2\/posts"}],"about":[{"href":"https:\/\/www.organisator.ch\/fr\/wp-json\/wp\/v2\/types\/post"}],"author":[{"embeddable":true,"href":"https:\/\/www.organisator.ch\/fr\/wp-json\/wp\/v2\/users\/4"}],"replies":[{"embeddable":true,"href":"https:\/\/www.organisator.ch\/fr\/wp-json\/wp\/v2\/comments?post=3972"}],"version-history":[{"count":0,"href":"https:\/\/www.organisator.ch\/fr\/wp-json\/wp\/v2\/posts\/3972\/revisions"}],"wp:featuredmedia":[{"embeddable":true,"href":"https:\/\/www.organisator.ch\/fr\/wp-json\/wp\/v2\/media\/3973"}],"wp:attachment":[{"href":"https:\/\/www.organisator.ch\/fr\/wp-json\/wp\/v2\/media?parent=3972"}],"wp:term":[{"taxonomy":"category","embeddable":true,"href":"https:\/\/www.organisator.ch\/fr\/wp-json\/wp\/v2\/categories?post=3972"},{"taxonomy":"post_tag","embeddable":true,"href":"https:\/\/www.organisator.ch\/fr\/wp-json\/wp\/v2\/tags?post=3972"}],"curies":[{"name":"wp","href":"https:\/\/api.w.org\/{rel}","templated":true}]}}