{"id":39782,"date":"2025-08-27T08:46:03","date_gmt":"2025-08-27T06:46:03","guid":{"rendered":"https:\/\/www.m-q.ch\/?p=21793"},"modified":"2025-08-28T08:47:17","modified_gmt":"2025-08-28T06:47:17","slug":"rodolphe-eurin-zum-neuen-ceo-der-schulthess-klinik-berufen","status":"publish","type":"post","link":"https:\/\/www.organisator.ch\/fr\/management\/2025-08-27\/rodolphe-eurin-zum-neuen-ceo-der-schulthess-klinik-berufen\/","title":{"rendered":"Rodolphe Eurin nomm\u00e9 nouveau CEO de la clinique Schulthess"},"content":{"rendered":"<figure id=\"attachment_21794\" class=\"wp-caption alignnone\" style=\"width: 680px;\" aria-describedby=\"caption-attachment-21794\"><img class=\"size-full wp-image-21794\" src=\"https:\/\/www.m-q.ch\/wp-content\/uploads\/2025\/08\/Rodolphe-Eurin-zum-neuen-CEO-der-Schulthess-Klinik-berufen_MQ.jpg\" sizes=\"(max-width: 680px) 100vw, 680px\" srcset=\"https:\/\/www.m-q.ch\/wp-content\/uploads\/2025\/08\/Rodolphe-Eurin-zum-neuen-CEO-der-Schulthess-Klinik-berufen_MQ.jpg 680w, https:\/\/www.m-q.ch\/wp-content\/uploads\/2025\/08\/Rodolphe-Eurin-zum-neuen-CEO-der-Schulthess-Klinik-berufen_MQ-18x12.jpg 18w, https:\/\/www.m-q.ch\/wp-content\/uploads\/2025\/08\/Rodolphe-Eurin-zum-neuen-CEO-der-Schulthess-Klinik-berufen_MQ-375x256.jpg 375w, https:\/\/www.m-q.ch\/wp-content\/uploads\/2025\/08\/Rodolphe-Eurin-zum-neuen-CEO-der-Schulthess-Klinik-berufen_MQ-512x350.jpg 512w\" alt=\"\" width=\"680\" height=\"465\" \/>\r\n<figcaption id=\"caption-attachment-21794\" class=\"wp-caption-text\">Rodolphe Eurin sera le nouveau CEO de la clinique Schulthess \u00e0 partir du 1er novembre 2025. (Image : zVg \/ Schulthess Klinik)<\/figcaption>\r\n<\/figure>\r\n<p>Rodolphe Eurin, n\u00e9 en 1975, a obtenu son dipl\u00f4me de physique (BSc.) et d'ing\u00e9nieur d'exploitation et de production (MSc.) \u00e0 l'\u00c9cole polytechnique f\u00e9d\u00e9rale de Zurich (EPFZ) et poss\u00e8de un MBA de l'IMD \u00e0 Lausanne. Rodolphe Eurin poss\u00e8de une vaste exp\u00e9rience dans le secteur de la sant\u00e9. Il a travaill\u00e9 dans le secteur pharmaceutique pour F. Hoffmann-La Roche, puis dans la technologie m\u00e9dicale pour Medtronic, au sein de l'\u00e9quipe de direction EMEA de la division Chirurgie de la colonne vert\u00e9brale, avant de rejoindre le monde des h\u00f4pitaux et des soins de sant\u00e9. Rodolphe Eurin a \u00e9t\u00e9 COO d'un groupe de cliniques priv\u00e9es avant de devenir CEO de l'H\u00f4pital de La Tour \u00e0 Gen\u00e8ve en 2018, un poste qu'il a occup\u00e9 jusqu'\u00e0 fin 2024. Depuis d\u00e9but 2025, il est membre ind\u00e9pendant du conseil d'administration et consultant. Il se passionne pour les soins centr\u00e9s sur le patient et l'optimisation des r\u00e9sultats m\u00e9dicaux en tant que facteurs de diff\u00e9renciation d'avenir pour les \u00e9tablissements de sant\u00e9.<\/p>\r\n<p>Le pr\u00e9sident du Conseil de fondation de la Fondation Wilhelm Schulthess, Peter E. Bodmer, a d\u00e9clar\u00e9 : \"Je suis convaincu qu'avec Rudolphe Eurin, c'est un expert reconnu qui dirigera avec succ\u00e8s la clinique Schulthess vers l'avenir. Je remercie chaleureusement la CEO sortante, Andrea Rytz, pour les services extraordinaires qu'elle a rendus \u00e0 la clinique Schulthess et \u00e0 la Fondation Wilhelm Schulthess. Elle transmet \u00e0 son successeur une entreprise prosp\u00e8re, dot\u00e9e d'une excellente r\u00e9putation nationale et internationale\". Et Rodolphe Eurin de d\u00e9clarer : \"Je me r\u00e9jouis de fa\u00e7onner l'avenir de la clinique Schulthess en collaboration avec la direction, le corps m\u00e9dical et tous les collaborateurs. L'accent clairement mis sur la recherche sur les r\u00e9sultats et les excellents r\u00e9sultats qui en d\u00e9coulent sont des facteurs de r\u00e9ussite d\u00e9cisifs pour une institution de sant\u00e9 et ont depuis longtemps suscit\u00e9 mon admiration pour la clinique Schulthess. C'est un grand honneur pour moi de diriger une institution qui permet aux patients de retrouver au mieux leur qualit\u00e9 de vie, qui s'engage en m\u00eame temps dans la formation et la recherche pour l'excellence m\u00e9dicale en orthop\u00e9die et qui contribue ainsi \u00e9galement \u00e0 la durabilit\u00e9 du syst\u00e8me de sant\u00e9\".<\/p>\r\n<p><em>Source : <a href=\"https:\/\/www.schulthess-klinik.ch\/de\">Clinique Schulthess<\/a><\/em><\/p>\n<p class=\"syndicated-attribution\">Cet article est paru initialement sur m-q.ch - <a href=\"https:\/\/www.m-q.ch\/de\/rodolphe-eurin-zum-neuen-ceo-der-schulthess-klinik-berufen\/\" target=\"_blank\">https:\/\/www.m-q.ch\/de\/rodolphe-eurin-zum-neuen-ceo-der-schulthess-klinik-berufen\/<\/a><\/p>","protected":false},"excerpt":{"rendered":"<p>Rodolphe Eurin sera le nouveau CEO, directeur de la clinique Schulthess et de la fondation Wilhelm Schulthess \u00e0 partir du 1er novembre 2025. Il succ\u00e8de \u00e0 Andrea Rytz. La Schulthess Klinik est l'une des principales cliniques orthop\u00e9diques d'Europe et emploie environ 1200 personnes.<\/p>","protected":false},"author":8,"featured_media":0,"comment_status":"closed","ping_status":"closed","sticky":false,"template":"","format":"standard","meta":{"_acf_changed":false,"_yoast_wpseo_focuskw":"Rodolphe Eurin","_yoast_wpseo_metadesc":"Rodolphe Eurin wird per 1. November 2025 neuer CEO, Direktor der Schulthess Klinik und der Wilhelm Schulthess-Stiftung.","articlekey":"","footnotes":""},"categories":[28],"tags":[103,2732,334,381,492],"class_list":["post-39782","post","type-post","status-publish","format-standard","hentry","category-management","tag-business-excellence","tag-gesundheitswesen","tag-management","tag-personalia","tag-unternehmen"],"acf":[],"yoast_head":"<!-- This site is optimized with the Yoast SEO plugin v27.5 - https:\/\/yoast.com\/product\/yoast-seo-wordpress\/ -->\n<title>Rodolphe Eurin zum neuen CEO der Schulthess Klinik berufen - Organisator<\/title>\n<meta name=\"description\" content=\"Rodolphe Eurin wird per 1. November 2025 neuer CEO, Direktor der Schulthess Klinik und der Wilhelm Schulthess-Stiftung.\" \/>\n<meta name=\"robots\" content=\"index, follow, max-snippet:-1, max-image-preview:large, max-video-preview:-1\" \/>\n<link rel=\"canonical\" href=\"https:\/\/www.organisator.ch\/fr\/gestion-2\/2025-08-27\/rodolphe-eurin-zum-neuen-ceo-der-schulthess-klinik-berufen\/\" \/>\n<meta property=\"og:locale\" content=\"fr_FR\" \/>\n<meta property=\"og:type\" content=\"article\" \/>\n<meta property=\"og:title\" content=\"Rodolphe Eurin zum neuen CEO der Schulthess Klinik berufen - Organisator\" \/>\n<meta property=\"og:description\" content=\"Rodolphe Eurin wird per 1. November 2025 neuer CEO, Direktor der Schulthess Klinik und der Wilhelm Schulthess-Stiftung.\" \/>\n<meta property=\"og:url\" content=\"https:\/\/www.organisator.ch\/fr\/gestion-2\/2025-08-27\/rodolphe-eurin-zum-neuen-ceo-der-schulthess-klinik-berufen\/\" \/>\n<meta property=\"og:site_name\" content=\"Organisator\" \/>\n<meta property=\"article:publisher\" content=\"https:\/\/www.facebook.com\/OrganisatorFachmagazin\" \/>\n<meta property=\"article:published_time\" content=\"2025-08-27T06:46:03+00:00\" \/>\n<meta property=\"article:modified_time\" content=\"2025-08-28T06:47:17+00:00\" \/>\n<meta property=\"og:image\" content=\"https:\/\/www.organisator.ch\/wp-content\/uploads\/2023\/09\/Die-Finalisten-fuer-den-Digital-Economy-Award-2023-2_Organisator.png\" \/>\n\t<meta property=\"og:image:width\" content=\"300\" \/>\n\t<meta property=\"og:image:height\" content=\"244\" \/>\n\t<meta property=\"og:image:type\" content=\"image\/png\" \/>\n<meta name=\"author\" content=\"galledia\" \/>\n<meta name=\"twitter:card\" content=\"summary_large_image\" \/>\n<meta name=\"twitter:creator\" content=\"@admin\" \/>\n<script type=\"application\/ld+json\" class=\"yoast-schema-graph\">{\"@context\":\"https:\\\/\\\/schema.org\",\"@graph\":[{\"@type\":\"Article\",\"@id\":\"https:\\\/\\\/www.organisator.ch\\\/management\\\/2025-08-27\\\/rodolphe-eurin-zum-neuen-ceo-der-schulthess-klinik-berufen\\\/#article\",\"isPartOf\":{\"@id\":\"https:\\\/\\\/www.organisator.ch\\\/management\\\/2025-08-27\\\/rodolphe-eurin-zum-neuen-ceo-der-schulthess-klinik-berufen\\\/\"},\"author\":{\"name\":\"galledia\",\"@id\":\"https:\\\/\\\/www.organisator.ch\\\/#\\\/schema\\\/person\\\/4e51799071cd2dd1232ac003643ef5f0\"},\"headline\":\"Rodolphe Eurin zum neuen CEO der Schulthess Klinik berufen\",\"datePublished\":\"2025-08-27T06:46:03+00:00\",\"dateModified\":\"2025-08-28T06:47:17+00:00\",\"mainEntityOfPage\":{\"@id\":\"https:\\\/\\\/www.organisator.ch\\\/management\\\/2025-08-27\\\/rodolphe-eurin-zum-neuen-ceo-der-schulthess-klinik-berufen\\\/\"},\"wordCount\":335,\"publisher\":{\"@id\":\"https:\\\/\\\/www.organisator.ch\\\/#organization\"},\"image\":{\"@id\":\"https:\\\/\\\/www.organisator.ch\\\/management\\\/2025-08-27\\\/rodolphe-eurin-zum-neuen-ceo-der-schulthess-klinik-berufen\\\/#primaryimage\"},\"thumbnailUrl\":\"https:\\\/\\\/www.m-q.ch\\\/wp-content\\\/uploads\\\/2025\\\/08\\\/Rodolphe-Eurin-zum-neuen-CEO-der-Schulthess-Klinik-berufen_MQ.jpg\",\"keywords\":[\"Business Excellence\",\"Gesundheitswesen\",\"Management\",\"Personalia\",\"Unternehmen\"],\"articleSection\":[\"MANAGEMENT\"],\"inLanguage\":\"fr-FR\"},{\"@type\":\"WebPage\",\"@id\":\"https:\\\/\\\/www.organisator.ch\\\/management\\\/2025-08-27\\\/rodolphe-eurin-zum-neuen-ceo-der-schulthess-klinik-berufen\\\/\",\"url\":\"https:\\\/\\\/www.organisator.ch\\\/management\\\/2025-08-27\\\/rodolphe-eurin-zum-neuen-ceo-der-schulthess-klinik-berufen\\\/\",\"name\":\"Rodolphe Eurin zum neuen CEO der Schulthess Klinik berufen - Organisator\",\"isPartOf\":{\"@id\":\"https:\\\/\\\/www.organisator.ch\\\/#website\"},\"primaryImageOfPage\":{\"@id\":\"https:\\\/\\\/www.organisator.ch\\\/management\\\/2025-08-27\\\/rodolphe-eurin-zum-neuen-ceo-der-schulthess-klinik-berufen\\\/#primaryimage\"},\"image\":{\"@id\":\"https:\\\/\\\/www.organisator.ch\\\/management\\\/2025-08-27\\\/rodolphe-eurin-zum-neuen-ceo-der-schulthess-klinik-berufen\\\/#primaryimage\"},\"thumbnailUrl\":\"https:\\\/\\\/www.m-q.ch\\\/wp-content\\\/uploads\\\/2025\\\/08\\\/Rodolphe-Eurin-zum-neuen-CEO-der-Schulthess-Klinik-berufen_MQ.jpg\",\"datePublished\":\"2025-08-27T06:46:03+00:00\",\"dateModified\":\"2025-08-28T06:47:17+00:00\",\"description\":\"Rodolphe Eurin wird per 1. November 2025 neuer CEO, Direktor der Schulthess Klinik und der Wilhelm Schulthess-Stiftung.\",\"breadcrumb\":{\"@id\":\"https:\\\/\\\/www.organisator.ch\\\/management\\\/2025-08-27\\\/rodolphe-eurin-zum-neuen-ceo-der-schulthess-klinik-berufen\\\/#breadcrumb\"},\"inLanguage\":\"fr-FR\",\"potentialAction\":[{\"@type\":\"ReadAction\",\"target\":[\"https:\\\/\\\/www.organisator.ch\\\/management\\\/2025-08-27\\\/rodolphe-eurin-zum-neuen-ceo-der-schulthess-klinik-berufen\\\/\"]}]},{\"@type\":\"ImageObject\",\"inLanguage\":\"fr-FR\",\"@id\":\"https:\\\/\\\/www.organisator.ch\\\/management\\\/2025-08-27\\\/rodolphe-eurin-zum-neuen-ceo-der-schulthess-klinik-berufen\\\/#primaryimage\",\"url\":\"https:\\\/\\\/www.m-q.ch\\\/wp-content\\\/uploads\\\/2025\\\/08\\\/Rodolphe-Eurin-zum-neuen-CEO-der-Schulthess-Klinik-berufen_MQ.jpg\",\"contentUrl\":\"https:\\\/\\\/www.m-q.ch\\\/wp-content\\\/uploads\\\/2025\\\/08\\\/Rodolphe-Eurin-zum-neuen-CEO-der-Schulthess-Klinik-berufen_MQ.jpg\"},{\"@type\":\"BreadcrumbList\",\"@id\":\"https:\\\/\\\/www.organisator.ch\\\/management\\\/2025-08-27\\\/rodolphe-eurin-zum-neuen-ceo-der-schulthess-klinik-berufen\\\/#breadcrumb\",\"itemListElement\":[{\"@type\":\"ListItem\",\"position\":1,\"name\":\"Home\",\"item\":\"https:\\\/\\\/www.organisator.ch\\\/\"},{\"@type\":\"ListItem\",\"position\":2,\"name\":\"Rodolphe Eurin zum neuen CEO der Schulthess Klinik berufen\"}]},{\"@type\":\"WebSite\",\"@id\":\"https:\\\/\\\/www.organisator.ch\\\/#website\",\"url\":\"https:\\\/\\\/www.organisator.ch\\\/\",\"name\":\"Organisator\",\"description\":\"Kompetent. Praxisnah. Der ORGANISATOR bereitet in 10 Ausgaben pro Jahr die wesentlichen Themen f\u00fcr F\u00fchrungskr\u00e4fte von KMU auf.\",\"publisher\":{\"@id\":\"https:\\\/\\\/www.organisator.ch\\\/#organization\"},\"potentialAction\":[{\"@type\":\"SearchAction\",\"target\":{\"@type\":\"EntryPoint\",\"urlTemplate\":\"https:\\\/\\\/www.organisator.ch\\\/?s={search_term_string}\"},\"query-input\":{\"@type\":\"PropertyValueSpecification\",\"valueRequired\":true,\"valueName\":\"search_term_string\"}}],\"inLanguage\":\"fr-FR\"},{\"@type\":\"Organization\",\"@id\":\"https:\\\/\\\/www.organisator.ch\\\/#organization\",\"name\":\"Organisator\",\"url\":\"https:\\\/\\\/www.organisator.ch\\\/\",\"logo\":{\"@type\":\"ImageObject\",\"inLanguage\":\"fr-FR\",\"@id\":\"https:\\\/\\\/www.organisator.ch\\\/#\\\/schema\\\/logo\\\/image\\\/\",\"url\":\"https:\\\/\\\/www.organisator.ch\\\/wp-content\\\/uploads\\\/2022\\\/01\\\/Logo_Organisator_Website.png\",\"contentUrl\":\"https:\\\/\\\/www.organisator.ch\\\/wp-content\\\/uploads\\\/2022\\\/01\\\/Logo_Organisator_Website.png\",\"width\":800,\"height\":77,\"caption\":\"Organisator\"},\"image\":{\"@id\":\"https:\\\/\\\/www.organisator.ch\\\/#\\\/schema\\\/logo\\\/image\\\/\"},\"sameAs\":[\"https:\\\/\\\/www.facebook.com\\\/OrganisatorFachmagazin\",\"https:\\\/\\\/www.linkedin.com\\\/showcase\\\/organisator-das-magazin-fr-kmu\",\"https:\\\/\\\/www.xing.com\\\/news\\\/pages\\\/organisator-ch-695\",\"https:\\\/\\\/www.youtube.com\\\/channel\\\/UCGP2Sq0iWaZwT3BdIAQFYpw\"]},{\"@type\":\"Person\",\"@id\":\"https:\\\/\\\/www.organisator.ch\\\/#\\\/schema\\\/person\\\/4e51799071cd2dd1232ac003643ef5f0\",\"name\":\"galledia\",\"image\":{\"@type\":\"ImageObject\",\"inLanguage\":\"fr-FR\",\"@id\":\"https:\\\/\\\/secure.gravatar.com\\\/avatar\\\/78a7f90c01fc2bfc875782a0d4922b37cde2cf184ce347b91316d23cd7f69a36?s=96&d=mm&r=g\",\"url\":\"https:\\\/\\\/secure.gravatar.com\\\/avatar\\\/78a7f90c01fc2bfc875782a0d4922b37cde2cf184ce347b91316d23cd7f69a36?s=96&d=mm&r=g\",\"contentUrl\":\"https:\\\/\\\/secure.gravatar.com\\\/avatar\\\/78a7f90c01fc2bfc875782a0d4922b37cde2cf184ce347b91316d23cd7f69a36?s=96&d=mm&r=g\",\"caption\":\"galledia\"},\"sameAs\":[\"https:\\\/\\\/x.com\\\/admin\"],\"url\":\"https:\\\/\\\/www.organisator.ch\\\/fr\\\/author\\\/galledia\\\/\"}]}<\/script>\n<!-- \/ Yoast SEO plugin. -->","yoast_head_json":{"title":"Rodolphe Eurin nomm\u00e9 nouveau CEO de la Schulthess Klinik - Organisateur","description":"Rodolphe Eurin sera le nouveau CEO, directeur de la clinique Schulthess et de la fondation Wilhelm Schulthess \u00e0 partir du 1er novembre 2025.","robots":{"index":"index","follow":"follow","max-snippet":"max-snippet:-1","max-image-preview":"max-image-preview:large","max-video-preview":"max-video-preview:-1"},"canonical":"https:\/\/www.organisator.ch\/fr\/gestion-2\/2025-08-27\/rodolphe-eurin-zum-neuen-ceo-der-schulthess-klinik-berufen\/","og_locale":"fr_FR","og_type":"article","og_title":"Rodolphe Eurin zum neuen CEO der Schulthess Klinik berufen - Organisator","og_description":"Rodolphe Eurin wird per 1. November 2025 neuer CEO, Direktor der Schulthess Klinik und der Wilhelm Schulthess-Stiftung.","og_url":"https:\/\/www.organisator.ch\/fr\/gestion-2\/2025-08-27\/rodolphe-eurin-zum-neuen-ceo-der-schulthess-klinik-berufen\/","og_site_name":"Organisator","article_publisher":"https:\/\/www.facebook.com\/OrganisatorFachmagazin","article_published_time":"2025-08-27T06:46:03+00:00","article_modified_time":"2025-08-28T06:47:17+00:00","og_image":[{"width":300,"height":244,"url":"https:\/\/www.organisator.ch\/wp-content\/uploads\/2023\/09\/Die-Finalisten-fuer-den-Digital-Economy-Award-2023-2_Organisator.png","type":"image\/png"}],"author":"galledia","twitter_card":"summary_large_image","twitter_creator":"@admin","schema":{"@context":"https:\/\/schema.org","@graph":[{"@type":"Article","@id":"https:\/\/www.organisator.ch\/management\/2025-08-27\/rodolphe-eurin-zum-neuen-ceo-der-schulthess-klinik-berufen\/#article","isPartOf":{"@id":"https:\/\/www.organisator.ch\/management\/2025-08-27\/rodolphe-eurin-zum-neuen-ceo-der-schulthess-klinik-berufen\/"},"author":{"name":"galledia","@id":"https:\/\/www.organisator.ch\/#\/schema\/person\/4e51799071cd2dd1232ac003643ef5f0"},"headline":"Rodolphe Eurin zum neuen CEO der Schulthess Klinik berufen","datePublished":"2025-08-27T06:46:03+00:00","dateModified":"2025-08-28T06:47:17+00:00","mainEntityOfPage":{"@id":"https:\/\/www.organisator.ch\/management\/2025-08-27\/rodolphe-eurin-zum-neuen-ceo-der-schulthess-klinik-berufen\/"},"wordCount":335,"publisher":{"@id":"https:\/\/www.organisator.ch\/#organization"},"image":{"@id":"https:\/\/www.organisator.ch\/management\/2025-08-27\/rodolphe-eurin-zum-neuen-ceo-der-schulthess-klinik-berufen\/#primaryimage"},"thumbnailUrl":"https:\/\/www.m-q.ch\/wp-content\/uploads\/2025\/08\/Rodolphe-Eurin-zum-neuen-CEO-der-Schulthess-Klinik-berufen_MQ.jpg","keywords":["Business Excellence","Gesundheitswesen","Management","Personalia","Unternehmen"],"articleSection":["MANAGEMENT"],"inLanguage":"fr-FR"},{"@type":"WebPage","@id":"https:\/\/www.organisator.ch\/management\/2025-08-27\/rodolphe-eurin-zum-neuen-ceo-der-schulthess-klinik-berufen\/","url":"https:\/\/www.organisator.ch\/management\/2025-08-27\/rodolphe-eurin-zum-neuen-ceo-der-schulthess-klinik-berufen\/","name":"Rodolphe Eurin nomm\u00e9 nouveau CEO de la Schulthess Klinik - Organisateur","isPartOf":{"@id":"https:\/\/www.organisator.ch\/#website"},"primaryImageOfPage":{"@id":"https:\/\/www.organisator.ch\/management\/2025-08-27\/rodolphe-eurin-zum-neuen-ceo-der-schulthess-klinik-berufen\/#primaryimage"},"image":{"@id":"https:\/\/www.organisator.ch\/management\/2025-08-27\/rodolphe-eurin-zum-neuen-ceo-der-schulthess-klinik-berufen\/#primaryimage"},"thumbnailUrl":"https:\/\/www.m-q.ch\/wp-content\/uploads\/2025\/08\/Rodolphe-Eurin-zum-neuen-CEO-der-Schulthess-Klinik-berufen_MQ.jpg","datePublished":"2025-08-27T06:46:03+00:00","dateModified":"2025-08-28T06:47:17+00:00","description":"Rodolphe Eurin sera le nouveau CEO, directeur de la clinique Schulthess et de la fondation Wilhelm Schulthess \u00e0 partir du 1er novembre 2025.","breadcrumb":{"@id":"https:\/\/www.organisator.ch\/management\/2025-08-27\/rodolphe-eurin-zum-neuen-ceo-der-schulthess-klinik-berufen\/#breadcrumb"},"inLanguage":"fr-FR","potentialAction":[{"@type":"ReadAction","target":["https:\/\/www.organisator.ch\/management\/2025-08-27\/rodolphe-eurin-zum-neuen-ceo-der-schulthess-klinik-berufen\/"]}]},{"@type":"ImageObject","inLanguage":"fr-FR","@id":"https:\/\/www.organisator.ch\/management\/2025-08-27\/rodolphe-eurin-zum-neuen-ceo-der-schulthess-klinik-berufen\/#primaryimage","url":"https:\/\/www.m-q.ch\/wp-content\/uploads\/2025\/08\/Rodolphe-Eurin-zum-neuen-CEO-der-Schulthess-Klinik-berufen_MQ.jpg","contentUrl":"https:\/\/www.m-q.ch\/wp-content\/uploads\/2025\/08\/Rodolphe-Eurin-zum-neuen-CEO-der-Schulthess-Klinik-berufen_MQ.jpg"},{"@type":"BreadcrumbList","@id":"https:\/\/www.organisator.ch\/management\/2025-08-27\/rodolphe-eurin-zum-neuen-ceo-der-schulthess-klinik-berufen\/#breadcrumb","itemListElement":[{"@type":"ListItem","position":1,"name":"Home","item":"https:\/\/www.organisator.ch\/"},{"@type":"ListItem","position":2,"name":"Rodolphe Eurin zum neuen CEO der Schulthess Klinik berufen"}]},{"@type":"WebSite","@id":"https:\/\/www.organisator.ch\/#website","url":"https:\/\/www.organisator.ch\/","name":"Organisateur","description":"Comp\u00e9tence et comp\u00e9tence. Proches de la pratique. L'ORGANISATEUR pr\u00e9pare 10 num\u00e9ros par an sur les th\u00e8mes essentiels pour les dirigeants de PME.","publisher":{"@id":"https:\/\/www.organisator.ch\/#organization"},"potentialAction":[{"@type":"SearchAction","target":{"@type":"EntryPoint","urlTemplate":"https:\/\/www.organisator.ch\/?s={search_term_string}"},"query-input":{"@type":"PropertyValueSpecification","valueRequired":true,"valueName":"search_term_string"}}],"inLanguage":"fr-FR"},{"@type":"Organization","@id":"https:\/\/www.organisator.ch\/#organization","name":"Organisateur","url":"https:\/\/www.organisator.ch\/","logo":{"@type":"ImageObject","inLanguage":"fr-FR","@id":"https:\/\/www.organisator.ch\/#\/schema\/logo\/image\/","url":"https:\/\/www.organisator.ch\/wp-content\/uploads\/2022\/01\/Logo_Organisator_Website.png","contentUrl":"https:\/\/www.organisator.ch\/wp-content\/uploads\/2022\/01\/Logo_Organisator_Website.png","width":800,"height":77,"caption":"Organisator"},"image":{"@id":"https:\/\/www.organisator.ch\/#\/schema\/logo\/image\/"},"sameAs":["https:\/\/www.facebook.com\/OrganisatorFachmagazin","https:\/\/www.linkedin.com\/showcase\/organisator-das-magazin-fr-kmu","https:\/\/www.xing.com\/news\/pages\/organisator-ch-695","https:\/\/www.youtube.com\/channel\/UCGP2Sq0iWaZwT3BdIAQFYpw"]},{"@type":"Person","@id":"https:\/\/www.organisator.ch\/#\/schema\/person\/4e51799071cd2dd1232ac003643ef5f0","name":"galledia","image":{"@type":"ImageObject","inLanguage":"fr-FR","@id":"https:\/\/secure.gravatar.com\/avatar\/78a7f90c01fc2bfc875782a0d4922b37cde2cf184ce347b91316d23cd7f69a36?s=96&d=mm&r=g","url":"https:\/\/secure.gravatar.com\/avatar\/78a7f90c01fc2bfc875782a0d4922b37cde2cf184ce347b91316d23cd7f69a36?s=96&d=mm&r=g","contentUrl":"https:\/\/secure.gravatar.com\/avatar\/78a7f90c01fc2bfc875782a0d4922b37cde2cf184ce347b91316d23cd7f69a36?s=96&d=mm&r=g","caption":"galledia"},"sameAs":["https:\/\/x.com\/admin"],"url":"https:\/\/www.organisator.ch\/fr\/author\/galledia\/"}]}},"_links":{"self":[{"href":"https:\/\/www.organisator.ch\/fr\/wp-json\/wp\/v2\/posts\/39782","targetHints":{"allow":["GET"]}}],"collection":[{"href":"https:\/\/www.organisator.ch\/fr\/wp-json\/wp\/v2\/posts"}],"about":[{"href":"https:\/\/www.organisator.ch\/fr\/wp-json\/wp\/v2\/types\/post"}],"author":[{"embeddable":true,"href":"https:\/\/www.organisator.ch\/fr\/wp-json\/wp\/v2\/users\/8"}],"replies":[{"embeddable":true,"href":"https:\/\/www.organisator.ch\/fr\/wp-json\/wp\/v2\/comments?post=39782"}],"version-history":[{"count":7,"href":"https:\/\/www.organisator.ch\/fr\/wp-json\/wp\/v2\/posts\/39782\/revisions"}],"predecessor-version":[{"id":40185,"href":"https:\/\/www.organisator.ch\/fr\/wp-json\/wp\/v2\/posts\/39782\/revisions\/40185"}],"wp:attachment":[{"href":"https:\/\/www.organisator.ch\/fr\/wp-json\/wp\/v2\/media?parent=39782"}],"wp:term":[{"taxonomy":"category","embeddable":true,"href":"https:\/\/www.organisator.ch\/fr\/wp-json\/wp\/v2\/categories?post=39782"},{"taxonomy":"post_tag","embeddable":true,"href":"https:\/\/www.organisator.ch\/fr\/wp-json\/wp\/v2\/tags?post=39782"}],"curies":[{"name":"wp","href":"https:\/\/api.w.org\/{rel}","templated":true}]}}