{"id":39789,"date":"2025-08-06T11:17:54","date_gmt":"2025-08-06T09:17:54","guid":{"rendered":"https:\/\/www.organisator.ch\/?p=39789"},"modified":"2025-09-09T08:34:05","modified_gmt":"2025-09-09T06:34:05","slug":"neue-staffel-die-hoehle-der-loewen-schweiz-startet-am-19-august","status":"publish","type":"post","link":"https:\/\/www.organisator.ch\/fr\/marketing\/2025-08-06\/neue-staffel-die-hoehle-der-loewen-schweiz-startet-am-19-august\/","title":{"rendered":"La nouvelle saison de \"Die H\u00f6hle der L\u00f6wen Schweiz\" d\u00e9bute le 19 ao\u00fbt"},"content":{"rendered":"<figure id=\"attachment_39790\" aria-describedby=\"caption-attachment-39790\" style=\"width: 680px\" class=\"wp-caption alignnone\"><img loading=\"lazy\" decoding=\"async\" class=\"size-full wp-image-39790\" src=\"https:\/\/www.organisator.ch\/wp-content\/uploads\/2025\/08\/Neue-Staffel-Die-Hoehle-der-Loewen-Schweiz-startet-am-19.-August_Organisator.jpg\" alt=\"\" width=\"680\" height=\"501\" srcset=\"https:\/\/www.organisator.ch\/wp-content\/uploads\/2025\/08\/Neue-Staffel-Die-Hoehle-der-Loewen-Schweiz-startet-am-19.-August_Organisator.jpg 680w, https:\/\/www.organisator.ch\/wp-content\/uploads\/2025\/08\/Neue-Staffel-Die-Hoehle-der-Loewen-Schweiz-startet-am-19.-August_Organisator-16x12.jpg 16w, https:\/\/www.organisator.ch\/wp-content\/uploads\/2025\/08\/Neue-Staffel-Die-Hoehle-der-Loewen-Schweiz-startet-am-19.-August_Organisator-375x276.jpg 375w, https:\/\/www.organisator.ch\/wp-content\/uploads\/2025\/08\/Neue-Staffel-Die-Hoehle-der-Loewen-Schweiz-startet-am-19.-August_Organisator-475x350.jpg 475w\" sizes=\"auto, (max-width: 680px) 100vw, 680px\" \/><figcaption id=\"caption-attachment-39790\" class=\"wp-caption-text\">L'\u00e9quipe d'investisseurs d\u00e9sormais bien \u00e9tablie de \"Die H\u00f6hle der L\u00f6wen Schweiz\". (Image : CH Media)<\/figcaption><\/figure>\n<p>Pourquoi personne n'y a encore pens\u00e9 ? Qui est <a href=\"https:\/\/www.organisator.ch\/de\/management\/2024-10-23\/die-hoehle-der-loewen-schweiz-6-7-das-beste-kommt-zum-schluss-oder-doch-naechstes-jahr\/\">\"La grotte des lions Suisse\"<\/a> se posera probablement cette question. En effet, certaines start-ups surprennent avec des id\u00e9es apparemment \u00e9videntes mais qui ont un grand impact. La nouvelle saison, qui d\u00e9butera le 19 ao\u00fbt 2025, pr\u00e9sentera \u00e0 nouveau de nombreuses id\u00e9es commerciales plus ou moins intelligentes.<\/p>\n<p>Dans la lutte pour un investissement, les n\u00e9o-entrepreneurs doivent r\u00e9ussir \u00e0 convaincre ces investisseurs de leurs id\u00e9es : l'expert du commerce en ligne et fondateur de brack.ch Roland Brack, la pionni\u00e8re des appartements d'affaires Anja Graf, l'entrepreneuse tech Bettina Hein, le cofondateur et CEO d'Amorana Lukas Speiser, le propri\u00e9taire de la soci\u00e9t\u00e9 d'investissement J\u00fcrg Schwarzenbach, le dermatologue et entrepreneur Felix Bertram, l'entrepreneuse en intelligence artificielle Nicole B\u00fcttner-Thiel et l'entrepreneur informatique Tom Zimmermann.<\/p>\n<h3><strong>Quelles sont les start-ups qui se distinguent particuli\u00e8rement ?<\/strong><\/h3>\n<p>Cette fois-ci, 49 start-ups passionnantes issues des secteurs les plus divers se lancent dans l'aventure de l'\u00e9mission H\u00f6hle der L\u00f6wen. Par exemple<\/p>\n<ul>\n<li><strong>Nidino AG - Accueil familial de jour (ZH)<\/strong><br \/>\nAfin de mieux concilier vie professionnelle et vie familiale, Nidino met en relation les parents avec des assistantes maternelles qualifi\u00e9es afin d'offrir aux enfants un accueil chaleureux dans un environnement stimulant. Moins cher et plus flexible que les cr\u00e8ches. L'offre s'adresse \u00e9galement aux enfants de maternelle et d'\u00e9cole. C'est ce que propose une start-up zurichoise.<\/li>\n<li><strong>4Fondue GmbH - Caquelon \u00e0 quatre compartiments (ZH)\u00a0<\/strong><br \/>\nD\u00e9guster ensemble - mais chacun selon ses go\u00fbts : Moiti\u00e9-Moiti\u00e9, fondue appenzelloise, une variante aux truffes ou une alternative v\u00e9g\u00e9talienne - avec ce caquelon, tout est possible en m\u00eame temps. Il convient \u00e0 la fondue au fromage, \u00e0 la fondue chinoise ou au chocolat. Une invention de M\u00f6nchaltorf ZH.<\/li>\n<li><strong>Crowd Sports - plateforme de football qui relie les clubs, les joueurs et les fans (ZG)<\/strong><br \/>\nSur Crowd Sports, les supporters peuvent participer au financement et \u00e0 l'organisation de leur club favori. Gr\u00e2ce \u00e0 leur argent, le club peut r\u00e9aliser des transferts. Les fans re\u00e7oivent des r\u00e9compenses telles que des billets VIP, des rencontres avec les joueurs, des primes de buts ou des primes en fonction de leur classement dans la ligue. Le mod\u00e8le commercial a \u00e9t\u00e9 convenu avec la FIFA. Une id\u00e9e de Baar ZG.<\/li>\n<li><strong>feelgood Condoms - pr\u00e9servatifs v\u00e9g\u00e9taliens (AG)<\/strong><br \/>\nUne envie de viande enti\u00e8rement v\u00e9g\u00e9talienne : Feelgood est la premi\u00e8re marque suisse de pr\u00e9servatifs certifi\u00e9e v\u00e9g\u00e9talienne et durable. La start-up de Baden AG produit d'autres produits que des pr\u00e9servatifs. La fondatrice laisse les lions et les louves bouche b\u00e9e.<\/li>\n<li><strong>Wachmeister - gommes \u00e0 m\u00e2cher contenant de la caf\u00e9ine (SZ)<br \/>\n<\/strong>Wachmeister est une marque branch\u00e9e de chewing-gums et de bonbons riches en caf\u00e9ine et en vitamines. La particularit\u00e9 de cette start-up de Wollerau SZ n'est pas le produit, mais son fondateur. Son engagement est sans \u00e9gal.<\/li>\n<\/ul>\n<p>La septi\u00e8me saison de \"Die H\u00f6hle der L\u00f6wen Schweiz\" sera diffus\u00e9e en 9 \u00e9pisodes \u00e0 partir du mardi 19 ao\u00fbt 2025, \u00e0 20h15, sur 3+.<\/p>\n<p><em><a href=\"https:\/\/www.oneplus.ch\/welcome?lp=hoehlederloewen\">Plus d'informations<\/a><\/em><\/p>","protected":false},"excerpt":{"rendered":"<p>Le 19 ao\u00fbt 2025, une nouvelle saison de \"Die H\u00f6hle der L\u00f6wen Schweiz\" reprendra et le public suisse de la t\u00e9l\u00e9vision et du streaming pourra \u00e0 nouveau se r\u00e9jouir de d\u00e9couvrir des start-ups originales. Des innovations particuli\u00e8rement remarquables sont propos\u00e9es aux parents, aux amateurs de fondue et aux fans de football.<\/p>","protected":false},"author":4,"featured_media":39790,"comment_status":"closed","ping_status":"closed","sticky":false,"template":"","format":"standard","meta":{"_acf_changed":false,"_yoast_wpseo_focuskw":"Neue Staffel","_yoast_wpseo_metadesc":"Am 19. August 2025 startet die neue Staffel von \u00abDie H\u00f6hle der L\u00f6wen Schweiz\u00bb, wo originelle Start-ups ihre Business-Ideen pr\u00e4sentieren.","articlekey":"","footnotes":""},"categories":[29],"tags":[4015,451,3982],"class_list":["post-39789","post","type-post","status-publish","format-standard","has-post-thumbnail","hentry","category-marketing","tag-die-hoehle-der-loewen-schweiz","tag-startups","tag-unterhaltung"],"acf":[],"yoast_head":"<!-- This site is optimized with the Yoast SEO plugin v27.5 - https:\/\/yoast.com\/product\/yoast-seo-wordpress\/ -->\n<title>Neue Staffel \u00abDie H\u00f6hle der L\u00f6wen Schweiz\u00bb startet am 19. August - Organisator<\/title>\n<meta name=\"description\" content=\"Am 19. August 2025 startet die neue Staffel von \u00abDie H\u00f6hle der L\u00f6wen Schweiz\u00bb, wo originelle Start-ups ihre Business-Ideen pr\u00e4sentieren.\" \/>\n<meta name=\"robots\" content=\"index, follow, max-snippet:-1, max-image-preview:large, max-video-preview:-1\" \/>\n<link rel=\"canonical\" href=\"https:\/\/www.organisator.ch\/fr\/marketing\/2025-08-06\/neue-staffel-die-hoehle-der-loewen-schweiz-startet-am-19-august\/\" \/>\n<meta property=\"og:locale\" content=\"fr_FR\" \/>\n<meta property=\"og:type\" content=\"article\" \/>\n<meta property=\"og:title\" content=\"Neue Staffel \u00abDie H\u00f6hle der L\u00f6wen Schweiz\u00bb startet am 19. August\" \/>\n<meta property=\"og:description\" content=\"Am 19. August 2025 startet die neue Staffel von \u00abDie H\u00f6hle der L\u00f6wen Schweiz\u00bb, wo originelle Start-ups ihre Business-Ideen pr\u00e4sentieren.\" \/>\n<meta property=\"og:url\" content=\"https:\/\/www.organisator.ch\/fr\/marketing\/2025-08-06\/neue-staffel-die-hoehle-der-loewen-schweiz-startet-am-19-august\/\" \/>\n<meta property=\"og:site_name\" content=\"Organisator\" \/>\n<meta property=\"article:publisher\" content=\"https:\/\/www.facebook.com\/OrganisatorFachmagazin\" \/>\n<meta property=\"article:published_time\" content=\"2025-08-06T09:17:54+00:00\" \/>\n<meta property=\"article:modified_time\" content=\"2025-09-09T06:34:05+00:00\" \/>\n<meta property=\"og:image\" content=\"https:\/\/www.organisator.ch\/wp-content\/uploads\/2025\/08\/Neue-Staffel-Die-Hoehle-der-Loewen-Schweiz-startet-am-19.-August_Organisator.jpg\" \/>\n\t<meta property=\"og:image:width\" content=\"680\" \/>\n\t<meta property=\"og:image:height\" content=\"501\" \/>\n\t<meta property=\"og:image:type\" content=\"image\/jpeg\" \/>\n<meta name=\"author\" content=\"thomas.berner\" \/>\n<meta name=\"twitter:card\" content=\"summary_large_image\" \/>\n<meta name=\"twitter:title\" content=\"Neue #Staffel \u00abDie H\u00f6hle der #L\u00f6wen Schweiz\u00bb startet am 19. August\" \/>\n<meta name=\"twitter:description\" content=\"Am 19. August 2025 startet die neue Staffel von \u00abDie H\u00f6hle der #L\u00f6wen Schweiz\u00bb, wo originelle #Start-ups ihre Business-Ideen pr\u00e4sentieren.\" \/>\n<meta name=\"twitter:image\" content=\"https:\/\/www.organisator.ch\/wp-content\/uploads\/2025\/08\/Neue-Staffel-Die-Hoehle-der-Loewen-Schweiz-startet-am-19.-August_Organisator.jpg\" \/>\n<script type=\"application\/ld+json\" class=\"yoast-schema-graph\">{\"@context\":\"https:\\\/\\\/schema.org\",\"@graph\":[{\"@type\":\"Article\",\"@id\":\"https:\\\/\\\/www.organisator.ch\\\/marketing\\\/2025-08-06\\\/neue-staffel-die-hoehle-der-loewen-schweiz-startet-am-19-august\\\/#article\",\"isPartOf\":{\"@id\":\"https:\\\/\\\/www.organisator.ch\\\/marketing\\\/2025-08-06\\\/neue-staffel-die-hoehle-der-loewen-schweiz-startet-am-19-august\\\/\"},\"author\":{\"name\":\"thomas.berner\",\"@id\":\"https:\\\/\\\/www.organisator.ch\\\/#\\\/schema\\\/person\\\/6f650f90b2842cd4c0cc334b4e36f67e\"},\"headline\":\"Neue Staffel \u00abDie H\u00f6hle der L\u00f6wen Schweiz\u00bb startet am 19. August\",\"datePublished\":\"2025-08-06T09:17:54+00:00\",\"dateModified\":\"2025-09-09T06:34:05+00:00\",\"mainEntityOfPage\":{\"@id\":\"https:\\\/\\\/www.organisator.ch\\\/marketing\\\/2025-08-06\\\/neue-staffel-die-hoehle-der-loewen-schweiz-startet-am-19-august\\\/\"},\"wordCount\":438,\"publisher\":{\"@id\":\"https:\\\/\\\/www.organisator.ch\\\/#organization\"},\"image\":{\"@id\":\"https:\\\/\\\/www.organisator.ch\\\/marketing\\\/2025-08-06\\\/neue-staffel-die-hoehle-der-loewen-schweiz-startet-am-19-august\\\/#primaryimage\"},\"thumbnailUrl\":\"https:\\\/\\\/www.organisator.ch\\\/wp-content\\\/uploads\\\/2025\\\/08\\\/Neue-Staffel-Die-Hoehle-der-Loewen-Schweiz-startet-am-19.-August_Organisator.jpg\",\"keywords\":[\"Die H\u00f6hle der L\u00f6wen Schweiz\",\"Startups\",\"Unterhaltung\"],\"articleSection\":[\"MARKETING\"],\"inLanguage\":\"fr-FR\"},{\"@type\":\"WebPage\",\"@id\":\"https:\\\/\\\/www.organisator.ch\\\/marketing\\\/2025-08-06\\\/neue-staffel-die-hoehle-der-loewen-schweiz-startet-am-19-august\\\/\",\"url\":\"https:\\\/\\\/www.organisator.ch\\\/marketing\\\/2025-08-06\\\/neue-staffel-die-hoehle-der-loewen-schweiz-startet-am-19-august\\\/\",\"name\":\"Neue Staffel \u00abDie H\u00f6hle der L\u00f6wen Schweiz\u00bb startet am 19. August - Organisator\",\"isPartOf\":{\"@id\":\"https:\\\/\\\/www.organisator.ch\\\/#website\"},\"primaryImageOfPage\":{\"@id\":\"https:\\\/\\\/www.organisator.ch\\\/marketing\\\/2025-08-06\\\/neue-staffel-die-hoehle-der-loewen-schweiz-startet-am-19-august\\\/#primaryimage\"},\"image\":{\"@id\":\"https:\\\/\\\/www.organisator.ch\\\/marketing\\\/2025-08-06\\\/neue-staffel-die-hoehle-der-loewen-schweiz-startet-am-19-august\\\/#primaryimage\"},\"thumbnailUrl\":\"https:\\\/\\\/www.organisator.ch\\\/wp-content\\\/uploads\\\/2025\\\/08\\\/Neue-Staffel-Die-Hoehle-der-Loewen-Schweiz-startet-am-19.-August_Organisator.jpg\",\"datePublished\":\"2025-08-06T09:17:54+00:00\",\"dateModified\":\"2025-09-09T06:34:05+00:00\",\"description\":\"Am 19. August 2025 startet die neue Staffel von \u00abDie H\u00f6hle der L\u00f6wen Schweiz\u00bb, wo originelle Start-ups ihre Business-Ideen pr\u00e4sentieren.\",\"breadcrumb\":{\"@id\":\"https:\\\/\\\/www.organisator.ch\\\/marketing\\\/2025-08-06\\\/neue-staffel-die-hoehle-der-loewen-schweiz-startet-am-19-august\\\/#breadcrumb\"},\"inLanguage\":\"fr-FR\",\"potentialAction\":[{\"@type\":\"ReadAction\",\"target\":[\"https:\\\/\\\/www.organisator.ch\\\/marketing\\\/2025-08-06\\\/neue-staffel-die-hoehle-der-loewen-schweiz-startet-am-19-august\\\/\"]}]},{\"@type\":\"ImageObject\",\"inLanguage\":\"fr-FR\",\"@id\":\"https:\\\/\\\/www.organisator.ch\\\/marketing\\\/2025-08-06\\\/neue-staffel-die-hoehle-der-loewen-schweiz-startet-am-19-august\\\/#primaryimage\",\"url\":\"https:\\\/\\\/www.organisator.ch\\\/wp-content\\\/uploads\\\/2025\\\/08\\\/Neue-Staffel-Die-Hoehle-der-Loewen-Schweiz-startet-am-19.-August_Organisator.jpg\",\"contentUrl\":\"https:\\\/\\\/www.organisator.ch\\\/wp-content\\\/uploads\\\/2025\\\/08\\\/Neue-Staffel-Die-Hoehle-der-Loewen-Schweiz-startet-am-19.-August_Organisator.jpg\",\"width\":680,\"height\":501,\"caption\":\"Das inzwischen etablierte Investorenteam von \\\"Die H\u00f6hle der L\u00f6wen Schweiz\\\". (Bild: CH Media)\"},{\"@type\":\"BreadcrumbList\",\"@id\":\"https:\\\/\\\/www.organisator.ch\\\/marketing\\\/2025-08-06\\\/neue-staffel-die-hoehle-der-loewen-schweiz-startet-am-19-august\\\/#breadcrumb\",\"itemListElement\":[{\"@type\":\"ListItem\",\"position\":1,\"name\":\"Home\",\"item\":\"https:\\\/\\\/www.organisator.ch\\\/\"},{\"@type\":\"ListItem\",\"position\":2,\"name\":\"Neue Staffel \u00abDie H\u00f6hle der L\u00f6wen Schweiz\u00bb startet am 19. August\"}]},{\"@type\":\"WebSite\",\"@id\":\"https:\\\/\\\/www.organisator.ch\\\/#website\",\"url\":\"https:\\\/\\\/www.organisator.ch\\\/\",\"name\":\"Organisator\",\"description\":\"Kompetent. Praxisnah. Der ORGANISATOR bereitet in 10 Ausgaben pro Jahr die wesentlichen Themen f\u00fcr F\u00fchrungskr\u00e4fte von KMU auf.\",\"publisher\":{\"@id\":\"https:\\\/\\\/www.organisator.ch\\\/#organization\"},\"potentialAction\":[{\"@type\":\"SearchAction\",\"target\":{\"@type\":\"EntryPoint\",\"urlTemplate\":\"https:\\\/\\\/www.organisator.ch\\\/?s={search_term_string}\"},\"query-input\":{\"@type\":\"PropertyValueSpecification\",\"valueRequired\":true,\"valueName\":\"search_term_string\"}}],\"inLanguage\":\"fr-FR\"},{\"@type\":\"Organization\",\"@id\":\"https:\\\/\\\/www.organisator.ch\\\/#organization\",\"name\":\"Organisator\",\"url\":\"https:\\\/\\\/www.organisator.ch\\\/\",\"logo\":{\"@type\":\"ImageObject\",\"inLanguage\":\"fr-FR\",\"@id\":\"https:\\\/\\\/www.organisator.ch\\\/#\\\/schema\\\/logo\\\/image\\\/\",\"url\":\"https:\\\/\\\/www.organisator.ch\\\/wp-content\\\/uploads\\\/2022\\\/01\\\/Logo_Organisator_Website.png\",\"contentUrl\":\"https:\\\/\\\/www.organisator.ch\\\/wp-content\\\/uploads\\\/2022\\\/01\\\/Logo_Organisator_Website.png\",\"width\":800,\"height\":77,\"caption\":\"Organisator\"},\"image\":{\"@id\":\"https:\\\/\\\/www.organisator.ch\\\/#\\\/schema\\\/logo\\\/image\\\/\"},\"sameAs\":[\"https:\\\/\\\/www.facebook.com\\\/OrganisatorFachmagazin\",\"https:\\\/\\\/www.linkedin.com\\\/showcase\\\/organisator-das-magazin-fr-kmu\",\"https:\\\/\\\/www.xing.com\\\/news\\\/pages\\\/organisator-ch-695\",\"https:\\\/\\\/www.youtube.com\\\/channel\\\/UCGP2Sq0iWaZwT3BdIAQFYpw\"]},{\"@type\":\"Person\",\"@id\":\"https:\\\/\\\/www.organisator.ch\\\/#\\\/schema\\\/person\\\/6f650f90b2842cd4c0cc334b4e36f67e\",\"name\":\"thomas.berner\",\"image\":{\"@type\":\"ImageObject\",\"inLanguage\":\"fr-FR\",\"@id\":\"https:\\\/\\\/secure.gravatar.com\\\/avatar\\\/ac5001d2a36cb6c6cd3e50789007ffca834b477b74a2144564522e944eabff61?s=96&d=mm&r=g\",\"url\":\"https:\\\/\\\/secure.gravatar.com\\\/avatar\\\/ac5001d2a36cb6c6cd3e50789007ffca834b477b74a2144564522e944eabff61?s=96&d=mm&r=g\",\"contentUrl\":\"https:\\\/\\\/secure.gravatar.com\\\/avatar\\\/ac5001d2a36cb6c6cd3e50789007ffca834b477b74a2144564522e944eabff61?s=96&d=mm&r=g\",\"caption\":\"thomas.berner\"},\"url\":\"https:\\\/\\\/www.organisator.ch\\\/fr\\\/author\\\/thomas-berner\\\/\"}]}<\/script>\n<!-- \/ Yoast SEO plugin. -->","yoast_head_json":{"title":"La nouvelle saison de \"Die H\u00f6hle der L\u00f6wen Schweiz\" d\u00e9bute le 19 ao\u00fbt - Organisateur","description":"Le 19 ao\u00fbt 2025 d\u00e9butera la nouvelle saison de \"Die H\u00f6hle der L\u00f6wen Schweiz\", o\u00f9 des start-ups originales pr\u00e9senteront leurs id\u00e9es commerciales.","robots":{"index":"index","follow":"follow","max-snippet":"max-snippet:-1","max-image-preview":"max-image-preview:large","max-video-preview":"max-video-preview:-1"},"canonical":"https:\/\/www.organisator.ch\/fr\/marketing\/2025-08-06\/neue-staffel-die-hoehle-der-loewen-schweiz-startet-am-19-august\/","og_locale":"fr_FR","og_type":"article","og_title":"Neue Staffel \u00abDie H\u00f6hle der L\u00f6wen Schweiz\u00bb startet am 19. August","og_description":"Am 19. August 2025 startet die neue Staffel von \u00abDie H\u00f6hle der L\u00f6wen Schweiz\u00bb, wo originelle Start-ups ihre Business-Ideen pr\u00e4sentieren.","og_url":"https:\/\/www.organisator.ch\/fr\/marketing\/2025-08-06\/neue-staffel-die-hoehle-der-loewen-schweiz-startet-am-19-august\/","og_site_name":"Organisator","article_publisher":"https:\/\/www.facebook.com\/OrganisatorFachmagazin","article_published_time":"2025-08-06T09:17:54+00:00","article_modified_time":"2025-09-09T06:34:05+00:00","og_image":[{"width":680,"height":501,"url":"https:\/\/www.organisator.ch\/wp-content\/uploads\/2025\/08\/Neue-Staffel-Die-Hoehle-der-Loewen-Schweiz-startet-am-19.-August_Organisator.jpg","type":"image\/jpeg"}],"author":"thomas.berner","twitter_card":"summary_large_image","twitter_title":"Neue #Staffel \u00abDie H\u00f6hle der #L\u00f6wen Schweiz\u00bb startet am 19. August","twitter_description":"Am 19. August 2025 startet die neue Staffel von \u00abDie H\u00f6hle der #L\u00f6wen Schweiz\u00bb, wo originelle #Start-ups ihre Business-Ideen pr\u00e4sentieren.","twitter_image":"https:\/\/www.organisator.ch\/wp-content\/uploads\/2025\/08\/Neue-Staffel-Die-Hoehle-der-Loewen-Schweiz-startet-am-19.-August_Organisator.jpg","schema":{"@context":"https:\/\/schema.org","@graph":[{"@type":"Article","@id":"https:\/\/www.organisator.ch\/marketing\/2025-08-06\/neue-staffel-die-hoehle-der-loewen-schweiz-startet-am-19-august\/#article","isPartOf":{"@id":"https:\/\/www.organisator.ch\/marketing\/2025-08-06\/neue-staffel-die-hoehle-der-loewen-schweiz-startet-am-19-august\/"},"author":{"name":"thomas.berner","@id":"https:\/\/www.organisator.ch\/#\/schema\/person\/6f650f90b2842cd4c0cc334b4e36f67e"},"headline":"Neue Staffel \u00abDie H\u00f6hle der L\u00f6wen Schweiz\u00bb startet am 19. August","datePublished":"2025-08-06T09:17:54+00:00","dateModified":"2025-09-09T06:34:05+00:00","mainEntityOfPage":{"@id":"https:\/\/www.organisator.ch\/marketing\/2025-08-06\/neue-staffel-die-hoehle-der-loewen-schweiz-startet-am-19-august\/"},"wordCount":438,"publisher":{"@id":"https:\/\/www.organisator.ch\/#organization"},"image":{"@id":"https:\/\/www.organisator.ch\/marketing\/2025-08-06\/neue-staffel-die-hoehle-der-loewen-schweiz-startet-am-19-august\/#primaryimage"},"thumbnailUrl":"https:\/\/www.organisator.ch\/wp-content\/uploads\/2025\/08\/Neue-Staffel-Die-Hoehle-der-Loewen-Schweiz-startet-am-19.-August_Organisator.jpg","keywords":["Die H\u00f6hle der L\u00f6wen Schweiz","Startups","Unterhaltung"],"articleSection":["MARKETING"],"inLanguage":"fr-FR"},{"@type":"WebPage","@id":"https:\/\/www.organisator.ch\/marketing\/2025-08-06\/neue-staffel-die-hoehle-der-loewen-schweiz-startet-am-19-august\/","url":"https:\/\/www.organisator.ch\/marketing\/2025-08-06\/neue-staffel-die-hoehle-der-loewen-schweiz-startet-am-19-august\/","name":"La nouvelle saison de \"Die H\u00f6hle der L\u00f6wen Schweiz\" d\u00e9bute le 19 ao\u00fbt - Organisateur","isPartOf":{"@id":"https:\/\/www.organisator.ch\/#website"},"primaryImageOfPage":{"@id":"https:\/\/www.organisator.ch\/marketing\/2025-08-06\/neue-staffel-die-hoehle-der-loewen-schweiz-startet-am-19-august\/#primaryimage"},"image":{"@id":"https:\/\/www.organisator.ch\/marketing\/2025-08-06\/neue-staffel-die-hoehle-der-loewen-schweiz-startet-am-19-august\/#primaryimage"},"thumbnailUrl":"https:\/\/www.organisator.ch\/wp-content\/uploads\/2025\/08\/Neue-Staffel-Die-Hoehle-der-Loewen-Schweiz-startet-am-19.-August_Organisator.jpg","datePublished":"2025-08-06T09:17:54+00:00","dateModified":"2025-09-09T06:34:05+00:00","description":"Le 19 ao\u00fbt 2025 d\u00e9butera la nouvelle saison de \"Die H\u00f6hle der L\u00f6wen Schweiz\", o\u00f9 des start-ups originales pr\u00e9senteront leurs id\u00e9es commerciales.","breadcrumb":{"@id":"https:\/\/www.organisator.ch\/marketing\/2025-08-06\/neue-staffel-die-hoehle-der-loewen-schweiz-startet-am-19-august\/#breadcrumb"},"inLanguage":"fr-FR","potentialAction":[{"@type":"ReadAction","target":["https:\/\/www.organisator.ch\/marketing\/2025-08-06\/neue-staffel-die-hoehle-der-loewen-schweiz-startet-am-19-august\/"]}]},{"@type":"ImageObject","inLanguage":"fr-FR","@id":"https:\/\/www.organisator.ch\/marketing\/2025-08-06\/neue-staffel-die-hoehle-der-loewen-schweiz-startet-am-19-august\/#primaryimage","url":"https:\/\/www.organisator.ch\/wp-content\/uploads\/2025\/08\/Neue-Staffel-Die-Hoehle-der-Loewen-Schweiz-startet-am-19.-August_Organisator.jpg","contentUrl":"https:\/\/www.organisator.ch\/wp-content\/uploads\/2025\/08\/Neue-Staffel-Die-Hoehle-der-Loewen-Schweiz-startet-am-19.-August_Organisator.jpg","width":680,"height":501,"caption":"Das inzwischen etablierte Investorenteam von \"Die H\u00f6hle der L\u00f6wen Schweiz\". (Bild: CH Media)"},{"@type":"BreadcrumbList","@id":"https:\/\/www.organisator.ch\/marketing\/2025-08-06\/neue-staffel-die-hoehle-der-loewen-schweiz-startet-am-19-august\/#breadcrumb","itemListElement":[{"@type":"ListItem","position":1,"name":"Home","item":"https:\/\/www.organisator.ch\/"},{"@type":"ListItem","position":2,"name":"Neue Staffel \u00abDie H\u00f6hle der L\u00f6wen Schweiz\u00bb startet am 19. August"}]},{"@type":"WebSite","@id":"https:\/\/www.organisator.ch\/#website","url":"https:\/\/www.organisator.ch\/","name":"Organisateur","description":"Comp\u00e9tence et comp\u00e9tence. Proches de la pratique. L'ORGANISATEUR pr\u00e9pare 10 num\u00e9ros par an sur les th\u00e8mes essentiels pour les dirigeants de PME.","publisher":{"@id":"https:\/\/www.organisator.ch\/#organization"},"potentialAction":[{"@type":"SearchAction","target":{"@type":"EntryPoint","urlTemplate":"https:\/\/www.organisator.ch\/?s={search_term_string}"},"query-input":{"@type":"PropertyValueSpecification","valueRequired":true,"valueName":"search_term_string"}}],"inLanguage":"fr-FR"},{"@type":"Organization","@id":"https:\/\/www.organisator.ch\/#organization","name":"Organisateur","url":"https:\/\/www.organisator.ch\/","logo":{"@type":"ImageObject","inLanguage":"fr-FR","@id":"https:\/\/www.organisator.ch\/#\/schema\/logo\/image\/","url":"https:\/\/www.organisator.ch\/wp-content\/uploads\/2022\/01\/Logo_Organisator_Website.png","contentUrl":"https:\/\/www.organisator.ch\/wp-content\/uploads\/2022\/01\/Logo_Organisator_Website.png","width":800,"height":77,"caption":"Organisator"},"image":{"@id":"https:\/\/www.organisator.ch\/#\/schema\/logo\/image\/"},"sameAs":["https:\/\/www.facebook.com\/OrganisatorFachmagazin","https:\/\/www.linkedin.com\/showcase\/organisator-das-magazin-fr-kmu","https:\/\/www.xing.com\/news\/pages\/organisator-ch-695","https:\/\/www.youtube.com\/channel\/UCGP2Sq0iWaZwT3BdIAQFYpw"]},{"@type":"Person","@id":"https:\/\/www.organisator.ch\/#\/schema\/person\/6f650f90b2842cd4c0cc334b4e36f67e","name":"thomas.berner","image":{"@type":"ImageObject","inLanguage":"fr-FR","@id":"https:\/\/secure.gravatar.com\/avatar\/ac5001d2a36cb6c6cd3e50789007ffca834b477b74a2144564522e944eabff61?s=96&d=mm&r=g","url":"https:\/\/secure.gravatar.com\/avatar\/ac5001d2a36cb6c6cd3e50789007ffca834b477b74a2144564522e944eabff61?s=96&d=mm&r=g","contentUrl":"https:\/\/secure.gravatar.com\/avatar\/ac5001d2a36cb6c6cd3e50789007ffca834b477b74a2144564522e944eabff61?s=96&d=mm&r=g","caption":"thomas.berner"},"url":"https:\/\/www.organisator.ch\/fr\/author\/thomas-berner\/"}]}},"_links":{"self":[{"href":"https:\/\/www.organisator.ch\/fr\/wp-json\/wp\/v2\/posts\/39789","targetHints":{"allow":["GET"]}}],"collection":[{"href":"https:\/\/www.organisator.ch\/fr\/wp-json\/wp\/v2\/posts"}],"about":[{"href":"https:\/\/www.organisator.ch\/fr\/wp-json\/wp\/v2\/types\/post"}],"author":[{"embeddable":true,"href":"https:\/\/www.organisator.ch\/fr\/wp-json\/wp\/v2\/users\/4"}],"replies":[{"embeddable":true,"href":"https:\/\/www.organisator.ch\/fr\/wp-json\/wp\/v2\/comments?post=39789"}],"version-history":[{"count":5,"href":"https:\/\/www.organisator.ch\/fr\/wp-json\/wp\/v2\/posts\/39789\/revisions"}],"predecessor-version":[{"id":39814,"href":"https:\/\/www.organisator.ch\/fr\/wp-json\/wp\/v2\/posts\/39789\/revisions\/39814"}],"wp:featuredmedia":[{"embeddable":true,"href":"https:\/\/www.organisator.ch\/fr\/wp-json\/wp\/v2\/media\/39790"}],"wp:attachment":[{"href":"https:\/\/www.organisator.ch\/fr\/wp-json\/wp\/v2\/media?parent=39789"}],"wp:term":[{"taxonomy":"category","embeddable":true,"href":"https:\/\/www.organisator.ch\/fr\/wp-json\/wp\/v2\/categories?post=39789"},{"taxonomy":"post_tag","embeddable":true,"href":"https:\/\/www.organisator.ch\/fr\/wp-json\/wp\/v2\/tags?post=39789"}],"curies":[{"name":"wp","href":"https:\/\/api.w.org\/{rel}","templated":true}]}}