{"id":39822,"date":"2025-08-12T08:58:42","date_gmt":"2025-08-12T06:58:42","guid":{"rendered":"https:\/\/www.organisator.ch\/?p=39822"},"modified":"2025-08-12T08:58:42","modified_gmt":"2025-08-12T06:58:42","slug":"sebastian-tobien-verstaerkt-die-fuehrung-der-interiman-group","status":"publish","type":"post","link":"https:\/\/www.organisator.ch\/fr\/management\/2025-08-12\/sebastian-tobien-verstaerkt-die-fuehrung-der-interiman-group\/","title":{"rendered":"Sebastian Tobien renforce la direction du groupe Interiman"},"content":{"rendered":"<figure id=\"attachment_39823\" aria-describedby=\"caption-attachment-39823\" style=\"width: 680px\" class=\"wp-caption alignnone\"><img loading=\"lazy\" decoding=\"async\" class=\"size-full wp-image-39823\" src=\"https:\/\/www.organisator.ch\/wp-content\/uploads\/2025\/08\/Sebastian-Tobien-verstaerkt-die-Fuehrung-der-Interiman-Group_Organisator.png\" alt=\"\" width=\"680\" height=\"483\" srcset=\"https:\/\/www.organisator.ch\/wp-content\/uploads\/2025\/08\/Sebastian-Tobien-verstaerkt-die-Fuehrung-der-Interiman-Group_Organisator.png 680w, https:\/\/www.organisator.ch\/wp-content\/uploads\/2025\/08\/Sebastian-Tobien-verstaerkt-die-Fuehrung-der-Interiman-Group_Organisator-18x12.png 18w, https:\/\/www.organisator.ch\/wp-content\/uploads\/2025\/08\/Sebastian-Tobien-verstaerkt-die-Fuehrung-der-Interiman-Group_Organisator-375x266.png 375w, https:\/\/www.organisator.ch\/wp-content\/uploads\/2025\/08\/Sebastian-Tobien-verstaerkt-die-Fuehrung-der-Interiman-Group_Organisator-493x350.png 493w\" sizes=\"auto, (max-width: 680px) 100vw, 680px\" \/><figcaption id=\"caption-attachment-39823\" class=\"wp-caption-text\">Sebastian Tobien occupe le poste de Lead Strategic Business Solutions au sein du groupe Interiman. (Image : zVg \/ Interiman Group)<\/figcaption><\/figure>\n<p>Le groupe Interiman est l'un des principaux fournisseurs suisses de services de ressources humaines. Au sein de sa direction, le groupe a cr\u00e9\u00e9 le poste de Lead Strategic Business Solutions au sein du d\u00e9partement Digital &amp; Marketing et l'a attribu\u00e9 \u00e0 Sebastian Tobien. Avec cette d\u00e9cision, le groupe Interiman poursuit sa strat\u00e9gie de num\u00e9risation \u00e0 l'\u00e9chelle du groupe et pose les bases de processus de service bas\u00e9s sur la technologie \u00e0 travers les douze marques qui font partie du groupe. \"Nous sommes heureux d'avoir trouv\u00e9 en Sebastian Tobien un dirigeant qui allie un esprit d'entreprise \u00e0 une solide exp\u00e9rience op\u00e9rationnelle et \u00e0 des comp\u00e9tences de mise en \u0153uvre num\u00e9rique\", explique Yves Schneuwly, Chief Digital &amp; Marketing Officer d'Interiman Group. \"Sa mission est d'une importance capitale pour le d\u00e9veloppement de notre transformation num\u00e9rique \u00e0 grande \u00e9chelle : il d\u00e9veloppera notre infrastructure num\u00e9rique de mani\u00e8re cibl\u00e9e, fera progresser l'excellence op\u00e9rationnelle et mettra en \u0153uvre des solutions qui s'orientent syst\u00e9matiquement vers les besoins de nos clients et candidats - avec un impact commercial mesurable\".<\/p>\n<p>Sebastian Tobien apporte plus de 15 ans d'exp\u00e9rience de direction dans le secteur de l'h\u00f4tellerie et de l'\u00e9v\u00e9nementiel. En tant que CEO de dean&amp;david Suisse, il a dirig\u00e9 avec succ\u00e8s l'assainissement et le repositionnement de l'entreprise pendant la pand\u00e9mie de COVID-19. En dernier lieu, il a dirig\u00e9 le Congress Kursaal Interlaken AG, dont il a marqu\u00e9 la r\u00e9orientation strat\u00e9gique et mis en \u0153uvre avec succ\u00e8s de nombreuses initiatives de processus et de num\u00e9risation. \"L'efficacit\u00e9 num\u00e9rique et l'excellence analogique ne sont pas contradictoires - elles sont au contraire le facteur de r\u00e9ussite des services modernes de ressources humaines\", souligne Sebastian Tobien. \"Je consid\u00e8re que ma mission consiste \u00e0 d\u00e9velopper, en collaboration avec les \u00e9quipes, des solutions qui cr\u00e9ent une v\u00e9ritable valeur ajout\u00e9e - pour les collaborateurs, les clients et les candidats\".<\/p>\n<p>L'identification, le d\u00e9veloppement et l'impl\u00e9mentation de solutions \u00e9volutives pour les processus commerciaux, les syst\u00e8mes et les plateformes sont au c\u0153ur de son nouveau r\u00f4le. Sebastian Tobien con\u00e7oit la transformation comme un processus de partenariat tr\u00e8s proche de la r\u00e9alit\u00e9 op\u00e9rationnelle : \"Nous ne transformons pas pour le plaisir de transformer. Nous cr\u00e9ons des solutions qui agissent - en collaboration avec les personnes qui font la diff\u00e9rence au quotidien\".<\/p>\n<p><em>Source : <a href=\"https:\/\/www.interiman-group.ch\/de\/\">Groupe Interiman<\/a><\/em><\/p>","protected":false},"excerpt":{"rendered":"<p>Le groupe Interiman renforce sa direction dans le domaine num\u00e9rique : Sebastian Tobien prend le poste nouvellement cr\u00e9\u00e9 de Lead Strategic Business Solutions au sein du d\u00e9partement Digital &amp; Marketing.<\/p>","protected":false},"author":4,"featured_media":39823,"comment_status":"closed","ping_status":"closed","sticky":false,"template":"","format":"standard","meta":{"_acf_changed":false,"_yoast_wpseo_focuskw":"Sebastian Tobien","_yoast_wpseo_metadesc":"Die Interiman Group verst\u00e4rkt ihre F\u00fchrung im digitalen Bereich: Sebastian Tobien \u00fcbernimmt die Position Lead Strategic Business Solutions.","articlekey":"","footnotes":""},"categories":[28],"tags":[156,254,335,381],"class_list":["post-39822","post","type-post","status-publish","format-standard","has-post-thumbnail","hentry","category-management","tag-digitalisierung","tag-hrm","tag-management-und-unternehmensfuehrung","tag-personalia"],"acf":[],"yoast_head":"<!-- This site is optimized with the Yoast SEO plugin v27.5 - https:\/\/yoast.com\/product\/yoast-seo-wordpress\/ -->\n<title>Sebastian Tobien verst\u00e4rkt die F\u00fchrung der Interiman Group - Organisator<\/title>\n<meta name=\"description\" content=\"Die Interiman Group verst\u00e4rkt ihre F\u00fchrung im digitalen Bereich: Sebastian Tobien \u00fcbernimmt die Position Lead Strategic Business Solutions.\" \/>\n<meta name=\"robots\" content=\"index, follow, max-snippet:-1, max-image-preview:large, max-video-preview:-1\" \/>\n<link rel=\"canonical\" href=\"https:\/\/www.organisator.ch\/fr\/gestion-2\/2025-08-12\/sebastian-tobien-verstaerkt-die-fuehrung-der-interiman-group\/\" \/>\n<meta property=\"og:locale\" content=\"fr_FR\" \/>\n<meta property=\"og:type\" content=\"article\" \/>\n<meta property=\"og:title\" content=\"Sebastian Tobien verst\u00e4rkt die F\u00fchrung der Interiman Group\" \/>\n<meta property=\"og:description\" content=\"Die Interiman Group verst\u00e4rkt ihre F\u00fchrung im digitalen Bereich: Sebastian Tobien \u00fcbernimmt die Position Lead Strategic Business Solutions.\" \/>\n<meta property=\"og:url\" content=\"https:\/\/www.organisator.ch\/fr\/gestion-2\/2025-08-12\/sebastian-tobien-verstaerkt-die-fuehrung-der-interiman-group\/\" \/>\n<meta property=\"og:site_name\" content=\"Organisator\" \/>\n<meta property=\"article:publisher\" content=\"https:\/\/www.facebook.com\/OrganisatorFachmagazin\" \/>\n<meta property=\"article:published_time\" content=\"2025-08-12T06:58:42+00:00\" \/>\n<meta property=\"og:image\" content=\"https:\/\/www.organisator.ch\/wp-content\/uploads\/2025\/08\/Sebastian-Tobien-verstaerkt-die-Fuehrung-der-Interiman-Group_Organisator.png\" \/>\n\t<meta property=\"og:image:width\" content=\"680\" \/>\n\t<meta property=\"og:image:height\" content=\"483\" \/>\n\t<meta property=\"og:image:type\" content=\"image\/png\" \/>\n<meta name=\"author\" content=\"thomas.berner\" \/>\n<meta name=\"twitter:card\" content=\"summary_large_image\" \/>\n<meta name=\"twitter:title\" content=\"Sebastian #Tobien verst\u00e4rkt die F\u00fchrung der #Interiman Group\" \/>\n<meta name=\"twitter:description\" content=\"Die #Interiman Group verst\u00e4rkt ihre F\u00fchrung im digitalen Bereich: Sebastian #Tobien \u00fcbernimmt die Position Lead Strategic Business Solutions.\" \/>\n<meta name=\"twitter:image\" content=\"https:\/\/www.organisator.ch\/wp-content\/uploads\/2025\/08\/Sebastian-Tobien-verstaerkt-die-Fuehrung-der-Interiman-Group_Organisator.png\" \/>\n<script type=\"application\/ld+json\" class=\"yoast-schema-graph\">{\"@context\":\"https:\\\/\\\/schema.org\",\"@graph\":[{\"@type\":\"Article\",\"@id\":\"https:\\\/\\\/www.organisator.ch\\\/management\\\/2025-08-12\\\/sebastian-tobien-verstaerkt-die-fuehrung-der-interiman-group\\\/#article\",\"isPartOf\":{\"@id\":\"https:\\\/\\\/www.organisator.ch\\\/management\\\/2025-08-12\\\/sebastian-tobien-verstaerkt-die-fuehrung-der-interiman-group\\\/\"},\"author\":{\"name\":\"thomas.berner\",\"@id\":\"https:\\\/\\\/www.organisator.ch\\\/#\\\/schema\\\/person\\\/6f650f90b2842cd4c0cc334b4e36f67e\"},\"headline\":\"Sebastian Tobien verst\u00e4rkt die F\u00fchrung der Interiman Group\",\"datePublished\":\"2025-08-12T06:58:42+00:00\",\"mainEntityOfPage\":{\"@id\":\"https:\\\/\\\/www.organisator.ch\\\/management\\\/2025-08-12\\\/sebastian-tobien-verstaerkt-die-fuehrung-der-interiman-group\\\/\"},\"wordCount\":346,\"publisher\":{\"@id\":\"https:\\\/\\\/www.organisator.ch\\\/#organization\"},\"image\":{\"@id\":\"https:\\\/\\\/www.organisator.ch\\\/management\\\/2025-08-12\\\/sebastian-tobien-verstaerkt-die-fuehrung-der-interiman-group\\\/#primaryimage\"},\"thumbnailUrl\":\"https:\\\/\\\/www.organisator.ch\\\/wp-content\\\/uploads\\\/2025\\\/08\\\/Sebastian-Tobien-verstaerkt-die-Fuehrung-der-Interiman-Group_Organisator.png\",\"keywords\":[\"Digitalisierung\",\"HRM\",\"Management und Unternehmensf\u00fchrung\",\"Personalia\"],\"articleSection\":[\"MANAGEMENT\"],\"inLanguage\":\"fr-FR\"},{\"@type\":\"WebPage\",\"@id\":\"https:\\\/\\\/www.organisator.ch\\\/management\\\/2025-08-12\\\/sebastian-tobien-verstaerkt-die-fuehrung-der-interiman-group\\\/\",\"url\":\"https:\\\/\\\/www.organisator.ch\\\/management\\\/2025-08-12\\\/sebastian-tobien-verstaerkt-die-fuehrung-der-interiman-group\\\/\",\"name\":\"Sebastian Tobien verst\u00e4rkt die F\u00fchrung der Interiman Group - Organisator\",\"isPartOf\":{\"@id\":\"https:\\\/\\\/www.organisator.ch\\\/#website\"},\"primaryImageOfPage\":{\"@id\":\"https:\\\/\\\/www.organisator.ch\\\/management\\\/2025-08-12\\\/sebastian-tobien-verstaerkt-die-fuehrung-der-interiman-group\\\/#primaryimage\"},\"image\":{\"@id\":\"https:\\\/\\\/www.organisator.ch\\\/management\\\/2025-08-12\\\/sebastian-tobien-verstaerkt-die-fuehrung-der-interiman-group\\\/#primaryimage\"},\"thumbnailUrl\":\"https:\\\/\\\/www.organisator.ch\\\/wp-content\\\/uploads\\\/2025\\\/08\\\/Sebastian-Tobien-verstaerkt-die-Fuehrung-der-Interiman-Group_Organisator.png\",\"datePublished\":\"2025-08-12T06:58:42+00:00\",\"description\":\"Die Interiman Group verst\u00e4rkt ihre F\u00fchrung im digitalen Bereich: Sebastian Tobien \u00fcbernimmt die Position Lead Strategic Business Solutions.\",\"breadcrumb\":{\"@id\":\"https:\\\/\\\/www.organisator.ch\\\/management\\\/2025-08-12\\\/sebastian-tobien-verstaerkt-die-fuehrung-der-interiman-group\\\/#breadcrumb\"},\"inLanguage\":\"fr-FR\",\"potentialAction\":[{\"@type\":\"ReadAction\",\"target\":[\"https:\\\/\\\/www.organisator.ch\\\/management\\\/2025-08-12\\\/sebastian-tobien-verstaerkt-die-fuehrung-der-interiman-group\\\/\"]}]},{\"@type\":\"ImageObject\",\"inLanguage\":\"fr-FR\",\"@id\":\"https:\\\/\\\/www.organisator.ch\\\/management\\\/2025-08-12\\\/sebastian-tobien-verstaerkt-die-fuehrung-der-interiman-group\\\/#primaryimage\",\"url\":\"https:\\\/\\\/www.organisator.ch\\\/wp-content\\\/uploads\\\/2025\\\/08\\\/Sebastian-Tobien-verstaerkt-die-Fuehrung-der-Interiman-Group_Organisator.png\",\"contentUrl\":\"https:\\\/\\\/www.organisator.ch\\\/wp-content\\\/uploads\\\/2025\\\/08\\\/Sebastian-Tobien-verstaerkt-die-Fuehrung-der-Interiman-Group_Organisator.png\",\"width\":680,\"height\":483,\"caption\":\"Sebastian Tobien bekleidet die Position Lead Strategic Business Solutions bei der Interiman Group. (Bild: zVg \\\/ Interiman Group)\"},{\"@type\":\"BreadcrumbList\",\"@id\":\"https:\\\/\\\/www.organisator.ch\\\/management\\\/2025-08-12\\\/sebastian-tobien-verstaerkt-die-fuehrung-der-interiman-group\\\/#breadcrumb\",\"itemListElement\":[{\"@type\":\"ListItem\",\"position\":1,\"name\":\"Home\",\"item\":\"https:\\\/\\\/www.organisator.ch\\\/\"},{\"@type\":\"ListItem\",\"position\":2,\"name\":\"Sebastian Tobien verst\u00e4rkt die F\u00fchrung der Interiman Group\"}]},{\"@type\":\"WebSite\",\"@id\":\"https:\\\/\\\/www.organisator.ch\\\/#website\",\"url\":\"https:\\\/\\\/www.organisator.ch\\\/\",\"name\":\"Organisator\",\"description\":\"Kompetent. Praxisnah. Der ORGANISATOR bereitet in 10 Ausgaben pro Jahr die wesentlichen Themen f\u00fcr F\u00fchrungskr\u00e4fte von KMU auf.\",\"publisher\":{\"@id\":\"https:\\\/\\\/www.organisator.ch\\\/#organization\"},\"potentialAction\":[{\"@type\":\"SearchAction\",\"target\":{\"@type\":\"EntryPoint\",\"urlTemplate\":\"https:\\\/\\\/www.organisator.ch\\\/?s={search_term_string}\"},\"query-input\":{\"@type\":\"PropertyValueSpecification\",\"valueRequired\":true,\"valueName\":\"search_term_string\"}}],\"inLanguage\":\"fr-FR\"},{\"@type\":\"Organization\",\"@id\":\"https:\\\/\\\/www.organisator.ch\\\/#organization\",\"name\":\"Organisator\",\"url\":\"https:\\\/\\\/www.organisator.ch\\\/\",\"logo\":{\"@type\":\"ImageObject\",\"inLanguage\":\"fr-FR\",\"@id\":\"https:\\\/\\\/www.organisator.ch\\\/#\\\/schema\\\/logo\\\/image\\\/\",\"url\":\"https:\\\/\\\/www.organisator.ch\\\/wp-content\\\/uploads\\\/2022\\\/01\\\/Logo_Organisator_Website.png\",\"contentUrl\":\"https:\\\/\\\/www.organisator.ch\\\/wp-content\\\/uploads\\\/2022\\\/01\\\/Logo_Organisator_Website.png\",\"width\":800,\"height\":77,\"caption\":\"Organisator\"},\"image\":{\"@id\":\"https:\\\/\\\/www.organisator.ch\\\/#\\\/schema\\\/logo\\\/image\\\/\"},\"sameAs\":[\"https:\\\/\\\/www.facebook.com\\\/OrganisatorFachmagazin\",\"https:\\\/\\\/www.linkedin.com\\\/showcase\\\/organisator-das-magazin-fr-kmu\",\"https:\\\/\\\/www.xing.com\\\/news\\\/pages\\\/organisator-ch-695\",\"https:\\\/\\\/www.youtube.com\\\/channel\\\/UCGP2Sq0iWaZwT3BdIAQFYpw\"]},{\"@type\":\"Person\",\"@id\":\"https:\\\/\\\/www.organisator.ch\\\/#\\\/schema\\\/person\\\/6f650f90b2842cd4c0cc334b4e36f67e\",\"name\":\"thomas.berner\",\"image\":{\"@type\":\"ImageObject\",\"inLanguage\":\"fr-FR\",\"@id\":\"https:\\\/\\\/secure.gravatar.com\\\/avatar\\\/ac5001d2a36cb6c6cd3e50789007ffca834b477b74a2144564522e944eabff61?s=96&d=mm&r=g\",\"url\":\"https:\\\/\\\/secure.gravatar.com\\\/avatar\\\/ac5001d2a36cb6c6cd3e50789007ffca834b477b74a2144564522e944eabff61?s=96&d=mm&r=g\",\"contentUrl\":\"https:\\\/\\\/secure.gravatar.com\\\/avatar\\\/ac5001d2a36cb6c6cd3e50789007ffca834b477b74a2144564522e944eabff61?s=96&d=mm&r=g\",\"caption\":\"thomas.berner\"},\"url\":\"https:\\\/\\\/www.organisator.ch\\\/fr\\\/author\\\/thomas-berner\\\/\"}]}<\/script>\n<!-- \/ Yoast SEO plugin. -->","yoast_head_json":{"title":"Sebastian Tobien renforce la direction d'Interiman Group - Organisateur","description":"Le groupe Interiman renforce sa direction dans le domaine num\u00e9rique : Sebastian Tobien prend le poste de Lead Strategic Business Solutions.","robots":{"index":"index","follow":"follow","max-snippet":"max-snippet:-1","max-image-preview":"max-image-preview:large","max-video-preview":"max-video-preview:-1"},"canonical":"https:\/\/www.organisator.ch\/fr\/gestion-2\/2025-08-12\/sebastian-tobien-verstaerkt-die-fuehrung-der-interiman-group\/","og_locale":"fr_FR","og_type":"article","og_title":"Sebastian Tobien verst\u00e4rkt die F\u00fchrung der Interiman Group","og_description":"Die Interiman Group verst\u00e4rkt ihre F\u00fchrung im digitalen Bereich: Sebastian Tobien \u00fcbernimmt die Position Lead Strategic Business Solutions.","og_url":"https:\/\/www.organisator.ch\/fr\/gestion-2\/2025-08-12\/sebastian-tobien-verstaerkt-die-fuehrung-der-interiman-group\/","og_site_name":"Organisator","article_publisher":"https:\/\/www.facebook.com\/OrganisatorFachmagazin","article_published_time":"2025-08-12T06:58:42+00:00","og_image":[{"width":680,"height":483,"url":"https:\/\/www.organisator.ch\/wp-content\/uploads\/2025\/08\/Sebastian-Tobien-verstaerkt-die-Fuehrung-der-Interiman-Group_Organisator.png","type":"image\/png"}],"author":"thomas.berner","twitter_card":"summary_large_image","twitter_title":"Sebastian #Tobien verst\u00e4rkt die F\u00fchrung der #Interiman Group","twitter_description":"Die #Interiman Group verst\u00e4rkt ihre F\u00fchrung im digitalen Bereich: Sebastian #Tobien \u00fcbernimmt die Position Lead Strategic Business Solutions.","twitter_image":"https:\/\/www.organisator.ch\/wp-content\/uploads\/2025\/08\/Sebastian-Tobien-verstaerkt-die-Fuehrung-der-Interiman-Group_Organisator.png","schema":{"@context":"https:\/\/schema.org","@graph":[{"@type":"Article","@id":"https:\/\/www.organisator.ch\/management\/2025-08-12\/sebastian-tobien-verstaerkt-die-fuehrung-der-interiman-group\/#article","isPartOf":{"@id":"https:\/\/www.organisator.ch\/management\/2025-08-12\/sebastian-tobien-verstaerkt-die-fuehrung-der-interiman-group\/"},"author":{"name":"thomas.berner","@id":"https:\/\/www.organisator.ch\/#\/schema\/person\/6f650f90b2842cd4c0cc334b4e36f67e"},"headline":"Sebastian Tobien verst\u00e4rkt die F\u00fchrung der Interiman Group","datePublished":"2025-08-12T06:58:42+00:00","mainEntityOfPage":{"@id":"https:\/\/www.organisator.ch\/management\/2025-08-12\/sebastian-tobien-verstaerkt-die-fuehrung-der-interiman-group\/"},"wordCount":346,"publisher":{"@id":"https:\/\/www.organisator.ch\/#organization"},"image":{"@id":"https:\/\/www.organisator.ch\/management\/2025-08-12\/sebastian-tobien-verstaerkt-die-fuehrung-der-interiman-group\/#primaryimage"},"thumbnailUrl":"https:\/\/www.organisator.ch\/wp-content\/uploads\/2025\/08\/Sebastian-Tobien-verstaerkt-die-Fuehrung-der-Interiman-Group_Organisator.png","keywords":["Digitalisierung","HRM","Management und Unternehmensf\u00fchrung","Personalia"],"articleSection":["MANAGEMENT"],"inLanguage":"fr-FR"},{"@type":"WebPage","@id":"https:\/\/www.organisator.ch\/management\/2025-08-12\/sebastian-tobien-verstaerkt-die-fuehrung-der-interiman-group\/","url":"https:\/\/www.organisator.ch\/management\/2025-08-12\/sebastian-tobien-verstaerkt-die-fuehrung-der-interiman-group\/","name":"Sebastian Tobien renforce la direction d'Interiman Group - Organisateur","isPartOf":{"@id":"https:\/\/www.organisator.ch\/#website"},"primaryImageOfPage":{"@id":"https:\/\/www.organisator.ch\/management\/2025-08-12\/sebastian-tobien-verstaerkt-die-fuehrung-der-interiman-group\/#primaryimage"},"image":{"@id":"https:\/\/www.organisator.ch\/management\/2025-08-12\/sebastian-tobien-verstaerkt-die-fuehrung-der-interiman-group\/#primaryimage"},"thumbnailUrl":"https:\/\/www.organisator.ch\/wp-content\/uploads\/2025\/08\/Sebastian-Tobien-verstaerkt-die-Fuehrung-der-Interiman-Group_Organisator.png","datePublished":"2025-08-12T06:58:42+00:00","description":"Le groupe Interiman renforce sa direction dans le domaine num\u00e9rique : Sebastian Tobien prend le poste de Lead Strategic Business Solutions.","breadcrumb":{"@id":"https:\/\/www.organisator.ch\/management\/2025-08-12\/sebastian-tobien-verstaerkt-die-fuehrung-der-interiman-group\/#breadcrumb"},"inLanguage":"fr-FR","potentialAction":[{"@type":"ReadAction","target":["https:\/\/www.organisator.ch\/management\/2025-08-12\/sebastian-tobien-verstaerkt-die-fuehrung-der-interiman-group\/"]}]},{"@type":"ImageObject","inLanguage":"fr-FR","@id":"https:\/\/www.organisator.ch\/management\/2025-08-12\/sebastian-tobien-verstaerkt-die-fuehrung-der-interiman-group\/#primaryimage","url":"https:\/\/www.organisator.ch\/wp-content\/uploads\/2025\/08\/Sebastian-Tobien-verstaerkt-die-Fuehrung-der-Interiman-Group_Organisator.png","contentUrl":"https:\/\/www.organisator.ch\/wp-content\/uploads\/2025\/08\/Sebastian-Tobien-verstaerkt-die-Fuehrung-der-Interiman-Group_Organisator.png","width":680,"height":483,"caption":"Sebastian Tobien bekleidet die Position Lead Strategic Business Solutions bei der Interiman Group. (Bild: zVg \/ Interiman Group)"},{"@type":"BreadcrumbList","@id":"https:\/\/www.organisator.ch\/management\/2025-08-12\/sebastian-tobien-verstaerkt-die-fuehrung-der-interiman-group\/#breadcrumb","itemListElement":[{"@type":"ListItem","position":1,"name":"Home","item":"https:\/\/www.organisator.ch\/"},{"@type":"ListItem","position":2,"name":"Sebastian Tobien verst\u00e4rkt die F\u00fchrung der Interiman Group"}]},{"@type":"WebSite","@id":"https:\/\/www.organisator.ch\/#website","url":"https:\/\/www.organisator.ch\/","name":"Organisateur","description":"Comp\u00e9tence et comp\u00e9tence. Proches de la pratique. L'ORGANISATEUR pr\u00e9pare 10 num\u00e9ros par an sur les th\u00e8mes essentiels pour les dirigeants de PME.","publisher":{"@id":"https:\/\/www.organisator.ch\/#organization"},"potentialAction":[{"@type":"SearchAction","target":{"@type":"EntryPoint","urlTemplate":"https:\/\/www.organisator.ch\/?s={search_term_string}"},"query-input":{"@type":"PropertyValueSpecification","valueRequired":true,"valueName":"search_term_string"}}],"inLanguage":"fr-FR"},{"@type":"Organization","@id":"https:\/\/www.organisator.ch\/#organization","name":"Organisateur","url":"https:\/\/www.organisator.ch\/","logo":{"@type":"ImageObject","inLanguage":"fr-FR","@id":"https:\/\/www.organisator.ch\/#\/schema\/logo\/image\/","url":"https:\/\/www.organisator.ch\/wp-content\/uploads\/2022\/01\/Logo_Organisator_Website.png","contentUrl":"https:\/\/www.organisator.ch\/wp-content\/uploads\/2022\/01\/Logo_Organisator_Website.png","width":800,"height":77,"caption":"Organisator"},"image":{"@id":"https:\/\/www.organisator.ch\/#\/schema\/logo\/image\/"},"sameAs":["https:\/\/www.facebook.com\/OrganisatorFachmagazin","https:\/\/www.linkedin.com\/showcase\/organisator-das-magazin-fr-kmu","https:\/\/www.xing.com\/news\/pages\/organisator-ch-695","https:\/\/www.youtube.com\/channel\/UCGP2Sq0iWaZwT3BdIAQFYpw"]},{"@type":"Person","@id":"https:\/\/www.organisator.ch\/#\/schema\/person\/6f650f90b2842cd4c0cc334b4e36f67e","name":"thomas.berner","image":{"@type":"ImageObject","inLanguage":"fr-FR","@id":"https:\/\/secure.gravatar.com\/avatar\/ac5001d2a36cb6c6cd3e50789007ffca834b477b74a2144564522e944eabff61?s=96&d=mm&r=g","url":"https:\/\/secure.gravatar.com\/avatar\/ac5001d2a36cb6c6cd3e50789007ffca834b477b74a2144564522e944eabff61?s=96&d=mm&r=g","contentUrl":"https:\/\/secure.gravatar.com\/avatar\/ac5001d2a36cb6c6cd3e50789007ffca834b477b74a2144564522e944eabff61?s=96&d=mm&r=g","caption":"thomas.berner"},"url":"https:\/\/www.organisator.ch\/fr\/author\/thomas-berner\/"}]}},"_links":{"self":[{"href":"https:\/\/www.organisator.ch\/fr\/wp-json\/wp\/v2\/posts\/39822","targetHints":{"allow":["GET"]}}],"collection":[{"href":"https:\/\/www.organisator.ch\/fr\/wp-json\/wp\/v2\/posts"}],"about":[{"href":"https:\/\/www.organisator.ch\/fr\/wp-json\/wp\/v2\/types\/post"}],"author":[{"embeddable":true,"href":"https:\/\/www.organisator.ch\/fr\/wp-json\/wp\/v2\/users\/4"}],"replies":[{"embeddable":true,"href":"https:\/\/www.organisator.ch\/fr\/wp-json\/wp\/v2\/comments?post=39822"}],"version-history":[{"count":3,"href":"https:\/\/www.organisator.ch\/fr\/wp-json\/wp\/v2\/posts\/39822\/revisions"}],"predecessor-version":[{"id":39853,"href":"https:\/\/www.organisator.ch\/fr\/wp-json\/wp\/v2\/posts\/39822\/revisions\/39853"}],"wp:featuredmedia":[{"embeddable":true,"href":"https:\/\/www.organisator.ch\/fr\/wp-json\/wp\/v2\/media\/39823"}],"wp:attachment":[{"href":"https:\/\/www.organisator.ch\/fr\/wp-json\/wp\/v2\/media?parent=39822"}],"wp:term":[{"taxonomy":"category","embeddable":true,"href":"https:\/\/www.organisator.ch\/fr\/wp-json\/wp\/v2\/categories?post=39822"},{"taxonomy":"post_tag","embeddable":true,"href":"https:\/\/www.organisator.ch\/fr\/wp-json\/wp\/v2\/tags?post=39822"}],"curies":[{"name":"wp","href":"https:\/\/api.w.org\/{rel}","templated":true}]}}