{"id":3985,"date":"2018-07-27T08:29:19","date_gmt":"2018-07-27T06:29:19","guid":{"rendered":"https:\/\/www.organisator.ch\/?p=3985"},"modified":"2018-07-27T08:29:19","modified_gmt":"2018-07-27T06:29:19","slug":"marketingkongress-futurize-m-an-der-suisseemex18","status":"publish","type":"post","link":"https:\/\/www.organisator.ch\/fr\/marketing\/2018-07-27\/marketingkongress-futurize-m-an-der-suisseemex18\/","title":{"rendered":"Congr\u00e8s marketing \"Futurize M\" \u00e0 SuisseEMEX'18"},"content":{"rendered":"<figure id=\"attachment_3986\" aria-describedby=\"caption-attachment-3986\" style=\"width: 480px\" class=\"wp-caption alignnone\"><img loading=\"lazy\" decoding=\"async\" class=\"size-full wp-image-3986\" src=\"https:\/\/www.organisator.ch\/wp-content\/uploads\/2018\/07\/Marketingkongress-Futurize-M-an-der-SuisseEMEX18_Organisator.jpg\" alt=\"\" width=\"480\" height=\"480\" srcset=\"https:\/\/www.organisator.ch\/wp-content\/uploads\/2018\/07\/Marketingkongress-Futurize-M-an-der-SuisseEMEX18_Organisator.jpg 480w, https:\/\/www.organisator.ch\/wp-content\/uploads\/2018\/07\/Marketingkongress-Futurize-M-an-der-SuisseEMEX18_Organisator-150x150.jpg 150w, https:\/\/www.organisator.ch\/wp-content\/uploads\/2018\/07\/Marketingkongress-Futurize-M-an-der-SuisseEMEX18_Organisator-12x12.jpg 12w, https:\/\/www.organisator.ch\/wp-content\/uploads\/2018\/07\/Marketingkongress-Futurize-M-an-der-SuisseEMEX18_Organisator-175x175.jpg 175w, https:\/\/www.organisator.ch\/wp-content\/uploads\/2018\/07\/Marketingkongress-Futurize-M-an-der-SuisseEMEX18_Organisator-350x350.jpg 350w, https:\/\/www.organisator.ch\/wp-content\/uploads\/2018\/07\/Marketingkongress-Futurize-M-an-der-SuisseEMEX18_Organisator-250x250.jpg 250w, https:\/\/www.organisator.ch\/wp-content\/uploads\/2018\/07\/Marketingkongress-Futurize-M-an-der-SuisseEMEX18_Organisator-300x300.jpg 300w, https:\/\/www.organisator.ch\/wp-content\/uploads\/2018\/07\/Marketingkongress-Futurize-M-an-der-SuisseEMEX18_Organisator-100x100.jpg 100w\" sizes=\"auto, (max-width: 480px) 100vw, 480px\" \/><figcaption id=\"caption-attachment-3986\" class=\"wp-caption-text\">Ewa Ming (initiatrice, \u00e0 gauche) et Katharina Ofner (chef de projet du congr\u00e8s marketing \"Futurize M\"). (Image : zVg)<\/figcaption><\/figure>\n<p>Un programme de speakers de haut niveau, des pr\u00e9sentations de bonnes pratiques par des experts reconnus, des masterclasses intensives sous la direction de Google et Adesso, des tables rondes inspirantes, voire provocantes, ainsi qu'un Live Lab avec des ateliers orient\u00e9s vers la g\u00e9n\u00e9ration Z attendent les quelque 350 marketeurs. Le nouveau congr\u00e8s parall\u00e8le \u00e0 SuisseEMEX se tiendra dans un espace d\u00e9di\u00e9 de la Foire de Zurich et garantira aux participants de pr\u00e9cieux nouveaux apprentissages ainsi qu'une possibilit\u00e9 optimale d'\u00e9largir leur r\u00e9seau d'affaires personnel. \"Avec ce nouveau congr\u00e8s, SuisseEMEX, le plus grand \u00e9v\u00e9nement suisse de la branche du marketing, r\u00e9pond \u00e0 l'exigence de se d\u00e9velopper en permanence et de mettre \u00e0 la disposition des visiteurs des connaissances sp\u00e9cialis\u00e9es pertinentes au plus haut niveau\", promet Ewa Ming, directrice de SuisseEMEX.<\/p>\n<h2><strong>Alibaba, Google et peut-\u00eatre la startup la plus en vogue des \u00c9tats-Unis \u00e0 l'heure actuelle<\/strong><\/h2>\n<p>Le keynote d'ouverture \"Alibaba Cloud's View on Digitalization\" de Toni Cheng, General Manager DACH du service de stockage Internet Alibaba Cloud, marquera un d\u00e9but en fanfare pour ce nouveau congr\u00e8s marketing. Il y a quelques jours, on a par ailleurs appris que Google et Uber investissaient 335 millions de dollars dans la start-up LimeBike, fond\u00e9e en 2017. Caen Contee, responsable du marketing et cofondateur de LimeBike, donnera dans son expos\u00e9 \"The Future of Mobility is Now\" un aper\u00e7u de la strat\u00e9gie publicitaire de l'entreprise, qui conquiert actuellement la ville de Zurich avec ses v\u00e9los et scooters \u00e9lectriques. La startup vient d'annoncer son intention de doubler sa flotte de trottinettes \u00e9lectriques \u00e0 Zurich.<\/p>\n<p>Les masterclasses de Google sur les th\u00e8mes \"YouTube comme canal de performance\", \"Marketing mobile\" et \"Machine Learning comme prochain chapitre dans le domaine du marketing en ligne\" ainsi que la masterclass d'Adesso qui aborde la question \"Comment l'intelligence artificielle r\u00e9volutionne la gestion de la relation client\" constituent d'autres points forts en mati\u00e8re de transfert de connaissances lors du congr\u00e8s marketing.<\/p>\n<h2><strong>Superpuissance du storytelling et myst\u00e8re de l'algorithme<\/strong><\/h2>\n<p>La qualit\u00e9 du programme du congr\u00e8s est soulign\u00e9e par les promesses de diverses personnalit\u00e9s suisses de la branche. Tobias Fueter fait partie des r\u00e9alisateurs de films publicitaires les plus remarquables de Suisse et, en tant que directeur et cofondateur de la soci\u00e9t\u00e9 de production Stories AG, il fixe avec son \u00e9quipe la hauteur de la barre pour un storytelling r\u00e9ussi. Le th\u00e8me du marketing de contenu et des algorithmes sera abord\u00e9 dans le cadre d'une coop\u00e9ration exclusive \"Best Practice\" par Oliver Schibli, CPO, CMO &amp; CTO de Watson et Thierry Pool, Head of Digital Marketing &amp; Media Planning chez Digitec Galaxus. Parmi les autres intervenants confirm\u00e9s, on trouve des noms nationaux et internationaux de premier plan comme Thomas Lang, directeur et propri\u00e9taire de Carpathia AG et expert de premier plan dans le domaine du commerce num\u00e9rique et de l'e-commerce, Kishor Sridhar, auteur de best-sellers et expert en \u00e9conomie \u00e9motionnelle ainsi que Dr. Axel Jockwer, expert en marketing, num\u00e9risation et m\u00e9dias. Marcel Korner, directeur New Business et Digital chez Amer Sports, donnera un aper\u00e7u de la mise en sc\u00e8ne r\u00e9ussie d'une marque dans une keynote sur les meilleures pratiques. Le programme complet des intervenants est disponible sur le site web du <a href=\"https:\/\/www.suisse-emex.ch\/de\/marketing-kongress\/\">Congr\u00e8s du marketing<\/a> est visible.<\/p>\n<h2><strong>Le congr\u00e8s de marketing cherche \u00e0 se rapprocher \u00e9galement de la g\u00e9n\u00e9ration Z<\/strong><\/h2>\n<p>Le \"Generation Z Live Lab\", dirig\u00e9 par Yannick Bl\u00e4ttler, fondateur et propri\u00e9taire de Neoviso, met l'accent sur la mani\u00e8re de s'adresser avec succ\u00e8s \u00e0 la Young Generation. Parmi les participants d\u00e9j\u00e0 confirm\u00e9s, on trouve la star de YouTube Silvan M\u00fcller aka PandaTooth. Le DJ et producteur Fabian G\u00e4hwiler ainsi que Robin Pickis, propri\u00e9taire de \"schwiizchiste\" et producteur de \"Zwei am Morge\" sur Play SRF. Sans oublier Julian Graf et Ramin Yousofzai, connus pour leur compte Instagram UniGAG.<\/p>\n<p>Les journ\u00e9es du congr\u00e8s se termineront par des soir\u00e9es afterwork avec des stars de la musique et du divertissement. L'animatrice, actrice et com\u00e9dienne St\u00e9phanie Berger sera l'h\u00f4te du congr\u00e8s. En collaboration avec le mentaliste Tobias Heinemann, qui conna\u00eet un succ\u00e8s international, l'animatrice pr\u00e9sentera \u00e9galement le 28 ao\u00fbt, dans le cadre du congr\u00e8s de marketing, la remise du \" prix de l'innovation \".<a href=\"https:\/\/www.m-k.ch\/mk-vordenker\/\">MK Pionnier de l'ann\u00e9e<\/a>\"-r\u00e9compenses.<\/p>\n<p><em>Billets et informations compl\u00e9mentaires sur <a href=\"http:\/\/www.suisse-emex.ch\/kongress\">www.suisse-emex.ch\/Kongress<\/a><\/em><\/p>","protected":false},"excerpt":{"rendered":"<p>Ein hochkar\u00e4tiges Speaker-Programm, Best Practice Pr\u00e4sentationen von ausgewiesenen Fachexperten, intensive Masterclasses unter der Leitung von Google und Adesso, inspirierende, teilweise vielleicht gar provokative Talkrunden sowie ein auf die Generation Z ausgerichtetes Live Lab mit Workshops erwartet die rund 350 Marketers. Der neue Parallelkongress zur SuisseEMEX findet in einem eigenen Bereich der Messe Z\u00fcrich statt und [&hellip;]<\/p>\n","protected":false},"author":4,"featured_media":3986,"comment_status":"open","ping_status":"open","sticky":false,"template":"","format":"standard","meta":{"_acf_changed":false,"_yoast_wpseo_focuskw":"Marketingkongress","_yoast_wpseo_metadesc":"Gemeinsam mit namhaften Partnern und Vertretern renommierter Brands pr\u00e4sentiert die SuisseEMEX den neuen Marketingkongress \u00abFuturize M\u00bb.","articlekey":"","footnotes":""},"categories":[29],"tags":[193,339,340,502],"class_list":["post-3985","post","type-post","status-publish","format-standard","has-post-thumbnail","hentry","category-marketing","tag-fachkongressfachmesse","tag-marketing","tag-maerkte","tag-veranstaltungen"],"acf":[],"yoast_head":"<!-- This site is optimized with the Yoast SEO plugin v27.5 - https:\/\/yoast.com\/product\/yoast-seo-wordpress\/ -->\n<title>Marketingkongress \u00abFuturize M\u00bb an der SuisseEMEX\u201918 - Organisator<\/title>\n<meta name=\"description\" content=\"Gemeinsam mit namhaften Partnern und Vertretern renommierter Brands pr\u00e4sentiert die SuisseEMEX den neuen Marketingkongress \u00abFuturize M\u00bb.\" \/>\n<meta name=\"robots\" content=\"index, follow, max-snippet:-1, max-image-preview:large, max-video-preview:-1\" \/>\n<link rel=\"canonical\" href=\"https:\/\/www.organisator.ch\/fr\/marketing\/2018-07-27\/marketingkongress-futurize-m-an-der-suisseemex18\/\" \/>\n<meta property=\"og:locale\" content=\"fr_FR\" \/>\n<meta property=\"og:type\" content=\"article\" \/>\n<meta property=\"og:title\" content=\"Marketingkongress \u00abFuturize M\u00bb an der SuisseEMEX\u201918\" \/>\n<meta property=\"og:description\" content=\"Gemeinsam mit namhaften Partnern und Vertretern renommierter Brands pr\u00e4sentiert die SuisseEMEX den neuen Marketingkongress \u00abFuturize M\u00bb.\" \/>\n<meta property=\"og:url\" content=\"https:\/\/www.organisator.ch\/fr\/marketing\/2018-07-27\/marketingkongress-futurize-m-an-der-suisseemex18\/\" \/>\n<meta property=\"og:site_name\" content=\"Organisator\" \/>\n<meta property=\"article:publisher\" content=\"https:\/\/www.facebook.com\/OrganisatorFachmagazin\" \/>\n<meta property=\"article:published_time\" content=\"2018-07-27T06:29:19+00:00\" \/>\n<meta property=\"og:image\" content=\"https:\/\/www.organisator.ch\/wp-content\/uploads\/2018\/07\/Marketingkongress-Futurize-M-an-der-SuisseEMEX18_Organisator.jpg\" \/>\n\t<meta property=\"og:image:width\" content=\"480\" \/>\n\t<meta property=\"og:image:height\" content=\"480\" \/>\n\t<meta property=\"og:image:type\" content=\"image\/jpeg\" \/>\n<meta name=\"author\" content=\"thomas.berner\" \/>\n<meta name=\"twitter:card\" content=\"summary_large_image\" \/>\n<meta name=\"twitter:title\" content=\"#Marketingkongress \u00abFuturize M\u00bb an der #SuisseEMEX\u201918\" \/>\n<meta name=\"twitter:description\" content=\"Gemeinsam mit namhaften Partnern und Vertretern renommierter Brands pr\u00e4sentiert die #SuisseEMEX den neuen #Marketingkongress \u00abFuturize M\u00bb.\" \/>\n<meta name=\"twitter:image\" content=\"https:\/\/www.organisator.ch\/wp-content\/uploads\/2018\/07\/Marketingkongress-Futurize-M-an-der-SuisseEMEX18_Organisator.jpg\" \/>\n<script type=\"application\/ld+json\" class=\"yoast-schema-graph\">{\"@context\":\"https:\\\/\\\/schema.org\",\"@graph\":[{\"@type\":\"Article\",\"@id\":\"https:\\\/\\\/www.organisator.ch\\\/marketing\\\/2018-07-27\\\/marketingkongress-futurize-m-an-der-suisseemex18\\\/#article\",\"isPartOf\":{\"@id\":\"https:\\\/\\\/www.organisator.ch\\\/marketing\\\/2018-07-27\\\/marketingkongress-futurize-m-an-der-suisseemex18\\\/\"},\"author\":{\"name\":\"thomas.berner\",\"@id\":\"https:\\\/\\\/www.organisator.ch\\\/#\\\/schema\\\/person\\\/6f650f90b2842cd4c0cc334b4e36f67e\"},\"headline\":\"Marketingkongress \u00abFuturize M\u00bb an der SuisseEMEX\u201918\",\"datePublished\":\"2018-07-27T06:29:19+00:00\",\"mainEntityOfPage\":{\"@id\":\"https:\\\/\\\/www.organisator.ch\\\/marketing\\\/2018-07-27\\\/marketingkongress-futurize-m-an-der-suisseemex18\\\/\"},\"wordCount\":622,\"commentCount\":0,\"publisher\":{\"@id\":\"https:\\\/\\\/www.organisator.ch\\\/#organization\"},\"image\":{\"@id\":\"https:\\\/\\\/www.organisator.ch\\\/marketing\\\/2018-07-27\\\/marketingkongress-futurize-m-an-der-suisseemex18\\\/#primaryimage\"},\"thumbnailUrl\":\"https:\\\/\\\/www.organisator.ch\\\/wp-content\\\/uploads\\\/2018\\\/07\\\/Marketingkongress-Futurize-M-an-der-SuisseEMEX18_Organisator.jpg\",\"keywords\":[\"Fachkongress\\\/Fachmesse\",\"Marketing\",\"M\u00e4rkte\",\"Veranstaltungen\"],\"articleSection\":[\"MARKETING\"],\"inLanguage\":\"fr-FR\"},{\"@type\":\"WebPage\",\"@id\":\"https:\\\/\\\/www.organisator.ch\\\/marketing\\\/2018-07-27\\\/marketingkongress-futurize-m-an-der-suisseemex18\\\/\",\"url\":\"https:\\\/\\\/www.organisator.ch\\\/marketing\\\/2018-07-27\\\/marketingkongress-futurize-m-an-der-suisseemex18\\\/\",\"name\":\"Marketingkongress \u00abFuturize M\u00bb an der SuisseEMEX\u201918 - Organisator\",\"isPartOf\":{\"@id\":\"https:\\\/\\\/www.organisator.ch\\\/#website\"},\"primaryImageOfPage\":{\"@id\":\"https:\\\/\\\/www.organisator.ch\\\/marketing\\\/2018-07-27\\\/marketingkongress-futurize-m-an-der-suisseemex18\\\/#primaryimage\"},\"image\":{\"@id\":\"https:\\\/\\\/www.organisator.ch\\\/marketing\\\/2018-07-27\\\/marketingkongress-futurize-m-an-der-suisseemex18\\\/#primaryimage\"},\"thumbnailUrl\":\"https:\\\/\\\/www.organisator.ch\\\/wp-content\\\/uploads\\\/2018\\\/07\\\/Marketingkongress-Futurize-M-an-der-SuisseEMEX18_Organisator.jpg\",\"datePublished\":\"2018-07-27T06:29:19+00:00\",\"description\":\"Gemeinsam mit namhaften Partnern und Vertretern renommierter Brands pr\u00e4sentiert die SuisseEMEX den neuen Marketingkongress \u00abFuturize M\u00bb.\",\"breadcrumb\":{\"@id\":\"https:\\\/\\\/www.organisator.ch\\\/marketing\\\/2018-07-27\\\/marketingkongress-futurize-m-an-der-suisseemex18\\\/#breadcrumb\"},\"inLanguage\":\"fr-FR\",\"potentialAction\":[{\"@type\":\"ReadAction\",\"target\":[\"https:\\\/\\\/www.organisator.ch\\\/marketing\\\/2018-07-27\\\/marketingkongress-futurize-m-an-der-suisseemex18\\\/\"]}]},{\"@type\":\"ImageObject\",\"inLanguage\":\"fr-FR\",\"@id\":\"https:\\\/\\\/www.organisator.ch\\\/marketing\\\/2018-07-27\\\/marketingkongress-futurize-m-an-der-suisseemex18\\\/#primaryimage\",\"url\":\"https:\\\/\\\/www.organisator.ch\\\/wp-content\\\/uploads\\\/2018\\\/07\\\/Marketingkongress-Futurize-M-an-der-SuisseEMEX18_Organisator.jpg\",\"contentUrl\":\"https:\\\/\\\/www.organisator.ch\\\/wp-content\\\/uploads\\\/2018\\\/07\\\/Marketingkongress-Futurize-M-an-der-SuisseEMEX18_Organisator.jpg\",\"width\":480,\"height\":480,\"caption\":\"Ewa Ming (Initiantin, links) und Katharina Ofner (Projektleiterin Marketingkongress \u00abFuturize M\u00bb). (Bild: zVg)\"},{\"@type\":\"BreadcrumbList\",\"@id\":\"https:\\\/\\\/www.organisator.ch\\\/marketing\\\/2018-07-27\\\/marketingkongress-futurize-m-an-der-suisseemex18\\\/#breadcrumb\",\"itemListElement\":[{\"@type\":\"ListItem\",\"position\":1,\"name\":\"Home\",\"item\":\"https:\\\/\\\/www.organisator.ch\\\/\"},{\"@type\":\"ListItem\",\"position\":2,\"name\":\"Marketingkongress \u00abFuturize M\u00bb an der SuisseEMEX\u201918\"}]},{\"@type\":\"WebSite\",\"@id\":\"https:\\\/\\\/www.organisator.ch\\\/#website\",\"url\":\"https:\\\/\\\/www.organisator.ch\\\/\",\"name\":\"Organisator\",\"description\":\"Kompetent. Praxisnah. Der ORGANISATOR bereitet in 10 Ausgaben pro Jahr die wesentlichen Themen f\u00fcr F\u00fchrungskr\u00e4fte von KMU auf.\",\"publisher\":{\"@id\":\"https:\\\/\\\/www.organisator.ch\\\/#organization\"},\"potentialAction\":[{\"@type\":\"SearchAction\",\"target\":{\"@type\":\"EntryPoint\",\"urlTemplate\":\"https:\\\/\\\/www.organisator.ch\\\/?s={search_term_string}\"},\"query-input\":{\"@type\":\"PropertyValueSpecification\",\"valueRequired\":true,\"valueName\":\"search_term_string\"}}],\"inLanguage\":\"fr-FR\"},{\"@type\":\"Organization\",\"@id\":\"https:\\\/\\\/www.organisator.ch\\\/#organization\",\"name\":\"Organisator\",\"url\":\"https:\\\/\\\/www.organisator.ch\\\/\",\"logo\":{\"@type\":\"ImageObject\",\"inLanguage\":\"fr-FR\",\"@id\":\"https:\\\/\\\/www.organisator.ch\\\/#\\\/schema\\\/logo\\\/image\\\/\",\"url\":\"https:\\\/\\\/www.organisator.ch\\\/wp-content\\\/uploads\\\/2022\\\/01\\\/Logo_Organisator_Website.png\",\"contentUrl\":\"https:\\\/\\\/www.organisator.ch\\\/wp-content\\\/uploads\\\/2022\\\/01\\\/Logo_Organisator_Website.png\",\"width\":800,\"height\":77,\"caption\":\"Organisator\"},\"image\":{\"@id\":\"https:\\\/\\\/www.organisator.ch\\\/#\\\/schema\\\/logo\\\/image\\\/\"},\"sameAs\":[\"https:\\\/\\\/www.facebook.com\\\/OrganisatorFachmagazin\",\"https:\\\/\\\/www.linkedin.com\\\/showcase\\\/organisator-das-magazin-fr-kmu\",\"https:\\\/\\\/www.xing.com\\\/news\\\/pages\\\/organisator-ch-695\",\"https:\\\/\\\/www.youtube.com\\\/channel\\\/UCGP2Sq0iWaZwT3BdIAQFYpw\"]},{\"@type\":\"Person\",\"@id\":\"https:\\\/\\\/www.organisator.ch\\\/#\\\/schema\\\/person\\\/6f650f90b2842cd4c0cc334b4e36f67e\",\"name\":\"thomas.berner\",\"image\":{\"@type\":\"ImageObject\",\"inLanguage\":\"fr-FR\",\"@id\":\"https:\\\/\\\/secure.gravatar.com\\\/avatar\\\/ac5001d2a36cb6c6cd3e50789007ffca834b477b74a2144564522e944eabff61?s=96&d=mm&r=g\",\"url\":\"https:\\\/\\\/secure.gravatar.com\\\/avatar\\\/ac5001d2a36cb6c6cd3e50789007ffca834b477b74a2144564522e944eabff61?s=96&d=mm&r=g\",\"contentUrl\":\"https:\\\/\\\/secure.gravatar.com\\\/avatar\\\/ac5001d2a36cb6c6cd3e50789007ffca834b477b74a2144564522e944eabff61?s=96&d=mm&r=g\",\"caption\":\"thomas.berner\"},\"url\":\"https:\\\/\\\/www.organisator.ch\\\/fr\\\/author\\\/thomas-berner\\\/\"}]}<\/script>\n<!-- \/ Yoast SEO plugin. -->","yoast_head_json":{"title":"Congr\u00e8s marketing \"Futurize M\" \u00e0 SuisseEMEX'18 - organisateur","description":"En collaboration avec des partenaires de renom et des repr\u00e9sentants de marques renomm\u00e9es, SuisseEMEX pr\u00e9sente le nouveau congr\u00e8s de marketing \"Futurize M\".","robots":{"index":"index","follow":"follow","max-snippet":"max-snippet:-1","max-image-preview":"max-image-preview:large","max-video-preview":"max-video-preview:-1"},"canonical":"https:\/\/www.organisator.ch\/fr\/marketing\/2018-07-27\/marketingkongress-futurize-m-an-der-suisseemex18\/","og_locale":"fr_FR","og_type":"article","og_title":"Marketingkongress \u00abFuturize M\u00bb an der SuisseEMEX\u201918","og_description":"Gemeinsam mit namhaften Partnern und Vertretern renommierter Brands pr\u00e4sentiert die SuisseEMEX den neuen Marketingkongress \u00abFuturize M\u00bb.","og_url":"https:\/\/www.organisator.ch\/fr\/marketing\/2018-07-27\/marketingkongress-futurize-m-an-der-suisseemex18\/","og_site_name":"Organisator","article_publisher":"https:\/\/www.facebook.com\/OrganisatorFachmagazin","article_published_time":"2018-07-27T06:29:19+00:00","og_image":[{"width":480,"height":480,"url":"https:\/\/www.organisator.ch\/wp-content\/uploads\/2018\/07\/Marketingkongress-Futurize-M-an-der-SuisseEMEX18_Organisator.jpg","type":"image\/jpeg"}],"author":"thomas.berner","twitter_card":"summary_large_image","twitter_title":"#Marketingkongress \u00abFuturize M\u00bb an der #SuisseEMEX\u201918","twitter_description":"Gemeinsam mit namhaften Partnern und Vertretern renommierter Brands pr\u00e4sentiert die #SuisseEMEX den neuen #Marketingkongress \u00abFuturize M\u00bb.","twitter_image":"https:\/\/www.organisator.ch\/wp-content\/uploads\/2018\/07\/Marketingkongress-Futurize-M-an-der-SuisseEMEX18_Organisator.jpg","schema":{"@context":"https:\/\/schema.org","@graph":[{"@type":"Article","@id":"https:\/\/www.organisator.ch\/marketing\/2018-07-27\/marketingkongress-futurize-m-an-der-suisseemex18\/#article","isPartOf":{"@id":"https:\/\/www.organisator.ch\/marketing\/2018-07-27\/marketingkongress-futurize-m-an-der-suisseemex18\/"},"author":{"name":"thomas.berner","@id":"https:\/\/www.organisator.ch\/#\/schema\/person\/6f650f90b2842cd4c0cc334b4e36f67e"},"headline":"Marketingkongress \u00abFuturize M\u00bb an der SuisseEMEX\u201918","datePublished":"2018-07-27T06:29:19+00:00","mainEntityOfPage":{"@id":"https:\/\/www.organisator.ch\/marketing\/2018-07-27\/marketingkongress-futurize-m-an-der-suisseemex18\/"},"wordCount":622,"commentCount":0,"publisher":{"@id":"https:\/\/www.organisator.ch\/#organization"},"image":{"@id":"https:\/\/www.organisator.ch\/marketing\/2018-07-27\/marketingkongress-futurize-m-an-der-suisseemex18\/#primaryimage"},"thumbnailUrl":"https:\/\/www.organisator.ch\/wp-content\/uploads\/2018\/07\/Marketingkongress-Futurize-M-an-der-SuisseEMEX18_Organisator.jpg","keywords":["Fachkongress\/Fachmesse","Marketing","M\u00e4rkte","Veranstaltungen"],"articleSection":["MARKETING"],"inLanguage":"fr-FR"},{"@type":"WebPage","@id":"https:\/\/www.organisator.ch\/marketing\/2018-07-27\/marketingkongress-futurize-m-an-der-suisseemex18\/","url":"https:\/\/www.organisator.ch\/marketing\/2018-07-27\/marketingkongress-futurize-m-an-der-suisseemex18\/","name":"Congr\u00e8s marketing \"Futurize M\" \u00e0 SuisseEMEX'18 - organisateur","isPartOf":{"@id":"https:\/\/www.organisator.ch\/#website"},"primaryImageOfPage":{"@id":"https:\/\/www.organisator.ch\/marketing\/2018-07-27\/marketingkongress-futurize-m-an-der-suisseemex18\/#primaryimage"},"image":{"@id":"https:\/\/www.organisator.ch\/marketing\/2018-07-27\/marketingkongress-futurize-m-an-der-suisseemex18\/#primaryimage"},"thumbnailUrl":"https:\/\/www.organisator.ch\/wp-content\/uploads\/2018\/07\/Marketingkongress-Futurize-M-an-der-SuisseEMEX18_Organisator.jpg","datePublished":"2018-07-27T06:29:19+00:00","description":"En collaboration avec des partenaires de renom et des repr\u00e9sentants de marques renomm\u00e9es, SuisseEMEX pr\u00e9sente le nouveau congr\u00e8s de marketing \"Futurize M\".","breadcrumb":{"@id":"https:\/\/www.organisator.ch\/marketing\/2018-07-27\/marketingkongress-futurize-m-an-der-suisseemex18\/#breadcrumb"},"inLanguage":"fr-FR","potentialAction":[{"@type":"ReadAction","target":["https:\/\/www.organisator.ch\/marketing\/2018-07-27\/marketingkongress-futurize-m-an-der-suisseemex18\/"]}]},{"@type":"ImageObject","inLanguage":"fr-FR","@id":"https:\/\/www.organisator.ch\/marketing\/2018-07-27\/marketingkongress-futurize-m-an-der-suisseemex18\/#primaryimage","url":"https:\/\/www.organisator.ch\/wp-content\/uploads\/2018\/07\/Marketingkongress-Futurize-M-an-der-SuisseEMEX18_Organisator.jpg","contentUrl":"https:\/\/www.organisator.ch\/wp-content\/uploads\/2018\/07\/Marketingkongress-Futurize-M-an-der-SuisseEMEX18_Organisator.jpg","width":480,"height":480,"caption":"Ewa Ming (Initiantin, links) und Katharina Ofner (Projektleiterin Marketingkongress \u00abFuturize M\u00bb). (Bild: zVg)"},{"@type":"BreadcrumbList","@id":"https:\/\/www.organisator.ch\/marketing\/2018-07-27\/marketingkongress-futurize-m-an-der-suisseemex18\/#breadcrumb","itemListElement":[{"@type":"ListItem","position":1,"name":"Home","item":"https:\/\/www.organisator.ch\/"},{"@type":"ListItem","position":2,"name":"Marketingkongress \u00abFuturize M\u00bb an der SuisseEMEX\u201918"}]},{"@type":"WebSite","@id":"https:\/\/www.organisator.ch\/#website","url":"https:\/\/www.organisator.ch\/","name":"Organisateur","description":"Comp\u00e9tence et comp\u00e9tence. Proches de la pratique. L'ORGANISATEUR pr\u00e9pare 10 num\u00e9ros par an sur les th\u00e8mes essentiels pour les dirigeants de PME.","publisher":{"@id":"https:\/\/www.organisator.ch\/#organization"},"potentialAction":[{"@type":"SearchAction","target":{"@type":"EntryPoint","urlTemplate":"https:\/\/www.organisator.ch\/?s={search_term_string}"},"query-input":{"@type":"PropertyValueSpecification","valueRequired":true,"valueName":"search_term_string"}}],"inLanguage":"fr-FR"},{"@type":"Organization","@id":"https:\/\/www.organisator.ch\/#organization","name":"Organisateur","url":"https:\/\/www.organisator.ch\/","logo":{"@type":"ImageObject","inLanguage":"fr-FR","@id":"https:\/\/www.organisator.ch\/#\/schema\/logo\/image\/","url":"https:\/\/www.organisator.ch\/wp-content\/uploads\/2022\/01\/Logo_Organisator_Website.png","contentUrl":"https:\/\/www.organisator.ch\/wp-content\/uploads\/2022\/01\/Logo_Organisator_Website.png","width":800,"height":77,"caption":"Organisator"},"image":{"@id":"https:\/\/www.organisator.ch\/#\/schema\/logo\/image\/"},"sameAs":["https:\/\/www.facebook.com\/OrganisatorFachmagazin","https:\/\/www.linkedin.com\/showcase\/organisator-das-magazin-fr-kmu","https:\/\/www.xing.com\/news\/pages\/organisator-ch-695","https:\/\/www.youtube.com\/channel\/UCGP2Sq0iWaZwT3BdIAQFYpw"]},{"@type":"Person","@id":"https:\/\/www.organisator.ch\/#\/schema\/person\/6f650f90b2842cd4c0cc334b4e36f67e","name":"thomas.berner","image":{"@type":"ImageObject","inLanguage":"fr-FR","@id":"https:\/\/secure.gravatar.com\/avatar\/ac5001d2a36cb6c6cd3e50789007ffca834b477b74a2144564522e944eabff61?s=96&d=mm&r=g","url":"https:\/\/secure.gravatar.com\/avatar\/ac5001d2a36cb6c6cd3e50789007ffca834b477b74a2144564522e944eabff61?s=96&d=mm&r=g","contentUrl":"https:\/\/secure.gravatar.com\/avatar\/ac5001d2a36cb6c6cd3e50789007ffca834b477b74a2144564522e944eabff61?s=96&d=mm&r=g","caption":"thomas.berner"},"url":"https:\/\/www.organisator.ch\/fr\/author\/thomas-berner\/"}]}},"_links":{"self":[{"href":"https:\/\/www.organisator.ch\/fr\/wp-json\/wp\/v2\/posts\/3985","targetHints":{"allow":["GET"]}}],"collection":[{"href":"https:\/\/www.organisator.ch\/fr\/wp-json\/wp\/v2\/posts"}],"about":[{"href":"https:\/\/www.organisator.ch\/fr\/wp-json\/wp\/v2\/types\/post"}],"author":[{"embeddable":true,"href":"https:\/\/www.organisator.ch\/fr\/wp-json\/wp\/v2\/users\/4"}],"replies":[{"embeddable":true,"href":"https:\/\/www.organisator.ch\/fr\/wp-json\/wp\/v2\/comments?post=3985"}],"version-history":[{"count":0,"href":"https:\/\/www.organisator.ch\/fr\/wp-json\/wp\/v2\/posts\/3985\/revisions"}],"wp:featuredmedia":[{"embeddable":true,"href":"https:\/\/www.organisator.ch\/fr\/wp-json\/wp\/v2\/media\/3986"}],"wp:attachment":[{"href":"https:\/\/www.organisator.ch\/fr\/wp-json\/wp\/v2\/media?parent=3985"}],"wp:term":[{"taxonomy":"category","embeddable":true,"href":"https:\/\/www.organisator.ch\/fr\/wp-json\/wp\/v2\/categories?post=3985"},{"taxonomy":"post_tag","embeddable":true,"href":"https:\/\/www.organisator.ch\/fr\/wp-json\/wp\/v2\/tags?post=3985"}],"curies":[{"name":"wp","href":"https:\/\/api.w.org\/{rel}","templated":true}]}}