{"id":3990,"date":"2021-03-25T10:29:44","date_gmt":"2021-03-25T09:29:44","guid":{"rendered":"https:\/\/www.umweltperspektiven.ch\/?p=3990"},"modified":"2021-03-25T10:29:44","modified_gmt":"2021-03-25T09:29:44","slug":"green-business-switzerland-lanciert","status":"publish","type":"post","link":"https:\/\/www.organisator.ch\/fr\/allgemein\/2021-03-25\/green-business-switzerland-lanciert\/","title":{"rendered":"\"Lancement de \"Green Business Switzerland"},"content":{"rendered":"<figure id=\"attachment_3991\" aria-describedby=\"caption-attachment-3991\" style=\"width: 680px\" class=\"wp-caption aligncenter\"><img loading=\"lazy\" decoding=\"async\" class=\"size-medium wp-image-3991\" src=\"\/\/www.umweltperspektiven.ch\/wp-content\/uploads\/2021\/03\/Depositphotos_10123966_s-2019.jpg\" alt=\"&quot;Green Business Switzerland&quot; \" width=\"680\" height=\"482\" \/><figcaption id=\"caption-attachment-3991\" class=\"wp-caption-text\">Depositphotos, SergeyNivens<\/figcaption><\/figure>\n<p>\"Green Business Switzerland\" met l'accent sur le lien positif entre le succ\u00e8s des entreprises et l'action durable, car l'\u00e9conomie doit faire partie de la solution, soulignent les organisateurs. Pour cela, il faut un changement de mentalit\u00e9 et des mod\u00e8les auxquels les d\u00e9cideurs peuvent s'inspirer. \"Green Business Switzerland\" s'engage dans ce sens avec diff\u00e9rents formats. Economiesuisse, \u00d6bu, Pusch, Swissmem, la Fondation suisse pour l'environnement et le WWF Suisse, entre autres, sont \u00e0 l'origine de cette coop\u00e9ration entre acteurs centraux de l'\u00e9conomie et de la protection de l'environnement.<\/p>\n<p><strong>Barom\u00e8tre national de l'impact sur le d\u00e9veloppement durable<\/strong><\/p>\n<p>Les organisations cit\u00e9es pr\u00e9sentent ensemble le \"Green Business CEO Rating\" des CEO suisses les plus durables. Ce classement para\u00eetra pour la premi\u00e8re fois dans l'\u00e9dition de juillet 2021 de \"BILANZ\" et dans le magazine \"PME\". Le rating analyse aussi bien la performance de l'entreprise que la contribution personnelle des CEO dans l'optique de l'impact social et \u00e9cologique. L'accent est mis sur les entreprises du SMI Expanded ainsi que sur les plus grands employeurs suisses. \"Le Green Business CEO Rating doit devenir le barom\u00e8tre national de l'impact de la durabilit\u00e9 des leaders \u00e9conomiques suisses et cr\u00e9er ainsi une incitation visible pour les CEO \u00e0 ne pas seulement r\u00e9ussir sur le plan \u00e9conomique, mais aussi \u00e0 apporter une contribution positive \u00e0 la r\u00e9solution de probl\u00e8mes sociaux importants\", explique Mirjam Staub-Bisang, CEO de Blackrock Switzerland, qui officie en tant que pr\u00e9sidente du jury du rating. Le \"<a href=\"\/\/www.theibs.net\">Institut pour la durabilit\u00e9 des entreprises<\/a>\"La m\u00e9thodologie scientifique sous-jacente a \u00e9t\u00e9 sp\u00e9cialement d\u00e9velopp\u00e9e pour cette \u00e9valuation. Selon les organisateurs, cette m\u00e9thode est unique au monde en termes de profondeur et de pertinence.<\/p>\n<p><strong>\"Prix de l'entreprise verte\"<\/strong><\/p>\n<p>Le \"Prix environnemental de l'\u00e9conomie\", pr\u00e9sid\u00e9 par Doris Leuthard, devient le \"Prix de l'environnement\". <a href=\"\/\/umweltpreis.ch\/award\/\">\"Prix de l'entreprise verte\"<\/a>. Celui-ci r\u00e9compense les entreprises innovantes qui allient succ\u00e8s \u00e9conomique et impact \u00e9cologique. Un processus de s\u00e9lection unique par le biais d'associations professionnelles nationales et d'organisations environnementales garantit que les solutions les plus convaincantes sont d\u00e9tect\u00e9es chaque ann\u00e9e, comme le font savoir les organisateurs. Les entreprises nomin\u00e9es cette ann\u00e9e seront publi\u00e9es le 20 avril 2021 et les finalistes seront annonc\u00e9s le 2 juillet 2021. La c\u00e9r\u00e9monie de remise des prix aura lieu le 22 septembre au <a href=\"\/\/www.ce2.ch\">\"CE2 - Entrepreneurs de l'\u00e9conomie circulaire\"<\/a> une conf\u00e9rence du Swiss Economic Forum. En tant que Presenting Partner du \"Green Business Award\", La Poste Suisse s'engage, selon les informations fournies, en tant que pr\u00e9curseur dans sa branche dans le domaine de la durabilit\u00e9 entrepreneuriale.<\/p>\n<p>Les leaders les plus remarquables de l'Award et du CEO-Rating sont r\u00e9unis dans la \"Green Business Community\". Ils sont des pionniers et des pr\u00e9curseurs de l'entrepreneuriat durable en Suisse. Dans le cadre de \"Green Business Global\", \"Green Business Switzerland\" les pr\u00e9sente sur des plates-formes internationales importantes, comme par exemple \"Bloomberg New Energy Pioneers\", conclut le communiqu\u00e9.<\/p>\n<p><em>Source : <a href=\"\/\/www.greenbusiness.ch\">Green Business Suisse<\/a><\/em><\/p>","protected":false},"excerpt":{"rendered":"<p>\u00abGreen Business Switzerland\u00bb r\u00fccke den positiven Zusammenhang zwischen unternehmerischem Erfolg und nachhaltigem Handeln in den Fokus, denn die Wirtschaft m\u00fcsse Teil der L\u00f6sung sein, betonen die Organisatoren. Daf\u00fcr brauche es einen Bewusstseinswandel und Vorbilder, an denen sich ihre Entscheidungstr\u00e4ger orientieren k\u00f6nnten. \u00abGreen Business Switzerland\u00bb engagiere sich hierf\u00fcr mit verschiedenen Formaten. Hinter der Kooperation zentraler Akteure [&hellip;]<\/p>\n","protected":false},"author":6,"featured_media":9781,"comment_status":"closed","ping_status":"closed","sticky":false,"template":"","format":"standard","meta":{"_acf_changed":false,"_yoast_wpseo_focuskw":"\u00abGreen Business Switzerland\u00bb","_yoast_wpseo_metadesc":"Die Schweizerische Umweltstiftung und der Verein \u00abGo for Impact\u00bb lancieren \u00abGreen Business Switzerland\u00bb, die auch den \u00abGreen Business Award\u00bb verleiht.","articlekey":"","footnotes":""},"categories":[1],"tags":[901,905,1314,1791,2255,2588],"class_list":["post-3990","post","type-post","status-publish","format-standard","has-post-thumbnail","hentry","category-allgemein","tag-ce2-circular-economic-entrepreneurs","tag-ceo-rating","tag-green-business-award","tag-nachhaltigkeitsleader","tag-swiss-economic-forum","tag-www-greenbusiness-ch"],"acf":[],"yoast_head":"<!-- This site is optimized with the Yoast SEO plugin v27.5 - https:\/\/yoast.com\/product\/yoast-seo-wordpress\/ -->\n<title>\u00abGreen Business Switzerland\u00bb lanciert - Organisator<\/title>\n<meta name=\"description\" content=\"Die Schweizerische Umweltstiftung und der Verein \u00abGo for Impact\u00bb lancieren \u00abGreen Business Switzerland\u00bb, die auch den \u00abGreen Business Award\u00bb verleiht.\" \/>\n<meta name=\"robots\" content=\"index, follow, max-snippet:-1, max-image-preview:large, max-video-preview:-1\" \/>\n<link rel=\"canonical\" href=\"https:\/\/www.organisator.ch\/fr\/general\/2021-03-25\/green-business-switzerland-lanciert\/\" \/>\n<meta property=\"og:locale\" content=\"fr_FR\" \/>\n<meta property=\"og:type\" content=\"article\" \/>\n<meta property=\"og:title\" content=\"\u00abGreen Business Switzerland\u00bb lanciert - Organisator\" \/>\n<meta property=\"og:description\" content=\"Die Schweizerische Umweltstiftung und der Verein \u00abGo for Impact\u00bb lancieren \u00abGreen Business Switzerland\u00bb, die auch den \u00abGreen Business Award\u00bb verleiht.\" \/>\n<meta property=\"og:url\" content=\"https:\/\/www.organisator.ch\/fr\/general\/2021-03-25\/green-business-switzerland-lanciert\/\" \/>\n<meta property=\"og:site_name\" content=\"Organisator\" \/>\n<meta property=\"article:publisher\" content=\"https:\/\/www.facebook.com\/OrganisatorFachmagazin\" \/>\n<meta property=\"article:published_time\" content=\"2021-03-25T09:29:44+00:00\" \/>\n<meta property=\"og:image\" content=\"https:\/\/www.organisator.ch\/wp-content\/uploads\/2021\/03\/Depositphotos_10123966_s-2019.jpg\" \/>\n\t<meta property=\"og:image:width\" content=\"806\" \/>\n\t<meta property=\"og:image:height\" content=\"571\" \/>\n\t<meta property=\"og:image:type\" content=\"image\/jpeg\" \/>\n<meta name=\"author\" content=\"roger.straessle\" \/>\n<meta name=\"twitter:card\" content=\"summary_large_image\" \/>\n<script type=\"application\/ld+json\" class=\"yoast-schema-graph\">{\"@context\":\"https:\\\/\\\/schema.org\",\"@graph\":[{\"@type\":\"Article\",\"@id\":\"https:\\\/\\\/www.organisator.ch\\\/en\\\/general\\\/2021-03-25\\\/green-business-switzerland-lanciert\\\/#article\",\"isPartOf\":{\"@id\":\"https:\\\/\\\/www.organisator.ch\\\/en\\\/general\\\/2021-03-25\\\/green-business-switzerland-lanciert\\\/\"},\"author\":{\"name\":\"roger.straessle\",\"@id\":\"https:\\\/\\\/www.organisator.ch\\\/#\\\/schema\\\/person\\\/a800b8c54e208b160517a7dcc323161d\"},\"headline\":\"\u00abGreen Business Switzerland\u00bb lanciert\",\"datePublished\":\"2021-03-25T09:29:44+00:00\",\"mainEntityOfPage\":{\"@id\":\"https:\\\/\\\/www.organisator.ch\\\/en\\\/general\\\/2021-03-25\\\/green-business-switzerland-lanciert\\\/\"},\"wordCount\":418,\"publisher\":{\"@id\":\"https:\\\/\\\/www.organisator.ch\\\/#organization\"},\"image\":{\"@id\":\"https:\\\/\\\/www.organisator.ch\\\/en\\\/general\\\/2021-03-25\\\/green-business-switzerland-lanciert\\\/#primaryimage\"},\"thumbnailUrl\":\"https:\\\/\\\/www.organisator.ch\\\/wp-content\\\/uploads\\\/2021\\\/03\\\/Depositphotos_10123966_s-2019.jpg\",\"keywords\":[\"CE2 \u2013 Circular Economic Entrepreneurs\",\"CEO-Rating\",\"Green Business Award\",\"Nachhaltigkeitsleader\",\"Swiss Economic Forum\",\"www.greenbusiness.ch\"],\"articleSection\":[\"Allgemein\"],\"inLanguage\":\"fr-FR\"},{\"@type\":\"WebPage\",\"@id\":\"https:\\\/\\\/www.organisator.ch\\\/en\\\/general\\\/2021-03-25\\\/green-business-switzerland-lanciert\\\/\",\"url\":\"https:\\\/\\\/www.organisator.ch\\\/en\\\/general\\\/2021-03-25\\\/green-business-switzerland-lanciert\\\/\",\"name\":\"\u00abGreen Business Switzerland\u00bb lanciert - Organisator\",\"isPartOf\":{\"@id\":\"https:\\\/\\\/www.organisator.ch\\\/#website\"},\"primaryImageOfPage\":{\"@id\":\"https:\\\/\\\/www.organisator.ch\\\/en\\\/general\\\/2021-03-25\\\/green-business-switzerland-lanciert\\\/#primaryimage\"},\"image\":{\"@id\":\"https:\\\/\\\/www.organisator.ch\\\/en\\\/general\\\/2021-03-25\\\/green-business-switzerland-lanciert\\\/#primaryimage\"},\"thumbnailUrl\":\"https:\\\/\\\/www.organisator.ch\\\/wp-content\\\/uploads\\\/2021\\\/03\\\/Depositphotos_10123966_s-2019.jpg\",\"datePublished\":\"2021-03-25T09:29:44+00:00\",\"description\":\"Die Schweizerische Umweltstiftung und der Verein \u00abGo for Impact\u00bb lancieren \u00abGreen Business Switzerland\u00bb, die auch den \u00abGreen Business Award\u00bb verleiht.\",\"breadcrumb\":{\"@id\":\"https:\\\/\\\/www.organisator.ch\\\/en\\\/general\\\/2021-03-25\\\/green-business-switzerland-lanciert\\\/#breadcrumb\"},\"inLanguage\":\"fr-FR\",\"potentialAction\":[{\"@type\":\"ReadAction\",\"target\":[\"https:\\\/\\\/www.organisator.ch\\\/en\\\/general\\\/2021-03-25\\\/green-business-switzerland-lanciert\\\/\"]}]},{\"@type\":\"ImageObject\",\"inLanguage\":\"fr-FR\",\"@id\":\"https:\\\/\\\/www.organisator.ch\\\/en\\\/general\\\/2021-03-25\\\/green-business-switzerland-lanciert\\\/#primaryimage\",\"url\":\"https:\\\/\\\/www.organisator.ch\\\/wp-content\\\/uploads\\\/2021\\\/03\\\/Depositphotos_10123966_s-2019.jpg\",\"contentUrl\":\"https:\\\/\\\/www.organisator.ch\\\/wp-content\\\/uploads\\\/2021\\\/03\\\/Depositphotos_10123966_s-2019.jpg\",\"width\":806,\"height\":571,\"caption\":\"\u00a9 Depositphotos, SergeyNivens\"},{\"@type\":\"BreadcrumbList\",\"@id\":\"https:\\\/\\\/www.organisator.ch\\\/en\\\/general\\\/2021-03-25\\\/green-business-switzerland-lanciert\\\/#breadcrumb\",\"itemListElement\":[{\"@type\":\"ListItem\",\"position\":1,\"name\":\"Home\",\"item\":\"https:\\\/\\\/www.organisator.ch\\\/\"},{\"@type\":\"ListItem\",\"position\":2,\"name\":\"\u00abGreen Business Switzerland\u00bb lanciert\"}]},{\"@type\":\"WebSite\",\"@id\":\"https:\\\/\\\/www.organisator.ch\\\/#website\",\"url\":\"https:\\\/\\\/www.organisator.ch\\\/\",\"name\":\"Organisator\",\"description\":\"Kompetent. Praxisnah. Der ORGANISATOR bereitet in 10 Ausgaben pro Jahr die wesentlichen Themen f\u00fcr F\u00fchrungskr\u00e4fte von KMU auf.\",\"publisher\":{\"@id\":\"https:\\\/\\\/www.organisator.ch\\\/#organization\"},\"potentialAction\":[{\"@type\":\"SearchAction\",\"target\":{\"@type\":\"EntryPoint\",\"urlTemplate\":\"https:\\\/\\\/www.organisator.ch\\\/?s={search_term_string}\"},\"query-input\":{\"@type\":\"PropertyValueSpecification\",\"valueRequired\":true,\"valueName\":\"search_term_string\"}}],\"inLanguage\":\"fr-FR\"},{\"@type\":\"Organization\",\"@id\":\"https:\\\/\\\/www.organisator.ch\\\/#organization\",\"name\":\"Organisator\",\"url\":\"https:\\\/\\\/www.organisator.ch\\\/\",\"logo\":{\"@type\":\"ImageObject\",\"inLanguage\":\"fr-FR\",\"@id\":\"https:\\\/\\\/www.organisator.ch\\\/#\\\/schema\\\/logo\\\/image\\\/\",\"url\":\"https:\\\/\\\/www.organisator.ch\\\/wp-content\\\/uploads\\\/2022\\\/01\\\/Logo_Organisator_Website.png\",\"contentUrl\":\"https:\\\/\\\/www.organisator.ch\\\/wp-content\\\/uploads\\\/2022\\\/01\\\/Logo_Organisator_Website.png\",\"width\":800,\"height\":77,\"caption\":\"Organisator\"},\"image\":{\"@id\":\"https:\\\/\\\/www.organisator.ch\\\/#\\\/schema\\\/logo\\\/image\\\/\"},\"sameAs\":[\"https:\\\/\\\/www.facebook.com\\\/OrganisatorFachmagazin\",\"https:\\\/\\\/www.linkedin.com\\\/showcase\\\/organisator-das-magazin-fr-kmu\",\"https:\\\/\\\/www.xing.com\\\/news\\\/pages\\\/organisator-ch-695\",\"https:\\\/\\\/www.youtube.com\\\/channel\\\/UCGP2Sq0iWaZwT3BdIAQFYpw\"]},{\"@type\":\"Person\",\"@id\":\"https:\\\/\\\/www.organisator.ch\\\/#\\\/schema\\\/person\\\/a800b8c54e208b160517a7dcc323161d\",\"name\":\"roger.straessle\",\"image\":{\"@type\":\"ImageObject\",\"inLanguage\":\"fr-FR\",\"@id\":\"https:\\\/\\\/secure.gravatar.com\\\/avatar\\\/?s=96&d=mm&r=g\",\"url\":\"https:\\\/\\\/secure.gravatar.com\\\/avatar\\\/?s=96&d=mm&r=g\",\"contentUrl\":\"https:\\\/\\\/secure.gravatar.com\\\/avatar\\\/?s=96&d=mm&r=g\",\"caption\":\"roger.straessle\"},\"url\":\"https:\\\/\\\/www.organisator.ch\\\/fr\\\/author\\\/roger-straessle\\\/\"}]}<\/script>\n<!-- \/ Yoast SEO plugin. -->","yoast_head_json":{"title":"Lancement de \"Green Business Switzerland\" - Organisateur","description":"La Fondation suisse pour l'environnement et l'association \"Go for Impact\" lancent \"Green Business Switzerland\", qui d\u00e9cerne \u00e9galement le \"Green Business Award\".","robots":{"index":"index","follow":"follow","max-snippet":"max-snippet:-1","max-image-preview":"max-image-preview:large","max-video-preview":"max-video-preview:-1"},"canonical":"https:\/\/www.organisator.ch\/fr\/general\/2021-03-25\/green-business-switzerland-lanciert\/","og_locale":"fr_FR","og_type":"article","og_title":"\u00abGreen Business Switzerland\u00bb lanciert - Organisator","og_description":"Die Schweizerische Umweltstiftung und der Verein \u00abGo for Impact\u00bb lancieren \u00abGreen Business Switzerland\u00bb, die auch den \u00abGreen Business Award\u00bb verleiht.","og_url":"https:\/\/www.organisator.ch\/fr\/general\/2021-03-25\/green-business-switzerland-lanciert\/","og_site_name":"Organisator","article_publisher":"https:\/\/www.facebook.com\/OrganisatorFachmagazin","article_published_time":"2021-03-25T09:29:44+00:00","og_image":[{"width":806,"height":571,"url":"https:\/\/www.organisator.ch\/wp-content\/uploads\/2021\/03\/Depositphotos_10123966_s-2019.jpg","type":"image\/jpeg"}],"author":"roger.straessle","twitter_card":"summary_large_image","schema":{"@context":"https:\/\/schema.org","@graph":[{"@type":"Article","@id":"https:\/\/www.organisator.ch\/en\/general\/2021-03-25\/green-business-switzerland-lanciert\/#article","isPartOf":{"@id":"https:\/\/www.organisator.ch\/en\/general\/2021-03-25\/green-business-switzerland-lanciert\/"},"author":{"name":"roger.straessle","@id":"https:\/\/www.organisator.ch\/#\/schema\/person\/a800b8c54e208b160517a7dcc323161d"},"headline":"\u00abGreen Business Switzerland\u00bb lanciert","datePublished":"2021-03-25T09:29:44+00:00","mainEntityOfPage":{"@id":"https:\/\/www.organisator.ch\/en\/general\/2021-03-25\/green-business-switzerland-lanciert\/"},"wordCount":418,"publisher":{"@id":"https:\/\/www.organisator.ch\/#organization"},"image":{"@id":"https:\/\/www.organisator.ch\/en\/general\/2021-03-25\/green-business-switzerland-lanciert\/#primaryimage"},"thumbnailUrl":"https:\/\/www.organisator.ch\/wp-content\/uploads\/2021\/03\/Depositphotos_10123966_s-2019.jpg","keywords":["CE2 \u2013 Circular Economic Entrepreneurs","CEO-Rating","Green Business Award","Nachhaltigkeitsleader","Swiss Economic Forum","www.greenbusiness.ch"],"articleSection":["Allgemein"],"inLanguage":"fr-FR"},{"@type":"WebPage","@id":"https:\/\/www.organisator.ch\/en\/general\/2021-03-25\/green-business-switzerland-lanciert\/","url":"https:\/\/www.organisator.ch\/en\/general\/2021-03-25\/green-business-switzerland-lanciert\/","name":"Lancement de \"Green Business Switzerland\" - Organisateur","isPartOf":{"@id":"https:\/\/www.organisator.ch\/#website"},"primaryImageOfPage":{"@id":"https:\/\/www.organisator.ch\/en\/general\/2021-03-25\/green-business-switzerland-lanciert\/#primaryimage"},"image":{"@id":"https:\/\/www.organisator.ch\/en\/general\/2021-03-25\/green-business-switzerland-lanciert\/#primaryimage"},"thumbnailUrl":"https:\/\/www.organisator.ch\/wp-content\/uploads\/2021\/03\/Depositphotos_10123966_s-2019.jpg","datePublished":"2021-03-25T09:29:44+00:00","description":"La Fondation suisse pour l'environnement et l'association \"Go for Impact\" lancent \"Green Business Switzerland\", qui d\u00e9cerne \u00e9galement le \"Green Business Award\".","breadcrumb":{"@id":"https:\/\/www.organisator.ch\/en\/general\/2021-03-25\/green-business-switzerland-lanciert\/#breadcrumb"},"inLanguage":"fr-FR","potentialAction":[{"@type":"ReadAction","target":["https:\/\/www.organisator.ch\/en\/general\/2021-03-25\/green-business-switzerland-lanciert\/"]}]},{"@type":"ImageObject","inLanguage":"fr-FR","@id":"https:\/\/www.organisator.ch\/en\/general\/2021-03-25\/green-business-switzerland-lanciert\/#primaryimage","url":"https:\/\/www.organisator.ch\/wp-content\/uploads\/2021\/03\/Depositphotos_10123966_s-2019.jpg","contentUrl":"https:\/\/www.organisator.ch\/wp-content\/uploads\/2021\/03\/Depositphotos_10123966_s-2019.jpg","width":806,"height":571,"caption":"\u00a9 Depositphotos, SergeyNivens"},{"@type":"BreadcrumbList","@id":"https:\/\/www.organisator.ch\/en\/general\/2021-03-25\/green-business-switzerland-lanciert\/#breadcrumb","itemListElement":[{"@type":"ListItem","position":1,"name":"Home","item":"https:\/\/www.organisator.ch\/"},{"@type":"ListItem","position":2,"name":"\u00abGreen Business Switzerland\u00bb lanciert"}]},{"@type":"WebSite","@id":"https:\/\/www.organisator.ch\/#website","url":"https:\/\/www.organisator.ch\/","name":"Organisateur","description":"Comp\u00e9tence et comp\u00e9tence. Proches de la pratique. L'ORGANISATEUR pr\u00e9pare 10 num\u00e9ros par an sur les th\u00e8mes essentiels pour les dirigeants de PME.","publisher":{"@id":"https:\/\/www.organisator.ch\/#organization"},"potentialAction":[{"@type":"SearchAction","target":{"@type":"EntryPoint","urlTemplate":"https:\/\/www.organisator.ch\/?s={search_term_string}"},"query-input":{"@type":"PropertyValueSpecification","valueRequired":true,"valueName":"search_term_string"}}],"inLanguage":"fr-FR"},{"@type":"Organization","@id":"https:\/\/www.organisator.ch\/#organization","name":"Organisateur","url":"https:\/\/www.organisator.ch\/","logo":{"@type":"ImageObject","inLanguage":"fr-FR","@id":"https:\/\/www.organisator.ch\/#\/schema\/logo\/image\/","url":"https:\/\/www.organisator.ch\/wp-content\/uploads\/2022\/01\/Logo_Organisator_Website.png","contentUrl":"https:\/\/www.organisator.ch\/wp-content\/uploads\/2022\/01\/Logo_Organisator_Website.png","width":800,"height":77,"caption":"Organisator"},"image":{"@id":"https:\/\/www.organisator.ch\/#\/schema\/logo\/image\/"},"sameAs":["https:\/\/www.facebook.com\/OrganisatorFachmagazin","https:\/\/www.linkedin.com\/showcase\/organisator-das-magazin-fr-kmu","https:\/\/www.xing.com\/news\/pages\/organisator-ch-695","https:\/\/www.youtube.com\/channel\/UCGP2Sq0iWaZwT3BdIAQFYpw"]},{"@type":"Person","@id":"https:\/\/www.organisator.ch\/#\/schema\/person\/a800b8c54e208b160517a7dcc323161d","name":"roger.straessle","image":{"@type":"ImageObject","inLanguage":"fr-FR","@id":"https:\/\/secure.gravatar.com\/avatar\/?s=96&d=mm&r=g","url":"https:\/\/secure.gravatar.com\/avatar\/?s=96&d=mm&r=g","contentUrl":"https:\/\/secure.gravatar.com\/avatar\/?s=96&d=mm&r=g","caption":"roger.straessle"},"url":"https:\/\/www.organisator.ch\/fr\/author\/roger-straessle\/"}]}},"_links":{"self":[{"href":"https:\/\/www.organisator.ch\/fr\/wp-json\/wp\/v2\/posts\/3990","targetHints":{"allow":["GET"]}}],"collection":[{"href":"https:\/\/www.organisator.ch\/fr\/wp-json\/wp\/v2\/posts"}],"about":[{"href":"https:\/\/www.organisator.ch\/fr\/wp-json\/wp\/v2\/types\/post"}],"author":[{"embeddable":true,"href":"https:\/\/www.organisator.ch\/fr\/wp-json\/wp\/v2\/users\/6"}],"replies":[{"embeddable":true,"href":"https:\/\/www.organisator.ch\/fr\/wp-json\/wp\/v2\/comments?post=3990"}],"version-history":[{"count":0,"href":"https:\/\/www.organisator.ch\/fr\/wp-json\/wp\/v2\/posts\/3990\/revisions"}],"wp:featuredmedia":[{"embeddable":true,"href":"https:\/\/www.organisator.ch\/fr\/wp-json\/wp\/v2\/media\/9781"}],"wp:attachment":[{"href":"https:\/\/www.organisator.ch\/fr\/wp-json\/wp\/v2\/media?parent=3990"}],"wp:term":[{"taxonomy":"category","embeddable":true,"href":"https:\/\/www.organisator.ch\/fr\/wp-json\/wp\/v2\/categories?post=3990"},{"taxonomy":"post_tag","embeddable":true,"href":"https:\/\/www.organisator.ch\/fr\/wp-json\/wp\/v2\/tags?post=3990"}],"curies":[{"name":"wp","href":"https:\/\/api.w.org\/{rel}","templated":true}]}}