{"id":39915,"date":"2025-08-27T05:26:04","date_gmt":"2025-08-27T03:26:04","guid":{"rendered":"https:\/\/www.organisator.ch\/de\/?p=39915"},"modified":"2025-08-15T15:29:37","modified_gmt":"2025-08-15T13:29:37","slug":"kmu-spezifische-weiterbildung","status":"publish","type":"post","link":"https:\/\/www.organisator.ch\/fr\/weiterbildung\/2025-08-27\/kmu-spezifische-weiterbildung\/","title":{"rendered":"Formation continue sp\u00e9cifique aux PME"},"content":{"rendered":"<figure id=\"attachment_39914\" aria-describedby=\"caption-attachment-39914\" style=\"width: 680px\" class=\"wp-caption alignnone\"><img loading=\"lazy\" decoding=\"async\" class=\"size-medium wp-image-39914\" src=\"https:\/\/www.organisator.ch\/wp-content\/uploads\/2025\/08\/Weiterbildung_KMU-HSG_Bild_organisator_170367-680x405.jpg\" alt=\"Dr. Heike Heckelmann, responsable du s\u00e9minaire &quot;KMU F\u00fchrungskompetenz&quot; \u00e0 l&#039;Institut PME de l&#039;Universit\u00e9 de Saint-Gall. \u00a9 zVg \/ Universit\u00e9 de Saint-Gall\" width=\"680\" height=\"405\" srcset=\"https:\/\/www.organisator.ch\/wp-content\/uploads\/2025\/08\/Weiterbildung_KMU-HSG_Bild_organisator_170367-680x405.jpg 680w, https:\/\/www.organisator.ch\/wp-content\/uploads\/2025\/08\/Weiterbildung_KMU-HSG_Bild_organisator_170367-768x457.jpg 768w, https:\/\/www.organisator.ch\/wp-content\/uploads\/2025\/08\/Weiterbildung_KMU-HSG_Bild_organisator_170367-18x12.jpg 18w, https:\/\/www.organisator.ch\/wp-content\/uploads\/2025\/08\/Weiterbildung_KMU-HSG_Bild_organisator_170367-375x223.jpg 375w, https:\/\/www.organisator.ch\/wp-content\/uploads\/2025\/08\/Weiterbildung_KMU-HSG_Bild_organisator_170367-588x350.jpg 588w, https:\/\/www.organisator.ch\/wp-content\/uploads\/2025\/08\/Weiterbildung_KMU-HSG_Bild_organisator_170367-1000x595.jpg 1000w, https:\/\/www.organisator.ch\/wp-content\/uploads\/2025\/08\/Weiterbildung_KMU-HSG_Bild_organisator_170367.jpg 1025w\" sizes=\"auto, (max-width: 680px) 100vw, 680px\" \/><figcaption id=\"caption-attachment-39914\" class=\"wp-caption-text\">Dr. Heike Heckelmann, responsable du s\u00e9minaire \"KMU F\u00fchrungskompetenz\" \u00e0 l'Institut PME de l'Universit\u00e9 de Saint-Gall. \u00a9 zVg \/ Universit\u00e9 de Saint-Gall<\/figcaption><\/figure>\n<p>Le s\u00e9minaire \"Comp\u00e9tences de direction des PME\" a pour devise \"Connaissances - Outils - Comportement efficace\". L'objectif est de transmettre des comp\u00e9tences pratiques pour la mise en \u0153uvre dans le quotidien de la direction et d'inciter \u00e0 la r\u00e9flexion sur son propre comportement de direction. Le s\u00e9minaire s'adresse ainsi \u00e0 toutes les personnes ayant des responsabilit\u00e9s de direction : du jeune professionnel dirigeant une \u00e9quipe \u00e0 la personnalit\u00e9 dirigeante exp\u00e9riment\u00e9e. Ce programme offre un espace permettant de recevoir des impulsions de direction pour le quotidien, de partager ses propres connaissances et exp\u00e9riences individuelles, de rafra\u00eechir ses connaissances, de r\u00e9fl\u00e9chir \u00e0 son comportement personnel et d'essayer de (nouveaux) outils.<\/p>\n<h3>Des dirigeants de PME aux exigences multiples<\/h3>\n<p>Les dirigeants de PME sont actuellement confront\u00e9s \u00e0 de nombreux d\u00e9fis tels que la num\u00e9risation, les mod\u00e8les de travail hybrides, le recrutement et la fid\u00e9lisation des collaborateurs ou la cr\u00e9ation d'un environnement de travail qui favorise la motivation et l'engagement. De plus, les cadres doivent prendre des d\u00e9cisions rapides dans l'incertitude et, pour ce faire, d\u00e9velopper en permanence leurs propres comp\u00e9tences et aptitudes et en acqu\u00e9rir de nouvelles. Le s\u00e9minaire aborde ces d\u00e9fis et apporte son soutien en donnant des impulsions sur des th\u00e8mes fondamentaux de la gestion d'entreprise, de soi, des collaborateurs et des \u00e9quipes ainsi que de la communication. De plus, il y a de la place pour discuter de ses propres th\u00e8mes et d\u00e9fis individuels issus du quotidien de la direction et pour utiliser le groupe comme espace d'exp\u00e9rience. La taille du groupe, 20 personnes au maximum, contribue \u00e0 un \u00e9change en toute confiance. Les participants consid\u00e8rent cela comme particuli\u00e8rement pr\u00e9cieux.<\/p>\n<h3>L'IA est trait\u00e9e en fonction des besoins<\/h3>\n<p>L'intelligence artificielle prend de plus en plus d'importance dans l'environnement des PME. L'IA, en tant qu'outil d'aide \u00e0 la gestion quotidienne, joue un r\u00f4le dans tous les th\u00e8mes des s\u00e9minaires et trouve sa place selon les besoins des participants : que ce soit par exemple pour pr\u00e9parer des entretiens de feedback et des entretiens avec les collaborateurs, pour formuler des courriels, pour pr\u00e9parer des pr\u00e9sentations, pour documenter des r\u00e9unions ou pour faciliter des processus de travail. Plus que les outils d'IA, ce sont les questions fondamentales sur ce que l'on veut obtenir avec l'utilisation de l'IA (gain de temps, r\u00e9servoir d'id\u00e9es, aide \u00e0 la formulation) et sur la responsabilit\u00e9 qui en d\u00e9coule qui sont importantes.<\/p>\n<h3>Un d\u00e9veloppement constant<\/h3>\n<p>En se concentrant de mani\u00e8re cibl\u00e9e sur le th\u00e8me de la gestion des collaborateurs, le s\u00e9minaire Comp\u00e9tence de direction PME fait partie de quatre programmes publics de PME-HSG : les deux programmes de gestion g\u00e9n\u00e9rale, \"Etudes intensives pour PME (DAS)\" et \"S\u00e9minaire de gestion saint-gallois pour PME (CAS)\", ainsi que le s\u00e9minaire \"Leadership PME\" pour les dirigeants exp\u00e9riment\u00e9s au plus haut niveau de l'encadrement. Le contenu de tous les s\u00e9minaires est harmonis\u00e9 et compl\u00e9mentaire. Ils ont tous en commun une orientation claire vers les dirigeants de PME - tout au long de leur cycle de vie dans le contexte de l'entreprise. Actuellement, une nouvelle offre de s\u00e9minaires est en train de voir le jour. Il s'agit d'un format avanc\u00e9 qui s'inscrit directement dans le prolongement du s\u00e9minaire \"Comp\u00e9tences de direction en PME\" et qui l'approfondit et le compl\u00e8te en mettant l'accent sur le d\u00e9veloppement de la personnalit\u00e9 du dirigeant.<\/p>\n<h3>Auteur<\/h3>\n<p><em>Dr. Heike Heckelmann est depuis 2019 responsable de s\u00e9minaires et de projets \u00e0 l'Institut PME de l'Universit\u00e9 de Saint-Gall. Outre le s\u00e9minaire PME Comp\u00e9tence de direction, son domaine de responsabilit\u00e9 comprend \u00e9galement des programmes internes jusqu'au niveau CAS, des partenariats de formation continue pour les entreprises et le cluster th\u00e9matique Sant\u00e9. Elle est \u00e9galement coach d'entreprise syst\u00e9mique, sp\u00e9cialiste du d\u00e9veloppement du personnel et formatrice accr\u00e9dit\u00e9e pour le syst\u00e8me de gestion d'\u00e9quipe (TMS).<\/em><\/p>\n<p><em><a href=\"http:\/\/www.kmu-hsg.ch\">www.kmu-hsg.ch<\/a><\/em><\/p>","protected":false},"excerpt":{"rendered":"<p>L'Institut suisse pour les PME et l'entrepreneuriat de l'Universit\u00e9 de Saint-Gall organise diff\u00e9rentes formations continues explicitement con\u00e7ues pour r\u00e9pondre aux besoins des PME. Le s\u00e9minaire \"KMU F\u00fchrungsompetenz\" (Comp\u00e9tence de direction pour les PME) en est un exemple.<\/p>","protected":false},"author":1,"featured_media":39914,"comment_status":"closed","ping_status":"closed","sticky":false,"template":"","format":"standard","meta":{"_acf_changed":false,"_yoast_wpseo_focuskw":"KMU-spezifische Weiterbildung","_yoast_wpseo_metadesc":"Das Schweizerische Institut f\u00fcr KMU und Unternehmertum an der Universit\u00e4t St. Gallen bietet KMU-spezifische Weiterbildung an.","articlekey":"170366","footnotes":""},"categories":[578,30],"tags":[4101,5473,335],"class_list":["post-39915","post","type-post","status-publish","format-standard","has-post-thumbnail","hentry","category-abo","category-weiterbildung","tag-aus-und-weiterbildung","tag-kmu-hsg","tag-management-und-unternehmensfuehrung"],"acf":[],"yoast_head":"<!-- This site is optimized with the Yoast SEO plugin v27.5 - https:\/\/yoast.com\/product\/yoast-seo-wordpress\/ -->\n<title>KMU-spezifische Weiterbildung - Organisator<\/title>\n<meta name=\"description\" content=\"Das Schweizerische Institut f\u00fcr KMU und Unternehmertum an der Universit\u00e4t St. Gallen bietet KMU-spezifische Weiterbildung an.\" \/>\n<meta name=\"robots\" content=\"index, follow, max-snippet:-1, max-image-preview:large, max-video-preview:-1\" \/>\n<link rel=\"canonical\" href=\"https:\/\/www.organisator.ch\/fr\/formation-continue-2\/2025-08-27\/kmu-spezifische-weiterbildung\/\" \/>\n<meta property=\"og:locale\" content=\"fr_FR\" \/>\n<meta property=\"og:type\" content=\"article\" \/>\n<meta property=\"og:title\" content=\"KMU-spezifische Weiterbildung - Organisator\" \/>\n<meta property=\"og:description\" content=\"Das Schweizerische Institut f\u00fcr KMU und Unternehmertum an der Universit\u00e4t St. Gallen bietet KMU-spezifische Weiterbildung an.\" \/>\n<meta property=\"og:url\" content=\"https:\/\/www.organisator.ch\/fr\/formation-continue-2\/2025-08-27\/kmu-spezifische-weiterbildung\/\" \/>\n<meta property=\"og:site_name\" content=\"Organisator\" \/>\n<meta property=\"article:publisher\" content=\"https:\/\/www.facebook.com\/OrganisatorFachmagazin\" \/>\n<meta property=\"article:published_time\" content=\"2025-08-27T03:26:04+00:00\" \/>\n<meta property=\"og:image\" content=\"https:\/\/www.organisator.ch\/wp-content\/uploads\/2025\/08\/Weiterbildung_KMU-HSG_Bild_organisator_170367.jpg\" \/>\n\t<meta property=\"og:image:width\" content=\"1025\" \/>\n\t<meta property=\"og:image:height\" content=\"610\" \/>\n\t<meta property=\"og:image:type\" content=\"image\/jpeg\" \/>\n<meta name=\"author\" content=\"admin\" \/>\n<meta name=\"twitter:card\" content=\"summary_large_image\" \/>\n<script type=\"application\/ld+json\" class=\"yoast-schema-graph\">{\"@context\":\"https:\\\/\\\/schema.org\",\"@graph\":[{\"@type\":\"Article\",\"@id\":\"https:\\\/\\\/www.organisator.ch\\\/weiterbildung\\\/2025-08-27\\\/kmu-spezifische-weiterbildung\\\/#article\",\"isPartOf\":{\"@id\":\"https:\\\/\\\/www.organisator.ch\\\/weiterbildung\\\/2025-08-27\\\/kmu-spezifische-weiterbildung\\\/\"},\"author\":{\"name\":\"admin\",\"@id\":\"https:\\\/\\\/www.organisator.ch\\\/#\\\/schema\\\/person\\\/aa2bace6c5c5aad60102004a50c4eb1c\"},\"headline\":\"KMU-spezifische Weiterbildung\",\"datePublished\":\"2025-08-27T03:26:04+00:00\",\"mainEntityOfPage\":{\"@id\":\"https:\\\/\\\/www.organisator.ch\\\/weiterbildung\\\/2025-08-27\\\/kmu-spezifische-weiterbildung\\\/\"},\"wordCount\":516,\"publisher\":{\"@id\":\"https:\\\/\\\/www.organisator.ch\\\/#organization\"},\"image\":{\"@id\":\"https:\\\/\\\/www.organisator.ch\\\/weiterbildung\\\/2025-08-27\\\/kmu-spezifische-weiterbildung\\\/#primaryimage\"},\"thumbnailUrl\":\"https:\\\/\\\/www.organisator.ch\\\/wp-content\\\/uploads\\\/2025\\\/08\\\/Weiterbildung_KMU-HSG_Bild_organisator_170367.jpg\",\"keywords\":[\"Aus- und Weiterbildung\",\"KMU-HSG\",\"Management und Unternehmensf\u00fchrung\"],\"articleSection\":[\"ABO+\",\"WEITERBILDUNG\"],\"inLanguage\":\"fr-FR\"},{\"@type\":\"WebPage\",\"@id\":\"https:\\\/\\\/www.organisator.ch\\\/weiterbildung\\\/2025-08-27\\\/kmu-spezifische-weiterbildung\\\/\",\"url\":\"https:\\\/\\\/www.organisator.ch\\\/weiterbildung\\\/2025-08-27\\\/kmu-spezifische-weiterbildung\\\/\",\"name\":\"KMU-spezifische Weiterbildung - Organisator\",\"isPartOf\":{\"@id\":\"https:\\\/\\\/www.organisator.ch\\\/#website\"},\"primaryImageOfPage\":{\"@id\":\"https:\\\/\\\/www.organisator.ch\\\/weiterbildung\\\/2025-08-27\\\/kmu-spezifische-weiterbildung\\\/#primaryimage\"},\"image\":{\"@id\":\"https:\\\/\\\/www.organisator.ch\\\/weiterbildung\\\/2025-08-27\\\/kmu-spezifische-weiterbildung\\\/#primaryimage\"},\"thumbnailUrl\":\"https:\\\/\\\/www.organisator.ch\\\/wp-content\\\/uploads\\\/2025\\\/08\\\/Weiterbildung_KMU-HSG_Bild_organisator_170367.jpg\",\"datePublished\":\"2025-08-27T03:26:04+00:00\",\"description\":\"Das Schweizerische Institut f\u00fcr KMU und Unternehmertum an der Universit\u00e4t St. Gallen bietet KMU-spezifische Weiterbildung an.\",\"breadcrumb\":{\"@id\":\"https:\\\/\\\/www.organisator.ch\\\/weiterbildung\\\/2025-08-27\\\/kmu-spezifische-weiterbildung\\\/#breadcrumb\"},\"inLanguage\":\"fr-FR\",\"potentialAction\":[{\"@type\":\"ReadAction\",\"target\":[\"https:\\\/\\\/www.organisator.ch\\\/weiterbildung\\\/2025-08-27\\\/kmu-spezifische-weiterbildung\\\/\"]}]},{\"@type\":\"ImageObject\",\"inLanguage\":\"fr-FR\",\"@id\":\"https:\\\/\\\/www.organisator.ch\\\/weiterbildung\\\/2025-08-27\\\/kmu-spezifische-weiterbildung\\\/#primaryimage\",\"url\":\"https:\\\/\\\/www.organisator.ch\\\/wp-content\\\/uploads\\\/2025\\\/08\\\/Weiterbildung_KMU-HSG_Bild_organisator_170367.jpg\",\"contentUrl\":\"https:\\\/\\\/www.organisator.ch\\\/wp-content\\\/uploads\\\/2025\\\/08\\\/Weiterbildung_KMU-HSG_Bild_organisator_170367.jpg\",\"width\":1025,\"height\":610,\"caption\":\"Dr. Heike Heckelmann, verantwortlich f\u00fcr das Seminar \u00abKMU F\u00fchrungskompetenz\u00bb am KMU-Institut der Universit\u00e4t St. Gallen. \u00a9 zVg \\\/ Uni St. Gallen\"},{\"@type\":\"BreadcrumbList\",\"@id\":\"https:\\\/\\\/www.organisator.ch\\\/weiterbildung\\\/2025-08-27\\\/kmu-spezifische-weiterbildung\\\/#breadcrumb\",\"itemListElement\":[{\"@type\":\"ListItem\",\"position\":1,\"name\":\"Home\",\"item\":\"https:\\\/\\\/www.organisator.ch\\\/\"},{\"@type\":\"ListItem\",\"position\":2,\"name\":\"KMU-spezifische Weiterbildung\"}]},{\"@type\":\"WebSite\",\"@id\":\"https:\\\/\\\/www.organisator.ch\\\/#website\",\"url\":\"https:\\\/\\\/www.organisator.ch\\\/\",\"name\":\"Organisator\",\"description\":\"Kompetent. Praxisnah. Der ORGANISATOR bereitet in 10 Ausgaben pro Jahr die wesentlichen Themen f\u00fcr F\u00fchrungskr\u00e4fte von KMU auf.\",\"publisher\":{\"@id\":\"https:\\\/\\\/www.organisator.ch\\\/#organization\"},\"potentialAction\":[{\"@type\":\"SearchAction\",\"target\":{\"@type\":\"EntryPoint\",\"urlTemplate\":\"https:\\\/\\\/www.organisator.ch\\\/?s={search_term_string}\"},\"query-input\":{\"@type\":\"PropertyValueSpecification\",\"valueRequired\":true,\"valueName\":\"search_term_string\"}}],\"inLanguage\":\"fr-FR\"},{\"@type\":\"Organization\",\"@id\":\"https:\\\/\\\/www.organisator.ch\\\/#organization\",\"name\":\"Organisator\",\"url\":\"https:\\\/\\\/www.organisator.ch\\\/\",\"logo\":{\"@type\":\"ImageObject\",\"inLanguage\":\"fr-FR\",\"@id\":\"https:\\\/\\\/www.organisator.ch\\\/#\\\/schema\\\/logo\\\/image\\\/\",\"url\":\"https:\\\/\\\/www.organisator.ch\\\/wp-content\\\/uploads\\\/2022\\\/01\\\/Logo_Organisator_Website.png\",\"contentUrl\":\"https:\\\/\\\/www.organisator.ch\\\/wp-content\\\/uploads\\\/2022\\\/01\\\/Logo_Organisator_Website.png\",\"width\":800,\"height\":77,\"caption\":\"Organisator\"},\"image\":{\"@id\":\"https:\\\/\\\/www.organisator.ch\\\/#\\\/schema\\\/logo\\\/image\\\/\"},\"sameAs\":[\"https:\\\/\\\/www.facebook.com\\\/OrganisatorFachmagazin\",\"https:\\\/\\\/www.linkedin.com\\\/showcase\\\/organisator-das-magazin-fr-kmu\",\"https:\\\/\\\/www.xing.com\\\/news\\\/pages\\\/organisator-ch-695\",\"https:\\\/\\\/www.youtube.com\\\/channel\\\/UCGP2Sq0iWaZwT3BdIAQFYpw\"]},{\"@type\":\"Person\",\"@id\":\"https:\\\/\\\/www.organisator.ch\\\/#\\\/schema\\\/person\\\/aa2bace6c5c5aad60102004a50c4eb1c\",\"name\":\"admin\",\"image\":{\"@type\":\"ImageObject\",\"inLanguage\":\"fr-FR\",\"@id\":\"https:\\\/\\\/secure.gravatar.com\\\/avatar\\\/ae2f4d718e6c49043e314ce431e7e645d646302a24a5ef5a8bc8e3f5a032e319?s=96&d=mm&r=g\",\"url\":\"https:\\\/\\\/secure.gravatar.com\\\/avatar\\\/ae2f4d718e6c49043e314ce431e7e645d646302a24a5ef5a8bc8e3f5a032e319?s=96&d=mm&r=g\",\"contentUrl\":\"https:\\\/\\\/secure.gravatar.com\\\/avatar\\\/ae2f4d718e6c49043e314ce431e7e645d646302a24a5ef5a8bc8e3f5a032e319?s=96&d=mm&r=g\",\"caption\":\"admin\"},\"sameAs\":[\"https:\\\/\\\/www.organisator.ch\"],\"url\":\"https:\\\/\\\/www.organisator.ch\\\/fr\\\/author\\\/admin\\\/\"}]}<\/script>\n<!-- \/ Yoast SEO plugin. -->","yoast_head_json":{"title":"Formation continue sp\u00e9cifique aux PME - Organisateur","description":"L'Institut suisse pour les PME et l'entrepreneuriat de l'Universit\u00e9 de Saint-Gall propose des formations continues sp\u00e9cifiques aux PME.","robots":{"index":"index","follow":"follow","max-snippet":"max-snippet:-1","max-image-preview":"max-image-preview:large","max-video-preview":"max-video-preview:-1"},"canonical":"https:\/\/www.organisator.ch\/fr\/formation-continue-2\/2025-08-27\/kmu-spezifische-weiterbildung\/","og_locale":"fr_FR","og_type":"article","og_title":"KMU-spezifische Weiterbildung - Organisator","og_description":"Das Schweizerische Institut f\u00fcr KMU und Unternehmertum an der Universit\u00e4t St. Gallen bietet KMU-spezifische Weiterbildung an.","og_url":"https:\/\/www.organisator.ch\/fr\/formation-continue-2\/2025-08-27\/kmu-spezifische-weiterbildung\/","og_site_name":"Organisator","article_publisher":"https:\/\/www.facebook.com\/OrganisatorFachmagazin","article_published_time":"2025-08-27T03:26:04+00:00","og_image":[{"width":1025,"height":610,"url":"https:\/\/www.organisator.ch\/wp-content\/uploads\/2025\/08\/Weiterbildung_KMU-HSG_Bild_organisator_170367.jpg","type":"image\/jpeg"}],"author":"admin","twitter_card":"summary_large_image","schema":{"@context":"https:\/\/schema.org","@graph":[{"@type":"Article","@id":"https:\/\/www.organisator.ch\/weiterbildung\/2025-08-27\/kmu-spezifische-weiterbildung\/#article","isPartOf":{"@id":"https:\/\/www.organisator.ch\/weiterbildung\/2025-08-27\/kmu-spezifische-weiterbildung\/"},"author":{"name":"admin","@id":"https:\/\/www.organisator.ch\/#\/schema\/person\/aa2bace6c5c5aad60102004a50c4eb1c"},"headline":"KMU-spezifische Weiterbildung","datePublished":"2025-08-27T03:26:04+00:00","mainEntityOfPage":{"@id":"https:\/\/www.organisator.ch\/weiterbildung\/2025-08-27\/kmu-spezifische-weiterbildung\/"},"wordCount":516,"publisher":{"@id":"https:\/\/www.organisator.ch\/#organization"},"image":{"@id":"https:\/\/www.organisator.ch\/weiterbildung\/2025-08-27\/kmu-spezifische-weiterbildung\/#primaryimage"},"thumbnailUrl":"https:\/\/www.organisator.ch\/wp-content\/uploads\/2025\/08\/Weiterbildung_KMU-HSG_Bild_organisator_170367.jpg","keywords":["Aus- und Weiterbildung","KMU-HSG","Management und Unternehmensf\u00fchrung"],"articleSection":["ABO+","WEITERBILDUNG"],"inLanguage":"fr-FR"},{"@type":"WebPage","@id":"https:\/\/www.organisator.ch\/weiterbildung\/2025-08-27\/kmu-spezifische-weiterbildung\/","url":"https:\/\/www.organisator.ch\/weiterbildung\/2025-08-27\/kmu-spezifische-weiterbildung\/","name":"Formation continue sp\u00e9cifique aux PME - Organisateur","isPartOf":{"@id":"https:\/\/www.organisator.ch\/#website"},"primaryImageOfPage":{"@id":"https:\/\/www.organisator.ch\/weiterbildung\/2025-08-27\/kmu-spezifische-weiterbildung\/#primaryimage"},"image":{"@id":"https:\/\/www.organisator.ch\/weiterbildung\/2025-08-27\/kmu-spezifische-weiterbildung\/#primaryimage"},"thumbnailUrl":"https:\/\/www.organisator.ch\/wp-content\/uploads\/2025\/08\/Weiterbildung_KMU-HSG_Bild_organisator_170367.jpg","datePublished":"2025-08-27T03:26:04+00:00","description":"L'Institut suisse pour les PME et l'entrepreneuriat de l'Universit\u00e9 de Saint-Gall propose des formations continues sp\u00e9cifiques aux PME.","breadcrumb":{"@id":"https:\/\/www.organisator.ch\/weiterbildung\/2025-08-27\/kmu-spezifische-weiterbildung\/#breadcrumb"},"inLanguage":"fr-FR","potentialAction":[{"@type":"ReadAction","target":["https:\/\/www.organisator.ch\/weiterbildung\/2025-08-27\/kmu-spezifische-weiterbildung\/"]}]},{"@type":"ImageObject","inLanguage":"fr-FR","@id":"https:\/\/www.organisator.ch\/weiterbildung\/2025-08-27\/kmu-spezifische-weiterbildung\/#primaryimage","url":"https:\/\/www.organisator.ch\/wp-content\/uploads\/2025\/08\/Weiterbildung_KMU-HSG_Bild_organisator_170367.jpg","contentUrl":"https:\/\/www.organisator.ch\/wp-content\/uploads\/2025\/08\/Weiterbildung_KMU-HSG_Bild_organisator_170367.jpg","width":1025,"height":610,"caption":"Dr. Heike Heckelmann, verantwortlich f\u00fcr das Seminar \u00abKMU F\u00fchrungskompetenz\u00bb am KMU-Institut der Universit\u00e4t St. Gallen. \u00a9 zVg \/ Uni St. Gallen"},{"@type":"BreadcrumbList","@id":"https:\/\/www.organisator.ch\/weiterbildung\/2025-08-27\/kmu-spezifische-weiterbildung\/#breadcrumb","itemListElement":[{"@type":"ListItem","position":1,"name":"Home","item":"https:\/\/www.organisator.ch\/"},{"@type":"ListItem","position":2,"name":"KMU-spezifische Weiterbildung"}]},{"@type":"WebSite","@id":"https:\/\/www.organisator.ch\/#website","url":"https:\/\/www.organisator.ch\/","name":"Organisateur","description":"Comp\u00e9tence et comp\u00e9tence. Proches de la pratique. L'ORGANISATEUR pr\u00e9pare 10 num\u00e9ros par an sur les th\u00e8mes essentiels pour les dirigeants de PME.","publisher":{"@id":"https:\/\/www.organisator.ch\/#organization"},"potentialAction":[{"@type":"SearchAction","target":{"@type":"EntryPoint","urlTemplate":"https:\/\/www.organisator.ch\/?s={search_term_string}"},"query-input":{"@type":"PropertyValueSpecification","valueRequired":true,"valueName":"search_term_string"}}],"inLanguage":"fr-FR"},{"@type":"Organization","@id":"https:\/\/www.organisator.ch\/#organization","name":"Organisateur","url":"https:\/\/www.organisator.ch\/","logo":{"@type":"ImageObject","inLanguage":"fr-FR","@id":"https:\/\/www.organisator.ch\/#\/schema\/logo\/image\/","url":"https:\/\/www.organisator.ch\/wp-content\/uploads\/2022\/01\/Logo_Organisator_Website.png","contentUrl":"https:\/\/www.organisator.ch\/wp-content\/uploads\/2022\/01\/Logo_Organisator_Website.png","width":800,"height":77,"caption":"Organisator"},"image":{"@id":"https:\/\/www.organisator.ch\/#\/schema\/logo\/image\/"},"sameAs":["https:\/\/www.facebook.com\/OrganisatorFachmagazin","https:\/\/www.linkedin.com\/showcase\/organisator-das-magazin-fr-kmu","https:\/\/www.xing.com\/news\/pages\/organisator-ch-695","https:\/\/www.youtube.com\/channel\/UCGP2Sq0iWaZwT3BdIAQFYpw"]},{"@type":"Person","@id":"https:\/\/www.organisator.ch\/#\/schema\/person\/aa2bace6c5c5aad60102004a50c4eb1c","name":"admin","image":{"@type":"ImageObject","inLanguage":"fr-FR","@id":"https:\/\/secure.gravatar.com\/avatar\/ae2f4d718e6c49043e314ce431e7e645d646302a24a5ef5a8bc8e3f5a032e319?s=96&d=mm&r=g","url":"https:\/\/secure.gravatar.com\/avatar\/ae2f4d718e6c49043e314ce431e7e645d646302a24a5ef5a8bc8e3f5a032e319?s=96&d=mm&r=g","contentUrl":"https:\/\/secure.gravatar.com\/avatar\/ae2f4d718e6c49043e314ce431e7e645d646302a24a5ef5a8bc8e3f5a032e319?s=96&d=mm&r=g","caption":"admin"},"sameAs":["https:\/\/www.organisator.ch"],"url":"https:\/\/www.organisator.ch\/fr\/author\/admin\/"}]}},"_links":{"self":[{"href":"https:\/\/www.organisator.ch\/fr\/wp-json\/wp\/v2\/posts\/39915","targetHints":{"allow":["GET"]}}],"collection":[{"href":"https:\/\/www.organisator.ch\/fr\/wp-json\/wp\/v2\/posts"}],"about":[{"href":"https:\/\/www.organisator.ch\/fr\/wp-json\/wp\/v2\/types\/post"}],"author":[{"embeddable":true,"href":"https:\/\/www.organisator.ch\/fr\/wp-json\/wp\/v2\/users\/1"}],"replies":[{"embeddable":true,"href":"https:\/\/www.organisator.ch\/fr\/wp-json\/wp\/v2\/comments?post=39915"}],"version-history":[{"count":2,"href":"https:\/\/www.organisator.ch\/fr\/wp-json\/wp\/v2\/posts\/39915\/revisions"}],"predecessor-version":[{"id":39936,"href":"https:\/\/www.organisator.ch\/fr\/wp-json\/wp\/v2\/posts\/39915\/revisions\/39936"}],"wp:featuredmedia":[{"embeddable":true,"href":"https:\/\/www.organisator.ch\/fr\/wp-json\/wp\/v2\/media\/39914"}],"wp:attachment":[{"href":"https:\/\/www.organisator.ch\/fr\/wp-json\/wp\/v2\/media?parent=39915"}],"wp:term":[{"taxonomy":"category","embeddable":true,"href":"https:\/\/www.organisator.ch\/fr\/wp-json\/wp\/v2\/categories?post=39915"},{"taxonomy":"post_tag","embeddable":true,"href":"https:\/\/www.organisator.ch\/fr\/wp-json\/wp\/v2\/tags?post=39915"}],"curies":[{"name":"wp","href":"https:\/\/api.w.org\/{rel}","templated":true}]}}