{"id":39918,"date":"2025-08-26T20:32:11","date_gmt":"2025-08-26T18:32:11","guid":{"rendered":"https:\/\/www.organisator.ch\/de\/?p=39918"},"modified":"2025-08-15T15:11:52","modified_gmt":"2025-08-15T13:11:52","slug":"qualitaet-im-bildungsunternehmen","status":"publish","type":"post","link":"https:\/\/www.organisator.ch\/fr\/weiterbildung\/2025-08-26\/qualitaet-im-bildungsunternehmen\/","title":{"rendered":"Qualit\u00e9 dans l'entreprise d'\u00e9ducation"},"content":{"rendered":"<div class=\"swpm-post-not-logged-in-msg\">Vous devez \u00eatre connect\u00e9 pour voir ce contenu. Veuillez <a class=\"swpm-login-link\" href=\"https:\/\/www.organisator.ch\/login\/\">Se connecter<\/a>. Pas un membre ? <a href=\"https:\/\/www.organisator.ch\/shop\/\">Nous Rejoindre<\/a><\/div>","protected":false},"excerpt":{"rendered":"<p>Dans une soci\u00e9t\u00e9 de plus en plus bas\u00e9e sur la connaissance, les entreprises d'\u00e9ducation jouent un r\u00f4le crucial. Dans ce contexte, l'assurance qualit\u00e9 est un facteur d\u00e9cisif pour garantir durablement la comp\u00e9titivit\u00e9 et la confiance des clients.<\/p>","protected":false},"author":1,"featured_media":39917,"comment_status":"closed","ping_status":"closed","sticky":false,"template":"","format":"standard","meta":{"_acf_changed":false,"_yoast_wpseo_focuskw":"Bildungsunternehmen","_yoast_wpseo_metadesc":"In einer zunehmend wissensbasierten Gesellschaft spielen Bildungsunternehmen eine wichtige Rolle. Qualit\u00e4tssicherung ist entscheidend.","articlekey":"168840","footnotes":""},"categories":[578,30],"tags":[62,3867,605],"class_list":["post-39918","post","type-post","status-publish","format-standard","has-post-thumbnail","hentry","category-abo","category-weiterbildung","tag-aus-weiterbildung","tag-normen-und-standards","tag-qualitaetsmanagement"],"acf":[],"yoast_head":"<!-- This site is optimized with the Yoast SEO plugin v27.5 - https:\/\/yoast.com\/product\/yoast-seo-wordpress\/ -->\n<title>Qualit\u00e4t im Bildungsunternehmen - Organisator<\/title>\n<meta name=\"description\" content=\"In einer zunehmend wissensbasierten Gesellschaft spielen Bildungsunternehmen eine wichtige Rolle. Qualit\u00e4tssicherung ist entscheidend.\" \/>\n<meta name=\"robots\" content=\"index, follow, max-snippet:-1, max-image-preview:large, max-video-preview:-1\" \/>\n<link rel=\"canonical\" href=\"https:\/\/www.organisator.ch\/fr\/formation-continue-2\/2025-08-26\/qualitaet-im-bildungsunternehmen\/\" \/>\n<meta property=\"og:locale\" content=\"fr_FR\" \/>\n<meta property=\"og:type\" content=\"article\" \/>\n<meta property=\"og:title\" content=\"Qualit\u00e4t im Bildungsunternehmen - Organisator\" \/>\n<meta property=\"og:description\" content=\"In einer zunehmend wissensbasierten Gesellschaft spielen Bildungsunternehmen eine wichtige Rolle. Qualit\u00e4tssicherung ist entscheidend.\" \/>\n<meta property=\"og:url\" content=\"https:\/\/www.organisator.ch\/fr\/formation-continue-2\/2025-08-26\/qualitaet-im-bildungsunternehmen\/\" \/>\n<meta property=\"og:site_name\" content=\"Organisator\" \/>\n<meta property=\"article:publisher\" content=\"https:\/\/www.facebook.com\/OrganisatorFachmagazin\" \/>\n<meta property=\"article:published_time\" content=\"2025-08-26T18:32:11+00:00\" \/>\n<meta property=\"og:image\" content=\"https:\/\/www.organisator.ch\/wp-content\/uploads\/2025\/08\/Weiterbildung_Scherer-Demann_Bild_organisator_168848-scaled.jpg\" \/>\n\t<meta property=\"og:image:width\" content=\"1400\" \/>\n\t<meta property=\"og:image:height\" content=\"1105\" \/>\n\t<meta property=\"og:image:type\" content=\"image\/jpeg\" \/>\n<meta name=\"author\" content=\"admin\" \/>\n<meta name=\"twitter:card\" content=\"summary_large_image\" \/>\n<script type=\"application\/ld+json\" class=\"yoast-schema-graph\">{\"@context\":\"https:\\\/\\\/schema.org\",\"@graph\":[{\"@type\":\"Article\",\"@id\":\"https:\\\/\\\/www.organisator.ch\\\/weiterbildung\\\/2025-08-26\\\/qualitaet-im-bildungsunternehmen\\\/#article\",\"isPartOf\":{\"@id\":\"https:\\\/\\\/www.organisator.ch\\\/weiterbildung\\\/2025-08-26\\\/qualitaet-im-bildungsunternehmen\\\/\"},\"author\":{\"name\":\"admin\",\"@id\":\"https:\\\/\\\/www.organisator.ch\\\/#\\\/schema\\\/person\\\/aa2bace6c5c5aad60102004a50c4eb1c\"},\"headline\":\"Qualit\u00e4t im Bildungsunternehmen\",\"datePublished\":\"2025-08-26T18:32:11+00:00\",\"mainEntityOfPage\":{\"@id\":\"https:\\\/\\\/www.organisator.ch\\\/weiterbildung\\\/2025-08-26\\\/qualitaet-im-bildungsunternehmen\\\/\"},\"wordCount\":970,\"publisher\":{\"@id\":\"https:\\\/\\\/www.organisator.ch\\\/#organization\"},\"image\":{\"@id\":\"https:\\\/\\\/www.organisator.ch\\\/weiterbildung\\\/2025-08-26\\\/qualitaet-im-bildungsunternehmen\\\/#primaryimage\"},\"thumbnailUrl\":\"https:\\\/\\\/www.organisator.ch\\\/wp-content\\\/uploads\\\/2025\\\/08\\\/Weiterbildung_Scherer-Demann_Bild_organisator_168848-scaled.jpg\",\"keywords\":[\"Aus-\\\/Weiterbildung\",\"Normen und Standards\",\"Qualit\u00e4tsmanagement\"],\"articleSection\":[\"ABO+\",\"WEITERBILDUNG\"],\"inLanguage\":\"fr-FR\"},{\"@type\":\"WebPage\",\"@id\":\"https:\\\/\\\/www.organisator.ch\\\/weiterbildung\\\/2025-08-26\\\/qualitaet-im-bildungsunternehmen\\\/\",\"url\":\"https:\\\/\\\/www.organisator.ch\\\/weiterbildung\\\/2025-08-26\\\/qualitaet-im-bildungsunternehmen\\\/\",\"name\":\"Qualit\u00e4t im Bildungsunternehmen - Organisator\",\"isPartOf\":{\"@id\":\"https:\\\/\\\/www.organisator.ch\\\/#website\"},\"primaryImageOfPage\":{\"@id\":\"https:\\\/\\\/www.organisator.ch\\\/weiterbildung\\\/2025-08-26\\\/qualitaet-im-bildungsunternehmen\\\/#primaryimage\"},\"image\":{\"@id\":\"https:\\\/\\\/www.organisator.ch\\\/weiterbildung\\\/2025-08-26\\\/qualitaet-im-bildungsunternehmen\\\/#primaryimage\"},\"thumbnailUrl\":\"https:\\\/\\\/www.organisator.ch\\\/wp-content\\\/uploads\\\/2025\\\/08\\\/Weiterbildung_Scherer-Demann_Bild_organisator_168848-scaled.jpg\",\"datePublished\":\"2025-08-26T18:32:11+00:00\",\"description\":\"In einer zunehmend wissensbasierten Gesellschaft spielen Bildungsunternehmen eine wichtige Rolle. Qualit\u00e4tssicherung ist entscheidend.\",\"breadcrumb\":{\"@id\":\"https:\\\/\\\/www.organisator.ch\\\/weiterbildung\\\/2025-08-26\\\/qualitaet-im-bildungsunternehmen\\\/#breadcrumb\"},\"inLanguage\":\"fr-FR\",\"potentialAction\":[{\"@type\":\"ReadAction\",\"target\":[\"https:\\\/\\\/www.organisator.ch\\\/weiterbildung\\\/2025-08-26\\\/qualitaet-im-bildungsunternehmen\\\/\"]}]},{\"@type\":\"ImageObject\",\"inLanguage\":\"fr-FR\",\"@id\":\"https:\\\/\\\/www.organisator.ch\\\/weiterbildung\\\/2025-08-26\\\/qualitaet-im-bildungsunternehmen\\\/#primaryimage\",\"url\":\"https:\\\/\\\/www.organisator.ch\\\/wp-content\\\/uploads\\\/2025\\\/08\\\/Weiterbildung_Scherer-Demann_Bild_organisator_168848-scaled.jpg\",\"contentUrl\":\"https:\\\/\\\/www.organisator.ch\\\/wp-content\\\/uploads\\\/2025\\\/08\\\/Weiterbildung_Scherer-Demann_Bild_organisator_168848-scaled.jpg\",\"width\":1400,\"height\":1105,\"caption\":\"Damit das Bildungsangebot auch h\u00e4lt, was es verspricht: Bildungsanbieter lassen sich nach eduQua oder ISO 21001 zertifizieren. \u00a9 Depositphotos.com\"},{\"@type\":\"BreadcrumbList\",\"@id\":\"https:\\\/\\\/www.organisator.ch\\\/weiterbildung\\\/2025-08-26\\\/qualitaet-im-bildungsunternehmen\\\/#breadcrumb\",\"itemListElement\":[{\"@type\":\"ListItem\",\"position\":1,\"name\":\"Home\",\"item\":\"https:\\\/\\\/www.organisator.ch\\\/\"},{\"@type\":\"ListItem\",\"position\":2,\"name\":\"Qualit\u00e4t im Bildungsunternehmen\"}]},{\"@type\":\"WebSite\",\"@id\":\"https:\\\/\\\/www.organisator.ch\\\/#website\",\"url\":\"https:\\\/\\\/www.organisator.ch\\\/\",\"name\":\"Organisator\",\"description\":\"Kompetent. Praxisnah. Der ORGANISATOR bereitet in 10 Ausgaben pro Jahr die wesentlichen Themen f\u00fcr F\u00fchrungskr\u00e4fte von KMU auf.\",\"publisher\":{\"@id\":\"https:\\\/\\\/www.organisator.ch\\\/#organization\"},\"potentialAction\":[{\"@type\":\"SearchAction\",\"target\":{\"@type\":\"EntryPoint\",\"urlTemplate\":\"https:\\\/\\\/www.organisator.ch\\\/?s={search_term_string}\"},\"query-input\":{\"@type\":\"PropertyValueSpecification\",\"valueRequired\":true,\"valueName\":\"search_term_string\"}}],\"inLanguage\":\"fr-FR\"},{\"@type\":\"Organization\",\"@id\":\"https:\\\/\\\/www.organisator.ch\\\/#organization\",\"name\":\"Organisator\",\"url\":\"https:\\\/\\\/www.organisator.ch\\\/\",\"logo\":{\"@type\":\"ImageObject\",\"inLanguage\":\"fr-FR\",\"@id\":\"https:\\\/\\\/www.organisator.ch\\\/#\\\/schema\\\/logo\\\/image\\\/\",\"url\":\"https:\\\/\\\/www.organisator.ch\\\/wp-content\\\/uploads\\\/2022\\\/01\\\/Logo_Organisator_Website.png\",\"contentUrl\":\"https:\\\/\\\/www.organisator.ch\\\/wp-content\\\/uploads\\\/2022\\\/01\\\/Logo_Organisator_Website.png\",\"width\":800,\"height\":77,\"caption\":\"Organisator\"},\"image\":{\"@id\":\"https:\\\/\\\/www.organisator.ch\\\/#\\\/schema\\\/logo\\\/image\\\/\"},\"sameAs\":[\"https:\\\/\\\/www.facebook.com\\\/OrganisatorFachmagazin\",\"https:\\\/\\\/www.linkedin.com\\\/showcase\\\/organisator-das-magazin-fr-kmu\",\"https:\\\/\\\/www.xing.com\\\/news\\\/pages\\\/organisator-ch-695\",\"https:\\\/\\\/www.youtube.com\\\/channel\\\/UCGP2Sq0iWaZwT3BdIAQFYpw\"]},{\"@type\":\"Person\",\"@id\":\"https:\\\/\\\/www.organisator.ch\\\/#\\\/schema\\\/person\\\/aa2bace6c5c5aad60102004a50c4eb1c\",\"name\":\"admin\",\"image\":{\"@type\":\"ImageObject\",\"inLanguage\":\"fr-FR\",\"@id\":\"https:\\\/\\\/secure.gravatar.com\\\/avatar\\\/ae2f4d718e6c49043e314ce431e7e645d646302a24a5ef5a8bc8e3f5a032e319?s=96&d=mm&r=g\",\"url\":\"https:\\\/\\\/secure.gravatar.com\\\/avatar\\\/ae2f4d718e6c49043e314ce431e7e645d646302a24a5ef5a8bc8e3f5a032e319?s=96&d=mm&r=g\",\"contentUrl\":\"https:\\\/\\\/secure.gravatar.com\\\/avatar\\\/ae2f4d718e6c49043e314ce431e7e645d646302a24a5ef5a8bc8e3f5a032e319?s=96&d=mm&r=g\",\"caption\":\"admin\"},\"sameAs\":[\"https:\\\/\\\/www.organisator.ch\"],\"url\":\"https:\\\/\\\/www.organisator.ch\\\/fr\\\/author\\\/admin\\\/\"}]}<\/script>\n<!-- \/ Yoast SEO plugin. -->","yoast_head_json":{"title":"Qualit\u00e9 dans l'entreprise de formation - Organisateur","description":"Dans une soci\u00e9t\u00e9 de plus en plus fond\u00e9e sur la connaissance, les entreprises d'\u00e9ducation jouent un r\u00f4le important. L'assurance qualit\u00e9 est essentielle.","robots":{"index":"index","follow":"follow","max-snippet":"max-snippet:-1","max-image-preview":"max-image-preview:large","max-video-preview":"max-video-preview:-1"},"canonical":"https:\/\/www.organisator.ch\/fr\/formation-continue-2\/2025-08-26\/qualitaet-im-bildungsunternehmen\/","og_locale":"fr_FR","og_type":"article","og_title":"Qualit\u00e4t im Bildungsunternehmen - Organisator","og_description":"In einer zunehmend wissensbasierten Gesellschaft spielen Bildungsunternehmen eine wichtige Rolle. Qualit\u00e4tssicherung ist entscheidend.","og_url":"https:\/\/www.organisator.ch\/fr\/formation-continue-2\/2025-08-26\/qualitaet-im-bildungsunternehmen\/","og_site_name":"Organisator","article_publisher":"https:\/\/www.facebook.com\/OrganisatorFachmagazin","article_published_time":"2025-08-26T18:32:11+00:00","og_image":[{"width":1400,"height":1105,"url":"https:\/\/www.organisator.ch\/wp-content\/uploads\/2025\/08\/Weiterbildung_Scherer-Demann_Bild_organisator_168848-scaled.jpg","type":"image\/jpeg"}],"author":"admin","twitter_card":"summary_large_image","schema":{"@context":"https:\/\/schema.org","@graph":[{"@type":"Article","@id":"https:\/\/www.organisator.ch\/weiterbildung\/2025-08-26\/qualitaet-im-bildungsunternehmen\/#article","isPartOf":{"@id":"https:\/\/www.organisator.ch\/weiterbildung\/2025-08-26\/qualitaet-im-bildungsunternehmen\/"},"author":{"name":"admin","@id":"https:\/\/www.organisator.ch\/#\/schema\/person\/aa2bace6c5c5aad60102004a50c4eb1c"},"headline":"Qualit\u00e4t im Bildungsunternehmen","datePublished":"2025-08-26T18:32:11+00:00","mainEntityOfPage":{"@id":"https:\/\/www.organisator.ch\/weiterbildung\/2025-08-26\/qualitaet-im-bildungsunternehmen\/"},"wordCount":970,"publisher":{"@id":"https:\/\/www.organisator.ch\/#organization"},"image":{"@id":"https:\/\/www.organisator.ch\/weiterbildung\/2025-08-26\/qualitaet-im-bildungsunternehmen\/#primaryimage"},"thumbnailUrl":"https:\/\/www.organisator.ch\/wp-content\/uploads\/2025\/08\/Weiterbildung_Scherer-Demann_Bild_organisator_168848-scaled.jpg","keywords":["Aus-\/Weiterbildung","Normen und Standards","Qualit\u00e4tsmanagement"],"articleSection":["ABO+","WEITERBILDUNG"],"inLanguage":"fr-FR"},{"@type":"WebPage","@id":"https:\/\/www.organisator.ch\/weiterbildung\/2025-08-26\/qualitaet-im-bildungsunternehmen\/","url":"https:\/\/www.organisator.ch\/weiterbildung\/2025-08-26\/qualitaet-im-bildungsunternehmen\/","name":"Qualit\u00e9 dans l'entreprise de formation - Organisateur","isPartOf":{"@id":"https:\/\/www.organisator.ch\/#website"},"primaryImageOfPage":{"@id":"https:\/\/www.organisator.ch\/weiterbildung\/2025-08-26\/qualitaet-im-bildungsunternehmen\/#primaryimage"},"image":{"@id":"https:\/\/www.organisator.ch\/weiterbildung\/2025-08-26\/qualitaet-im-bildungsunternehmen\/#primaryimage"},"thumbnailUrl":"https:\/\/www.organisator.ch\/wp-content\/uploads\/2025\/08\/Weiterbildung_Scherer-Demann_Bild_organisator_168848-scaled.jpg","datePublished":"2025-08-26T18:32:11+00:00","description":"Dans une soci\u00e9t\u00e9 de plus en plus fond\u00e9e sur la connaissance, les entreprises d'\u00e9ducation jouent un r\u00f4le important. L'assurance qualit\u00e9 est essentielle.","breadcrumb":{"@id":"https:\/\/www.organisator.ch\/weiterbildung\/2025-08-26\/qualitaet-im-bildungsunternehmen\/#breadcrumb"},"inLanguage":"fr-FR","potentialAction":[{"@type":"ReadAction","target":["https:\/\/www.organisator.ch\/weiterbildung\/2025-08-26\/qualitaet-im-bildungsunternehmen\/"]}]},{"@type":"ImageObject","inLanguage":"fr-FR","@id":"https:\/\/www.organisator.ch\/weiterbildung\/2025-08-26\/qualitaet-im-bildungsunternehmen\/#primaryimage","url":"https:\/\/www.organisator.ch\/wp-content\/uploads\/2025\/08\/Weiterbildung_Scherer-Demann_Bild_organisator_168848-scaled.jpg","contentUrl":"https:\/\/www.organisator.ch\/wp-content\/uploads\/2025\/08\/Weiterbildung_Scherer-Demann_Bild_organisator_168848-scaled.jpg","width":1400,"height":1105,"caption":"Damit das Bildungsangebot auch h\u00e4lt, was es verspricht: Bildungsanbieter lassen sich nach eduQua oder ISO 21001 zertifizieren. \u00a9 Depositphotos.com"},{"@type":"BreadcrumbList","@id":"https:\/\/www.organisator.ch\/weiterbildung\/2025-08-26\/qualitaet-im-bildungsunternehmen\/#breadcrumb","itemListElement":[{"@type":"ListItem","position":1,"name":"Home","item":"https:\/\/www.organisator.ch\/"},{"@type":"ListItem","position":2,"name":"Qualit\u00e4t im Bildungsunternehmen"}]},{"@type":"WebSite","@id":"https:\/\/www.organisator.ch\/#website","url":"https:\/\/www.organisator.ch\/","name":"Organisateur","description":"Comp\u00e9tence et comp\u00e9tence. Proches de la pratique. L'ORGANISATEUR pr\u00e9pare 10 num\u00e9ros par an sur les th\u00e8mes essentiels pour les dirigeants de PME.","publisher":{"@id":"https:\/\/www.organisator.ch\/#organization"},"potentialAction":[{"@type":"SearchAction","target":{"@type":"EntryPoint","urlTemplate":"https:\/\/www.organisator.ch\/?s={search_term_string}"},"query-input":{"@type":"PropertyValueSpecification","valueRequired":true,"valueName":"search_term_string"}}],"inLanguage":"fr-FR"},{"@type":"Organization","@id":"https:\/\/www.organisator.ch\/#organization","name":"Organisateur","url":"https:\/\/www.organisator.ch\/","logo":{"@type":"ImageObject","inLanguage":"fr-FR","@id":"https:\/\/www.organisator.ch\/#\/schema\/logo\/image\/","url":"https:\/\/www.organisator.ch\/wp-content\/uploads\/2022\/01\/Logo_Organisator_Website.png","contentUrl":"https:\/\/www.organisator.ch\/wp-content\/uploads\/2022\/01\/Logo_Organisator_Website.png","width":800,"height":77,"caption":"Organisator"},"image":{"@id":"https:\/\/www.organisator.ch\/#\/schema\/logo\/image\/"},"sameAs":["https:\/\/www.facebook.com\/OrganisatorFachmagazin","https:\/\/www.linkedin.com\/showcase\/organisator-das-magazin-fr-kmu","https:\/\/www.xing.com\/news\/pages\/organisator-ch-695","https:\/\/www.youtube.com\/channel\/UCGP2Sq0iWaZwT3BdIAQFYpw"]},{"@type":"Person","@id":"https:\/\/www.organisator.ch\/#\/schema\/person\/aa2bace6c5c5aad60102004a50c4eb1c","name":"admin","image":{"@type":"ImageObject","inLanguage":"fr-FR","@id":"https:\/\/secure.gravatar.com\/avatar\/ae2f4d718e6c49043e314ce431e7e645d646302a24a5ef5a8bc8e3f5a032e319?s=96&d=mm&r=g","url":"https:\/\/secure.gravatar.com\/avatar\/ae2f4d718e6c49043e314ce431e7e645d646302a24a5ef5a8bc8e3f5a032e319?s=96&d=mm&r=g","contentUrl":"https:\/\/secure.gravatar.com\/avatar\/ae2f4d718e6c49043e314ce431e7e645d646302a24a5ef5a8bc8e3f5a032e319?s=96&d=mm&r=g","caption":"admin"},"sameAs":["https:\/\/www.organisator.ch"],"url":"https:\/\/www.organisator.ch\/fr\/author\/admin\/"}]}},"_links":{"self":[{"href":"https:\/\/www.organisator.ch\/fr\/wp-json\/wp\/v2\/posts\/39918","targetHints":{"allow":["GET"]}}],"collection":[{"href":"https:\/\/www.organisator.ch\/fr\/wp-json\/wp\/v2\/posts"}],"about":[{"href":"https:\/\/www.organisator.ch\/fr\/wp-json\/wp\/v2\/types\/post"}],"author":[{"embeddable":true,"href":"https:\/\/www.organisator.ch\/fr\/wp-json\/wp\/v2\/users\/1"}],"replies":[{"embeddable":true,"href":"https:\/\/www.organisator.ch\/fr\/wp-json\/wp\/v2\/comments?post=39918"}],"version-history":[{"count":2,"href":"https:\/\/www.organisator.ch\/fr\/wp-json\/wp\/v2\/posts\/39918\/revisions"}],"predecessor-version":[{"id":39934,"href":"https:\/\/www.organisator.ch\/fr\/wp-json\/wp\/v2\/posts\/39918\/revisions\/39934"}],"wp:featuredmedia":[{"embeddable":true,"href":"https:\/\/www.organisator.ch\/fr\/wp-json\/wp\/v2\/media\/39917"}],"wp:attachment":[{"href":"https:\/\/www.organisator.ch\/fr\/wp-json\/wp\/v2\/media?parent=39918"}],"wp:term":[{"taxonomy":"category","embeddable":true,"href":"https:\/\/www.organisator.ch\/fr\/wp-json\/wp\/v2\/categories?post=39918"},{"taxonomy":"post_tag","embeddable":true,"href":"https:\/\/www.organisator.ch\/fr\/wp-json\/wp\/v2\/tags?post=39918"}],"curies":[{"name":"wp","href":"https:\/\/api.w.org\/{rel}","templated":true}]}}