{"id":39945,"date":"2025-08-18T08:11:11","date_gmt":"2025-08-18T06:11:11","guid":{"rendered":"https:\/\/www.m-q.ch\/?p=21827"},"modified":"2025-08-18T08:35:00","modified_gmt":"2025-08-18T06:35:00","slug":"tagung-chemikaliensicherheit-und-explosionsschutz-wo-fehlts","status":"publish","type":"post","link":"https:\/\/www.organisator.ch\/fr\/operational-excellence\/2025-08-18\/tagung-chemikaliensicherheit-und-explosionsschutz-wo-fehlts\/","title":{"rendered":"Congr\u00e8s : \"S\u00e9curit\u00e9 des produits chimiques et protection contre les explosions : o\u00f9 manque-t-il ?\""},"content":{"rendered":"<figure id=\"attachment_21828\" class=\"wp-caption alignnone\" style=\"width: 680px;\" aria-describedby=\"caption-attachment-21828\"><img class=\"size-full wp-image-21828\" src=\"https:\/\/www.m-q.ch\/wp-content\/uploads\/2025\/08\/Tagung-Chemikaliensicherheit-und-Explosionsschutz-Wo-fehlts_MQ.jpg\" sizes=\"(max-width: 680px) 100vw, 680px\" srcset=\"https:\/\/www.m-q.ch\/wp-content\/uploads\/2025\/08\/Tagung-Chemikaliensicherheit-und-Explosionsschutz-Wo-fehlts_MQ.jpg 680w, https:\/\/www.m-q.ch\/wp-content\/uploads\/2025\/08\/Tagung-Chemikaliensicherheit-und-Explosionsschutz-Wo-fehlts_MQ-18x10.jpg 18w, https:\/\/www.m-q.ch\/wp-content\/uploads\/2025\/08\/Tagung-Chemikaliensicherheit-und-Explosionsschutz-Wo-fehlts_MQ-375x211.jpg 375w, https:\/\/www.m-q.ch\/wp-content\/uploads\/2025\/08\/Tagung-Chemikaliensicherheit-und-Explosionsschutz-Wo-fehlts_MQ-621x350.jpg 621w\" alt=\"\" width=\"680\" height=\"383\" \/>\r\n<figcaption id=\"caption-attachment-21828\" class=\"wp-caption-text\">Divers sp\u00e9cialistes feront des expos\u00e9s sur la s\u00e9curit\u00e9 des produits chimiques et la protection contre les explosions le 6 novembre 2025. (Image : zVg \/ SAVE AG)<\/figcaption>\r\n<\/figure>\r\n<p>La manipulation correcte de substances inflammables, corrosives, toxiques ou explosives est essentielle pour minimiser les risques pour les personnes, l'environnement et les biens. Les prescriptions l\u00e9gales sont nombreuses - mais dans la pratique, de nombreuses questions se posent : comment mettre en \u0153uvre efficacement la r\u00e9tention des eaux d'extinction ? Que faire en cas d'accident chimique dans l'entreprise ? Quelles sont les cons\u00e9quences de l'interdiction ou du remplacement de certaines substances ? Et comment conserver le savoir-faire malgr\u00e9 le changement de personnel dans l'entreprise ? Tout cela entra\u00eene des d\u00e9fis pour les entreprises de traitement de produits chimiques, les responsables de projets ainsi que les autorit\u00e9s d'ex\u00e9cution et les assureurs.<\/p>\r\n<p>Souvent, le savoir-faire existant est perdu en raison d'un changement de personnel, ce qui peut conduire \u00e0 de nouvelles lacunes en mati\u00e8re de s\u00e9curit\u00e9. Il est donc imp\u00e9ratif de v\u00e9rifier r\u00e9guli\u00e8rement l'utilisation conforme aux prescriptions et aux r\u00e8gles de l'art des produits chimiques dans l'entreprise ainsi que les mesures de s\u00e9curit\u00e9 et de les adapter aux nouvelles circonstances gr\u00e2ce \u00e0 des connaissances approfondies. Gr\u00e2ce \u00e0 un programme ax\u00e9 sur la pratique, les expos\u00e9s abordent les questions susmentionn\u00e9es et d'autres encore. Des experts issus de l'ex\u00e9cution, de la planification et de l'application transmettront des connaissances actuelles, proposeront des solutions et mettront en lumi\u00e8re les points faibles fr\u00e9quents dans le quotidien des entreprises. Des recommandations concr\u00e8tes pour l'adaptation du syst\u00e8me de s\u00e9curit\u00e9 dans les entreprises o\u00f9 l'on travaille avec des produits chimiques et o\u00f9 il existe des risques d'explosion sont en perspective.<\/p>\r\n<p>Le congr\u00e8s r\u00e9unit les diff\u00e9rents acteurs et favorise un \u00e9change fond\u00e9 entre les professionnels confront\u00e9s \u00e0 des questions et des t\u00e2ches similaires.<\/p>\r\n<p><em>Plus d'informations et inscription : <a href=\"https:\/\/save.ch\/event\/chemikaliensicherheit-2025\/\">https:\/\/save.ch\/event\/chemikaliensicherheit-2025\/<\/a><\/em><\/p>\n<p class=\"syndicated-attribution\">Cet article est paru initialement sur m-q.ch - <a href=\"https:\/\/www.m-q.ch\/de\/tagung-chemikaliensicherheit-und-explosionsschutz-wo-fehlts\/\" target=\"_blank\">https:\/\/www.m-q.ch\/de\/tagung-chemikaliensicherheit-und-explosionsschutz-wo-fehlts\/<\/a><\/p>","protected":false},"excerpt":{"rendered":"<p>Le congr\u00e8s \"S\u00e9curit\u00e9 des produits chimiques et protection contre les explosions : o\u00f9 est le manque ?\" sera consacr\u00e9 le 6 novembre 2025 aux d\u00e9fis croissants li\u00e9s \u00e0 la manipulation des substances dangereuses dans l'industrie et l'artisanat. Compte tenu des exigences l\u00e9gales croissantes, des \u00e9volutions techniques et des changements organisationnels, la manipulation appropri\u00e9e et s\u00fbre des produits chimiques devient une t\u00e2che de plus en plus complexe pour les entreprises.<\/p>","protected":false},"author":8,"featured_media":0,"comment_status":"closed","ping_status":"closed","sticky":false,"template":"","format":"standard","meta":{"_acf_changed":false,"_yoast_wpseo_focuskw":"Chemikaliensicherheit","_yoast_wpseo_metadesc":"Die Tagung \u00abChemikaliensicherheit und Explosionsschutz: Wo fehlt\u2019s?\u00bb widmet sich am 6. November 2025 dem Umgang mit Gefahrstoffen.","articlekey":"","footnotes":""},"categories":[582],"tags":[62,5475,1150,2934,418],"class_list":["post-39945","post","type-post","status-publish","format-standard","hentry","category-operational-excellence","tag-aus-weiterbildung","tag-chemikaliensicherheit","tag-fachtagung","tag-gefahrstoffe","tag-risikomanagement"],"acf":[],"yoast_head":"<!-- This site is optimized with the Yoast SEO plugin v27.5 - https:\/\/yoast.com\/product\/yoast-seo-wordpress\/ -->\n<title>Tagung: \u00abChemikaliensicherheit und Explosionsschutz: Wo fehlt\u2019s?\u00bb - Organisator<\/title>\n<meta name=\"description\" content=\"Die Tagung \u00abChemikaliensicherheit und Explosionsschutz: Wo fehlt\u2019s?\u00bb widmet sich am 6. November 2025 dem Umgang mit Gefahrstoffen.\" \/>\n<meta name=\"robots\" content=\"index, follow, max-snippet:-1, max-image-preview:large, max-video-preview:-1\" \/>\n<link rel=\"canonical\" href=\"https:\/\/www.organisator.ch\/fr\/excellence-operationnelle\/2025-08-18\/tagung-chemikaliensicherheit-und-explosionsschutz-wo-fehlts\/\" \/>\n<meta property=\"og:locale\" content=\"fr_FR\" \/>\n<meta property=\"og:type\" content=\"article\" \/>\n<meta property=\"og:title\" content=\"Tagung: \u00abChemikaliensicherheit und Explosionsschutz: Wo fehlt\u2019s?\u00bb - Organisator\" \/>\n<meta property=\"og:description\" content=\"Die Tagung \u00abChemikaliensicherheit und Explosionsschutz: Wo fehlt\u2019s?\u00bb widmet sich am 6. November 2025 dem Umgang mit Gefahrstoffen.\" \/>\n<meta property=\"og:url\" content=\"https:\/\/www.organisator.ch\/fr\/excellence-operationnelle\/2025-08-18\/tagung-chemikaliensicherheit-und-explosionsschutz-wo-fehlts\/\" \/>\n<meta property=\"og:site_name\" content=\"Organisator\" \/>\n<meta property=\"article:publisher\" content=\"https:\/\/www.facebook.com\/OrganisatorFachmagazin\" \/>\n<meta property=\"article:published_time\" content=\"2025-08-18T06:11:11+00:00\" \/>\n<meta property=\"article:modified_time\" content=\"2025-08-18T06:35:00+00:00\" \/>\n<meta property=\"og:image\" content=\"https:\/\/www.organisator.ch\/wp-content\/uploads\/2023\/09\/IT-Logix-eroeffnet-Standort-in-Basel_Organisator.jpg\" \/>\n\t<meta property=\"og:image:width\" content=\"680\" \/>\n\t<meta property=\"og:image:height\" content=\"555\" \/>\n\t<meta property=\"og:image:type\" content=\"image\/jpeg\" \/>\n<meta name=\"author\" content=\"galledia\" \/>\n<meta name=\"twitter:card\" content=\"summary_large_image\" \/>\n<meta name=\"twitter:creator\" content=\"@admin\" \/>\n<script type=\"application\/ld+json\" class=\"yoast-schema-graph\">{\"@context\":\"https:\\\/\\\/schema.org\",\"@graph\":[{\"@type\":\"Article\",\"@id\":\"https:\\\/\\\/www.organisator.ch\\\/operational-excellence\\\/2025-08-18\\\/tagung-chemikaliensicherheit-und-explosionsschutz-wo-fehlts\\\/#article\",\"isPartOf\":{\"@id\":\"https:\\\/\\\/www.organisator.ch\\\/operational-excellence\\\/2025-08-18\\\/tagung-chemikaliensicherheit-und-explosionsschutz-wo-fehlts\\\/\"},\"author\":{\"name\":\"galledia\",\"@id\":\"https:\\\/\\\/www.organisator.ch\\\/#\\\/schema\\\/person\\\/4e51799071cd2dd1232ac003643ef5f0\"},\"headline\":\"Tagung: \u00abChemikaliensicherheit und Explosionsschutz: Wo fehlt\u2019s?\u00bb\",\"datePublished\":\"2025-08-18T06:11:11+00:00\",\"dateModified\":\"2025-08-18T06:35:00+00:00\",\"mainEntityOfPage\":{\"@id\":\"https:\\\/\\\/www.organisator.ch\\\/operational-excellence\\\/2025-08-18\\\/tagung-chemikaliensicherheit-und-explosionsschutz-wo-fehlts\\\/\"},\"wordCount\":247,\"publisher\":{\"@id\":\"https:\\\/\\\/www.organisator.ch\\\/#organization\"},\"image\":{\"@id\":\"https:\\\/\\\/www.organisator.ch\\\/operational-excellence\\\/2025-08-18\\\/tagung-chemikaliensicherheit-und-explosionsschutz-wo-fehlts\\\/#primaryimage\"},\"thumbnailUrl\":\"https:\\\/\\\/www.m-q.ch\\\/wp-content\\\/uploads\\\/2025\\\/08\\\/Tagung-Chemikaliensicherheit-und-Explosionsschutz-Wo-fehlts_MQ.jpg\",\"keywords\":[\"Aus-\\\/Weiterbildung\",\"Chemikaliensicherheit\",\"Fachtagung\",\"Gefahrstoffe\",\"Risikomanagement\"],\"articleSection\":[\"OPERATIONAL EXCELLENCE\"],\"inLanguage\":\"fr-FR\"},{\"@type\":\"WebPage\",\"@id\":\"https:\\\/\\\/www.organisator.ch\\\/operational-excellence\\\/2025-08-18\\\/tagung-chemikaliensicherheit-und-explosionsschutz-wo-fehlts\\\/\",\"url\":\"https:\\\/\\\/www.organisator.ch\\\/operational-excellence\\\/2025-08-18\\\/tagung-chemikaliensicherheit-und-explosionsschutz-wo-fehlts\\\/\",\"name\":\"Tagung: \u00abChemikaliensicherheit und Explosionsschutz: Wo fehlt\u2019s?\u00bb - Organisator\",\"isPartOf\":{\"@id\":\"https:\\\/\\\/www.organisator.ch\\\/#website\"},\"primaryImageOfPage\":{\"@id\":\"https:\\\/\\\/www.organisator.ch\\\/operational-excellence\\\/2025-08-18\\\/tagung-chemikaliensicherheit-und-explosionsschutz-wo-fehlts\\\/#primaryimage\"},\"image\":{\"@id\":\"https:\\\/\\\/www.organisator.ch\\\/operational-excellence\\\/2025-08-18\\\/tagung-chemikaliensicherheit-und-explosionsschutz-wo-fehlts\\\/#primaryimage\"},\"thumbnailUrl\":\"https:\\\/\\\/www.m-q.ch\\\/wp-content\\\/uploads\\\/2025\\\/08\\\/Tagung-Chemikaliensicherheit-und-Explosionsschutz-Wo-fehlts_MQ.jpg\",\"datePublished\":\"2025-08-18T06:11:11+00:00\",\"dateModified\":\"2025-08-18T06:35:00+00:00\",\"description\":\"Die Tagung \u00abChemikaliensicherheit und Explosionsschutz: Wo fehlt\u2019s?\u00bb widmet sich am 6. November 2025 dem Umgang mit Gefahrstoffen.\",\"breadcrumb\":{\"@id\":\"https:\\\/\\\/www.organisator.ch\\\/operational-excellence\\\/2025-08-18\\\/tagung-chemikaliensicherheit-und-explosionsschutz-wo-fehlts\\\/#breadcrumb\"},\"inLanguage\":\"fr-FR\",\"potentialAction\":[{\"@type\":\"ReadAction\",\"target\":[\"https:\\\/\\\/www.organisator.ch\\\/operational-excellence\\\/2025-08-18\\\/tagung-chemikaliensicherheit-und-explosionsschutz-wo-fehlts\\\/\"]}]},{\"@type\":\"ImageObject\",\"inLanguage\":\"fr-FR\",\"@id\":\"https:\\\/\\\/www.organisator.ch\\\/operational-excellence\\\/2025-08-18\\\/tagung-chemikaliensicherheit-und-explosionsschutz-wo-fehlts\\\/#primaryimage\",\"url\":\"https:\\\/\\\/www.m-q.ch\\\/wp-content\\\/uploads\\\/2025\\\/08\\\/Tagung-Chemikaliensicherheit-und-Explosionsschutz-Wo-fehlts_MQ.jpg\",\"contentUrl\":\"https:\\\/\\\/www.m-q.ch\\\/wp-content\\\/uploads\\\/2025\\\/08\\\/Tagung-Chemikaliensicherheit-und-Explosionsschutz-Wo-fehlts_MQ.jpg\"},{\"@type\":\"BreadcrumbList\",\"@id\":\"https:\\\/\\\/www.organisator.ch\\\/operational-excellence\\\/2025-08-18\\\/tagung-chemikaliensicherheit-und-explosionsschutz-wo-fehlts\\\/#breadcrumb\",\"itemListElement\":[{\"@type\":\"ListItem\",\"position\":1,\"name\":\"Home\",\"item\":\"https:\\\/\\\/www.organisator.ch\\\/\"},{\"@type\":\"ListItem\",\"position\":2,\"name\":\"Tagung: \u00abChemikaliensicherheit und Explosionsschutz: Wo fehlt\u2019s?\u00bb\"}]},{\"@type\":\"WebSite\",\"@id\":\"https:\\\/\\\/www.organisator.ch\\\/#website\",\"url\":\"https:\\\/\\\/www.organisator.ch\\\/\",\"name\":\"Organisator\",\"description\":\"Kompetent. Praxisnah. Der ORGANISATOR bereitet in 10 Ausgaben pro Jahr die wesentlichen Themen f\u00fcr F\u00fchrungskr\u00e4fte von KMU auf.\",\"publisher\":{\"@id\":\"https:\\\/\\\/www.organisator.ch\\\/#organization\"},\"potentialAction\":[{\"@type\":\"SearchAction\",\"target\":{\"@type\":\"EntryPoint\",\"urlTemplate\":\"https:\\\/\\\/www.organisator.ch\\\/?s={search_term_string}\"},\"query-input\":{\"@type\":\"PropertyValueSpecification\",\"valueRequired\":true,\"valueName\":\"search_term_string\"}}],\"inLanguage\":\"fr-FR\"},{\"@type\":\"Organization\",\"@id\":\"https:\\\/\\\/www.organisator.ch\\\/#organization\",\"name\":\"Organisator\",\"url\":\"https:\\\/\\\/www.organisator.ch\\\/\",\"logo\":{\"@type\":\"ImageObject\",\"inLanguage\":\"fr-FR\",\"@id\":\"https:\\\/\\\/www.organisator.ch\\\/#\\\/schema\\\/logo\\\/image\\\/\",\"url\":\"https:\\\/\\\/www.organisator.ch\\\/wp-content\\\/uploads\\\/2022\\\/01\\\/Logo_Organisator_Website.png\",\"contentUrl\":\"https:\\\/\\\/www.organisator.ch\\\/wp-content\\\/uploads\\\/2022\\\/01\\\/Logo_Organisator_Website.png\",\"width\":800,\"height\":77,\"caption\":\"Organisator\"},\"image\":{\"@id\":\"https:\\\/\\\/www.organisator.ch\\\/#\\\/schema\\\/logo\\\/image\\\/\"},\"sameAs\":[\"https:\\\/\\\/www.facebook.com\\\/OrganisatorFachmagazin\",\"https:\\\/\\\/www.linkedin.com\\\/showcase\\\/organisator-das-magazin-fr-kmu\",\"https:\\\/\\\/www.xing.com\\\/news\\\/pages\\\/organisator-ch-695\",\"https:\\\/\\\/www.youtube.com\\\/channel\\\/UCGP2Sq0iWaZwT3BdIAQFYpw\"]},{\"@type\":\"Person\",\"@id\":\"https:\\\/\\\/www.organisator.ch\\\/#\\\/schema\\\/person\\\/4e51799071cd2dd1232ac003643ef5f0\",\"name\":\"galledia\",\"image\":{\"@type\":\"ImageObject\",\"inLanguage\":\"fr-FR\",\"@id\":\"https:\\\/\\\/secure.gravatar.com\\\/avatar\\\/78a7f90c01fc2bfc875782a0d4922b37cde2cf184ce347b91316d23cd7f69a36?s=96&d=mm&r=g\",\"url\":\"https:\\\/\\\/secure.gravatar.com\\\/avatar\\\/78a7f90c01fc2bfc875782a0d4922b37cde2cf184ce347b91316d23cd7f69a36?s=96&d=mm&r=g\",\"contentUrl\":\"https:\\\/\\\/secure.gravatar.com\\\/avatar\\\/78a7f90c01fc2bfc875782a0d4922b37cde2cf184ce347b91316d23cd7f69a36?s=96&d=mm&r=g\",\"caption\":\"galledia\"},\"sameAs\":[\"https:\\\/\\\/x.com\\\/admin\"],\"url\":\"https:\\\/\\\/www.organisator.ch\\\/fr\\\/author\\\/galledia\\\/\"}]}<\/script>\n<!-- \/ Yoast SEO plugin. -->","yoast_head_json":{"title":"Congr\u00e8s : \"S\u00e9curit\u00e9 des produits chimiques et protection contre les explosions : o\u00f9 manque-t-il ?\" - Organisateur","description":"La conf\u00e9rence \"S\u00e9curit\u00e9 des produits chimiques et protection contre les explosions : o\u00f9 est le manque ?\" sera consacr\u00e9e le 6 novembre 2025 \u00e0 la gestion des substances dangereuses.","robots":{"index":"index","follow":"follow","max-snippet":"max-snippet:-1","max-image-preview":"max-image-preview:large","max-video-preview":"max-video-preview:-1"},"canonical":"https:\/\/www.organisator.ch\/fr\/excellence-operationnelle\/2025-08-18\/tagung-chemikaliensicherheit-und-explosionsschutz-wo-fehlts\/","og_locale":"fr_FR","og_type":"article","og_title":"Tagung: \u00abChemikaliensicherheit und Explosionsschutz: Wo fehlt\u2019s?\u00bb - Organisator","og_description":"Die Tagung \u00abChemikaliensicherheit und Explosionsschutz: Wo fehlt\u2019s?\u00bb widmet sich am 6. November 2025 dem Umgang mit Gefahrstoffen.","og_url":"https:\/\/www.organisator.ch\/fr\/excellence-operationnelle\/2025-08-18\/tagung-chemikaliensicherheit-und-explosionsschutz-wo-fehlts\/","og_site_name":"Organisator","article_publisher":"https:\/\/www.facebook.com\/OrganisatorFachmagazin","article_published_time":"2025-08-18T06:11:11+00:00","article_modified_time":"2025-08-18T06:35:00+00:00","og_image":[{"width":680,"height":555,"url":"https:\/\/www.organisator.ch\/wp-content\/uploads\/2023\/09\/IT-Logix-eroeffnet-Standort-in-Basel_Organisator.jpg","type":"image\/jpeg"}],"author":"galledia","twitter_card":"summary_large_image","twitter_creator":"@admin","schema":{"@context":"https:\/\/schema.org","@graph":[{"@type":"Article","@id":"https:\/\/www.organisator.ch\/operational-excellence\/2025-08-18\/tagung-chemikaliensicherheit-und-explosionsschutz-wo-fehlts\/#article","isPartOf":{"@id":"https:\/\/www.organisator.ch\/operational-excellence\/2025-08-18\/tagung-chemikaliensicherheit-und-explosionsschutz-wo-fehlts\/"},"author":{"name":"galledia","@id":"https:\/\/www.organisator.ch\/#\/schema\/person\/4e51799071cd2dd1232ac003643ef5f0"},"headline":"Tagung: \u00abChemikaliensicherheit und Explosionsschutz: Wo fehlt\u2019s?\u00bb","datePublished":"2025-08-18T06:11:11+00:00","dateModified":"2025-08-18T06:35:00+00:00","mainEntityOfPage":{"@id":"https:\/\/www.organisator.ch\/operational-excellence\/2025-08-18\/tagung-chemikaliensicherheit-und-explosionsschutz-wo-fehlts\/"},"wordCount":247,"publisher":{"@id":"https:\/\/www.organisator.ch\/#organization"},"image":{"@id":"https:\/\/www.organisator.ch\/operational-excellence\/2025-08-18\/tagung-chemikaliensicherheit-und-explosionsschutz-wo-fehlts\/#primaryimage"},"thumbnailUrl":"https:\/\/www.m-q.ch\/wp-content\/uploads\/2025\/08\/Tagung-Chemikaliensicherheit-und-Explosionsschutz-Wo-fehlts_MQ.jpg","keywords":["Aus-\/Weiterbildung","Chemikaliensicherheit","Fachtagung","Gefahrstoffe","Risikomanagement"],"articleSection":["OPERATIONAL EXCELLENCE"],"inLanguage":"fr-FR"},{"@type":"WebPage","@id":"https:\/\/www.organisator.ch\/operational-excellence\/2025-08-18\/tagung-chemikaliensicherheit-und-explosionsschutz-wo-fehlts\/","url":"https:\/\/www.organisator.ch\/operational-excellence\/2025-08-18\/tagung-chemikaliensicherheit-und-explosionsschutz-wo-fehlts\/","name":"Congr\u00e8s : \"S\u00e9curit\u00e9 des produits chimiques et protection contre les explosions : o\u00f9 manque-t-il ?\" - Organisateur","isPartOf":{"@id":"https:\/\/www.organisator.ch\/#website"},"primaryImageOfPage":{"@id":"https:\/\/www.organisator.ch\/operational-excellence\/2025-08-18\/tagung-chemikaliensicherheit-und-explosionsschutz-wo-fehlts\/#primaryimage"},"image":{"@id":"https:\/\/www.organisator.ch\/operational-excellence\/2025-08-18\/tagung-chemikaliensicherheit-und-explosionsschutz-wo-fehlts\/#primaryimage"},"thumbnailUrl":"https:\/\/www.m-q.ch\/wp-content\/uploads\/2025\/08\/Tagung-Chemikaliensicherheit-und-Explosionsschutz-Wo-fehlts_MQ.jpg","datePublished":"2025-08-18T06:11:11+00:00","dateModified":"2025-08-18T06:35:00+00:00","description":"La conf\u00e9rence \"S\u00e9curit\u00e9 des produits chimiques et protection contre les explosions : o\u00f9 est le manque ?\" sera consacr\u00e9e le 6 novembre 2025 \u00e0 la gestion des substances dangereuses.","breadcrumb":{"@id":"https:\/\/www.organisator.ch\/operational-excellence\/2025-08-18\/tagung-chemikaliensicherheit-und-explosionsschutz-wo-fehlts\/#breadcrumb"},"inLanguage":"fr-FR","potentialAction":[{"@type":"ReadAction","target":["https:\/\/www.organisator.ch\/operational-excellence\/2025-08-18\/tagung-chemikaliensicherheit-und-explosionsschutz-wo-fehlts\/"]}]},{"@type":"ImageObject","inLanguage":"fr-FR","@id":"https:\/\/www.organisator.ch\/operational-excellence\/2025-08-18\/tagung-chemikaliensicherheit-und-explosionsschutz-wo-fehlts\/#primaryimage","url":"https:\/\/www.m-q.ch\/wp-content\/uploads\/2025\/08\/Tagung-Chemikaliensicherheit-und-Explosionsschutz-Wo-fehlts_MQ.jpg","contentUrl":"https:\/\/www.m-q.ch\/wp-content\/uploads\/2025\/08\/Tagung-Chemikaliensicherheit-und-Explosionsschutz-Wo-fehlts_MQ.jpg"},{"@type":"BreadcrumbList","@id":"https:\/\/www.organisator.ch\/operational-excellence\/2025-08-18\/tagung-chemikaliensicherheit-und-explosionsschutz-wo-fehlts\/#breadcrumb","itemListElement":[{"@type":"ListItem","position":1,"name":"Home","item":"https:\/\/www.organisator.ch\/"},{"@type":"ListItem","position":2,"name":"Tagung: \u00abChemikaliensicherheit und Explosionsschutz: Wo fehlt\u2019s?\u00bb"}]},{"@type":"WebSite","@id":"https:\/\/www.organisator.ch\/#website","url":"https:\/\/www.organisator.ch\/","name":"Organisateur","description":"Comp\u00e9tence et comp\u00e9tence. Proches de la pratique. L'ORGANISATEUR pr\u00e9pare 10 num\u00e9ros par an sur les th\u00e8mes essentiels pour les dirigeants de PME.","publisher":{"@id":"https:\/\/www.organisator.ch\/#organization"},"potentialAction":[{"@type":"SearchAction","target":{"@type":"EntryPoint","urlTemplate":"https:\/\/www.organisator.ch\/?s={search_term_string}"},"query-input":{"@type":"PropertyValueSpecification","valueRequired":true,"valueName":"search_term_string"}}],"inLanguage":"fr-FR"},{"@type":"Organization","@id":"https:\/\/www.organisator.ch\/#organization","name":"Organisateur","url":"https:\/\/www.organisator.ch\/","logo":{"@type":"ImageObject","inLanguage":"fr-FR","@id":"https:\/\/www.organisator.ch\/#\/schema\/logo\/image\/","url":"https:\/\/www.organisator.ch\/wp-content\/uploads\/2022\/01\/Logo_Organisator_Website.png","contentUrl":"https:\/\/www.organisator.ch\/wp-content\/uploads\/2022\/01\/Logo_Organisator_Website.png","width":800,"height":77,"caption":"Organisator"},"image":{"@id":"https:\/\/www.organisator.ch\/#\/schema\/logo\/image\/"},"sameAs":["https:\/\/www.facebook.com\/OrganisatorFachmagazin","https:\/\/www.linkedin.com\/showcase\/organisator-das-magazin-fr-kmu","https:\/\/www.xing.com\/news\/pages\/organisator-ch-695","https:\/\/www.youtube.com\/channel\/UCGP2Sq0iWaZwT3BdIAQFYpw"]},{"@type":"Person","@id":"https:\/\/www.organisator.ch\/#\/schema\/person\/4e51799071cd2dd1232ac003643ef5f0","name":"galledia","image":{"@type":"ImageObject","inLanguage":"fr-FR","@id":"https:\/\/secure.gravatar.com\/avatar\/78a7f90c01fc2bfc875782a0d4922b37cde2cf184ce347b91316d23cd7f69a36?s=96&d=mm&r=g","url":"https:\/\/secure.gravatar.com\/avatar\/78a7f90c01fc2bfc875782a0d4922b37cde2cf184ce347b91316d23cd7f69a36?s=96&d=mm&r=g","contentUrl":"https:\/\/secure.gravatar.com\/avatar\/78a7f90c01fc2bfc875782a0d4922b37cde2cf184ce347b91316d23cd7f69a36?s=96&d=mm&r=g","caption":"galledia"},"sameAs":["https:\/\/x.com\/admin"],"url":"https:\/\/www.organisator.ch\/fr\/author\/galledia\/"}]}},"_links":{"self":[{"href":"https:\/\/www.organisator.ch\/fr\/wp-json\/wp\/v2\/posts\/39945","targetHints":{"allow":["GET"]}}],"collection":[{"href":"https:\/\/www.organisator.ch\/fr\/wp-json\/wp\/v2\/posts"}],"about":[{"href":"https:\/\/www.organisator.ch\/fr\/wp-json\/wp\/v2\/types\/post"}],"author":[{"embeddable":true,"href":"https:\/\/www.organisator.ch\/fr\/wp-json\/wp\/v2\/users\/8"}],"replies":[{"embeddable":true,"href":"https:\/\/www.organisator.ch\/fr\/wp-json\/wp\/v2\/comments?post=39945"}],"version-history":[{"count":6,"href":"https:\/\/www.organisator.ch\/fr\/wp-json\/wp\/v2\/posts\/39945\/revisions"}],"predecessor-version":[{"id":39949,"href":"https:\/\/www.organisator.ch\/fr\/wp-json\/wp\/v2\/posts\/39945\/revisions\/39949"}],"wp:attachment":[{"href":"https:\/\/www.organisator.ch\/fr\/wp-json\/wp\/v2\/media?parent=39945"}],"wp:term":[{"taxonomy":"category","embeddable":true,"href":"https:\/\/www.organisator.ch\/fr\/wp-json\/wp\/v2\/categories?post=39945"},{"taxonomy":"post_tag","embeddable":true,"href":"https:\/\/www.organisator.ch\/fr\/wp-json\/wp\/v2\/tags?post=39945"}],"curies":[{"name":"wp","href":"https:\/\/api.w.org\/{rel}","templated":true}]}}