{"id":39980,"date":"2025-08-26T21:24:41","date_gmt":"2025-08-26T19:24:41","guid":{"rendered":"https:\/\/www.organisator.ch\/de\/?p=39980"},"modified":"2025-08-18T14:28:29","modified_gmt":"2025-08-18T12:28:29","slug":"ki-macht-berufslehre-noch-wertvoller","status":"publish","type":"post","link":"https:\/\/www.organisator.ch\/fr\/weiterbildung\/2025-08-26\/ki-macht-berufslehre-noch-wertvoller\/","title":{"rendered":"\"L'IA rend l'apprentissage professionnel encore plus pr\u00e9cieux\""},"content":{"rendered":"<div class=\"swpm-post-not-logged-in-msg\">Vous devez \u00eatre connect\u00e9 pour voir ce contenu. Veuillez <a class=\"swpm-login-link\" href=\"https:\/\/www.organisator.ch\/login\/\">Se connecter<\/a>. Pas un membre ? <a href=\"https:\/\/www.organisator.ch\/shop\/\">Nous Rejoindre<\/a><\/div>","protected":false},"excerpt":{"rendered":"<p>Les championnats des m\u00e9tiers \"SwissSkills\" auront bient\u00f4t lieu. Les jeunes professionnels y montrent leur savoir-faire et font ainsi la meilleure publicit\u00e9 pour leur activit\u00e9. Nous nous sommes entretenus avec Bernhard von M\u00fchlenen, directeur de l'association patronale AM Suisse, sur les chances et les d\u00e9fis de la formation professionnelle.<\/p>","protected":false},"author":1,"featured_media":39978,"comment_status":"closed","ping_status":"closed","sticky":false,"template":"","format":"standard","meta":{"_acf_changed":false,"_yoast_wpseo_focuskw":"Berufslehre","_yoast_wpseo_metadesc":"Mit Bernhard von M\u00fchlenen, Direktor des Arbeitgeberverbands AM Suisse, sprachen wir \u00fcber die Chancen und Herausforderungen der Berufslehre.","articlekey":"170590","footnotes":""},"categories":[578,30],"tags":[62,73,5480,2699,503],"class_list":["post-39980","post","type-post","status-publish","format-standard","has-post-thumbnail","hentry","category-abo","category-weiterbildung","tag-aus-weiterbildung","tag-berufsbildung","tag-bildungspolitik","tag-swissskills","tag-verbaende"],"acf":[],"yoast_head":"<!-- This site is optimized with the Yoast SEO plugin v27.5 - https:\/\/yoast.com\/product\/yoast-seo-wordpress\/ -->\n<title>\u00abKI macht Berufslehre noch wertvoller\u00bb - Organisator<\/title>\n<meta name=\"description\" content=\"Mit Bernhard von M\u00fchlenen, Direktor des Arbeitgeberverbands AM Suisse, sprachen wir \u00fcber die Chancen und Herausforderungen der Berufslehre.\" \/>\n<meta name=\"robots\" content=\"index, follow, max-snippet:-1, max-image-preview:large, max-video-preview:-1\" \/>\n<link rel=\"canonical\" href=\"https:\/\/www.organisator.ch\/fr\/formation-continue-2\/2025-08-26\/ki-macht-berufslehre-noch-wertvoller\/\" \/>\n<meta property=\"og:locale\" content=\"fr_FR\" \/>\n<meta property=\"og:type\" content=\"article\" \/>\n<meta property=\"og:title\" content=\"\u00abKI macht Berufslehre noch wertvoller\u00bb - Organisator\" \/>\n<meta property=\"og:description\" content=\"Mit Bernhard von M\u00fchlenen, Direktor des Arbeitgeberverbands AM Suisse, sprachen wir \u00fcber die Chancen und Herausforderungen der Berufslehre.\" \/>\n<meta property=\"og:url\" content=\"https:\/\/www.organisator.ch\/fr\/formation-continue-2\/2025-08-26\/ki-macht-berufslehre-noch-wertvoller\/\" \/>\n<meta property=\"og:site_name\" content=\"Organisator\" \/>\n<meta property=\"article:publisher\" content=\"https:\/\/www.facebook.com\/OrganisatorFachmagazin\" \/>\n<meta property=\"article:published_time\" content=\"2025-08-26T19:24:41+00:00\" \/>\n<meta property=\"og:image\" content=\"https:\/\/www.organisator.ch\/wp-content\/uploads\/2025\/08\/Weiterbildung_Inti-Muehlenen_Bild1_organisator_170613-scaled.jpg\" \/>\n\t<meta property=\"og:image:width\" content=\"1400\" \/>\n\t<meta property=\"og:image:height\" content=\"1020\" \/>\n\t<meta property=\"og:image:type\" content=\"image\/jpeg\" \/>\n<meta name=\"author\" content=\"admin\" \/>\n<meta name=\"twitter:card\" content=\"summary_large_image\" \/>\n<script type=\"application\/ld+json\" class=\"yoast-schema-graph\">{\"@context\":\"https:\\\/\\\/schema.org\",\"@graph\":[{\"@type\":\"Article\",\"@id\":\"https:\\\/\\\/www.organisator.ch\\\/weiterbildung\\\/2025-08-26\\\/ki-macht-berufslehre-noch-wertvoller\\\/#article\",\"isPartOf\":{\"@id\":\"https:\\\/\\\/www.organisator.ch\\\/weiterbildung\\\/2025-08-26\\\/ki-macht-berufslehre-noch-wertvoller\\\/\"},\"author\":{\"name\":\"admin\",\"@id\":\"https:\\\/\\\/www.organisator.ch\\\/#\\\/schema\\\/person\\\/aa2bace6c5c5aad60102004a50c4eb1c\"},\"headline\":\"\u00abKI macht Berufslehre noch wertvoller\u00bb\",\"datePublished\":\"2025-08-26T19:24:41+00:00\",\"mainEntityOfPage\":{\"@id\":\"https:\\\/\\\/www.organisator.ch\\\/weiterbildung\\\/2025-08-26\\\/ki-macht-berufslehre-noch-wertvoller\\\/\"},\"wordCount\":1327,\"publisher\":{\"@id\":\"https:\\\/\\\/www.organisator.ch\\\/#organization\"},\"image\":{\"@id\":\"https:\\\/\\\/www.organisator.ch\\\/weiterbildung\\\/2025-08-26\\\/ki-macht-berufslehre-noch-wertvoller\\\/#primaryimage\"},\"thumbnailUrl\":\"https:\\\/\\\/www.organisator.ch\\\/wp-content\\\/uploads\\\/2025\\\/08\\\/Weiterbildung_Inti-Muehlenen_Bild1_organisator_170613-scaled.jpg\",\"keywords\":[\"Aus-\\\/Weiterbildung\",\"Berufsbildung\",\"Bildungspolitik\",\"SwissSkills\",\"Verb\u00e4nde\"],\"articleSection\":[\"ABO+\",\"WEITERBILDUNG\"],\"inLanguage\":\"fr-FR\"},{\"@type\":\"WebPage\",\"@id\":\"https:\\\/\\\/www.organisator.ch\\\/weiterbildung\\\/2025-08-26\\\/ki-macht-berufslehre-noch-wertvoller\\\/\",\"url\":\"https:\\\/\\\/www.organisator.ch\\\/weiterbildung\\\/2025-08-26\\\/ki-macht-berufslehre-noch-wertvoller\\\/\",\"name\":\"\u00abKI macht Berufslehre noch wertvoller\u00bb - Organisator\",\"isPartOf\":{\"@id\":\"https:\\\/\\\/www.organisator.ch\\\/#website\"},\"primaryImageOfPage\":{\"@id\":\"https:\\\/\\\/www.organisator.ch\\\/weiterbildung\\\/2025-08-26\\\/ki-macht-berufslehre-noch-wertvoller\\\/#primaryimage\"},\"image\":{\"@id\":\"https:\\\/\\\/www.organisator.ch\\\/weiterbildung\\\/2025-08-26\\\/ki-macht-berufslehre-noch-wertvoller\\\/#primaryimage\"},\"thumbnailUrl\":\"https:\\\/\\\/www.organisator.ch\\\/wp-content\\\/uploads\\\/2025\\\/08\\\/Weiterbildung_Inti-Muehlenen_Bild1_organisator_170613-scaled.jpg\",\"datePublished\":\"2025-08-26T19:24:41+00:00\",\"description\":\"Mit Bernhard von M\u00fchlenen, Direktor des Arbeitgeberverbands AM Suisse, sprachen wir \u00fcber die Chancen und Herausforderungen der Berufslehre.\",\"breadcrumb\":{\"@id\":\"https:\\\/\\\/www.organisator.ch\\\/weiterbildung\\\/2025-08-26\\\/ki-macht-berufslehre-noch-wertvoller\\\/#breadcrumb\"},\"inLanguage\":\"fr-FR\",\"potentialAction\":[{\"@type\":\"ReadAction\",\"target\":[\"https:\\\/\\\/www.organisator.ch\\\/weiterbildung\\\/2025-08-26\\\/ki-macht-berufslehre-noch-wertvoller\\\/\"]}]},{\"@type\":\"ImageObject\",\"inLanguage\":\"fr-FR\",\"@id\":\"https:\\\/\\\/www.organisator.ch\\\/weiterbildung\\\/2025-08-26\\\/ki-macht-berufslehre-noch-wertvoller\\\/#primaryimage\",\"url\":\"https:\\\/\\\/www.organisator.ch\\\/wp-content\\\/uploads\\\/2025\\\/08\\\/Weiterbildung_Inti-Muehlenen_Bild1_organisator_170613-scaled.jpg\",\"contentUrl\":\"https:\\\/\\\/www.organisator.ch\\\/wp-content\\\/uploads\\\/2025\\\/08\\\/Weiterbildung_Inti-Muehlenen_Bild1_organisator_170613-scaled.jpg\",\"width\":1400,\"height\":1020,\"caption\":\"Vielseitiger Beruf, der auch Begehrlichkeiten anderer Branchen weckt: Junger Landmaschinenmechaniker bei der Arbeit. \u00a9 SwissSkills2024_agrotecsuisse\"},{\"@type\":\"BreadcrumbList\",\"@id\":\"https:\\\/\\\/www.organisator.ch\\\/weiterbildung\\\/2025-08-26\\\/ki-macht-berufslehre-noch-wertvoller\\\/#breadcrumb\",\"itemListElement\":[{\"@type\":\"ListItem\",\"position\":1,\"name\":\"Home\",\"item\":\"https:\\\/\\\/www.organisator.ch\\\/\"},{\"@type\":\"ListItem\",\"position\":2,\"name\":\"\u00abKI macht Berufslehre noch wertvoller\u00bb\"}]},{\"@type\":\"WebSite\",\"@id\":\"https:\\\/\\\/www.organisator.ch\\\/#website\",\"url\":\"https:\\\/\\\/www.organisator.ch\\\/\",\"name\":\"Organisator\",\"description\":\"Kompetent. Praxisnah. Der ORGANISATOR bereitet in 10 Ausgaben pro Jahr die wesentlichen Themen f\u00fcr F\u00fchrungskr\u00e4fte von KMU auf.\",\"publisher\":{\"@id\":\"https:\\\/\\\/www.organisator.ch\\\/#organization\"},\"potentialAction\":[{\"@type\":\"SearchAction\",\"target\":{\"@type\":\"EntryPoint\",\"urlTemplate\":\"https:\\\/\\\/www.organisator.ch\\\/?s={search_term_string}\"},\"query-input\":{\"@type\":\"PropertyValueSpecification\",\"valueRequired\":true,\"valueName\":\"search_term_string\"}}],\"inLanguage\":\"fr-FR\"},{\"@type\":\"Organization\",\"@id\":\"https:\\\/\\\/www.organisator.ch\\\/#organization\",\"name\":\"Organisator\",\"url\":\"https:\\\/\\\/www.organisator.ch\\\/\",\"logo\":{\"@type\":\"ImageObject\",\"inLanguage\":\"fr-FR\",\"@id\":\"https:\\\/\\\/www.organisator.ch\\\/#\\\/schema\\\/logo\\\/image\\\/\",\"url\":\"https:\\\/\\\/www.organisator.ch\\\/wp-content\\\/uploads\\\/2022\\\/01\\\/Logo_Organisator_Website.png\",\"contentUrl\":\"https:\\\/\\\/www.organisator.ch\\\/wp-content\\\/uploads\\\/2022\\\/01\\\/Logo_Organisator_Website.png\",\"width\":800,\"height\":77,\"caption\":\"Organisator\"},\"image\":{\"@id\":\"https:\\\/\\\/www.organisator.ch\\\/#\\\/schema\\\/logo\\\/image\\\/\"},\"sameAs\":[\"https:\\\/\\\/www.facebook.com\\\/OrganisatorFachmagazin\",\"https:\\\/\\\/www.linkedin.com\\\/showcase\\\/organisator-das-magazin-fr-kmu\",\"https:\\\/\\\/www.xing.com\\\/news\\\/pages\\\/organisator-ch-695\",\"https:\\\/\\\/www.youtube.com\\\/channel\\\/UCGP2Sq0iWaZwT3BdIAQFYpw\"]},{\"@type\":\"Person\",\"@id\":\"https:\\\/\\\/www.organisator.ch\\\/#\\\/schema\\\/person\\\/aa2bace6c5c5aad60102004a50c4eb1c\",\"name\":\"admin\",\"image\":{\"@type\":\"ImageObject\",\"inLanguage\":\"fr-FR\",\"@id\":\"https:\\\/\\\/secure.gravatar.com\\\/avatar\\\/ae2f4d718e6c49043e314ce431e7e645d646302a24a5ef5a8bc8e3f5a032e319?s=96&d=mm&r=g\",\"url\":\"https:\\\/\\\/secure.gravatar.com\\\/avatar\\\/ae2f4d718e6c49043e314ce431e7e645d646302a24a5ef5a8bc8e3f5a032e319?s=96&d=mm&r=g\",\"contentUrl\":\"https:\\\/\\\/secure.gravatar.com\\\/avatar\\\/ae2f4d718e6c49043e314ce431e7e645d646302a24a5ef5a8bc8e3f5a032e319?s=96&d=mm&r=g\",\"caption\":\"admin\"},\"sameAs\":[\"https:\\\/\\\/www.organisator.ch\"],\"url\":\"https:\\\/\\\/www.organisator.ch\\\/fr\\\/author\\\/admin\\\/\"}]}<\/script>\n<!-- \/ Yoast SEO plugin. -->","yoast_head_json":{"title":"\"L'IA rend l'apprentissage professionnel encore plus pr\u00e9cieux\" - Organisateur","description":"Avec Bernhard von M\u00fchlenen, directeur de l'association patronale AM Suisse, nous avons parl\u00e9 des chances et des d\u00e9fis de l'apprentissage.","robots":{"index":"index","follow":"follow","max-snippet":"max-snippet:-1","max-image-preview":"max-image-preview:large","max-video-preview":"max-video-preview:-1"},"canonical":"https:\/\/www.organisator.ch\/fr\/formation-continue-2\/2025-08-26\/ki-macht-berufslehre-noch-wertvoller\/","og_locale":"fr_FR","og_type":"article","og_title":"\u00abKI macht Berufslehre noch wertvoller\u00bb - Organisator","og_description":"Mit Bernhard von M\u00fchlenen, Direktor des Arbeitgeberverbands AM Suisse, sprachen wir \u00fcber die Chancen und Herausforderungen der Berufslehre.","og_url":"https:\/\/www.organisator.ch\/fr\/formation-continue-2\/2025-08-26\/ki-macht-berufslehre-noch-wertvoller\/","og_site_name":"Organisator","article_publisher":"https:\/\/www.facebook.com\/OrganisatorFachmagazin","article_published_time":"2025-08-26T19:24:41+00:00","og_image":[{"width":1400,"height":1020,"url":"https:\/\/www.organisator.ch\/wp-content\/uploads\/2025\/08\/Weiterbildung_Inti-Muehlenen_Bild1_organisator_170613-scaled.jpg","type":"image\/jpeg"}],"author":"admin","twitter_card":"summary_large_image","schema":{"@context":"https:\/\/schema.org","@graph":[{"@type":"Article","@id":"https:\/\/www.organisator.ch\/weiterbildung\/2025-08-26\/ki-macht-berufslehre-noch-wertvoller\/#article","isPartOf":{"@id":"https:\/\/www.organisator.ch\/weiterbildung\/2025-08-26\/ki-macht-berufslehre-noch-wertvoller\/"},"author":{"name":"admin","@id":"https:\/\/www.organisator.ch\/#\/schema\/person\/aa2bace6c5c5aad60102004a50c4eb1c"},"headline":"\u00abKI macht Berufslehre noch wertvoller\u00bb","datePublished":"2025-08-26T19:24:41+00:00","mainEntityOfPage":{"@id":"https:\/\/www.organisator.ch\/weiterbildung\/2025-08-26\/ki-macht-berufslehre-noch-wertvoller\/"},"wordCount":1327,"publisher":{"@id":"https:\/\/www.organisator.ch\/#organization"},"image":{"@id":"https:\/\/www.organisator.ch\/weiterbildung\/2025-08-26\/ki-macht-berufslehre-noch-wertvoller\/#primaryimage"},"thumbnailUrl":"https:\/\/www.organisator.ch\/wp-content\/uploads\/2025\/08\/Weiterbildung_Inti-Muehlenen_Bild1_organisator_170613-scaled.jpg","keywords":["Aus-\/Weiterbildung","Berufsbildung","Bildungspolitik","SwissSkills","Verb\u00e4nde"],"articleSection":["ABO+","WEITERBILDUNG"],"inLanguage":"fr-FR"},{"@type":"WebPage","@id":"https:\/\/www.organisator.ch\/weiterbildung\/2025-08-26\/ki-macht-berufslehre-noch-wertvoller\/","url":"https:\/\/www.organisator.ch\/weiterbildung\/2025-08-26\/ki-macht-berufslehre-noch-wertvoller\/","name":"\"L'IA rend l'apprentissage professionnel encore plus pr\u00e9cieux\" - Organisateur","isPartOf":{"@id":"https:\/\/www.organisator.ch\/#website"},"primaryImageOfPage":{"@id":"https:\/\/www.organisator.ch\/weiterbildung\/2025-08-26\/ki-macht-berufslehre-noch-wertvoller\/#primaryimage"},"image":{"@id":"https:\/\/www.organisator.ch\/weiterbildung\/2025-08-26\/ki-macht-berufslehre-noch-wertvoller\/#primaryimage"},"thumbnailUrl":"https:\/\/www.organisator.ch\/wp-content\/uploads\/2025\/08\/Weiterbildung_Inti-Muehlenen_Bild1_organisator_170613-scaled.jpg","datePublished":"2025-08-26T19:24:41+00:00","description":"Avec Bernhard von M\u00fchlenen, directeur de l'association patronale AM Suisse, nous avons parl\u00e9 des chances et des d\u00e9fis de l'apprentissage.","breadcrumb":{"@id":"https:\/\/www.organisator.ch\/weiterbildung\/2025-08-26\/ki-macht-berufslehre-noch-wertvoller\/#breadcrumb"},"inLanguage":"fr-FR","potentialAction":[{"@type":"ReadAction","target":["https:\/\/www.organisator.ch\/weiterbildung\/2025-08-26\/ki-macht-berufslehre-noch-wertvoller\/"]}]},{"@type":"ImageObject","inLanguage":"fr-FR","@id":"https:\/\/www.organisator.ch\/weiterbildung\/2025-08-26\/ki-macht-berufslehre-noch-wertvoller\/#primaryimage","url":"https:\/\/www.organisator.ch\/wp-content\/uploads\/2025\/08\/Weiterbildung_Inti-Muehlenen_Bild1_organisator_170613-scaled.jpg","contentUrl":"https:\/\/www.organisator.ch\/wp-content\/uploads\/2025\/08\/Weiterbildung_Inti-Muehlenen_Bild1_organisator_170613-scaled.jpg","width":1400,"height":1020,"caption":"Vielseitiger Beruf, der auch Begehrlichkeiten anderer Branchen weckt: Junger Landmaschinenmechaniker bei der Arbeit. \u00a9 SwissSkills2024_agrotecsuisse"},{"@type":"BreadcrumbList","@id":"https:\/\/www.organisator.ch\/weiterbildung\/2025-08-26\/ki-macht-berufslehre-noch-wertvoller\/#breadcrumb","itemListElement":[{"@type":"ListItem","position":1,"name":"Home","item":"https:\/\/www.organisator.ch\/"},{"@type":"ListItem","position":2,"name":"\u00abKI macht Berufslehre noch wertvoller\u00bb"}]},{"@type":"WebSite","@id":"https:\/\/www.organisator.ch\/#website","url":"https:\/\/www.organisator.ch\/","name":"Organisateur","description":"Comp\u00e9tence et comp\u00e9tence. Proches de la pratique. L'ORGANISATEUR pr\u00e9pare 10 num\u00e9ros par an sur les th\u00e8mes essentiels pour les dirigeants de PME.","publisher":{"@id":"https:\/\/www.organisator.ch\/#organization"},"potentialAction":[{"@type":"SearchAction","target":{"@type":"EntryPoint","urlTemplate":"https:\/\/www.organisator.ch\/?s={search_term_string}"},"query-input":{"@type":"PropertyValueSpecification","valueRequired":true,"valueName":"search_term_string"}}],"inLanguage":"fr-FR"},{"@type":"Organization","@id":"https:\/\/www.organisator.ch\/#organization","name":"Organisateur","url":"https:\/\/www.organisator.ch\/","logo":{"@type":"ImageObject","inLanguage":"fr-FR","@id":"https:\/\/www.organisator.ch\/#\/schema\/logo\/image\/","url":"https:\/\/www.organisator.ch\/wp-content\/uploads\/2022\/01\/Logo_Organisator_Website.png","contentUrl":"https:\/\/www.organisator.ch\/wp-content\/uploads\/2022\/01\/Logo_Organisator_Website.png","width":800,"height":77,"caption":"Organisator"},"image":{"@id":"https:\/\/www.organisator.ch\/#\/schema\/logo\/image\/"},"sameAs":["https:\/\/www.facebook.com\/OrganisatorFachmagazin","https:\/\/www.linkedin.com\/showcase\/organisator-das-magazin-fr-kmu","https:\/\/www.xing.com\/news\/pages\/organisator-ch-695","https:\/\/www.youtube.com\/channel\/UCGP2Sq0iWaZwT3BdIAQFYpw"]},{"@type":"Person","@id":"https:\/\/www.organisator.ch\/#\/schema\/person\/aa2bace6c5c5aad60102004a50c4eb1c","name":"admin","image":{"@type":"ImageObject","inLanguage":"fr-FR","@id":"https:\/\/secure.gravatar.com\/avatar\/ae2f4d718e6c49043e314ce431e7e645d646302a24a5ef5a8bc8e3f5a032e319?s=96&d=mm&r=g","url":"https:\/\/secure.gravatar.com\/avatar\/ae2f4d718e6c49043e314ce431e7e645d646302a24a5ef5a8bc8e3f5a032e319?s=96&d=mm&r=g","contentUrl":"https:\/\/secure.gravatar.com\/avatar\/ae2f4d718e6c49043e314ce431e7e645d646302a24a5ef5a8bc8e3f5a032e319?s=96&d=mm&r=g","caption":"admin"},"sameAs":["https:\/\/www.organisator.ch"],"url":"https:\/\/www.organisator.ch\/fr\/author\/admin\/"}]}},"_links":{"self":[{"href":"https:\/\/www.organisator.ch\/fr\/wp-json\/wp\/v2\/posts\/39980","targetHints":{"allow":["GET"]}}],"collection":[{"href":"https:\/\/www.organisator.ch\/fr\/wp-json\/wp\/v2\/posts"}],"about":[{"href":"https:\/\/www.organisator.ch\/fr\/wp-json\/wp\/v2\/types\/post"}],"author":[{"embeddable":true,"href":"https:\/\/www.organisator.ch\/fr\/wp-json\/wp\/v2\/users\/1"}],"replies":[{"embeddable":true,"href":"https:\/\/www.organisator.ch\/fr\/wp-json\/wp\/v2\/comments?post=39980"}],"version-history":[{"count":2,"href":"https:\/\/www.organisator.ch\/fr\/wp-json\/wp\/v2\/posts\/39980\/revisions"}],"predecessor-version":[{"id":39982,"href":"https:\/\/www.organisator.ch\/fr\/wp-json\/wp\/v2\/posts\/39980\/revisions\/39982"}],"wp:featuredmedia":[{"embeddable":true,"href":"https:\/\/www.organisator.ch\/fr\/wp-json\/wp\/v2\/media\/39978"}],"wp:attachment":[{"href":"https:\/\/www.organisator.ch\/fr\/wp-json\/wp\/v2\/media?parent=39980"}],"wp:term":[{"taxonomy":"category","embeddable":true,"href":"https:\/\/www.organisator.ch\/fr\/wp-json\/wp\/v2\/categories?post=39980"},{"taxonomy":"post_tag","embeddable":true,"href":"https:\/\/www.organisator.ch\/fr\/wp-json\/wp\/v2\/tags?post=39980"}],"curies":[{"name":"wp","href":"https:\/\/api.w.org\/{rel}","templated":true}]}}