{"id":40018,"date":"2025-08-19T15:46:37","date_gmt":"2025-08-19T13:46:37","guid":{"rendered":"https:\/\/www.markt-kom.com\/?p=237431"},"modified":"2025-08-21T16:22:10","modified_gmt":"2025-08-21T14:22:10","slug":"allink-ist-neues-mitglied-vom-lsa","status":"publish","type":"post","link":"https:\/\/www.organisator.ch\/fr\/marketing\/2025-08-19\/allink-ist-neues-mitglied-vom-lsa\/","title":{"rendered":"Allink est un nouveau membre de la LSA"},"content":{"rendered":"<p><img class=\"alignnone size-full wp-image-237432\" src=\"https:\/\/www.markt-kom.com\/wp-content\/uploads\/2025\/08\/allink-GL_H8A8521quer.jpg\" sizes=\"(max-width: 1200px) 100vw, 1200px\" srcset=\"https:\/\/www.markt-kom.com\/wp-content\/uploads\/2025\/08\/allink-GL_H8A8521quer.jpg 1200w, https:\/\/www.markt-kom.com\/wp-content\/uploads\/2025\/08\/allink-GL_H8A8521quer-600x400.jpg 600w, https:\/\/www.markt-kom.com\/wp-content\/uploads\/2025\/08\/allink-GL_H8A8521quer-1024x683.jpg 1024w, https:\/\/www.markt-kom.com\/wp-content\/uploads\/2025\/08\/allink-GL_H8A8521quer-768x512.jpg 768w, https:\/\/www.markt-kom.com\/wp-content\/uploads\/2025\/08\/allink-GL_H8A8521quer-18x12.jpg 18w, https:\/\/www.markt-kom.com\/wp-content\/uploads\/2025\/08\/allink-GL_H8A8521quer-263x175.jpg 263w, https:\/\/www.markt-kom.com\/wp-content\/uploads\/2025\/08\/allink-GL_H8A8521quer-525x350.jpg 525w, https:\/\/www.markt-kom.com\/wp-content\/uploads\/2025\/08\/allink-GL_H8A8521quer-1000x667.jpg 1000w\" alt=\"\" width=\"1200\" height=\"800\" \/>L'agence de branding, de packaging et de marketing Allink, dirig\u00e9e par son propri\u00e9taire, est un acteur incontournable de la sc\u00e8ne cr\u00e9ative zurichoise. Bas\u00e9e \u00e0 Binz, l'agence d\u00e9veloppe des solutions de marque globales - fond\u00e9es sur une strat\u00e9gie, mises en \u0153uvre de mani\u00e8re cr\u00e9ative et adapt\u00e9es avec pr\u00e9cision aux besoins respectifs.<\/p>\r\n<p>Ce qui a commenc\u00e9 en 2005 comme un projet commun de trois amis d'enfance est aujourd'hui une \u00e9quipe interdisciplinaire d'environ 30 sp\u00e9cialistes qui con\u00e7oivent, positionnent et font vivre des marques. Avec enthousiasme, compr\u00e9hension et cr\u00e9ativit\u00e9, Allink \u00e9crit des histoires \u00e0 succ\u00e8s pour les clients suisses.<\/p>\r\n<p>Allink accompagne les entreprises tout au long de la gestion de leur marque, en se concentrant sur quatre disciplines : Brand Design, Packaging Design, Brand Websites et Brand Marketing. Des clients comme Migros, Lidl, Ramseier, Schreiner48 ou LUMA Delikatessen font confiance \u00e0 l'expertise de l'agence.<\/p>\r\n<p>Fabian Schiltknecht, Managing Director d'Allink, se r\u00e9jouit de cette admission au sein de la LSA : \"Depuis 20 ans, l'\u00e9quipe d'Allink marque de son empreinte les marques et la communication d'entreprises suisses de renom. Nous sommes fiers de pouvoir d\u00e9sormais compter parmi les Leading Swiss Agencies et nous nous r\u00e9jouissons de pouvoir contribuer \u00e0 fa\u00e7onner l'avenir de notre branche en collaboration avec les autres agences LSA\".<\/p>","protected":false},"excerpt":{"rendered":"<p>L'agence zurichoise Allink est d\u00e9sormais membre de Leading Swiss Agencies (LSA), l'association des principales agences de communication de Suisse.<\/p>","protected":false},"author":8,"featured_media":0,"comment_status":"closed","ping_status":"closed","sticky":false,"template":"","format":"standard","meta":{"_acf_changed":false,"_yoast_wpseo_focuskw":"Allink","_yoast_wpseo_metadesc":"Die Z\u00fcrcher Agentur Allink ist neu Mitglied von Leading Swiss Agencies (LSA), dem Verband der f\u00fchrenden Kommunikationsagenturen der Schweiz.","articlekey":"","footnotes":""},"categories":[29],"tags":[2772,4345,3659],"class_list":["post-40018","post","type-post","status-publish","format-standard","hentry","category-marketing","tag-allink","tag-business","tag-lsa-leading-swiss-agencies"],"acf":[],"yoast_head":"<!-- This site is optimized with the Yoast SEO plugin v27.4 - https:\/\/yoast.com\/product\/yoast-seo-wordpress\/ -->\n<title>Allink ist neues Mitglied vom LSA - Organisator<\/title>\n<meta name=\"description\" content=\"Die Z\u00fcrcher Agentur Allink ist neu Mitglied von Leading Swiss Agencies (LSA), dem Verband der f\u00fchrenden Kommunikationsagenturen der Schweiz.\" \/>\n<meta name=\"robots\" content=\"index, follow, max-snippet:-1, max-image-preview:large, max-video-preview:-1\" \/>\n<link rel=\"canonical\" href=\"https:\/\/www.organisator.ch\/fr\/marketing\/2025-08-19\/allink-ist-neues-mitglied-vom-lsa\/\" \/>\n<meta property=\"og:locale\" content=\"fr_FR\" \/>\n<meta property=\"og:type\" content=\"article\" \/>\n<meta property=\"og:title\" content=\"Allink ist neues Mitglied vom LSA - Organisator\" \/>\n<meta property=\"og:description\" content=\"Die Z\u00fcrcher Agentur Allink ist neu Mitglied von Leading Swiss Agencies (LSA), dem Verband der f\u00fchrenden Kommunikationsagenturen der Schweiz.\" \/>\n<meta property=\"og:url\" content=\"https:\/\/www.organisator.ch\/fr\/marketing\/2025-08-19\/allink-ist-neues-mitglied-vom-lsa\/\" \/>\n<meta property=\"og:site_name\" content=\"Organisator\" \/>\n<meta property=\"article:publisher\" content=\"https:\/\/www.facebook.com\/OrganisatorFachmagazin\" \/>\n<meta property=\"article:published_time\" content=\"2025-08-19T13:46:37+00:00\" \/>\n<meta property=\"article:modified_time\" content=\"2025-08-21T14:22:10+00:00\" \/>\n<meta name=\"author\" content=\"galledia\" \/>\n<meta name=\"twitter:card\" content=\"summary_large_image\" \/>\n<meta name=\"twitter:creator\" content=\"@admin\" \/>\n<script type=\"application\/ld+json\" class=\"yoast-schema-graph\">{\"@context\":\"https:\\\/\\\/schema.org\",\"@graph\":[{\"@type\":\"Article\",\"@id\":\"https:\\\/\\\/www.organisator.ch\\\/marketing\\\/2025-08-19\\\/allink-ist-neues-mitglied-vom-lsa\\\/#article\",\"isPartOf\":{\"@id\":\"https:\\\/\\\/www.organisator.ch\\\/marketing\\\/2025-08-19\\\/allink-ist-neues-mitglied-vom-lsa\\\/\"},\"author\":{\"name\":\"galledia\",\"@id\":\"https:\\\/\\\/www.organisator.ch\\\/#\\\/schema\\\/person\\\/4e51799071cd2dd1232ac003643ef5f0\"},\"headline\":\"Allink ist neues Mitglied vom LSA\",\"datePublished\":\"2025-08-19T13:46:37+00:00\",\"dateModified\":\"2025-08-21T14:22:10+00:00\",\"mainEntityOfPage\":{\"@id\":\"https:\\\/\\\/www.organisator.ch\\\/marketing\\\/2025-08-19\\\/allink-ist-neues-mitglied-vom-lsa\\\/\"},\"wordCount\":184,\"publisher\":{\"@id\":\"https:\\\/\\\/www.organisator.ch\\\/#organization\"},\"image\":{\"@id\":\"https:\\\/\\\/www.organisator.ch\\\/marketing\\\/2025-08-19\\\/allink-ist-neues-mitglied-vom-lsa\\\/#primaryimage\"},\"thumbnailUrl\":\"https:\\\/\\\/www.markt-kom.com\\\/wp-content\\\/uploads\\\/2025\\\/08\\\/allink-GL_H8A8521quer.jpg\",\"keywords\":[\"Allink\",\"Business\",\"LSA Leading Swiss Agencies\"],\"articleSection\":[\"MARKETING\"],\"inLanguage\":\"fr-FR\"},{\"@type\":\"WebPage\",\"@id\":\"https:\\\/\\\/www.organisator.ch\\\/marketing\\\/2025-08-19\\\/allink-ist-neues-mitglied-vom-lsa\\\/\",\"url\":\"https:\\\/\\\/www.organisator.ch\\\/marketing\\\/2025-08-19\\\/allink-ist-neues-mitglied-vom-lsa\\\/\",\"name\":\"Allink ist neues Mitglied vom LSA - Organisator\",\"isPartOf\":{\"@id\":\"https:\\\/\\\/www.organisator.ch\\\/#website\"},\"primaryImageOfPage\":{\"@id\":\"https:\\\/\\\/www.organisator.ch\\\/marketing\\\/2025-08-19\\\/allink-ist-neues-mitglied-vom-lsa\\\/#primaryimage\"},\"image\":{\"@id\":\"https:\\\/\\\/www.organisator.ch\\\/marketing\\\/2025-08-19\\\/allink-ist-neues-mitglied-vom-lsa\\\/#primaryimage\"},\"thumbnailUrl\":\"https:\\\/\\\/www.markt-kom.com\\\/wp-content\\\/uploads\\\/2025\\\/08\\\/allink-GL_H8A8521quer.jpg\",\"datePublished\":\"2025-08-19T13:46:37+00:00\",\"dateModified\":\"2025-08-21T14:22:10+00:00\",\"description\":\"Die Z\u00fcrcher Agentur Allink ist neu Mitglied von Leading Swiss Agencies (LSA), dem Verband der f\u00fchrenden Kommunikationsagenturen der Schweiz.\",\"breadcrumb\":{\"@id\":\"https:\\\/\\\/www.organisator.ch\\\/marketing\\\/2025-08-19\\\/allink-ist-neues-mitglied-vom-lsa\\\/#breadcrumb\"},\"inLanguage\":\"fr-FR\",\"potentialAction\":[{\"@type\":\"ReadAction\",\"target\":[\"https:\\\/\\\/www.organisator.ch\\\/marketing\\\/2025-08-19\\\/allink-ist-neues-mitglied-vom-lsa\\\/\"]}]},{\"@type\":\"ImageObject\",\"inLanguage\":\"fr-FR\",\"@id\":\"https:\\\/\\\/www.organisator.ch\\\/marketing\\\/2025-08-19\\\/allink-ist-neues-mitglied-vom-lsa\\\/#primaryimage\",\"url\":\"https:\\\/\\\/www.markt-kom.com\\\/wp-content\\\/uploads\\\/2025\\\/08\\\/allink-GL_H8A8521quer.jpg\",\"contentUrl\":\"https:\\\/\\\/www.markt-kom.com\\\/wp-content\\\/uploads\\\/2025\\\/08\\\/allink-GL_H8A8521quer.jpg\"},{\"@type\":\"BreadcrumbList\",\"@id\":\"https:\\\/\\\/www.organisator.ch\\\/marketing\\\/2025-08-19\\\/allink-ist-neues-mitglied-vom-lsa\\\/#breadcrumb\",\"itemListElement\":[{\"@type\":\"ListItem\",\"position\":1,\"name\":\"Home\",\"item\":\"https:\\\/\\\/www.organisator.ch\\\/\"},{\"@type\":\"ListItem\",\"position\":2,\"name\":\"Allink ist neues Mitglied vom LSA\"}]},{\"@type\":\"WebSite\",\"@id\":\"https:\\\/\\\/www.organisator.ch\\\/#website\",\"url\":\"https:\\\/\\\/www.organisator.ch\\\/\",\"name\":\"Organisator\",\"description\":\"Kompetent. Praxisnah. Der ORGANISATOR bereitet in 10 Ausgaben pro Jahr die wesentlichen Themen f\u00fcr F\u00fchrungskr\u00e4fte von KMU auf.\",\"publisher\":{\"@id\":\"https:\\\/\\\/www.organisator.ch\\\/#organization\"},\"potentialAction\":[{\"@type\":\"SearchAction\",\"target\":{\"@type\":\"EntryPoint\",\"urlTemplate\":\"https:\\\/\\\/www.organisator.ch\\\/?s={search_term_string}\"},\"query-input\":{\"@type\":\"PropertyValueSpecification\",\"valueRequired\":true,\"valueName\":\"search_term_string\"}}],\"inLanguage\":\"fr-FR\"},{\"@type\":\"Organization\",\"@id\":\"https:\\\/\\\/www.organisator.ch\\\/#organization\",\"name\":\"Organisator\",\"url\":\"https:\\\/\\\/www.organisator.ch\\\/\",\"logo\":{\"@type\":\"ImageObject\",\"inLanguage\":\"fr-FR\",\"@id\":\"https:\\\/\\\/www.organisator.ch\\\/#\\\/schema\\\/logo\\\/image\\\/\",\"url\":\"https:\\\/\\\/www.organisator.ch\\\/wp-content\\\/uploads\\\/2022\\\/01\\\/Logo_Organisator_Website.png\",\"contentUrl\":\"https:\\\/\\\/www.organisator.ch\\\/wp-content\\\/uploads\\\/2022\\\/01\\\/Logo_Organisator_Website.png\",\"width\":800,\"height\":77,\"caption\":\"Organisator\"},\"image\":{\"@id\":\"https:\\\/\\\/www.organisator.ch\\\/#\\\/schema\\\/logo\\\/image\\\/\"},\"sameAs\":[\"https:\\\/\\\/www.facebook.com\\\/OrganisatorFachmagazin\",\"https:\\\/\\\/www.linkedin.com\\\/showcase\\\/organisator-das-magazin-fr-kmu\",\"https:\\\/\\\/www.xing.com\\\/news\\\/pages\\\/organisator-ch-695\",\"https:\\\/\\\/www.youtube.com\\\/channel\\\/UCGP2Sq0iWaZwT3BdIAQFYpw\"]},{\"@type\":\"Person\",\"@id\":\"https:\\\/\\\/www.organisator.ch\\\/#\\\/schema\\\/person\\\/4e51799071cd2dd1232ac003643ef5f0\",\"name\":\"galledia\",\"image\":{\"@type\":\"ImageObject\",\"inLanguage\":\"fr-FR\",\"@id\":\"https:\\\/\\\/secure.gravatar.com\\\/avatar\\\/78a7f90c01fc2bfc875782a0d4922b37cde2cf184ce347b91316d23cd7f69a36?s=96&d=mm&r=g\",\"url\":\"https:\\\/\\\/secure.gravatar.com\\\/avatar\\\/78a7f90c01fc2bfc875782a0d4922b37cde2cf184ce347b91316d23cd7f69a36?s=96&d=mm&r=g\",\"contentUrl\":\"https:\\\/\\\/secure.gravatar.com\\\/avatar\\\/78a7f90c01fc2bfc875782a0d4922b37cde2cf184ce347b91316d23cd7f69a36?s=96&d=mm&r=g\",\"caption\":\"galledia\"},\"sameAs\":[\"https:\\\/\\\/x.com\\\/admin\"],\"url\":\"https:\\\/\\\/www.organisator.ch\\\/fr\\\/author\\\/galledia\\\/\"}]}<\/script>\n<!-- \/ Yoast SEO plugin. -->","yoast_head_json":{"title":"Allink est un nouveau membre de la LSA - Organisateur","description":"L'agence zurichoise Allink est d\u00e9sormais membre de Leading Swiss Agencies (LSA), l'association des principales agences de communication de Suisse.","robots":{"index":"index","follow":"follow","max-snippet":"max-snippet:-1","max-image-preview":"max-image-preview:large","max-video-preview":"max-video-preview:-1"},"canonical":"https:\/\/www.organisator.ch\/fr\/marketing\/2025-08-19\/allink-ist-neues-mitglied-vom-lsa\/","og_locale":"fr_FR","og_type":"article","og_title":"Allink ist neues Mitglied vom LSA - Organisator","og_description":"Die Z\u00fcrcher Agentur Allink ist neu Mitglied von Leading Swiss Agencies (LSA), dem Verband der f\u00fchrenden Kommunikationsagenturen der Schweiz.","og_url":"https:\/\/www.organisator.ch\/fr\/marketing\/2025-08-19\/allink-ist-neues-mitglied-vom-lsa\/","og_site_name":"Organisator","article_publisher":"https:\/\/www.facebook.com\/OrganisatorFachmagazin","article_published_time":"2025-08-19T13:46:37+00:00","article_modified_time":"2025-08-21T14:22:10+00:00","author":"galledia","twitter_card":"summary_large_image","twitter_creator":"@admin","schema":{"@context":"https:\/\/schema.org","@graph":[{"@type":"Article","@id":"https:\/\/www.organisator.ch\/marketing\/2025-08-19\/allink-ist-neues-mitglied-vom-lsa\/#article","isPartOf":{"@id":"https:\/\/www.organisator.ch\/marketing\/2025-08-19\/allink-ist-neues-mitglied-vom-lsa\/"},"author":{"name":"galledia","@id":"https:\/\/www.organisator.ch\/#\/schema\/person\/4e51799071cd2dd1232ac003643ef5f0"},"headline":"Allink ist neues Mitglied vom LSA","datePublished":"2025-08-19T13:46:37+00:00","dateModified":"2025-08-21T14:22:10+00:00","mainEntityOfPage":{"@id":"https:\/\/www.organisator.ch\/marketing\/2025-08-19\/allink-ist-neues-mitglied-vom-lsa\/"},"wordCount":184,"publisher":{"@id":"https:\/\/www.organisator.ch\/#organization"},"image":{"@id":"https:\/\/www.organisator.ch\/marketing\/2025-08-19\/allink-ist-neues-mitglied-vom-lsa\/#primaryimage"},"thumbnailUrl":"https:\/\/www.markt-kom.com\/wp-content\/uploads\/2025\/08\/allink-GL_H8A8521quer.jpg","keywords":["Allink","Business","LSA Leading Swiss Agencies"],"articleSection":["MARKETING"],"inLanguage":"fr-FR"},{"@type":"WebPage","@id":"https:\/\/www.organisator.ch\/marketing\/2025-08-19\/allink-ist-neues-mitglied-vom-lsa\/","url":"https:\/\/www.organisator.ch\/marketing\/2025-08-19\/allink-ist-neues-mitglied-vom-lsa\/","name":"Allink est un nouveau membre de la LSA - Organisateur","isPartOf":{"@id":"https:\/\/www.organisator.ch\/#website"},"primaryImageOfPage":{"@id":"https:\/\/www.organisator.ch\/marketing\/2025-08-19\/allink-ist-neues-mitglied-vom-lsa\/#primaryimage"},"image":{"@id":"https:\/\/www.organisator.ch\/marketing\/2025-08-19\/allink-ist-neues-mitglied-vom-lsa\/#primaryimage"},"thumbnailUrl":"https:\/\/www.markt-kom.com\/wp-content\/uploads\/2025\/08\/allink-GL_H8A8521quer.jpg","datePublished":"2025-08-19T13:46:37+00:00","dateModified":"2025-08-21T14:22:10+00:00","description":"L'agence zurichoise Allink est d\u00e9sormais membre de Leading Swiss Agencies (LSA), l'association des principales agences de communication de Suisse.","breadcrumb":{"@id":"https:\/\/www.organisator.ch\/marketing\/2025-08-19\/allink-ist-neues-mitglied-vom-lsa\/#breadcrumb"},"inLanguage":"fr-FR","potentialAction":[{"@type":"ReadAction","target":["https:\/\/www.organisator.ch\/marketing\/2025-08-19\/allink-ist-neues-mitglied-vom-lsa\/"]}]},{"@type":"ImageObject","inLanguage":"fr-FR","@id":"https:\/\/www.organisator.ch\/marketing\/2025-08-19\/allink-ist-neues-mitglied-vom-lsa\/#primaryimage","url":"https:\/\/www.markt-kom.com\/wp-content\/uploads\/2025\/08\/allink-GL_H8A8521quer.jpg","contentUrl":"https:\/\/www.markt-kom.com\/wp-content\/uploads\/2025\/08\/allink-GL_H8A8521quer.jpg"},{"@type":"BreadcrumbList","@id":"https:\/\/www.organisator.ch\/marketing\/2025-08-19\/allink-ist-neues-mitglied-vom-lsa\/#breadcrumb","itemListElement":[{"@type":"ListItem","position":1,"name":"Home","item":"https:\/\/www.organisator.ch\/"},{"@type":"ListItem","position":2,"name":"Allink ist neues Mitglied vom LSA"}]},{"@type":"WebSite","@id":"https:\/\/www.organisator.ch\/#website","url":"https:\/\/www.organisator.ch\/","name":"Organisateur","description":"Comp\u00e9tence et comp\u00e9tence. Proches de la pratique. L'ORGANISATEUR pr\u00e9pare 10 num\u00e9ros par an sur les th\u00e8mes essentiels pour les dirigeants de PME.","publisher":{"@id":"https:\/\/www.organisator.ch\/#organization"},"potentialAction":[{"@type":"SearchAction","target":{"@type":"EntryPoint","urlTemplate":"https:\/\/www.organisator.ch\/?s={search_term_string}"},"query-input":{"@type":"PropertyValueSpecification","valueRequired":true,"valueName":"search_term_string"}}],"inLanguage":"fr-FR"},{"@type":"Organization","@id":"https:\/\/www.organisator.ch\/#organization","name":"Organisateur","url":"https:\/\/www.organisator.ch\/","logo":{"@type":"ImageObject","inLanguage":"fr-FR","@id":"https:\/\/www.organisator.ch\/#\/schema\/logo\/image\/","url":"https:\/\/www.organisator.ch\/wp-content\/uploads\/2022\/01\/Logo_Organisator_Website.png","contentUrl":"https:\/\/www.organisator.ch\/wp-content\/uploads\/2022\/01\/Logo_Organisator_Website.png","width":800,"height":77,"caption":"Organisator"},"image":{"@id":"https:\/\/www.organisator.ch\/#\/schema\/logo\/image\/"},"sameAs":["https:\/\/www.facebook.com\/OrganisatorFachmagazin","https:\/\/www.linkedin.com\/showcase\/organisator-das-magazin-fr-kmu","https:\/\/www.xing.com\/news\/pages\/organisator-ch-695","https:\/\/www.youtube.com\/channel\/UCGP2Sq0iWaZwT3BdIAQFYpw"]},{"@type":"Person","@id":"https:\/\/www.organisator.ch\/#\/schema\/person\/4e51799071cd2dd1232ac003643ef5f0","name":"galledia","image":{"@type":"ImageObject","inLanguage":"fr-FR","@id":"https:\/\/secure.gravatar.com\/avatar\/78a7f90c01fc2bfc875782a0d4922b37cde2cf184ce347b91316d23cd7f69a36?s=96&d=mm&r=g","url":"https:\/\/secure.gravatar.com\/avatar\/78a7f90c01fc2bfc875782a0d4922b37cde2cf184ce347b91316d23cd7f69a36?s=96&d=mm&r=g","contentUrl":"https:\/\/secure.gravatar.com\/avatar\/78a7f90c01fc2bfc875782a0d4922b37cde2cf184ce347b91316d23cd7f69a36?s=96&d=mm&r=g","caption":"galledia"},"sameAs":["https:\/\/x.com\/admin"],"url":"https:\/\/www.organisator.ch\/fr\/author\/galledia\/"}]}},"_links":{"self":[{"href":"https:\/\/www.organisator.ch\/fr\/wp-json\/wp\/v2\/posts\/40018","targetHints":{"allow":["GET"]}}],"collection":[{"href":"https:\/\/www.organisator.ch\/fr\/wp-json\/wp\/v2\/posts"}],"about":[{"href":"https:\/\/www.organisator.ch\/fr\/wp-json\/wp\/v2\/types\/post"}],"author":[{"embeddable":true,"href":"https:\/\/www.organisator.ch\/fr\/wp-json\/wp\/v2\/users\/8"}],"replies":[{"embeddable":true,"href":"https:\/\/www.organisator.ch\/fr\/wp-json\/wp\/v2\/comments?post=40018"}],"version-history":[{"count":3,"href":"https:\/\/www.organisator.ch\/fr\/wp-json\/wp\/v2\/posts\/40018\/revisions"}],"predecessor-version":[{"id":40055,"href":"https:\/\/www.organisator.ch\/fr\/wp-json\/wp\/v2\/posts\/40018\/revisions\/40055"}],"wp:attachment":[{"href":"https:\/\/www.organisator.ch\/fr\/wp-json\/wp\/v2\/media?parent=40018"}],"wp:term":[{"taxonomy":"category","embeddable":true,"href":"https:\/\/www.organisator.ch\/fr\/wp-json\/wp\/v2\/categories?post=40018"},{"taxonomy":"post_tag","embeddable":true,"href":"https:\/\/www.organisator.ch\/fr\/wp-json\/wp\/v2\/tags?post=40018"}],"curies":[{"name":"wp","href":"https:\/\/api.w.org\/{rel}","templated":true}]}}