{"id":40037,"date":"2025-08-20T13:30:22","date_gmt":"2025-08-20T11:30:22","guid":{"rendered":"https:\/\/www.organisator.ch\/?p=40037"},"modified":"2025-08-20T13:30:22","modified_gmt":"2025-08-20T11:30:22","slug":"drei-nachhaltigkeits-pionierunternehmen-im-final-des-green-business-award","status":"publish","type":"post","link":"https:\/\/www.organisator.ch\/fr\/sustainability\/2025-08-20\/drei-nachhaltigkeits-pionierunternehmen-im-final-des-green-business-award\/","title":{"rendered":"Trois entreprises pionni\u00e8res en mati\u00e8re de d\u00e9veloppement durable en finale du Green Business Award"},"content":{"rendered":"<figure id=\"attachment_40038\" aria-describedby=\"caption-attachment-40038\" style=\"width: 680px\" class=\"wp-caption alignnone\"><img loading=\"lazy\" decoding=\"async\" class=\"size-full wp-image-40038\" src=\"https:\/\/www.organisator.ch\/wp-content\/uploads\/2025\/08\/Drei-Nachhaltigkeits-Pionierunternehmen-im-Final-des-Green-Business-Award_Organisator.jpg\" alt=\"\" width=\"680\" height=\"616\" srcset=\"https:\/\/www.organisator.ch\/wp-content\/uploads\/2025\/08\/Drei-Nachhaltigkeits-Pionierunternehmen-im-Final-des-Green-Business-Award_Organisator.jpg 680w, https:\/\/www.organisator.ch\/wp-content\/uploads\/2025\/08\/Drei-Nachhaltigkeits-Pionierunternehmen-im-Final-des-Green-Business-Award_Organisator-13x12.jpg 13w, https:\/\/www.organisator.ch\/wp-content\/uploads\/2025\/08\/Drei-Nachhaltigkeits-Pionierunternehmen-im-Final-des-Green-Business-Award_Organisator-331x300.jpg 331w, https:\/\/www.organisator.ch\/wp-content\/uploads\/2025\/08\/Drei-Nachhaltigkeits-Pionierunternehmen-im-Final-des-Green-Business-Award_Organisator-386x350.jpg 386w\" sizes=\"auto, (max-width: 680px) 100vw, 680px\" \/><figcaption id=\"caption-attachment-40038\" class=\"wp-caption-text\">Everllence, Oxyle et Voltiris sont, avec leurs solutions, les finalistes du Green Business Award de cette ann\u00e9e. (Images : zVg \/ Greenbusiness.ch)<\/figcaption><\/figure>\n<p>\"Un avenir digne d'\u00eatre v\u00e9cu se construit l\u00e0 o\u00f9 l'esprit d'entreprise rencontre la responsabilit\u00e9 \u00e9cologique\", affirme avec conviction C\u00e9dric Habermacher, directeur de Green Business Switzerland. Le Green Business Award honore chaque ann\u00e9e des solutions suisses qui allient impact \u00e9cologique et succ\u00e8s \u00e9conomique. Cette ann\u00e9e, deux scale-ups en plein essor et une grande entreprise au mod\u00e8le commercial durable figurent parmi les finalistes.<\/p>\n<h3>Une grande pompe \u00e0 chaleur qui alimente des villes enti\u00e8res en chauffage urbain sans impact sur le climat<\/h3>\n<p>Environ 40% des \u00e9missions mondiales de CO\u2082 proviennent de la production de chaleur1. Everllence de Zurich s'attaque pr\u00e9cis\u00e9ment \u00e0 ce probl\u00e8me et d\u00e9veloppe des pompes \u00e0 chaleur de grande taille qui permettent de convertir des villes enti\u00e8res au chauffage urbain neutre en CO\u2082. Pour ce faire, l'entreprise utilise la chaleur environnementale provenant de l'eau de mer, des lacs, des rivi\u00e8res, des eaux us\u00e9es, de l'air ambiant ou des processus industriels. Un r\u00e9servoir d'eau int\u00e9gr\u00e9 stocke la chaleur exc\u00e9dentaire et la met \u00e0 disposition en fonction des besoins. Ainsi, la pompe \u00e0 chaleur ne fait pas seulement office de fournisseur de chaleur, mais aussi de r\u00e9servoir d'\u00e9nergie. Cela stabilise le r\u00e9seau et augmente l'efficacit\u00e9. La technologie d'Everllence permet de produire simultan\u00e9ment de la chaleur et du froid avec une grande efficacit\u00e9. \u00c0 Esbjerg (DK), deux grandes pompes \u00e0 chaleur remplacent toute une centrale \u00e0 charbon et approvisionnent ainsi 25'000 foyers en chauffage urbain respectueux du climat. Cela permet d'\u00e9conomiser chaque ann\u00e9e environ 120'000 tonnes de CO\u2082. La pr\u00e9sidente du jury Doris Leuthard : \"Everllence montre comment l'industrie suisse peut faire avancer la d\u00e9carbonisation - avec une pr\u00e9cision technologique et une viabilit\u00e9 \u00e9conomique. C'est exactement le genre de solutions dont nous avons besoin\". L'innovation est d\u00e9velopp\u00e9e et produite \u00e0 Zurich-Ouest - avec 950 collaborateurs et 220 ans d'exp\u00e9rience sur le site suisse.<\/p>\n<h3>\u00c9limination durable des PFAS pour une eau propre<\/h3>\n<p>Le Dr Fajer Mushtaq a grandi \u00e0 Delhi, o\u00f9 la raret\u00e9 et la pollution de l'eau ont marqu\u00e9 son quotidien. Aujourd'hui, la cofondatrice et CEO d'Oxyle \u00e0 Schlieren d\u00e9veloppe avec son \u00e9quipe de 30 personnes la solution contre l'une des pollutions de l'eau les plus tenaces au monde : les PFAS, \u00e9galement connus sous le nom de \"produits chimiques \u00e9ternels\" (<a href=\"https:\/\/www.organisator.ch\/de\/abo\/2025-02-27\/pfas-ein-ewiges-umweltrisiko\/\">voir article dans ORGANISATOR 1-2\/2025, payant<\/a>). Ils sont pr\u00e9sents dans des produits de tous les jours comme les v\u00eatements d'ext\u00e9rieur, le papier sulfuris\u00e9, les cosm\u00e9tiques ou les po\u00eales en t\u00e9flon. Ils se retrouvent dans l'environnement via les eaux us\u00e9es, s'accumulent dans les sols, les eaux et le corps humain. M\u00eame des quantit\u00e9s infimes peuvent avoir un effet toxique - avec des cons\u00e9quences telles que le cancer, la st\u00e9rilit\u00e9 ou des troubles du syst\u00e8me immunitaire et hormonal. En raison de leurs propri\u00e9t\u00e9s chimiques, les PFAS sont consid\u00e9r\u00e9s comme particuli\u00e8rement nocifs pour l'environnement. En Suisse aussi, l'eau est fortement contamin\u00e9e par les PFAS : Une \u00e9tude de l'Observatoire national des eaux souterraines (NAQUA) datant de 2021 a mis en \u00e9vidence la pr\u00e9sence de PFAS dans pr\u00e8s de la moiti\u00e9 des plus de 500 stations de mesure des eaux souterraines analys\u00e9es. Oxyle d\u00e9veloppe une solution qui ne se contente pas d'\u00e9liminer les PFAS de l'eau, mais qui les d\u00e9grade durablement, y compris les compos\u00e9s \u00e0 cha\u00eene courte particuli\u00e8rement probl\u00e9matiques. \"Oxyle fait la lumi\u00e8re sur un danger invisible qui nous concerne tous et montre de mani\u00e8re impressionnante comment la technologie suisse peut contribuer \u00e0 r\u00e9soudre des probl\u00e8mes environnementaux globaux\", d\u00e9clare Doris Leuthard.<\/p>\n<h3>Des modules solaires innovants pour les serres sans perte de r\u00e9colte<\/h3>\n<p>Les agriculteurs qui poss\u00e8dent des serres sont confront\u00e9s \u00e0 un dilemme : ils doivent d\u00e9cider s'ils veulent utiliser le toit de la serre pour produire de l'\u00e9nergie ou de la lumi\u00e8re solaire pour cultiver des plantes. Or, les plantes n'ont besoin que d'une partie du spectre lumineux pour la photosynth\u00e8se. C'est pr\u00e9cis\u00e9ment l\u00e0 que Voltiris d'Epalinges (VD) intervient. La scale-up d\u00e9veloppe des modules solaires qui divisent la lumi\u00e8re. Les films sp\u00e9ciaux laissent passer la partie pertinente pour la croissance des plantes et transforment le reste en \u00e9lectricit\u00e9 solaire. Cette technologie permet une double utilisation de la surface - pour le rendement et l'\u00e9nergie - sans nuire \u00e0 la croissance des plantes. Les modules s'int\u00e8grent dans les serres existantes et offrent une solution \u00e0 un secteur particuli\u00e8rement gourmand en \u00e9nergie. Les serres peuvent ainsi r\u00e9duire leurs \u00e9missions de CO\u2082 jusqu'\u00e0 95% gr\u00e2ce aux modules solaires de Voltiris. Le cofondateur et CEO Nicolas Weber et son \u00e9quipe de 24 personnes mettent d\u00e9j\u00e0 en \u0153uvre cette technologie \u00e0 grande \u00e9chelle : En mai 2025, Voltiris a mont\u00e9 la premi\u00e8re installation d'un hectare chez Meier Gem\u00fcse \u00e0 R\u00fctihof (AG). En seulement quatre semaines, ils ont install\u00e9 pr\u00e8s de 1 800 modules, sans interrompre la production. \"La technologie de Voltiris combine judicieusement la production agricole et l'\u00e9nergie renouvelable. C'est un levier puissant sur la voie d'une agriculture climatiquement neutre\", d\u00e9clare Doris Leuthard \u00e0 propos de la d\u00e9cision du jury.<\/p>\n<p>La finale du Green Business Award aura lieu le 13 f\u00e9vrier 2026 \u00e0 Impact Gstaad. Les finalistes y pr\u00e9senteront leurs solutions \u00e0 des investisseurs potentiels et auront ainsi la possibilit\u00e9 d'obtenir des financements de croissance pour passer \u00e0 l'\u00e9chelle internationale. En effet, ce n'est que lorsque les solutions suisses sont appliqu\u00e9es \u00e0 l'\u00e9chelle internationale qu'elles ont un v\u00e9ritable impact sur notre plan\u00e8te.<\/p>\n<p><em>Source : <a class=\"prezly-slate-social-field__link\" href=\"https:\/\/www.greenbusiness.ch\/\" target=\"_blank\" rel=\"noreferrer noopener\"><span class=\"prezly-slate-social-field__value\">www.greenbusiness.ch<\/span><\/a><\/em><\/p>","protected":false},"excerpt":{"rendered":"<p>De la lutte contre les \"produits chimiques \u00e9ternels\" \u00e0 l'\u00e9lectricit\u00e9 solaire pour les serres en passant par l'approvisionnement en chaleur climatiquement neutre pour les villes. Les trois finalistes de la septi\u00e8me \u00e9dition du Green Business Award, Oxyle, Everllence et Voltiris, prouvent que la durabilit\u00e9 m\u00e8ne au succ\u00e8s entrepreneurial.<\/p>","protected":false},"author":4,"featured_media":40038,"comment_status":"closed","ping_status":"closed","sticky":false,"template":"","format":"standard","meta":{"_acf_changed":false,"_yoast_wpseo_focuskw":"Green Business Award","_yoast_wpseo_metadesc":"Die drei Finalisten des siebten Green Business Award beweisen, dass Nachhaltigkeit zu unternehmerischem Erfolg f\u00fchrt.","articlekey":"","footnotes":""},"categories":[580],"tags":[66,358,451,492],"class_list":["post-40037","post","type-post","status-publish","format-standard","has-post-thumbnail","hentry","category-sustainability","tag-awards","tag-nachhaltige-wirtschaft","tag-startups","tag-unternehmen"],"acf":[],"yoast_head":"<!-- This site is optimized with the Yoast SEO plugin v27.5 - https:\/\/yoast.com\/product\/yoast-seo-wordpress\/ -->\n<title>Drei Nachhaltigkeits-Pionierunternehmen im Final des Green Business Award - Organisator<\/title>\n<meta name=\"description\" content=\"Die drei Finalisten des siebten Green Business Award beweisen, dass Nachhaltigkeit zu unternehmerischem Erfolg f\u00fchrt.\" \/>\n<meta name=\"robots\" content=\"index, follow, max-snippet:-1, max-image-preview:large, max-video-preview:-1\" \/>\n<link rel=\"canonical\" href=\"https:\/\/www.organisator.ch\/fr\/sustainability\/2025-08-20\/drei-nachhaltigkeits-pionierunternehmen-im-final-des-green-business-award\/\" \/>\n<meta property=\"og:locale\" content=\"fr_FR\" \/>\n<meta property=\"og:type\" content=\"article\" \/>\n<meta property=\"og:title\" content=\"Drei Nachhaltigkeits-Pionierunternehmen im Final des Green Business Award\" \/>\n<meta property=\"og:description\" content=\"Die drei Finalisten des siebten Green Business Award beweisen, dass Nachhaltigkeit zu unternehmerischem Erfolg f\u00fchrt.\" \/>\n<meta property=\"og:url\" content=\"https:\/\/www.organisator.ch\/fr\/sustainability\/2025-08-20\/drei-nachhaltigkeits-pionierunternehmen-im-final-des-green-business-award\/\" \/>\n<meta property=\"og:site_name\" content=\"Organisator\" \/>\n<meta property=\"article:publisher\" content=\"https:\/\/www.facebook.com\/OrganisatorFachmagazin\" \/>\n<meta property=\"article:published_time\" content=\"2025-08-20T11:30:22+00:00\" \/>\n<meta property=\"og:image\" content=\"https:\/\/www.organisator.ch\/wp-content\/uploads\/2025\/08\/Drei-Nachhaltigkeits-Pionierunternehmen-im-Final-des-Green-Business-Award_Organisator.jpg\" \/>\n\t<meta property=\"og:image:width\" content=\"680\" \/>\n\t<meta property=\"og:image:height\" content=\"616\" \/>\n\t<meta property=\"og:image:type\" content=\"image\/jpeg\" \/>\n<meta name=\"author\" content=\"thomas.berner\" \/>\n<meta name=\"twitter:card\" content=\"summary_large_image\" \/>\n<meta name=\"twitter:title\" content=\"Drei #Nachhaltigkeits-Pionierunternehmen im Final des Green Business Award\" \/>\n<meta name=\"twitter:description\" content=\"Die drei Finalisten des siebten #GreenBusinessAward beweisen, dass Nachhaltigkeit zu unternehmerischem Erfolg f\u00fchrt.\" \/>\n<meta name=\"twitter:image\" content=\"https:\/\/www.organisator.ch\/wp-content\/uploads\/2025\/08\/Drei-Nachhaltigkeits-Pionierunternehmen-im-Final-des-Green-Business-Award_Organisator.jpg\" \/>\n<script type=\"application\/ld+json\" class=\"yoast-schema-graph\">{\"@context\":\"https:\\\/\\\/schema.org\",\"@graph\":[{\"@type\":\"Article\",\"@id\":\"https:\\\/\\\/www.organisator.ch\\\/sustainability\\\/2025-08-20\\\/drei-nachhaltigkeits-pionierunternehmen-im-final-des-green-business-award\\\/#article\",\"isPartOf\":{\"@id\":\"https:\\\/\\\/www.organisator.ch\\\/sustainability\\\/2025-08-20\\\/drei-nachhaltigkeits-pionierunternehmen-im-final-des-green-business-award\\\/\"},\"author\":{\"name\":\"thomas.berner\",\"@id\":\"https:\\\/\\\/www.organisator.ch\\\/#\\\/schema\\\/person\\\/6f650f90b2842cd4c0cc334b4e36f67e\"},\"headline\":\"Drei Nachhaltigkeits-Pionierunternehmen im Final des Green Business Award\",\"datePublished\":\"2025-08-20T11:30:22+00:00\",\"mainEntityOfPage\":{\"@id\":\"https:\\\/\\\/www.organisator.ch\\\/sustainability\\\/2025-08-20\\\/drei-nachhaltigkeits-pionierunternehmen-im-final-des-green-business-award\\\/\"},\"wordCount\":766,\"publisher\":{\"@id\":\"https:\\\/\\\/www.organisator.ch\\\/#organization\"},\"image\":{\"@id\":\"https:\\\/\\\/www.organisator.ch\\\/sustainability\\\/2025-08-20\\\/drei-nachhaltigkeits-pionierunternehmen-im-final-des-green-business-award\\\/#primaryimage\"},\"thumbnailUrl\":\"https:\\\/\\\/www.organisator.ch\\\/wp-content\\\/uploads\\\/2025\\\/08\\\/Drei-Nachhaltigkeits-Pionierunternehmen-im-Final-des-Green-Business-Award_Organisator.jpg\",\"keywords\":[\"Awards\",\"Nachhaltige Wirtschaft\",\"Startups\",\"Unternehmen\"],\"articleSection\":[\"SUSTAINABILITY\"],\"inLanguage\":\"fr-FR\"},{\"@type\":\"WebPage\",\"@id\":\"https:\\\/\\\/www.organisator.ch\\\/sustainability\\\/2025-08-20\\\/drei-nachhaltigkeits-pionierunternehmen-im-final-des-green-business-award\\\/\",\"url\":\"https:\\\/\\\/www.organisator.ch\\\/sustainability\\\/2025-08-20\\\/drei-nachhaltigkeits-pionierunternehmen-im-final-des-green-business-award\\\/\",\"name\":\"Drei Nachhaltigkeits-Pionierunternehmen im Final des Green Business Award - Organisator\",\"isPartOf\":{\"@id\":\"https:\\\/\\\/www.organisator.ch\\\/#website\"},\"primaryImageOfPage\":{\"@id\":\"https:\\\/\\\/www.organisator.ch\\\/sustainability\\\/2025-08-20\\\/drei-nachhaltigkeits-pionierunternehmen-im-final-des-green-business-award\\\/#primaryimage\"},\"image\":{\"@id\":\"https:\\\/\\\/www.organisator.ch\\\/sustainability\\\/2025-08-20\\\/drei-nachhaltigkeits-pionierunternehmen-im-final-des-green-business-award\\\/#primaryimage\"},\"thumbnailUrl\":\"https:\\\/\\\/www.organisator.ch\\\/wp-content\\\/uploads\\\/2025\\\/08\\\/Drei-Nachhaltigkeits-Pionierunternehmen-im-Final-des-Green-Business-Award_Organisator.jpg\",\"datePublished\":\"2025-08-20T11:30:22+00:00\",\"description\":\"Die drei Finalisten des siebten Green Business Award beweisen, dass Nachhaltigkeit zu unternehmerischem Erfolg f\u00fchrt.\",\"breadcrumb\":{\"@id\":\"https:\\\/\\\/www.organisator.ch\\\/sustainability\\\/2025-08-20\\\/drei-nachhaltigkeits-pionierunternehmen-im-final-des-green-business-award\\\/#breadcrumb\"},\"inLanguage\":\"fr-FR\",\"potentialAction\":[{\"@type\":\"ReadAction\",\"target\":[\"https:\\\/\\\/www.organisator.ch\\\/sustainability\\\/2025-08-20\\\/drei-nachhaltigkeits-pionierunternehmen-im-final-des-green-business-award\\\/\"]}]},{\"@type\":\"ImageObject\",\"inLanguage\":\"fr-FR\",\"@id\":\"https:\\\/\\\/www.organisator.ch\\\/sustainability\\\/2025-08-20\\\/drei-nachhaltigkeits-pionierunternehmen-im-final-des-green-business-award\\\/#primaryimage\",\"url\":\"https:\\\/\\\/www.organisator.ch\\\/wp-content\\\/uploads\\\/2025\\\/08\\\/Drei-Nachhaltigkeits-Pionierunternehmen-im-Final-des-Green-Business-Award_Organisator.jpg\",\"contentUrl\":\"https:\\\/\\\/www.organisator.ch\\\/wp-content\\\/uploads\\\/2025\\\/08\\\/Drei-Nachhaltigkeits-Pionierunternehmen-im-Final-des-Green-Business-Award_Organisator.jpg\",\"width\":680,\"height\":616,\"caption\":\"Everllence, Oxyle und Voltiris sind mit ihren L\u00f6sungen die Finalisten f\u00fcr den diesj\u00e4hrigen Green Business Award. (Bilder: zVg \\\/ Greenbusiness.ch)\"},{\"@type\":\"BreadcrumbList\",\"@id\":\"https:\\\/\\\/www.organisator.ch\\\/sustainability\\\/2025-08-20\\\/drei-nachhaltigkeits-pionierunternehmen-im-final-des-green-business-award\\\/#breadcrumb\",\"itemListElement\":[{\"@type\":\"ListItem\",\"position\":1,\"name\":\"Home\",\"item\":\"https:\\\/\\\/www.organisator.ch\\\/\"},{\"@type\":\"ListItem\",\"position\":2,\"name\":\"Drei Nachhaltigkeits-Pionierunternehmen im Final des Green Business Award\"}]},{\"@type\":\"WebSite\",\"@id\":\"https:\\\/\\\/www.organisator.ch\\\/#website\",\"url\":\"https:\\\/\\\/www.organisator.ch\\\/\",\"name\":\"Organisator\",\"description\":\"Kompetent. Praxisnah. Der ORGANISATOR bereitet in 10 Ausgaben pro Jahr die wesentlichen Themen f\u00fcr F\u00fchrungskr\u00e4fte von KMU auf.\",\"publisher\":{\"@id\":\"https:\\\/\\\/www.organisator.ch\\\/#organization\"},\"potentialAction\":[{\"@type\":\"SearchAction\",\"target\":{\"@type\":\"EntryPoint\",\"urlTemplate\":\"https:\\\/\\\/www.organisator.ch\\\/?s={search_term_string}\"},\"query-input\":{\"@type\":\"PropertyValueSpecification\",\"valueRequired\":true,\"valueName\":\"search_term_string\"}}],\"inLanguage\":\"fr-FR\"},{\"@type\":\"Organization\",\"@id\":\"https:\\\/\\\/www.organisator.ch\\\/#organization\",\"name\":\"Organisator\",\"url\":\"https:\\\/\\\/www.organisator.ch\\\/\",\"logo\":{\"@type\":\"ImageObject\",\"inLanguage\":\"fr-FR\",\"@id\":\"https:\\\/\\\/www.organisator.ch\\\/#\\\/schema\\\/logo\\\/image\\\/\",\"url\":\"https:\\\/\\\/www.organisator.ch\\\/wp-content\\\/uploads\\\/2022\\\/01\\\/Logo_Organisator_Website.png\",\"contentUrl\":\"https:\\\/\\\/www.organisator.ch\\\/wp-content\\\/uploads\\\/2022\\\/01\\\/Logo_Organisator_Website.png\",\"width\":800,\"height\":77,\"caption\":\"Organisator\"},\"image\":{\"@id\":\"https:\\\/\\\/www.organisator.ch\\\/#\\\/schema\\\/logo\\\/image\\\/\"},\"sameAs\":[\"https:\\\/\\\/www.facebook.com\\\/OrganisatorFachmagazin\",\"https:\\\/\\\/www.linkedin.com\\\/showcase\\\/organisator-das-magazin-fr-kmu\",\"https:\\\/\\\/www.xing.com\\\/news\\\/pages\\\/organisator-ch-695\",\"https:\\\/\\\/www.youtube.com\\\/channel\\\/UCGP2Sq0iWaZwT3BdIAQFYpw\"]},{\"@type\":\"Person\",\"@id\":\"https:\\\/\\\/www.organisator.ch\\\/#\\\/schema\\\/person\\\/6f650f90b2842cd4c0cc334b4e36f67e\",\"name\":\"thomas.berner\",\"image\":{\"@type\":\"ImageObject\",\"inLanguage\":\"fr-FR\",\"@id\":\"https:\\\/\\\/secure.gravatar.com\\\/avatar\\\/ac5001d2a36cb6c6cd3e50789007ffca834b477b74a2144564522e944eabff61?s=96&d=mm&r=g\",\"url\":\"https:\\\/\\\/secure.gravatar.com\\\/avatar\\\/ac5001d2a36cb6c6cd3e50789007ffca834b477b74a2144564522e944eabff61?s=96&d=mm&r=g\",\"contentUrl\":\"https:\\\/\\\/secure.gravatar.com\\\/avatar\\\/ac5001d2a36cb6c6cd3e50789007ffca834b477b74a2144564522e944eabff61?s=96&d=mm&r=g\",\"caption\":\"thomas.berner\"},\"url\":\"https:\\\/\\\/www.organisator.ch\\\/fr\\\/author\\\/thomas-berner\\\/\"}]}<\/script>\n<!-- \/ Yoast SEO plugin. -->","yoast_head_json":{"title":"Trois entreprises pionni\u00e8res en mati\u00e8re de d\u00e9veloppement durable en finale du Green Business Award - organisateur","description":"Les trois finalistes du septi\u00e8me Green Business Award prouvent que la durabilit\u00e9 m\u00e8ne au succ\u00e8s entrepreneurial.","robots":{"index":"index","follow":"follow","max-snippet":"max-snippet:-1","max-image-preview":"max-image-preview:large","max-video-preview":"max-video-preview:-1"},"canonical":"https:\/\/www.organisator.ch\/fr\/sustainability\/2025-08-20\/drei-nachhaltigkeits-pionierunternehmen-im-final-des-green-business-award\/","og_locale":"fr_FR","og_type":"article","og_title":"Drei Nachhaltigkeits-Pionierunternehmen im Final des Green Business Award","og_description":"Die drei Finalisten des siebten Green Business Award beweisen, dass Nachhaltigkeit zu unternehmerischem Erfolg f\u00fchrt.","og_url":"https:\/\/www.organisator.ch\/fr\/sustainability\/2025-08-20\/drei-nachhaltigkeits-pionierunternehmen-im-final-des-green-business-award\/","og_site_name":"Organisator","article_publisher":"https:\/\/www.facebook.com\/OrganisatorFachmagazin","article_published_time":"2025-08-20T11:30:22+00:00","og_image":[{"width":680,"height":616,"url":"https:\/\/www.organisator.ch\/wp-content\/uploads\/2025\/08\/Drei-Nachhaltigkeits-Pionierunternehmen-im-Final-des-Green-Business-Award_Organisator.jpg","type":"image\/jpeg"}],"author":"thomas.berner","twitter_card":"summary_large_image","twitter_title":"Drei #Nachhaltigkeits-Pionierunternehmen im Final des Green Business Award","twitter_description":"Die drei Finalisten des siebten #GreenBusinessAward beweisen, dass Nachhaltigkeit zu unternehmerischem Erfolg f\u00fchrt.","twitter_image":"https:\/\/www.organisator.ch\/wp-content\/uploads\/2025\/08\/Drei-Nachhaltigkeits-Pionierunternehmen-im-Final-des-Green-Business-Award_Organisator.jpg","schema":{"@context":"https:\/\/schema.org","@graph":[{"@type":"Article","@id":"https:\/\/www.organisator.ch\/sustainability\/2025-08-20\/drei-nachhaltigkeits-pionierunternehmen-im-final-des-green-business-award\/#article","isPartOf":{"@id":"https:\/\/www.organisator.ch\/sustainability\/2025-08-20\/drei-nachhaltigkeits-pionierunternehmen-im-final-des-green-business-award\/"},"author":{"name":"thomas.berner","@id":"https:\/\/www.organisator.ch\/#\/schema\/person\/6f650f90b2842cd4c0cc334b4e36f67e"},"headline":"Drei Nachhaltigkeits-Pionierunternehmen im Final des Green Business Award","datePublished":"2025-08-20T11:30:22+00:00","mainEntityOfPage":{"@id":"https:\/\/www.organisator.ch\/sustainability\/2025-08-20\/drei-nachhaltigkeits-pionierunternehmen-im-final-des-green-business-award\/"},"wordCount":766,"publisher":{"@id":"https:\/\/www.organisator.ch\/#organization"},"image":{"@id":"https:\/\/www.organisator.ch\/sustainability\/2025-08-20\/drei-nachhaltigkeits-pionierunternehmen-im-final-des-green-business-award\/#primaryimage"},"thumbnailUrl":"https:\/\/www.organisator.ch\/wp-content\/uploads\/2025\/08\/Drei-Nachhaltigkeits-Pionierunternehmen-im-Final-des-Green-Business-Award_Organisator.jpg","keywords":["Awards","Nachhaltige Wirtschaft","Startups","Unternehmen"],"articleSection":["SUSTAINABILITY"],"inLanguage":"fr-FR"},{"@type":"WebPage","@id":"https:\/\/www.organisator.ch\/sustainability\/2025-08-20\/drei-nachhaltigkeits-pionierunternehmen-im-final-des-green-business-award\/","url":"https:\/\/www.organisator.ch\/sustainability\/2025-08-20\/drei-nachhaltigkeits-pionierunternehmen-im-final-des-green-business-award\/","name":"Trois entreprises pionni\u00e8res en mati\u00e8re de d\u00e9veloppement durable en finale du Green Business Award - organisateur","isPartOf":{"@id":"https:\/\/www.organisator.ch\/#website"},"primaryImageOfPage":{"@id":"https:\/\/www.organisator.ch\/sustainability\/2025-08-20\/drei-nachhaltigkeits-pionierunternehmen-im-final-des-green-business-award\/#primaryimage"},"image":{"@id":"https:\/\/www.organisator.ch\/sustainability\/2025-08-20\/drei-nachhaltigkeits-pionierunternehmen-im-final-des-green-business-award\/#primaryimage"},"thumbnailUrl":"https:\/\/www.organisator.ch\/wp-content\/uploads\/2025\/08\/Drei-Nachhaltigkeits-Pionierunternehmen-im-Final-des-Green-Business-Award_Organisator.jpg","datePublished":"2025-08-20T11:30:22+00:00","description":"Les trois finalistes du septi\u00e8me Green Business Award prouvent que la durabilit\u00e9 m\u00e8ne au succ\u00e8s entrepreneurial.","breadcrumb":{"@id":"https:\/\/www.organisator.ch\/sustainability\/2025-08-20\/drei-nachhaltigkeits-pionierunternehmen-im-final-des-green-business-award\/#breadcrumb"},"inLanguage":"fr-FR","potentialAction":[{"@type":"ReadAction","target":["https:\/\/www.organisator.ch\/sustainability\/2025-08-20\/drei-nachhaltigkeits-pionierunternehmen-im-final-des-green-business-award\/"]}]},{"@type":"ImageObject","inLanguage":"fr-FR","@id":"https:\/\/www.organisator.ch\/sustainability\/2025-08-20\/drei-nachhaltigkeits-pionierunternehmen-im-final-des-green-business-award\/#primaryimage","url":"https:\/\/www.organisator.ch\/wp-content\/uploads\/2025\/08\/Drei-Nachhaltigkeits-Pionierunternehmen-im-Final-des-Green-Business-Award_Organisator.jpg","contentUrl":"https:\/\/www.organisator.ch\/wp-content\/uploads\/2025\/08\/Drei-Nachhaltigkeits-Pionierunternehmen-im-Final-des-Green-Business-Award_Organisator.jpg","width":680,"height":616,"caption":"Everllence, Oxyle und Voltiris sind mit ihren L\u00f6sungen die Finalisten f\u00fcr den diesj\u00e4hrigen Green Business Award. (Bilder: zVg \/ Greenbusiness.ch)"},{"@type":"BreadcrumbList","@id":"https:\/\/www.organisator.ch\/sustainability\/2025-08-20\/drei-nachhaltigkeits-pionierunternehmen-im-final-des-green-business-award\/#breadcrumb","itemListElement":[{"@type":"ListItem","position":1,"name":"Home","item":"https:\/\/www.organisator.ch\/"},{"@type":"ListItem","position":2,"name":"Drei Nachhaltigkeits-Pionierunternehmen im Final des Green Business Award"}]},{"@type":"WebSite","@id":"https:\/\/www.organisator.ch\/#website","url":"https:\/\/www.organisator.ch\/","name":"Organisateur","description":"Comp\u00e9tence et comp\u00e9tence. Proches de la pratique. L'ORGANISATEUR pr\u00e9pare 10 num\u00e9ros par an sur les th\u00e8mes essentiels pour les dirigeants de PME.","publisher":{"@id":"https:\/\/www.organisator.ch\/#organization"},"potentialAction":[{"@type":"SearchAction","target":{"@type":"EntryPoint","urlTemplate":"https:\/\/www.organisator.ch\/?s={search_term_string}"},"query-input":{"@type":"PropertyValueSpecification","valueRequired":true,"valueName":"search_term_string"}}],"inLanguage":"fr-FR"},{"@type":"Organization","@id":"https:\/\/www.organisator.ch\/#organization","name":"Organisateur","url":"https:\/\/www.organisator.ch\/","logo":{"@type":"ImageObject","inLanguage":"fr-FR","@id":"https:\/\/www.organisator.ch\/#\/schema\/logo\/image\/","url":"https:\/\/www.organisator.ch\/wp-content\/uploads\/2022\/01\/Logo_Organisator_Website.png","contentUrl":"https:\/\/www.organisator.ch\/wp-content\/uploads\/2022\/01\/Logo_Organisator_Website.png","width":800,"height":77,"caption":"Organisator"},"image":{"@id":"https:\/\/www.organisator.ch\/#\/schema\/logo\/image\/"},"sameAs":["https:\/\/www.facebook.com\/OrganisatorFachmagazin","https:\/\/www.linkedin.com\/showcase\/organisator-das-magazin-fr-kmu","https:\/\/www.xing.com\/news\/pages\/organisator-ch-695","https:\/\/www.youtube.com\/channel\/UCGP2Sq0iWaZwT3BdIAQFYpw"]},{"@type":"Person","@id":"https:\/\/www.organisator.ch\/#\/schema\/person\/6f650f90b2842cd4c0cc334b4e36f67e","name":"thomas.berner","image":{"@type":"ImageObject","inLanguage":"fr-FR","@id":"https:\/\/secure.gravatar.com\/avatar\/ac5001d2a36cb6c6cd3e50789007ffca834b477b74a2144564522e944eabff61?s=96&d=mm&r=g","url":"https:\/\/secure.gravatar.com\/avatar\/ac5001d2a36cb6c6cd3e50789007ffca834b477b74a2144564522e944eabff61?s=96&d=mm&r=g","contentUrl":"https:\/\/secure.gravatar.com\/avatar\/ac5001d2a36cb6c6cd3e50789007ffca834b477b74a2144564522e944eabff61?s=96&d=mm&r=g","caption":"thomas.berner"},"url":"https:\/\/www.organisator.ch\/fr\/author\/thomas-berner\/"}]}},"_links":{"self":[{"href":"https:\/\/www.organisator.ch\/fr\/wp-json\/wp\/v2\/posts\/40037","targetHints":{"allow":["GET"]}}],"collection":[{"href":"https:\/\/www.organisator.ch\/fr\/wp-json\/wp\/v2\/posts"}],"about":[{"href":"https:\/\/www.organisator.ch\/fr\/wp-json\/wp\/v2\/types\/post"}],"author":[{"embeddable":true,"href":"https:\/\/www.organisator.ch\/fr\/wp-json\/wp\/v2\/users\/4"}],"replies":[{"embeddable":true,"href":"https:\/\/www.organisator.ch\/fr\/wp-json\/wp\/v2\/comments?post=40037"}],"version-history":[{"count":2,"href":"https:\/\/www.organisator.ch\/fr\/wp-json\/wp\/v2\/posts\/40037\/revisions"}],"predecessor-version":[{"id":40051,"href":"https:\/\/www.organisator.ch\/fr\/wp-json\/wp\/v2\/posts\/40037\/revisions\/40051"}],"wp:featuredmedia":[{"embeddable":true,"href":"https:\/\/www.organisator.ch\/fr\/wp-json\/wp\/v2\/media\/40038"}],"wp:attachment":[{"href":"https:\/\/www.organisator.ch\/fr\/wp-json\/wp\/v2\/media?parent=40037"}],"wp:term":[{"taxonomy":"category","embeddable":true,"href":"https:\/\/www.organisator.ch\/fr\/wp-json\/wp\/v2\/categories?post=40037"},{"taxonomy":"post_tag","embeddable":true,"href":"https:\/\/www.organisator.ch\/fr\/wp-json\/wp\/v2\/tags?post=40037"}],"curies":[{"name":"wp","href":"https:\/\/api.w.org\/{rel}","templated":true}]}}