{"id":40072,"date":"2025-08-22T07:07:02","date_gmt":"2025-08-22T05:07:02","guid":{"rendered":"https:\/\/www.markt-kom.com\/?p=237626"},"modified":"2025-08-22T07:05:52","modified_gmt":"2025-08-22T05:05:52","slug":"martin-walthert-ist-cmo-of-the-year-2025","status":"publish","type":"post","link":"https:\/\/www.organisator.ch\/fr\/marketing\/2025-08-22\/martin-walthert-ist-cmo-of-the-year-2025\/","title":{"rendered":"Martin Walthert est le \"CMO de l'ann\u00e9e 2025"},"content":{"rendered":"<p><img class=\"alignnone size-full wp-image-237628\" src=\"https:\/\/www.markt-kom.com\/wp-content\/uploads\/2025\/08\/Martin-Walthert-Thumbnail-scaled-1.png\" sizes=\"(max-width: 1300px) 100vw, 1300px\" srcset=\"https:\/\/www.markt-kom.com\/wp-content\/uploads\/2025\/08\/Martin-Walthert-Thumbnail-scaled-1.png 1300w, https:\/\/www.markt-kom.com\/wp-content\/uploads\/2025\/08\/Martin-Walthert-Thumbnail-scaled-1-600x338.png 600w, https:\/\/www.markt-kom.com\/wp-content\/uploads\/2025\/08\/Martin-Walthert-Thumbnail-scaled-1-1024x577.png 1024w, https:\/\/www.markt-kom.com\/wp-content\/uploads\/2025\/08\/Martin-Walthert-Thumbnail-scaled-1-768x432.png 768w, https:\/\/www.markt-kom.com\/wp-content\/uploads\/2025\/08\/Martin-Walthert-Thumbnail-scaled-1-18x10.png 18w, https:\/\/www.markt-kom.com\/wp-content\/uploads\/2025\/08\/Martin-Walthert-Thumbnail-scaled-1-311x175.png 311w, https:\/\/www.markt-kom.com\/wp-content\/uploads\/2025\/08\/Martin-Walthert-Thumbnail-scaled-1-622x350.png 622w, https:\/\/www.markt-kom.com\/wp-content\/uploads\/2025\/08\/Martin-Walthert-Thumbnail-scaled-1-1000x563.png 1000w\" alt=\"\" width=\"1300\" height=\"732\" \/>Walthert et son \u00e9quipe d'environ 70 personnes sont responsables depuis des ann\u00e9es de la commercialisation r\u00e9ussie, du branding durable ainsi que des campagnes tr\u00e8s remarqu\u00e9es de Digitec et Galaxus. Une grande partie du travail est r\u00e9alis\u00e9e en interne. L'\u00e9quipe mise r\u00e9guli\u00e8rement sur des approches non conventionnelles - avec un succ\u00e8s av\u00e9r\u00e9 : le chiffre d'affaires et la notori\u00e9t\u00e9 de la marque de l'entreprise n'ont cess\u00e9 de cro\u00eetre.<\/p>\r\n<p>Chaque ann\u00e9e, des personnalit\u00e9s qui s'engagent de mani\u00e8re particuli\u00e8re pour leur marque, qui placent les clients au centre de leurs pr\u00e9occupations, qui tiennent compte de la durabilit\u00e9 et qui sont des mod\u00e8les en tant que dirigeants, sont nomin\u00e9es pour le prix. Nous recherchons des personnes qui ouvrent de nouvelles voies et cr\u00e9ent une v\u00e9ritable valeur ajout\u00e9e pour les entreprises et les consommateurs.<\/p>\r\n<p>Les candidats sont propos\u00e9s par 24 experts issus de l'\u00e9conomie, du marketing, de la recherche, des m\u00e9dias, du conseil et de la formation. L'Institut f\u00fcr Marketing &amp; Consumer Insight de l'Universit\u00e9 de Saint-Gall \u00e9value les nominations et \u00e9tablit une longue liste. \u00c0 partir de celle-ci, le jury s\u00e9lectionne une shortlist de six nomin\u00e9s.<\/p>\r\n<p>Une particularit\u00e9 de cette ann\u00e9e a \u00e9t\u00e9 la premi\u00e8re double nomination : Sara Jerman et Angelika Leemann de Rivella. Figuraient \u00e9galement sur la shortlist (par ordre alphab\u00e9tique) : Gregor Eicher (Bank Cler), Marco Greco (Ochsner Sport), Sonia Milici (Yuh) et Martin Schweikert (FMB).<\/p>\r\n<p>Apr\u00e8s avoir \u00e9t\u00e9 \u00e9lu \"publicitaire de l'ann\u00e9e 2020\" et \"Marketing Thought Leader 2022\", Martin Walthert se voit d\u00e9cerner le titre de \"CMO of the Year 2025\". Il a commenc\u00e9 sa carri\u00e8re directement chez Digitec Galaxus apr\u00e8s ses \u00e9tudes et y travaille depuis 2006. Aujourd'hui, en tant que CMO, il mise sur une strat\u00e9gie interne claire avec des voies d\u00e9cisionnelles courtes. Depuis son arriv\u00e9e, le chiffre d'affaires de l'entreprise est pass\u00e9 de 62 millions \u00e0 3,228 milliards de francs.<\/p>\r\n<p>La remise des prix a eu lieu le jeudi 21 ao\u00fbt au Papiersaal de Zurich devant 120 invit\u00e9s. La soir\u00e9e a \u00e9t\u00e9 anim\u00e9e pour la troisi\u00e8me fois par Vanessa Meier. L'invit\u00e9 de la Spotlight Session \u00e9tait David Degen, pr\u00e9sident du conseil d'administration du FC B\u00e2le 1893.<\/p>\r\n<p>Le \"CMO of the Year\" est une initiative de Serviceplan Group Switzerland (Serviceplan Suisse AG, Mediaplus Suisse AG et Plan.Net Suisse AG) en partenariat avec Admeira, SGA, 20 Minuten, m&amp;k, pers\u00f6nlich, swissmarketing et l'Universit\u00e9 de Saint-Gall.<\/p>","protected":false},"excerpt":{"rendered":"<p>Le \"CMO of the Year Award\" r\u00e9compense les responsables marketing qui marquent leur marque de leur empreinte et la d\u00e9veloppent avec un engagement particulier. Cette ann\u00e9e, le prix a \u00e9t\u00e9 d\u00e9cern\u00e9 \u00e0 Martin Walthert, Chief Marketing Officer de Digitec Galaxus.<\/p>","protected":false},"author":8,"featured_media":0,"comment_status":"closed","ping_status":"closed","sticky":false,"template":"","format":"standard","meta":{"_acf_changed":false,"_yoast_wpseo_focuskw":"Martin Walthert","_yoast_wpseo_metadesc":"In diesem Jahr geht die Auszeichnung \u00abCMO of the Year Award\u00bb an Martin Walthert, Chief Marketing Officer von Digitec Galaxus.","articlekey":"","footnotes":""},"categories":[29],"tags":[66,3733,2899,3531],"class_list":["post-40072","post","type-post","status-publish","format-standard","hentry","category-marketing","tag-awards","tag-cmo-of-the-year","tag-digitec-galaxus","tag-serviceplan-gruppe-schweiz"],"acf":[],"yoast_head":"<!-- This site is optimized with the Yoast SEO plugin v27.5 - https:\/\/yoast.com\/product\/yoast-seo-wordpress\/ -->\n<title>Martin Walthert ist \u00abCMO of the Year 2025\u00bb - Organisator<\/title>\n<meta name=\"description\" content=\"In diesem Jahr geht die Auszeichnung \u00abCMO of the Year Award\u00bb an Martin Walthert, Chief Marketing Officer von Digitec Galaxus.\" \/>\n<meta name=\"robots\" content=\"index, follow, max-snippet:-1, max-image-preview:large, max-video-preview:-1\" \/>\n<link rel=\"canonical\" href=\"https:\/\/www.organisator.ch\/fr\/marketing\/2025-08-22\/martin-walthert-ist-cmo-of-the-year-2025\/\" \/>\n<meta property=\"og:locale\" content=\"fr_FR\" \/>\n<meta property=\"og:type\" content=\"article\" \/>\n<meta property=\"og:title\" content=\"Martin Walthert ist \u00abCMO of the Year 2025\u00bb - Organisator\" \/>\n<meta property=\"og:description\" content=\"In diesem Jahr geht die Auszeichnung \u00abCMO of the Year Award\u00bb an Martin Walthert, Chief Marketing Officer von Digitec Galaxus.\" \/>\n<meta property=\"og:url\" content=\"https:\/\/www.organisator.ch\/fr\/marketing\/2025-08-22\/martin-walthert-ist-cmo-of-the-year-2025\/\" \/>\n<meta property=\"og:site_name\" content=\"Organisator\" \/>\n<meta property=\"article:publisher\" content=\"https:\/\/www.facebook.com\/OrganisatorFachmagazin\" \/>\n<meta property=\"article:published_time\" content=\"2025-08-22T05:07:02+00:00\" \/>\n<meta name=\"author\" content=\"galledia\" \/>\n<meta name=\"twitter:card\" content=\"summary_large_image\" \/>\n<meta name=\"twitter:creator\" content=\"@admin\" \/>\n<script type=\"application\/ld+json\" class=\"yoast-schema-graph\">{\"@context\":\"https:\\\/\\\/schema.org\",\"@graph\":[{\"@type\":\"Article\",\"@id\":\"https:\\\/\\\/www.organisator.ch\\\/marketing\\\/2025-08-22\\\/martin-walthert-ist-cmo-of-the-year-2025\\\/#article\",\"isPartOf\":{\"@id\":\"https:\\\/\\\/www.organisator.ch\\\/marketing\\\/2025-08-22\\\/martin-walthert-ist-cmo-of-the-year-2025\\\/\"},\"author\":{\"name\":\"galledia\",\"@id\":\"https:\\\/\\\/www.organisator.ch\\\/#\\\/schema\\\/person\\\/4e51799071cd2dd1232ac003643ef5f0\"},\"headline\":\"Martin Walthert ist \u00abCMO of the Year 2025\u00bb\",\"datePublished\":\"2025-08-22T05:07:02+00:00\",\"mainEntityOfPage\":{\"@id\":\"https:\\\/\\\/www.organisator.ch\\\/marketing\\\/2025-08-22\\\/martin-walthert-ist-cmo-of-the-year-2025\\\/\"},\"wordCount\":346,\"publisher\":{\"@id\":\"https:\\\/\\\/www.organisator.ch\\\/#organization\"},\"image\":{\"@id\":\"https:\\\/\\\/www.organisator.ch\\\/marketing\\\/2025-08-22\\\/martin-walthert-ist-cmo-of-the-year-2025\\\/#primaryimage\"},\"thumbnailUrl\":\"https:\\\/\\\/www.markt-kom.com\\\/wp-content\\\/uploads\\\/2025\\\/08\\\/Martin-Walthert-Thumbnail-scaled-1.png\",\"keywords\":[\"Awards\",\"CMO of the year\",\"Digitec Galaxus\",\"Serviceplan Gruppe Schweiz\"],\"articleSection\":[\"MARKETING\"],\"inLanguage\":\"fr-FR\"},{\"@type\":\"WebPage\",\"@id\":\"https:\\\/\\\/www.organisator.ch\\\/marketing\\\/2025-08-22\\\/martin-walthert-ist-cmo-of-the-year-2025\\\/\",\"url\":\"https:\\\/\\\/www.organisator.ch\\\/marketing\\\/2025-08-22\\\/martin-walthert-ist-cmo-of-the-year-2025\\\/\",\"name\":\"Martin Walthert ist \u00abCMO of the Year 2025\u00bb - Organisator\",\"isPartOf\":{\"@id\":\"https:\\\/\\\/www.organisator.ch\\\/#website\"},\"primaryImageOfPage\":{\"@id\":\"https:\\\/\\\/www.organisator.ch\\\/marketing\\\/2025-08-22\\\/martin-walthert-ist-cmo-of-the-year-2025\\\/#primaryimage\"},\"image\":{\"@id\":\"https:\\\/\\\/www.organisator.ch\\\/marketing\\\/2025-08-22\\\/martin-walthert-ist-cmo-of-the-year-2025\\\/#primaryimage\"},\"thumbnailUrl\":\"https:\\\/\\\/www.markt-kom.com\\\/wp-content\\\/uploads\\\/2025\\\/08\\\/Martin-Walthert-Thumbnail-scaled-1.png\",\"datePublished\":\"2025-08-22T05:07:02+00:00\",\"description\":\"In diesem Jahr geht die Auszeichnung \u00abCMO of the Year Award\u00bb an Martin Walthert, Chief Marketing Officer von Digitec Galaxus.\",\"breadcrumb\":{\"@id\":\"https:\\\/\\\/www.organisator.ch\\\/marketing\\\/2025-08-22\\\/martin-walthert-ist-cmo-of-the-year-2025\\\/#breadcrumb\"},\"inLanguage\":\"fr-FR\",\"potentialAction\":[{\"@type\":\"ReadAction\",\"target\":[\"https:\\\/\\\/www.organisator.ch\\\/marketing\\\/2025-08-22\\\/martin-walthert-ist-cmo-of-the-year-2025\\\/\"]}]},{\"@type\":\"ImageObject\",\"inLanguage\":\"fr-FR\",\"@id\":\"https:\\\/\\\/www.organisator.ch\\\/marketing\\\/2025-08-22\\\/martin-walthert-ist-cmo-of-the-year-2025\\\/#primaryimage\",\"url\":\"https:\\\/\\\/www.markt-kom.com\\\/wp-content\\\/uploads\\\/2025\\\/08\\\/Martin-Walthert-Thumbnail-scaled-1.png\",\"contentUrl\":\"https:\\\/\\\/www.markt-kom.com\\\/wp-content\\\/uploads\\\/2025\\\/08\\\/Martin-Walthert-Thumbnail-scaled-1.png\"},{\"@type\":\"BreadcrumbList\",\"@id\":\"https:\\\/\\\/www.organisator.ch\\\/marketing\\\/2025-08-22\\\/martin-walthert-ist-cmo-of-the-year-2025\\\/#breadcrumb\",\"itemListElement\":[{\"@type\":\"ListItem\",\"position\":1,\"name\":\"Home\",\"item\":\"https:\\\/\\\/www.organisator.ch\\\/\"},{\"@type\":\"ListItem\",\"position\":2,\"name\":\"Martin Walthert ist \u00abCMO of the Year 2025\u00bb\"}]},{\"@type\":\"WebSite\",\"@id\":\"https:\\\/\\\/www.organisator.ch\\\/#website\",\"url\":\"https:\\\/\\\/www.organisator.ch\\\/\",\"name\":\"Organisator\",\"description\":\"Kompetent. Praxisnah. Der ORGANISATOR bereitet in 10 Ausgaben pro Jahr die wesentlichen Themen f\u00fcr F\u00fchrungskr\u00e4fte von KMU auf.\",\"publisher\":{\"@id\":\"https:\\\/\\\/www.organisator.ch\\\/#organization\"},\"potentialAction\":[{\"@type\":\"SearchAction\",\"target\":{\"@type\":\"EntryPoint\",\"urlTemplate\":\"https:\\\/\\\/www.organisator.ch\\\/?s={search_term_string}\"},\"query-input\":{\"@type\":\"PropertyValueSpecification\",\"valueRequired\":true,\"valueName\":\"search_term_string\"}}],\"inLanguage\":\"fr-FR\"},{\"@type\":\"Organization\",\"@id\":\"https:\\\/\\\/www.organisator.ch\\\/#organization\",\"name\":\"Organisator\",\"url\":\"https:\\\/\\\/www.organisator.ch\\\/\",\"logo\":{\"@type\":\"ImageObject\",\"inLanguage\":\"fr-FR\",\"@id\":\"https:\\\/\\\/www.organisator.ch\\\/#\\\/schema\\\/logo\\\/image\\\/\",\"url\":\"https:\\\/\\\/www.organisator.ch\\\/wp-content\\\/uploads\\\/2022\\\/01\\\/Logo_Organisator_Website.png\",\"contentUrl\":\"https:\\\/\\\/www.organisator.ch\\\/wp-content\\\/uploads\\\/2022\\\/01\\\/Logo_Organisator_Website.png\",\"width\":800,\"height\":77,\"caption\":\"Organisator\"},\"image\":{\"@id\":\"https:\\\/\\\/www.organisator.ch\\\/#\\\/schema\\\/logo\\\/image\\\/\"},\"sameAs\":[\"https:\\\/\\\/www.facebook.com\\\/OrganisatorFachmagazin\",\"https:\\\/\\\/www.linkedin.com\\\/showcase\\\/organisator-das-magazin-fr-kmu\",\"https:\\\/\\\/www.xing.com\\\/news\\\/pages\\\/organisator-ch-695\",\"https:\\\/\\\/www.youtube.com\\\/channel\\\/UCGP2Sq0iWaZwT3BdIAQFYpw\"]},{\"@type\":\"Person\",\"@id\":\"https:\\\/\\\/www.organisator.ch\\\/#\\\/schema\\\/person\\\/4e51799071cd2dd1232ac003643ef5f0\",\"name\":\"galledia\",\"image\":{\"@type\":\"ImageObject\",\"inLanguage\":\"fr-FR\",\"@id\":\"https:\\\/\\\/secure.gravatar.com\\\/avatar\\\/78a7f90c01fc2bfc875782a0d4922b37cde2cf184ce347b91316d23cd7f69a36?s=96&d=mm&r=g\",\"url\":\"https:\\\/\\\/secure.gravatar.com\\\/avatar\\\/78a7f90c01fc2bfc875782a0d4922b37cde2cf184ce347b91316d23cd7f69a36?s=96&d=mm&r=g\",\"contentUrl\":\"https:\\\/\\\/secure.gravatar.com\\\/avatar\\\/78a7f90c01fc2bfc875782a0d4922b37cde2cf184ce347b91316d23cd7f69a36?s=96&d=mm&r=g\",\"caption\":\"galledia\"},\"sameAs\":[\"https:\\\/\\\/x.com\\\/admin\"],\"url\":\"https:\\\/\\\/www.organisator.ch\\\/fr\\\/author\\\/galledia\\\/\"}]}<\/script>\n<!-- \/ Yoast SEO plugin. -->","yoast_head_json":{"title":"Martin Walthert est l'organisateur du \"CMO de l'ann\u00e9e 2025","description":"Cette ann\u00e9e, le prix \"CMO of the Year Award\" a \u00e9t\u00e9 d\u00e9cern\u00e9 \u00e0 Martin Walthert, Chief Marketing Officer de Digitec Galaxus.","robots":{"index":"index","follow":"follow","max-snippet":"max-snippet:-1","max-image-preview":"max-image-preview:large","max-video-preview":"max-video-preview:-1"},"canonical":"https:\/\/www.organisator.ch\/fr\/marketing\/2025-08-22\/martin-walthert-ist-cmo-of-the-year-2025\/","og_locale":"fr_FR","og_type":"article","og_title":"Martin Walthert ist \u00abCMO of the Year 2025\u00bb - Organisator","og_description":"In diesem Jahr geht die Auszeichnung \u00abCMO of the Year Award\u00bb an Martin Walthert, Chief Marketing Officer von Digitec Galaxus.","og_url":"https:\/\/www.organisator.ch\/fr\/marketing\/2025-08-22\/martin-walthert-ist-cmo-of-the-year-2025\/","og_site_name":"Organisator","article_publisher":"https:\/\/www.facebook.com\/OrganisatorFachmagazin","article_published_time":"2025-08-22T05:07:02+00:00","author":"galledia","twitter_card":"summary_large_image","twitter_creator":"@admin","schema":{"@context":"https:\/\/schema.org","@graph":[{"@type":"Article","@id":"https:\/\/www.organisator.ch\/marketing\/2025-08-22\/martin-walthert-ist-cmo-of-the-year-2025\/#article","isPartOf":{"@id":"https:\/\/www.organisator.ch\/marketing\/2025-08-22\/martin-walthert-ist-cmo-of-the-year-2025\/"},"author":{"name":"galledia","@id":"https:\/\/www.organisator.ch\/#\/schema\/person\/4e51799071cd2dd1232ac003643ef5f0"},"headline":"Martin Walthert ist \u00abCMO of the Year 2025\u00bb","datePublished":"2025-08-22T05:07:02+00:00","mainEntityOfPage":{"@id":"https:\/\/www.organisator.ch\/marketing\/2025-08-22\/martin-walthert-ist-cmo-of-the-year-2025\/"},"wordCount":346,"publisher":{"@id":"https:\/\/www.organisator.ch\/#organization"},"image":{"@id":"https:\/\/www.organisator.ch\/marketing\/2025-08-22\/martin-walthert-ist-cmo-of-the-year-2025\/#primaryimage"},"thumbnailUrl":"https:\/\/www.markt-kom.com\/wp-content\/uploads\/2025\/08\/Martin-Walthert-Thumbnail-scaled-1.png","keywords":["Awards","CMO of the year","Digitec Galaxus","Serviceplan Gruppe Schweiz"],"articleSection":["MARKETING"],"inLanguage":"fr-FR"},{"@type":"WebPage","@id":"https:\/\/www.organisator.ch\/marketing\/2025-08-22\/martin-walthert-ist-cmo-of-the-year-2025\/","url":"https:\/\/www.organisator.ch\/marketing\/2025-08-22\/martin-walthert-ist-cmo-of-the-year-2025\/","name":"Martin Walthert est l'organisateur du \"CMO de l'ann\u00e9e 2025","isPartOf":{"@id":"https:\/\/www.organisator.ch\/#website"},"primaryImageOfPage":{"@id":"https:\/\/www.organisator.ch\/marketing\/2025-08-22\/martin-walthert-ist-cmo-of-the-year-2025\/#primaryimage"},"image":{"@id":"https:\/\/www.organisator.ch\/marketing\/2025-08-22\/martin-walthert-ist-cmo-of-the-year-2025\/#primaryimage"},"thumbnailUrl":"https:\/\/www.markt-kom.com\/wp-content\/uploads\/2025\/08\/Martin-Walthert-Thumbnail-scaled-1.png","datePublished":"2025-08-22T05:07:02+00:00","description":"Cette ann\u00e9e, le prix \"CMO of the Year Award\" a \u00e9t\u00e9 d\u00e9cern\u00e9 \u00e0 Martin Walthert, Chief Marketing Officer de Digitec Galaxus.","breadcrumb":{"@id":"https:\/\/www.organisator.ch\/marketing\/2025-08-22\/martin-walthert-ist-cmo-of-the-year-2025\/#breadcrumb"},"inLanguage":"fr-FR","potentialAction":[{"@type":"ReadAction","target":["https:\/\/www.organisator.ch\/marketing\/2025-08-22\/martin-walthert-ist-cmo-of-the-year-2025\/"]}]},{"@type":"ImageObject","inLanguage":"fr-FR","@id":"https:\/\/www.organisator.ch\/marketing\/2025-08-22\/martin-walthert-ist-cmo-of-the-year-2025\/#primaryimage","url":"https:\/\/www.markt-kom.com\/wp-content\/uploads\/2025\/08\/Martin-Walthert-Thumbnail-scaled-1.png","contentUrl":"https:\/\/www.markt-kom.com\/wp-content\/uploads\/2025\/08\/Martin-Walthert-Thumbnail-scaled-1.png"},{"@type":"BreadcrumbList","@id":"https:\/\/www.organisator.ch\/marketing\/2025-08-22\/martin-walthert-ist-cmo-of-the-year-2025\/#breadcrumb","itemListElement":[{"@type":"ListItem","position":1,"name":"Home","item":"https:\/\/www.organisator.ch\/"},{"@type":"ListItem","position":2,"name":"Martin Walthert ist \u00abCMO of the Year 2025\u00bb"}]},{"@type":"WebSite","@id":"https:\/\/www.organisator.ch\/#website","url":"https:\/\/www.organisator.ch\/","name":"Organisateur","description":"Comp\u00e9tence et comp\u00e9tence. Proches de la pratique. L'ORGANISATEUR pr\u00e9pare 10 num\u00e9ros par an sur les th\u00e8mes essentiels pour les dirigeants de PME.","publisher":{"@id":"https:\/\/www.organisator.ch\/#organization"},"potentialAction":[{"@type":"SearchAction","target":{"@type":"EntryPoint","urlTemplate":"https:\/\/www.organisator.ch\/?s={search_term_string}"},"query-input":{"@type":"PropertyValueSpecification","valueRequired":true,"valueName":"search_term_string"}}],"inLanguage":"fr-FR"},{"@type":"Organization","@id":"https:\/\/www.organisator.ch\/#organization","name":"Organisateur","url":"https:\/\/www.organisator.ch\/","logo":{"@type":"ImageObject","inLanguage":"fr-FR","@id":"https:\/\/www.organisator.ch\/#\/schema\/logo\/image\/","url":"https:\/\/www.organisator.ch\/wp-content\/uploads\/2022\/01\/Logo_Organisator_Website.png","contentUrl":"https:\/\/www.organisator.ch\/wp-content\/uploads\/2022\/01\/Logo_Organisator_Website.png","width":800,"height":77,"caption":"Organisator"},"image":{"@id":"https:\/\/www.organisator.ch\/#\/schema\/logo\/image\/"},"sameAs":["https:\/\/www.facebook.com\/OrganisatorFachmagazin","https:\/\/www.linkedin.com\/showcase\/organisator-das-magazin-fr-kmu","https:\/\/www.xing.com\/news\/pages\/organisator-ch-695","https:\/\/www.youtube.com\/channel\/UCGP2Sq0iWaZwT3BdIAQFYpw"]},{"@type":"Person","@id":"https:\/\/www.organisator.ch\/#\/schema\/person\/4e51799071cd2dd1232ac003643ef5f0","name":"galledia","image":{"@type":"ImageObject","inLanguage":"fr-FR","@id":"https:\/\/secure.gravatar.com\/avatar\/78a7f90c01fc2bfc875782a0d4922b37cde2cf184ce347b91316d23cd7f69a36?s=96&d=mm&r=g","url":"https:\/\/secure.gravatar.com\/avatar\/78a7f90c01fc2bfc875782a0d4922b37cde2cf184ce347b91316d23cd7f69a36?s=96&d=mm&r=g","contentUrl":"https:\/\/secure.gravatar.com\/avatar\/78a7f90c01fc2bfc875782a0d4922b37cde2cf184ce347b91316d23cd7f69a36?s=96&d=mm&r=g","caption":"galledia"},"sameAs":["https:\/\/x.com\/admin"],"url":"https:\/\/www.organisator.ch\/fr\/author\/galledia\/"}]}},"_links":{"self":[{"href":"https:\/\/www.organisator.ch\/fr\/wp-json\/wp\/v2\/posts\/40072","targetHints":{"allow":["GET"]}}],"collection":[{"href":"https:\/\/www.organisator.ch\/fr\/wp-json\/wp\/v2\/posts"}],"about":[{"href":"https:\/\/www.organisator.ch\/fr\/wp-json\/wp\/v2\/types\/post"}],"author":[{"embeddable":true,"href":"https:\/\/www.organisator.ch\/fr\/wp-json\/wp\/v2\/users\/8"}],"replies":[{"embeddable":true,"href":"https:\/\/www.organisator.ch\/fr\/wp-json\/wp\/v2\/comments?post=40072"}],"version-history":[{"count":5,"href":"https:\/\/www.organisator.ch\/fr\/wp-json\/wp\/v2\/posts\/40072\/revisions"}],"predecessor-version":[{"id":40091,"href":"https:\/\/www.organisator.ch\/fr\/wp-json\/wp\/v2\/posts\/40072\/revisions\/40091"}],"wp:attachment":[{"href":"https:\/\/www.organisator.ch\/fr\/wp-json\/wp\/v2\/media?parent=40072"}],"wp:term":[{"taxonomy":"category","embeddable":true,"href":"https:\/\/www.organisator.ch\/fr\/wp-json\/wp\/v2\/categories?post=40072"},{"taxonomy":"post_tag","embeddable":true,"href":"https:\/\/www.organisator.ch\/fr\/wp-json\/wp\/v2\/tags?post=40072"}],"curies":[{"name":"wp","href":"https:\/\/api.w.org\/{rel}","templated":true}]}}