{"id":40099,"date":"2025-08-24T17:38:13","date_gmt":"2025-08-24T15:38:13","guid":{"rendered":"https:\/\/www.markt-kom.com\/?p=237745"},"modified":"2025-08-26T14:43:22","modified_gmt":"2025-08-26T12:43:22","slug":"weleda-ist-erstmalig-qualitaets-champion","status":"publish","type":"post","link":"https:\/\/www.organisator.ch\/fr\/operational-excellence\/2025-08-24\/weleda-ist-erstmalig-qualitaets-champion\/","title":{"rendered":"Weleda est pour la premi\u00e8re fois championne de la qualit\u00e9"},"content":{"rendered":"<p><img class=\"alignnone size-full wp-image-237752\" src=\"https:\/\/www.markt-kom.com\/wp-content\/uploads\/2025\/08\/Grafik-Ranking.png\" sizes=\"(max-width: 600px) 100vw, 600px\" srcset=\"https:\/\/www.markt-kom.com\/wp-content\/uploads\/2025\/08\/Grafik-Ranking.png 600w, https:\/\/www.markt-kom.com\/wp-content\/uploads\/2025\/08\/Grafik-Ranking-18x9.png 18w, https:\/\/www.markt-kom.com\/wp-content\/uploads\/2025\/08\/Grafik-Ranking-335x175.png 335w\" alt=\"\" width=\"600\" height=\"313\" \/><\/p>\r\n<p>La marque de cosm\u00e9tiques naturels reprend ainsi la premi\u00e8re place \u00e0 la laiterie bavaroise Andechser Molkerei Scheitz. Weleda est la marque qui a su le plus convaincre ses clients actuels de la qualit\u00e9 de ses produits (90,9 points de score) au cours de la p\u00e9riode d'observation du 1er juillet 2024 au 30 juin 2025.<\/p>\r\n<h3><strong>Le top 10 des champions de la qualit\u00e9 en 2025<\/strong><\/h3>\r\n<p>Andechser Natur se place \u00e0 nouveau en deuxi\u00e8me position (88,6 points), suivi par l'entreprise de caf\u00e9 italienne Lavazza, qui occupe la troisi\u00e8me place avec 88,5 points. Lavazza \u00e9tait en cinqui\u00e8me position l'ann\u00e9e derni\u00e8re et a donc gagn\u00e9 deux places. Le groupe automobile allemand BMW arrive en quatri\u00e8me position (88,3 points). BMW est un nouveau venu cette ann\u00e9e. TeeGschwendner arrive en 5e position avec 88,3 points. L'entreprise de commerce de th\u00e9 a pu am\u00e9liorer son classement de 3 places par rapport \u00e0 l'ann\u00e9e pr\u00e9c\u00e9dente.<\/p>\r\n<p>Peek &amp; Cloppenburg se place \u00e0 la 6e place avec 88,0 points. L'entreprise de commerce de d\u00e9tail \u00e9tait d\u00e9j\u00e0 pr\u00e9sente dans le top 10 en 2023, mais pas en 2024. Il en va de m\u00eame pour Breuninger : la cha\u00eene de grands magasins arrive cette ann\u00e9e en 7e position (87,2 points), elle \u00e9tait encore en 3e position en 2023 et absente du classement en 2024.<\/p>\r\n<p>LEGO est un nouveau venu et arrive en 8e position avec 86,8 points. La marque de nettoyage Frosch fait \u00e9galement son entr\u00e9e pour la premi\u00e8re fois dans le top 10 des champions de la qualit\u00e9. La marque occupe la 9e place avec 86,5 points. Enfin, la marque d'outils Makita prend la 10e place avec 86,4 points. Makita est \u00e9galement un nouveau venu.<\/p>\r\n<p>Le classement se base sur des donn\u00e9es repr\u00e9sentatives de la population du Markenmonitor <a href=\"https:\/\/email.cisionone.cision.com\/c\/eJxMzT0P0zAQxvFP42yOnPNrhwxVq4gRxMZS-eXSWI3t1E4q-PYowMD6e_6nCyMYL1iH46ClNFwCQLeMdgZ00jnp_eyMC2JGwdEradRlhgG6OCpjNTqhBwjSPIbBOTQX5SURrMWAr_imycYVa6M6CCGc0MHQZf28l_4cunVc9n1rhF8JTAQmd7SYsbX-Vzme5dP7kghMAQlMWy3heO1nVG0OMQf8Sfh07OmRMMQjEX4v9Wlz9I-tYmsE1Dm2clSPhN__R2_TZuMzE37_ejIFBpIyQ-_X2xf6_Qf9dtg17gTkjROQV7E3elts2mLJf-PufGppxRVtQxrD-Ace_4Dw68CVZKqro83Z9q-yrFiJYE-7rmfZ-6Vre0VM5zFoD_piBsoGNVMhtKJWa06NYPwiGQeJvPuM8DsAAP__f7CHKg\">YouGov BrandIndex<\/a>.<\/p>\r\n<h3><strong>Le classement est \u00e0 nouveau domin\u00e9 par les marques de la grande distribution et des produits de grande consommation<\/strong><\/h3>\r\n<p>Comme les deux ann\u00e9es pr\u00e9c\u00e9dentes, le top 10 des champions allemands de la qualit\u00e9 est domin\u00e9 par des marques des secteurs Retail et FMCG.<\/p>\r\n<p>Felix Leiendecker, Head of Data Products DACH chez YouGov, d\u00e9clare \u00e0 propos du classement : \"Du yaourt bio \u00e0 la voiture de luxe - ces dix premi\u00e8res marques repr\u00e9sentent ce que les consommateurs allemands appr\u00e9cient le plus : Qualit\u00e9 des produits et fiabilit\u00e9. Les trois premi\u00e8res marques du classement, Weleda, Andechser Natur et Lavazza, repr\u00e9sentent une nouvelle forme de conscience de la qualit\u00e9 - o\u00f9 le lien avec la nature, la production responsable et le plaisir authentique se rejoignent\".<\/p>\r\n<p>Les champions de la qualit\u00e9 2025 comprennent 45 cat\u00e9gories dans les secteurs banques &amp; assurances, FMCG, commerce de d\u00e9tail, mobilit\u00e9, tourisme &amp; loisirs, \u00e9lectronique &amp; streaming, automobile et prestataires de services.<\/p>","protected":false},"excerpt":{"rendered":"<p>Cette ann\u00e9e, le groupe international de donn\u00e9es et d'analyses YouGov, en collaboration avec l'Institut SZ du S\u00fcddeutsche Zeitung, \u00e9lit pour la troisi\u00e8me fois les meilleures marques en termes de qualit\u00e9. Pour la premi\u00e8re fois cette ann\u00e9e, Weleda est en t\u00eate des champions de la qualit\u00e9 2025.<\/p>","protected":false},"author":8,"featured_media":0,"comment_status":"closed","ping_status":"closed","sticky":false,"template":"","format":"standard","meta":{"_acf_changed":false,"_yoast_wpseo_focuskw":"Qualit\u00e4ts-Champion","_yoast_wpseo_metadesc":"Zum dritten Mal wurden die besten Marken in puncto Qualit\u00e4t gek\u00fcrt. Der Qualit\u00e4ts-Champion 2025 heisst von Weleda.","articlekey":"","footnotes":""},"categories":[582],"tags":[4343,605,492,3319],"class_list":["post-40099","post","type-post","status-publish","format-standard","hentry","category-operational-excellence","tag-markom","tag-qualitaetsmanagement","tag-unternehmen","tag-yougov"],"acf":[],"yoast_head":"<!-- This site is optimized with the Yoast SEO plugin v27.5 - https:\/\/yoast.com\/product\/yoast-seo-wordpress\/ -->\n<title>Weleda ist erstmalig Qualit\u00e4ts-Champion - Organisator<\/title>\n<meta name=\"description\" content=\"Zum dritten Mal wurden die besten Marken in puncto Qualit\u00e4t gek\u00fcrt. Der Qualit\u00e4ts-Champion 2025 heisst von Weleda.\" \/>\n<meta name=\"robots\" content=\"index, follow, max-snippet:-1, max-image-preview:large, max-video-preview:-1\" \/>\n<link rel=\"canonical\" href=\"https:\/\/www.organisator.ch\/fr\/excellence-operationnelle\/2025-08-24\/weleda-ist-erstmalig-qualitaets-champion\/\" \/>\n<meta property=\"og:locale\" content=\"fr_FR\" \/>\n<meta property=\"og:type\" content=\"article\" \/>\n<meta property=\"og:title\" content=\"Weleda ist erstmalig Qualit\u00e4ts-Champion - Organisator\" \/>\n<meta property=\"og:description\" content=\"Zum dritten Mal wurden die besten Marken in puncto Qualit\u00e4t gek\u00fcrt. Der Qualit\u00e4ts-Champion 2025 heisst von Weleda.\" \/>\n<meta property=\"og:url\" content=\"https:\/\/www.organisator.ch\/fr\/excellence-operationnelle\/2025-08-24\/weleda-ist-erstmalig-qualitaets-champion\/\" \/>\n<meta property=\"og:site_name\" content=\"Organisator\" \/>\n<meta property=\"article:publisher\" content=\"https:\/\/www.facebook.com\/OrganisatorFachmagazin\" \/>\n<meta property=\"article:published_time\" content=\"2025-08-24T15:38:13+00:00\" \/>\n<meta property=\"article:modified_time\" content=\"2025-08-26T12:43:22+00:00\" \/>\n<meta name=\"author\" content=\"galledia\" \/>\n<meta name=\"twitter:card\" content=\"summary_large_image\" \/>\n<meta name=\"twitter:creator\" content=\"@admin\" \/>\n<script type=\"application\/ld+json\" class=\"yoast-schema-graph\">{\"@context\":\"https:\\\/\\\/schema.org\",\"@graph\":[{\"@type\":\"Article\",\"@id\":\"https:\\\/\\\/www.organisator.ch\\\/operational-excellence\\\/2025-08-24\\\/weleda-ist-erstmalig-qualitaets-champion\\\/#article\",\"isPartOf\":{\"@id\":\"https:\\\/\\\/www.organisator.ch\\\/operational-excellence\\\/2025-08-24\\\/weleda-ist-erstmalig-qualitaets-champion\\\/\"},\"author\":{\"name\":\"galledia\",\"@id\":\"https:\\\/\\\/www.organisator.ch\\\/#\\\/schema\\\/person\\\/4e51799071cd2dd1232ac003643ef5f0\"},\"headline\":\"Weleda ist erstmalig Qualit\u00e4ts-Champion\",\"datePublished\":\"2025-08-24T15:38:13+00:00\",\"dateModified\":\"2025-08-26T12:43:22+00:00\",\"mainEntityOfPage\":{\"@id\":\"https:\\\/\\\/www.organisator.ch\\\/operational-excellence\\\/2025-08-24\\\/weleda-ist-erstmalig-qualitaets-champion\\\/\"},\"wordCount\":329,\"publisher\":{\"@id\":\"https:\\\/\\\/www.organisator.ch\\\/#organization\"},\"image\":{\"@id\":\"https:\\\/\\\/www.organisator.ch\\\/operational-excellence\\\/2025-08-24\\\/weleda-ist-erstmalig-qualitaets-champion\\\/#primaryimage\"},\"thumbnailUrl\":\"https:\\\/\\\/www.markt-kom.com\\\/wp-content\\\/uploads\\\/2025\\\/08\\\/Grafik-Ranking.png\",\"keywords\":[\"MarKom\",\"Qualit\u00e4tsmanagement\",\"Unternehmen\",\"Yougov\"],\"articleSection\":[\"OPERATIONAL EXCELLENCE\"],\"inLanguage\":\"fr-FR\"},{\"@type\":\"WebPage\",\"@id\":\"https:\\\/\\\/www.organisator.ch\\\/operational-excellence\\\/2025-08-24\\\/weleda-ist-erstmalig-qualitaets-champion\\\/\",\"url\":\"https:\\\/\\\/www.organisator.ch\\\/operational-excellence\\\/2025-08-24\\\/weleda-ist-erstmalig-qualitaets-champion\\\/\",\"name\":\"Weleda ist erstmalig Qualit\u00e4ts-Champion - Organisator\",\"isPartOf\":{\"@id\":\"https:\\\/\\\/www.organisator.ch\\\/#website\"},\"primaryImageOfPage\":{\"@id\":\"https:\\\/\\\/www.organisator.ch\\\/operational-excellence\\\/2025-08-24\\\/weleda-ist-erstmalig-qualitaets-champion\\\/#primaryimage\"},\"image\":{\"@id\":\"https:\\\/\\\/www.organisator.ch\\\/operational-excellence\\\/2025-08-24\\\/weleda-ist-erstmalig-qualitaets-champion\\\/#primaryimage\"},\"thumbnailUrl\":\"https:\\\/\\\/www.markt-kom.com\\\/wp-content\\\/uploads\\\/2025\\\/08\\\/Grafik-Ranking.png\",\"datePublished\":\"2025-08-24T15:38:13+00:00\",\"dateModified\":\"2025-08-26T12:43:22+00:00\",\"description\":\"Zum dritten Mal wurden die besten Marken in puncto Qualit\u00e4t gek\u00fcrt. Der Qualit\u00e4ts-Champion 2025 heisst von Weleda.\",\"breadcrumb\":{\"@id\":\"https:\\\/\\\/www.organisator.ch\\\/operational-excellence\\\/2025-08-24\\\/weleda-ist-erstmalig-qualitaets-champion\\\/#breadcrumb\"},\"inLanguage\":\"fr-FR\",\"potentialAction\":[{\"@type\":\"ReadAction\",\"target\":[\"https:\\\/\\\/www.organisator.ch\\\/operational-excellence\\\/2025-08-24\\\/weleda-ist-erstmalig-qualitaets-champion\\\/\"]}]},{\"@type\":\"ImageObject\",\"inLanguage\":\"fr-FR\",\"@id\":\"https:\\\/\\\/www.organisator.ch\\\/operational-excellence\\\/2025-08-24\\\/weleda-ist-erstmalig-qualitaets-champion\\\/#primaryimage\",\"url\":\"https:\\\/\\\/www.markt-kom.com\\\/wp-content\\\/uploads\\\/2025\\\/08\\\/Grafik-Ranking.png\",\"contentUrl\":\"https:\\\/\\\/www.markt-kom.com\\\/wp-content\\\/uploads\\\/2025\\\/08\\\/Grafik-Ranking.png\"},{\"@type\":\"BreadcrumbList\",\"@id\":\"https:\\\/\\\/www.organisator.ch\\\/operational-excellence\\\/2025-08-24\\\/weleda-ist-erstmalig-qualitaets-champion\\\/#breadcrumb\",\"itemListElement\":[{\"@type\":\"ListItem\",\"position\":1,\"name\":\"Home\",\"item\":\"https:\\\/\\\/www.organisator.ch\\\/\"},{\"@type\":\"ListItem\",\"position\":2,\"name\":\"Weleda ist erstmalig Qualit\u00e4ts-Champion\"}]},{\"@type\":\"WebSite\",\"@id\":\"https:\\\/\\\/www.organisator.ch\\\/#website\",\"url\":\"https:\\\/\\\/www.organisator.ch\\\/\",\"name\":\"Organisator\",\"description\":\"Kompetent. Praxisnah. Der ORGANISATOR bereitet in 10 Ausgaben pro Jahr die wesentlichen Themen f\u00fcr F\u00fchrungskr\u00e4fte von KMU auf.\",\"publisher\":{\"@id\":\"https:\\\/\\\/www.organisator.ch\\\/#organization\"},\"potentialAction\":[{\"@type\":\"SearchAction\",\"target\":{\"@type\":\"EntryPoint\",\"urlTemplate\":\"https:\\\/\\\/www.organisator.ch\\\/?s={search_term_string}\"},\"query-input\":{\"@type\":\"PropertyValueSpecification\",\"valueRequired\":true,\"valueName\":\"search_term_string\"}}],\"inLanguage\":\"fr-FR\"},{\"@type\":\"Organization\",\"@id\":\"https:\\\/\\\/www.organisator.ch\\\/#organization\",\"name\":\"Organisator\",\"url\":\"https:\\\/\\\/www.organisator.ch\\\/\",\"logo\":{\"@type\":\"ImageObject\",\"inLanguage\":\"fr-FR\",\"@id\":\"https:\\\/\\\/www.organisator.ch\\\/#\\\/schema\\\/logo\\\/image\\\/\",\"url\":\"https:\\\/\\\/www.organisator.ch\\\/wp-content\\\/uploads\\\/2022\\\/01\\\/Logo_Organisator_Website.png\",\"contentUrl\":\"https:\\\/\\\/www.organisator.ch\\\/wp-content\\\/uploads\\\/2022\\\/01\\\/Logo_Organisator_Website.png\",\"width\":800,\"height\":77,\"caption\":\"Organisator\"},\"image\":{\"@id\":\"https:\\\/\\\/www.organisator.ch\\\/#\\\/schema\\\/logo\\\/image\\\/\"},\"sameAs\":[\"https:\\\/\\\/www.facebook.com\\\/OrganisatorFachmagazin\",\"https:\\\/\\\/www.linkedin.com\\\/showcase\\\/organisator-das-magazin-fr-kmu\",\"https:\\\/\\\/www.xing.com\\\/news\\\/pages\\\/organisator-ch-695\",\"https:\\\/\\\/www.youtube.com\\\/channel\\\/UCGP2Sq0iWaZwT3BdIAQFYpw\"]},{\"@type\":\"Person\",\"@id\":\"https:\\\/\\\/www.organisator.ch\\\/#\\\/schema\\\/person\\\/4e51799071cd2dd1232ac003643ef5f0\",\"name\":\"galledia\",\"image\":{\"@type\":\"ImageObject\",\"inLanguage\":\"fr-FR\",\"@id\":\"https:\\\/\\\/secure.gravatar.com\\\/avatar\\\/78a7f90c01fc2bfc875782a0d4922b37cde2cf184ce347b91316d23cd7f69a36?s=96&d=mm&r=g\",\"url\":\"https:\\\/\\\/secure.gravatar.com\\\/avatar\\\/78a7f90c01fc2bfc875782a0d4922b37cde2cf184ce347b91316d23cd7f69a36?s=96&d=mm&r=g\",\"contentUrl\":\"https:\\\/\\\/secure.gravatar.com\\\/avatar\\\/78a7f90c01fc2bfc875782a0d4922b37cde2cf184ce347b91316d23cd7f69a36?s=96&d=mm&r=g\",\"caption\":\"galledia\"},\"sameAs\":[\"https:\\\/\\\/x.com\\\/admin\"],\"url\":\"https:\\\/\\\/www.organisator.ch\\\/fr\\\/author\\\/galledia\\\/\"}]}<\/script>\n<!-- \/ Yoast SEO plugin. -->","yoast_head_json":{"title":"Weleda est pour la premi\u00e8re fois championne de la qualit\u00e9 - Organisateur","description":"Pour la troisi\u00e8me fois, les meilleures marques en termes de qualit\u00e9 ont \u00e9t\u00e9 d\u00e9sign\u00e9es. Le champion de la qualit\u00e9 2025 s'appelle Weleda.","robots":{"index":"index","follow":"follow","max-snippet":"max-snippet:-1","max-image-preview":"max-image-preview:large","max-video-preview":"max-video-preview:-1"},"canonical":"https:\/\/www.organisator.ch\/fr\/excellence-operationnelle\/2025-08-24\/weleda-ist-erstmalig-qualitaets-champion\/","og_locale":"fr_FR","og_type":"article","og_title":"Weleda ist erstmalig Qualit\u00e4ts-Champion - Organisator","og_description":"Zum dritten Mal wurden die besten Marken in puncto Qualit\u00e4t gek\u00fcrt. Der Qualit\u00e4ts-Champion 2025 heisst von Weleda.","og_url":"https:\/\/www.organisator.ch\/fr\/excellence-operationnelle\/2025-08-24\/weleda-ist-erstmalig-qualitaets-champion\/","og_site_name":"Organisator","article_publisher":"https:\/\/www.facebook.com\/OrganisatorFachmagazin","article_published_time":"2025-08-24T15:38:13+00:00","article_modified_time":"2025-08-26T12:43:22+00:00","author":"galledia","twitter_card":"summary_large_image","twitter_creator":"@admin","schema":{"@context":"https:\/\/schema.org","@graph":[{"@type":"Article","@id":"https:\/\/www.organisator.ch\/operational-excellence\/2025-08-24\/weleda-ist-erstmalig-qualitaets-champion\/#article","isPartOf":{"@id":"https:\/\/www.organisator.ch\/operational-excellence\/2025-08-24\/weleda-ist-erstmalig-qualitaets-champion\/"},"author":{"name":"galledia","@id":"https:\/\/www.organisator.ch\/#\/schema\/person\/4e51799071cd2dd1232ac003643ef5f0"},"headline":"Weleda ist erstmalig Qualit\u00e4ts-Champion","datePublished":"2025-08-24T15:38:13+00:00","dateModified":"2025-08-26T12:43:22+00:00","mainEntityOfPage":{"@id":"https:\/\/www.organisator.ch\/operational-excellence\/2025-08-24\/weleda-ist-erstmalig-qualitaets-champion\/"},"wordCount":329,"publisher":{"@id":"https:\/\/www.organisator.ch\/#organization"},"image":{"@id":"https:\/\/www.organisator.ch\/operational-excellence\/2025-08-24\/weleda-ist-erstmalig-qualitaets-champion\/#primaryimage"},"thumbnailUrl":"https:\/\/www.markt-kom.com\/wp-content\/uploads\/2025\/08\/Grafik-Ranking.png","keywords":["MarKom","Qualit\u00e4tsmanagement","Unternehmen","Yougov"],"articleSection":["OPERATIONAL EXCELLENCE"],"inLanguage":"fr-FR"},{"@type":"WebPage","@id":"https:\/\/www.organisator.ch\/operational-excellence\/2025-08-24\/weleda-ist-erstmalig-qualitaets-champion\/","url":"https:\/\/www.organisator.ch\/operational-excellence\/2025-08-24\/weleda-ist-erstmalig-qualitaets-champion\/","name":"Weleda est pour la premi\u00e8re fois championne de la qualit\u00e9 - Organisateur","isPartOf":{"@id":"https:\/\/www.organisator.ch\/#website"},"primaryImageOfPage":{"@id":"https:\/\/www.organisator.ch\/operational-excellence\/2025-08-24\/weleda-ist-erstmalig-qualitaets-champion\/#primaryimage"},"image":{"@id":"https:\/\/www.organisator.ch\/operational-excellence\/2025-08-24\/weleda-ist-erstmalig-qualitaets-champion\/#primaryimage"},"thumbnailUrl":"https:\/\/www.markt-kom.com\/wp-content\/uploads\/2025\/08\/Grafik-Ranking.png","datePublished":"2025-08-24T15:38:13+00:00","dateModified":"2025-08-26T12:43:22+00:00","description":"Pour la troisi\u00e8me fois, les meilleures marques en termes de qualit\u00e9 ont \u00e9t\u00e9 d\u00e9sign\u00e9es. Le champion de la qualit\u00e9 2025 s'appelle Weleda.","breadcrumb":{"@id":"https:\/\/www.organisator.ch\/operational-excellence\/2025-08-24\/weleda-ist-erstmalig-qualitaets-champion\/#breadcrumb"},"inLanguage":"fr-FR","potentialAction":[{"@type":"ReadAction","target":["https:\/\/www.organisator.ch\/operational-excellence\/2025-08-24\/weleda-ist-erstmalig-qualitaets-champion\/"]}]},{"@type":"ImageObject","inLanguage":"fr-FR","@id":"https:\/\/www.organisator.ch\/operational-excellence\/2025-08-24\/weleda-ist-erstmalig-qualitaets-champion\/#primaryimage","url":"https:\/\/www.markt-kom.com\/wp-content\/uploads\/2025\/08\/Grafik-Ranking.png","contentUrl":"https:\/\/www.markt-kom.com\/wp-content\/uploads\/2025\/08\/Grafik-Ranking.png"},{"@type":"BreadcrumbList","@id":"https:\/\/www.organisator.ch\/operational-excellence\/2025-08-24\/weleda-ist-erstmalig-qualitaets-champion\/#breadcrumb","itemListElement":[{"@type":"ListItem","position":1,"name":"Home","item":"https:\/\/www.organisator.ch\/"},{"@type":"ListItem","position":2,"name":"Weleda ist erstmalig Qualit\u00e4ts-Champion"}]},{"@type":"WebSite","@id":"https:\/\/www.organisator.ch\/#website","url":"https:\/\/www.organisator.ch\/","name":"Organisateur","description":"Comp\u00e9tence et comp\u00e9tence. Proches de la pratique. L'ORGANISATEUR pr\u00e9pare 10 num\u00e9ros par an sur les th\u00e8mes essentiels pour les dirigeants de PME.","publisher":{"@id":"https:\/\/www.organisator.ch\/#organization"},"potentialAction":[{"@type":"SearchAction","target":{"@type":"EntryPoint","urlTemplate":"https:\/\/www.organisator.ch\/?s={search_term_string}"},"query-input":{"@type":"PropertyValueSpecification","valueRequired":true,"valueName":"search_term_string"}}],"inLanguage":"fr-FR"},{"@type":"Organization","@id":"https:\/\/www.organisator.ch\/#organization","name":"Organisateur","url":"https:\/\/www.organisator.ch\/","logo":{"@type":"ImageObject","inLanguage":"fr-FR","@id":"https:\/\/www.organisator.ch\/#\/schema\/logo\/image\/","url":"https:\/\/www.organisator.ch\/wp-content\/uploads\/2022\/01\/Logo_Organisator_Website.png","contentUrl":"https:\/\/www.organisator.ch\/wp-content\/uploads\/2022\/01\/Logo_Organisator_Website.png","width":800,"height":77,"caption":"Organisator"},"image":{"@id":"https:\/\/www.organisator.ch\/#\/schema\/logo\/image\/"},"sameAs":["https:\/\/www.facebook.com\/OrganisatorFachmagazin","https:\/\/www.linkedin.com\/showcase\/organisator-das-magazin-fr-kmu","https:\/\/www.xing.com\/news\/pages\/organisator-ch-695","https:\/\/www.youtube.com\/channel\/UCGP2Sq0iWaZwT3BdIAQFYpw"]},{"@type":"Person","@id":"https:\/\/www.organisator.ch\/#\/schema\/person\/4e51799071cd2dd1232ac003643ef5f0","name":"galledia","image":{"@type":"ImageObject","inLanguage":"fr-FR","@id":"https:\/\/secure.gravatar.com\/avatar\/78a7f90c01fc2bfc875782a0d4922b37cde2cf184ce347b91316d23cd7f69a36?s=96&d=mm&r=g","url":"https:\/\/secure.gravatar.com\/avatar\/78a7f90c01fc2bfc875782a0d4922b37cde2cf184ce347b91316d23cd7f69a36?s=96&d=mm&r=g","contentUrl":"https:\/\/secure.gravatar.com\/avatar\/78a7f90c01fc2bfc875782a0d4922b37cde2cf184ce347b91316d23cd7f69a36?s=96&d=mm&r=g","caption":"galledia"},"sameAs":["https:\/\/x.com\/admin"],"url":"https:\/\/www.organisator.ch\/fr\/author\/galledia\/"}]}},"_links":{"self":[{"href":"https:\/\/www.organisator.ch\/fr\/wp-json\/wp\/v2\/posts\/40099","targetHints":{"allow":["GET"]}}],"collection":[{"href":"https:\/\/www.organisator.ch\/fr\/wp-json\/wp\/v2\/posts"}],"about":[{"href":"https:\/\/www.organisator.ch\/fr\/wp-json\/wp\/v2\/types\/post"}],"author":[{"embeddable":true,"href":"https:\/\/www.organisator.ch\/fr\/wp-json\/wp\/v2\/users\/8"}],"replies":[{"embeddable":true,"href":"https:\/\/www.organisator.ch\/fr\/wp-json\/wp\/v2\/comments?post=40099"}],"version-history":[{"count":3,"href":"https:\/\/www.organisator.ch\/fr\/wp-json\/wp\/v2\/posts\/40099\/revisions"}],"predecessor-version":[{"id":40107,"href":"https:\/\/www.organisator.ch\/fr\/wp-json\/wp\/v2\/posts\/40099\/revisions\/40107"}],"wp:attachment":[{"href":"https:\/\/www.organisator.ch\/fr\/wp-json\/wp\/v2\/media?parent=40099"}],"wp:term":[{"taxonomy":"category","embeddable":true,"href":"https:\/\/www.organisator.ch\/fr\/wp-json\/wp\/v2\/categories?post=40099"},{"taxonomy":"post_tag","embeddable":true,"href":"https:\/\/www.organisator.ch\/fr\/wp-json\/wp\/v2\/tags?post=40099"}],"curies":[{"name":"wp","href":"https:\/\/api.w.org\/{rel}","templated":true}]}}