{"id":4014,"date":"2018-08-06T13:32:22","date_gmt":"2018-08-06T11:32:22","guid":{"rendered":"https:\/\/www.organisator.ch\/?p=4014"},"modified":"2018-08-06T13:32:22","modified_gmt":"2018-08-06T11:32:22","slug":"bewerber-sofort-schon-im-vorstellungsgespraech-fuer-sich-gewinnen","status":"publish","type":"post","link":"https:\/\/www.organisator.ch\/fr\/human-resources\/hrm\/2018-08-06\/bewerber-sofort-schon-im-vorstellungsgespraech-fuer-sich-gewinnen\/","title":{"rendered":"Attirer les candidats d\u00e8s l'entretien d'embauche"},"content":{"rendered":"<figure id=\"attachment_4023\" aria-describedby=\"caption-attachment-4023\" style=\"width: 640px\" class=\"wp-caption alignnone\"><img loading=\"lazy\" decoding=\"async\" class=\"size-full wp-image-4023\" src=\"https:\/\/www.organisator.ch\/wp-content\/uploads\/2018\/08\/Bewerber-schon-sofort-im-Vorstellungsgespraech-fuer-sich-gewinnen_Organisator.jpg\" alt=\"\" width=\"640\" height=\"427\" srcset=\"https:\/\/www.organisator.ch\/wp-content\/uploads\/2018\/08\/Bewerber-schon-sofort-im-Vorstellungsgespraech-fuer-sich-gewinnen_Organisator.jpg 640w, https:\/\/www.organisator.ch\/wp-content\/uploads\/2018\/08\/Bewerber-schon-sofort-im-Vorstellungsgespraech-fuer-sich-gewinnen_Organisator-16x12.jpg 16w, https:\/\/www.organisator.ch\/wp-content\/uploads\/2018\/08\/Bewerber-schon-sofort-im-Vorstellungsgespraech-fuer-sich-gewinnen_Organisator-262x175.jpg 262w, https:\/\/www.organisator.ch\/wp-content\/uploads\/2018\/08\/Bewerber-schon-sofort-im-Vorstellungsgespraech-fuer-sich-gewinnen_Organisator-525x350.jpg 525w, https:\/\/www.organisator.ch\/wp-content\/uploads\/2018\/08\/Bewerber-schon-sofort-im-Vorstellungsgespraech-fuer-sich-gewinnen_Organisator-300x200.jpg 300w\" sizes=\"auto, (max-width: 640px) 100vw, 640px\" \/><figcaption id=\"caption-attachment-4023\" class=\"wp-caption-text\">C'est d\u00e9j\u00e0 lors de l'entretien d'embauche qu'une grande partie des candidats d\u00e9cident s'ils veulent ou non prendre le poste en cas de r\u00e9ponse positive. (Image : Fotolia.com)<\/figcaption><\/figure>\n<p>Une description de poste erron\u00e9e et un mauvais management sont les principales raisons d'une d\u00e9mission rapide. En d'autres termes, si les attentes envers l'employeur sont d\u00e9\u00e7ues, la d\u00e9mission intervient d\u00e8s le premier mois. C'est une autre conclusion de l'\u00e9tude sur le march\u00e9 du travail pour laquelle le prestataire de services en ressources humaines Robert Half a interrog\u00e9 500 salari\u00e9s en Suisse. Selon cette \u00e9tude, ce n'est pas seulement la premi\u00e8re impression du candidat qui est d\u00e9cisive, mais aussi celle qu'un employeur laisse d\u00e9j\u00e0 lors de l'entretien d'embauche.<\/p>\n<h2>La situation de candidature a chang\u00e9<\/h2>\n<p>\"Sp\u00e9cialement dans les branches et les domaines o\u00f9 le succ\u00e8s est menac\u00e9 par la p\u00e9nurie de main-d'\u0153uvre qualifi\u00e9e, la situation de candidature s'est de facto invers\u00e9e. Les candidats ne sont pas les seuls \u00e0 devoir bien se pr\u00e9senter. Ce sont plut\u00f4t les entreprises qui doivent aborder de mani\u00e8re cibl\u00e9e les candidats potentiels \u00e0 un emploi et les convaincre rapidement de leur valeur\", explique Sven Hennige, Senior Managing Director chez Robert Half. \"Le conseil est le m\u00eame pour les entreprises que pour les candidats : restez en contact et demandez quelques jours apr\u00e8s l'entretien si le candidat est toujours int\u00e9ress\u00e9 par le poste. Cela permet de rep\u00e9rer plus rapidement le collaborateur ad\u00e9quat dans le vivier de candidats\".<\/p>\n<h2>L'entretien d'embauche est pr\u00e9-d\u00e9cisif<\/h2>\n<p>Mais ce n'est pas tout : si le nouvel emploi ne r\u00e9pond pas aux attentes, il y a un risque que le travailleur quitte le poste dans le premier mois. Pour presque une personne sur deux (46 %), des t\u00e2ches diff\u00e9rentes de celles initialement propos\u00e9es seraient le crit\u00e8re d'\u00e9limination correspondant, pour 45 % un mauvais management. 38 % d\u00e9missionneraient si la culture d'entreprise ne leur convenait pas. Pr\u00e8s d'un tiers (28 %) quitterait rapidement l'entreprise si l'int\u00e9gration n'\u00e9tait pas optimale. \"Les entreprises qui communiquent honn\u00eatement et ouvertement lors de l'entretien d'embauche ce qui attend les candidats peuvent r\u00e9duire le risque de d\u00e9missionner rapidement apr\u00e8s l'embauche. Les journ\u00e9es d'essai sont particuli\u00e8rement utiles pour la prise de d\u00e9cision des deux parties\", recommande Hennige. \"Les deux parties peuvent mieux \u00e9valuer, apr\u00e8s avoir travaill\u00e9 ensemble, si la culture d'entreprise leur convient et si les t\u00e2ches sont conformes \u00e0 leurs attentes. Lorsqu'un nouveau travailleur prend ses fonctions, il est particuli\u00e8rement important que son initiation soit bien structur\u00e9e. Si les processus de travail et de d\u00e9cision sont rapidement ma\u00eetris\u00e9s, le nouveau collaborateur peut rapidement apporter une contribution productive\".<\/p>\n<h2><\/h2>\n<table style=\"height: 462px;\" width=\"633\">\n<tbody>\n<tr>\n<td colspan=\"2\"><strong>En g\u00e9n\u00e9ral, \u00e0 quelle vitesse d\u00e9cidez-vous si vous voulez travailler pour l'entreprise o\u00f9 vous avez un entretien ?\u00a0<\/strong><\/td>\n<\/tr>\n<tr>\n<td>Apr\u00e8s la premi\u00e8re communication (appel\/courriel)<\/td>\n<td>9 %<\/td>\n<\/tr>\n<tr>\n<td>Dans les cinq premi\u00e8res minutes d'un entretien d'embauche<\/td>\n<td>17 %<\/td>\n<\/tr>\n<tr>\n<td>Apr\u00e8s le premier entretien<\/td>\n<td>55 %<\/td>\n<\/tr>\n<tr>\n<td>Lors d'entretiens d'embauche ult\u00e9rieurs<\/td>\n<td>12 %<\/td>\n<\/tr>\n<tr>\n<td>Pendant les n\u00e9gociations contractuelles<\/td>\n<td>6 %<\/td>\n<\/tr>\n<\/tbody>\n<\/table>\n<p><em>Source : Robert Half, \u00e9tude du march\u00e9 du travail 2017\/2018, personnes interrog\u00e9es : 500 salari\u00e9s en Suisse. <a href=\"http:\/\/www.roberthalf.ch\">http:\/\/www.roberthalf.ch<\/a><\/em><\/p>","protected":false},"excerpt":{"rendered":"<p>Eine falsche Stellenbeschreibung und schlechtes Management sind die Hauptgr\u00fcnde f\u00fcr eine schnelle K\u00fcndigung. Das heisst: Werden die Erwartungen an den Arbeitgeber entt\u00e4uscht, erfolgt die K\u00fcndigung bereits im ersten Monat. Dies ist ein weiterer Befund der Arbeitsmarkstudie, f\u00fcr die der Personaldienstleister Robert Half 500 Arbeitnehmerinnen und Arbeitnehmer in der Schweiz befragt hat.\u00a0Demnach ist nicht nur der [&hellip;]<\/p>\n","protected":false},"author":4,"featured_media":4023,"comment_status":"open","ping_status":"open","sticky":false,"template":"","format":"standard","meta":{"_acf_changed":false,"_yoast_wpseo_focuskw":"Vorstellungsgespr\u00e4ch","_yoast_wpseo_metadesc":"Bei mehr als der H\u00e4lfte der Jobsuchenden in der Schweiz f\u00e4llt die Entscheidung f\u00fcr oder gegen ein Unternehmen bereits nach dem ersten Vorstellungsgespr\u00e4ch.","articlekey":"","footnotes":""},"categories":[26],"tags":[79,254,379,407],"class_list":["post-4014","post","type-post","status-publish","format-standard","has-post-thumbnail","hentry","category-hrm","tag-bewerbung","tag-hrm","tag-personalauswahl","tag-recruiting"],"acf":[],"yoast_head":"<!-- This site is optimized with the Yoast SEO plugin v27.4 - https:\/\/yoast.com\/product\/yoast-seo-wordpress\/ -->\n<title>Bewerber sofort schon im Vorstellungsgespr\u00e4ch f\u00fcr sich gewinnen - Organisator<\/title>\n<meta name=\"description\" content=\"Bei mehr als der H\u00e4lfte der Jobsuchenden in der Schweiz f\u00e4llt die Entscheidung f\u00fcr oder gegen ein Unternehmen bereits nach dem ersten Vorstellungsgespr\u00e4ch.\" \/>\n<meta name=\"robots\" content=\"index, follow, max-snippet:-1, max-image-preview:large, max-video-preview:-1\" \/>\n<link rel=\"canonical\" href=\"https:\/\/www.organisator.ch\/fr\/ressources-humaines\/hrm\/2018-08-06\/bewerber-sofort-schon-im-vorstellungsgespraech-fuer-sich-gewinnen\/\" \/>\n<meta property=\"og:locale\" content=\"fr_FR\" \/>\n<meta property=\"og:type\" content=\"article\" \/>\n<meta property=\"og:title\" content=\"Bewerber schon sofort im Vorstellungsgespr\u00e4ch f\u00fcr sich gewinnen\" \/>\n<meta property=\"og:description\" content=\"Bei mehr als der H\u00e4lfte der Jobsuchenden in der Schweiz f\u00e4llt die Entscheidung f\u00fcr oder gegen ein Unternehmen bereits nach dem ersten Vorstellungsgespr\u00e4ch.\" \/>\n<meta property=\"og:url\" content=\"https:\/\/www.organisator.ch\/fr\/ressources-humaines\/hrm\/2018-08-06\/bewerber-sofort-schon-im-vorstellungsgespraech-fuer-sich-gewinnen\/\" \/>\n<meta property=\"og:site_name\" content=\"Organisator\" \/>\n<meta property=\"article:publisher\" content=\"https:\/\/www.facebook.com\/OrganisatorFachmagazin\" \/>\n<meta property=\"article:published_time\" content=\"2018-08-06T11:32:22+00:00\" \/>\n<meta property=\"og:image\" content=\"https:\/\/www.organisator.ch\/wp-content\/uploads\/2018\/08\/Bewerber-schon-sofort-im-Vorstellungsgespraech-fuer-sich-gewinnen_Organisator.jpg\" \/>\n\t<meta property=\"og:image:width\" content=\"640\" \/>\n\t<meta property=\"og:image:height\" content=\"427\" \/>\n\t<meta property=\"og:image:type\" content=\"image\/jpeg\" \/>\n<meta name=\"author\" content=\"thomas.berner\" \/>\n<meta name=\"twitter:card\" content=\"summary_large_image\" \/>\n<meta name=\"twitter:title\" content=\"Bewerber schon sofort im #Vorstellungsgespr\u00e4ch f\u00fcr sich gewinnen\" \/>\n<meta name=\"twitter:description\" content=\"Bei mehr als der H\u00e4lfte der #Jobsuchenden in der Schweiz f\u00e4llt die Entscheidung f\u00fcr oder gegen ein Unternehmen bereits nach dem ersten #Vorstellungsgespr\u00e4ch.\" \/>\n<meta name=\"twitter:image\" content=\"https:\/\/www.organisator.ch\/wp-content\/uploads\/2018\/08\/Bewerber-schon-sofort-im-Vorstellungsgespr\u00e4ch-f\u00fcr-sich-gewinnen_Organisator.jpg\" \/>\n<script type=\"application\/ld+json\" class=\"yoast-schema-graph\">{\"@context\":\"https:\\\/\\\/schema.org\",\"@graph\":[{\"@type\":\"Article\",\"@id\":\"https:\\\/\\\/www.organisator.ch\\\/human-resources\\\/hrm\\\/2018-08-06\\\/bewerber-sofort-schon-im-vorstellungsgespraech-fuer-sich-gewinnen\\\/#article\",\"isPartOf\":{\"@id\":\"https:\\\/\\\/www.organisator.ch\\\/human-resources\\\/hrm\\\/2018-08-06\\\/bewerber-sofort-schon-im-vorstellungsgespraech-fuer-sich-gewinnen\\\/\"},\"author\":{\"name\":\"thomas.berner\",\"@id\":\"https:\\\/\\\/www.organisator.ch\\\/#\\\/schema\\\/person\\\/6f650f90b2842cd4c0cc334b4e36f67e\"},\"headline\":\"Bewerber sofort schon im Vorstellungsgespr\u00e4ch f\u00fcr sich gewinnen\",\"datePublished\":\"2018-08-06T11:32:22+00:00\",\"mainEntityOfPage\":{\"@id\":\"https:\\\/\\\/www.organisator.ch\\\/human-resources\\\/hrm\\\/2018-08-06\\\/bewerber-sofort-schon-im-vorstellungsgespraech-fuer-sich-gewinnen\\\/\"},\"wordCount\":464,\"commentCount\":0,\"publisher\":{\"@id\":\"https:\\\/\\\/www.organisator.ch\\\/#organization\"},\"image\":{\"@id\":\"https:\\\/\\\/www.organisator.ch\\\/human-resources\\\/hrm\\\/2018-08-06\\\/bewerber-sofort-schon-im-vorstellungsgespraech-fuer-sich-gewinnen\\\/#primaryimage\"},\"thumbnailUrl\":\"https:\\\/\\\/www.organisator.ch\\\/wp-content\\\/uploads\\\/2018\\\/08\\\/Bewerber-schon-sofort-im-Vorstellungsgespraech-fuer-sich-gewinnen_Organisator.jpg\",\"keywords\":[\"Bewerbung\",\"HRM\",\"Personalauswahl\",\"Recruiting\"],\"articleSection\":[\"HRM\"],\"inLanguage\":\"fr-FR\"},{\"@type\":\"WebPage\",\"@id\":\"https:\\\/\\\/www.organisator.ch\\\/human-resources\\\/hrm\\\/2018-08-06\\\/bewerber-sofort-schon-im-vorstellungsgespraech-fuer-sich-gewinnen\\\/\",\"url\":\"https:\\\/\\\/www.organisator.ch\\\/human-resources\\\/hrm\\\/2018-08-06\\\/bewerber-sofort-schon-im-vorstellungsgespraech-fuer-sich-gewinnen\\\/\",\"name\":\"Bewerber sofort schon im Vorstellungsgespr\u00e4ch f\u00fcr sich gewinnen - Organisator\",\"isPartOf\":{\"@id\":\"https:\\\/\\\/www.organisator.ch\\\/#website\"},\"primaryImageOfPage\":{\"@id\":\"https:\\\/\\\/www.organisator.ch\\\/human-resources\\\/hrm\\\/2018-08-06\\\/bewerber-sofort-schon-im-vorstellungsgespraech-fuer-sich-gewinnen\\\/#primaryimage\"},\"image\":{\"@id\":\"https:\\\/\\\/www.organisator.ch\\\/human-resources\\\/hrm\\\/2018-08-06\\\/bewerber-sofort-schon-im-vorstellungsgespraech-fuer-sich-gewinnen\\\/#primaryimage\"},\"thumbnailUrl\":\"https:\\\/\\\/www.organisator.ch\\\/wp-content\\\/uploads\\\/2018\\\/08\\\/Bewerber-schon-sofort-im-Vorstellungsgespraech-fuer-sich-gewinnen_Organisator.jpg\",\"datePublished\":\"2018-08-06T11:32:22+00:00\",\"description\":\"Bei mehr als der H\u00e4lfte der Jobsuchenden in der Schweiz f\u00e4llt die Entscheidung f\u00fcr oder gegen ein Unternehmen bereits nach dem ersten Vorstellungsgespr\u00e4ch.\",\"breadcrumb\":{\"@id\":\"https:\\\/\\\/www.organisator.ch\\\/human-resources\\\/hrm\\\/2018-08-06\\\/bewerber-sofort-schon-im-vorstellungsgespraech-fuer-sich-gewinnen\\\/#breadcrumb\"},\"inLanguage\":\"fr-FR\",\"potentialAction\":[{\"@type\":\"ReadAction\",\"target\":[\"https:\\\/\\\/www.organisator.ch\\\/human-resources\\\/hrm\\\/2018-08-06\\\/bewerber-sofort-schon-im-vorstellungsgespraech-fuer-sich-gewinnen\\\/\"]}]},{\"@type\":\"ImageObject\",\"inLanguage\":\"fr-FR\",\"@id\":\"https:\\\/\\\/www.organisator.ch\\\/human-resources\\\/hrm\\\/2018-08-06\\\/bewerber-sofort-schon-im-vorstellungsgespraech-fuer-sich-gewinnen\\\/#primaryimage\",\"url\":\"https:\\\/\\\/www.organisator.ch\\\/wp-content\\\/uploads\\\/2018\\\/08\\\/Bewerber-schon-sofort-im-Vorstellungsgespraech-fuer-sich-gewinnen_Organisator.jpg\",\"contentUrl\":\"https:\\\/\\\/www.organisator.ch\\\/wp-content\\\/uploads\\\/2018\\\/08\\\/Bewerber-schon-sofort-im-Vorstellungsgespraech-fuer-sich-gewinnen_Organisator.jpg\",\"width\":640,\"height\":427,\"caption\":\"Schon im Vorstellungsgespr\u00e4ch entscheidet ein Grossteil der Kandidaten, ob sie die Stelle bei einer Zusage antreten wollen oder nicht. (Bild: Fotolia.com)\"},{\"@type\":\"BreadcrumbList\",\"@id\":\"https:\\\/\\\/www.organisator.ch\\\/human-resources\\\/hrm\\\/2018-08-06\\\/bewerber-sofort-schon-im-vorstellungsgespraech-fuer-sich-gewinnen\\\/#breadcrumb\",\"itemListElement\":[{\"@type\":\"ListItem\",\"position\":1,\"name\":\"Home\",\"item\":\"https:\\\/\\\/www.organisator.ch\\\/\"},{\"@type\":\"ListItem\",\"position\":2,\"name\":\"Bewerber sofort schon im Vorstellungsgespr\u00e4ch f\u00fcr sich gewinnen\"}]},{\"@type\":\"WebSite\",\"@id\":\"https:\\\/\\\/www.organisator.ch\\\/#website\",\"url\":\"https:\\\/\\\/www.organisator.ch\\\/\",\"name\":\"Organisator\",\"description\":\"Kompetent. Praxisnah. Der ORGANISATOR bereitet in 10 Ausgaben pro Jahr die wesentlichen Themen f\u00fcr F\u00fchrungskr\u00e4fte von KMU auf.\",\"publisher\":{\"@id\":\"https:\\\/\\\/www.organisator.ch\\\/#organization\"},\"potentialAction\":[{\"@type\":\"SearchAction\",\"target\":{\"@type\":\"EntryPoint\",\"urlTemplate\":\"https:\\\/\\\/www.organisator.ch\\\/?s={search_term_string}\"},\"query-input\":{\"@type\":\"PropertyValueSpecification\",\"valueRequired\":true,\"valueName\":\"search_term_string\"}}],\"inLanguage\":\"fr-FR\"},{\"@type\":\"Organization\",\"@id\":\"https:\\\/\\\/www.organisator.ch\\\/#organization\",\"name\":\"Organisator\",\"url\":\"https:\\\/\\\/www.organisator.ch\\\/\",\"logo\":{\"@type\":\"ImageObject\",\"inLanguage\":\"fr-FR\",\"@id\":\"https:\\\/\\\/www.organisator.ch\\\/#\\\/schema\\\/logo\\\/image\\\/\",\"url\":\"https:\\\/\\\/www.organisator.ch\\\/wp-content\\\/uploads\\\/2022\\\/01\\\/Logo_Organisator_Website.png\",\"contentUrl\":\"https:\\\/\\\/www.organisator.ch\\\/wp-content\\\/uploads\\\/2022\\\/01\\\/Logo_Organisator_Website.png\",\"width\":800,\"height\":77,\"caption\":\"Organisator\"},\"image\":{\"@id\":\"https:\\\/\\\/www.organisator.ch\\\/#\\\/schema\\\/logo\\\/image\\\/\"},\"sameAs\":[\"https:\\\/\\\/www.facebook.com\\\/OrganisatorFachmagazin\",\"https:\\\/\\\/www.linkedin.com\\\/showcase\\\/organisator-das-magazin-fr-kmu\",\"https:\\\/\\\/www.xing.com\\\/news\\\/pages\\\/organisator-ch-695\",\"https:\\\/\\\/www.youtube.com\\\/channel\\\/UCGP2Sq0iWaZwT3BdIAQFYpw\"]},{\"@type\":\"Person\",\"@id\":\"https:\\\/\\\/www.organisator.ch\\\/#\\\/schema\\\/person\\\/6f650f90b2842cd4c0cc334b4e36f67e\",\"name\":\"thomas.berner\",\"image\":{\"@type\":\"ImageObject\",\"inLanguage\":\"fr-FR\",\"@id\":\"https:\\\/\\\/secure.gravatar.com\\\/avatar\\\/ac5001d2a36cb6c6cd3e50789007ffca834b477b74a2144564522e944eabff61?s=96&d=mm&r=g\",\"url\":\"https:\\\/\\\/secure.gravatar.com\\\/avatar\\\/ac5001d2a36cb6c6cd3e50789007ffca834b477b74a2144564522e944eabff61?s=96&d=mm&r=g\",\"contentUrl\":\"https:\\\/\\\/secure.gravatar.com\\\/avatar\\\/ac5001d2a36cb6c6cd3e50789007ffca834b477b74a2144564522e944eabff61?s=96&d=mm&r=g\",\"caption\":\"thomas.berner\"},\"url\":\"https:\\\/\\\/www.organisator.ch\\\/fr\\\/author\\\/thomas-berner\\\/\"}]}<\/script>\n<!-- \/ Yoast SEO plugin. -->","yoast_head_json":{"title":"Attirer les candidats d\u00e8s l'entretien d'embauche - Organisateur","description":"Pour plus de la moiti\u00e9 des personnes \u00e0 la recherche d'un emploi en Suisse, la d\u00e9cision pour ou contre une entreprise est d\u00e9j\u00e0 prise apr\u00e8s le premier entretien d'embauche.","robots":{"index":"index","follow":"follow","max-snippet":"max-snippet:-1","max-image-preview":"max-image-preview:large","max-video-preview":"max-video-preview:-1"},"canonical":"https:\/\/www.organisator.ch\/fr\/ressources-humaines\/hrm\/2018-08-06\/bewerber-sofort-schon-im-vorstellungsgespraech-fuer-sich-gewinnen\/","og_locale":"fr_FR","og_type":"article","og_title":"Bewerber schon sofort im Vorstellungsgespr\u00e4ch f\u00fcr sich gewinnen","og_description":"Bei mehr als der H\u00e4lfte der Jobsuchenden in der Schweiz f\u00e4llt die Entscheidung f\u00fcr oder gegen ein Unternehmen bereits nach dem ersten Vorstellungsgespr\u00e4ch.","og_url":"https:\/\/www.organisator.ch\/fr\/ressources-humaines\/hrm\/2018-08-06\/bewerber-sofort-schon-im-vorstellungsgespraech-fuer-sich-gewinnen\/","og_site_name":"Organisator","article_publisher":"https:\/\/www.facebook.com\/OrganisatorFachmagazin","article_published_time":"2018-08-06T11:32:22+00:00","og_image":[{"width":640,"height":427,"url":"https:\/\/www.organisator.ch\/wp-content\/uploads\/2018\/08\/Bewerber-schon-sofort-im-Vorstellungsgespraech-fuer-sich-gewinnen_Organisator.jpg","type":"image\/jpeg"}],"author":"thomas.berner","twitter_card":"summary_large_image","twitter_title":"Bewerber schon sofort im #Vorstellungsgespr\u00e4ch f\u00fcr sich gewinnen","twitter_description":"Bei mehr als der H\u00e4lfte der #Jobsuchenden in der Schweiz f\u00e4llt die Entscheidung f\u00fcr oder gegen ein Unternehmen bereits nach dem ersten #Vorstellungsgespr\u00e4ch.","twitter_image":"https:\/\/www.organisator.ch\/wp-content\/uploads\/2018\/08\/Bewerber-schon-sofort-im-Vorstellungsgespr\u00e4ch-f\u00fcr-sich-gewinnen_Organisator.jpg","schema":{"@context":"https:\/\/schema.org","@graph":[{"@type":"Article","@id":"https:\/\/www.organisator.ch\/human-resources\/hrm\/2018-08-06\/bewerber-sofort-schon-im-vorstellungsgespraech-fuer-sich-gewinnen\/#article","isPartOf":{"@id":"https:\/\/www.organisator.ch\/human-resources\/hrm\/2018-08-06\/bewerber-sofort-schon-im-vorstellungsgespraech-fuer-sich-gewinnen\/"},"author":{"name":"thomas.berner","@id":"https:\/\/www.organisator.ch\/#\/schema\/person\/6f650f90b2842cd4c0cc334b4e36f67e"},"headline":"Bewerber sofort schon im Vorstellungsgespr\u00e4ch f\u00fcr sich gewinnen","datePublished":"2018-08-06T11:32:22+00:00","mainEntityOfPage":{"@id":"https:\/\/www.organisator.ch\/human-resources\/hrm\/2018-08-06\/bewerber-sofort-schon-im-vorstellungsgespraech-fuer-sich-gewinnen\/"},"wordCount":464,"commentCount":0,"publisher":{"@id":"https:\/\/www.organisator.ch\/#organization"},"image":{"@id":"https:\/\/www.organisator.ch\/human-resources\/hrm\/2018-08-06\/bewerber-sofort-schon-im-vorstellungsgespraech-fuer-sich-gewinnen\/#primaryimage"},"thumbnailUrl":"https:\/\/www.organisator.ch\/wp-content\/uploads\/2018\/08\/Bewerber-schon-sofort-im-Vorstellungsgespraech-fuer-sich-gewinnen_Organisator.jpg","keywords":["Bewerbung","HRM","Personalauswahl","Recruiting"],"articleSection":["HRM"],"inLanguage":"fr-FR"},{"@type":"WebPage","@id":"https:\/\/www.organisator.ch\/human-resources\/hrm\/2018-08-06\/bewerber-sofort-schon-im-vorstellungsgespraech-fuer-sich-gewinnen\/","url":"https:\/\/www.organisator.ch\/human-resources\/hrm\/2018-08-06\/bewerber-sofort-schon-im-vorstellungsgespraech-fuer-sich-gewinnen\/","name":"Attirer les candidats d\u00e8s l'entretien d'embauche - Organisateur","isPartOf":{"@id":"https:\/\/www.organisator.ch\/#website"},"primaryImageOfPage":{"@id":"https:\/\/www.organisator.ch\/human-resources\/hrm\/2018-08-06\/bewerber-sofort-schon-im-vorstellungsgespraech-fuer-sich-gewinnen\/#primaryimage"},"image":{"@id":"https:\/\/www.organisator.ch\/human-resources\/hrm\/2018-08-06\/bewerber-sofort-schon-im-vorstellungsgespraech-fuer-sich-gewinnen\/#primaryimage"},"thumbnailUrl":"https:\/\/www.organisator.ch\/wp-content\/uploads\/2018\/08\/Bewerber-schon-sofort-im-Vorstellungsgespraech-fuer-sich-gewinnen_Organisator.jpg","datePublished":"2018-08-06T11:32:22+00:00","description":"Pour plus de la moiti\u00e9 des personnes \u00e0 la recherche d'un emploi en Suisse, la d\u00e9cision pour ou contre une entreprise est d\u00e9j\u00e0 prise apr\u00e8s le premier entretien d'embauche.","breadcrumb":{"@id":"https:\/\/www.organisator.ch\/human-resources\/hrm\/2018-08-06\/bewerber-sofort-schon-im-vorstellungsgespraech-fuer-sich-gewinnen\/#breadcrumb"},"inLanguage":"fr-FR","potentialAction":[{"@type":"ReadAction","target":["https:\/\/www.organisator.ch\/human-resources\/hrm\/2018-08-06\/bewerber-sofort-schon-im-vorstellungsgespraech-fuer-sich-gewinnen\/"]}]},{"@type":"ImageObject","inLanguage":"fr-FR","@id":"https:\/\/www.organisator.ch\/human-resources\/hrm\/2018-08-06\/bewerber-sofort-schon-im-vorstellungsgespraech-fuer-sich-gewinnen\/#primaryimage","url":"https:\/\/www.organisator.ch\/wp-content\/uploads\/2018\/08\/Bewerber-schon-sofort-im-Vorstellungsgespraech-fuer-sich-gewinnen_Organisator.jpg","contentUrl":"https:\/\/www.organisator.ch\/wp-content\/uploads\/2018\/08\/Bewerber-schon-sofort-im-Vorstellungsgespraech-fuer-sich-gewinnen_Organisator.jpg","width":640,"height":427,"caption":"Schon im Vorstellungsgespr\u00e4ch entscheidet ein Grossteil der Kandidaten, ob sie die Stelle bei einer Zusage antreten wollen oder nicht. (Bild: Fotolia.com)"},{"@type":"BreadcrumbList","@id":"https:\/\/www.organisator.ch\/human-resources\/hrm\/2018-08-06\/bewerber-sofort-schon-im-vorstellungsgespraech-fuer-sich-gewinnen\/#breadcrumb","itemListElement":[{"@type":"ListItem","position":1,"name":"Home","item":"https:\/\/www.organisator.ch\/"},{"@type":"ListItem","position":2,"name":"Bewerber sofort schon im Vorstellungsgespr\u00e4ch f\u00fcr sich gewinnen"}]},{"@type":"WebSite","@id":"https:\/\/www.organisator.ch\/#website","url":"https:\/\/www.organisator.ch\/","name":"Organisateur","description":"Comp\u00e9tence et comp\u00e9tence. Proches de la pratique. L'ORGANISATEUR pr\u00e9pare 10 num\u00e9ros par an sur les th\u00e8mes essentiels pour les dirigeants de PME.","publisher":{"@id":"https:\/\/www.organisator.ch\/#organization"},"potentialAction":[{"@type":"SearchAction","target":{"@type":"EntryPoint","urlTemplate":"https:\/\/www.organisator.ch\/?s={search_term_string}"},"query-input":{"@type":"PropertyValueSpecification","valueRequired":true,"valueName":"search_term_string"}}],"inLanguage":"fr-FR"},{"@type":"Organization","@id":"https:\/\/www.organisator.ch\/#organization","name":"Organisateur","url":"https:\/\/www.organisator.ch\/","logo":{"@type":"ImageObject","inLanguage":"fr-FR","@id":"https:\/\/www.organisator.ch\/#\/schema\/logo\/image\/","url":"https:\/\/www.organisator.ch\/wp-content\/uploads\/2022\/01\/Logo_Organisator_Website.png","contentUrl":"https:\/\/www.organisator.ch\/wp-content\/uploads\/2022\/01\/Logo_Organisator_Website.png","width":800,"height":77,"caption":"Organisator"},"image":{"@id":"https:\/\/www.organisator.ch\/#\/schema\/logo\/image\/"},"sameAs":["https:\/\/www.facebook.com\/OrganisatorFachmagazin","https:\/\/www.linkedin.com\/showcase\/organisator-das-magazin-fr-kmu","https:\/\/www.xing.com\/news\/pages\/organisator-ch-695","https:\/\/www.youtube.com\/channel\/UCGP2Sq0iWaZwT3BdIAQFYpw"]},{"@type":"Person","@id":"https:\/\/www.organisator.ch\/#\/schema\/person\/6f650f90b2842cd4c0cc334b4e36f67e","name":"thomas.berner","image":{"@type":"ImageObject","inLanguage":"fr-FR","@id":"https:\/\/secure.gravatar.com\/avatar\/ac5001d2a36cb6c6cd3e50789007ffca834b477b74a2144564522e944eabff61?s=96&d=mm&r=g","url":"https:\/\/secure.gravatar.com\/avatar\/ac5001d2a36cb6c6cd3e50789007ffca834b477b74a2144564522e944eabff61?s=96&d=mm&r=g","contentUrl":"https:\/\/secure.gravatar.com\/avatar\/ac5001d2a36cb6c6cd3e50789007ffca834b477b74a2144564522e944eabff61?s=96&d=mm&r=g","caption":"thomas.berner"},"url":"https:\/\/www.organisator.ch\/fr\/author\/thomas-berner\/"}]}},"_links":{"self":[{"href":"https:\/\/www.organisator.ch\/fr\/wp-json\/wp\/v2\/posts\/4014","targetHints":{"allow":["GET"]}}],"collection":[{"href":"https:\/\/www.organisator.ch\/fr\/wp-json\/wp\/v2\/posts"}],"about":[{"href":"https:\/\/www.organisator.ch\/fr\/wp-json\/wp\/v2\/types\/post"}],"author":[{"embeddable":true,"href":"https:\/\/www.organisator.ch\/fr\/wp-json\/wp\/v2\/users\/4"}],"replies":[{"embeddable":true,"href":"https:\/\/www.organisator.ch\/fr\/wp-json\/wp\/v2\/comments?post=4014"}],"version-history":[{"count":0,"href":"https:\/\/www.organisator.ch\/fr\/wp-json\/wp\/v2\/posts\/4014\/revisions"}],"wp:featuredmedia":[{"embeddable":true,"href":"https:\/\/www.organisator.ch\/fr\/wp-json\/wp\/v2\/media\/4023"}],"wp:attachment":[{"href":"https:\/\/www.organisator.ch\/fr\/wp-json\/wp\/v2\/media?parent=4014"}],"wp:term":[{"taxonomy":"category","embeddable":true,"href":"https:\/\/www.organisator.ch\/fr\/wp-json\/wp\/v2\/categories?post=4014"},{"taxonomy":"post_tag","embeddable":true,"href":"https:\/\/www.organisator.ch\/fr\/wp-json\/wp\/v2\/tags?post=4014"}],"curies":[{"name":"wp","href":"https:\/\/api.w.org\/{rel}","templated":true}]}}