{"id":40245,"date":"2025-08-31T19:39:37","date_gmt":"2025-08-31T17:39:37","guid":{"rendered":"https:\/\/www.markt-kom.com\/?p=238438"},"modified":"2025-09-01T13:38:09","modified_gmt":"2025-09-01T11:38:09","slug":"iab-switzerland-association-gruendet-advisory-circle-unter-ueli-weber","status":"publish","type":"post","link":"https:\/\/www.organisator.ch\/fr\/marketing\/2025-08-31\/iab-switzerland-association-gruendet-advisory-circle-unter-ueli-weber\/","title":{"rendered":"L'IAB Switzerland Association cr\u00e9e un cercle consultatif sous la direction d'Ueli Weber"},"content":{"rendered":"<p class=\"my-2 [&amp;+p]:mt-4 [&amp;_strong:has(+br)]:inline-block [&amp;_strong:has(+br)]:pb-2\"><img class=\"alignnone size-full wp-image-238439\" src=\"https:\/\/www.markt-kom.com\/wp-content\/uploads\/2025\/08\/iabgremium.png\" sizes=\"(max-width: 1200px) 100vw, 1200px\" srcset=\"https:\/\/www.markt-kom.com\/wp-content\/uploads\/2025\/08\/iabgremium.png 1200w, https:\/\/www.markt-kom.com\/wp-content\/uploads\/2025\/08\/iabgremium-600x400.png 600w, https:\/\/www.markt-kom.com\/wp-content\/uploads\/2025\/08\/iabgremium-1024x683.png 1024w, https:\/\/www.markt-kom.com\/wp-content\/uploads\/2025\/08\/iabgremium-768x512.png 768w, https:\/\/www.markt-kom.com\/wp-content\/uploads\/2025\/08\/iabgremium-18x12.png 18w, https:\/\/www.markt-kom.com\/wp-content\/uploads\/2025\/08\/iabgremium-263x175.png 263w, https:\/\/www.markt-kom.com\/wp-content\/uploads\/2025\/08\/iabgremium-525x350.png 525w, https:\/\/www.markt-kom.com\/wp-content\/uploads\/2025\/08\/iabgremium-1000x667.png 1000w\" alt=\"\" width=\"1200\" height=\"800\" \/>Weber vereint namhafte Pers\u00f6nlichkeiten um sich. Rolf auf der Maur von Vischer bringt Rechtsexpertise mit. Remo Baumeler von Audienzz verst\u00e4rkt den Datenbereich. Tom Hanan von Webrepublic vertritt die Agenturszene.<\/p>\r\n<p class=\"my-2 [&amp;+p]:mt-4 [&amp;_strong:has(+br)]:inline-block [&amp;_strong:has(+br)]:pb-2\">Andra Iltgen von xeit erg\u00e4nzt die Technologieperspektive. Beat Krebs von OMG bringt Medienkompetenz ein. Yves M\u00e4der repr\u00e4sentiert Google Schweiz. Jeannine Micheli von AMAG vertritt die Auftraggeberseite.<\/p>\r\n<p class=\"my-2 [&amp;+p]:mt-4 [&amp;_strong:has(+br)]:inline-block [&amp;_strong:has(+br)]:pb-2\">Ren\u00e9 Plug von GoTom steuert E-Commerce-Knowhow bei. Sven Ruoss von Postfuturum bringt Publishing-Erfahrung mit. Guido Trevisan von der Goldbach Group komplettiert das Gremium.<\/p>\r\n<h2 id=\"fokus-auf-strategische-weiterentwicklung\" class=\"mb-2 mt-4 font-display font-semimedium text-base first:mt-0 md:text-lg [hr+&amp;]:mt-4\">Fokus auf strategische Weiterentwicklung<\/h2>\r\n<p>Ziel sei es, einen sp\u00fcrbaren Mehrwert f\u00fcr die Mitglieder zu schaffen \u2013 durch relevante Inhalte,\u00a0Orientierung in der digitalen Transformation\u00a0und\u00a0konkrete Unterst\u00fctzung bei aktuellen Herausforderungen der Branche\u00a0\u2013 f\u00fcr eine starke, vernetzte und zukunftsgerichtete digitale Werbewelt.<\/p>\r\n<p class=\"my-2 [&amp;+p]:mt-4 [&amp;_strong:has(+br)]:inline-block [&amp;_strong:has(+br)]:pb-2\">Der Advisory Circle soll neue Partnerschaften erschliessen. Die Experten f\u00f6rdern den internationalen Knowhow-Transfer. Jede Pers\u00f6nlichkeit bringt ihre spezielle Branchenerfahrung ein.<\/p>\r\n<p class=\"my-2 [&amp;+p]:mt-4 [&amp;_strong:has(+br)]:inline-block [&amp;_strong:has(+br)]:pb-2\">Weber und sein Team begleiten die digitale Transformation. Sie unterst\u00fctzen bei aktuellen Herausforderungen der Werbebranche.<\/p>\r\n<p>Das Gremium unterst\u00fctzt Pr\u00e4sident Martin Radelfinger direkt. Auch Vize-Pr\u00e4sident Roger Baur profitiert von der Expertise. Die Vorst\u00e4nde Evelin Wachter, Eva Maria-M\u00f6rtenhuber, Stefan Wagner und Alexander Horrolt erhalten zus\u00e4tzliche Beratung. Gesch\u00e4ftsf\u00fchrer Urs Fl\u00fcckiger koordiniert die Zusammenarbeit.<\/p>\r\n<p class=\"my-2 [&amp;+p]:mt-4 [&amp;_strong:has(+br)]:inline-block [&amp;_strong:has(+br)]:pb-2\">Die IAB Switzerland vertritt Agenturen, Medienunternehmen und Technologiefirmen. Der Verband setzt sich f\u00fcr Standards und Transparenz ein. Mit dem Advisory Circle verst\u00e4rkt sich die Branchenvertretung strategisch.<\/p>","protected":false},"excerpt":{"rendered":"<p>L'association IAB Switzerland mise sur des renforts \u00e9minents. Ueli Weber, pr\u00e9sident d'honneur de l'IAB Switzerland, dirige le cercle consultatif nouvellement cr\u00e9\u00e9. Le chef de Mediafocus r\u00e9unit le savoir-faire de onze experts de la branche.<\/p>","protected":false},"author":8,"featured_media":0,"comment_status":"closed","ping_status":"closed","sticky":false,"template":"","format":"standard","meta":{"_acf_changed":false,"_yoast_wpseo_focuskw":"IAB Switzerland","_yoast_wpseo_metadesc":"Die IAB Switzerland Association setzt auf prominente Verst\u00e4rkung. Ehrenpr\u00e4sident Ueli Weber leitet den neu gegr\u00fcndeten Advisory Circle.","articlekey":"","footnotes":""},"categories":[29],"tags":[4345],"class_list":["post-40245","post","type-post","status-publish","format-standard","hentry","category-marketing","tag-business"],"acf":[],"yoast_head":"<!-- This site is optimized with the Yoast SEO plugin v27.5 - https:\/\/yoast.com\/product\/yoast-seo-wordpress\/ -->\n<title>IAB Switzerland Association gr\u00fcndet Advisory Circle unter Ueli Weber - Organisator<\/title>\n<meta name=\"description\" content=\"Die IAB Switzerland Association setzt auf prominente Verst\u00e4rkung. Ehrenpr\u00e4sident Ueli Weber leitet den neu gegr\u00fcndeten Advisory Circle.\" \/>\n<meta name=\"robots\" content=\"index, follow, max-snippet:-1, max-image-preview:large, max-video-preview:-1\" \/>\n<link rel=\"canonical\" href=\"https:\/\/www.organisator.ch\/fr\/marketing\/2025-08-31\/iab-switzerland-association-gruendet-advisory-circle-unter-ueli-weber\/\" \/>\n<meta property=\"og:locale\" content=\"fr_FR\" \/>\n<meta property=\"og:type\" content=\"article\" \/>\n<meta property=\"og:title\" content=\"IAB Switzerland Association gr\u00fcndet Advisory Circle unter Ueli Weber - Organisator\" \/>\n<meta property=\"og:description\" content=\"Die IAB Switzerland Association setzt auf prominente Verst\u00e4rkung. Ehrenpr\u00e4sident Ueli Weber leitet den neu gegr\u00fcndeten Advisory Circle.\" \/>\n<meta property=\"og:url\" content=\"https:\/\/www.organisator.ch\/fr\/marketing\/2025-08-31\/iab-switzerland-association-gruendet-advisory-circle-unter-ueli-weber\/\" \/>\n<meta property=\"og:site_name\" content=\"Organisator\" \/>\n<meta property=\"article:publisher\" content=\"https:\/\/www.facebook.com\/OrganisatorFachmagazin\" \/>\n<meta property=\"article:published_time\" content=\"2025-08-31T17:39:37+00:00\" \/>\n<meta property=\"article:modified_time\" content=\"2025-09-01T11:38:09+00:00\" \/>\n<meta name=\"author\" content=\"galledia\" \/>\n<meta name=\"twitter:card\" content=\"summary_large_image\" \/>\n<meta name=\"twitter:creator\" content=\"@admin\" \/>\n<script type=\"application\/ld+json\" class=\"yoast-schema-graph\">{\"@context\":\"https:\\\/\\\/schema.org\",\"@graph\":[{\"@type\":\"Article\",\"@id\":\"https:\\\/\\\/www.organisator.ch\\\/marketing\\\/2025-08-31\\\/iab-switzerland-association-gruendet-advisory-circle-unter-ueli-weber\\\/#article\",\"isPartOf\":{\"@id\":\"https:\\\/\\\/www.organisator.ch\\\/marketing\\\/2025-08-31\\\/iab-switzerland-association-gruendet-advisory-circle-unter-ueli-weber\\\/\"},\"author\":{\"name\":\"galledia\",\"@id\":\"https:\\\/\\\/www.organisator.ch\\\/#\\\/schema\\\/person\\\/4e51799071cd2dd1232ac003643ef5f0\"},\"headline\":\"IAB Switzerland Association gr\u00fcndet Advisory Circle unter Ueli Weber\",\"datePublished\":\"2025-08-31T17:39:37+00:00\",\"dateModified\":\"2025-09-01T11:38:09+00:00\",\"mainEntityOfPage\":{\"@id\":\"https:\\\/\\\/www.organisator.ch\\\/marketing\\\/2025-08-31\\\/iab-switzerland-association-gruendet-advisory-circle-unter-ueli-weber\\\/\"},\"wordCount\":246,\"publisher\":{\"@id\":\"https:\\\/\\\/www.organisator.ch\\\/#organization\"},\"image\":{\"@id\":\"https:\\\/\\\/www.organisator.ch\\\/marketing\\\/2025-08-31\\\/iab-switzerland-association-gruendet-advisory-circle-unter-ueli-weber\\\/#primaryimage\"},\"thumbnailUrl\":\"https:\\\/\\\/www.markt-kom.com\\\/wp-content\\\/uploads\\\/2025\\\/08\\\/iabgremium.png\",\"keywords\":[\"Business\"],\"articleSection\":[\"MARKETING\"],\"inLanguage\":\"fr-FR\"},{\"@type\":\"WebPage\",\"@id\":\"https:\\\/\\\/www.organisator.ch\\\/marketing\\\/2025-08-31\\\/iab-switzerland-association-gruendet-advisory-circle-unter-ueli-weber\\\/\",\"url\":\"https:\\\/\\\/www.organisator.ch\\\/marketing\\\/2025-08-31\\\/iab-switzerland-association-gruendet-advisory-circle-unter-ueli-weber\\\/\",\"name\":\"IAB Switzerland Association gr\u00fcndet Advisory Circle unter Ueli Weber - Organisator\",\"isPartOf\":{\"@id\":\"https:\\\/\\\/www.organisator.ch\\\/#website\"},\"primaryImageOfPage\":{\"@id\":\"https:\\\/\\\/www.organisator.ch\\\/marketing\\\/2025-08-31\\\/iab-switzerland-association-gruendet-advisory-circle-unter-ueli-weber\\\/#primaryimage\"},\"image\":{\"@id\":\"https:\\\/\\\/www.organisator.ch\\\/marketing\\\/2025-08-31\\\/iab-switzerland-association-gruendet-advisory-circle-unter-ueli-weber\\\/#primaryimage\"},\"thumbnailUrl\":\"https:\\\/\\\/www.markt-kom.com\\\/wp-content\\\/uploads\\\/2025\\\/08\\\/iabgremium.png\",\"datePublished\":\"2025-08-31T17:39:37+00:00\",\"dateModified\":\"2025-09-01T11:38:09+00:00\",\"description\":\"Die IAB Switzerland Association setzt auf prominente Verst\u00e4rkung. Ehrenpr\u00e4sident Ueli Weber leitet den neu gegr\u00fcndeten Advisory Circle.\",\"breadcrumb\":{\"@id\":\"https:\\\/\\\/www.organisator.ch\\\/marketing\\\/2025-08-31\\\/iab-switzerland-association-gruendet-advisory-circle-unter-ueli-weber\\\/#breadcrumb\"},\"inLanguage\":\"fr-FR\",\"potentialAction\":[{\"@type\":\"ReadAction\",\"target\":[\"https:\\\/\\\/www.organisator.ch\\\/marketing\\\/2025-08-31\\\/iab-switzerland-association-gruendet-advisory-circle-unter-ueli-weber\\\/\"]}]},{\"@type\":\"ImageObject\",\"inLanguage\":\"fr-FR\",\"@id\":\"https:\\\/\\\/www.organisator.ch\\\/marketing\\\/2025-08-31\\\/iab-switzerland-association-gruendet-advisory-circle-unter-ueli-weber\\\/#primaryimage\",\"url\":\"https:\\\/\\\/www.markt-kom.com\\\/wp-content\\\/uploads\\\/2025\\\/08\\\/iabgremium.png\",\"contentUrl\":\"https:\\\/\\\/www.markt-kom.com\\\/wp-content\\\/uploads\\\/2025\\\/08\\\/iabgremium.png\"},{\"@type\":\"BreadcrumbList\",\"@id\":\"https:\\\/\\\/www.organisator.ch\\\/marketing\\\/2025-08-31\\\/iab-switzerland-association-gruendet-advisory-circle-unter-ueli-weber\\\/#breadcrumb\",\"itemListElement\":[{\"@type\":\"ListItem\",\"position\":1,\"name\":\"Home\",\"item\":\"https:\\\/\\\/www.organisator.ch\\\/\"},{\"@type\":\"ListItem\",\"position\":2,\"name\":\"IAB Switzerland Association gr\u00fcndet Advisory Circle unter Ueli Weber\"}]},{\"@type\":\"WebSite\",\"@id\":\"https:\\\/\\\/www.organisator.ch\\\/#website\",\"url\":\"https:\\\/\\\/www.organisator.ch\\\/\",\"name\":\"Organisator\",\"description\":\"Kompetent. Praxisnah. Der ORGANISATOR bereitet in 10 Ausgaben pro Jahr die wesentlichen Themen f\u00fcr F\u00fchrungskr\u00e4fte von KMU auf.\",\"publisher\":{\"@id\":\"https:\\\/\\\/www.organisator.ch\\\/#organization\"},\"potentialAction\":[{\"@type\":\"SearchAction\",\"target\":{\"@type\":\"EntryPoint\",\"urlTemplate\":\"https:\\\/\\\/www.organisator.ch\\\/?s={search_term_string}\"},\"query-input\":{\"@type\":\"PropertyValueSpecification\",\"valueRequired\":true,\"valueName\":\"search_term_string\"}}],\"inLanguage\":\"fr-FR\"},{\"@type\":\"Organization\",\"@id\":\"https:\\\/\\\/www.organisator.ch\\\/#organization\",\"name\":\"Organisator\",\"url\":\"https:\\\/\\\/www.organisator.ch\\\/\",\"logo\":{\"@type\":\"ImageObject\",\"inLanguage\":\"fr-FR\",\"@id\":\"https:\\\/\\\/www.organisator.ch\\\/#\\\/schema\\\/logo\\\/image\\\/\",\"url\":\"https:\\\/\\\/www.organisator.ch\\\/wp-content\\\/uploads\\\/2022\\\/01\\\/Logo_Organisator_Website.png\",\"contentUrl\":\"https:\\\/\\\/www.organisator.ch\\\/wp-content\\\/uploads\\\/2022\\\/01\\\/Logo_Organisator_Website.png\",\"width\":800,\"height\":77,\"caption\":\"Organisator\"},\"image\":{\"@id\":\"https:\\\/\\\/www.organisator.ch\\\/#\\\/schema\\\/logo\\\/image\\\/\"},\"sameAs\":[\"https:\\\/\\\/www.facebook.com\\\/OrganisatorFachmagazin\",\"https:\\\/\\\/www.linkedin.com\\\/showcase\\\/organisator-das-magazin-fr-kmu\",\"https:\\\/\\\/www.xing.com\\\/news\\\/pages\\\/organisator-ch-695\",\"https:\\\/\\\/www.youtube.com\\\/channel\\\/UCGP2Sq0iWaZwT3BdIAQFYpw\"]},{\"@type\":\"Person\",\"@id\":\"https:\\\/\\\/www.organisator.ch\\\/#\\\/schema\\\/person\\\/4e51799071cd2dd1232ac003643ef5f0\",\"name\":\"galledia\",\"image\":{\"@type\":\"ImageObject\",\"inLanguage\":\"fr-FR\",\"@id\":\"https:\\\/\\\/secure.gravatar.com\\\/avatar\\\/78a7f90c01fc2bfc875782a0d4922b37cde2cf184ce347b91316d23cd7f69a36?s=96&d=mm&r=g\",\"url\":\"https:\\\/\\\/secure.gravatar.com\\\/avatar\\\/78a7f90c01fc2bfc875782a0d4922b37cde2cf184ce347b91316d23cd7f69a36?s=96&d=mm&r=g\",\"contentUrl\":\"https:\\\/\\\/secure.gravatar.com\\\/avatar\\\/78a7f90c01fc2bfc875782a0d4922b37cde2cf184ce347b91316d23cd7f69a36?s=96&d=mm&r=g\",\"caption\":\"galledia\"},\"sameAs\":[\"https:\\\/\\\/x.com\\\/admin\"],\"url\":\"https:\\\/\\\/www.organisator.ch\\\/fr\\\/author\\\/galledia\\\/\"}]}<\/script>\n<!-- \/ Yoast SEO plugin. -->","yoast_head_json":{"title":"L'IAB Switzerland Association cr\u00e9e un cercle consultatif sous la houlette d'Ueli Weber - Organisateur","description":"L'association IAB Switzerland mise sur des renforts \u00e9minents. Le pr\u00e9sident d'honneur Ueli Weber dirige le cercle consultatif nouvellement cr\u00e9\u00e9.","robots":{"index":"index","follow":"follow","max-snippet":"max-snippet:-1","max-image-preview":"max-image-preview:large","max-video-preview":"max-video-preview:-1"},"canonical":"https:\/\/www.organisator.ch\/fr\/marketing\/2025-08-31\/iab-switzerland-association-gruendet-advisory-circle-unter-ueli-weber\/","og_locale":"fr_FR","og_type":"article","og_title":"IAB Switzerland Association gr\u00fcndet Advisory Circle unter Ueli Weber - Organisator","og_description":"Die IAB Switzerland Association setzt auf prominente Verst\u00e4rkung. Ehrenpr\u00e4sident Ueli Weber leitet den neu gegr\u00fcndeten Advisory Circle.","og_url":"https:\/\/www.organisator.ch\/fr\/marketing\/2025-08-31\/iab-switzerland-association-gruendet-advisory-circle-unter-ueli-weber\/","og_site_name":"Organisator","article_publisher":"https:\/\/www.facebook.com\/OrganisatorFachmagazin","article_published_time":"2025-08-31T17:39:37+00:00","article_modified_time":"2025-09-01T11:38:09+00:00","author":"galledia","twitter_card":"summary_large_image","twitter_creator":"@admin","schema":{"@context":"https:\/\/schema.org","@graph":[{"@type":"Article","@id":"https:\/\/www.organisator.ch\/marketing\/2025-08-31\/iab-switzerland-association-gruendet-advisory-circle-unter-ueli-weber\/#article","isPartOf":{"@id":"https:\/\/www.organisator.ch\/marketing\/2025-08-31\/iab-switzerland-association-gruendet-advisory-circle-unter-ueli-weber\/"},"author":{"name":"galledia","@id":"https:\/\/www.organisator.ch\/#\/schema\/person\/4e51799071cd2dd1232ac003643ef5f0"},"headline":"IAB Switzerland Association gr\u00fcndet Advisory Circle unter Ueli Weber","datePublished":"2025-08-31T17:39:37+00:00","dateModified":"2025-09-01T11:38:09+00:00","mainEntityOfPage":{"@id":"https:\/\/www.organisator.ch\/marketing\/2025-08-31\/iab-switzerland-association-gruendet-advisory-circle-unter-ueli-weber\/"},"wordCount":246,"publisher":{"@id":"https:\/\/www.organisator.ch\/#organization"},"image":{"@id":"https:\/\/www.organisator.ch\/marketing\/2025-08-31\/iab-switzerland-association-gruendet-advisory-circle-unter-ueli-weber\/#primaryimage"},"thumbnailUrl":"https:\/\/www.markt-kom.com\/wp-content\/uploads\/2025\/08\/iabgremium.png","keywords":["Business"],"articleSection":["MARKETING"],"inLanguage":"fr-FR"},{"@type":"WebPage","@id":"https:\/\/www.organisator.ch\/marketing\/2025-08-31\/iab-switzerland-association-gruendet-advisory-circle-unter-ueli-weber\/","url":"https:\/\/www.organisator.ch\/marketing\/2025-08-31\/iab-switzerland-association-gruendet-advisory-circle-unter-ueli-weber\/","name":"L'IAB Switzerland Association cr\u00e9e un cercle consultatif sous la houlette d'Ueli Weber - Organisateur","isPartOf":{"@id":"https:\/\/www.organisator.ch\/#website"},"primaryImageOfPage":{"@id":"https:\/\/www.organisator.ch\/marketing\/2025-08-31\/iab-switzerland-association-gruendet-advisory-circle-unter-ueli-weber\/#primaryimage"},"image":{"@id":"https:\/\/www.organisator.ch\/marketing\/2025-08-31\/iab-switzerland-association-gruendet-advisory-circle-unter-ueli-weber\/#primaryimage"},"thumbnailUrl":"https:\/\/www.markt-kom.com\/wp-content\/uploads\/2025\/08\/iabgremium.png","datePublished":"2025-08-31T17:39:37+00:00","dateModified":"2025-09-01T11:38:09+00:00","description":"L'association IAB Switzerland mise sur des renforts \u00e9minents. Le pr\u00e9sident d'honneur Ueli Weber dirige le cercle consultatif nouvellement cr\u00e9\u00e9.","breadcrumb":{"@id":"https:\/\/www.organisator.ch\/marketing\/2025-08-31\/iab-switzerland-association-gruendet-advisory-circle-unter-ueli-weber\/#breadcrumb"},"inLanguage":"fr-FR","potentialAction":[{"@type":"ReadAction","target":["https:\/\/www.organisator.ch\/marketing\/2025-08-31\/iab-switzerland-association-gruendet-advisory-circle-unter-ueli-weber\/"]}]},{"@type":"ImageObject","inLanguage":"fr-FR","@id":"https:\/\/www.organisator.ch\/marketing\/2025-08-31\/iab-switzerland-association-gruendet-advisory-circle-unter-ueli-weber\/#primaryimage","url":"https:\/\/www.markt-kom.com\/wp-content\/uploads\/2025\/08\/iabgremium.png","contentUrl":"https:\/\/www.markt-kom.com\/wp-content\/uploads\/2025\/08\/iabgremium.png"},{"@type":"BreadcrumbList","@id":"https:\/\/www.organisator.ch\/marketing\/2025-08-31\/iab-switzerland-association-gruendet-advisory-circle-unter-ueli-weber\/#breadcrumb","itemListElement":[{"@type":"ListItem","position":1,"name":"Home","item":"https:\/\/www.organisator.ch\/"},{"@type":"ListItem","position":2,"name":"IAB Switzerland Association gr\u00fcndet Advisory Circle unter Ueli Weber"}]},{"@type":"WebSite","@id":"https:\/\/www.organisator.ch\/#website","url":"https:\/\/www.organisator.ch\/","name":"Organisateur","description":"Comp\u00e9tence et comp\u00e9tence. Proches de la pratique. L'ORGANISATEUR pr\u00e9pare 10 num\u00e9ros par an sur les th\u00e8mes essentiels pour les dirigeants de PME.","publisher":{"@id":"https:\/\/www.organisator.ch\/#organization"},"potentialAction":[{"@type":"SearchAction","target":{"@type":"EntryPoint","urlTemplate":"https:\/\/www.organisator.ch\/?s={search_term_string}"},"query-input":{"@type":"PropertyValueSpecification","valueRequired":true,"valueName":"search_term_string"}}],"inLanguage":"fr-FR"},{"@type":"Organization","@id":"https:\/\/www.organisator.ch\/#organization","name":"Organisateur","url":"https:\/\/www.organisator.ch\/","logo":{"@type":"ImageObject","inLanguage":"fr-FR","@id":"https:\/\/www.organisator.ch\/#\/schema\/logo\/image\/","url":"https:\/\/www.organisator.ch\/wp-content\/uploads\/2022\/01\/Logo_Organisator_Website.png","contentUrl":"https:\/\/www.organisator.ch\/wp-content\/uploads\/2022\/01\/Logo_Organisator_Website.png","width":800,"height":77,"caption":"Organisator"},"image":{"@id":"https:\/\/www.organisator.ch\/#\/schema\/logo\/image\/"},"sameAs":["https:\/\/www.facebook.com\/OrganisatorFachmagazin","https:\/\/www.linkedin.com\/showcase\/organisator-das-magazin-fr-kmu","https:\/\/www.xing.com\/news\/pages\/organisator-ch-695","https:\/\/www.youtube.com\/channel\/UCGP2Sq0iWaZwT3BdIAQFYpw"]},{"@type":"Person","@id":"https:\/\/www.organisator.ch\/#\/schema\/person\/4e51799071cd2dd1232ac003643ef5f0","name":"galledia","image":{"@type":"ImageObject","inLanguage":"fr-FR","@id":"https:\/\/secure.gravatar.com\/avatar\/78a7f90c01fc2bfc875782a0d4922b37cde2cf184ce347b91316d23cd7f69a36?s=96&d=mm&r=g","url":"https:\/\/secure.gravatar.com\/avatar\/78a7f90c01fc2bfc875782a0d4922b37cde2cf184ce347b91316d23cd7f69a36?s=96&d=mm&r=g","contentUrl":"https:\/\/secure.gravatar.com\/avatar\/78a7f90c01fc2bfc875782a0d4922b37cde2cf184ce347b91316d23cd7f69a36?s=96&d=mm&r=g","caption":"galledia"},"sameAs":["https:\/\/x.com\/admin"],"url":"https:\/\/www.organisator.ch\/fr\/author\/galledia\/"}]}},"_links":{"self":[{"href":"https:\/\/www.organisator.ch\/fr\/wp-json\/wp\/v2\/posts\/40245","targetHints":{"allow":["GET"]}}],"collection":[{"href":"https:\/\/www.organisator.ch\/fr\/wp-json\/wp\/v2\/posts"}],"about":[{"href":"https:\/\/www.organisator.ch\/fr\/wp-json\/wp\/v2\/types\/post"}],"author":[{"embeddable":true,"href":"https:\/\/www.organisator.ch\/fr\/wp-json\/wp\/v2\/users\/8"}],"replies":[{"embeddable":true,"href":"https:\/\/www.organisator.ch\/fr\/wp-json\/wp\/v2\/comments?post=40245"}],"version-history":[{"count":4,"href":"https:\/\/www.organisator.ch\/fr\/wp-json\/wp\/v2\/posts\/40245\/revisions"}],"predecessor-version":[{"id":40256,"href":"https:\/\/www.organisator.ch\/fr\/wp-json\/wp\/v2\/posts\/40245\/revisions\/40256"}],"wp:attachment":[{"href":"https:\/\/www.organisator.ch\/fr\/wp-json\/wp\/v2\/media?parent=40245"}],"wp:term":[{"taxonomy":"category","embeddable":true,"href":"https:\/\/www.organisator.ch\/fr\/wp-json\/wp\/v2\/categories?post=40245"},{"taxonomy":"post_tag","embeddable":true,"href":"https:\/\/www.organisator.ch\/fr\/wp-json\/wp\/v2\/tags?post=40245"}],"curies":[{"name":"wp","href":"https:\/\/api.w.org\/{rel}","templated":true}]}}