{"id":40259,"date":"2025-09-02T05:35:49","date_gmt":"2025-09-02T03:35:49","guid":{"rendered":"https:\/\/www.m-q.ch\/?p=21865"},"modified":"2025-09-01T15:02:03","modified_gmt":"2025-09-01T13:02:03","slug":"zwischen-faszination-und-skepsis-wie-die-schweiz-auf-ki-blickt","status":"publish","type":"post","link":"https:\/\/www.organisator.ch\/fr\/operational-excellence\/2025-09-02\/zwischen-faszination-und-skepsis-wie-die-schweiz-auf-ki-blickt\/","title":{"rendered":"Entre fascination et scepticisme : le regard de la Suisse sur l'IA"},"content":{"rendered":"<figure id=\"attachment_21866\" class=\"wp-caption alignnone\" style=\"width: 680px;\" aria-describedby=\"caption-attachment-21866\"><img class=\"size-full wp-image-21866\" src=\"https:\/\/www.m-q.ch\/wp-content\/uploads\/2025\/09\/Zwischen-Faszination-und-Skepsis-Wie-die-Schweiz-auf-KI-blickt_MQ.png\" sizes=\"(max-width: 680px) 100vw, 680px\" srcset=\"https:\/\/www.m-q.ch\/wp-content\/uploads\/2025\/09\/Zwischen-Faszination-und-Skepsis-Wie-die-Schweiz-auf-KI-blickt_MQ.png 680w, https:\/\/www.m-q.ch\/wp-content\/uploads\/2025\/09\/Zwischen-Faszination-und-Skepsis-Wie-die-Schweiz-auf-KI-blickt_MQ-18x12.png 18w, https:\/\/www.m-q.ch\/wp-content\/uploads\/2025\/09\/Zwischen-Faszination-und-Skepsis-Wie-die-Schweiz-auf-KI-blickt_MQ-375x250.png 375w, https:\/\/www.m-q.ch\/wp-content\/uploads\/2025\/09\/Zwischen-Faszination-und-Skepsis-Wie-die-Schweiz-auf-KI-blickt_MQ-525x350.png 525w\" alt=\"\" width=\"680\" height=\"453\" \/>\r\n<figcaption id=\"caption-attachment-21866\" class=\"wp-caption-text\">En ce qui concerne l'IA, les Suisses sont plus nerveux qu'enthousiastes et demandent plus de transparence. (Image : g\u00e9n\u00e9r\u00e9 par l'IA \/ ChatGPT)<\/figcaption>\r\n<\/figure>\r\n<p>La Suisse fait preuve de retenue face au d\u00e9veloppement rapide de l'intelligence artificielle (IA). Selon le dernier \"AI Monitor\" d'Ipsos, une petite majorit\u00e9 de la population ressent plus de nervosit\u00e9 que d'enthousiasme face aux nouveaux produits et services d'IA. La Suisse se trouve ainsi en phase avec des pays anglophones comme les \u00c9tats-Unis ou la Grande-Bretagne, tandis que l'euphorie pr\u00e9domine en Asie du Sud-Est.<\/p>\r\n<h3>Exigence de transparence<\/h3>\r\n<p>Le th\u00e8me de la confiance est particuli\u00e8rement d\u00e9licat pour beaucoup. Seuls 41 % des Suisses pensent que les entreprises prot\u00e8gent efficacement leurs donn\u00e9es lorsqu'elles utilisent l'IA. La moiti\u00e9 des personnes interrog\u00e9es se montre sceptique. En revanche, la confiance dans la r\u00e9glementation \u00e9tatique est nettement plus grande : 55 pour cent font confiance aux autorit\u00e9s pour g\u00e9rer la technologie de mani\u00e8re responsable.<\/p>\r\n<p>Un point qui unit la population est l'exigence de transparence. Pas moins de 77 % attendent des entreprises qu'elles d\u00e9clarent clairement l'utilisation de l'IA. La Suisse rejoint ainsi l'appel mondial \u00e0 l'ouverture - de la France au Canada, un consensus remarquable r\u00e8gne \u00e0 ce sujet.<\/p>\r\n<h3>L'IA change le quotidien<\/h3>\r\n<p>Les effets de l'IA sont d\u00e9j\u00e0 perceptibles pour beaucoup. 43 % d\u00e9clarent que leur quotidien est d\u00e9j\u00e0 modifi\u00e9 par l'IA, et la tendance est \u00e0 la hausse. Dans les trois \u00e0 cinq prochaines ann\u00e9es, 61 % s'attendent \u00e0 des changements plus profonds - un chiffre inf\u00e9rieur \u00e0 la moyenne mondiale, mais nettement sup\u00e9rieur \u00e0 celui de l'ann\u00e9e pr\u00e9c\u00e9dente.<\/p>\r\n<p>La population \u00e9value \u00e9galement les champs d'application concrets de mani\u00e8re diff\u00e9renci\u00e9e. Alors que 76 pour cent partent du principe que l'IA influencera \u00e0 l'avenir les r\u00e9sultats de recherche en ligne, beaucoup voient des avantages dans l'augmentation de l'efficacit\u00e9 ou dans le divertissement. Mais en ce qui concerne le march\u00e9 du travail, les inqui\u00e9tudes pr\u00e9dominent : 41 % craignent des cons\u00e9quences n\u00e9gatives pour les emplois dans le pays, m\u00eame si un tiers s'attend personnellement \u00e0 de meilleures conditions de travail.<\/p>\r\n<h3>Le pragmatisme est de mise<\/h3>\r\n<p>\"Les r\u00e9sultats refl\u00e8tent l'attitude pragmatique de la Suisse\", d\u00e9clare Jean-Pierre Berst, Chief Client Officer chez Ipsos. La confiance et la transparence seront d\u00e9cisives si les entreprises veulent r\u00e9ussir l'introduction de l'IA, poursuit Berst.<\/p>\r\n<p>Le message est clair : dans un pays o\u00f9 la qualit\u00e9 et la confiance sont des valeurs centrales, l'intelligence artificielle n'est pas c\u00e9l\u00e9br\u00e9e comme une promesse de salut - mais comme un d\u00e9fi qui doit \u00eatre relev\u00e9 avec prudence et ouverture d'esprit.<\/p>\r\n<p><em>Source : <a href=\"http:\/\/www.ipsos.com\/en-ch\/\">Ipsos<\/a><\/em><\/p>\n<p class=\"syndicated-attribution\">Cet article est paru initialement sur m-q.ch - <a href=\"https:\/\/www.m-q.ch\/de\/zwischen-faszination-und-skepsis-wie-die-schweiz-auf-ki-blickt\/\" target=\"_blank\">https:\/\/www.m-q.ch\/de\/zwischen-faszination-und-skepsis-wie-die-schweiz-auf-ki-blickt\/<\/a><\/p>","protected":false},"excerpt":{"rendered":"<p>Un nouveau sondage Ipsos le montre : Les Suisses r\u00e9agissent \u00e0 l'intelligence artificielle avec des sentiments mitig\u00e9s, entre curiosit\u00e9 et nervosit\u00e9. Ils attachent une importance particuli\u00e8re \u00e0 la transparence dans l'utilisation de cette technologie.<\/p>","protected":false},"author":8,"featured_media":0,"comment_status":"closed","ping_status":"closed","sticky":false,"template":"","format":"standard","meta":{"_acf_changed":false,"_yoast_wpseo_focuskw":"Skepsis","_yoast_wpseo_metadesc":"Die Schweizerinnen und Schweizer reagieren auf K\u00fcnstliche Intelligenz mit gemischten Gef\u00fchlen \u2013 zwischen Neugier, Nervosit\u00e4t und Skepsis.","articlekey":"","footnotes":""},"categories":[582],"tags":[586,319,424,459],"class_list":["post-40259","post","type-post","status-publish","format-standard","hentry","category-operational-excellence","tag-allgemein","tag-kuenstliche-intelligenz","tag-schweiz","tag-studie"],"acf":[],"yoast_head":"<!-- This site is optimized with the Yoast SEO plugin v27.5 - https:\/\/yoast.com\/product\/yoast-seo-wordpress\/ -->\n<title>Zwischen Faszination und Skepsis: Wie die Schweiz auf KI blickt - Organisator<\/title>\n<meta name=\"description\" content=\"Die Schweizerinnen und Schweizer reagieren auf K\u00fcnstliche Intelligenz mit gemischten Gef\u00fchlen \u2013 zwischen Neugier, Nervosit\u00e4t und Skepsis.\" \/>\n<meta name=\"robots\" content=\"index, follow, max-snippet:-1, max-image-preview:large, max-video-preview:-1\" \/>\n<link rel=\"canonical\" href=\"https:\/\/www.organisator.ch\/fr\/excellence-operationnelle\/2025-09-02\/zwischen-faszination-und-skepsis-wie-die-schweiz-auf-ki-blickt\/\" \/>\n<meta property=\"og:locale\" content=\"fr_FR\" \/>\n<meta property=\"og:type\" content=\"article\" \/>\n<meta property=\"og:title\" content=\"Zwischen Faszination und Skepsis: Wie die Schweiz auf KI blickt - Organisator\" \/>\n<meta property=\"og:description\" content=\"Die Schweizerinnen und Schweizer reagieren auf K\u00fcnstliche Intelligenz mit gemischten Gef\u00fchlen \u2013 zwischen Neugier, Nervosit\u00e4t und Skepsis.\" \/>\n<meta property=\"og:url\" content=\"https:\/\/www.organisator.ch\/fr\/excellence-operationnelle\/2025-09-02\/zwischen-faszination-und-skepsis-wie-die-schweiz-auf-ki-blickt\/\" \/>\n<meta property=\"og:site_name\" content=\"Organisator\" \/>\n<meta property=\"article:publisher\" content=\"https:\/\/www.facebook.com\/OrganisatorFachmagazin\" \/>\n<meta property=\"article:published_time\" content=\"2025-09-02T03:35:49+00:00\" \/>\n<meta name=\"author\" content=\"galledia\" \/>\n<meta name=\"twitter:card\" content=\"summary_large_image\" \/>\n<meta name=\"twitter:creator\" content=\"@admin\" \/>\n<script type=\"application\/ld+json\" class=\"yoast-schema-graph\">{\"@context\":\"https:\\\/\\\/schema.org\",\"@graph\":[{\"@type\":\"Article\",\"@id\":\"https:\\\/\\\/www.organisator.ch\\\/operational-excellence\\\/2025-09-02\\\/zwischen-faszination-und-skepsis-wie-die-schweiz-auf-ki-blickt\\\/#article\",\"isPartOf\":{\"@id\":\"https:\\\/\\\/www.organisator.ch\\\/operational-excellence\\\/2025-09-02\\\/zwischen-faszination-und-skepsis-wie-die-schweiz-auf-ki-blickt\\\/\"},\"author\":{\"name\":\"galledia\",\"@id\":\"https:\\\/\\\/www.organisator.ch\\\/#\\\/schema\\\/person\\\/4e51799071cd2dd1232ac003643ef5f0\"},\"headline\":\"Zwischen Faszination und Skepsis: Wie die Schweiz auf KI blickt\",\"datePublished\":\"2025-09-02T03:35:49+00:00\",\"mainEntityOfPage\":{\"@id\":\"https:\\\/\\\/www.organisator.ch\\\/operational-excellence\\\/2025-09-02\\\/zwischen-faszination-und-skepsis-wie-die-schweiz-auf-ki-blickt\\\/\"},\"wordCount\":376,\"publisher\":{\"@id\":\"https:\\\/\\\/www.organisator.ch\\\/#organization\"},\"image\":{\"@id\":\"https:\\\/\\\/www.organisator.ch\\\/operational-excellence\\\/2025-09-02\\\/zwischen-faszination-und-skepsis-wie-die-schweiz-auf-ki-blickt\\\/#primaryimage\"},\"thumbnailUrl\":\"https:\\\/\\\/www.m-q.ch\\\/wp-content\\\/uploads\\\/2025\\\/09\\\/Zwischen-Faszination-und-Skepsis-Wie-die-Schweiz-auf-KI-blickt_MQ.png\",\"keywords\":[\"Allgemein\",\"K\u00fcnstliche Intelligenz\",\"Schweiz\",\"Studie\"],\"articleSection\":[\"OPERATIONAL EXCELLENCE\"],\"inLanguage\":\"fr-FR\"},{\"@type\":\"WebPage\",\"@id\":\"https:\\\/\\\/www.organisator.ch\\\/operational-excellence\\\/2025-09-02\\\/zwischen-faszination-und-skepsis-wie-die-schweiz-auf-ki-blickt\\\/\",\"url\":\"https:\\\/\\\/www.organisator.ch\\\/operational-excellence\\\/2025-09-02\\\/zwischen-faszination-und-skepsis-wie-die-schweiz-auf-ki-blickt\\\/\",\"name\":\"Zwischen Faszination und Skepsis: Wie die Schweiz auf KI blickt - Organisator\",\"isPartOf\":{\"@id\":\"https:\\\/\\\/www.organisator.ch\\\/#website\"},\"primaryImageOfPage\":{\"@id\":\"https:\\\/\\\/www.organisator.ch\\\/operational-excellence\\\/2025-09-02\\\/zwischen-faszination-und-skepsis-wie-die-schweiz-auf-ki-blickt\\\/#primaryimage\"},\"image\":{\"@id\":\"https:\\\/\\\/www.organisator.ch\\\/operational-excellence\\\/2025-09-02\\\/zwischen-faszination-und-skepsis-wie-die-schweiz-auf-ki-blickt\\\/#primaryimage\"},\"thumbnailUrl\":\"https:\\\/\\\/www.m-q.ch\\\/wp-content\\\/uploads\\\/2025\\\/09\\\/Zwischen-Faszination-und-Skepsis-Wie-die-Schweiz-auf-KI-blickt_MQ.png\",\"datePublished\":\"2025-09-02T03:35:49+00:00\",\"description\":\"Die Schweizerinnen und Schweizer reagieren auf K\u00fcnstliche Intelligenz mit gemischten Gef\u00fchlen \u2013 zwischen Neugier, Nervosit\u00e4t und Skepsis.\",\"breadcrumb\":{\"@id\":\"https:\\\/\\\/www.organisator.ch\\\/operational-excellence\\\/2025-09-02\\\/zwischen-faszination-und-skepsis-wie-die-schweiz-auf-ki-blickt\\\/#breadcrumb\"},\"inLanguage\":\"fr-FR\",\"potentialAction\":[{\"@type\":\"ReadAction\",\"target\":[\"https:\\\/\\\/www.organisator.ch\\\/operational-excellence\\\/2025-09-02\\\/zwischen-faszination-und-skepsis-wie-die-schweiz-auf-ki-blickt\\\/\"]}]},{\"@type\":\"ImageObject\",\"inLanguage\":\"fr-FR\",\"@id\":\"https:\\\/\\\/www.organisator.ch\\\/operational-excellence\\\/2025-09-02\\\/zwischen-faszination-und-skepsis-wie-die-schweiz-auf-ki-blickt\\\/#primaryimage\",\"url\":\"https:\\\/\\\/www.m-q.ch\\\/wp-content\\\/uploads\\\/2025\\\/09\\\/Zwischen-Faszination-und-Skepsis-Wie-die-Schweiz-auf-KI-blickt_MQ.png\",\"contentUrl\":\"https:\\\/\\\/www.m-q.ch\\\/wp-content\\\/uploads\\\/2025\\\/09\\\/Zwischen-Faszination-und-Skepsis-Wie-die-Schweiz-auf-KI-blickt_MQ.png\"},{\"@type\":\"BreadcrumbList\",\"@id\":\"https:\\\/\\\/www.organisator.ch\\\/operational-excellence\\\/2025-09-02\\\/zwischen-faszination-und-skepsis-wie-die-schweiz-auf-ki-blickt\\\/#breadcrumb\",\"itemListElement\":[{\"@type\":\"ListItem\",\"position\":1,\"name\":\"Home\",\"item\":\"https:\\\/\\\/www.organisator.ch\\\/\"},{\"@type\":\"ListItem\",\"position\":2,\"name\":\"Zwischen Faszination und Skepsis: Wie die Schweiz auf KI blickt\"}]},{\"@type\":\"WebSite\",\"@id\":\"https:\\\/\\\/www.organisator.ch\\\/#website\",\"url\":\"https:\\\/\\\/www.organisator.ch\\\/\",\"name\":\"Organisator\",\"description\":\"Kompetent. Praxisnah. Der ORGANISATOR bereitet in 10 Ausgaben pro Jahr die wesentlichen Themen f\u00fcr F\u00fchrungskr\u00e4fte von KMU auf.\",\"publisher\":{\"@id\":\"https:\\\/\\\/www.organisator.ch\\\/#organization\"},\"potentialAction\":[{\"@type\":\"SearchAction\",\"target\":{\"@type\":\"EntryPoint\",\"urlTemplate\":\"https:\\\/\\\/www.organisator.ch\\\/?s={search_term_string}\"},\"query-input\":{\"@type\":\"PropertyValueSpecification\",\"valueRequired\":true,\"valueName\":\"search_term_string\"}}],\"inLanguage\":\"fr-FR\"},{\"@type\":\"Organization\",\"@id\":\"https:\\\/\\\/www.organisator.ch\\\/#organization\",\"name\":\"Organisator\",\"url\":\"https:\\\/\\\/www.organisator.ch\\\/\",\"logo\":{\"@type\":\"ImageObject\",\"inLanguage\":\"fr-FR\",\"@id\":\"https:\\\/\\\/www.organisator.ch\\\/#\\\/schema\\\/logo\\\/image\\\/\",\"url\":\"https:\\\/\\\/www.organisator.ch\\\/wp-content\\\/uploads\\\/2022\\\/01\\\/Logo_Organisator_Website.png\",\"contentUrl\":\"https:\\\/\\\/www.organisator.ch\\\/wp-content\\\/uploads\\\/2022\\\/01\\\/Logo_Organisator_Website.png\",\"width\":800,\"height\":77,\"caption\":\"Organisator\"},\"image\":{\"@id\":\"https:\\\/\\\/www.organisator.ch\\\/#\\\/schema\\\/logo\\\/image\\\/\"},\"sameAs\":[\"https:\\\/\\\/www.facebook.com\\\/OrganisatorFachmagazin\",\"https:\\\/\\\/www.linkedin.com\\\/showcase\\\/organisator-das-magazin-fr-kmu\",\"https:\\\/\\\/www.xing.com\\\/news\\\/pages\\\/organisator-ch-695\",\"https:\\\/\\\/www.youtube.com\\\/channel\\\/UCGP2Sq0iWaZwT3BdIAQFYpw\"]},{\"@type\":\"Person\",\"@id\":\"https:\\\/\\\/www.organisator.ch\\\/#\\\/schema\\\/person\\\/4e51799071cd2dd1232ac003643ef5f0\",\"name\":\"galledia\",\"image\":{\"@type\":\"ImageObject\",\"inLanguage\":\"fr-FR\",\"@id\":\"https:\\\/\\\/secure.gravatar.com\\\/avatar\\\/78a7f90c01fc2bfc875782a0d4922b37cde2cf184ce347b91316d23cd7f69a36?s=96&d=mm&r=g\",\"url\":\"https:\\\/\\\/secure.gravatar.com\\\/avatar\\\/78a7f90c01fc2bfc875782a0d4922b37cde2cf184ce347b91316d23cd7f69a36?s=96&d=mm&r=g\",\"contentUrl\":\"https:\\\/\\\/secure.gravatar.com\\\/avatar\\\/78a7f90c01fc2bfc875782a0d4922b37cde2cf184ce347b91316d23cd7f69a36?s=96&d=mm&r=g\",\"caption\":\"galledia\"},\"sameAs\":[\"https:\\\/\\\/x.com\\\/admin\"],\"url\":\"https:\\\/\\\/www.organisator.ch\\\/fr\\\/author\\\/galledia\\\/\"}]}<\/script>\n<!-- \/ Yoast SEO plugin. -->","yoast_head_json":{"title":"Entre fascination et scepticisme : le regard de la Suisse sur l'IA - Organisateur","description":"Les Suisses r\u00e9agissent \u00e0 l'intelligence artificielle avec des sentiments mitig\u00e9s, entre curiosit\u00e9, nervosit\u00e9 et scepticisme.","robots":{"index":"index","follow":"follow","max-snippet":"max-snippet:-1","max-image-preview":"max-image-preview:large","max-video-preview":"max-video-preview:-1"},"canonical":"https:\/\/www.organisator.ch\/fr\/excellence-operationnelle\/2025-09-02\/zwischen-faszination-und-skepsis-wie-die-schweiz-auf-ki-blickt\/","og_locale":"fr_FR","og_type":"article","og_title":"Zwischen Faszination und Skepsis: Wie die Schweiz auf KI blickt - Organisator","og_description":"Die Schweizerinnen und Schweizer reagieren auf K\u00fcnstliche Intelligenz mit gemischten Gef\u00fchlen \u2013 zwischen Neugier, Nervosit\u00e4t und Skepsis.","og_url":"https:\/\/www.organisator.ch\/fr\/excellence-operationnelle\/2025-09-02\/zwischen-faszination-und-skepsis-wie-die-schweiz-auf-ki-blickt\/","og_site_name":"Organisator","article_publisher":"https:\/\/www.facebook.com\/OrganisatorFachmagazin","article_published_time":"2025-09-02T03:35:49+00:00","author":"galledia","twitter_card":"summary_large_image","twitter_creator":"@admin","schema":{"@context":"https:\/\/schema.org","@graph":[{"@type":"Article","@id":"https:\/\/www.organisator.ch\/operational-excellence\/2025-09-02\/zwischen-faszination-und-skepsis-wie-die-schweiz-auf-ki-blickt\/#article","isPartOf":{"@id":"https:\/\/www.organisator.ch\/operational-excellence\/2025-09-02\/zwischen-faszination-und-skepsis-wie-die-schweiz-auf-ki-blickt\/"},"author":{"name":"galledia","@id":"https:\/\/www.organisator.ch\/#\/schema\/person\/4e51799071cd2dd1232ac003643ef5f0"},"headline":"Zwischen Faszination und Skepsis: Wie die Schweiz auf KI blickt","datePublished":"2025-09-02T03:35:49+00:00","mainEntityOfPage":{"@id":"https:\/\/www.organisator.ch\/operational-excellence\/2025-09-02\/zwischen-faszination-und-skepsis-wie-die-schweiz-auf-ki-blickt\/"},"wordCount":376,"publisher":{"@id":"https:\/\/www.organisator.ch\/#organization"},"image":{"@id":"https:\/\/www.organisator.ch\/operational-excellence\/2025-09-02\/zwischen-faszination-und-skepsis-wie-die-schweiz-auf-ki-blickt\/#primaryimage"},"thumbnailUrl":"https:\/\/www.m-q.ch\/wp-content\/uploads\/2025\/09\/Zwischen-Faszination-und-Skepsis-Wie-die-Schweiz-auf-KI-blickt_MQ.png","keywords":["Allgemein","K\u00fcnstliche Intelligenz","Schweiz","Studie"],"articleSection":["OPERATIONAL EXCELLENCE"],"inLanguage":"fr-FR"},{"@type":"WebPage","@id":"https:\/\/www.organisator.ch\/operational-excellence\/2025-09-02\/zwischen-faszination-und-skepsis-wie-die-schweiz-auf-ki-blickt\/","url":"https:\/\/www.organisator.ch\/operational-excellence\/2025-09-02\/zwischen-faszination-und-skepsis-wie-die-schweiz-auf-ki-blickt\/","name":"Entre fascination et scepticisme : le regard de la Suisse sur l'IA - Organisateur","isPartOf":{"@id":"https:\/\/www.organisator.ch\/#website"},"primaryImageOfPage":{"@id":"https:\/\/www.organisator.ch\/operational-excellence\/2025-09-02\/zwischen-faszination-und-skepsis-wie-die-schweiz-auf-ki-blickt\/#primaryimage"},"image":{"@id":"https:\/\/www.organisator.ch\/operational-excellence\/2025-09-02\/zwischen-faszination-und-skepsis-wie-die-schweiz-auf-ki-blickt\/#primaryimage"},"thumbnailUrl":"https:\/\/www.m-q.ch\/wp-content\/uploads\/2025\/09\/Zwischen-Faszination-und-Skepsis-Wie-die-Schweiz-auf-KI-blickt_MQ.png","datePublished":"2025-09-02T03:35:49+00:00","description":"Les Suisses r\u00e9agissent \u00e0 l'intelligence artificielle avec des sentiments mitig\u00e9s, entre curiosit\u00e9, nervosit\u00e9 et scepticisme.","breadcrumb":{"@id":"https:\/\/www.organisator.ch\/operational-excellence\/2025-09-02\/zwischen-faszination-und-skepsis-wie-die-schweiz-auf-ki-blickt\/#breadcrumb"},"inLanguage":"fr-FR","potentialAction":[{"@type":"ReadAction","target":["https:\/\/www.organisator.ch\/operational-excellence\/2025-09-02\/zwischen-faszination-und-skepsis-wie-die-schweiz-auf-ki-blickt\/"]}]},{"@type":"ImageObject","inLanguage":"fr-FR","@id":"https:\/\/www.organisator.ch\/operational-excellence\/2025-09-02\/zwischen-faszination-und-skepsis-wie-die-schweiz-auf-ki-blickt\/#primaryimage","url":"https:\/\/www.m-q.ch\/wp-content\/uploads\/2025\/09\/Zwischen-Faszination-und-Skepsis-Wie-die-Schweiz-auf-KI-blickt_MQ.png","contentUrl":"https:\/\/www.m-q.ch\/wp-content\/uploads\/2025\/09\/Zwischen-Faszination-und-Skepsis-Wie-die-Schweiz-auf-KI-blickt_MQ.png"},{"@type":"BreadcrumbList","@id":"https:\/\/www.organisator.ch\/operational-excellence\/2025-09-02\/zwischen-faszination-und-skepsis-wie-die-schweiz-auf-ki-blickt\/#breadcrumb","itemListElement":[{"@type":"ListItem","position":1,"name":"Home","item":"https:\/\/www.organisator.ch\/"},{"@type":"ListItem","position":2,"name":"Zwischen Faszination und Skepsis: Wie die Schweiz auf KI blickt"}]},{"@type":"WebSite","@id":"https:\/\/www.organisator.ch\/#website","url":"https:\/\/www.organisator.ch\/","name":"Organisateur","description":"Comp\u00e9tence et comp\u00e9tence. Proches de la pratique. L'ORGANISATEUR pr\u00e9pare 10 num\u00e9ros par an sur les th\u00e8mes essentiels pour les dirigeants de PME.","publisher":{"@id":"https:\/\/www.organisator.ch\/#organization"},"potentialAction":[{"@type":"SearchAction","target":{"@type":"EntryPoint","urlTemplate":"https:\/\/www.organisator.ch\/?s={search_term_string}"},"query-input":{"@type":"PropertyValueSpecification","valueRequired":true,"valueName":"search_term_string"}}],"inLanguage":"fr-FR"},{"@type":"Organization","@id":"https:\/\/www.organisator.ch\/#organization","name":"Organisateur","url":"https:\/\/www.organisator.ch\/","logo":{"@type":"ImageObject","inLanguage":"fr-FR","@id":"https:\/\/www.organisator.ch\/#\/schema\/logo\/image\/","url":"https:\/\/www.organisator.ch\/wp-content\/uploads\/2022\/01\/Logo_Organisator_Website.png","contentUrl":"https:\/\/www.organisator.ch\/wp-content\/uploads\/2022\/01\/Logo_Organisator_Website.png","width":800,"height":77,"caption":"Organisator"},"image":{"@id":"https:\/\/www.organisator.ch\/#\/schema\/logo\/image\/"},"sameAs":["https:\/\/www.facebook.com\/OrganisatorFachmagazin","https:\/\/www.linkedin.com\/showcase\/organisator-das-magazin-fr-kmu","https:\/\/www.xing.com\/news\/pages\/organisator-ch-695","https:\/\/www.youtube.com\/channel\/UCGP2Sq0iWaZwT3BdIAQFYpw"]},{"@type":"Person","@id":"https:\/\/www.organisator.ch\/#\/schema\/person\/4e51799071cd2dd1232ac003643ef5f0","name":"galledia","image":{"@type":"ImageObject","inLanguage":"fr-FR","@id":"https:\/\/secure.gravatar.com\/avatar\/78a7f90c01fc2bfc875782a0d4922b37cde2cf184ce347b91316d23cd7f69a36?s=96&d=mm&r=g","url":"https:\/\/secure.gravatar.com\/avatar\/78a7f90c01fc2bfc875782a0d4922b37cde2cf184ce347b91316d23cd7f69a36?s=96&d=mm&r=g","contentUrl":"https:\/\/secure.gravatar.com\/avatar\/78a7f90c01fc2bfc875782a0d4922b37cde2cf184ce347b91316d23cd7f69a36?s=96&d=mm&r=g","caption":"galledia"},"sameAs":["https:\/\/x.com\/admin"],"url":"https:\/\/www.organisator.ch\/fr\/author\/galledia\/"}]}},"_links":{"self":[{"href":"https:\/\/www.organisator.ch\/fr\/wp-json\/wp\/v2\/posts\/40259","targetHints":{"allow":["GET"]}}],"collection":[{"href":"https:\/\/www.organisator.ch\/fr\/wp-json\/wp\/v2\/posts"}],"about":[{"href":"https:\/\/www.organisator.ch\/fr\/wp-json\/wp\/v2\/types\/post"}],"author":[{"embeddable":true,"href":"https:\/\/www.organisator.ch\/fr\/wp-json\/wp\/v2\/users\/8"}],"replies":[{"embeddable":true,"href":"https:\/\/www.organisator.ch\/fr\/wp-json\/wp\/v2\/comments?post=40259"}],"version-history":[{"count":5,"href":"https:\/\/www.organisator.ch\/fr\/wp-json\/wp\/v2\/posts\/40259\/revisions"}],"predecessor-version":[{"id":40286,"href":"https:\/\/www.organisator.ch\/fr\/wp-json\/wp\/v2\/posts\/40259\/revisions\/40286"}],"wp:attachment":[{"href":"https:\/\/www.organisator.ch\/fr\/wp-json\/wp\/v2\/media?parent=40259"}],"wp:term":[{"taxonomy":"category","embeddable":true,"href":"https:\/\/www.organisator.ch\/fr\/wp-json\/wp\/v2\/categories?post=40259"},{"taxonomy":"post_tag","embeddable":true,"href":"https:\/\/www.organisator.ch\/fr\/wp-json\/wp\/v2\/tags?post=40259"}],"curies":[{"name":"wp","href":"https:\/\/api.w.org\/{rel}","templated":true}]}}