{"id":4033,"date":"2021-04-03T07:29:09","date_gmt":"2021-04-03T05:29:09","guid":{"rendered":"https:\/\/www.umweltperspektiven.ch\/?p=4033"},"modified":"2022-02-09T11:09:54","modified_gmt":"2022-02-09T10:09:54","slug":"stadtrat-will-oeko-kompass-fuer-kmu-weiterfuehren","status":"publish","type":"post","link":"https:\/\/www.organisator.ch\/fr\/sustainability\/2021-04-03\/stadtrat-will-oeko-kompass-fuer-kmu-weiterfuehren\/","title":{"rendered":"Le conseil municipal veut poursuivre l'\u00e9co-compas pour les PME"},"content":{"rendered":"<figure id=\"attachment_4034\" aria-describedby=\"caption-attachment-4034\" style=\"width: 680px\" class=\"wp-caption aligncenter\"><img loading=\"lazy\" decoding=\"async\" class=\"size-medium wp-image-4034\" src=\"\/\/www.umweltperspektiven.ch\/wp-content\/uploads\/2021\/04\/Depositphotos_68463385_s-2019.jpg\" alt=\"\" width=\"680\" height=\"454\" srcset=\"https:\/\/www.organisator.ch\/wp-content\/uploads\/2021\/04\/Depositphotos_68463385_s-2019.jpg 1000w, https:\/\/www.organisator.ch\/wp-content\/uploads\/2021\/04\/Depositphotos_68463385_s-2019-680x454.jpg 680w, https:\/\/www.organisator.ch\/wp-content\/uploads\/2021\/04\/Depositphotos_68463385_s-2019-768x512.jpg 768w, https:\/\/www.organisator.ch\/wp-content\/uploads\/2021\/04\/Depositphotos_68463385_s-2019-18x12.jpg 18w, https:\/\/www.organisator.ch\/wp-content\/uploads\/2021\/04\/Depositphotos_68463385_s-2019-262x175.jpg 262w, https:\/\/www.organisator.ch\/wp-content\/uploads\/2021\/04\/Depositphotos_68463385_s-2019-525x350.jpg 525w, https:\/\/www.organisator.ch\/wp-content\/uploads\/2021\/04\/Depositphotos_68463385_s-2019-920x614.jpg 920w, https:\/\/www.organisator.ch\/wp-content\/uploads\/2021\/04\/Depositphotos_68463385_s-2019-300x200.jpg 300w\" sizes=\"auto, (max-width: 680px) 100vw, 680px\" \/><figcaption id=\"caption-attachment-4034\" class=\"wp-caption-text\">L'\u00e9co-compas montre aux PME les potentiels, transmet les offres environnementales et donne une vue d'ensemble dans la jungle des mesures et des subventions. \u00a9 Depositphotos, Kzenon<\/figcaption><\/figure>\n<p>&nbsp;<\/p>\n<p>Les PME disposent rarement d'une gestion environnementale sp\u00e9cifique. Des services de conseil complets pour les petites entreprises font d\u00e9faut. La ville de Zurich conclut avec le <a href=\"\/\/www.stadt-zuerich.ch\/gud\/de\/index\/beratungen_bewilligungen\/betriebe\/oeko-kompass.html\">Boussole \u00e9cologique<\/a> une lacune dans l'offre. L'\u00e9co-boussole montre aux PME les potentiels, transmet les offres environnementales et cr\u00e9e pour les PME une vue d'ensemble dans la jungle des mesures et des subventions. La ville a d\u00e9l\u00e9gu\u00e9 la direction op\u00e9rationnelle de l'\u00e9co-compas \u00e0 un bureau externe. Ce mod\u00e8le a fait ses preuves et doit \u00eatre poursuivi. Pour la poursuite de l'offre de l'\u00e9co-compas, de nouvelles d\u00e9penses annuelles r\u00e9currentes d'un montant de 350'000 francs sont propos\u00e9es au conseil municipal \u00e0 partir de 2022.<\/p>\n<p><strong>\u00c9conomies directes allant jusqu'\u00e0 7 tonnes de CO2 par PME et par an <\/strong><\/p>\n<p>L'\u00e9valuation de l'efficacit\u00e9 de l'\u00e9co-compas a montr\u00e9 que les mesures convenues ont un effet positif sur le climat, la qualit\u00e9 de l'air et de l'eau et la consommation des ressources. L'all\u00e8gement annuel directement mesurable de l'environnement est de l'ordre de 400 \u00e0 5000 MWh d'\u00e9nergie (\u00e9lectricit\u00e9, chaleur\/froid) \u00e9conomis\u00e9e, 100'000 \u00e0 500'000 personnes-kilom\u00e8tres et 15 \u00e0 50 tonnes de mat\u00e9riel. Cela correspond \u00e0 une \u00e9conomie par an et par PME de 2 \u00e0 7 tonnes d'\u00e9missions de CO2. C'est la moiti\u00e9 de l'empreinte environnementale d'un citoyen suisse par an.<\/p>\n<p><strong>Un grand potentiel pour les conseils aux PME <\/strong><\/p>\n<p>L'\u00e9co-compas a \u00e9t\u00e9 cr\u00e9\u00e9 en 2009 dans le cadre de l'axe prioritaire de la l\u00e9gislature de l'\u00e9poque \"Zurich durable - sur la voie de la soci\u00e9t\u00e9 \u00e0 2000 watts\". En 2015, le programme a \u00e9t\u00e9 r\u00e9compens\u00e9 par le prix de l'innovation \"Excellence Publique\". Jusqu'en 2020, pr\u00e8s de 4000 entreprises ont \u00e9t\u00e9 contact\u00e9es personnellement et plus de 1200 conseils ont \u00e9t\u00e9 donn\u00e9s. Selon une \u00e9tude d'act Cleantech Agentur Schweiz AG, il reste un potentiel de plus de 18 000 PME \u00e0 exploiter.<\/p>\n<p>\"Pour atteindre les objectifs de protection du climat, tout le monde est n\u00e9cessaire. C'est pourquoi la ville de Zurich veut continuer \u00e0 soutenir le commerce local avec des offres de conseil adapt\u00e9es\", explique le conseiller municipal Andreas Hauri, chef du d\u00e9partement de la sant\u00e9 et de l'environnement.<\/p>\n<p><strong>Adaptation aux nouvelles conditions <\/strong><\/p>\n<p>Selon une analyse de satisfaction de l'EPF de Zurich, la prestation de conseil existante est majoritairement per\u00e7ue de mani\u00e8re tr\u00e8s positive par les PME. N\u00e9anmoins, l'offre de conseil doit \u00eatre d\u00e9velopp\u00e9e en se concentrant sur les objectifs de protection climatique \u00e0 atteindre et sur les connaissances politiques, scientifiques et sociales actuelles, et \u00eatre encore mieux adapt\u00e9e aux besoins des entreprises. \"Pour que nous puissions atteindre les objectifs climatiques ambitieux, nous avons besoin d'innovation et d'une mise en r\u00e9seau avec l'\u00e9conomie\", explique Ren\u00e9 Estermann, directeur de la protection de l'environnement et de la sant\u00e9 de Zurich. \"L'\u00e9co-compas favorise le transfert de connaissances n\u00e9cessaire \u00e0 cet effet avec les entreprises\".<\/p>\n<p><em>Source : Umwelt- und Gesundheitsschutzes Z\u00fcrich<\/em><\/p>","protected":false},"excerpt":{"rendered":"<p>&nbsp; KMU verf\u00fcgen selten \u00fcber ein spezifisches Umweltmanagement. Umfassende Beratungsdienstleistungen f\u00fcr Kleinbetriebe fehlen. Die Stadt Z\u00fcrich schliesst mit dem \u00d6ko-Kompass somit eine Angebotsl\u00fccke. Der \u00d6ko-Kompass zeigt den KMU Potenziale auf, vermittelt Umweltangebote und schafft f\u00fcr die KMU einen \u00dcberblick im Massnahmen- und F\u00f6rdergelder-Dschungel. Die Stadt hat die operative Leitung des \u00d6ko-Kompasses an eine externe Gesch\u00e4ftsstelle [&hellip;]<\/p>\n","protected":false},"author":6,"featured_media":4034,"comment_status":"closed","ping_status":"closed","sticky":false,"template":"","format":"standard","meta":{"_acf_changed":false,"_yoast_wpseo_focuskw":"\u00d6ko-Kompass","_yoast_wpseo_metadesc":"","articlekey":"","footnotes":""},"categories":[580],"tags":[1291,301,1863,2182,488],"class_list":["post-4033","post","type-post","status-publish","format-standard","has-post-thumbnail","hentry","category-sustainability","tag-gewerbe","tag-kmu","tag-oeko-kompass","tag-stadt-zuerich","tag-umweltmanagement"],"acf":[],"yoast_head":"<!-- This site is optimized with the Yoast SEO plugin v27.5 - https:\/\/yoast.com\/product\/yoast-seo-wordpress\/ -->\n<title>Stadtrat will \u00d6ko-Kompass f\u00fcr KMU weiterf\u00fchren - Organisator<\/title>\n<meta name=\"robots\" content=\"index, follow, max-snippet:-1, max-image-preview:large, max-video-preview:-1\" \/>\n<link rel=\"canonical\" href=\"https:\/\/www.organisator.ch\/fr\/sustainability\/2021-04-03\/stadtrat-will-oeko-kompass-fuer-kmu-weiterfuehren\/\" \/>\n<meta property=\"og:locale\" content=\"fr_FR\" \/>\n<meta property=\"og:type\" content=\"article\" \/>\n<meta property=\"og:title\" content=\"Stadtrat will \u00d6ko-Kompass f\u00fcr KMU weiterf\u00fchren - Organisator\" \/>\n<meta property=\"og:description\" content=\"&nbsp; KMU verf\u00fcgen selten \u00fcber ein spezifisches Umweltmanagement. Umfassende Beratungsdienstleistungen f\u00fcr Kleinbetriebe fehlen. Die Stadt Z\u00fcrich schliesst mit dem \u00d6ko-Kompass somit eine Angebotsl\u00fccke. Der \u00d6ko-Kompass zeigt den KMU Potenziale auf, vermittelt Umweltangebote und schafft f\u00fcr die KMU einen \u00dcberblick im Massnahmen- und F\u00f6rdergelder-Dschungel. Die Stadt hat die operative Leitung des \u00d6ko-Kompasses an eine externe Gesch\u00e4ftsstelle [&hellip;]\" \/>\n<meta property=\"og:url\" content=\"https:\/\/www.organisator.ch\/fr\/sustainability\/2021-04-03\/stadtrat-will-oeko-kompass-fuer-kmu-weiterfuehren\/\" \/>\n<meta property=\"og:site_name\" content=\"Organisator\" \/>\n<meta property=\"article:publisher\" content=\"https:\/\/www.facebook.com\/OrganisatorFachmagazin\" \/>\n<meta property=\"article:published_time\" content=\"2021-04-03T05:29:09+00:00\" \/>\n<meta property=\"article:modified_time\" content=\"2022-02-09T10:09:54+00:00\" \/>\n<meta property=\"og:image\" content=\"https:\/\/www.organisator.ch\/wp-content\/uploads\/2021\/04\/Depositphotos_68463385_s-2019.jpg\" \/>\n\t<meta property=\"og:image:width\" content=\"1000\" \/>\n\t<meta property=\"og:image:height\" content=\"667\" \/>\n\t<meta property=\"og:image:type\" content=\"image\/jpeg\" \/>\n<meta name=\"author\" content=\"roger.straessle\" \/>\n<meta name=\"twitter:card\" content=\"summary_large_image\" \/>\n<script type=\"application\/ld+json\" class=\"yoast-schema-graph\">{\"@context\":\"https:\\\/\\\/schema.org\",\"@graph\":[{\"@type\":\"Article\",\"@id\":\"https:\\\/\\\/www.organisator.ch\\\/sustainability\\\/2021-04-03\\\/stadtrat-will-oeko-kompass-fuer-kmu-weiterfuehren\\\/#article\",\"isPartOf\":{\"@id\":\"https:\\\/\\\/www.organisator.ch\\\/sustainability\\\/2021-04-03\\\/stadtrat-will-oeko-kompass-fuer-kmu-weiterfuehren\\\/\"},\"author\":{\"name\":\"roger.straessle\",\"@id\":\"https:\\\/\\\/www.organisator.ch\\\/#\\\/schema\\\/person\\\/a800b8c54e208b160517a7dcc323161d\"},\"headline\":\"Stadtrat will \u00d6ko-Kompass f\u00fcr KMU weiterf\u00fchren\",\"datePublished\":\"2021-04-03T05:29:09+00:00\",\"dateModified\":\"2022-02-09T10:09:54+00:00\",\"mainEntityOfPage\":{\"@id\":\"https:\\\/\\\/www.organisator.ch\\\/sustainability\\\/2021-04-03\\\/stadtrat-will-oeko-kompass-fuer-kmu-weiterfuehren\\\/\"},\"wordCount\":425,\"publisher\":{\"@id\":\"https:\\\/\\\/www.organisator.ch\\\/#organization\"},\"image\":{\"@id\":\"https:\\\/\\\/www.organisator.ch\\\/sustainability\\\/2021-04-03\\\/stadtrat-will-oeko-kompass-fuer-kmu-weiterfuehren\\\/#primaryimage\"},\"thumbnailUrl\":\"https:\\\/\\\/www.organisator.ch\\\/wp-content\\\/uploads\\\/2021\\\/04\\\/Depositphotos_68463385_s-2019.jpg\",\"keywords\":[\"Gewerbe\",\"KMU\",\"\u00d6ko-Kompass\",\"Stadt Z\u00fcrich\",\"Umweltmanagement\"],\"articleSection\":[\"SUSTAINABILITY\"],\"inLanguage\":\"fr-FR\"},{\"@type\":\"WebPage\",\"@id\":\"https:\\\/\\\/www.organisator.ch\\\/sustainability\\\/2021-04-03\\\/stadtrat-will-oeko-kompass-fuer-kmu-weiterfuehren\\\/\",\"url\":\"https:\\\/\\\/www.organisator.ch\\\/sustainability\\\/2021-04-03\\\/stadtrat-will-oeko-kompass-fuer-kmu-weiterfuehren\\\/\",\"name\":\"Stadtrat will \u00d6ko-Kompass f\u00fcr KMU weiterf\u00fchren - Organisator\",\"isPartOf\":{\"@id\":\"https:\\\/\\\/www.organisator.ch\\\/#website\"},\"primaryImageOfPage\":{\"@id\":\"https:\\\/\\\/www.organisator.ch\\\/sustainability\\\/2021-04-03\\\/stadtrat-will-oeko-kompass-fuer-kmu-weiterfuehren\\\/#primaryimage\"},\"image\":{\"@id\":\"https:\\\/\\\/www.organisator.ch\\\/sustainability\\\/2021-04-03\\\/stadtrat-will-oeko-kompass-fuer-kmu-weiterfuehren\\\/#primaryimage\"},\"thumbnailUrl\":\"https:\\\/\\\/www.organisator.ch\\\/wp-content\\\/uploads\\\/2021\\\/04\\\/Depositphotos_68463385_s-2019.jpg\",\"datePublished\":\"2021-04-03T05:29:09+00:00\",\"dateModified\":\"2022-02-09T10:09:54+00:00\",\"breadcrumb\":{\"@id\":\"https:\\\/\\\/www.organisator.ch\\\/sustainability\\\/2021-04-03\\\/stadtrat-will-oeko-kompass-fuer-kmu-weiterfuehren\\\/#breadcrumb\"},\"inLanguage\":\"fr-FR\",\"potentialAction\":[{\"@type\":\"ReadAction\",\"target\":[\"https:\\\/\\\/www.organisator.ch\\\/sustainability\\\/2021-04-03\\\/stadtrat-will-oeko-kompass-fuer-kmu-weiterfuehren\\\/\"]}]},{\"@type\":\"ImageObject\",\"inLanguage\":\"fr-FR\",\"@id\":\"https:\\\/\\\/www.organisator.ch\\\/sustainability\\\/2021-04-03\\\/stadtrat-will-oeko-kompass-fuer-kmu-weiterfuehren\\\/#primaryimage\",\"url\":\"https:\\\/\\\/www.organisator.ch\\\/wp-content\\\/uploads\\\/2021\\\/04\\\/Depositphotos_68463385_s-2019.jpg\",\"contentUrl\":\"https:\\\/\\\/www.organisator.ch\\\/wp-content\\\/uploads\\\/2021\\\/04\\\/Depositphotos_68463385_s-2019.jpg\",\"width\":1000,\"height\":667,\"caption\":\"Der \u00d6ko-Kompass zeigt den KMU Potenziale auf, vermittelt Umweltangebote und schafft einen \u00dcberblick im Massnahmen- und F\u00f6rdergelder-Dschungel. \u00a9 Depositphotos, Kzenon\"},{\"@type\":\"BreadcrumbList\",\"@id\":\"https:\\\/\\\/www.organisator.ch\\\/sustainability\\\/2021-04-03\\\/stadtrat-will-oeko-kompass-fuer-kmu-weiterfuehren\\\/#breadcrumb\",\"itemListElement\":[{\"@type\":\"ListItem\",\"position\":1,\"name\":\"Home\",\"item\":\"https:\\\/\\\/www.organisator.ch\\\/\"},{\"@type\":\"ListItem\",\"position\":2,\"name\":\"Stadtrat will \u00d6ko-Kompass f\u00fcr KMU weiterf\u00fchren\"}]},{\"@type\":\"WebSite\",\"@id\":\"https:\\\/\\\/www.organisator.ch\\\/#website\",\"url\":\"https:\\\/\\\/www.organisator.ch\\\/\",\"name\":\"Organisator\",\"description\":\"Kompetent. Praxisnah. Der ORGANISATOR bereitet in 10 Ausgaben pro Jahr die wesentlichen Themen f\u00fcr F\u00fchrungskr\u00e4fte von KMU auf.\",\"publisher\":{\"@id\":\"https:\\\/\\\/www.organisator.ch\\\/#organization\"},\"potentialAction\":[{\"@type\":\"SearchAction\",\"target\":{\"@type\":\"EntryPoint\",\"urlTemplate\":\"https:\\\/\\\/www.organisator.ch\\\/?s={search_term_string}\"},\"query-input\":{\"@type\":\"PropertyValueSpecification\",\"valueRequired\":true,\"valueName\":\"search_term_string\"}}],\"inLanguage\":\"fr-FR\"},{\"@type\":\"Organization\",\"@id\":\"https:\\\/\\\/www.organisator.ch\\\/#organization\",\"name\":\"Organisator\",\"url\":\"https:\\\/\\\/www.organisator.ch\\\/\",\"logo\":{\"@type\":\"ImageObject\",\"inLanguage\":\"fr-FR\",\"@id\":\"https:\\\/\\\/www.organisator.ch\\\/#\\\/schema\\\/logo\\\/image\\\/\",\"url\":\"https:\\\/\\\/www.organisator.ch\\\/wp-content\\\/uploads\\\/2022\\\/01\\\/Logo_Organisator_Website.png\",\"contentUrl\":\"https:\\\/\\\/www.organisator.ch\\\/wp-content\\\/uploads\\\/2022\\\/01\\\/Logo_Organisator_Website.png\",\"width\":800,\"height\":77,\"caption\":\"Organisator\"},\"image\":{\"@id\":\"https:\\\/\\\/www.organisator.ch\\\/#\\\/schema\\\/logo\\\/image\\\/\"},\"sameAs\":[\"https:\\\/\\\/www.facebook.com\\\/OrganisatorFachmagazin\",\"https:\\\/\\\/www.linkedin.com\\\/showcase\\\/organisator-das-magazin-fr-kmu\",\"https:\\\/\\\/www.xing.com\\\/news\\\/pages\\\/organisator-ch-695\",\"https:\\\/\\\/www.youtube.com\\\/channel\\\/UCGP2Sq0iWaZwT3BdIAQFYpw\"]},{\"@type\":\"Person\",\"@id\":\"https:\\\/\\\/www.organisator.ch\\\/#\\\/schema\\\/person\\\/a800b8c54e208b160517a7dcc323161d\",\"name\":\"roger.straessle\",\"image\":{\"@type\":\"ImageObject\",\"inLanguage\":\"fr-FR\",\"@id\":\"https:\\\/\\\/secure.gravatar.com\\\/avatar\\\/?s=96&d=mm&r=g\",\"url\":\"https:\\\/\\\/secure.gravatar.com\\\/avatar\\\/?s=96&d=mm&r=g\",\"contentUrl\":\"https:\\\/\\\/secure.gravatar.com\\\/avatar\\\/?s=96&d=mm&r=g\",\"caption\":\"roger.straessle\"},\"url\":\"https:\\\/\\\/www.organisator.ch\\\/fr\\\/author\\\/roger-straessle\\\/\"}]}<\/script>\n<!-- \/ Yoast SEO plugin. -->","yoast_head_json":{"title":"Le conseil municipal veut poursuivre l'\u00e9co-compas pour les PME - Organisateur","robots":{"index":"index","follow":"follow","max-snippet":"max-snippet:-1","max-image-preview":"max-image-preview:large","max-video-preview":"max-video-preview:-1"},"canonical":"https:\/\/www.organisator.ch\/fr\/sustainability\/2021-04-03\/stadtrat-will-oeko-kompass-fuer-kmu-weiterfuehren\/","og_locale":"fr_FR","og_type":"article","og_title":"Stadtrat will \u00d6ko-Kompass f\u00fcr KMU weiterf\u00fchren - Organisator","og_description":"&nbsp; KMU verf\u00fcgen selten \u00fcber ein spezifisches Umweltmanagement. Umfassende Beratungsdienstleistungen f\u00fcr Kleinbetriebe fehlen. Die Stadt Z\u00fcrich schliesst mit dem \u00d6ko-Kompass somit eine Angebotsl\u00fccke. Der \u00d6ko-Kompass zeigt den KMU Potenziale auf, vermittelt Umweltangebote und schafft f\u00fcr die KMU einen \u00dcberblick im Massnahmen- und F\u00f6rdergelder-Dschungel. Die Stadt hat die operative Leitung des \u00d6ko-Kompasses an eine externe Gesch\u00e4ftsstelle [&hellip;]","og_url":"https:\/\/www.organisator.ch\/fr\/sustainability\/2021-04-03\/stadtrat-will-oeko-kompass-fuer-kmu-weiterfuehren\/","og_site_name":"Organisator","article_publisher":"https:\/\/www.facebook.com\/OrganisatorFachmagazin","article_published_time":"2021-04-03T05:29:09+00:00","article_modified_time":"2022-02-09T10:09:54+00:00","og_image":[{"width":1000,"height":667,"url":"https:\/\/www.organisator.ch\/wp-content\/uploads\/2021\/04\/Depositphotos_68463385_s-2019.jpg","type":"image\/jpeg"}],"author":"roger.straessle","twitter_card":"summary_large_image","schema":{"@context":"https:\/\/schema.org","@graph":[{"@type":"Article","@id":"https:\/\/www.organisator.ch\/sustainability\/2021-04-03\/stadtrat-will-oeko-kompass-fuer-kmu-weiterfuehren\/#article","isPartOf":{"@id":"https:\/\/www.organisator.ch\/sustainability\/2021-04-03\/stadtrat-will-oeko-kompass-fuer-kmu-weiterfuehren\/"},"author":{"name":"roger.straessle","@id":"https:\/\/www.organisator.ch\/#\/schema\/person\/a800b8c54e208b160517a7dcc323161d"},"headline":"Stadtrat will \u00d6ko-Kompass f\u00fcr KMU weiterf\u00fchren","datePublished":"2021-04-03T05:29:09+00:00","dateModified":"2022-02-09T10:09:54+00:00","mainEntityOfPage":{"@id":"https:\/\/www.organisator.ch\/sustainability\/2021-04-03\/stadtrat-will-oeko-kompass-fuer-kmu-weiterfuehren\/"},"wordCount":425,"publisher":{"@id":"https:\/\/www.organisator.ch\/#organization"},"image":{"@id":"https:\/\/www.organisator.ch\/sustainability\/2021-04-03\/stadtrat-will-oeko-kompass-fuer-kmu-weiterfuehren\/#primaryimage"},"thumbnailUrl":"https:\/\/www.organisator.ch\/wp-content\/uploads\/2021\/04\/Depositphotos_68463385_s-2019.jpg","keywords":["Gewerbe","KMU","\u00d6ko-Kompass","Stadt Z\u00fcrich","Umweltmanagement"],"articleSection":["SUSTAINABILITY"],"inLanguage":"fr-FR"},{"@type":"WebPage","@id":"https:\/\/www.organisator.ch\/sustainability\/2021-04-03\/stadtrat-will-oeko-kompass-fuer-kmu-weiterfuehren\/","url":"https:\/\/www.organisator.ch\/sustainability\/2021-04-03\/stadtrat-will-oeko-kompass-fuer-kmu-weiterfuehren\/","name":"Le conseil municipal veut poursuivre l'\u00e9co-compas pour les PME - Organisateur","isPartOf":{"@id":"https:\/\/www.organisator.ch\/#website"},"primaryImageOfPage":{"@id":"https:\/\/www.organisator.ch\/sustainability\/2021-04-03\/stadtrat-will-oeko-kompass-fuer-kmu-weiterfuehren\/#primaryimage"},"image":{"@id":"https:\/\/www.organisator.ch\/sustainability\/2021-04-03\/stadtrat-will-oeko-kompass-fuer-kmu-weiterfuehren\/#primaryimage"},"thumbnailUrl":"https:\/\/www.organisator.ch\/wp-content\/uploads\/2021\/04\/Depositphotos_68463385_s-2019.jpg","datePublished":"2021-04-03T05:29:09+00:00","dateModified":"2022-02-09T10:09:54+00:00","breadcrumb":{"@id":"https:\/\/www.organisator.ch\/sustainability\/2021-04-03\/stadtrat-will-oeko-kompass-fuer-kmu-weiterfuehren\/#breadcrumb"},"inLanguage":"fr-FR","potentialAction":[{"@type":"ReadAction","target":["https:\/\/www.organisator.ch\/sustainability\/2021-04-03\/stadtrat-will-oeko-kompass-fuer-kmu-weiterfuehren\/"]}]},{"@type":"ImageObject","inLanguage":"fr-FR","@id":"https:\/\/www.organisator.ch\/sustainability\/2021-04-03\/stadtrat-will-oeko-kompass-fuer-kmu-weiterfuehren\/#primaryimage","url":"https:\/\/www.organisator.ch\/wp-content\/uploads\/2021\/04\/Depositphotos_68463385_s-2019.jpg","contentUrl":"https:\/\/www.organisator.ch\/wp-content\/uploads\/2021\/04\/Depositphotos_68463385_s-2019.jpg","width":1000,"height":667,"caption":"Der \u00d6ko-Kompass zeigt den KMU Potenziale auf, vermittelt Umweltangebote und schafft einen \u00dcberblick im Massnahmen- und F\u00f6rdergelder-Dschungel. \u00a9 Depositphotos, Kzenon"},{"@type":"BreadcrumbList","@id":"https:\/\/www.organisator.ch\/sustainability\/2021-04-03\/stadtrat-will-oeko-kompass-fuer-kmu-weiterfuehren\/#breadcrumb","itemListElement":[{"@type":"ListItem","position":1,"name":"Home","item":"https:\/\/www.organisator.ch\/"},{"@type":"ListItem","position":2,"name":"Stadtrat will \u00d6ko-Kompass f\u00fcr KMU weiterf\u00fchren"}]},{"@type":"WebSite","@id":"https:\/\/www.organisator.ch\/#website","url":"https:\/\/www.organisator.ch\/","name":"Organisateur","description":"Comp\u00e9tence et comp\u00e9tence. Proches de la pratique. L'ORGANISATEUR pr\u00e9pare 10 num\u00e9ros par an sur les th\u00e8mes essentiels pour les dirigeants de PME.","publisher":{"@id":"https:\/\/www.organisator.ch\/#organization"},"potentialAction":[{"@type":"SearchAction","target":{"@type":"EntryPoint","urlTemplate":"https:\/\/www.organisator.ch\/?s={search_term_string}"},"query-input":{"@type":"PropertyValueSpecification","valueRequired":true,"valueName":"search_term_string"}}],"inLanguage":"fr-FR"},{"@type":"Organization","@id":"https:\/\/www.organisator.ch\/#organization","name":"Organisateur","url":"https:\/\/www.organisator.ch\/","logo":{"@type":"ImageObject","inLanguage":"fr-FR","@id":"https:\/\/www.organisator.ch\/#\/schema\/logo\/image\/","url":"https:\/\/www.organisator.ch\/wp-content\/uploads\/2022\/01\/Logo_Organisator_Website.png","contentUrl":"https:\/\/www.organisator.ch\/wp-content\/uploads\/2022\/01\/Logo_Organisator_Website.png","width":800,"height":77,"caption":"Organisator"},"image":{"@id":"https:\/\/www.organisator.ch\/#\/schema\/logo\/image\/"},"sameAs":["https:\/\/www.facebook.com\/OrganisatorFachmagazin","https:\/\/www.linkedin.com\/showcase\/organisator-das-magazin-fr-kmu","https:\/\/www.xing.com\/news\/pages\/organisator-ch-695","https:\/\/www.youtube.com\/channel\/UCGP2Sq0iWaZwT3BdIAQFYpw"]},{"@type":"Person","@id":"https:\/\/www.organisator.ch\/#\/schema\/person\/a800b8c54e208b160517a7dcc323161d","name":"roger.straessle","image":{"@type":"ImageObject","inLanguage":"fr-FR","@id":"https:\/\/secure.gravatar.com\/avatar\/?s=96&d=mm&r=g","url":"https:\/\/secure.gravatar.com\/avatar\/?s=96&d=mm&r=g","contentUrl":"https:\/\/secure.gravatar.com\/avatar\/?s=96&d=mm&r=g","caption":"roger.straessle"},"url":"https:\/\/www.organisator.ch\/fr\/author\/roger-straessle\/"}]}},"_links":{"self":[{"href":"https:\/\/www.organisator.ch\/fr\/wp-json\/wp\/v2\/posts\/4033","targetHints":{"allow":["GET"]}}],"collection":[{"href":"https:\/\/www.organisator.ch\/fr\/wp-json\/wp\/v2\/posts"}],"about":[{"href":"https:\/\/www.organisator.ch\/fr\/wp-json\/wp\/v2\/types\/post"}],"author":[{"embeddable":true,"href":"https:\/\/www.organisator.ch\/fr\/wp-json\/wp\/v2\/users\/6"}],"replies":[{"embeddable":true,"href":"https:\/\/www.organisator.ch\/fr\/wp-json\/wp\/v2\/comments?post=4033"}],"version-history":[{"count":1,"href":"https:\/\/www.organisator.ch\/fr\/wp-json\/wp\/v2\/posts\/4033\/revisions"}],"predecessor-version":[{"id":10802,"href":"https:\/\/www.organisator.ch\/fr\/wp-json\/wp\/v2\/posts\/4033\/revisions\/10802"}],"wp:featuredmedia":[{"embeddable":true,"href":"https:\/\/www.organisator.ch\/fr\/wp-json\/wp\/v2\/media\/4034"}],"wp:attachment":[{"href":"https:\/\/www.organisator.ch\/fr\/wp-json\/wp\/v2\/media?parent=4033"}],"wp:term":[{"taxonomy":"category","embeddable":true,"href":"https:\/\/www.organisator.ch\/fr\/wp-json\/wp\/v2\/categories?post=4033"},{"taxonomy":"post_tag","embeddable":true,"href":"https:\/\/www.organisator.ch\/fr\/wp-json\/wp\/v2\/tags?post=4033"}],"curies":[{"name":"wp","href":"https:\/\/api.w.org\/{rel}","templated":true}]}}