{"id":40346,"date":"2025-09-04T07:43:02","date_gmt":"2025-09-04T05:43:02","guid":{"rendered":"https:\/\/www.organisator.ch\/?p=40346"},"modified":"2025-09-04T07:43:02","modified_gmt":"2025-09-04T05:43:02","slug":"sustainable-switzerland-forum-zeichnet-sustainable-shapers-aus","status":"publish","type":"post","link":"https:\/\/www.organisator.ch\/fr\/sustainability\/2025-09-04\/sustainable-switzerland-forum-zeichnet-sustainable-shapers-aus\/","title":{"rendered":"Le Sustainable Switzerland Forum r\u00e9compense les \"Sustainable Shapers"},"content":{"rendered":"<figure id=\"attachment_40347\" aria-describedby=\"caption-attachment-40347\" style=\"width: 680px\" class=\"wp-caption alignnone\"><img loading=\"lazy\" decoding=\"async\" class=\"size-full wp-image-40347\" src=\"https:\/\/www.organisator.ch\/wp-content\/uploads\/2025\/09\/Sustainable-Switzerland-Forum-zeichnet-Sustainable-Shapers-aus_Organisator.jpg\" alt=\"\" width=\"680\" height=\"453\" srcset=\"https:\/\/www.organisator.ch\/wp-content\/uploads\/2025\/09\/Sustainable-Switzerland-Forum-zeichnet-Sustainable-Shapers-aus_Organisator.jpg 680w, https:\/\/www.organisator.ch\/wp-content\/uploads\/2025\/09\/Sustainable-Switzerland-Forum-zeichnet-Sustainable-Shapers-aus_Organisator-18x12.jpg 18w, https:\/\/www.organisator.ch\/wp-content\/uploads\/2025\/09\/Sustainable-Switzerland-Forum-zeichnet-Sustainable-Shapers-aus_Organisator-375x250.jpg 375w, https:\/\/www.organisator.ch\/wp-content\/uploads\/2025\/09\/Sustainable-Switzerland-Forum-zeichnet-Sustainable-Shapers-aus_Organisator-525x350.jpg 525w\" sizes=\"auto, (max-width: 680px) 100vw, 680px\" \/><figcaption id=\"caption-attachment-40347\" class=\"wp-caption-text\">15 personnalit\u00e9s ont re\u00e7u le titre de \"Sustainable Shapers\". (Image : Sustainable Switzerland \/ NZZ Connect)<\/figcaption><\/figure>\n<p>Lors du Sustainable Switzerland Forum, les \"Sustainable Shapers\" ont \u00e9t\u00e9 r\u00e9compens\u00e9s pour la premi\u00e8re fois. Il s'agit de personnalit\u00e9s qui, par leur action entrepreneuriale, scientifique ou sociale, initient des changements concrets et font avancer le d\u00e9veloppement durable en Suisse et \u00e0 partir de la Suisse.<\/p>\n<p>Le jury a s\u00e9lectionn\u00e9 15 laur\u00e9ats dans trois cat\u00e9gories parmi plus de 240 nominations :<\/p>\n<p><strong>Leadership &amp; Transformation :<\/strong><\/p>\n<ul>\n<li>Albin K\u00e4lin, fondateur et CEO d'epeaswitzerland gmbh<\/li>\n<li>Christian Zeyer, co-CEO swisscleantech<\/li>\n<li>Hans-Dietrich Reckhaus, fondateur et PDG d'INSECT-RESPECT<\/li>\n<li>Julia Carpenter, cofondatrice et PDG d'apheros<\/li>\n<li>Oliver Brunschwiler, membre du conseil d'administration et investisseur<\/li>\n<\/ul>\n<p><strong>Connaissance &amp; Opinion :<\/strong><\/p>\n<ul>\n<li>Mathis Wackernagel, cofondateur de Global Footprint Network<\/li>\n<li>Nathalie Agosti, fondatrice et directrice g\u00e9n\u00e9rale d'Outlive Advisory<\/li>\n<li>Simone N\u00e4geli, cofondatrice et codirectrice d'Acker Schweiz<\/li>\n<li>Ursula Biemann, artiste<\/li>\n<li>Walter Stahel, fondateur du Product Life Institute<\/li>\n<\/ul>\n<p><strong>Vision et innovation :<\/strong><\/p>\n<ul>\n<li>Aur\u00e9lien Demaurex, directeur financier et cofondateur d'Ecorobotix<\/li>\n<li>Nicolas Rochat, fondateur et CEO de Mover Plastic Free Sportswear<\/li>\n<li>Philipp Furler, cofondateur et CEO de Synhelion<\/li>\n<li>Pirmin Jung, fondateur et CEO de PIRMIN JUNG Schweiz AG<\/li>\n<li>Vincent Vida, fondateur et PDG d'Upgrain<\/li>\n<\/ul>\n<h3>Des orateurs invit\u00e9s de marque lors d'un d\u00eener exclusif<\/h3>\n<p>La veille d\u00e9j\u00e0, une centaine de CEO d'entreprises suisses de premier plan se sont r\u00e9unis pour un d\u00eener exclusif. Les orateurs invit\u00e9s \u00e9taient Jos\u00e9 Mar\u00eda Figueres (ancien pr\u00e9sident du Costa Rica), Sandrine Dixson-Decl\u00e8ve (pr\u00e9sidente du comit\u00e9 Earth4All &amp; pr\u00e9sidente d'honneur du Club de Rome) et Daniel Bischofberger (CEO d'Accelleron Switzerland). La soir\u00e9e a offert une plateforme d'\u00e9change et d'inspiration de haut niveau au niveau C. Les participants ont pu \u00e9changer leurs points de vue et leurs exp\u00e9riences.<\/p>\n<h3>\u00c9conomie circulaire et plus<\/h3>\n<p>Le jour de la conf\u00e9rence, une quarantaine d'intervenants nationaux et internationaux ont anim\u00e9 le programme :<\/p>\n<ul>\n<li><strong>\u00c9conomie circulaire :<\/strong> Antonia Stalder (directrice de Prozirkula), Kristjan Jozipovic (CEO &amp; Co-Founder de Lumvin), Nina Schaller (Co-CEO &amp; Co-Founder de Luya Foods) ainsi que J\u00f6rg Lederbauer (vice-pr\u00e9sident de l'\u00e9conomie circulaire du groupe BMW) ont pr\u00e9sent\u00e9 des approches pratiques pour des cycles de mat\u00e9riaux ferm\u00e9s. Jozipovic a expliqu\u00e9 : \"\u00c9changer au lieu de remplacer - tant que la qualit\u00e9 est bonne, tout le monde est satisfait\".  Schaller a montr\u00e9 comment les sous-produits de l'industrie alimentaire peuvent \u00eatre valoris\u00e9s gr\u00e2ce \u00e0 la fermentation : \"Il en r\u00e9sulte une situation gagnant-gagnant, car les sous-produits ne sont plus jet\u00e9s, mais utilis\u00e9s de mani\u00e8re \u00e9conomique\". Lederbauer a soulign\u00e9 l'importance de la coop\u00e9ration : \"Personne ne peut transformer une industrie ou un monde tout seul. Nous avons besoin d'un r\u00e9seau solide pour stimuler l'innovation\".<\/li>\n<li><strong>Cha\u00eenes d'approvisionnement :<\/strong> L'ambassadrice Andrea Rauber Saxer (cheffe des relations \u00e9conomiques bilat\u00e9rales, SECO) a \u00e9t\u00e9 claire : \"La durabilit\u00e9 n'est pas un luxe, ni une mode\". Stefan Brupbacher (directeur de Swissmem) a mis en garde contre les risques g\u00e9opolitiques : \"Si les diff\u00e9rences de droits de douane dans l'UE persistent jusqu'\u00e0 la fin de l'ann\u00e9e, les affaires am\u00e9ricaines sont en fait mortes - nous devons nous r\u00e9veiller\". Christoph Birchler (CEO Maestrani) a apport\u00e9 le point de vue des PME : \"Nous, les PME, sommes dans la cha\u00eene d'approvisionnement des grands. Pour rester en forme pour l'avenir, nous avons besoin d'une masse critique - et de solutions qui soient \u00e9galement efficaces sur le plan \u00e9conomique\".<\/li>\n<li><strong>IA et gestion de l'\u00e9nergie :<\/strong> Adam Elman (Sustainability Director chez Google), Sebnem Erzan (Head of Travel Sustainability &amp; Transport, Global Partnerships chez Google) et Max Vogler (Senior Software Engineer chez Google) ont pr\u00e9sent\u00e9, avec le projet Contrails, comment l'IA peut r\u00e9duire les \u00e9missions. \"L'intelligence artificielle offre une \u00e9norme possibilit\u00e9 et augmente notre efficacit\u00e9 - c'est bon pour la plan\u00e8te, mais aussi bon pour les affaires\", a d\u00e9clar\u00e9 Elman. Il est en outre important \"d'utiliser au mieux la bonne \u00e9nergie que nous avons d\u00e9j\u00e0\". Le d\u00e9bat controvers\u00e9 de Munk sur l'accord sur l'\u00e9lectricit\u00e9 entre la Suisse et l'UE a apport\u00e9 une touche d'explosivit\u00e9 suppl\u00e9mentaire.<\/li>\n<\/ul>\n<p>Sur la sc\u00e8ne principale, Jos\u00e9 Mar\u00eda Figueres, Sandrine Dixson-Decl\u00e8ve, Jim Hagemann Snabe (pr\u00e9sident du conseil de surveillance de Siemens) et Mathis Wackernagel (inventeur de \"Footprint\") ont donn\u00e9 des accents forts sur le leadership responsable, le changement syst\u00e9mique et la coop\u00e9ration internationale.<\/p>\n<p><em>Source et informations compl\u00e9mentaires : <a href=\"https:\/\/www.sustainableswitzerland.ch\/\">www.sustainableswitzerland.ch<\/a><\/em><\/p>","protected":false},"excerpt":{"rendered":"<p>Le 2 septembre 2025, plus de 500 d\u00e9cideurs \u00e9conomiques, scientifiques et politiques se sont r\u00e9unis dans la nouvelle salle des f\u00eates de Bernexpo pour la quatri\u00e8me \u00e9dition du Sustainable Switzerland Forum. Les th\u00e8mes abord\u00e9s \u00e9taient l'\u00e9conomie circulaire, les cha\u00eenes d'approvisionnement ainsi que l'IA et la gestion de l'\u00e9nergie. <\/p>","protected":false},"author":4,"featured_media":40347,"comment_status":"closed","ping_status":"closed","sticky":false,"template":"","format":"standard","meta":{"_acf_changed":false,"_yoast_wpseo_focuskw":"Sustainable Switzerland","_yoast_wpseo_metadesc":"Am 2. September 2025 versammelten sich \u00fcber 500 Entscheidungstr\u00e4gerinnen und -tr\u00e4ger zur vierten Ausgabe des Sustainable Switzerland Forum.","articlekey":"","footnotes":""},"categories":[580],"tags":[193,358,4114],"class_list":["post-40346","post","type-post","status-publish","format-standard","has-post-thumbnail","hentry","category-sustainability","tag-fachkongressfachmesse","tag-nachhaltige-wirtschaft","tag-sustainable-switzerland"],"acf":[],"yoast_head":"<!-- This site is optimized with the Yoast SEO plugin v27.5 - https:\/\/yoast.com\/product\/yoast-seo-wordpress\/ -->\n<title>Sustainable Switzerland Forum zeichnet &quot;Sustainable Shapers&quot; aus - Organisator<\/title>\n<meta name=\"description\" content=\"Am 2. September 2025 versammelten sich \u00fcber 500 Entscheidungstr\u00e4gerinnen und -tr\u00e4ger zur vierten Ausgabe des Sustainable Switzerland Forum.\" \/>\n<meta name=\"robots\" content=\"index, follow, max-snippet:-1, max-image-preview:large, max-video-preview:-1\" \/>\n<link rel=\"canonical\" href=\"https:\/\/www.organisator.ch\/fr\/sustainability\/2025-09-04\/sustainable-switzerland-forum-zeichnet-sustainable-shapers-aus\/\" \/>\n<meta property=\"og:locale\" content=\"fr_FR\" \/>\n<meta property=\"og:type\" content=\"article\" \/>\n<meta property=\"og:title\" content=\"Sustainable Switzerland Forum zeichnet &quot;Sustainable Shapers&quot; aus\" \/>\n<meta property=\"og:description\" content=\"Am 2. September 2025 versammelten sich \u00fcber 500 Entscheidungstr\u00e4gerinnen und -tr\u00e4ger zur vierten Ausgabe des Sustainable Switzerland Forum.\" \/>\n<meta property=\"og:url\" content=\"https:\/\/www.organisator.ch\/fr\/sustainability\/2025-09-04\/sustainable-switzerland-forum-zeichnet-sustainable-shapers-aus\/\" \/>\n<meta property=\"og:site_name\" content=\"Organisator\" \/>\n<meta property=\"article:publisher\" content=\"https:\/\/www.facebook.com\/OrganisatorFachmagazin\" \/>\n<meta property=\"article:published_time\" content=\"2025-09-04T05:43:02+00:00\" \/>\n<meta property=\"og:image\" content=\"https:\/\/www.organisator.ch\/wp-content\/uploads\/2025\/09\/Sustainable-Switzerland-Forum-zeichnet-Sustainable-Shapers-aus_Organisator.jpg\" \/>\n\t<meta property=\"og:image:width\" content=\"680\" \/>\n\t<meta property=\"og:image:height\" content=\"453\" \/>\n\t<meta property=\"og:image:type\" content=\"image\/jpeg\" \/>\n<meta name=\"author\" content=\"thomas.berner\" \/>\n<meta name=\"twitter:card\" content=\"summary_large_image\" \/>\n<meta name=\"twitter:title\" content=\"Sustainable #Switzerland Forum zeichnet &quot;Sustainable Shapers&quot; aus\" \/>\n<meta name=\"twitter:description\" content=\"Am 2. September 2025 versammelten sich \u00fcber 500 Entscheidungstr\u00e4gerinnen und -tr\u00e4ger zur vierten Ausgabe des #Sustainable Switzerland Forum.\" \/>\n<meta name=\"twitter:image\" content=\"https:\/\/www.organisator.ch\/wp-content\/uploads\/2025\/09\/Sustainable-Switzerland-Forum-zeichnet-Sustainable-Shapers-aus_Organisator.jpg\" \/>\n<script type=\"application\/ld+json\" class=\"yoast-schema-graph\">{\"@context\":\"https:\\\/\\\/schema.org\",\"@graph\":[{\"@type\":\"Article\",\"@id\":\"https:\\\/\\\/www.organisator.ch\\\/sustainability\\\/2025-09-04\\\/sustainable-switzerland-forum-zeichnet-sustainable-shapers-aus\\\/#article\",\"isPartOf\":{\"@id\":\"https:\\\/\\\/www.organisator.ch\\\/sustainability\\\/2025-09-04\\\/sustainable-switzerland-forum-zeichnet-sustainable-shapers-aus\\\/\"},\"author\":{\"name\":\"thomas.berner\",\"@id\":\"https:\\\/\\\/www.organisator.ch\\\/#\\\/schema\\\/person\\\/6f650f90b2842cd4c0cc334b4e36f67e\"},\"headline\":\"Sustainable Switzerland Forum zeichnet &#8222;Sustainable Shapers&#8220; aus\",\"datePublished\":\"2025-09-04T05:43:02+00:00\",\"mainEntityOfPage\":{\"@id\":\"https:\\\/\\\/www.organisator.ch\\\/sustainability\\\/2025-09-04\\\/sustainable-switzerland-forum-zeichnet-sustainable-shapers-aus\\\/\"},\"wordCount\":610,\"publisher\":{\"@id\":\"https:\\\/\\\/www.organisator.ch\\\/#organization\"},\"image\":{\"@id\":\"https:\\\/\\\/www.organisator.ch\\\/sustainability\\\/2025-09-04\\\/sustainable-switzerland-forum-zeichnet-sustainable-shapers-aus\\\/#primaryimage\"},\"thumbnailUrl\":\"https:\\\/\\\/www.organisator.ch\\\/wp-content\\\/uploads\\\/2025\\\/09\\\/Sustainable-Switzerland-Forum-zeichnet-Sustainable-Shapers-aus_Organisator.jpg\",\"keywords\":[\"Fachkongress\\\/Fachmesse\",\"Nachhaltige Wirtschaft\",\"Sustainable Switzerland\"],\"articleSection\":[\"SUSTAINABILITY\"],\"inLanguage\":\"fr-FR\"},{\"@type\":\"WebPage\",\"@id\":\"https:\\\/\\\/www.organisator.ch\\\/sustainability\\\/2025-09-04\\\/sustainable-switzerland-forum-zeichnet-sustainable-shapers-aus\\\/\",\"url\":\"https:\\\/\\\/www.organisator.ch\\\/sustainability\\\/2025-09-04\\\/sustainable-switzerland-forum-zeichnet-sustainable-shapers-aus\\\/\",\"name\":\"Sustainable Switzerland Forum zeichnet \\\"Sustainable Shapers\\\" aus - Organisator\",\"isPartOf\":{\"@id\":\"https:\\\/\\\/www.organisator.ch\\\/#website\"},\"primaryImageOfPage\":{\"@id\":\"https:\\\/\\\/www.organisator.ch\\\/sustainability\\\/2025-09-04\\\/sustainable-switzerland-forum-zeichnet-sustainable-shapers-aus\\\/#primaryimage\"},\"image\":{\"@id\":\"https:\\\/\\\/www.organisator.ch\\\/sustainability\\\/2025-09-04\\\/sustainable-switzerland-forum-zeichnet-sustainable-shapers-aus\\\/#primaryimage\"},\"thumbnailUrl\":\"https:\\\/\\\/www.organisator.ch\\\/wp-content\\\/uploads\\\/2025\\\/09\\\/Sustainable-Switzerland-Forum-zeichnet-Sustainable-Shapers-aus_Organisator.jpg\",\"datePublished\":\"2025-09-04T05:43:02+00:00\",\"description\":\"Am 2. September 2025 versammelten sich \u00fcber 500 Entscheidungstr\u00e4gerinnen und -tr\u00e4ger zur vierten Ausgabe des Sustainable Switzerland Forum.\",\"breadcrumb\":{\"@id\":\"https:\\\/\\\/www.organisator.ch\\\/sustainability\\\/2025-09-04\\\/sustainable-switzerland-forum-zeichnet-sustainable-shapers-aus\\\/#breadcrumb\"},\"inLanguage\":\"fr-FR\",\"potentialAction\":[{\"@type\":\"ReadAction\",\"target\":[\"https:\\\/\\\/www.organisator.ch\\\/sustainability\\\/2025-09-04\\\/sustainable-switzerland-forum-zeichnet-sustainable-shapers-aus\\\/\"]}]},{\"@type\":\"ImageObject\",\"inLanguage\":\"fr-FR\",\"@id\":\"https:\\\/\\\/www.organisator.ch\\\/sustainability\\\/2025-09-04\\\/sustainable-switzerland-forum-zeichnet-sustainable-shapers-aus\\\/#primaryimage\",\"url\":\"https:\\\/\\\/www.organisator.ch\\\/wp-content\\\/uploads\\\/2025\\\/09\\\/Sustainable-Switzerland-Forum-zeichnet-Sustainable-Shapers-aus_Organisator.jpg\",\"contentUrl\":\"https:\\\/\\\/www.organisator.ch\\\/wp-content\\\/uploads\\\/2025\\\/09\\\/Sustainable-Switzerland-Forum-zeichnet-Sustainable-Shapers-aus_Organisator.jpg\",\"width\":680,\"height\":453,\"caption\":\"15 Pers\u00f6nlichkeiten wurden als \\\"Sustainable Shapers\\\" ausgezeichnet. (Bild: Sustainable Switzerland \\\/ NZZ Connect)\"},{\"@type\":\"BreadcrumbList\",\"@id\":\"https:\\\/\\\/www.organisator.ch\\\/sustainability\\\/2025-09-04\\\/sustainable-switzerland-forum-zeichnet-sustainable-shapers-aus\\\/#breadcrumb\",\"itemListElement\":[{\"@type\":\"ListItem\",\"position\":1,\"name\":\"Home\",\"item\":\"https:\\\/\\\/www.organisator.ch\\\/\"},{\"@type\":\"ListItem\",\"position\":2,\"name\":\"Sustainable Switzerland Forum zeichnet &#8222;Sustainable Shapers&#8220; aus\"}]},{\"@type\":\"WebSite\",\"@id\":\"https:\\\/\\\/www.organisator.ch\\\/#website\",\"url\":\"https:\\\/\\\/www.organisator.ch\\\/\",\"name\":\"Organisator\",\"description\":\"Kompetent. Praxisnah. Der ORGANISATOR bereitet in 10 Ausgaben pro Jahr die wesentlichen Themen f\u00fcr F\u00fchrungskr\u00e4fte von KMU auf.\",\"publisher\":{\"@id\":\"https:\\\/\\\/www.organisator.ch\\\/#organization\"},\"potentialAction\":[{\"@type\":\"SearchAction\",\"target\":{\"@type\":\"EntryPoint\",\"urlTemplate\":\"https:\\\/\\\/www.organisator.ch\\\/?s={search_term_string}\"},\"query-input\":{\"@type\":\"PropertyValueSpecification\",\"valueRequired\":true,\"valueName\":\"search_term_string\"}}],\"inLanguage\":\"fr-FR\"},{\"@type\":\"Organization\",\"@id\":\"https:\\\/\\\/www.organisator.ch\\\/#organization\",\"name\":\"Organisator\",\"url\":\"https:\\\/\\\/www.organisator.ch\\\/\",\"logo\":{\"@type\":\"ImageObject\",\"inLanguage\":\"fr-FR\",\"@id\":\"https:\\\/\\\/www.organisator.ch\\\/#\\\/schema\\\/logo\\\/image\\\/\",\"url\":\"https:\\\/\\\/www.organisator.ch\\\/wp-content\\\/uploads\\\/2022\\\/01\\\/Logo_Organisator_Website.png\",\"contentUrl\":\"https:\\\/\\\/www.organisator.ch\\\/wp-content\\\/uploads\\\/2022\\\/01\\\/Logo_Organisator_Website.png\",\"width\":800,\"height\":77,\"caption\":\"Organisator\"},\"image\":{\"@id\":\"https:\\\/\\\/www.organisator.ch\\\/#\\\/schema\\\/logo\\\/image\\\/\"},\"sameAs\":[\"https:\\\/\\\/www.facebook.com\\\/OrganisatorFachmagazin\",\"https:\\\/\\\/www.linkedin.com\\\/showcase\\\/organisator-das-magazin-fr-kmu\",\"https:\\\/\\\/www.xing.com\\\/news\\\/pages\\\/organisator-ch-695\",\"https:\\\/\\\/www.youtube.com\\\/channel\\\/UCGP2Sq0iWaZwT3BdIAQFYpw\"]},{\"@type\":\"Person\",\"@id\":\"https:\\\/\\\/www.organisator.ch\\\/#\\\/schema\\\/person\\\/6f650f90b2842cd4c0cc334b4e36f67e\",\"name\":\"thomas.berner\",\"image\":{\"@type\":\"ImageObject\",\"inLanguage\":\"fr-FR\",\"@id\":\"https:\\\/\\\/secure.gravatar.com\\\/avatar\\\/ac5001d2a36cb6c6cd3e50789007ffca834b477b74a2144564522e944eabff61?s=96&d=mm&r=g\",\"url\":\"https:\\\/\\\/secure.gravatar.com\\\/avatar\\\/ac5001d2a36cb6c6cd3e50789007ffca834b477b74a2144564522e944eabff61?s=96&d=mm&r=g\",\"contentUrl\":\"https:\\\/\\\/secure.gravatar.com\\\/avatar\\\/ac5001d2a36cb6c6cd3e50789007ffca834b477b74a2144564522e944eabff61?s=96&d=mm&r=g\",\"caption\":\"thomas.berner\"},\"url\":\"https:\\\/\\\/www.organisator.ch\\\/fr\\\/author\\\/thomas-berner\\\/\"}]}<\/script>\n<!-- \/ Yoast SEO plugin. -->","yoast_head_json":{"title":"Le Sustainable Switzerland Forum r\u00e9compense les \"Sustainable Shapers\" - Organisateur","description":"Le 2 septembre 2025, plus de 500 d\u00e9cideurs se sont r\u00e9unis pour la quatri\u00e8me \u00e9dition du Sustainable Switzerland Forum.","robots":{"index":"index","follow":"follow","max-snippet":"max-snippet:-1","max-image-preview":"max-image-preview:large","max-video-preview":"max-video-preview:-1"},"canonical":"https:\/\/www.organisator.ch\/fr\/sustainability\/2025-09-04\/sustainable-switzerland-forum-zeichnet-sustainable-shapers-aus\/","og_locale":"fr_FR","og_type":"article","og_title":"Sustainable Switzerland Forum zeichnet \"Sustainable Shapers\" aus","og_description":"Am 2. September 2025 versammelten sich \u00fcber 500 Entscheidungstr\u00e4gerinnen und -tr\u00e4ger zur vierten Ausgabe des Sustainable Switzerland Forum.","og_url":"https:\/\/www.organisator.ch\/fr\/sustainability\/2025-09-04\/sustainable-switzerland-forum-zeichnet-sustainable-shapers-aus\/","og_site_name":"Organisator","article_publisher":"https:\/\/www.facebook.com\/OrganisatorFachmagazin","article_published_time":"2025-09-04T05:43:02+00:00","og_image":[{"width":680,"height":453,"url":"https:\/\/www.organisator.ch\/wp-content\/uploads\/2025\/09\/Sustainable-Switzerland-Forum-zeichnet-Sustainable-Shapers-aus_Organisator.jpg","type":"image\/jpeg"}],"author":"thomas.berner","twitter_card":"summary_large_image","twitter_title":"Sustainable #Switzerland Forum zeichnet \"Sustainable Shapers\" aus","twitter_description":"Am 2. September 2025 versammelten sich \u00fcber 500 Entscheidungstr\u00e4gerinnen und -tr\u00e4ger zur vierten Ausgabe des #Sustainable Switzerland Forum.","twitter_image":"https:\/\/www.organisator.ch\/wp-content\/uploads\/2025\/09\/Sustainable-Switzerland-Forum-zeichnet-Sustainable-Shapers-aus_Organisator.jpg","schema":{"@context":"https:\/\/schema.org","@graph":[{"@type":"Article","@id":"https:\/\/www.organisator.ch\/sustainability\/2025-09-04\/sustainable-switzerland-forum-zeichnet-sustainable-shapers-aus\/#article","isPartOf":{"@id":"https:\/\/www.organisator.ch\/sustainability\/2025-09-04\/sustainable-switzerland-forum-zeichnet-sustainable-shapers-aus\/"},"author":{"name":"thomas.berner","@id":"https:\/\/www.organisator.ch\/#\/schema\/person\/6f650f90b2842cd4c0cc334b4e36f67e"},"headline":"Sustainable Switzerland Forum zeichnet &#8222;Sustainable Shapers&#8220; aus","datePublished":"2025-09-04T05:43:02+00:00","mainEntityOfPage":{"@id":"https:\/\/www.organisator.ch\/sustainability\/2025-09-04\/sustainable-switzerland-forum-zeichnet-sustainable-shapers-aus\/"},"wordCount":610,"publisher":{"@id":"https:\/\/www.organisator.ch\/#organization"},"image":{"@id":"https:\/\/www.organisator.ch\/sustainability\/2025-09-04\/sustainable-switzerland-forum-zeichnet-sustainable-shapers-aus\/#primaryimage"},"thumbnailUrl":"https:\/\/www.organisator.ch\/wp-content\/uploads\/2025\/09\/Sustainable-Switzerland-Forum-zeichnet-Sustainable-Shapers-aus_Organisator.jpg","keywords":["Fachkongress\/Fachmesse","Nachhaltige Wirtschaft","Sustainable Switzerland"],"articleSection":["SUSTAINABILITY"],"inLanguage":"fr-FR"},{"@type":"WebPage","@id":"https:\/\/www.organisator.ch\/sustainability\/2025-09-04\/sustainable-switzerland-forum-zeichnet-sustainable-shapers-aus\/","url":"https:\/\/www.organisator.ch\/sustainability\/2025-09-04\/sustainable-switzerland-forum-zeichnet-sustainable-shapers-aus\/","name":"Le Sustainable Switzerland Forum r\u00e9compense les \"Sustainable Shapers\" - Organisateur","isPartOf":{"@id":"https:\/\/www.organisator.ch\/#website"},"primaryImageOfPage":{"@id":"https:\/\/www.organisator.ch\/sustainability\/2025-09-04\/sustainable-switzerland-forum-zeichnet-sustainable-shapers-aus\/#primaryimage"},"image":{"@id":"https:\/\/www.organisator.ch\/sustainability\/2025-09-04\/sustainable-switzerland-forum-zeichnet-sustainable-shapers-aus\/#primaryimage"},"thumbnailUrl":"https:\/\/www.organisator.ch\/wp-content\/uploads\/2025\/09\/Sustainable-Switzerland-Forum-zeichnet-Sustainable-Shapers-aus_Organisator.jpg","datePublished":"2025-09-04T05:43:02+00:00","description":"Le 2 septembre 2025, plus de 500 d\u00e9cideurs se sont r\u00e9unis pour la quatri\u00e8me \u00e9dition du Sustainable Switzerland Forum.","breadcrumb":{"@id":"https:\/\/www.organisator.ch\/sustainability\/2025-09-04\/sustainable-switzerland-forum-zeichnet-sustainable-shapers-aus\/#breadcrumb"},"inLanguage":"fr-FR","potentialAction":[{"@type":"ReadAction","target":["https:\/\/www.organisator.ch\/sustainability\/2025-09-04\/sustainable-switzerland-forum-zeichnet-sustainable-shapers-aus\/"]}]},{"@type":"ImageObject","inLanguage":"fr-FR","@id":"https:\/\/www.organisator.ch\/sustainability\/2025-09-04\/sustainable-switzerland-forum-zeichnet-sustainable-shapers-aus\/#primaryimage","url":"https:\/\/www.organisator.ch\/wp-content\/uploads\/2025\/09\/Sustainable-Switzerland-Forum-zeichnet-Sustainable-Shapers-aus_Organisator.jpg","contentUrl":"https:\/\/www.organisator.ch\/wp-content\/uploads\/2025\/09\/Sustainable-Switzerland-Forum-zeichnet-Sustainable-Shapers-aus_Organisator.jpg","width":680,"height":453,"caption":"15 Pers\u00f6nlichkeiten wurden als \"Sustainable Shapers\" ausgezeichnet. (Bild: Sustainable Switzerland \/ NZZ Connect)"},{"@type":"BreadcrumbList","@id":"https:\/\/www.organisator.ch\/sustainability\/2025-09-04\/sustainable-switzerland-forum-zeichnet-sustainable-shapers-aus\/#breadcrumb","itemListElement":[{"@type":"ListItem","position":1,"name":"Home","item":"https:\/\/www.organisator.ch\/"},{"@type":"ListItem","position":2,"name":"Sustainable Switzerland Forum zeichnet &#8222;Sustainable Shapers&#8220; aus"}]},{"@type":"WebSite","@id":"https:\/\/www.organisator.ch\/#website","url":"https:\/\/www.organisator.ch\/","name":"Organisateur","description":"Comp\u00e9tence et comp\u00e9tence. Proches de la pratique. L'ORGANISATEUR pr\u00e9pare 10 num\u00e9ros par an sur les th\u00e8mes essentiels pour les dirigeants de PME.","publisher":{"@id":"https:\/\/www.organisator.ch\/#organization"},"potentialAction":[{"@type":"SearchAction","target":{"@type":"EntryPoint","urlTemplate":"https:\/\/www.organisator.ch\/?s={search_term_string}"},"query-input":{"@type":"PropertyValueSpecification","valueRequired":true,"valueName":"search_term_string"}}],"inLanguage":"fr-FR"},{"@type":"Organization","@id":"https:\/\/www.organisator.ch\/#organization","name":"Organisateur","url":"https:\/\/www.organisator.ch\/","logo":{"@type":"ImageObject","inLanguage":"fr-FR","@id":"https:\/\/www.organisator.ch\/#\/schema\/logo\/image\/","url":"https:\/\/www.organisator.ch\/wp-content\/uploads\/2022\/01\/Logo_Organisator_Website.png","contentUrl":"https:\/\/www.organisator.ch\/wp-content\/uploads\/2022\/01\/Logo_Organisator_Website.png","width":800,"height":77,"caption":"Organisator"},"image":{"@id":"https:\/\/www.organisator.ch\/#\/schema\/logo\/image\/"},"sameAs":["https:\/\/www.facebook.com\/OrganisatorFachmagazin","https:\/\/www.linkedin.com\/showcase\/organisator-das-magazin-fr-kmu","https:\/\/www.xing.com\/news\/pages\/organisator-ch-695","https:\/\/www.youtube.com\/channel\/UCGP2Sq0iWaZwT3BdIAQFYpw"]},{"@type":"Person","@id":"https:\/\/www.organisator.ch\/#\/schema\/person\/6f650f90b2842cd4c0cc334b4e36f67e","name":"thomas.berner","image":{"@type":"ImageObject","inLanguage":"fr-FR","@id":"https:\/\/secure.gravatar.com\/avatar\/ac5001d2a36cb6c6cd3e50789007ffca834b477b74a2144564522e944eabff61?s=96&d=mm&r=g","url":"https:\/\/secure.gravatar.com\/avatar\/ac5001d2a36cb6c6cd3e50789007ffca834b477b74a2144564522e944eabff61?s=96&d=mm&r=g","contentUrl":"https:\/\/secure.gravatar.com\/avatar\/ac5001d2a36cb6c6cd3e50789007ffca834b477b74a2144564522e944eabff61?s=96&d=mm&r=g","caption":"thomas.berner"},"url":"https:\/\/www.organisator.ch\/fr\/author\/thomas-berner\/"}]}},"_links":{"self":[{"href":"https:\/\/www.organisator.ch\/fr\/wp-json\/wp\/v2\/posts\/40346","targetHints":{"allow":["GET"]}}],"collection":[{"href":"https:\/\/www.organisator.ch\/fr\/wp-json\/wp\/v2\/posts"}],"about":[{"href":"https:\/\/www.organisator.ch\/fr\/wp-json\/wp\/v2\/types\/post"}],"author":[{"embeddable":true,"href":"https:\/\/www.organisator.ch\/fr\/wp-json\/wp\/v2\/users\/4"}],"replies":[{"embeddable":true,"href":"https:\/\/www.organisator.ch\/fr\/wp-json\/wp\/v2\/comments?post=40346"}],"version-history":[{"count":4,"href":"https:\/\/www.organisator.ch\/fr\/wp-json\/wp\/v2\/posts\/40346\/revisions"}],"predecessor-version":[{"id":40415,"href":"https:\/\/www.organisator.ch\/fr\/wp-json\/wp\/v2\/posts\/40346\/revisions\/40415"}],"wp:featuredmedia":[{"embeddable":true,"href":"https:\/\/www.organisator.ch\/fr\/wp-json\/wp\/v2\/media\/40347"}],"wp:attachment":[{"href":"https:\/\/www.organisator.ch\/fr\/wp-json\/wp\/v2\/media?parent=40346"}],"wp:term":[{"taxonomy":"category","embeddable":true,"href":"https:\/\/www.organisator.ch\/fr\/wp-json\/wp\/v2\/categories?post=40346"},{"taxonomy":"post_tag","embeddable":true,"href":"https:\/\/www.organisator.ch\/fr\/wp-json\/wp\/v2\/tags?post=40346"}],"curies":[{"name":"wp","href":"https:\/\/api.w.org\/{rel}","templated":true}]}}