{"id":4040,"date":"2018-08-16T08:00:48","date_gmt":"2018-08-16T06:00:48","guid":{"rendered":"https:\/\/www.organisator.ch\/?p=4040"},"modified":"2018-08-16T08:00:48","modified_gmt":"2018-08-16T06:00:48","slug":"brauchen-wir-sport","status":"publish","type":"post","link":"https:\/\/www.organisator.ch\/fr\/human-resources\/fit_im_job\/2018-08-16\/brauchen-wir-sport\/","title":{"rendered":"Avons-nous besoin de sport ?"},"content":{"rendered":"<figure id=\"attachment_4041\" aria-describedby=\"caption-attachment-4041\" style=\"width: 680px\" class=\"wp-caption alignnone\"><img loading=\"lazy\" decoding=\"async\" class=\"size-medium wp-image-4041\" src=\"https:\/\/www.organisator.ch\/wp-content\/uploads\/2018\/08\/2018_07_Inti_Staeuble_Bild-neu_1666999.jpg\" alt=\"&lt;li class=&quot;artikel_legende&quot;&gt;Patrick St\u00e4uble, ancien coureur cycliste, dirige la soci\u00e9t\u00e9 &quot;fit im job AG&quot; et soutient les clients dans la mise en \u0153uvre de la GSE.&lt;\/li&gt;\" width=\"680\" height=\"453\" srcset=\"https:\/\/www.organisator.ch\/wp-content\/uploads\/2018\/08\/2018_07_Inti_Staeuble_Bild-neu_1666999.jpg 1677w, https:\/\/www.organisator.ch\/wp-content\/uploads\/2018\/08\/2018_07_Inti_Staeuble_Bild-neu_1666999-680x453.jpg 680w, https:\/\/www.organisator.ch\/wp-content\/uploads\/2018\/08\/2018_07_Inti_Staeuble_Bild-neu_1666999-1024x681.jpg 1024w, https:\/\/www.organisator.ch\/wp-content\/uploads\/2018\/08\/2018_07_Inti_Staeuble_Bild-neu_1666999-768x511.jpg 768w, https:\/\/www.organisator.ch\/wp-content\/uploads\/2018\/08\/2018_07_Inti_Staeuble_Bild-neu_1666999-1536x1022.jpg 1536w, https:\/\/www.organisator.ch\/wp-content\/uploads\/2018\/08\/2018_07_Inti_Staeuble_Bild-neu_1666999-16x12.jpg 16w, https:\/\/www.organisator.ch\/wp-content\/uploads\/2018\/08\/2018_07_Inti_Staeuble_Bild-neu_1666999-263x175.jpg 263w, https:\/\/www.organisator.ch\/wp-content\/uploads\/2018\/08\/2018_07_Inti_Staeuble_Bild-neu_1666999-526x350.jpg 526w, https:\/\/www.organisator.ch\/wp-content\/uploads\/2018\/08\/2018_07_Inti_Staeuble_Bild-neu_1666999-1202x800.jpg 1202w, https:\/\/www.organisator.ch\/wp-content\/uploads\/2018\/08\/2018_07_Inti_Staeuble_Bild-neu_1666999-920x612.jpg 920w, https:\/\/www.organisator.ch\/wp-content\/uploads\/2018\/08\/2018_07_Inti_Staeuble_Bild-neu_1666999-1400x932.jpg 1400w, https:\/\/www.organisator.ch\/wp-content\/uploads\/2018\/08\/2018_07_Inti_Staeuble_Bild-neu_1666999-300x200.jpg 300w\" sizes=\"auto, (max-width: 680px) 100vw, 680px\" \/><figcaption id=\"caption-attachment-4041\" class=\"wp-caption-text\">Patrick St\u00e4uble, ancien coureur cycliste, dirige la soci\u00e9t\u00e9 \"fit im job AG\" et soutient les clients dans la mise en \u0153uvre de la GSE. (Image : zVg)<\/figcaption><\/figure>\n<h4>Monsieur St\u00e4uble, je vous joins pendant vos vacances d'\u00e9t\u00e9. Quel est votre \"programme anti-stress\" ?<\/h4>\n<p><strong>Patrick St\u00e4uble : <\/strong>En ce moment, je passe mon temps \u00e0 la montagne, \u00e0 faire de la randonn\u00e9e ou du v\u00e9lo. Tra\u00eener dans un a\u00e9roport ou faire plusieurs heures de route pour me rendre sur mon lieu de vacances serait trop stressant pour moi.<\/p>\n<h4>Vous avez vous-m\u00eame \u00e9t\u00e9 un sportif de haut niveau. Quelle est la quantit\u00e9 de sport que vous pratiquez actuellement ?<\/h4>\n<p>Aujourd'hui, je fais une grande distinction entre l'activit\u00e9 physique et le sport en tant que tel. Sur une \u00e9chelle d'intensit\u00e9 de 1 \u00e0 10, le \"mouvement\" se situe entre 3 et 5, le sport \u00e0 partir de 7 environ. Actuellement, je fais r\u00e9guli\u00e8rement de l'exercice avec une intensit\u00e9 allant jusqu'au niveau 5. Au-del\u00e0, je me dirige vers un sport de loisir ambitieux. Il faut donc faire la diff\u00e9rence.<\/p>\n<h4>A propos de performance : de nombreux cadres travaillent souvent \u00e0 la limite de leurs capacit\u00e9s dans le cadre de leur fonction et atteignent souvent leurs limites en tant que sportifs amateurs. Dans quelle mesure le sport est-il encore utile en tant qu'activit\u00e9 de loisirs ou \"programme anti-stress\" ?<\/h4>\n<p>Les cadres ont chang\u00e9 \u00e0 cet \u00e9gard au cours des derni\u00e8res d\u00e9cennies. Alors qu'il y a 30 ans, un directeur de banque suivait plut\u00f4t la devise de Churchill \"No Sports\", les cadres d'aujourd'hui se donnent \u00e0 fond partout, y compris dans le sport. Vouloir accomplir quatre marathons et un Ironman en plus de ses performances professionnelles, c'est un peu trop \u00e0 mon avis. C'est ce qui m'a conduit au th\u00e8me provocateur de la conf\u00e9rence \"Avons-nous besoin de sport ? Absolument pas ! Mais le th\u00e8me sous-jacent est de trouver la bonne mesure entre tension et d\u00e9tente.<\/p>\n<h4>Quand le sport peut-il servir \u00e0 g\u00e9rer le stress et quand ne le peut-il pas ?<\/h4>\n<p>Cela d\u00e9pend de la fr\u00e9quence et de l'intensit\u00e9. Faire de l'exercice quatre fois par semaine pendant une heure et demie \u00e0 une intensit\u00e9 sup\u00e9rieure \u00e0 7 n'est gu\u00e8re soulageant. J'ai de bonnes exp\u00e9riences avec une activit\u00e9 physique d'environ trois fois une heure par semaine \u00e0 une intensit\u00e9 de 3 \u00e0 5. Un bon crit\u00e8re est aussi de se rendre au travail \u00e0 v\u00e9lo environ trois fois par semaine. Concr\u00e8tement, il s'agit d'activer le syst\u00e8me nerveux autonome : toute forme d'effort intense commande le syst\u00e8me sympathique, tandis que le syst\u00e8me parasympathique sert \u00e0 la r\u00e9cup\u00e9ration et \u00e0 la constitution de r\u00e9serves propres au corps. Et cela n'est possible que dans un mode de relaxation.<\/p>\n<h4>A quoi reconna\u00eet-on que l'\u00e9quilibre entre tension et d\u00e9tente n'est plus correct ?<\/h4>\n<p>Il existe plusieurs indicateurs d'alerte connus. Les signes physiques sont par exemple des maux de t\u00eate, des troubles digestifs ou des troubles du sommeil. Ce sont des sympt\u00f4mes classiques de surmenage - si l'homme \u00e9tait une voiture, les premiers voyants d'alerte s'allumeraient maintenant ... La r\u00e8gle des trois est utile : si les sympt\u00f4mes apparaissent trois jours par semaine pendant un mois, il faut en rechercher les causes.<\/p>\n<h4>Cela pr\u00e9suppose toutefois une grande comp\u00e9tence en mati\u00e8re de perception de soi ?<\/h4>\n<p>Oui, la difficult\u00e9 r\u00e9side dans le fait que ces indicateurs d'alerte pr\u00e9coce sont souvent ignor\u00e9s. C'est d'ailleurs ce que rapportent de nombreuses personnes touch\u00e9es par le burnout.<\/p>\n<h4>Pour \u00e9viter d'en arriver l\u00e0, quel est votre principal conseil pour trouver un \u00e9quilibre efficace entre le travail et l'activit\u00e9 sportive ?<\/h4>\n<p>L'id\u00e9al est de pratiquer une activit\u00e9 physique mod\u00e9r\u00e9e deux \u00e0 trois fois par semaine. Cela peut \u00eatre combin\u00e9 avec 30 \u00e0 40 minutes d'entra\u00eenement musculaire, par exemple du Pilates. J'ai personnellement de tr\u00e8s bonnes exp\u00e9riences avec cette m\u00e9thode. En bref, nous n'avons pas besoin d'\u00eatre en forme comme un marathonien pour rester en bonne sant\u00e9 en tant que manager.<\/p>\n<p><strong><em>Swiss Management Run 2018<\/em><\/strong><\/p>\n<p><em>La Swiss Management Run est une plateforme exclusive pour faire du sport et \u00e9changer avec d'autres cadres. Au programme : le symposium \"Fit for Management\" avec des conf\u00e9rences sur le th\u00e8me de la sant\u00e9 des managers (\u00e0 partir de midi), une course avec des distances de 1,2 km, 5 km et 10 km (en d\u00e9but de soir\u00e9e), puis l'After Run Party pour r\u00e9seauter et \u00e9changer dans une atmosph\u00e8re d\u00e9tendue.<\/em><\/p>\n<p><a href=\"http:\/\/www.management-run.ch\"><em>www.management-run.ch<\/em><\/a><\/p>","protected":false},"excerpt":{"rendered":"<p>Herr St\u00e4uble, ich erreiche Sie gerade in Ihren Sommerferien. Wie sieht da Ihr \u00abAnti-Stress-Programm\u00bb aus? Patrick St\u00e4uble: Ich weile derzeit gem\u00fctlich in den Bergen und verbringe die Zeit mit Wandern oder Biken. Rumh\u00e4ngen an einem Flughafen oder mehrst\u00fcndige Autofahrten an den Ferienort w\u00e4ren f\u00fcr mich zu viel Stress. Sie waren ja selbst Spitzensportler. Wie viel [&hellip;]<\/p>\n","protected":false},"author":7,"featured_media":11426,"comment_status":"open","ping_status":"open","sticky":false,"template":"","format":"standard","meta":{"_acf_changed":false,"_yoast_wpseo_focuskw":"Sport","_yoast_wpseo_metadesc":"Am 14. September findet in Arosa der Swiss Management Run statt. Sportliche Ambitionen von F\u00fchrungskr\u00e4ften sind da durchaus gefragt, aber nicht nur.","articlekey":"","footnotes":""},"categories":[25],"tags":[77,208],"class_list":["post-4040","post","type-post","status-publish","format-standard","has-post-thumbnail","hentry","category-fit_im_job","tag-betriebliches-gesundheitsmanagement","tag-fit-im-job"],"acf":[],"yoast_head":"<!-- This site is optimized with the Yoast SEO plugin v27.5 - https:\/\/yoast.com\/product\/yoast-seo-wordpress\/ -->\n<title>Brauchen wir Sport? - Organisator<\/title>\n<meta name=\"description\" content=\"Am 14. September findet in Arosa der Swiss Management Run statt. Sportliche Ambitionen von F\u00fchrungskr\u00e4ften sind da durchaus gefragt, aber nicht nur.\" \/>\n<meta name=\"robots\" content=\"index, follow, max-snippet:-1, max-image-preview:large, max-video-preview:-1\" \/>\n<link rel=\"canonical\" href=\"https:\/\/www.organisator.ch\/fr\/ressources-humaines\/fit_im_job\/2018-08-16\/brauchen-wir-sport\/\" \/>\n<meta property=\"og:locale\" content=\"fr_FR\" \/>\n<meta property=\"og:type\" content=\"article\" \/>\n<meta property=\"og:title\" content=\"Brauchen wir Sport?\" \/>\n<meta property=\"og:description\" content=\"Am 14. September findet in Arosa der Swiss Management Run statt. Sportliche Ambitionen von F\u00fchrungskr\u00e4ften sind da durchaus gefragt, aber nicht nur.\" \/>\n<meta property=\"og:url\" content=\"https:\/\/www.organisator.ch\/fr\/ressources-humaines\/fit_im_job\/2018-08-16\/brauchen-wir-sport\/\" \/>\n<meta property=\"og:site_name\" content=\"Organisator\" \/>\n<meta property=\"article:publisher\" content=\"https:\/\/www.facebook.com\/OrganisatorFachmagazin\" \/>\n<meta property=\"article:published_time\" content=\"2018-08-16T06:00:48+00:00\" \/>\n<meta property=\"og:image\" content=\"https:\/\/www.organisator.ch\/wp-content\/uploads\/2018\/08\/2018_07_Inti_Staeuble_Bild-neu_1666999.jpg\" \/>\n\t<meta property=\"og:image:width\" content=\"1677\" \/>\n\t<meta property=\"og:image:height\" content=\"1116\" \/>\n\t<meta property=\"og:image:type\" content=\"image\/jpeg\" \/>\n<meta name=\"author\" content=\"K4-Import\" \/>\n<meta name=\"twitter:card\" content=\"summary_large_image\" \/>\n<meta name=\"twitter:title\" content=\"Brauchen wir Sport?\" \/>\n<meta name=\"twitter:description\" content=\"Am 14. September findet in Arosa der Swiss Management Run statt. Sportliche Ambitionen von F\u00fchrungskr\u00e4ften sind da durchaus gefragt, aber nicht nur.\" \/>\n<meta name=\"twitter:image\" content=\"https:\/\/www.organisator.ch\/wp-content\/uploads\/2018\/08\/2018_07_Inti_Staeuble_Bild-neu_1666999.jpg\" \/>\n<script type=\"application\/ld+json\" class=\"yoast-schema-graph\">{\"@context\":\"https:\\\/\\\/schema.org\",\"@graph\":[{\"@type\":\"Article\",\"@id\":\"https:\\\/\\\/www.organisator.ch\\\/human-resources\\\/fit_im_job\\\/2018-08-16\\\/brauchen-wir-sport\\\/#article\",\"isPartOf\":{\"@id\":\"https:\\\/\\\/www.organisator.ch\\\/human-resources\\\/fit_im_job\\\/2018-08-16\\\/brauchen-wir-sport\\\/\"},\"author\":{\"name\":\"K4-Import\",\"@id\":\"https:\\\/\\\/www.organisator.ch\\\/#\\\/schema\\\/person\\\/dd8ffea01043c9c41d7718296a158fac\"},\"headline\":\"Brauchen wir Sport?\",\"datePublished\":\"2018-08-16T06:00:48+00:00\",\"mainEntityOfPage\":{\"@id\":\"https:\\\/\\\/www.organisator.ch\\\/human-resources\\\/fit_im_job\\\/2018-08-16\\\/brauchen-wir-sport\\\/\"},\"wordCount\":660,\"commentCount\":0,\"publisher\":{\"@id\":\"https:\\\/\\\/www.organisator.ch\\\/#organization\"},\"image\":{\"@id\":\"https:\\\/\\\/www.organisator.ch\\\/human-resources\\\/fit_im_job\\\/2018-08-16\\\/brauchen-wir-sport\\\/#primaryimage\"},\"thumbnailUrl\":\"https:\\\/\\\/www.organisator.ch\\\/wp-content\\\/uploads\\\/2018\\\/08\\\/2018_07_Inti_Staeuble_Bild-neu_1666999-1.jpg\",\"keywords\":[\"Betriebliches Gesundheitsmanagement\",\"Fit im Job\"],\"articleSection\":[\"FIT IM JOB\"],\"inLanguage\":\"fr-FR\"},{\"@type\":\"WebPage\",\"@id\":\"https:\\\/\\\/www.organisator.ch\\\/human-resources\\\/fit_im_job\\\/2018-08-16\\\/brauchen-wir-sport\\\/\",\"url\":\"https:\\\/\\\/www.organisator.ch\\\/human-resources\\\/fit_im_job\\\/2018-08-16\\\/brauchen-wir-sport\\\/\",\"name\":\"Brauchen wir Sport? - Organisator\",\"isPartOf\":{\"@id\":\"https:\\\/\\\/www.organisator.ch\\\/#website\"},\"primaryImageOfPage\":{\"@id\":\"https:\\\/\\\/www.organisator.ch\\\/human-resources\\\/fit_im_job\\\/2018-08-16\\\/brauchen-wir-sport\\\/#primaryimage\"},\"image\":{\"@id\":\"https:\\\/\\\/www.organisator.ch\\\/human-resources\\\/fit_im_job\\\/2018-08-16\\\/brauchen-wir-sport\\\/#primaryimage\"},\"thumbnailUrl\":\"https:\\\/\\\/www.organisator.ch\\\/wp-content\\\/uploads\\\/2018\\\/08\\\/2018_07_Inti_Staeuble_Bild-neu_1666999-1.jpg\",\"datePublished\":\"2018-08-16T06:00:48+00:00\",\"description\":\"Am 14. September findet in Arosa der Swiss Management Run statt. Sportliche Ambitionen von F\u00fchrungskr\u00e4ften sind da durchaus gefragt, aber nicht nur.\",\"breadcrumb\":{\"@id\":\"https:\\\/\\\/www.organisator.ch\\\/human-resources\\\/fit_im_job\\\/2018-08-16\\\/brauchen-wir-sport\\\/#breadcrumb\"},\"inLanguage\":\"fr-FR\",\"potentialAction\":[{\"@type\":\"ReadAction\",\"target\":[\"https:\\\/\\\/www.organisator.ch\\\/human-resources\\\/fit_im_job\\\/2018-08-16\\\/brauchen-wir-sport\\\/\"]}]},{\"@type\":\"ImageObject\",\"inLanguage\":\"fr-FR\",\"@id\":\"https:\\\/\\\/www.organisator.ch\\\/human-resources\\\/fit_im_job\\\/2018-08-16\\\/brauchen-wir-sport\\\/#primaryimage\",\"url\":\"https:\\\/\\\/www.organisator.ch\\\/wp-content\\\/uploads\\\/2018\\\/08\\\/2018_07_Inti_Staeuble_Bild-neu_1666999-1.jpg\",\"contentUrl\":\"https:\\\/\\\/www.organisator.ch\\\/wp-content\\\/uploads\\\/2018\\\/08\\\/2018_07_Inti_Staeuble_Bild-neu_1666999-1.jpg\",\"width\":1677,\"height\":1116,\"caption\":\"Patrick St\u00e4uble, ehemaliger Radrennfahrer, f\u00fchrt die \u00abfit im job AG\u00bb und unterst\u00fctzt Kunden bei der Umsetzung von BGM.\"},{\"@type\":\"BreadcrumbList\",\"@id\":\"https:\\\/\\\/www.organisator.ch\\\/human-resources\\\/fit_im_job\\\/2018-08-16\\\/brauchen-wir-sport\\\/#breadcrumb\",\"itemListElement\":[{\"@type\":\"ListItem\",\"position\":1,\"name\":\"Home\",\"item\":\"https:\\\/\\\/www.organisator.ch\\\/\"},{\"@type\":\"ListItem\",\"position\":2,\"name\":\"Brauchen wir Sport?\"}]},{\"@type\":\"WebSite\",\"@id\":\"https:\\\/\\\/www.organisator.ch\\\/#website\",\"url\":\"https:\\\/\\\/www.organisator.ch\\\/\",\"name\":\"Organisator\",\"description\":\"Kompetent. Praxisnah. Der ORGANISATOR bereitet in 10 Ausgaben pro Jahr die wesentlichen Themen f\u00fcr F\u00fchrungskr\u00e4fte von KMU auf.\",\"publisher\":{\"@id\":\"https:\\\/\\\/www.organisator.ch\\\/#organization\"},\"potentialAction\":[{\"@type\":\"SearchAction\",\"target\":{\"@type\":\"EntryPoint\",\"urlTemplate\":\"https:\\\/\\\/www.organisator.ch\\\/?s={search_term_string}\"},\"query-input\":{\"@type\":\"PropertyValueSpecification\",\"valueRequired\":true,\"valueName\":\"search_term_string\"}}],\"inLanguage\":\"fr-FR\"},{\"@type\":\"Organization\",\"@id\":\"https:\\\/\\\/www.organisator.ch\\\/#organization\",\"name\":\"Organisator\",\"url\":\"https:\\\/\\\/www.organisator.ch\\\/\",\"logo\":{\"@type\":\"ImageObject\",\"inLanguage\":\"fr-FR\",\"@id\":\"https:\\\/\\\/www.organisator.ch\\\/#\\\/schema\\\/logo\\\/image\\\/\",\"url\":\"https:\\\/\\\/www.organisator.ch\\\/wp-content\\\/uploads\\\/2022\\\/01\\\/Logo_Organisator_Website.png\",\"contentUrl\":\"https:\\\/\\\/www.organisator.ch\\\/wp-content\\\/uploads\\\/2022\\\/01\\\/Logo_Organisator_Website.png\",\"width\":800,\"height\":77,\"caption\":\"Organisator\"},\"image\":{\"@id\":\"https:\\\/\\\/www.organisator.ch\\\/#\\\/schema\\\/logo\\\/image\\\/\"},\"sameAs\":[\"https:\\\/\\\/www.facebook.com\\\/OrganisatorFachmagazin\",\"https:\\\/\\\/www.linkedin.com\\\/showcase\\\/organisator-das-magazin-fr-kmu\",\"https:\\\/\\\/www.xing.com\\\/news\\\/pages\\\/organisator-ch-695\",\"https:\\\/\\\/www.youtube.com\\\/channel\\\/UCGP2Sq0iWaZwT3BdIAQFYpw\"]},{\"@type\":\"Person\",\"@id\":\"https:\\\/\\\/www.organisator.ch\\\/#\\\/schema\\\/person\\\/dd8ffea01043c9c41d7718296a158fac\",\"name\":\"K4-Import\",\"image\":{\"@type\":\"ImageObject\",\"inLanguage\":\"fr-FR\",\"@id\":\"https:\\\/\\\/secure.gravatar.com\\\/avatar\\\/73620ab7215a54b074cc226514e02ed65cb79211bbaee1eb49b63b57e58aaad6?s=96&d=mm&r=g\",\"url\":\"https:\\\/\\\/secure.gravatar.com\\\/avatar\\\/73620ab7215a54b074cc226514e02ed65cb79211bbaee1eb49b63b57e58aaad6?s=96&d=mm&r=g\",\"contentUrl\":\"https:\\\/\\\/secure.gravatar.com\\\/avatar\\\/73620ab7215a54b074cc226514e02ed65cb79211bbaee1eb49b63b57e58aaad6?s=96&d=mm&r=g\",\"caption\":\"K4-Import\"},\"url\":\"https:\\\/\\\/www.organisator.ch\\\/fr\\\/author\\\/k4-import\\\/\"}]}<\/script>\n<!-- \/ Yoast SEO plugin. -->","yoast_head_json":{"title":"Avons-nous besoin de sport ? - Organisateur","description":"Le 14 septembre, la Swiss Management Run aura lieu \u00e0 Arosa. Les ambitions sportives des cadres y sont tout \u00e0 fait requises, mais pas seulement.","robots":{"index":"index","follow":"follow","max-snippet":"max-snippet:-1","max-image-preview":"max-image-preview:large","max-video-preview":"max-video-preview:-1"},"canonical":"https:\/\/www.organisator.ch\/fr\/ressources-humaines\/fit_im_job\/2018-08-16\/brauchen-wir-sport\/","og_locale":"fr_FR","og_type":"article","og_title":"Brauchen wir Sport?","og_description":"Am 14. September findet in Arosa der Swiss Management Run statt. Sportliche Ambitionen von F\u00fchrungskr\u00e4ften sind da durchaus gefragt, aber nicht nur.","og_url":"https:\/\/www.organisator.ch\/fr\/ressources-humaines\/fit_im_job\/2018-08-16\/brauchen-wir-sport\/","og_site_name":"Organisator","article_publisher":"https:\/\/www.facebook.com\/OrganisatorFachmagazin","article_published_time":"2018-08-16T06:00:48+00:00","og_image":[{"width":1677,"height":1116,"url":"https:\/\/www.organisator.ch\/wp-content\/uploads\/2018\/08\/2018_07_Inti_Staeuble_Bild-neu_1666999.jpg","type":"image\/jpeg"}],"author":"K4-Import","twitter_card":"summary_large_image","twitter_title":"Brauchen wir Sport?","twitter_description":"Am 14. September findet in Arosa der Swiss Management Run statt. Sportliche Ambitionen von F\u00fchrungskr\u00e4ften sind da durchaus gefragt, aber nicht nur.","twitter_image":"https:\/\/www.organisator.ch\/wp-content\/uploads\/2018\/08\/2018_07_Inti_Staeuble_Bild-neu_1666999.jpg","schema":{"@context":"https:\/\/schema.org","@graph":[{"@type":"Article","@id":"https:\/\/www.organisator.ch\/human-resources\/fit_im_job\/2018-08-16\/brauchen-wir-sport\/#article","isPartOf":{"@id":"https:\/\/www.organisator.ch\/human-resources\/fit_im_job\/2018-08-16\/brauchen-wir-sport\/"},"author":{"name":"K4-Import","@id":"https:\/\/www.organisator.ch\/#\/schema\/person\/dd8ffea01043c9c41d7718296a158fac"},"headline":"Brauchen wir Sport?","datePublished":"2018-08-16T06:00:48+00:00","mainEntityOfPage":{"@id":"https:\/\/www.organisator.ch\/human-resources\/fit_im_job\/2018-08-16\/brauchen-wir-sport\/"},"wordCount":660,"commentCount":0,"publisher":{"@id":"https:\/\/www.organisator.ch\/#organization"},"image":{"@id":"https:\/\/www.organisator.ch\/human-resources\/fit_im_job\/2018-08-16\/brauchen-wir-sport\/#primaryimage"},"thumbnailUrl":"https:\/\/www.organisator.ch\/wp-content\/uploads\/2018\/08\/2018_07_Inti_Staeuble_Bild-neu_1666999-1.jpg","keywords":["Betriebliches Gesundheitsmanagement","Fit im Job"],"articleSection":["FIT IM JOB"],"inLanguage":"fr-FR"},{"@type":"WebPage","@id":"https:\/\/www.organisator.ch\/human-resources\/fit_im_job\/2018-08-16\/brauchen-wir-sport\/","url":"https:\/\/www.organisator.ch\/human-resources\/fit_im_job\/2018-08-16\/brauchen-wir-sport\/","name":"Avons-nous besoin de sport ? - Organisateur","isPartOf":{"@id":"https:\/\/www.organisator.ch\/#website"},"primaryImageOfPage":{"@id":"https:\/\/www.organisator.ch\/human-resources\/fit_im_job\/2018-08-16\/brauchen-wir-sport\/#primaryimage"},"image":{"@id":"https:\/\/www.organisator.ch\/human-resources\/fit_im_job\/2018-08-16\/brauchen-wir-sport\/#primaryimage"},"thumbnailUrl":"https:\/\/www.organisator.ch\/wp-content\/uploads\/2018\/08\/2018_07_Inti_Staeuble_Bild-neu_1666999-1.jpg","datePublished":"2018-08-16T06:00:48+00:00","description":"Le 14 septembre, la Swiss Management Run aura lieu \u00e0 Arosa. Les ambitions sportives des cadres y sont tout \u00e0 fait requises, mais pas seulement.","breadcrumb":{"@id":"https:\/\/www.organisator.ch\/human-resources\/fit_im_job\/2018-08-16\/brauchen-wir-sport\/#breadcrumb"},"inLanguage":"fr-FR","potentialAction":[{"@type":"ReadAction","target":["https:\/\/www.organisator.ch\/human-resources\/fit_im_job\/2018-08-16\/brauchen-wir-sport\/"]}]},{"@type":"ImageObject","inLanguage":"fr-FR","@id":"https:\/\/www.organisator.ch\/human-resources\/fit_im_job\/2018-08-16\/brauchen-wir-sport\/#primaryimage","url":"https:\/\/www.organisator.ch\/wp-content\/uploads\/2018\/08\/2018_07_Inti_Staeuble_Bild-neu_1666999-1.jpg","contentUrl":"https:\/\/www.organisator.ch\/wp-content\/uploads\/2018\/08\/2018_07_Inti_Staeuble_Bild-neu_1666999-1.jpg","width":1677,"height":1116,"caption":"Patrick St\u00e4uble, ehemaliger Radrennfahrer, f\u00fchrt die \u00abfit im job AG\u00bb und unterst\u00fctzt Kunden bei der Umsetzung von BGM."},{"@type":"BreadcrumbList","@id":"https:\/\/www.organisator.ch\/human-resources\/fit_im_job\/2018-08-16\/brauchen-wir-sport\/#breadcrumb","itemListElement":[{"@type":"ListItem","position":1,"name":"Home","item":"https:\/\/www.organisator.ch\/"},{"@type":"ListItem","position":2,"name":"Brauchen wir Sport?"}]},{"@type":"WebSite","@id":"https:\/\/www.organisator.ch\/#website","url":"https:\/\/www.organisator.ch\/","name":"Organisateur","description":"Comp\u00e9tence et comp\u00e9tence. Proches de la pratique. L'ORGANISATEUR pr\u00e9pare 10 num\u00e9ros par an sur les th\u00e8mes essentiels pour les dirigeants de PME.","publisher":{"@id":"https:\/\/www.organisator.ch\/#organization"},"potentialAction":[{"@type":"SearchAction","target":{"@type":"EntryPoint","urlTemplate":"https:\/\/www.organisator.ch\/?s={search_term_string}"},"query-input":{"@type":"PropertyValueSpecification","valueRequired":true,"valueName":"search_term_string"}}],"inLanguage":"fr-FR"},{"@type":"Organization","@id":"https:\/\/www.organisator.ch\/#organization","name":"Organisateur","url":"https:\/\/www.organisator.ch\/","logo":{"@type":"ImageObject","inLanguage":"fr-FR","@id":"https:\/\/www.organisator.ch\/#\/schema\/logo\/image\/","url":"https:\/\/www.organisator.ch\/wp-content\/uploads\/2022\/01\/Logo_Organisator_Website.png","contentUrl":"https:\/\/www.organisator.ch\/wp-content\/uploads\/2022\/01\/Logo_Organisator_Website.png","width":800,"height":77,"caption":"Organisator"},"image":{"@id":"https:\/\/www.organisator.ch\/#\/schema\/logo\/image\/"},"sameAs":["https:\/\/www.facebook.com\/OrganisatorFachmagazin","https:\/\/www.linkedin.com\/showcase\/organisator-das-magazin-fr-kmu","https:\/\/www.xing.com\/news\/pages\/organisator-ch-695","https:\/\/www.youtube.com\/channel\/UCGP2Sq0iWaZwT3BdIAQFYpw"]},{"@type":"Person","@id":"https:\/\/www.organisator.ch\/#\/schema\/person\/dd8ffea01043c9c41d7718296a158fac","name":"Importation K4","image":{"@type":"ImageObject","inLanguage":"fr-FR","@id":"https:\/\/secure.gravatar.com\/avatar\/73620ab7215a54b074cc226514e02ed65cb79211bbaee1eb49b63b57e58aaad6?s=96&d=mm&r=g","url":"https:\/\/secure.gravatar.com\/avatar\/73620ab7215a54b074cc226514e02ed65cb79211bbaee1eb49b63b57e58aaad6?s=96&d=mm&r=g","contentUrl":"https:\/\/secure.gravatar.com\/avatar\/73620ab7215a54b074cc226514e02ed65cb79211bbaee1eb49b63b57e58aaad6?s=96&d=mm&r=g","caption":"K4-Import"},"url":"https:\/\/www.organisator.ch\/fr\/author\/k4-import\/"}]}},"_links":{"self":[{"href":"https:\/\/www.organisator.ch\/fr\/wp-json\/wp\/v2\/posts\/4040","targetHints":{"allow":["GET"]}}],"collection":[{"href":"https:\/\/www.organisator.ch\/fr\/wp-json\/wp\/v2\/posts"}],"about":[{"href":"https:\/\/www.organisator.ch\/fr\/wp-json\/wp\/v2\/types\/post"}],"author":[{"embeddable":true,"href":"https:\/\/www.organisator.ch\/fr\/wp-json\/wp\/v2\/users\/7"}],"replies":[{"embeddable":true,"href":"https:\/\/www.organisator.ch\/fr\/wp-json\/wp\/v2\/comments?post=4040"}],"version-history":[{"count":0,"href":"https:\/\/www.organisator.ch\/fr\/wp-json\/wp\/v2\/posts\/4040\/revisions"}],"wp:featuredmedia":[{"embeddable":true,"href":"https:\/\/www.organisator.ch\/fr\/wp-json\/wp\/v2\/media\/11426"}],"wp:attachment":[{"href":"https:\/\/www.organisator.ch\/fr\/wp-json\/wp\/v2\/media?parent=4040"}],"wp:term":[{"taxonomy":"category","embeddable":true,"href":"https:\/\/www.organisator.ch\/fr\/wp-json\/wp\/v2\/categories?post=4040"},{"taxonomy":"post_tag","embeddable":true,"href":"https:\/\/www.organisator.ch\/fr\/wp-json\/wp\/v2\/tags?post=4040"}],"curies":[{"name":"wp","href":"https:\/\/api.w.org\/{rel}","templated":true}]}}