{"id":4046,"date":"2018-08-09T08:21:54","date_gmt":"2018-08-09T06:21:54","guid":{"rendered":"https:\/\/www.organisator.ch\/?p=4046"},"modified":"2018-08-09T08:21:54","modified_gmt":"2018-08-09T06:21:54","slug":"fit-for-management-2018-fit-im-beruf-durch-veraenderungen","status":"publish","type":"post","link":"https:\/\/www.organisator.ch\/fr\/human-resources\/fit_im_job\/2018-08-09\/fit-for-management-2018-fit-im-beruf-durch-veraenderungen\/","title":{"rendered":"Fit for Management 2018 : En forme au travail gr\u00e2ce au changement"},"content":{"rendered":"<figure id=\"attachment_4047\" aria-describedby=\"caption-attachment-4047\" style=\"width: 640px\" class=\"wp-caption alignnone\"><img loading=\"lazy\" decoding=\"async\" class=\"size-full wp-image-4047\" src=\"https:\/\/www.organisator.ch\/wp-content\/uploads\/2018\/08\/Fit-for-Management-2018-Fit-im-Beruf-durch-Veraenderungen_Organisator.jpg\" alt=\"\" width=\"640\" height=\"426\" srcset=\"https:\/\/www.organisator.ch\/wp-content\/uploads\/2018\/08\/Fit-for-Management-2018-Fit-im-Beruf-durch-Veraenderungen_Organisator.jpg 640w, https:\/\/www.organisator.ch\/wp-content\/uploads\/2018\/08\/Fit-for-Management-2018-Fit-im-Beruf-durch-Veraenderungen_Organisator-16x12.jpg 16w, https:\/\/www.organisator.ch\/wp-content\/uploads\/2018\/08\/Fit-for-Management-2018-Fit-im-Beruf-durch-Veraenderungen_Organisator-263x175.jpg 263w, https:\/\/www.organisator.ch\/wp-content\/uploads\/2018\/08\/Fit-for-Management-2018-Fit-im-Beruf-durch-Veraenderungen_Organisator-526x350.jpg 526w, https:\/\/www.organisator.ch\/wp-content\/uploads\/2018\/08\/Fit-for-Management-2018-Fit-im-Beruf-durch-Veraenderungen_Organisator-300x200.jpg 300w\" sizes=\"auto, (max-width: 640px) 100vw, 640px\" \/><figcaption id=\"caption-attachment-4047\" class=\"wp-caption-text\">La Swiss Management Run constitue le point fort du symposium Fit for Management. (Image : AlphaFoto)<\/figcaption><\/figure>\n<p>Le 14 septembre 2018, la Swiss Management Run aura lieu pour la cinqui\u00e8me fois \u00e0 Arosa. Sous la devise \"Courir au lieu de jouer au golf\", la manifestation offre une plateforme exclusive pour faire du sport et \u00e9changer avec des cadres et des contacts commerciaux. Plus de 300 participants profiteront de conf\u00e9rences sur des th\u00e8mes li\u00e9s \u00e0 la sant\u00e9 des managers - tout \u00e0 fait dans la ligne du th\u00e8me \"Fit for Management\".<\/p>\n<h2>En forme gr\u00e2ce au changement<\/h2>\n<p>Malgr\u00e9 le net rejet de \"No Billag\", la Soci\u00e9t\u00e9 suisse de radiodiffusion et t\u00e9l\u00e9vision (SSR) poursuit ses r\u00e9formes. Bakel Walden, directeur du d\u00e9veloppement et de l'offre, est responsable de la coordination dans le marathon des changements de l'entreprise. Dans son expos\u00e9, il aborde les d\u00e9fis personnels et explique comment il se maintient en forme gr\u00e2ce au changement. Outre Bernhard Heusler, Jeannine Pilloud, ancienne responsable du trafic voyageurs aux CFF et d\u00e9sormais d\u00e9l\u00e9gu\u00e9e au d\u00e9veloppement de la branche des TP, a \u00e9galement connu un changement dans sa position de cadre. Dans une double interview, ils expliquent pourquoi le changement peut \u00eatre \u00e0 la fois une menace et une chance.<\/p>\n<h2>Cinqui\u00e8me \u00e9dition du Swiss Management Run<\/h2>\n<p>Les th\u00e8mes du symposium Fit for Management s'adressent de mani\u00e8re cibl\u00e9e aux cadres suisses. Il y sera notamment question de la volont\u00e9, des situations de pression, du mode de vie dans le quotidien des managers et du bon \u00e9quilibre entre sport et repos. Le coup d'envoi de la 5e Swiss Management Run sera donn\u00e9 apr\u00e8s le symposium. Les coureurs d\u00e9couvriront les montagnes d'Arosi sous leur meilleur jour sur trois parcours diff\u00e9rents, avec des distances de 1,2 km, 5 km et 10 km. A l'issue de la course, l'After Run Party invite les participants \u00e0 un r\u00e9seautage d\u00e9tendu et \u00e0 des \u00e9changes. L'Organisation suisse des cadres ASC est \u00e0 nouveau de la partie en tant que partenaire premium et f\u00eatera son 125e anniversaire dans le cadre de l'\u00e9v\u00e9nement.<\/p>\n<p><em>Cliquez ici pour acc\u00e9der au <a href=\"https:\/\/management-run.ch\/programm\/\">Programme<\/a>\u00a0et \u00e0 la <a href=\"https:\/\/management-run.ch\/anmeldung\/?no_cache=1\">Inscription<\/a><\/em><\/p>\n<p>&nbsp;<\/p>","protected":false},"excerpt":{"rendered":"<p>Am 14. September 2018 findet zum f\u00fcnften Mal der\u00a0Swiss Management Run\u00a0in Arosa statt. Unter dem Motto \u201eLaufen statt Golfen&#8220; bietet die Veranstaltung eine exklusive Plattform zum Sport treiben und zum Austausch mit F\u00fchrungskr\u00e4ften und Gesch\u00e4ftskontakten. \u00dcber 300 Teilnehmer profitieren von Vortr\u00e4gen zu Themen rund um die Gesundheit von Managern &#8211; ganz dem Thema &#8222;Fit for [&hellip;]<\/p>\n","protected":false},"author":4,"featured_media":4047,"comment_status":"open","ping_status":"open","sticky":false,"template":"","format":"standard","meta":{"_acf_changed":false,"_yoast_wpseo_focuskw":"Fit for Management","_yoast_wpseo_metadesc":"Am Symposium Fit for Management vom 14. September werden in Arosa 300 Teilnehmer erwartet. Unter den Referenten ist auch Ex-FCB Pr\u00e4sident Bernhard Heusler.","articlekey":"","footnotes":""},"categories":[25],"tags":[77,193,208,502],"class_list":["post-4046","post","type-post","status-publish","format-standard","has-post-thumbnail","hentry","category-fit_im_job","tag-betriebliches-gesundheitsmanagement","tag-fachkongressfachmesse","tag-fit-im-job","tag-veranstaltungen"],"acf":[],"yoast_head":"<!-- This site is optimized with the Yoast SEO plugin v27.5 - https:\/\/yoast.com\/product\/yoast-seo-wordpress\/ -->\n<title>Fit for Management 2018: Fit im Beruf durch Ver\u00e4nderungen - Organisator<\/title>\n<meta name=\"description\" content=\"Am Symposium Fit for Management vom 14. September werden in Arosa 300 Teilnehmer erwartet. Unter den Referenten ist auch Ex-FCB Pr\u00e4sident Bernhard Heusler.\" \/>\n<meta name=\"robots\" content=\"index, follow, max-snippet:-1, max-image-preview:large, max-video-preview:-1\" \/>\n<link rel=\"canonical\" href=\"https:\/\/www.organisator.ch\/fr\/ressources-humaines\/fit_im_job\/2018-08-09\/fit-for-management-2018-fit-im-beruf-durch-veraenderungen\/\" \/>\n<meta property=\"og:locale\" content=\"fr_FR\" \/>\n<meta property=\"og:type\" content=\"article\" \/>\n<meta property=\"og:title\" content=\"Fit for Management 2018: Fit im Beruf durch Ver\u00e4nderungen\" \/>\n<meta property=\"og:description\" content=\"Am Symposium Fit for Management vom 14. September werden in #Arosa 300 Teilnehmer erwartet. Unter den Referenten ist auch Ex-FCB Pr\u00e4sident Bernhard #Heusler.\" \/>\n<meta property=\"og:url\" content=\"https:\/\/www.organisator.ch\/fr\/ressources-humaines\/fit_im_job\/2018-08-09\/fit-for-management-2018-fit-im-beruf-durch-veraenderungen\/\" \/>\n<meta property=\"og:site_name\" content=\"Organisator\" \/>\n<meta property=\"article:publisher\" content=\"https:\/\/www.facebook.com\/OrganisatorFachmagazin\" \/>\n<meta property=\"article:published_time\" content=\"2018-08-09T06:21:54+00:00\" \/>\n<meta property=\"og:image\" content=\"https:\/\/www.organisator.ch\/wp-content\/uploads\/2018\/08\/Fit-for-Management-2018-Fit-im-Beruf-durch-Veraenderungen_Organisator.jpg\" \/>\n\t<meta property=\"og:image:width\" content=\"640\" \/>\n\t<meta property=\"og:image:height\" content=\"426\" \/>\n\t<meta property=\"og:image:type\" content=\"image\/jpeg\" \/>\n<meta name=\"author\" content=\"thomas.berner\" \/>\n<meta name=\"twitter:card\" content=\"summary_large_image\" \/>\n<meta name=\"twitter:title\" content=\"Fit for Management 2018: Fit im Beruf durch Ver\u00e4nderungen\" \/>\n<meta name=\"twitter:description\" content=\"Am Symposium Fit for Management vom 14. September werden in #Arosa 300 Teilnehmer erwartet. Unter den Referenten ist auch Ex-FCB Pr\u00e4sident Bernhard #Heusler.\" \/>\n<meta name=\"twitter:image\" content=\"https:\/\/www.organisator.ch\/wp-content\/uploads\/2018\/08\/Fit-for-Management-2018-Fit-im-Beruf-durch-Ver\u00e4nderungen_Organisator.jpg\" \/>\n<script type=\"application\/ld+json\" class=\"yoast-schema-graph\">{\"@context\":\"https:\\\/\\\/schema.org\",\"@graph\":[{\"@type\":\"Article\",\"@id\":\"https:\\\/\\\/www.organisator.ch\\\/human-resources\\\/fit_im_job\\\/2018-08-09\\\/fit-for-management-2018-fit-im-beruf-durch-veraenderungen\\\/#article\",\"isPartOf\":{\"@id\":\"https:\\\/\\\/www.organisator.ch\\\/human-resources\\\/fit_im_job\\\/2018-08-09\\\/fit-for-management-2018-fit-im-beruf-durch-veraenderungen\\\/\"},\"author\":{\"name\":\"thomas.berner\",\"@id\":\"https:\\\/\\\/www.organisator.ch\\\/#\\\/schema\\\/person\\\/6f650f90b2842cd4c0cc334b4e36f67e\"},\"headline\":\"Fit for Management 2018: Fit im Beruf durch Ver\u00e4nderungen\",\"datePublished\":\"2018-08-09T06:21:54+00:00\",\"mainEntityOfPage\":{\"@id\":\"https:\\\/\\\/www.organisator.ch\\\/human-resources\\\/fit_im_job\\\/2018-08-09\\\/fit-for-management-2018-fit-im-beruf-durch-veraenderungen\\\/\"},\"wordCount\":316,\"commentCount\":0,\"publisher\":{\"@id\":\"https:\\\/\\\/www.organisator.ch\\\/#organization\"},\"image\":{\"@id\":\"https:\\\/\\\/www.organisator.ch\\\/human-resources\\\/fit_im_job\\\/2018-08-09\\\/fit-for-management-2018-fit-im-beruf-durch-veraenderungen\\\/#primaryimage\"},\"thumbnailUrl\":\"https:\\\/\\\/www.organisator.ch\\\/wp-content\\\/uploads\\\/2018\\\/08\\\/Fit-for-Management-2018-Fit-im-Beruf-durch-Veraenderungen_Organisator.jpg\",\"keywords\":[\"Betriebliches Gesundheitsmanagement\",\"Fachkongress\\\/Fachmesse\",\"Fit im Job\",\"Veranstaltungen\"],\"articleSection\":[\"FIT IM JOB\"],\"inLanguage\":\"fr-FR\"},{\"@type\":\"WebPage\",\"@id\":\"https:\\\/\\\/www.organisator.ch\\\/human-resources\\\/fit_im_job\\\/2018-08-09\\\/fit-for-management-2018-fit-im-beruf-durch-veraenderungen\\\/\",\"url\":\"https:\\\/\\\/www.organisator.ch\\\/human-resources\\\/fit_im_job\\\/2018-08-09\\\/fit-for-management-2018-fit-im-beruf-durch-veraenderungen\\\/\",\"name\":\"Fit for Management 2018: Fit im Beruf durch Ver\u00e4nderungen - Organisator\",\"isPartOf\":{\"@id\":\"https:\\\/\\\/www.organisator.ch\\\/#website\"},\"primaryImageOfPage\":{\"@id\":\"https:\\\/\\\/www.organisator.ch\\\/human-resources\\\/fit_im_job\\\/2018-08-09\\\/fit-for-management-2018-fit-im-beruf-durch-veraenderungen\\\/#primaryimage\"},\"image\":{\"@id\":\"https:\\\/\\\/www.organisator.ch\\\/human-resources\\\/fit_im_job\\\/2018-08-09\\\/fit-for-management-2018-fit-im-beruf-durch-veraenderungen\\\/#primaryimage\"},\"thumbnailUrl\":\"https:\\\/\\\/www.organisator.ch\\\/wp-content\\\/uploads\\\/2018\\\/08\\\/Fit-for-Management-2018-Fit-im-Beruf-durch-Veraenderungen_Organisator.jpg\",\"datePublished\":\"2018-08-09T06:21:54+00:00\",\"description\":\"Am Symposium Fit for Management vom 14. September werden in Arosa 300 Teilnehmer erwartet. Unter den Referenten ist auch Ex-FCB Pr\u00e4sident Bernhard Heusler.\",\"breadcrumb\":{\"@id\":\"https:\\\/\\\/www.organisator.ch\\\/human-resources\\\/fit_im_job\\\/2018-08-09\\\/fit-for-management-2018-fit-im-beruf-durch-veraenderungen\\\/#breadcrumb\"},\"inLanguage\":\"fr-FR\",\"potentialAction\":[{\"@type\":\"ReadAction\",\"target\":[\"https:\\\/\\\/www.organisator.ch\\\/human-resources\\\/fit_im_job\\\/2018-08-09\\\/fit-for-management-2018-fit-im-beruf-durch-veraenderungen\\\/\"]}]},{\"@type\":\"ImageObject\",\"inLanguage\":\"fr-FR\",\"@id\":\"https:\\\/\\\/www.organisator.ch\\\/human-resources\\\/fit_im_job\\\/2018-08-09\\\/fit-for-management-2018-fit-im-beruf-durch-veraenderungen\\\/#primaryimage\",\"url\":\"https:\\\/\\\/www.organisator.ch\\\/wp-content\\\/uploads\\\/2018\\\/08\\\/Fit-for-Management-2018-Fit-im-Beruf-durch-Veraenderungen_Organisator.jpg\",\"contentUrl\":\"https:\\\/\\\/www.organisator.ch\\\/wp-content\\\/uploads\\\/2018\\\/08\\\/Fit-for-Management-2018-Fit-im-Beruf-durch-Veraenderungen_Organisator.jpg\",\"width\":640,\"height\":426,\"caption\":\"Der Swiss Management Run bildet das Highlight des Symposiums Fit for Management. (Bild: AlphaFoto)\"},{\"@type\":\"BreadcrumbList\",\"@id\":\"https:\\\/\\\/www.organisator.ch\\\/human-resources\\\/fit_im_job\\\/2018-08-09\\\/fit-for-management-2018-fit-im-beruf-durch-veraenderungen\\\/#breadcrumb\",\"itemListElement\":[{\"@type\":\"ListItem\",\"position\":1,\"name\":\"Home\",\"item\":\"https:\\\/\\\/www.organisator.ch\\\/\"},{\"@type\":\"ListItem\",\"position\":2,\"name\":\"Fit for Management 2018: Fit im Beruf durch Ver\u00e4nderungen\"}]},{\"@type\":\"WebSite\",\"@id\":\"https:\\\/\\\/www.organisator.ch\\\/#website\",\"url\":\"https:\\\/\\\/www.organisator.ch\\\/\",\"name\":\"Organisator\",\"description\":\"Kompetent. Praxisnah. Der ORGANISATOR bereitet in 10 Ausgaben pro Jahr die wesentlichen Themen f\u00fcr F\u00fchrungskr\u00e4fte von KMU auf.\",\"publisher\":{\"@id\":\"https:\\\/\\\/www.organisator.ch\\\/#organization\"},\"potentialAction\":[{\"@type\":\"SearchAction\",\"target\":{\"@type\":\"EntryPoint\",\"urlTemplate\":\"https:\\\/\\\/www.organisator.ch\\\/?s={search_term_string}\"},\"query-input\":{\"@type\":\"PropertyValueSpecification\",\"valueRequired\":true,\"valueName\":\"search_term_string\"}}],\"inLanguage\":\"fr-FR\"},{\"@type\":\"Organization\",\"@id\":\"https:\\\/\\\/www.organisator.ch\\\/#organization\",\"name\":\"Organisator\",\"url\":\"https:\\\/\\\/www.organisator.ch\\\/\",\"logo\":{\"@type\":\"ImageObject\",\"inLanguage\":\"fr-FR\",\"@id\":\"https:\\\/\\\/www.organisator.ch\\\/#\\\/schema\\\/logo\\\/image\\\/\",\"url\":\"https:\\\/\\\/www.organisator.ch\\\/wp-content\\\/uploads\\\/2022\\\/01\\\/Logo_Organisator_Website.png\",\"contentUrl\":\"https:\\\/\\\/www.organisator.ch\\\/wp-content\\\/uploads\\\/2022\\\/01\\\/Logo_Organisator_Website.png\",\"width\":800,\"height\":77,\"caption\":\"Organisator\"},\"image\":{\"@id\":\"https:\\\/\\\/www.organisator.ch\\\/#\\\/schema\\\/logo\\\/image\\\/\"},\"sameAs\":[\"https:\\\/\\\/www.facebook.com\\\/OrganisatorFachmagazin\",\"https:\\\/\\\/www.linkedin.com\\\/showcase\\\/organisator-das-magazin-fr-kmu\",\"https:\\\/\\\/www.xing.com\\\/news\\\/pages\\\/organisator-ch-695\",\"https:\\\/\\\/www.youtube.com\\\/channel\\\/UCGP2Sq0iWaZwT3BdIAQFYpw\"]},{\"@type\":\"Person\",\"@id\":\"https:\\\/\\\/www.organisator.ch\\\/#\\\/schema\\\/person\\\/6f650f90b2842cd4c0cc334b4e36f67e\",\"name\":\"thomas.berner\",\"image\":{\"@type\":\"ImageObject\",\"inLanguage\":\"fr-FR\",\"@id\":\"https:\\\/\\\/secure.gravatar.com\\\/avatar\\\/ac5001d2a36cb6c6cd3e50789007ffca834b477b74a2144564522e944eabff61?s=96&d=mm&r=g\",\"url\":\"https:\\\/\\\/secure.gravatar.com\\\/avatar\\\/ac5001d2a36cb6c6cd3e50789007ffca834b477b74a2144564522e944eabff61?s=96&d=mm&r=g\",\"contentUrl\":\"https:\\\/\\\/secure.gravatar.com\\\/avatar\\\/ac5001d2a36cb6c6cd3e50789007ffca834b477b74a2144564522e944eabff61?s=96&d=mm&r=g\",\"caption\":\"thomas.berner\"},\"url\":\"https:\\\/\\\/www.organisator.ch\\\/fr\\\/author\\\/thomas-berner\\\/\"}]}<\/script>\n<!-- \/ Yoast SEO plugin. -->","yoast_head_json":{"title":"Fit for Management 2018 : En forme au travail gr\u00e2ce au changement - Organisateur","description":"300 participants sont attendus au symposium Fit for Management du 14 septembre \u00e0 Arosa. L'ancien pr\u00e9sident du FCB Bernhard Heusler fera partie des intervenants.","robots":{"index":"index","follow":"follow","max-snippet":"max-snippet:-1","max-image-preview":"max-image-preview:large","max-video-preview":"max-video-preview:-1"},"canonical":"https:\/\/www.organisator.ch\/fr\/ressources-humaines\/fit_im_job\/2018-08-09\/fit-for-management-2018-fit-im-beruf-durch-veraenderungen\/","og_locale":"fr_FR","og_type":"article","og_title":"Fit for Management 2018: Fit im Beruf durch Ver\u00e4nderungen","og_description":"Am Symposium Fit for Management vom 14. September werden in #Arosa 300 Teilnehmer erwartet. Unter den Referenten ist auch Ex-FCB Pr\u00e4sident Bernhard #Heusler.","og_url":"https:\/\/www.organisator.ch\/fr\/ressources-humaines\/fit_im_job\/2018-08-09\/fit-for-management-2018-fit-im-beruf-durch-veraenderungen\/","og_site_name":"Organisator","article_publisher":"https:\/\/www.facebook.com\/OrganisatorFachmagazin","article_published_time":"2018-08-09T06:21:54+00:00","og_image":[{"width":640,"height":426,"url":"https:\/\/www.organisator.ch\/wp-content\/uploads\/2018\/08\/Fit-for-Management-2018-Fit-im-Beruf-durch-Veraenderungen_Organisator.jpg","type":"image\/jpeg"}],"author":"thomas.berner","twitter_card":"summary_large_image","twitter_title":"Fit for Management 2018: Fit im Beruf durch Ver\u00e4nderungen","twitter_description":"Am Symposium Fit for Management vom 14. September werden in #Arosa 300 Teilnehmer erwartet. Unter den Referenten ist auch Ex-FCB Pr\u00e4sident Bernhard #Heusler.","twitter_image":"https:\/\/www.organisator.ch\/wp-content\/uploads\/2018\/08\/Fit-for-Management-2018-Fit-im-Beruf-durch-Ver\u00e4nderungen_Organisator.jpg","schema":{"@context":"https:\/\/schema.org","@graph":[{"@type":"Article","@id":"https:\/\/www.organisator.ch\/human-resources\/fit_im_job\/2018-08-09\/fit-for-management-2018-fit-im-beruf-durch-veraenderungen\/#article","isPartOf":{"@id":"https:\/\/www.organisator.ch\/human-resources\/fit_im_job\/2018-08-09\/fit-for-management-2018-fit-im-beruf-durch-veraenderungen\/"},"author":{"name":"thomas.berner","@id":"https:\/\/www.organisator.ch\/#\/schema\/person\/6f650f90b2842cd4c0cc334b4e36f67e"},"headline":"Fit for Management 2018: Fit im Beruf durch Ver\u00e4nderungen","datePublished":"2018-08-09T06:21:54+00:00","mainEntityOfPage":{"@id":"https:\/\/www.organisator.ch\/human-resources\/fit_im_job\/2018-08-09\/fit-for-management-2018-fit-im-beruf-durch-veraenderungen\/"},"wordCount":316,"commentCount":0,"publisher":{"@id":"https:\/\/www.organisator.ch\/#organization"},"image":{"@id":"https:\/\/www.organisator.ch\/human-resources\/fit_im_job\/2018-08-09\/fit-for-management-2018-fit-im-beruf-durch-veraenderungen\/#primaryimage"},"thumbnailUrl":"https:\/\/www.organisator.ch\/wp-content\/uploads\/2018\/08\/Fit-for-Management-2018-Fit-im-Beruf-durch-Veraenderungen_Organisator.jpg","keywords":["Betriebliches Gesundheitsmanagement","Fachkongress\/Fachmesse","Fit im Job","Veranstaltungen"],"articleSection":["FIT IM JOB"],"inLanguage":"fr-FR"},{"@type":"WebPage","@id":"https:\/\/www.organisator.ch\/human-resources\/fit_im_job\/2018-08-09\/fit-for-management-2018-fit-im-beruf-durch-veraenderungen\/","url":"https:\/\/www.organisator.ch\/human-resources\/fit_im_job\/2018-08-09\/fit-for-management-2018-fit-im-beruf-durch-veraenderungen\/","name":"Fit for Management 2018 : En forme au travail gr\u00e2ce au changement - Organisateur","isPartOf":{"@id":"https:\/\/www.organisator.ch\/#website"},"primaryImageOfPage":{"@id":"https:\/\/www.organisator.ch\/human-resources\/fit_im_job\/2018-08-09\/fit-for-management-2018-fit-im-beruf-durch-veraenderungen\/#primaryimage"},"image":{"@id":"https:\/\/www.organisator.ch\/human-resources\/fit_im_job\/2018-08-09\/fit-for-management-2018-fit-im-beruf-durch-veraenderungen\/#primaryimage"},"thumbnailUrl":"https:\/\/www.organisator.ch\/wp-content\/uploads\/2018\/08\/Fit-for-Management-2018-Fit-im-Beruf-durch-Veraenderungen_Organisator.jpg","datePublished":"2018-08-09T06:21:54+00:00","description":"300 participants sont attendus au symposium Fit for Management du 14 septembre \u00e0 Arosa. L'ancien pr\u00e9sident du FCB Bernhard Heusler fera partie des intervenants.","breadcrumb":{"@id":"https:\/\/www.organisator.ch\/human-resources\/fit_im_job\/2018-08-09\/fit-for-management-2018-fit-im-beruf-durch-veraenderungen\/#breadcrumb"},"inLanguage":"fr-FR","potentialAction":[{"@type":"ReadAction","target":["https:\/\/www.organisator.ch\/human-resources\/fit_im_job\/2018-08-09\/fit-for-management-2018-fit-im-beruf-durch-veraenderungen\/"]}]},{"@type":"ImageObject","inLanguage":"fr-FR","@id":"https:\/\/www.organisator.ch\/human-resources\/fit_im_job\/2018-08-09\/fit-for-management-2018-fit-im-beruf-durch-veraenderungen\/#primaryimage","url":"https:\/\/www.organisator.ch\/wp-content\/uploads\/2018\/08\/Fit-for-Management-2018-Fit-im-Beruf-durch-Veraenderungen_Organisator.jpg","contentUrl":"https:\/\/www.organisator.ch\/wp-content\/uploads\/2018\/08\/Fit-for-Management-2018-Fit-im-Beruf-durch-Veraenderungen_Organisator.jpg","width":640,"height":426,"caption":"Der Swiss Management Run bildet das Highlight des Symposiums Fit for Management. (Bild: AlphaFoto)"},{"@type":"BreadcrumbList","@id":"https:\/\/www.organisator.ch\/human-resources\/fit_im_job\/2018-08-09\/fit-for-management-2018-fit-im-beruf-durch-veraenderungen\/#breadcrumb","itemListElement":[{"@type":"ListItem","position":1,"name":"Home","item":"https:\/\/www.organisator.ch\/"},{"@type":"ListItem","position":2,"name":"Fit for Management 2018: Fit im Beruf durch Ver\u00e4nderungen"}]},{"@type":"WebSite","@id":"https:\/\/www.organisator.ch\/#website","url":"https:\/\/www.organisator.ch\/","name":"Organisateur","description":"Comp\u00e9tence et comp\u00e9tence. Proches de la pratique. L'ORGANISATEUR pr\u00e9pare 10 num\u00e9ros par an sur les th\u00e8mes essentiels pour les dirigeants de PME.","publisher":{"@id":"https:\/\/www.organisator.ch\/#organization"},"potentialAction":[{"@type":"SearchAction","target":{"@type":"EntryPoint","urlTemplate":"https:\/\/www.organisator.ch\/?s={search_term_string}"},"query-input":{"@type":"PropertyValueSpecification","valueRequired":true,"valueName":"search_term_string"}}],"inLanguage":"fr-FR"},{"@type":"Organization","@id":"https:\/\/www.organisator.ch\/#organization","name":"Organisateur","url":"https:\/\/www.organisator.ch\/","logo":{"@type":"ImageObject","inLanguage":"fr-FR","@id":"https:\/\/www.organisator.ch\/#\/schema\/logo\/image\/","url":"https:\/\/www.organisator.ch\/wp-content\/uploads\/2022\/01\/Logo_Organisator_Website.png","contentUrl":"https:\/\/www.organisator.ch\/wp-content\/uploads\/2022\/01\/Logo_Organisator_Website.png","width":800,"height":77,"caption":"Organisator"},"image":{"@id":"https:\/\/www.organisator.ch\/#\/schema\/logo\/image\/"},"sameAs":["https:\/\/www.facebook.com\/OrganisatorFachmagazin","https:\/\/www.linkedin.com\/showcase\/organisator-das-magazin-fr-kmu","https:\/\/www.xing.com\/news\/pages\/organisator-ch-695","https:\/\/www.youtube.com\/channel\/UCGP2Sq0iWaZwT3BdIAQFYpw"]},{"@type":"Person","@id":"https:\/\/www.organisator.ch\/#\/schema\/person\/6f650f90b2842cd4c0cc334b4e36f67e","name":"thomas.berner","image":{"@type":"ImageObject","inLanguage":"fr-FR","@id":"https:\/\/secure.gravatar.com\/avatar\/ac5001d2a36cb6c6cd3e50789007ffca834b477b74a2144564522e944eabff61?s=96&d=mm&r=g","url":"https:\/\/secure.gravatar.com\/avatar\/ac5001d2a36cb6c6cd3e50789007ffca834b477b74a2144564522e944eabff61?s=96&d=mm&r=g","contentUrl":"https:\/\/secure.gravatar.com\/avatar\/ac5001d2a36cb6c6cd3e50789007ffca834b477b74a2144564522e944eabff61?s=96&d=mm&r=g","caption":"thomas.berner"},"url":"https:\/\/www.organisator.ch\/fr\/author\/thomas-berner\/"}]}},"_links":{"self":[{"href":"https:\/\/www.organisator.ch\/fr\/wp-json\/wp\/v2\/posts\/4046","targetHints":{"allow":["GET"]}}],"collection":[{"href":"https:\/\/www.organisator.ch\/fr\/wp-json\/wp\/v2\/posts"}],"about":[{"href":"https:\/\/www.organisator.ch\/fr\/wp-json\/wp\/v2\/types\/post"}],"author":[{"embeddable":true,"href":"https:\/\/www.organisator.ch\/fr\/wp-json\/wp\/v2\/users\/4"}],"replies":[{"embeddable":true,"href":"https:\/\/www.organisator.ch\/fr\/wp-json\/wp\/v2\/comments?post=4046"}],"version-history":[{"count":0,"href":"https:\/\/www.organisator.ch\/fr\/wp-json\/wp\/v2\/posts\/4046\/revisions"}],"wp:featuredmedia":[{"embeddable":true,"href":"https:\/\/www.organisator.ch\/fr\/wp-json\/wp\/v2\/media\/4047"}],"wp:attachment":[{"href":"https:\/\/www.organisator.ch\/fr\/wp-json\/wp\/v2\/media?parent=4046"}],"wp:term":[{"taxonomy":"category","embeddable":true,"href":"https:\/\/www.organisator.ch\/fr\/wp-json\/wp\/v2\/categories?post=4046"},{"taxonomy":"post_tag","embeddable":true,"href":"https:\/\/www.organisator.ch\/fr\/wp-json\/wp\/v2\/tags?post=4046"}],"curies":[{"name":"wp","href":"https:\/\/api.w.org\/{rel}","templated":true}]}}