{"id":40513,"date":"2025-09-12T04:07:17","date_gmt":"2025-09-12T02:07:17","guid":{"rendered":"https:\/\/www.m-q.ch\/?p=21898"},"modified":"2025-09-11T16:10:36","modified_gmt":"2025-09-11T14:10:36","slug":"arbeitsdruck-erhoeht-unfallrisiko-auf-der-strasse","status":"publish","type":"post","link":"https:\/\/www.organisator.ch\/fr\/operational-excellence\/2025-09-12\/arbeitsdruck-erhoeht-unfallrisiko-auf-der-strasse\/","title":{"rendered":"La pression du travail augmente le risque d'accident sur la route"},"content":{"rendered":"<figure id=\"attachment_21899\" class=\"wp-caption alignnone\" style=\"width: 680px;\" aria-describedby=\"caption-attachment-21899\"><img class=\"size-full wp-image-21899\" src=\"https:\/\/www.m-q.ch\/wp-content\/uploads\/2025\/09\/Arbeitsdruck-erhoeht-Unfallrisiko-auf-der-Strasse_MQ.jpg\" sizes=\"(max-width: 680px) 100vw, 680px\" srcset=\"https:\/\/www.m-q.ch\/wp-content\/uploads\/2025\/09\/Arbeitsdruck-erhoeht-Unfallrisiko-auf-der-Strasse_MQ.jpg 680w, https:\/\/www.m-q.ch\/wp-content\/uploads\/2025\/09\/Arbeitsdruck-erhoeht-Unfallrisiko-auf-der-Strasse_MQ-18x10.jpg 18w, https:\/\/www.m-q.ch\/wp-content\/uploads\/2025\/09\/Arbeitsdruck-erhoeht-Unfallrisiko-auf-der-Strasse_MQ-375x211.jpg 375w, https:\/\/www.m-q.ch\/wp-content\/uploads\/2025\/09\/Arbeitsdruck-erhoeht-Unfallrisiko-auf-der-Strasse_MQ-621x350.jpg 621w\" alt=\"\" width=\"680\" height=\"383\" \/>\r\n<figcaption id=\"caption-attachment-21899\" class=\"wp-caption-text\">Les personnes qui se d\u00e9placent souvent en voiture dans le cadre de leur travail sont expos\u00e9es \u00e0 un risque d'accident accru, surtout si elles sont press\u00e9es par le temps. (Image : Dan Gold \/ Unsplash.com)<\/figcaption>\r\n<\/figure>\r\n<p>Les personnes qui se d\u00e9placent beaucoup dans le cadre de leur travail provoquent un nombre d'accidents l\u00e9gers sup\u00e9rieur \u00e0 la moyenne. Les raisons de ce ph\u00e9nom\u00e8ne n'ont pas encore \u00e9t\u00e9 \u00e9tudi\u00e9es en profondeur en Suisse. Une nouvelle \u00e9tude de la Haute \u00e9cole de Lucerne (HSLU), command\u00e9e par la Fondation pour la pr\u00e9vention d'AXA, comble cette lacune et expose pour la premi\u00e8re fois de mani\u00e8re syst\u00e9matique dans quelle mesure la pression du travail et du temps, le manque de repos et une culture de la s\u00e9curit\u00e9 peu claire dans l'entreprise influencent le comportement au volant des conducteurs professionnels. La fatigue, la distraction et la pression du temps comptent parmi les plus grandes sources de danger.<\/p>\r\n<p>Les groupes professionnels pour lesquels la conduite n'est qu'une activit\u00e9 secondaire sont particuli\u00e8rement concern\u00e9s - par exemple dans la restauration (p. ex. livreurs de pizzas), dans l'artisanat (p. ex. menuisiers ou sanitaires) ou dans le secteur social (p. ex. services de soins ambulatoires). \"Dans ces branches, les formations li\u00e9es \u00e0 la s\u00e9curit\u00e9 routi\u00e8re ne sont souvent pas au centre des pr\u00e9occupations ou les mesures de pr\u00e9vention structur\u00e9es font parfois d\u00e9faut\", explique le professeur Christian Weibel, responsable de l'\u00e9tude. Les donn\u00e9es analys\u00e9es montrent que ces conducteurs fr\u00e9quents ont plus souvent un comportement de conduite \u00e0 risque. En revanche, dans les branches o\u00f9 la conduite constitue l'activit\u00e9 principale, comme les services de livraison, les mesures et programmes de pr\u00e9vention sont plus r\u00e9pandus - et le risque d'accident plus faible.<\/p>\r\n<h3>Les entreprises ont des leviers en main<\/h3>\r\n<p>L'enqu\u00eate met en \u00e9vidence des domaines d'action : Les entreprises qui mettent en \u0153uvre des directives de s\u00e9curit\u00e9 claires, forment les collaborateurs et permettent des horaires \u00e9quitables peuvent r\u00e9duire le risque d'accident. Une culture de la s\u00e9curit\u00e9 bien ancr\u00e9e, soutenue par des syst\u00e8mes de feedback, des formations et des m\u00e9canismes de r\u00e9compense, am\u00e9liore non seulement le comportement au volant, mais aussi le bien-\u00eatre g\u00e9n\u00e9ral des collaborateurs.<\/p>\r\n<p>\"Nous constatons que des mesures cibl\u00e9es telles que des r\u00e9glementations flexibles des pauses, une gestion de la sant\u00e9 en entreprise, des formations avec gamification ou l'utilisation de syst\u00e8mes modernes d'assistance \u00e0 la conduite peuvent r\u00e9duire consid\u00e9rablement le risque d'accident\", explique Weibel. \"En fin de compte, la diminution des absences et du nombre d'accidents entra\u00eene \u00e9galement des avantages \u00e9conomiques\", poursuit le psychologue \u00e9conomique. Si les collaborateurs sont moins souvent absents, cela ne r\u00e9duit pas seulement les co\u00fbts des entreprises, mais renforce \u00e9galement la comp\u00e9titivit\u00e9 de l'\u00e9conomie.<\/p>\r\n<h3>Ne pas consid\u00e9rer la s\u00e9curit\u00e9 routi\u00e8re de mani\u00e8re isol\u00e9e<\/h3>\r\n<p>Des mesures isol\u00e9es ne pourraient toutefois pas d\u00e9ployer pleinement leurs effets. Il faut plut\u00f4t une approche syst\u00e9mique. \"Ce n'est qu'en les combinant que l'on peut am\u00e9liorer durablement la s\u00e9curit\u00e9 dans les transports professionnels\", explique Weibel. Cela permet aux entreprises de renforcer durablement \u00e0 la fois la s\u00e9curit\u00e9 et le bien-\u00eatre de leurs collaborateurs.<\/p>\r\n<p><em>Source : <a href=\"http:\/\/www.hslu.ch\/\">www.hslu.ch<\/a><\/em><\/p>\r\n<h3>\u00a0<\/h3>\r\n<blockquote>\r\n<h3>Cinq conseils pour les grands voyageurs<\/h3>\r\n<ol>\r\n\t<li>Pr\u00e9voir des pauses en connaissance de cause : \u00e9vitez les longs trajets sans interruption. De courtes pauses de r\u00e9cup\u00e9ration favorisent la concentration, r\u00e9duisent le risque d'accident et am\u00e9liorent le bien-\u00eatre.<\/li>\r\n\t<li>R\u00e9duire le stress : Identifiez les facteurs de stress tels que la pression du temps ou les embouteillages et utilisez des strat\u00e9gies de gestion du stress telles que les techniques de pleine conscience ou une planification pr\u00e9visionnelle et r\u00e9aliste du temps. Veillez \u00e0 vous accorder des phases de repos r\u00e9guli\u00e8res, que ce soit en faisant du sport, avec votre famille ou avec vos amis.<\/li>\r\n\t<li>La s\u00e9curit\u00e9 avant la vitesse : une vitesse excessive ou le \"rattrapage\" d'un retard augmentent consid\u00e9rablement le risque d'accident. Le gain de temps, quant \u00e0 lui, est g\u00e9n\u00e9ralement modeste. L'objectif est d'arriver en toute s\u00e9curit\u00e9 et en bonne sant\u00e9 - et non pas le plus rapidement possible.<\/li>\r\n\t<li>Prendre la sant\u00e9 au s\u00e9rieux : Le sommeil, l'alimentation et la stabilit\u00e9 psychique sont essentiels pour une conduite s\u00fbre.<\/li>\r\n\t<li>Profiter des formations \u00e0 la s\u00e9curit\u00e9 routi\u00e8re : M\u00eame les conducteurs chevronn\u00e9s profitent d'entra\u00eenements et de formations r\u00e9guliers.<\/li>\r\n<\/ol>\r\n<h3>Cinq conseils pour les entreprises<\/h3>\r\n<ol>\r\n\t<li><span style=\"font-size: 16px;\">\u00c9viter la pression du temps : Une planification r\u00e9aliste des tourn\u00e9es et des pauses flexibles augmentent la s\u00e9curit\u00e9.<\/span><\/li>\r\n\t<li>Promouvoir activement une culture de la s\u00e9curit\u00e9 : Des r\u00e8gles claires et un comportement exemplaire de la part des cadres renforcent la s\u00e9curit\u00e9 routi\u00e8re.<\/li>\r\n\t<li>Mettre \u00e0 disposition des offres de formation : Des formations sur la technique de conduite, la gestion du stress et du temps augmentent les comp\u00e9tences.<\/li>\r\n\t<li>Promouvoir la sant\u00e9 : Int\u00e9grez la gestion du stress et de la fatigue dans votre gestion de la sant\u00e9 en entreprise.<\/li>\r\n\t<li>Utiliser les syst\u00e8mes de feedback num\u00e9riques : Utilisez les donn\u00e9es de conduite num\u00e9riques non seulement pour la gestion de la flotte, mais aussi pour promouvoir un comportement de conduite s\u00fbr.<\/li>\r\n<\/ol>\r\n<\/blockquote>\n<p class=\"syndicated-attribution\">Cet article est paru initialement sur m-q.ch - <a href=\"https:\/\/www.m-q.ch\/de\/arbeitsdruck-erhoeht-unfallrisiko-auf-der-strasse\/\" target=\"_blank\">https:\/\/www.m-q.ch\/de\/arbeitsdruck-erhoeht-unfallrisiko-auf-der-strasse\/<\/a><\/p>","protected":false},"excerpt":{"rendered":"<p>Les personnes qui conduisent beaucoup dans le cadre de leur travail et qui sont soumises \u00e0 une forte pression professionnelle ont un risque accru d'accident sur la route. C'est ce que montre une nouvelle \u00e9tude r\u00e9alis\u00e9e par la Haute \u00e9cole de Lucerne \u00e0 la demande de la Fondation Pr\u00e9vention d'AXA. L'analyse de plus d'un million de trajets le prouve : Des secteurs comme la restauration, l'artisanat ou le social sont particuli\u00e8rement expos\u00e9s - et non les services de livraison.<\/p>","protected":false},"author":8,"featured_media":0,"comment_status":"closed","ping_status":"closed","sticky":false,"template":"","format":"standard","meta":{"_acf_changed":false,"_yoast_wpseo_focuskw":"Unfallrisiko","_yoast_wpseo_metadesc":"Wer beruflich viel f\u00e4hrt und unter hohem Arbeitsdruck steht, hat ein erh\u00f6htes Unfallrisiko auf der Strasse. Das zeigt eine neue Studie.","articlekey":"","footnotes":""},"categories":[582],"tags":[418,2214,459,5532],"class_list":["post-40513","post","type-post","status-publish","format-standard","hentry","category-operational-excellence","tag-risikomanagement","tag-strassenverkehr","tag-studie","tag-unfallrisiko"],"acf":[],"yoast_head":"<!-- This site is optimized with the Yoast SEO plugin v27.5 - https:\/\/yoast.com\/product\/yoast-seo-wordpress\/ -->\n<title>Arbeitsdruck erh\u00f6ht Unfallrisiko auf der Strasse - Organisator<\/title>\n<meta name=\"description\" content=\"Wer beruflich viel f\u00e4hrt und unter hohem Arbeitsdruck steht, hat ein erh\u00f6htes Unfallrisiko auf der Strasse. Das zeigt eine neue Studie.\" \/>\n<meta name=\"robots\" content=\"index, follow, max-snippet:-1, max-image-preview:large, max-video-preview:-1\" \/>\n<link rel=\"canonical\" href=\"https:\/\/www.organisator.ch\/fr\/excellence-operationnelle\/2025-09-12\/arbeitsdruck-erhoeht-unfallrisiko-auf-der-strasse\/\" \/>\n<meta property=\"og:locale\" content=\"fr_FR\" \/>\n<meta property=\"og:type\" content=\"article\" \/>\n<meta property=\"og:title\" content=\"Arbeitsdruck erh\u00f6ht Unfallrisiko auf der Strasse - Organisator\" \/>\n<meta property=\"og:description\" content=\"Wer beruflich viel f\u00e4hrt und unter hohem Arbeitsdruck steht, hat ein erh\u00f6htes Unfallrisiko auf der Strasse. Das zeigt eine neue Studie.\" \/>\n<meta property=\"og:url\" content=\"https:\/\/www.organisator.ch\/fr\/excellence-operationnelle\/2025-09-12\/arbeitsdruck-erhoeht-unfallrisiko-auf-der-strasse\/\" \/>\n<meta property=\"og:site_name\" content=\"Organisator\" \/>\n<meta property=\"article:publisher\" content=\"https:\/\/www.facebook.com\/OrganisatorFachmagazin\" \/>\n<meta property=\"article:published_time\" content=\"2025-09-12T02:07:17+00:00\" \/>\n<meta name=\"author\" content=\"galledia\" \/>\n<meta name=\"twitter:card\" content=\"summary_large_image\" \/>\n<meta name=\"twitter:creator\" content=\"@admin\" \/>\n<script type=\"application\/ld+json\" class=\"yoast-schema-graph\">{\"@context\":\"https:\\\/\\\/schema.org\",\"@graph\":[{\"@type\":\"Article\",\"@id\":\"https:\\\/\\\/www.organisator.ch\\\/operational-excellence\\\/2025-09-12\\\/arbeitsdruck-erhoeht-unfallrisiko-auf-der-strasse\\\/#article\",\"isPartOf\":{\"@id\":\"https:\\\/\\\/www.organisator.ch\\\/operational-excellence\\\/2025-09-12\\\/arbeitsdruck-erhoeht-unfallrisiko-auf-der-strasse\\\/\"},\"author\":{\"name\":\"galledia\",\"@id\":\"https:\\\/\\\/www.organisator.ch\\\/#\\\/schema\\\/person\\\/4e51799071cd2dd1232ac003643ef5f0\"},\"headline\":\"Arbeitsdruck erh\u00f6ht Unfallrisiko auf der Strasse\",\"datePublished\":\"2025-09-12T02:07:17+00:00\",\"mainEntityOfPage\":{\"@id\":\"https:\\\/\\\/www.organisator.ch\\\/operational-excellence\\\/2025-09-12\\\/arbeitsdruck-erhoeht-unfallrisiko-auf-der-strasse\\\/\"},\"wordCount\":595,\"publisher\":{\"@id\":\"https:\\\/\\\/www.organisator.ch\\\/#organization\"},\"image\":{\"@id\":\"https:\\\/\\\/www.organisator.ch\\\/operational-excellence\\\/2025-09-12\\\/arbeitsdruck-erhoeht-unfallrisiko-auf-der-strasse\\\/#primaryimage\"},\"thumbnailUrl\":\"https:\\\/\\\/www.m-q.ch\\\/wp-content\\\/uploads\\\/2025\\\/09\\\/Arbeitsdruck-erhoeht-Unfallrisiko-auf-der-Strasse_MQ.jpg\",\"keywords\":[\"Risikomanagement\",\"Strassenverkehr\",\"Studie\",\"Unfallrisiko\"],\"articleSection\":[\"OPERATIONAL EXCELLENCE\"],\"inLanguage\":\"fr-FR\"},{\"@type\":\"WebPage\",\"@id\":\"https:\\\/\\\/www.organisator.ch\\\/operational-excellence\\\/2025-09-12\\\/arbeitsdruck-erhoeht-unfallrisiko-auf-der-strasse\\\/\",\"url\":\"https:\\\/\\\/www.organisator.ch\\\/operational-excellence\\\/2025-09-12\\\/arbeitsdruck-erhoeht-unfallrisiko-auf-der-strasse\\\/\",\"name\":\"Arbeitsdruck erh\u00f6ht Unfallrisiko auf der Strasse - Organisator\",\"isPartOf\":{\"@id\":\"https:\\\/\\\/www.organisator.ch\\\/#website\"},\"primaryImageOfPage\":{\"@id\":\"https:\\\/\\\/www.organisator.ch\\\/operational-excellence\\\/2025-09-12\\\/arbeitsdruck-erhoeht-unfallrisiko-auf-der-strasse\\\/#primaryimage\"},\"image\":{\"@id\":\"https:\\\/\\\/www.organisator.ch\\\/operational-excellence\\\/2025-09-12\\\/arbeitsdruck-erhoeht-unfallrisiko-auf-der-strasse\\\/#primaryimage\"},\"thumbnailUrl\":\"https:\\\/\\\/www.m-q.ch\\\/wp-content\\\/uploads\\\/2025\\\/09\\\/Arbeitsdruck-erhoeht-Unfallrisiko-auf-der-Strasse_MQ.jpg\",\"datePublished\":\"2025-09-12T02:07:17+00:00\",\"description\":\"Wer beruflich viel f\u00e4hrt und unter hohem Arbeitsdruck steht, hat ein erh\u00f6htes Unfallrisiko auf der Strasse. Das zeigt eine neue Studie.\",\"breadcrumb\":{\"@id\":\"https:\\\/\\\/www.organisator.ch\\\/operational-excellence\\\/2025-09-12\\\/arbeitsdruck-erhoeht-unfallrisiko-auf-der-strasse\\\/#breadcrumb\"},\"inLanguage\":\"fr-FR\",\"potentialAction\":[{\"@type\":\"ReadAction\",\"target\":[\"https:\\\/\\\/www.organisator.ch\\\/operational-excellence\\\/2025-09-12\\\/arbeitsdruck-erhoeht-unfallrisiko-auf-der-strasse\\\/\"]}]},{\"@type\":\"ImageObject\",\"inLanguage\":\"fr-FR\",\"@id\":\"https:\\\/\\\/www.organisator.ch\\\/operational-excellence\\\/2025-09-12\\\/arbeitsdruck-erhoeht-unfallrisiko-auf-der-strasse\\\/#primaryimage\",\"url\":\"https:\\\/\\\/www.m-q.ch\\\/wp-content\\\/uploads\\\/2025\\\/09\\\/Arbeitsdruck-erhoeht-Unfallrisiko-auf-der-Strasse_MQ.jpg\",\"contentUrl\":\"https:\\\/\\\/www.m-q.ch\\\/wp-content\\\/uploads\\\/2025\\\/09\\\/Arbeitsdruck-erhoeht-Unfallrisiko-auf-der-Strasse_MQ.jpg\"},{\"@type\":\"BreadcrumbList\",\"@id\":\"https:\\\/\\\/www.organisator.ch\\\/operational-excellence\\\/2025-09-12\\\/arbeitsdruck-erhoeht-unfallrisiko-auf-der-strasse\\\/#breadcrumb\",\"itemListElement\":[{\"@type\":\"ListItem\",\"position\":1,\"name\":\"Home\",\"item\":\"https:\\\/\\\/www.organisator.ch\\\/\"},{\"@type\":\"ListItem\",\"position\":2,\"name\":\"Arbeitsdruck erh\u00f6ht Unfallrisiko auf der Strasse\"}]},{\"@type\":\"WebSite\",\"@id\":\"https:\\\/\\\/www.organisator.ch\\\/#website\",\"url\":\"https:\\\/\\\/www.organisator.ch\\\/\",\"name\":\"Organisator\",\"description\":\"Kompetent. Praxisnah. Der ORGANISATOR bereitet in 10 Ausgaben pro Jahr die wesentlichen Themen f\u00fcr F\u00fchrungskr\u00e4fte von KMU auf.\",\"publisher\":{\"@id\":\"https:\\\/\\\/www.organisator.ch\\\/#organization\"},\"potentialAction\":[{\"@type\":\"SearchAction\",\"target\":{\"@type\":\"EntryPoint\",\"urlTemplate\":\"https:\\\/\\\/www.organisator.ch\\\/?s={search_term_string}\"},\"query-input\":{\"@type\":\"PropertyValueSpecification\",\"valueRequired\":true,\"valueName\":\"search_term_string\"}}],\"inLanguage\":\"fr-FR\"},{\"@type\":\"Organization\",\"@id\":\"https:\\\/\\\/www.organisator.ch\\\/#organization\",\"name\":\"Organisator\",\"url\":\"https:\\\/\\\/www.organisator.ch\\\/\",\"logo\":{\"@type\":\"ImageObject\",\"inLanguage\":\"fr-FR\",\"@id\":\"https:\\\/\\\/www.organisator.ch\\\/#\\\/schema\\\/logo\\\/image\\\/\",\"url\":\"https:\\\/\\\/www.organisator.ch\\\/wp-content\\\/uploads\\\/2022\\\/01\\\/Logo_Organisator_Website.png\",\"contentUrl\":\"https:\\\/\\\/www.organisator.ch\\\/wp-content\\\/uploads\\\/2022\\\/01\\\/Logo_Organisator_Website.png\",\"width\":800,\"height\":77,\"caption\":\"Organisator\"},\"image\":{\"@id\":\"https:\\\/\\\/www.organisator.ch\\\/#\\\/schema\\\/logo\\\/image\\\/\"},\"sameAs\":[\"https:\\\/\\\/www.facebook.com\\\/OrganisatorFachmagazin\",\"https:\\\/\\\/www.linkedin.com\\\/showcase\\\/organisator-das-magazin-fr-kmu\",\"https:\\\/\\\/www.xing.com\\\/news\\\/pages\\\/organisator-ch-695\",\"https:\\\/\\\/www.youtube.com\\\/channel\\\/UCGP2Sq0iWaZwT3BdIAQFYpw\"]},{\"@type\":\"Person\",\"@id\":\"https:\\\/\\\/www.organisator.ch\\\/#\\\/schema\\\/person\\\/4e51799071cd2dd1232ac003643ef5f0\",\"name\":\"galledia\",\"image\":{\"@type\":\"ImageObject\",\"inLanguage\":\"fr-FR\",\"@id\":\"https:\\\/\\\/secure.gravatar.com\\\/avatar\\\/78a7f90c01fc2bfc875782a0d4922b37cde2cf184ce347b91316d23cd7f69a36?s=96&d=mm&r=g\",\"url\":\"https:\\\/\\\/secure.gravatar.com\\\/avatar\\\/78a7f90c01fc2bfc875782a0d4922b37cde2cf184ce347b91316d23cd7f69a36?s=96&d=mm&r=g\",\"contentUrl\":\"https:\\\/\\\/secure.gravatar.com\\\/avatar\\\/78a7f90c01fc2bfc875782a0d4922b37cde2cf184ce347b91316d23cd7f69a36?s=96&d=mm&r=g\",\"caption\":\"galledia\"},\"sameAs\":[\"https:\\\/\\\/x.com\\\/admin\"],\"url\":\"https:\\\/\\\/www.organisator.ch\\\/fr\\\/author\\\/galledia\\\/\"}]}<\/script>\n<!-- \/ Yoast SEO plugin. -->","yoast_head_json":{"title":"La pression du travail augmente le risque d'accident de la route - Organisateur","description":"Les personnes qui conduisent beaucoup dans le cadre de leur travail et qui sont soumises \u00e0 une forte pression professionnelle ont un risque accru d'accident sur la route. C'est ce que montre une nouvelle \u00e9tude.","robots":{"index":"index","follow":"follow","max-snippet":"max-snippet:-1","max-image-preview":"max-image-preview:large","max-video-preview":"max-video-preview:-1"},"canonical":"https:\/\/www.organisator.ch\/fr\/excellence-operationnelle\/2025-09-12\/arbeitsdruck-erhoeht-unfallrisiko-auf-der-strasse\/","og_locale":"fr_FR","og_type":"article","og_title":"Arbeitsdruck erh\u00f6ht Unfallrisiko auf der Strasse - Organisator","og_description":"Wer beruflich viel f\u00e4hrt und unter hohem Arbeitsdruck steht, hat ein erh\u00f6htes Unfallrisiko auf der Strasse. Das zeigt eine neue Studie.","og_url":"https:\/\/www.organisator.ch\/fr\/excellence-operationnelle\/2025-09-12\/arbeitsdruck-erhoeht-unfallrisiko-auf-der-strasse\/","og_site_name":"Organisator","article_publisher":"https:\/\/www.facebook.com\/OrganisatorFachmagazin","article_published_time":"2025-09-12T02:07:17+00:00","author":"galledia","twitter_card":"summary_large_image","twitter_creator":"@admin","schema":{"@context":"https:\/\/schema.org","@graph":[{"@type":"Article","@id":"https:\/\/www.organisator.ch\/operational-excellence\/2025-09-12\/arbeitsdruck-erhoeht-unfallrisiko-auf-der-strasse\/#article","isPartOf":{"@id":"https:\/\/www.organisator.ch\/operational-excellence\/2025-09-12\/arbeitsdruck-erhoeht-unfallrisiko-auf-der-strasse\/"},"author":{"name":"galledia","@id":"https:\/\/www.organisator.ch\/#\/schema\/person\/4e51799071cd2dd1232ac003643ef5f0"},"headline":"Arbeitsdruck erh\u00f6ht Unfallrisiko auf der Strasse","datePublished":"2025-09-12T02:07:17+00:00","mainEntityOfPage":{"@id":"https:\/\/www.organisator.ch\/operational-excellence\/2025-09-12\/arbeitsdruck-erhoeht-unfallrisiko-auf-der-strasse\/"},"wordCount":595,"publisher":{"@id":"https:\/\/www.organisator.ch\/#organization"},"image":{"@id":"https:\/\/www.organisator.ch\/operational-excellence\/2025-09-12\/arbeitsdruck-erhoeht-unfallrisiko-auf-der-strasse\/#primaryimage"},"thumbnailUrl":"https:\/\/www.m-q.ch\/wp-content\/uploads\/2025\/09\/Arbeitsdruck-erhoeht-Unfallrisiko-auf-der-Strasse_MQ.jpg","keywords":["Risikomanagement","Strassenverkehr","Studie","Unfallrisiko"],"articleSection":["OPERATIONAL EXCELLENCE"],"inLanguage":"fr-FR"},{"@type":"WebPage","@id":"https:\/\/www.organisator.ch\/operational-excellence\/2025-09-12\/arbeitsdruck-erhoeht-unfallrisiko-auf-der-strasse\/","url":"https:\/\/www.organisator.ch\/operational-excellence\/2025-09-12\/arbeitsdruck-erhoeht-unfallrisiko-auf-der-strasse\/","name":"La pression du travail augmente le risque d'accident de la route - Organisateur","isPartOf":{"@id":"https:\/\/www.organisator.ch\/#website"},"primaryImageOfPage":{"@id":"https:\/\/www.organisator.ch\/operational-excellence\/2025-09-12\/arbeitsdruck-erhoeht-unfallrisiko-auf-der-strasse\/#primaryimage"},"image":{"@id":"https:\/\/www.organisator.ch\/operational-excellence\/2025-09-12\/arbeitsdruck-erhoeht-unfallrisiko-auf-der-strasse\/#primaryimage"},"thumbnailUrl":"https:\/\/www.m-q.ch\/wp-content\/uploads\/2025\/09\/Arbeitsdruck-erhoeht-Unfallrisiko-auf-der-Strasse_MQ.jpg","datePublished":"2025-09-12T02:07:17+00:00","description":"Les personnes qui conduisent beaucoup dans le cadre de leur travail et qui sont soumises \u00e0 une forte pression professionnelle ont un risque accru d'accident sur la route. C'est ce que montre une nouvelle \u00e9tude.","breadcrumb":{"@id":"https:\/\/www.organisator.ch\/operational-excellence\/2025-09-12\/arbeitsdruck-erhoeht-unfallrisiko-auf-der-strasse\/#breadcrumb"},"inLanguage":"fr-FR","potentialAction":[{"@type":"ReadAction","target":["https:\/\/www.organisator.ch\/operational-excellence\/2025-09-12\/arbeitsdruck-erhoeht-unfallrisiko-auf-der-strasse\/"]}]},{"@type":"ImageObject","inLanguage":"fr-FR","@id":"https:\/\/www.organisator.ch\/operational-excellence\/2025-09-12\/arbeitsdruck-erhoeht-unfallrisiko-auf-der-strasse\/#primaryimage","url":"https:\/\/www.m-q.ch\/wp-content\/uploads\/2025\/09\/Arbeitsdruck-erhoeht-Unfallrisiko-auf-der-Strasse_MQ.jpg","contentUrl":"https:\/\/www.m-q.ch\/wp-content\/uploads\/2025\/09\/Arbeitsdruck-erhoeht-Unfallrisiko-auf-der-Strasse_MQ.jpg"},{"@type":"BreadcrumbList","@id":"https:\/\/www.organisator.ch\/operational-excellence\/2025-09-12\/arbeitsdruck-erhoeht-unfallrisiko-auf-der-strasse\/#breadcrumb","itemListElement":[{"@type":"ListItem","position":1,"name":"Home","item":"https:\/\/www.organisator.ch\/"},{"@type":"ListItem","position":2,"name":"Arbeitsdruck erh\u00f6ht Unfallrisiko auf der Strasse"}]},{"@type":"WebSite","@id":"https:\/\/www.organisator.ch\/#website","url":"https:\/\/www.organisator.ch\/","name":"Organisateur","description":"Comp\u00e9tence et comp\u00e9tence. Proches de la pratique. L'ORGANISATEUR pr\u00e9pare 10 num\u00e9ros par an sur les th\u00e8mes essentiels pour les dirigeants de PME.","publisher":{"@id":"https:\/\/www.organisator.ch\/#organization"},"potentialAction":[{"@type":"SearchAction","target":{"@type":"EntryPoint","urlTemplate":"https:\/\/www.organisator.ch\/?s={search_term_string}"},"query-input":{"@type":"PropertyValueSpecification","valueRequired":true,"valueName":"search_term_string"}}],"inLanguage":"fr-FR"},{"@type":"Organization","@id":"https:\/\/www.organisator.ch\/#organization","name":"Organisateur","url":"https:\/\/www.organisator.ch\/","logo":{"@type":"ImageObject","inLanguage":"fr-FR","@id":"https:\/\/www.organisator.ch\/#\/schema\/logo\/image\/","url":"https:\/\/www.organisator.ch\/wp-content\/uploads\/2022\/01\/Logo_Organisator_Website.png","contentUrl":"https:\/\/www.organisator.ch\/wp-content\/uploads\/2022\/01\/Logo_Organisator_Website.png","width":800,"height":77,"caption":"Organisator"},"image":{"@id":"https:\/\/www.organisator.ch\/#\/schema\/logo\/image\/"},"sameAs":["https:\/\/www.facebook.com\/OrganisatorFachmagazin","https:\/\/www.linkedin.com\/showcase\/organisator-das-magazin-fr-kmu","https:\/\/www.xing.com\/news\/pages\/organisator-ch-695","https:\/\/www.youtube.com\/channel\/UCGP2Sq0iWaZwT3BdIAQFYpw"]},{"@type":"Person","@id":"https:\/\/www.organisator.ch\/#\/schema\/person\/4e51799071cd2dd1232ac003643ef5f0","name":"galledia","image":{"@type":"ImageObject","inLanguage":"fr-FR","@id":"https:\/\/secure.gravatar.com\/avatar\/78a7f90c01fc2bfc875782a0d4922b37cde2cf184ce347b91316d23cd7f69a36?s=96&d=mm&r=g","url":"https:\/\/secure.gravatar.com\/avatar\/78a7f90c01fc2bfc875782a0d4922b37cde2cf184ce347b91316d23cd7f69a36?s=96&d=mm&r=g","contentUrl":"https:\/\/secure.gravatar.com\/avatar\/78a7f90c01fc2bfc875782a0d4922b37cde2cf184ce347b91316d23cd7f69a36?s=96&d=mm&r=g","caption":"galledia"},"sameAs":["https:\/\/x.com\/admin"],"url":"https:\/\/www.organisator.ch\/fr\/author\/galledia\/"}]}},"_links":{"self":[{"href":"https:\/\/www.organisator.ch\/fr\/wp-json\/wp\/v2\/posts\/40513","targetHints":{"allow":["GET"]}}],"collection":[{"href":"https:\/\/www.organisator.ch\/fr\/wp-json\/wp\/v2\/posts"}],"about":[{"href":"https:\/\/www.organisator.ch\/fr\/wp-json\/wp\/v2\/types\/post"}],"author":[{"embeddable":true,"href":"https:\/\/www.organisator.ch\/fr\/wp-json\/wp\/v2\/users\/8"}],"replies":[{"embeddable":true,"href":"https:\/\/www.organisator.ch\/fr\/wp-json\/wp\/v2\/comments?post=40513"}],"version-history":[{"count":5,"href":"https:\/\/www.organisator.ch\/fr\/wp-json\/wp\/v2\/posts\/40513\/revisions"}],"predecessor-version":[{"id":40536,"href":"https:\/\/www.organisator.ch\/fr\/wp-json\/wp\/v2\/posts\/40513\/revisions\/40536"}],"wp:attachment":[{"href":"https:\/\/www.organisator.ch\/fr\/wp-json\/wp\/v2\/media?parent=40513"}],"wp:term":[{"taxonomy":"category","embeddable":true,"href":"https:\/\/www.organisator.ch\/fr\/wp-json\/wp\/v2\/categories?post=40513"},{"taxonomy":"post_tag","embeddable":true,"href":"https:\/\/www.organisator.ch\/fr\/wp-json\/wp\/v2\/tags?post=40513"}],"curies":[{"name":"wp","href":"https:\/\/api.w.org\/{rel}","templated":true}]}}