{"id":40574,"date":"2025-09-16T11:04:10","date_gmt":"2025-09-16T09:04:10","guid":{"rendered":"https:\/\/www.organisator.ch\/?p=40574"},"modified":"2025-09-16T11:04:10","modified_gmt":"2025-09-16T09:04:10","slug":"peoplefone-feiert-sein-20-jaehriges-bestehen","status":"publish","type":"post","link":"https:\/\/www.organisator.ch\/fr\/management\/2025-09-16\/peoplefone-feiert-sein-20-jaehriges-bestehen\/","title":{"rendered":"peoplefone f\u00eate ses 20 ans d'existence"},"content":{"rendered":"<figure id=\"attachment_40575\" aria-describedby=\"caption-attachment-40575\" style=\"width: 680px\" class=\"wp-caption alignnone\"><img loading=\"lazy\" decoding=\"async\" class=\"size-full wp-image-40575\" src=\"https:\/\/www.organisator.ch\/wp-content\/uploads\/2025\/09\/peoplefone-feiert-sein-20-jaehriges-Bestehen_Organisator.png\" alt=\"\" width=\"680\" height=\"464\" srcset=\"https:\/\/www.organisator.ch\/wp-content\/uploads\/2025\/09\/peoplefone-feiert-sein-20-jaehriges-Bestehen_Organisator.png 680w, https:\/\/www.organisator.ch\/wp-content\/uploads\/2025\/09\/peoplefone-feiert-sein-20-jaehriges-Bestehen_Organisator-18x12.png 18w, https:\/\/www.organisator.ch\/wp-content\/uploads\/2025\/09\/peoplefone-feiert-sein-20-jaehriges-Bestehen_Organisator-375x256.png 375w, https:\/\/www.organisator.ch\/wp-content\/uploads\/2025\/09\/peoplefone-feiert-sein-20-jaehriges-Bestehen_Organisator-513x350.png 513w\" sizes=\"auto, (max-width: 680px) 100vw, 680px\" \/><figcaption id=\"caption-attachment-40575\" class=\"wp-caption-text\">Ambiance de f\u00eate chez peoplefone : l'entreprise de t\u00e9l\u00e9communication jette un regard r\u00e9trospectif sur ses 20 ans d'existence. (Image : peoplefone)<\/figcaption><\/figure>\n<p>Le 11 septembre, peoplefone a f\u00eat\u00e9 ses 20 ans d'existence \u00e0 l'EPF de Zurich en compagnie d'environ 70 partenaires, clients et collaborateurs. Le choix du lieu n'\u00e9tait pas un hasard, puisque l'entreprise de t\u00e9l\u00e9communication sponsorise depuis 2023 le \"Best BSc Thesis Award\", qui est d\u00e9cern\u00e9 \u00e0 trois excellents \u00e9tudiants en bachelor du domaine des technologies de l'information et de l'\u00e9lectrotechnique (D-ITET) de l'ETH Zurich.<\/p>\n<p>Le point fort de la soir\u00e9e a \u00e9t\u00e9 la remise des peoplefone Awards de cette ann\u00e9e. La soci\u00e9t\u00e9 zurichoise Teleinformatik Services AG a \u00e9t\u00e9 d\u00e9sign\u00e9e partenaire cl\u00e9 de l'ann\u00e9e 2025 et Centrovis GmbH a re\u00e7u le Longterm Cooperation Award 2025. En pr\u00e9lude \u00e0 l'\u00e9v\u00e9nement anniversaire, le fondateur de l'entreprise, Christophe Beaud, s'est adress\u00e9 aux nombreux invit\u00e9s : \"Bien que cela fasse d\u00e9j\u00e0 20 ans, nous avons l'impression d'avoir cr\u00e9\u00e9 peoplefone il y a seulement deux ans - l'esprit de start-up est toujours palpable. A l'avenir, nous continuerons sur cette voie avec de nouvelles technologies et des innovations prometteuses, et nous ferons avancer peoplefone avec notre \u00e9quipe. L'intelligence artificielle y jouera un r\u00f4le cl\u00e9\".<\/p>\n<h3><strong>Le pas vers le fournisseur international de solutions compl\u00e8tes<\/strong><\/h3>\n<p>Au cours des vingt derni\u00e8res ann\u00e9es, peoplefone a toujours eu le bon flair pour les d\u00e9veloppements technologiques \u00e0 succ\u00e8s. Ainsi, l'entreprise a lanc\u00e9 d\u00e8s 2009 la premi\u00e8re application VoIP suisse, qui l'a fait conna\u00eetre dans toute la Suisse. En 2012, peoplefone HOSTED, son premier syst\u00e8me t\u00e9l\u00e9phonique dans le cloud, a suivi. En 2017, peoplefone a reconnu que la t\u00e9l\u00e9phonie et les appels vid\u00e9o allaient de pair et a \u00e9t\u00e9 l'un des premiers fournisseurs suisses \u00e0 proposer l'int\u00e9gration de la t\u00e9l\u00e9phonie dans Microsoft Teams.<\/p>\n<p>Un an seulement apr\u00e8s sa cr\u00e9ation, peoplefone a ouvert un site en Autriche. D'autres succursales ont rapidement suivi : Pologne (2007), Slovaquie (2008), Lituanie (2012), Allemagne (2015) et France (2019). Parall\u00e8lement, peoplefone s'est d\u00e9velopp\u00e9 en tant que fournisseur de services complets pour les entreprises - d'abord comme fournisseur d'acc\u00e8s \u00e0 Internet, puis avec une offre Data-SIM et, depuis 2024, \u00e9galement comme fournisseur de t\u00e9l\u00e9phonie mobile.<\/p>\n<h3><strong>Par\u00e9 pour l'avenir<\/strong><\/h3>\n<p>peoplefone investit entre autres dans des start-ups qui s'occupent de l'avenir de la communication. L'intelligence artificielle y joue un r\u00f4le cl\u00e9 et est progressivement int\u00e9gr\u00e9e dans les solutions de t\u00e9l\u00e9phonie actuelles. D\u00e9but 2025, peoplefone STUDIO a \u00e9t\u00e9 lanc\u00e9, un outil bas\u00e9 sur l'IA pour les pr\u00e9sentations vid\u00e9o. Avec peoplefone HOLO, un autre projet d'avenir est dans le pipeline, avec lequel la salle de r\u00e9union virtuelle devient une r\u00e9alit\u00e9.<\/p>\n<p>La protection de l'infrastructure t\u00e9l\u00e9phonique contre les cyber-attaques est une priorit\u00e9 pour peoplefone depuis le d\u00e9but. Depuis toujours, les donn\u00e9es de la client\u00e8le suisse sont exclusivement stock\u00e9es en Suisse. Avec son infrastructure technique, ses syst\u00e8mes de protection state-of-the-art, ses algorithmes anti-piratage et sa structure de centre de donn\u00e9es redondante, peoplefone dispose de la bonne base pour r\u00e9pondre aux directives strictes de l'UE NIS2 en mati\u00e8re de cybers\u00e9curit\u00e9.<\/p>\n<p><a href=\"https:\/\/www.peoplefone.com\/de-ch\/kunden\"><em>Source et informations compl\u00e9mentaires<\/em><\/a><\/p>","protected":false},"excerpt":{"rendered":"<p>Jeudi dernier, peoplefone a f\u00eat\u00e9 son 20e anniversaire avec ses clients et ses partenaires \u00e0 l'EPF de Zurich. En l'espace de deux d\u00e9cennies, le pionnier de la VoIP est pass\u00e9 du statut de start-up \u00e0 celui de fournisseur international de t\u00e9l\u00e9phonie. De nouveaux produits prometteurs, un d\u00e9veloppement cons\u00e9quent de ses propres services de communication ainsi que l'int\u00e9gration de l'IA dans la t\u00e9l\u00e9phonie permettent \u00e0 l'entreprise d'envisager l'avenir avec confiance.<\/p>","protected":false},"author":4,"featured_media":40575,"comment_status":"closed","ping_status":"closed","sticky":false,"template":"","format":"standard","meta":{"_acf_changed":false,"_yoast_wpseo_focuskw":"peoplefone","_yoast_wpseo_metadesc":"Letzten Donnerstag, 11. September 2025, feierte peoplefone zusammen mit Kunden und Partnern sein 20-Jahr-Jubil\u00e4um an der ETH Z\u00fcrich.","articlekey":"","footnotes":""},"categories":[28],"tags":[206,479,492],"class_list":["post-40574","post","type-post","status-publish","format-standard","has-post-thumbnail","hentry","category-management","tag-firmenjubilaeum","tag-telekommunikation","tag-unternehmen"],"acf":[],"yoast_head":"<!-- This site is optimized with the Yoast SEO plugin v27.5 - https:\/\/yoast.com\/product\/yoast-seo-wordpress\/ -->\n<title>peoplefone feiert sein 20-j\u00e4hriges Bestehen - Organisator<\/title>\n<meta name=\"description\" content=\"Letzten Donnerstag, 11. September 2025, feierte peoplefone zusammen mit Kunden und Partnern sein 20-Jahr-Jubil\u00e4um an der ETH Z\u00fcrich.\" \/>\n<meta name=\"robots\" content=\"index, follow, max-snippet:-1, max-image-preview:large, max-video-preview:-1\" \/>\n<link rel=\"canonical\" href=\"https:\/\/www.organisator.ch\/fr\/gestion-2\/2025-09-16\/peoplefone-feiert-sein-20-jaehriges-bestehen\/\" \/>\n<meta property=\"og:locale\" content=\"fr_FR\" \/>\n<meta property=\"og:type\" content=\"article\" \/>\n<meta property=\"og:title\" content=\"peoplefone feiert sein 20-j\u00e4hriges Bestehen\" \/>\n<meta property=\"og:description\" content=\"Letzten Donnerstag, 11. September 2025, feierte peoplefone zusammen mit Kunden und Partnern sein 20-Jahr-Jubil\u00e4um an der ETH Z\u00fcrich.\" \/>\n<meta property=\"og:url\" content=\"https:\/\/www.organisator.ch\/fr\/gestion-2\/2025-09-16\/peoplefone-feiert-sein-20-jaehriges-bestehen\/\" \/>\n<meta property=\"og:site_name\" content=\"Organisator\" \/>\n<meta property=\"article:publisher\" content=\"https:\/\/www.facebook.com\/OrganisatorFachmagazin\" \/>\n<meta property=\"article:published_time\" content=\"2025-09-16T09:04:10+00:00\" \/>\n<meta property=\"og:image\" content=\"https:\/\/www.organisator.ch\/wp-content\/uploads\/2025\/09\/peoplefone-feiert-sein-20-jaehriges-Bestehen_Organisator.png\" \/>\n\t<meta property=\"og:image:width\" content=\"680\" \/>\n\t<meta property=\"og:image:height\" content=\"464\" \/>\n\t<meta property=\"og:image:type\" content=\"image\/png\" \/>\n<meta name=\"author\" content=\"thomas.berner\" \/>\n<meta name=\"twitter:card\" content=\"summary_large_image\" \/>\n<meta name=\"twitter:title\" content=\"#peoplefone feiert sein 20-j\u00e4hriges Bestehen\" \/>\n<meta name=\"twitter:description\" content=\"Letzten Donnerstag, 11. September 2025, feierte #peoplefone zusammen mit Kunden und Partnern sein 20-Jahr-Jubil\u00e4um an der #ETH Z\u00fcrich.\" \/>\n<meta name=\"twitter:image\" content=\"https:\/\/www.organisator.ch\/wp-content\/uploads\/2025\/09\/peoplefone-feiert-sein-20-jaehriges-Bestehen_Organisator.png\" \/>\n<script type=\"application\/ld+json\" class=\"yoast-schema-graph\">{\"@context\":\"https:\\\/\\\/schema.org\",\"@graph\":[{\"@type\":\"Article\",\"@id\":\"https:\\\/\\\/www.organisator.ch\\\/management\\\/2025-09-16\\\/peoplefone-feiert-sein-20-jaehriges-bestehen\\\/#article\",\"isPartOf\":{\"@id\":\"https:\\\/\\\/www.organisator.ch\\\/management\\\/2025-09-16\\\/peoplefone-feiert-sein-20-jaehriges-bestehen\\\/\"},\"author\":{\"name\":\"thomas.berner\",\"@id\":\"https:\\\/\\\/www.organisator.ch\\\/#\\\/schema\\\/person\\\/6f650f90b2842cd4c0cc334b4e36f67e\"},\"headline\":\"peoplefone feiert sein 20-j\u00e4hriges Bestehen\",\"datePublished\":\"2025-09-16T09:04:10+00:00\",\"mainEntityOfPage\":{\"@id\":\"https:\\\/\\\/www.organisator.ch\\\/management\\\/2025-09-16\\\/peoplefone-feiert-sein-20-jaehriges-bestehen\\\/\"},\"wordCount\":435,\"publisher\":{\"@id\":\"https:\\\/\\\/www.organisator.ch\\\/#organization\"},\"image\":{\"@id\":\"https:\\\/\\\/www.organisator.ch\\\/management\\\/2025-09-16\\\/peoplefone-feiert-sein-20-jaehriges-bestehen\\\/#primaryimage\"},\"thumbnailUrl\":\"https:\\\/\\\/www.organisator.ch\\\/wp-content\\\/uploads\\\/2025\\\/09\\\/peoplefone-feiert-sein-20-jaehriges-Bestehen_Organisator.png\",\"keywords\":[\"Firmenjubil\u00e4um\",\"Telekommunikation\",\"Unternehmen\"],\"articleSection\":[\"MANAGEMENT\"],\"inLanguage\":\"fr-FR\"},{\"@type\":\"WebPage\",\"@id\":\"https:\\\/\\\/www.organisator.ch\\\/management\\\/2025-09-16\\\/peoplefone-feiert-sein-20-jaehriges-bestehen\\\/\",\"url\":\"https:\\\/\\\/www.organisator.ch\\\/management\\\/2025-09-16\\\/peoplefone-feiert-sein-20-jaehriges-bestehen\\\/\",\"name\":\"peoplefone feiert sein 20-j\u00e4hriges Bestehen - Organisator\",\"isPartOf\":{\"@id\":\"https:\\\/\\\/www.organisator.ch\\\/#website\"},\"primaryImageOfPage\":{\"@id\":\"https:\\\/\\\/www.organisator.ch\\\/management\\\/2025-09-16\\\/peoplefone-feiert-sein-20-jaehriges-bestehen\\\/#primaryimage\"},\"image\":{\"@id\":\"https:\\\/\\\/www.organisator.ch\\\/management\\\/2025-09-16\\\/peoplefone-feiert-sein-20-jaehriges-bestehen\\\/#primaryimage\"},\"thumbnailUrl\":\"https:\\\/\\\/www.organisator.ch\\\/wp-content\\\/uploads\\\/2025\\\/09\\\/peoplefone-feiert-sein-20-jaehriges-Bestehen_Organisator.png\",\"datePublished\":\"2025-09-16T09:04:10+00:00\",\"description\":\"Letzten Donnerstag, 11. September 2025, feierte peoplefone zusammen mit Kunden und Partnern sein 20-Jahr-Jubil\u00e4um an der ETH Z\u00fcrich.\",\"breadcrumb\":{\"@id\":\"https:\\\/\\\/www.organisator.ch\\\/management\\\/2025-09-16\\\/peoplefone-feiert-sein-20-jaehriges-bestehen\\\/#breadcrumb\"},\"inLanguage\":\"fr-FR\",\"potentialAction\":[{\"@type\":\"ReadAction\",\"target\":[\"https:\\\/\\\/www.organisator.ch\\\/management\\\/2025-09-16\\\/peoplefone-feiert-sein-20-jaehriges-bestehen\\\/\"]}]},{\"@type\":\"ImageObject\",\"inLanguage\":\"fr-FR\",\"@id\":\"https:\\\/\\\/www.organisator.ch\\\/management\\\/2025-09-16\\\/peoplefone-feiert-sein-20-jaehriges-bestehen\\\/#primaryimage\",\"url\":\"https:\\\/\\\/www.organisator.ch\\\/wp-content\\\/uploads\\\/2025\\\/09\\\/peoplefone-feiert-sein-20-jaehriges-Bestehen_Organisator.png\",\"contentUrl\":\"https:\\\/\\\/www.organisator.ch\\\/wp-content\\\/uploads\\\/2025\\\/09\\\/peoplefone-feiert-sein-20-jaehriges-Bestehen_Organisator.png\",\"width\":680,\"height\":464,\"caption\":\"Feierlaune bei peoplefone: Das Telekommunikationsunternehmen blickt auf sein 20-j\u00e4hriges Bestehen zur\u00fcck. (Bild: peoplefone)\"},{\"@type\":\"BreadcrumbList\",\"@id\":\"https:\\\/\\\/www.organisator.ch\\\/management\\\/2025-09-16\\\/peoplefone-feiert-sein-20-jaehriges-bestehen\\\/#breadcrumb\",\"itemListElement\":[{\"@type\":\"ListItem\",\"position\":1,\"name\":\"Home\",\"item\":\"https:\\\/\\\/www.organisator.ch\\\/\"},{\"@type\":\"ListItem\",\"position\":2,\"name\":\"peoplefone feiert sein 20-j\u00e4hriges Bestehen\"}]},{\"@type\":\"WebSite\",\"@id\":\"https:\\\/\\\/www.organisator.ch\\\/#website\",\"url\":\"https:\\\/\\\/www.organisator.ch\\\/\",\"name\":\"Organisator\",\"description\":\"Kompetent. Praxisnah. Der ORGANISATOR bereitet in 10 Ausgaben pro Jahr die wesentlichen Themen f\u00fcr F\u00fchrungskr\u00e4fte von KMU auf.\",\"publisher\":{\"@id\":\"https:\\\/\\\/www.organisator.ch\\\/#organization\"},\"potentialAction\":[{\"@type\":\"SearchAction\",\"target\":{\"@type\":\"EntryPoint\",\"urlTemplate\":\"https:\\\/\\\/www.organisator.ch\\\/?s={search_term_string}\"},\"query-input\":{\"@type\":\"PropertyValueSpecification\",\"valueRequired\":true,\"valueName\":\"search_term_string\"}}],\"inLanguage\":\"fr-FR\"},{\"@type\":\"Organization\",\"@id\":\"https:\\\/\\\/www.organisator.ch\\\/#organization\",\"name\":\"Organisator\",\"url\":\"https:\\\/\\\/www.organisator.ch\\\/\",\"logo\":{\"@type\":\"ImageObject\",\"inLanguage\":\"fr-FR\",\"@id\":\"https:\\\/\\\/www.organisator.ch\\\/#\\\/schema\\\/logo\\\/image\\\/\",\"url\":\"https:\\\/\\\/www.organisator.ch\\\/wp-content\\\/uploads\\\/2022\\\/01\\\/Logo_Organisator_Website.png\",\"contentUrl\":\"https:\\\/\\\/www.organisator.ch\\\/wp-content\\\/uploads\\\/2022\\\/01\\\/Logo_Organisator_Website.png\",\"width\":800,\"height\":77,\"caption\":\"Organisator\"},\"image\":{\"@id\":\"https:\\\/\\\/www.organisator.ch\\\/#\\\/schema\\\/logo\\\/image\\\/\"},\"sameAs\":[\"https:\\\/\\\/www.facebook.com\\\/OrganisatorFachmagazin\",\"https:\\\/\\\/www.linkedin.com\\\/showcase\\\/organisator-das-magazin-fr-kmu\",\"https:\\\/\\\/www.xing.com\\\/news\\\/pages\\\/organisator-ch-695\",\"https:\\\/\\\/www.youtube.com\\\/channel\\\/UCGP2Sq0iWaZwT3BdIAQFYpw\"]},{\"@type\":\"Person\",\"@id\":\"https:\\\/\\\/www.organisator.ch\\\/#\\\/schema\\\/person\\\/6f650f90b2842cd4c0cc334b4e36f67e\",\"name\":\"thomas.berner\",\"image\":{\"@type\":\"ImageObject\",\"inLanguage\":\"fr-FR\",\"@id\":\"https:\\\/\\\/secure.gravatar.com\\\/avatar\\\/ac5001d2a36cb6c6cd3e50789007ffca834b477b74a2144564522e944eabff61?s=96&d=mm&r=g\",\"url\":\"https:\\\/\\\/secure.gravatar.com\\\/avatar\\\/ac5001d2a36cb6c6cd3e50789007ffca834b477b74a2144564522e944eabff61?s=96&d=mm&r=g\",\"contentUrl\":\"https:\\\/\\\/secure.gravatar.com\\\/avatar\\\/ac5001d2a36cb6c6cd3e50789007ffca834b477b74a2144564522e944eabff61?s=96&d=mm&r=g\",\"caption\":\"thomas.berner\"},\"url\":\"https:\\\/\\\/www.organisator.ch\\\/fr\\\/author\\\/thomas-berner\\\/\"}]}<\/script>\n<!-- \/ Yoast SEO plugin. -->","yoast_head_json":{"title":"peoplefone f\u00eate ses 20 ans d'existence - organisateur","description":"Jeudi dernier, le 11 septembre 2025, peoplefone a f\u00eat\u00e9 son 20e anniversaire avec ses clients et ses partenaires \u00e0 l'EPF de Zurich.","robots":{"index":"index","follow":"follow","max-snippet":"max-snippet:-1","max-image-preview":"max-image-preview:large","max-video-preview":"max-video-preview:-1"},"canonical":"https:\/\/www.organisator.ch\/fr\/gestion-2\/2025-09-16\/peoplefone-feiert-sein-20-jaehriges-bestehen\/","og_locale":"fr_FR","og_type":"article","og_title":"peoplefone feiert sein 20-j\u00e4hriges Bestehen","og_description":"Letzten Donnerstag, 11. September 2025, feierte peoplefone zusammen mit Kunden und Partnern sein 20-Jahr-Jubil\u00e4um an der ETH Z\u00fcrich.","og_url":"https:\/\/www.organisator.ch\/fr\/gestion-2\/2025-09-16\/peoplefone-feiert-sein-20-jaehriges-bestehen\/","og_site_name":"Organisator","article_publisher":"https:\/\/www.facebook.com\/OrganisatorFachmagazin","article_published_time":"2025-09-16T09:04:10+00:00","og_image":[{"width":680,"height":464,"url":"https:\/\/www.organisator.ch\/wp-content\/uploads\/2025\/09\/peoplefone-feiert-sein-20-jaehriges-Bestehen_Organisator.png","type":"image\/png"}],"author":"thomas.berner","twitter_card":"summary_large_image","twitter_title":"#peoplefone feiert sein 20-j\u00e4hriges Bestehen","twitter_description":"Letzten Donnerstag, 11. September 2025, feierte #peoplefone zusammen mit Kunden und Partnern sein 20-Jahr-Jubil\u00e4um an der #ETH Z\u00fcrich.","twitter_image":"https:\/\/www.organisator.ch\/wp-content\/uploads\/2025\/09\/peoplefone-feiert-sein-20-jaehriges-Bestehen_Organisator.png","schema":{"@context":"https:\/\/schema.org","@graph":[{"@type":"Article","@id":"https:\/\/www.organisator.ch\/management\/2025-09-16\/peoplefone-feiert-sein-20-jaehriges-bestehen\/#article","isPartOf":{"@id":"https:\/\/www.organisator.ch\/management\/2025-09-16\/peoplefone-feiert-sein-20-jaehriges-bestehen\/"},"author":{"name":"thomas.berner","@id":"https:\/\/www.organisator.ch\/#\/schema\/person\/6f650f90b2842cd4c0cc334b4e36f67e"},"headline":"peoplefone feiert sein 20-j\u00e4hriges Bestehen","datePublished":"2025-09-16T09:04:10+00:00","mainEntityOfPage":{"@id":"https:\/\/www.organisator.ch\/management\/2025-09-16\/peoplefone-feiert-sein-20-jaehriges-bestehen\/"},"wordCount":435,"publisher":{"@id":"https:\/\/www.organisator.ch\/#organization"},"image":{"@id":"https:\/\/www.organisator.ch\/management\/2025-09-16\/peoplefone-feiert-sein-20-jaehriges-bestehen\/#primaryimage"},"thumbnailUrl":"https:\/\/www.organisator.ch\/wp-content\/uploads\/2025\/09\/peoplefone-feiert-sein-20-jaehriges-Bestehen_Organisator.png","keywords":["Firmenjubil\u00e4um","Telekommunikation","Unternehmen"],"articleSection":["MANAGEMENT"],"inLanguage":"fr-FR"},{"@type":"WebPage","@id":"https:\/\/www.organisator.ch\/management\/2025-09-16\/peoplefone-feiert-sein-20-jaehriges-bestehen\/","url":"https:\/\/www.organisator.ch\/management\/2025-09-16\/peoplefone-feiert-sein-20-jaehriges-bestehen\/","name":"peoplefone f\u00eate ses 20 ans d'existence - organisateur","isPartOf":{"@id":"https:\/\/www.organisator.ch\/#website"},"primaryImageOfPage":{"@id":"https:\/\/www.organisator.ch\/management\/2025-09-16\/peoplefone-feiert-sein-20-jaehriges-bestehen\/#primaryimage"},"image":{"@id":"https:\/\/www.organisator.ch\/management\/2025-09-16\/peoplefone-feiert-sein-20-jaehriges-bestehen\/#primaryimage"},"thumbnailUrl":"https:\/\/www.organisator.ch\/wp-content\/uploads\/2025\/09\/peoplefone-feiert-sein-20-jaehriges-Bestehen_Organisator.png","datePublished":"2025-09-16T09:04:10+00:00","description":"Jeudi dernier, le 11 septembre 2025, peoplefone a f\u00eat\u00e9 son 20e anniversaire avec ses clients et ses partenaires \u00e0 l'EPF de Zurich.","breadcrumb":{"@id":"https:\/\/www.organisator.ch\/management\/2025-09-16\/peoplefone-feiert-sein-20-jaehriges-bestehen\/#breadcrumb"},"inLanguage":"fr-FR","potentialAction":[{"@type":"ReadAction","target":["https:\/\/www.organisator.ch\/management\/2025-09-16\/peoplefone-feiert-sein-20-jaehriges-bestehen\/"]}]},{"@type":"ImageObject","inLanguage":"fr-FR","@id":"https:\/\/www.organisator.ch\/management\/2025-09-16\/peoplefone-feiert-sein-20-jaehriges-bestehen\/#primaryimage","url":"https:\/\/www.organisator.ch\/wp-content\/uploads\/2025\/09\/peoplefone-feiert-sein-20-jaehriges-Bestehen_Organisator.png","contentUrl":"https:\/\/www.organisator.ch\/wp-content\/uploads\/2025\/09\/peoplefone-feiert-sein-20-jaehriges-Bestehen_Organisator.png","width":680,"height":464,"caption":"Feierlaune bei peoplefone: Das Telekommunikationsunternehmen blickt auf sein 20-j\u00e4hriges Bestehen zur\u00fcck. (Bild: peoplefone)"},{"@type":"BreadcrumbList","@id":"https:\/\/www.organisator.ch\/management\/2025-09-16\/peoplefone-feiert-sein-20-jaehriges-bestehen\/#breadcrumb","itemListElement":[{"@type":"ListItem","position":1,"name":"Home","item":"https:\/\/www.organisator.ch\/"},{"@type":"ListItem","position":2,"name":"peoplefone feiert sein 20-j\u00e4hriges Bestehen"}]},{"@type":"WebSite","@id":"https:\/\/www.organisator.ch\/#website","url":"https:\/\/www.organisator.ch\/","name":"Organisateur","description":"Comp\u00e9tence et comp\u00e9tence. Proches de la pratique. L'ORGANISATEUR pr\u00e9pare 10 num\u00e9ros par an sur les th\u00e8mes essentiels pour les dirigeants de PME.","publisher":{"@id":"https:\/\/www.organisator.ch\/#organization"},"potentialAction":[{"@type":"SearchAction","target":{"@type":"EntryPoint","urlTemplate":"https:\/\/www.organisator.ch\/?s={search_term_string}"},"query-input":{"@type":"PropertyValueSpecification","valueRequired":true,"valueName":"search_term_string"}}],"inLanguage":"fr-FR"},{"@type":"Organization","@id":"https:\/\/www.organisator.ch\/#organization","name":"Organisateur","url":"https:\/\/www.organisator.ch\/","logo":{"@type":"ImageObject","inLanguage":"fr-FR","@id":"https:\/\/www.organisator.ch\/#\/schema\/logo\/image\/","url":"https:\/\/www.organisator.ch\/wp-content\/uploads\/2022\/01\/Logo_Organisator_Website.png","contentUrl":"https:\/\/www.organisator.ch\/wp-content\/uploads\/2022\/01\/Logo_Organisator_Website.png","width":800,"height":77,"caption":"Organisator"},"image":{"@id":"https:\/\/www.organisator.ch\/#\/schema\/logo\/image\/"},"sameAs":["https:\/\/www.facebook.com\/OrganisatorFachmagazin","https:\/\/www.linkedin.com\/showcase\/organisator-das-magazin-fr-kmu","https:\/\/www.xing.com\/news\/pages\/organisator-ch-695","https:\/\/www.youtube.com\/channel\/UCGP2Sq0iWaZwT3BdIAQFYpw"]},{"@type":"Person","@id":"https:\/\/www.organisator.ch\/#\/schema\/person\/6f650f90b2842cd4c0cc334b4e36f67e","name":"thomas.berner","image":{"@type":"ImageObject","inLanguage":"fr-FR","@id":"https:\/\/secure.gravatar.com\/avatar\/ac5001d2a36cb6c6cd3e50789007ffca834b477b74a2144564522e944eabff61?s=96&d=mm&r=g","url":"https:\/\/secure.gravatar.com\/avatar\/ac5001d2a36cb6c6cd3e50789007ffca834b477b74a2144564522e944eabff61?s=96&d=mm&r=g","contentUrl":"https:\/\/secure.gravatar.com\/avatar\/ac5001d2a36cb6c6cd3e50789007ffca834b477b74a2144564522e944eabff61?s=96&d=mm&r=g","caption":"thomas.berner"},"url":"https:\/\/www.organisator.ch\/fr\/author\/thomas-berner\/"}]}},"_links":{"self":[{"href":"https:\/\/www.organisator.ch\/fr\/wp-json\/wp\/v2\/posts\/40574","targetHints":{"allow":["GET"]}}],"collection":[{"href":"https:\/\/www.organisator.ch\/fr\/wp-json\/wp\/v2\/posts"}],"about":[{"href":"https:\/\/www.organisator.ch\/fr\/wp-json\/wp\/v2\/types\/post"}],"author":[{"embeddable":true,"href":"https:\/\/www.organisator.ch\/fr\/wp-json\/wp\/v2\/users\/4"}],"replies":[{"embeddable":true,"href":"https:\/\/www.organisator.ch\/fr\/wp-json\/wp\/v2\/comments?post=40574"}],"version-history":[{"count":3,"href":"https:\/\/www.organisator.ch\/fr\/wp-json\/wp\/v2\/posts\/40574\/revisions"}],"predecessor-version":[{"id":40606,"href":"https:\/\/www.organisator.ch\/fr\/wp-json\/wp\/v2\/posts\/40574\/revisions\/40606"}],"wp:featuredmedia":[{"embeddable":true,"href":"https:\/\/www.organisator.ch\/fr\/wp-json\/wp\/v2\/media\/40575"}],"wp:attachment":[{"href":"https:\/\/www.organisator.ch\/fr\/wp-json\/wp\/v2\/media?parent=40574"}],"wp:term":[{"taxonomy":"category","embeddable":true,"href":"https:\/\/www.organisator.ch\/fr\/wp-json\/wp\/v2\/categories?post=40574"},{"taxonomy":"post_tag","embeddable":true,"href":"https:\/\/www.organisator.ch\/fr\/wp-json\/wp\/v2\/tags?post=40574"}],"curies":[{"name":"wp","href":"https:\/\/api.w.org\/{rel}","templated":true}]}}