{"id":40597,"date":"2025-09-17T13:29:36","date_gmt":"2025-09-17T11:29:36","guid":{"rendered":"https:\/\/www.organisator.ch\/?p=40597"},"modified":"2025-09-17T13:29:36","modified_gmt":"2025-09-17T11:29:36","slug":"kmu-leitfaden-2025-zum-thema-selbstfuehrung","status":"publish","type":"post","link":"https:\/\/www.organisator.ch\/fr\/management\/2025-09-17\/kmu-leitfaden-2025-zum-thema-selbstfuehrung\/","title":{"rendered":"Guide PME 2025 sur l'autogestion"},"content":{"rendered":"<figure id=\"attachment_40598\" aria-describedby=\"caption-attachment-40598\" style=\"width: 680px\" class=\"wp-caption alignnone\"><img loading=\"lazy\" decoding=\"async\" class=\"size-full wp-image-40598\" src=\"https:\/\/www.organisator.ch\/wp-content\/uploads\/2025\/09\/KMU-Leitfaden-2025-zum-Thema-Selbstfuehrung_Organisator.jpg\" alt=\"\" width=\"680\" height=\"682\" srcset=\"https:\/\/www.organisator.ch\/wp-content\/uploads\/2025\/09\/KMU-Leitfaden-2025-zum-Thema-Selbstfuehrung_Organisator.jpg 680w, https:\/\/www.organisator.ch\/wp-content\/uploads\/2025\/09\/KMU-Leitfaden-2025-zum-Thema-Selbstfuehrung_Organisator-150x150.jpg 150w, https:\/\/www.organisator.ch\/wp-content\/uploads\/2025\/09\/KMU-Leitfaden-2025-zum-Thema-Selbstfuehrung_Organisator-12x12.jpg 12w, https:\/\/www.organisator.ch\/wp-content\/uploads\/2025\/09\/KMU-Leitfaden-2025-zum-Thema-Selbstfuehrung_Organisator-299x300.jpg 299w, https:\/\/www.organisator.ch\/wp-content\/uploads\/2025\/09\/KMU-Leitfaden-2025-zum-Thema-Selbstfuehrung_Organisator-349x350.jpg 349w, https:\/\/www.organisator.ch\/wp-content\/uploads\/2025\/09\/KMU-Leitfaden-2025-zum-Thema-Selbstfuehrung_Organisator-250x250.jpg 250w\" sizes=\"auto, (max-width: 680px) 100vw, 680px\" \/><figcaption id=\"caption-attachment-40598\" class=\"wp-caption-text\">Extrait de la page de couverture du nouveau guide PME. (Image : OBT AG \/ KMU-HSG)<\/figcaption><\/figure>\n<p>En tant qu'entrepreneur, quelle t\u00e2che ne peut pas \u00eatre d\u00e9l\u00e9gu\u00e9e ? La gestion de soi. Un th\u00e8me souvent n\u00e9glig\u00e9 dans le quotidien des PME, mais qui est pourtant d'une importance capitale pour le bien-\u00eatre de l'entreprise, mais aussi de sa propre personne. Le nouveau guide d'OBT AG et de l'Institut suisse pour les PME et l'entrepreneuriat de l'Universit\u00e9 de Saint-Gall met l'accent sur la t\u00e2che centrale de l'autogestion consciente des entrepreneurs.<\/p>\n<p>L'autogestion est bien plus qu'une bonne gestion du temps. Elle comprend des aspects essentiels tels que la d\u00e9l\u00e9gation des t\u00e2ches, la hi\u00e9rarchisation des activit\u00e9s, la gestion des distractions et l'\u00e9quilibre entre les diff\u00e9rents r\u00f4les et responsabilit\u00e9s. L'objectif est d'organiser son activit\u00e9 de mani\u00e8re \u00e0 ce qu'elle serve durablement les entreprises et les entrepreneurs.<\/p>\n<p>Le guide s'adresse sp\u00e9cialement aux entrepreneurs de PME. Il les invite \u00e0 r\u00e9fl\u00e9chir \u00e0 leurs propres comp\u00e9tences de direction, \u00e0 y r\u00e9fl\u00e9chir et \u00e0 les renforcer activement en leur proposant des suggestions et diff\u00e9rentes solutions. Il ne s'agit pas d'une approche th\u00e9orique, mais d'une approche pratique, avec des questions claires, des conseils et des approches d'entrepreneurs de PME suisses, et des pistes de r\u00e9flexion concr\u00e8tes pour faire le point sur sa situation personnelle. Le guide donne notamment la parole \u00e0 Fernando Carlen (partenaire chez Avenir Group), Sandro Keller (H\u00e4lg Group), Nils Planzer (Planzer Transport) ou Isabel Schorer (Pace Commnication AG). Ils s'expriment, tout comme d'autres entrepreneurs, dans des d\u00e9clarations sinc\u00e8res sur les exp\u00e9riences qu'ils ont v\u00e9cues.<\/p>\n<p>Le guide est disponible sur <a href=\"https:\/\/newsletter.obt.ch\/e\/49a88dc73987704e\/nl\/da7edfadf280874bf6058a5f\/link\/324213\/c4dfa709a9a3791befac3c066011241e708032ba\/de\/-\">obt.ch\/selbstfuehrung<\/a> peut \u00eatre t\u00e9l\u00e9charg\u00e9.<\/p>","protected":false},"excerpt":{"rendered":"<p>OBT AG et l'Institut suisse pour les PME et l'entrepreneuriat (KMU-HSG) publient un nouveau guide sur le th\u00e8me de la \"gestion de soi\". Il montre comment les entrepreneurs et les cadres de PME peuvent se diriger (encore mieux) et optimiser leur gestion du temps.<\/p>","protected":false},"author":4,"featured_media":40598,"comment_status":"closed","ping_status":"closed","sticky":false,"template":"","format":"standard","meta":{"_acf_changed":false,"_yoast_wpseo_focuskw":"KMU-Leitfaden","_yoast_wpseo_metadesc":"Die OBT AG und das Schweizerische Institut f\u00fcr KMU und Unternehmertum ver\u00f6ffentlichen einen neuen Leitfaden zum Thema \u00abSelbstf\u00fchrung\u00bb.","articlekey":"","footnotes":""},"categories":[28],"tags":[2625,335,429],"class_list":["post-40597","post","type-post","status-publish","format-standard","has-post-thumbnail","hentry","category-management","tag-lesetipps","tag-management-und-unternehmensfuehrung","tag-selbstmanagement"],"acf":[],"yoast_head":"<!-- This site is optimized with the Yoast SEO plugin v27.5 - https:\/\/yoast.com\/product\/yoast-seo-wordpress\/ -->\n<title>KMU-Leitfaden 2025 zum Thema Selbstf\u00fchrung - Organisator<\/title>\n<meta name=\"description\" content=\"Die OBT AG und das Schweizerische Institut f\u00fcr KMU und Unternehmertum ver\u00f6ffentlichen einen neuen Leitfaden zum Thema \u00abSelbstf\u00fchrung\u00bb.\" \/>\n<meta name=\"robots\" content=\"index, follow, max-snippet:-1, max-image-preview:large, max-video-preview:-1\" \/>\n<link rel=\"canonical\" href=\"https:\/\/www.organisator.ch\/fr\/gestion-2\/2025-09-17\/kmu-leitfaden-2025-zum-thema-selbstfuehrung\/\" \/>\n<meta property=\"og:locale\" content=\"fr_FR\" \/>\n<meta property=\"og:type\" content=\"article\" \/>\n<meta property=\"og:title\" content=\"KMU-Leitfaden 2025 zum Thema Selbstf\u00fchrung\" \/>\n<meta property=\"og:description\" content=\"Die OBT AG und das Schweizerische Institut f\u00fcr KMU und Unternehmertum ver\u00f6ffentlichen einen neuen Leitfaden zum Thema \u00abSelbstf\u00fchrung\u00bb.\" \/>\n<meta property=\"og:url\" content=\"https:\/\/www.organisator.ch\/fr\/gestion-2\/2025-09-17\/kmu-leitfaden-2025-zum-thema-selbstfuehrung\/\" \/>\n<meta property=\"og:site_name\" content=\"Organisator\" \/>\n<meta property=\"article:publisher\" content=\"https:\/\/www.facebook.com\/OrganisatorFachmagazin\" \/>\n<meta property=\"article:published_time\" content=\"2025-09-17T11:29:36+00:00\" \/>\n<meta property=\"og:image\" content=\"https:\/\/www.organisator.ch\/wp-content\/uploads\/2025\/09\/KMU-Leitfaden-2025-zum-Thema-Selbstfuehrung_Organisator.jpg\" \/>\n\t<meta property=\"og:image:width\" content=\"680\" \/>\n\t<meta property=\"og:image:height\" content=\"682\" \/>\n\t<meta property=\"og:image:type\" content=\"image\/jpeg\" \/>\n<meta name=\"author\" content=\"thomas.berner\" \/>\n<meta name=\"twitter:card\" content=\"summary_large_image\" \/>\n<meta name=\"twitter:title\" content=\"#KMU-Leitfaden 2025 zum Thema #Selbstf\u00fchrung\" \/>\n<meta name=\"twitter:description\" content=\"Die #OBT AG und das Schweizerische Institut f\u00fcr #KMU und Unternehmertum ver\u00f6ffentlichen einen neuen #Leitfaden zum Thema \u00abSelbstf\u00fchrung\u00bb.\" \/>\n<meta name=\"twitter:image\" content=\"https:\/\/www.organisator.ch\/wp-content\/uploads\/2025\/09\/KMU-Leitfaden-2025-zum-Thema-Selbstfuehrung_Organisator.jpg\" \/>\n<script type=\"application\/ld+json\" class=\"yoast-schema-graph\">{\"@context\":\"https:\\\/\\\/schema.org\",\"@graph\":[{\"@type\":\"Article\",\"@id\":\"https:\\\/\\\/www.organisator.ch\\\/management\\\/2025-09-17\\\/kmu-leitfaden-2025-zum-thema-selbstfuehrung\\\/#article\",\"isPartOf\":{\"@id\":\"https:\\\/\\\/www.organisator.ch\\\/management\\\/2025-09-17\\\/kmu-leitfaden-2025-zum-thema-selbstfuehrung\\\/\"},\"author\":{\"name\":\"thomas.berner\",\"@id\":\"https:\\\/\\\/www.organisator.ch\\\/#\\\/schema\\\/person\\\/6f650f90b2842cd4c0cc334b4e36f67e\"},\"headline\":\"KMU-Leitfaden 2025 zum Thema Selbstf\u00fchrung\",\"datePublished\":\"2025-09-17T11:29:36+00:00\",\"mainEntityOfPage\":{\"@id\":\"https:\\\/\\\/www.organisator.ch\\\/management\\\/2025-09-17\\\/kmu-leitfaden-2025-zum-thema-selbstfuehrung\\\/\"},\"wordCount\":269,\"publisher\":{\"@id\":\"https:\\\/\\\/www.organisator.ch\\\/#organization\"},\"image\":{\"@id\":\"https:\\\/\\\/www.organisator.ch\\\/management\\\/2025-09-17\\\/kmu-leitfaden-2025-zum-thema-selbstfuehrung\\\/#primaryimage\"},\"thumbnailUrl\":\"https:\\\/\\\/www.organisator.ch\\\/wp-content\\\/uploads\\\/2025\\\/09\\\/KMU-Leitfaden-2025-zum-Thema-Selbstfuehrung_Organisator.jpg\",\"keywords\":[\"Lesetipps\",\"Management und Unternehmensf\u00fchrung\",\"Selbstmanagement\"],\"articleSection\":[\"MANAGEMENT\"],\"inLanguage\":\"fr-FR\"},{\"@type\":\"WebPage\",\"@id\":\"https:\\\/\\\/www.organisator.ch\\\/management\\\/2025-09-17\\\/kmu-leitfaden-2025-zum-thema-selbstfuehrung\\\/\",\"url\":\"https:\\\/\\\/www.organisator.ch\\\/management\\\/2025-09-17\\\/kmu-leitfaden-2025-zum-thema-selbstfuehrung\\\/\",\"name\":\"KMU-Leitfaden 2025 zum Thema Selbstf\u00fchrung - Organisator\",\"isPartOf\":{\"@id\":\"https:\\\/\\\/www.organisator.ch\\\/#website\"},\"primaryImageOfPage\":{\"@id\":\"https:\\\/\\\/www.organisator.ch\\\/management\\\/2025-09-17\\\/kmu-leitfaden-2025-zum-thema-selbstfuehrung\\\/#primaryimage\"},\"image\":{\"@id\":\"https:\\\/\\\/www.organisator.ch\\\/management\\\/2025-09-17\\\/kmu-leitfaden-2025-zum-thema-selbstfuehrung\\\/#primaryimage\"},\"thumbnailUrl\":\"https:\\\/\\\/www.organisator.ch\\\/wp-content\\\/uploads\\\/2025\\\/09\\\/KMU-Leitfaden-2025-zum-Thema-Selbstfuehrung_Organisator.jpg\",\"datePublished\":\"2025-09-17T11:29:36+00:00\",\"description\":\"Die OBT AG und das Schweizerische Institut f\u00fcr KMU und Unternehmertum ver\u00f6ffentlichen einen neuen Leitfaden zum Thema \u00abSelbstf\u00fchrung\u00bb.\",\"breadcrumb\":{\"@id\":\"https:\\\/\\\/www.organisator.ch\\\/management\\\/2025-09-17\\\/kmu-leitfaden-2025-zum-thema-selbstfuehrung\\\/#breadcrumb\"},\"inLanguage\":\"fr-FR\",\"potentialAction\":[{\"@type\":\"ReadAction\",\"target\":[\"https:\\\/\\\/www.organisator.ch\\\/management\\\/2025-09-17\\\/kmu-leitfaden-2025-zum-thema-selbstfuehrung\\\/\"]}]},{\"@type\":\"ImageObject\",\"inLanguage\":\"fr-FR\",\"@id\":\"https:\\\/\\\/www.organisator.ch\\\/management\\\/2025-09-17\\\/kmu-leitfaden-2025-zum-thema-selbstfuehrung\\\/#primaryimage\",\"url\":\"https:\\\/\\\/www.organisator.ch\\\/wp-content\\\/uploads\\\/2025\\\/09\\\/KMU-Leitfaden-2025-zum-Thema-Selbstfuehrung_Organisator.jpg\",\"contentUrl\":\"https:\\\/\\\/www.organisator.ch\\\/wp-content\\\/uploads\\\/2025\\\/09\\\/KMU-Leitfaden-2025-zum-Thema-Selbstfuehrung_Organisator.jpg\",\"width\":680,\"height\":682,\"caption\":\"Ausschnitt der Titelseite zum neuen KMU-Leitfaden. (Bild: OBT AG \\\/ KMU-HSG)\"},{\"@type\":\"BreadcrumbList\",\"@id\":\"https:\\\/\\\/www.organisator.ch\\\/management\\\/2025-09-17\\\/kmu-leitfaden-2025-zum-thema-selbstfuehrung\\\/#breadcrumb\",\"itemListElement\":[{\"@type\":\"ListItem\",\"position\":1,\"name\":\"Home\",\"item\":\"https:\\\/\\\/www.organisator.ch\\\/\"},{\"@type\":\"ListItem\",\"position\":2,\"name\":\"KMU-Leitfaden 2025 zum Thema Selbstf\u00fchrung\"}]},{\"@type\":\"WebSite\",\"@id\":\"https:\\\/\\\/www.organisator.ch\\\/#website\",\"url\":\"https:\\\/\\\/www.organisator.ch\\\/\",\"name\":\"Organisator\",\"description\":\"Kompetent. Praxisnah. Der ORGANISATOR bereitet in 10 Ausgaben pro Jahr die wesentlichen Themen f\u00fcr F\u00fchrungskr\u00e4fte von KMU auf.\",\"publisher\":{\"@id\":\"https:\\\/\\\/www.organisator.ch\\\/#organization\"},\"potentialAction\":[{\"@type\":\"SearchAction\",\"target\":{\"@type\":\"EntryPoint\",\"urlTemplate\":\"https:\\\/\\\/www.organisator.ch\\\/?s={search_term_string}\"},\"query-input\":{\"@type\":\"PropertyValueSpecification\",\"valueRequired\":true,\"valueName\":\"search_term_string\"}}],\"inLanguage\":\"fr-FR\"},{\"@type\":\"Organization\",\"@id\":\"https:\\\/\\\/www.organisator.ch\\\/#organization\",\"name\":\"Organisator\",\"url\":\"https:\\\/\\\/www.organisator.ch\\\/\",\"logo\":{\"@type\":\"ImageObject\",\"inLanguage\":\"fr-FR\",\"@id\":\"https:\\\/\\\/www.organisator.ch\\\/#\\\/schema\\\/logo\\\/image\\\/\",\"url\":\"https:\\\/\\\/www.organisator.ch\\\/wp-content\\\/uploads\\\/2022\\\/01\\\/Logo_Organisator_Website.png\",\"contentUrl\":\"https:\\\/\\\/www.organisator.ch\\\/wp-content\\\/uploads\\\/2022\\\/01\\\/Logo_Organisator_Website.png\",\"width\":800,\"height\":77,\"caption\":\"Organisator\"},\"image\":{\"@id\":\"https:\\\/\\\/www.organisator.ch\\\/#\\\/schema\\\/logo\\\/image\\\/\"},\"sameAs\":[\"https:\\\/\\\/www.facebook.com\\\/OrganisatorFachmagazin\",\"https:\\\/\\\/www.linkedin.com\\\/showcase\\\/organisator-das-magazin-fr-kmu\",\"https:\\\/\\\/www.xing.com\\\/news\\\/pages\\\/organisator-ch-695\",\"https:\\\/\\\/www.youtube.com\\\/channel\\\/UCGP2Sq0iWaZwT3BdIAQFYpw\"]},{\"@type\":\"Person\",\"@id\":\"https:\\\/\\\/www.organisator.ch\\\/#\\\/schema\\\/person\\\/6f650f90b2842cd4c0cc334b4e36f67e\",\"name\":\"thomas.berner\",\"image\":{\"@type\":\"ImageObject\",\"inLanguage\":\"fr-FR\",\"@id\":\"https:\\\/\\\/secure.gravatar.com\\\/avatar\\\/ac5001d2a36cb6c6cd3e50789007ffca834b477b74a2144564522e944eabff61?s=96&d=mm&r=g\",\"url\":\"https:\\\/\\\/secure.gravatar.com\\\/avatar\\\/ac5001d2a36cb6c6cd3e50789007ffca834b477b74a2144564522e944eabff61?s=96&d=mm&r=g\",\"contentUrl\":\"https:\\\/\\\/secure.gravatar.com\\\/avatar\\\/ac5001d2a36cb6c6cd3e50789007ffca834b477b74a2144564522e944eabff61?s=96&d=mm&r=g\",\"caption\":\"thomas.berner\"},\"url\":\"https:\\\/\\\/www.organisator.ch\\\/fr\\\/author\\\/thomas-berner\\\/\"}]}<\/script>\n<!-- \/ Yoast SEO plugin. -->","yoast_head_json":{"title":"Guide PME 2025 sur l'autogestion - Organisateur","description":"OBT AG et l'Institut suisse pour les PME et l'entrepreneuriat publient un nouveau guide sur le th\u00e8me de la \"gestion de soi\".","robots":{"index":"index","follow":"follow","max-snippet":"max-snippet:-1","max-image-preview":"max-image-preview:large","max-video-preview":"max-video-preview:-1"},"canonical":"https:\/\/www.organisator.ch\/fr\/gestion-2\/2025-09-17\/kmu-leitfaden-2025-zum-thema-selbstfuehrung\/","og_locale":"fr_FR","og_type":"article","og_title":"KMU-Leitfaden 2025 zum Thema Selbstf\u00fchrung","og_description":"Die OBT AG und das Schweizerische Institut f\u00fcr KMU und Unternehmertum ver\u00f6ffentlichen einen neuen Leitfaden zum Thema \u00abSelbstf\u00fchrung\u00bb.","og_url":"https:\/\/www.organisator.ch\/fr\/gestion-2\/2025-09-17\/kmu-leitfaden-2025-zum-thema-selbstfuehrung\/","og_site_name":"Organisator","article_publisher":"https:\/\/www.facebook.com\/OrganisatorFachmagazin","article_published_time":"2025-09-17T11:29:36+00:00","og_image":[{"width":680,"height":682,"url":"https:\/\/www.organisator.ch\/wp-content\/uploads\/2025\/09\/KMU-Leitfaden-2025-zum-Thema-Selbstfuehrung_Organisator.jpg","type":"image\/jpeg"}],"author":"thomas.berner","twitter_card":"summary_large_image","twitter_title":"#KMU-Leitfaden 2025 zum Thema #Selbstf\u00fchrung","twitter_description":"Die #OBT AG und das Schweizerische Institut f\u00fcr #KMU und Unternehmertum ver\u00f6ffentlichen einen neuen #Leitfaden zum Thema \u00abSelbstf\u00fchrung\u00bb.","twitter_image":"https:\/\/www.organisator.ch\/wp-content\/uploads\/2025\/09\/KMU-Leitfaden-2025-zum-Thema-Selbstfuehrung_Organisator.jpg","schema":{"@context":"https:\/\/schema.org","@graph":[{"@type":"Article","@id":"https:\/\/www.organisator.ch\/management\/2025-09-17\/kmu-leitfaden-2025-zum-thema-selbstfuehrung\/#article","isPartOf":{"@id":"https:\/\/www.organisator.ch\/management\/2025-09-17\/kmu-leitfaden-2025-zum-thema-selbstfuehrung\/"},"author":{"name":"thomas.berner","@id":"https:\/\/www.organisator.ch\/#\/schema\/person\/6f650f90b2842cd4c0cc334b4e36f67e"},"headline":"KMU-Leitfaden 2025 zum Thema Selbstf\u00fchrung","datePublished":"2025-09-17T11:29:36+00:00","mainEntityOfPage":{"@id":"https:\/\/www.organisator.ch\/management\/2025-09-17\/kmu-leitfaden-2025-zum-thema-selbstfuehrung\/"},"wordCount":269,"publisher":{"@id":"https:\/\/www.organisator.ch\/#organization"},"image":{"@id":"https:\/\/www.organisator.ch\/management\/2025-09-17\/kmu-leitfaden-2025-zum-thema-selbstfuehrung\/#primaryimage"},"thumbnailUrl":"https:\/\/www.organisator.ch\/wp-content\/uploads\/2025\/09\/KMU-Leitfaden-2025-zum-Thema-Selbstfuehrung_Organisator.jpg","keywords":["Lesetipps","Management und Unternehmensf\u00fchrung","Selbstmanagement"],"articleSection":["MANAGEMENT"],"inLanguage":"fr-FR"},{"@type":"WebPage","@id":"https:\/\/www.organisator.ch\/management\/2025-09-17\/kmu-leitfaden-2025-zum-thema-selbstfuehrung\/","url":"https:\/\/www.organisator.ch\/management\/2025-09-17\/kmu-leitfaden-2025-zum-thema-selbstfuehrung\/","name":"Guide PME 2025 sur l'autogestion - Organisateur","isPartOf":{"@id":"https:\/\/www.organisator.ch\/#website"},"primaryImageOfPage":{"@id":"https:\/\/www.organisator.ch\/management\/2025-09-17\/kmu-leitfaden-2025-zum-thema-selbstfuehrung\/#primaryimage"},"image":{"@id":"https:\/\/www.organisator.ch\/management\/2025-09-17\/kmu-leitfaden-2025-zum-thema-selbstfuehrung\/#primaryimage"},"thumbnailUrl":"https:\/\/www.organisator.ch\/wp-content\/uploads\/2025\/09\/KMU-Leitfaden-2025-zum-Thema-Selbstfuehrung_Organisator.jpg","datePublished":"2025-09-17T11:29:36+00:00","description":"OBT AG et l'Institut suisse pour les PME et l'entrepreneuriat publient un nouveau guide sur le th\u00e8me de la \"gestion de soi\".","breadcrumb":{"@id":"https:\/\/www.organisator.ch\/management\/2025-09-17\/kmu-leitfaden-2025-zum-thema-selbstfuehrung\/#breadcrumb"},"inLanguage":"fr-FR","potentialAction":[{"@type":"ReadAction","target":["https:\/\/www.organisator.ch\/management\/2025-09-17\/kmu-leitfaden-2025-zum-thema-selbstfuehrung\/"]}]},{"@type":"ImageObject","inLanguage":"fr-FR","@id":"https:\/\/www.organisator.ch\/management\/2025-09-17\/kmu-leitfaden-2025-zum-thema-selbstfuehrung\/#primaryimage","url":"https:\/\/www.organisator.ch\/wp-content\/uploads\/2025\/09\/KMU-Leitfaden-2025-zum-Thema-Selbstfuehrung_Organisator.jpg","contentUrl":"https:\/\/www.organisator.ch\/wp-content\/uploads\/2025\/09\/KMU-Leitfaden-2025-zum-Thema-Selbstfuehrung_Organisator.jpg","width":680,"height":682,"caption":"Ausschnitt der Titelseite zum neuen KMU-Leitfaden. (Bild: OBT AG \/ KMU-HSG)"},{"@type":"BreadcrumbList","@id":"https:\/\/www.organisator.ch\/management\/2025-09-17\/kmu-leitfaden-2025-zum-thema-selbstfuehrung\/#breadcrumb","itemListElement":[{"@type":"ListItem","position":1,"name":"Home","item":"https:\/\/www.organisator.ch\/"},{"@type":"ListItem","position":2,"name":"KMU-Leitfaden 2025 zum Thema Selbstf\u00fchrung"}]},{"@type":"WebSite","@id":"https:\/\/www.organisator.ch\/#website","url":"https:\/\/www.organisator.ch\/","name":"Organisateur","description":"Comp\u00e9tence et comp\u00e9tence. Proches de la pratique. L'ORGANISATEUR pr\u00e9pare 10 num\u00e9ros par an sur les th\u00e8mes essentiels pour les dirigeants de PME.","publisher":{"@id":"https:\/\/www.organisator.ch\/#organization"},"potentialAction":[{"@type":"SearchAction","target":{"@type":"EntryPoint","urlTemplate":"https:\/\/www.organisator.ch\/?s={search_term_string}"},"query-input":{"@type":"PropertyValueSpecification","valueRequired":true,"valueName":"search_term_string"}}],"inLanguage":"fr-FR"},{"@type":"Organization","@id":"https:\/\/www.organisator.ch\/#organization","name":"Organisateur","url":"https:\/\/www.organisator.ch\/","logo":{"@type":"ImageObject","inLanguage":"fr-FR","@id":"https:\/\/www.organisator.ch\/#\/schema\/logo\/image\/","url":"https:\/\/www.organisator.ch\/wp-content\/uploads\/2022\/01\/Logo_Organisator_Website.png","contentUrl":"https:\/\/www.organisator.ch\/wp-content\/uploads\/2022\/01\/Logo_Organisator_Website.png","width":800,"height":77,"caption":"Organisator"},"image":{"@id":"https:\/\/www.organisator.ch\/#\/schema\/logo\/image\/"},"sameAs":["https:\/\/www.facebook.com\/OrganisatorFachmagazin","https:\/\/www.linkedin.com\/showcase\/organisator-das-magazin-fr-kmu","https:\/\/www.xing.com\/news\/pages\/organisator-ch-695","https:\/\/www.youtube.com\/channel\/UCGP2Sq0iWaZwT3BdIAQFYpw"]},{"@type":"Person","@id":"https:\/\/www.organisator.ch\/#\/schema\/person\/6f650f90b2842cd4c0cc334b4e36f67e","name":"thomas.berner","image":{"@type":"ImageObject","inLanguage":"fr-FR","@id":"https:\/\/secure.gravatar.com\/avatar\/ac5001d2a36cb6c6cd3e50789007ffca834b477b74a2144564522e944eabff61?s=96&d=mm&r=g","url":"https:\/\/secure.gravatar.com\/avatar\/ac5001d2a36cb6c6cd3e50789007ffca834b477b74a2144564522e944eabff61?s=96&d=mm&r=g","contentUrl":"https:\/\/secure.gravatar.com\/avatar\/ac5001d2a36cb6c6cd3e50789007ffca834b477b74a2144564522e944eabff61?s=96&d=mm&r=g","caption":"thomas.berner"},"url":"https:\/\/www.organisator.ch\/fr\/author\/thomas-berner\/"}]}},"_links":{"self":[{"href":"https:\/\/www.organisator.ch\/fr\/wp-json\/wp\/v2\/posts\/40597","targetHints":{"allow":["GET"]}}],"collection":[{"href":"https:\/\/www.organisator.ch\/fr\/wp-json\/wp\/v2\/posts"}],"about":[{"href":"https:\/\/www.organisator.ch\/fr\/wp-json\/wp\/v2\/types\/post"}],"author":[{"embeddable":true,"href":"https:\/\/www.organisator.ch\/fr\/wp-json\/wp\/v2\/users\/4"}],"replies":[{"embeddable":true,"href":"https:\/\/www.organisator.ch\/fr\/wp-json\/wp\/v2\/comments?post=40597"}],"version-history":[{"count":4,"href":"https:\/\/www.organisator.ch\/fr\/wp-json\/wp\/v2\/posts\/40597\/revisions"}],"predecessor-version":[{"id":40638,"href":"https:\/\/www.organisator.ch\/fr\/wp-json\/wp\/v2\/posts\/40597\/revisions\/40638"}],"wp:featuredmedia":[{"embeddable":true,"href":"https:\/\/www.organisator.ch\/fr\/wp-json\/wp\/v2\/media\/40598"}],"wp:attachment":[{"href":"https:\/\/www.organisator.ch\/fr\/wp-json\/wp\/v2\/media?parent=40597"}],"wp:term":[{"taxonomy":"category","embeddable":true,"href":"https:\/\/www.organisator.ch\/fr\/wp-json\/wp\/v2\/categories?post=40597"},{"taxonomy":"post_tag","embeddable":true,"href":"https:\/\/www.organisator.ch\/fr\/wp-json\/wp\/v2\/tags?post=40597"}],"curies":[{"name":"wp","href":"https:\/\/api.w.org\/{rel}","templated":true}]}}