{"id":40657,"date":"2025-09-22T09:25:00","date_gmt":"2025-09-22T07:25:00","guid":{"rendered":"https:\/\/www.organisator.ch\/?p=40657"},"modified":"2025-10-01T08:39:18","modified_gmt":"2025-10-01T06:39:18","slug":"swissskills-2025-kuerte-die-besten-jungen-berufsleute","status":"publish","type":"post","link":"https:\/\/www.organisator.ch\/fr\/weiterbildung\/2025-09-22\/swissskills-2025-kuerte-die-besten-jungen-berufsleute\/","title":{"rendered":"SwissSkills 2025 a d\u00e9sign\u00e9 les meilleurs jeunes professionnels"},"content":{"rendered":"<figure id=\"attachment_40658\" aria-describedby=\"caption-attachment-40658\" style=\"width: 680px\" class=\"wp-caption alignnone\"><img loading=\"lazy\" decoding=\"async\" class=\"size-full wp-image-40658\" src=\"https:\/\/www.organisator.ch\/wp-content\/uploads\/2025\/09\/SwissSkills-2025-kuerte-die-besten-jungen-Berufsleute_Organisator.jpg\" alt=\"\" width=\"680\" height=\"472\" srcset=\"https:\/\/www.organisator.ch\/wp-content\/uploads\/2025\/09\/SwissSkills-2025-kuerte-die-besten-jungen-Berufsleute_Organisator.jpg 680w, https:\/\/www.organisator.ch\/wp-content\/uploads\/2025\/09\/SwissSkills-2025-kuerte-die-besten-jungen-Berufsleute_Organisator-18x12.jpg 18w, https:\/\/www.organisator.ch\/wp-content\/uploads\/2025\/09\/SwissSkills-2025-kuerte-die-besten-jungen-Berufsleute_Organisator-375x260.jpg 375w, https:\/\/www.organisator.ch\/wp-content\/uploads\/2025\/09\/SwissSkills-2025-kuerte-die-besten-jungen-Berufsleute_Organisator-504x350.jpg 504w\" sizes=\"auto, (max-width: 680px) 100vw, 680px\" \/><figcaption id=\"caption-attachment-40658\" class=\"wp-caption-text\">Menuisier\/\u00e8re CFC au travail. (\u00a9 SwissSkills \/ Ruben Sprich)<\/figcaption><\/figure>\n<p>Avec beaucoup d'engagement, de pers\u00e9v\u00e9rance et d'habilet\u00e9, plus de 1000 jeunes professionnels se sont battus pour le titre de champion suisse dans leur m\u00e9tier. Le soir du 20 septembre 2025, les trois meilleurs participants par m\u00e9tier ont re\u00e7u la r\u00e9compense m\u00e9rit\u00e9e pour leurs magnifiques performances sous la forme d'une m\u00e9daille lors de la c\u00e9r\u00e9monie de remise des prix pleine d'\u00e9motion. Celle-ci s'est d\u00e9roul\u00e9e devant pr\u00e8s de 6000 visiteurs \u00e0 la PostFinance Arena. Le conseiller f\u00e9d\u00e9ral Guy Parmelin, qui s'\u00e9tait d\u00e9j\u00e0 rendu aux SwissSkills 2025 le jeudi, n'a pas manqu\u00e9 de f\u00e9liciter personnellement chaque m\u00e9daill\u00e9(e) pendant la c\u00e9r\u00e9monie de remise des prix qui a dur\u00e9 pr\u00e8s de quatre heures. \"Bravo, vous avez accompli de grandes choses\", a d\u00e9clar\u00e9 le ministre de l'\u00e9conomie Parmelin, qui a lui-m\u00eame effectu\u00e9 un apprentissage d'agriculteur. \"Passion, savoir-faire, fiert\u00e9 professionnelle, voil\u00e0 ce qui nous a anim\u00e9s ces derniers jours. Et je le dis avec conviction : Leurs comp\u00e9tences sont une promesse d'avenir\".<\/p>\n<h3>Le canton de Berne remporte le plus de m\u00e9dailles<\/h3>\n<p>Le bilan des m\u00e9dailles le montre : C'est le canton de Berne qui a eu le plus de succ\u00e8s avec 66 m\u00e9dailles. Il est suivi par Saint-Gall avec 34 distinctions et Zurich avec 28. Mais il n'y a pas que la quantit\u00e9 qui compte ! Glaris et Nidwald ont obtenu les meilleurs r\u00e9sultats en termes de nombre de participants. Ils sont suivis par Soleure et Thurgovie, qui d\u00e9montrent de mani\u00e8re impressionnante la passion et la qualit\u00e9 de la formation professionnelle de leur r\u00e9gion.<\/p>\n<h3>Quand le site de BERNEXPO devient une salle de classe<\/h3>\n<p>De mercredi \u00e0 vendredi, plus de 65'000 \u00e9l\u00e8ves r\u00e9partis dans 2'100 classes ont transform\u00e9 le site de BERNEXPO en une salle de classe vivante. Au lieu de la th\u00e9orie des manuels scolaires, ils ont eu droit \u00e0 de la pratique pure : souder, programmer, servir, ma\u00e7onner, coiffer. Pour beaucoup, il s'agissait d'une premi\u00e8re rencontre avec des m\u00e9tiers qu'ils ne connaissaient que par ou\u00ef-dire. Les jeunes ont \u00e9t\u00e9 \u00e9tonn\u00e9s, ont pos\u00e9 d'innombrables questions et ont essay\u00e9 eux-m\u00eames aux stations \"Try a Skill\" des plus de 150 m\u00e9tiers ce qui se cachait derri\u00e8re celui-ci. Ces rencontres rendent la formation professionnelle non seulement tangible, mais aussi \u00e9motionnelle - des impressions qui marquent le processus de choix professionnel et qui perdurent longtemps.<\/p>\n<h3>L'artisanat reste indispensable<\/h3>\n<p>Sous la devise \"Quand ChatGPT a besoin d'\u00e9lectricit\u00e9 - qui pose le c\u00e2ble ?\", le groupe de base Second-\u0153uvre et Enveloppe des \u00e9difices de Construction Suisse a montr\u00e9, lors des SwissSkills, le r\u00f4le central que jouent les m\u00e9tiers du second-\u0153uvre et de l'enveloppe des \u00e9difices dans le monde du travail suisse. L'accent a \u00e9t\u00e9 mis sur la promotion de la rel\u00e8ve et les perspectives professionnelles des jeunes talents. Un th\u00e8me plus que jamais d'actualit\u00e9 au vu de la p\u00e9nurie de main-d'\u0153uvre qualifi\u00e9e. Avec plus de 30 000 apprentis, le secteur est non seulement l'un des plus grands formateurs de Suisse, mais aussi le garant de carri\u00e8res proches de la pratique et s\u00fbres pour l'avenir. Une visite des SwissSkills a permis de constater la diversit\u00e9 de la branche et l'\u00e9tendue des possibilit\u00e9s offertes aux jeunes talents. Konrad Imbach, pr\u00e9sident central de Ceruniq, a constat\u00e9 : \"C'est justement \u00e0 l'\u00e9poque de l'automatisation et de l'intelligence artificielle que l'on voit \u00e0 quel point le savoir-faire artisanal reste important. La technique seule ne construit pas de maisons\".<\/p>\n<p><em>Plus d'informations : <a href=\"https:\/\/swiss-skills2025.ch\/de\/erleben\/resultate\" target=\"_blank\" rel=\"noopener\">R\u00e9sultats | SwissSkills<\/a><\/em><\/p>","protected":false},"excerpt":{"rendered":"<p>1 021 jeunes talents professionnels se sont affront\u00e9s pendant quatre jours pour d\u00e9crocher le titre. Les nouveaux champions et championnes suisses sont d\u00e9sormais connus. Le 20 septembre 2025, 297 participants ont eu le plaisir de recevoir une m\u00e9daille autour du cou et les f\u00e9licitations du conseiller f\u00e9d\u00e9ral Guy Parmelin lors d'une c\u00e9r\u00e9monie de remise des prix \u00e9blouissante \u00e0 la PostFinance Arena de Berne.<\/p>","protected":false},"author":4,"featured_media":40658,"comment_status":"closed","ping_status":"closed","sticky":false,"template":"","format":"standard","meta":{"_acf_changed":false,"_yoast_wpseo_focuskw":"SwissSkills 2025","_yoast_wpseo_metadesc":"1'021 junge Berufstalente k\u00e4mpften an den SwissSkills 2025 w\u00e4hrend vier Tagen um den Titel der\/des Schweizer Meisters\/-in in ihrem Metier.","articlekey":"","footnotes":""},"categories":[30],"tags":[4101,66,73,2699,503],"class_list":["post-40657","post","type-post","status-publish","format-standard","has-post-thumbnail","hentry","category-weiterbildung","tag-aus-und-weiterbildung","tag-awards","tag-berufsbildung","tag-swissskills","tag-verbaende"],"acf":[],"yoast_head":"<!-- This site is optimized with the Yoast SEO plugin v27.4 - https:\/\/yoast.com\/product\/yoast-seo-wordpress\/ -->\n<title>SwissSkills 2025 k\u00fcrte die besten jungen Berufsleute - Organisator<\/title>\n<meta name=\"description\" content=\"1&#039;021 junge Berufstalente k\u00e4mpften an den SwissSkills 2025 w\u00e4hrend vier Tagen um den Titel der\/des Schweizer Meisters\/-in in ihrem Metier.\" \/>\n<meta name=\"robots\" content=\"index, follow, max-snippet:-1, max-image-preview:large, max-video-preview:-1\" \/>\n<link rel=\"canonical\" href=\"https:\/\/www.organisator.ch\/fr\/formation-continue-2\/2025-09-22\/swissskills-2025-kuerte-die-besten-jungen-berufsleute\/\" \/>\n<meta property=\"og:locale\" content=\"fr_FR\" \/>\n<meta property=\"og:type\" content=\"article\" \/>\n<meta property=\"og:title\" content=\"SwissSkills 2025 k\u00fcrte die besten jungen Berufsleute\" \/>\n<meta property=\"og:description\" content=\"1&#039;021 junge Berufstalente k\u00e4mpften an den SwissSkills 2025 w\u00e4hrend vier Tagen um den Titel der\/des Schweizer Meisters\/-in in ihrem Metier.\" \/>\n<meta property=\"og:url\" content=\"https:\/\/www.organisator.ch\/fr\/formation-continue-2\/2025-09-22\/swissskills-2025-kuerte-die-besten-jungen-berufsleute\/\" \/>\n<meta property=\"og:site_name\" content=\"Organisator\" \/>\n<meta property=\"article:publisher\" content=\"https:\/\/www.facebook.com\/OrganisatorFachmagazin\" \/>\n<meta property=\"article:published_time\" content=\"2025-09-22T07:25:00+00:00\" \/>\n<meta property=\"article:modified_time\" content=\"2025-10-01T06:39:18+00:00\" \/>\n<meta property=\"og:image\" content=\"https:\/\/www.organisator.ch\/wp-content\/uploads\/2025\/09\/SwissSkills-2025-kuerte-die-besten-jungen-Berufsleute_Organisator.jpg\" \/>\n\t<meta property=\"og:image:width\" content=\"680\" \/>\n\t<meta property=\"og:image:height\" content=\"472\" \/>\n\t<meta property=\"og:image:type\" content=\"image\/jpeg\" \/>\n<meta name=\"author\" content=\"thomas.berner\" \/>\n<meta name=\"twitter:card\" content=\"summary_large_image\" \/>\n<meta name=\"twitter:title\" content=\"#SwissSkills 2025 k\u00fcrte die besten jungen #Berufsleute\" \/>\n<meta name=\"twitter:description\" content=\"1&#039;021 junge #Berufstalente k\u00e4mpften an den #SwissSkills 2025 w\u00e4hrend vier Tagen um den Titel der\/des Schweizer Meisters\/-in in ihrem Metier.\" \/>\n<meta name=\"twitter:image\" content=\"https:\/\/www.organisator.ch\/wp-content\/uploads\/2025\/09\/SwissSkills-2025-kuerte-die-besten-jungen-Berufsleute_Organisator.jpg\" \/>\n<script type=\"application\/ld+json\" class=\"yoast-schema-graph\">{\"@context\":\"https:\\\/\\\/schema.org\",\"@graph\":[{\"@type\":\"Article\",\"@id\":\"https:\\\/\\\/www.organisator.ch\\\/weiterbildung\\\/2025-09-22\\\/swissskills-2025-kuerte-die-besten-jungen-berufsleute\\\/#article\",\"isPartOf\":{\"@id\":\"https:\\\/\\\/www.organisator.ch\\\/weiterbildung\\\/2025-09-22\\\/swissskills-2025-kuerte-die-besten-jungen-berufsleute\\\/\"},\"author\":{\"name\":\"thomas.berner\",\"@id\":\"https:\\\/\\\/www.organisator.ch\\\/#\\\/schema\\\/person\\\/6f650f90b2842cd4c0cc334b4e36f67e\"},\"headline\":\"SwissSkills 2025 k\u00fcrte die besten jungen Berufsleute\",\"datePublished\":\"2025-09-22T07:25:00+00:00\",\"dateModified\":\"2025-10-01T06:39:18+00:00\",\"mainEntityOfPage\":{\"@id\":\"https:\\\/\\\/www.organisator.ch\\\/weiterbildung\\\/2025-09-22\\\/swissskills-2025-kuerte-die-besten-jungen-berufsleute\\\/\"},\"wordCount\":483,\"publisher\":{\"@id\":\"https:\\\/\\\/www.organisator.ch\\\/#organization\"},\"image\":{\"@id\":\"https:\\\/\\\/www.organisator.ch\\\/weiterbildung\\\/2025-09-22\\\/swissskills-2025-kuerte-die-besten-jungen-berufsleute\\\/#primaryimage\"},\"thumbnailUrl\":\"https:\\\/\\\/www.organisator.ch\\\/wp-content\\\/uploads\\\/2025\\\/09\\\/SwissSkills-2025-kuerte-die-besten-jungen-Berufsleute_Organisator.jpg\",\"keywords\":[\"Aus- und Weiterbildung\",\"Awards\",\"Berufsbildung\",\"SwissSkills\",\"Verb\u00e4nde\"],\"articleSection\":[\"WEITERBILDUNG\"],\"inLanguage\":\"fr-FR\"},{\"@type\":\"WebPage\",\"@id\":\"https:\\\/\\\/www.organisator.ch\\\/weiterbildung\\\/2025-09-22\\\/swissskills-2025-kuerte-die-besten-jungen-berufsleute\\\/\",\"url\":\"https:\\\/\\\/www.organisator.ch\\\/weiterbildung\\\/2025-09-22\\\/swissskills-2025-kuerte-die-besten-jungen-berufsleute\\\/\",\"name\":\"SwissSkills 2025 k\u00fcrte die besten jungen Berufsleute - Organisator\",\"isPartOf\":{\"@id\":\"https:\\\/\\\/www.organisator.ch\\\/#website\"},\"primaryImageOfPage\":{\"@id\":\"https:\\\/\\\/www.organisator.ch\\\/weiterbildung\\\/2025-09-22\\\/swissskills-2025-kuerte-die-besten-jungen-berufsleute\\\/#primaryimage\"},\"image\":{\"@id\":\"https:\\\/\\\/www.organisator.ch\\\/weiterbildung\\\/2025-09-22\\\/swissskills-2025-kuerte-die-besten-jungen-berufsleute\\\/#primaryimage\"},\"thumbnailUrl\":\"https:\\\/\\\/www.organisator.ch\\\/wp-content\\\/uploads\\\/2025\\\/09\\\/SwissSkills-2025-kuerte-die-besten-jungen-Berufsleute_Organisator.jpg\",\"datePublished\":\"2025-09-22T07:25:00+00:00\",\"dateModified\":\"2025-10-01T06:39:18+00:00\",\"description\":\"1'021 junge Berufstalente k\u00e4mpften an den SwissSkills 2025 w\u00e4hrend vier Tagen um den Titel der\\\/des Schweizer Meisters\\\/-in in ihrem Metier.\",\"breadcrumb\":{\"@id\":\"https:\\\/\\\/www.organisator.ch\\\/weiterbildung\\\/2025-09-22\\\/swissskills-2025-kuerte-die-besten-jungen-berufsleute\\\/#breadcrumb\"},\"inLanguage\":\"fr-FR\",\"potentialAction\":[{\"@type\":\"ReadAction\",\"target\":[\"https:\\\/\\\/www.organisator.ch\\\/weiterbildung\\\/2025-09-22\\\/swissskills-2025-kuerte-die-besten-jungen-berufsleute\\\/\"]}]},{\"@type\":\"ImageObject\",\"inLanguage\":\"fr-FR\",\"@id\":\"https:\\\/\\\/www.organisator.ch\\\/weiterbildung\\\/2025-09-22\\\/swissskills-2025-kuerte-die-besten-jungen-berufsleute\\\/#primaryimage\",\"url\":\"https:\\\/\\\/www.organisator.ch\\\/wp-content\\\/uploads\\\/2025\\\/09\\\/SwissSkills-2025-kuerte-die-besten-jungen-Berufsleute_Organisator.jpg\",\"contentUrl\":\"https:\\\/\\\/www.organisator.ch\\\/wp-content\\\/uploads\\\/2025\\\/09\\\/SwissSkills-2025-kuerte-die-besten-jungen-Berufsleute_Organisator.jpg\",\"width\":680,\"height\":472,\"caption\":\"Schreiner\\\/-in EFZ bei der Arbeit. (\u00a9 SwissSkills \\\/ Ruben Sprich)\"},{\"@type\":\"BreadcrumbList\",\"@id\":\"https:\\\/\\\/www.organisator.ch\\\/weiterbildung\\\/2025-09-22\\\/swissskills-2025-kuerte-die-besten-jungen-berufsleute\\\/#breadcrumb\",\"itemListElement\":[{\"@type\":\"ListItem\",\"position\":1,\"name\":\"Home\",\"item\":\"https:\\\/\\\/www.organisator.ch\\\/\"},{\"@type\":\"ListItem\",\"position\":2,\"name\":\"SwissSkills 2025 k\u00fcrte die besten jungen Berufsleute\"}]},{\"@type\":\"WebSite\",\"@id\":\"https:\\\/\\\/www.organisator.ch\\\/#website\",\"url\":\"https:\\\/\\\/www.organisator.ch\\\/\",\"name\":\"Organisator\",\"description\":\"Kompetent. Praxisnah. Der ORGANISATOR bereitet in 10 Ausgaben pro Jahr die wesentlichen Themen f\u00fcr F\u00fchrungskr\u00e4fte von KMU auf.\",\"publisher\":{\"@id\":\"https:\\\/\\\/www.organisator.ch\\\/#organization\"},\"potentialAction\":[{\"@type\":\"SearchAction\",\"target\":{\"@type\":\"EntryPoint\",\"urlTemplate\":\"https:\\\/\\\/www.organisator.ch\\\/?s={search_term_string}\"},\"query-input\":{\"@type\":\"PropertyValueSpecification\",\"valueRequired\":true,\"valueName\":\"search_term_string\"}}],\"inLanguage\":\"fr-FR\"},{\"@type\":\"Organization\",\"@id\":\"https:\\\/\\\/www.organisator.ch\\\/#organization\",\"name\":\"Organisator\",\"url\":\"https:\\\/\\\/www.organisator.ch\\\/\",\"logo\":{\"@type\":\"ImageObject\",\"inLanguage\":\"fr-FR\",\"@id\":\"https:\\\/\\\/www.organisator.ch\\\/#\\\/schema\\\/logo\\\/image\\\/\",\"url\":\"https:\\\/\\\/www.organisator.ch\\\/wp-content\\\/uploads\\\/2022\\\/01\\\/Logo_Organisator_Website.png\",\"contentUrl\":\"https:\\\/\\\/www.organisator.ch\\\/wp-content\\\/uploads\\\/2022\\\/01\\\/Logo_Organisator_Website.png\",\"width\":800,\"height\":77,\"caption\":\"Organisator\"},\"image\":{\"@id\":\"https:\\\/\\\/www.organisator.ch\\\/#\\\/schema\\\/logo\\\/image\\\/\"},\"sameAs\":[\"https:\\\/\\\/www.facebook.com\\\/OrganisatorFachmagazin\",\"https:\\\/\\\/www.linkedin.com\\\/showcase\\\/organisator-das-magazin-fr-kmu\",\"https:\\\/\\\/www.xing.com\\\/news\\\/pages\\\/organisator-ch-695\",\"https:\\\/\\\/www.youtube.com\\\/channel\\\/UCGP2Sq0iWaZwT3BdIAQFYpw\"]},{\"@type\":\"Person\",\"@id\":\"https:\\\/\\\/www.organisator.ch\\\/#\\\/schema\\\/person\\\/6f650f90b2842cd4c0cc334b4e36f67e\",\"name\":\"thomas.berner\",\"image\":{\"@type\":\"ImageObject\",\"inLanguage\":\"fr-FR\",\"@id\":\"https:\\\/\\\/secure.gravatar.com\\\/avatar\\\/ac5001d2a36cb6c6cd3e50789007ffca834b477b74a2144564522e944eabff61?s=96&d=mm&r=g\",\"url\":\"https:\\\/\\\/secure.gravatar.com\\\/avatar\\\/ac5001d2a36cb6c6cd3e50789007ffca834b477b74a2144564522e944eabff61?s=96&d=mm&r=g\",\"contentUrl\":\"https:\\\/\\\/secure.gravatar.com\\\/avatar\\\/ac5001d2a36cb6c6cd3e50789007ffca834b477b74a2144564522e944eabff61?s=96&d=mm&r=g\",\"caption\":\"thomas.berner\"},\"url\":\"https:\\\/\\\/www.organisator.ch\\\/fr\\\/author\\\/thomas-berner\\\/\"}]}<\/script>\n<!-- \/ Yoast SEO plugin. -->","yoast_head_json":{"title":"SwissSkills 2025 a d\u00e9sign\u00e9 les meilleurs jeunes professionnels - Organisateur","description":"1 021 jeunes talents professionnels se sont affront\u00e9s pendant quatre jours lors des SwissSkills 2025 pour d\u00e9crocher le titre de champion(ne) suisse dans leur m\u00e9tier.","robots":{"index":"index","follow":"follow","max-snippet":"max-snippet:-1","max-image-preview":"max-image-preview:large","max-video-preview":"max-video-preview:-1"},"canonical":"https:\/\/www.organisator.ch\/fr\/formation-continue-2\/2025-09-22\/swissskills-2025-kuerte-die-besten-jungen-berufsleute\/","og_locale":"fr_FR","og_type":"article","og_title":"SwissSkills 2025 k\u00fcrte die besten jungen Berufsleute","og_description":"1'021 junge Berufstalente k\u00e4mpften an den SwissSkills 2025 w\u00e4hrend vier Tagen um den Titel der\/des Schweizer Meisters\/-in in ihrem Metier.","og_url":"https:\/\/www.organisator.ch\/fr\/formation-continue-2\/2025-09-22\/swissskills-2025-kuerte-die-besten-jungen-berufsleute\/","og_site_name":"Organisator","article_publisher":"https:\/\/www.facebook.com\/OrganisatorFachmagazin","article_published_time":"2025-09-22T07:25:00+00:00","article_modified_time":"2025-10-01T06:39:18+00:00","og_image":[{"width":680,"height":472,"url":"https:\/\/www.organisator.ch\/wp-content\/uploads\/2025\/09\/SwissSkills-2025-kuerte-die-besten-jungen-Berufsleute_Organisator.jpg","type":"image\/jpeg"}],"author":"thomas.berner","twitter_card":"summary_large_image","twitter_title":"#SwissSkills 2025 k\u00fcrte die besten jungen #Berufsleute","twitter_description":"1'021 junge #Berufstalente k\u00e4mpften an den #SwissSkills 2025 w\u00e4hrend vier Tagen um den Titel der\/des Schweizer Meisters\/-in in ihrem Metier.","twitter_image":"https:\/\/www.organisator.ch\/wp-content\/uploads\/2025\/09\/SwissSkills-2025-kuerte-die-besten-jungen-Berufsleute_Organisator.jpg","schema":{"@context":"https:\/\/schema.org","@graph":[{"@type":"Article","@id":"https:\/\/www.organisator.ch\/weiterbildung\/2025-09-22\/swissskills-2025-kuerte-die-besten-jungen-berufsleute\/#article","isPartOf":{"@id":"https:\/\/www.organisator.ch\/weiterbildung\/2025-09-22\/swissskills-2025-kuerte-die-besten-jungen-berufsleute\/"},"author":{"name":"thomas.berner","@id":"https:\/\/www.organisator.ch\/#\/schema\/person\/6f650f90b2842cd4c0cc334b4e36f67e"},"headline":"SwissSkills 2025 k\u00fcrte die besten jungen Berufsleute","datePublished":"2025-09-22T07:25:00+00:00","dateModified":"2025-10-01T06:39:18+00:00","mainEntityOfPage":{"@id":"https:\/\/www.organisator.ch\/weiterbildung\/2025-09-22\/swissskills-2025-kuerte-die-besten-jungen-berufsleute\/"},"wordCount":483,"publisher":{"@id":"https:\/\/www.organisator.ch\/#organization"},"image":{"@id":"https:\/\/www.organisator.ch\/weiterbildung\/2025-09-22\/swissskills-2025-kuerte-die-besten-jungen-berufsleute\/#primaryimage"},"thumbnailUrl":"https:\/\/www.organisator.ch\/wp-content\/uploads\/2025\/09\/SwissSkills-2025-kuerte-die-besten-jungen-Berufsleute_Organisator.jpg","keywords":["Aus- und Weiterbildung","Awards","Berufsbildung","SwissSkills","Verb\u00e4nde"],"articleSection":["WEITERBILDUNG"],"inLanguage":"fr-FR"},{"@type":"WebPage","@id":"https:\/\/www.organisator.ch\/weiterbildung\/2025-09-22\/swissskills-2025-kuerte-die-besten-jungen-berufsleute\/","url":"https:\/\/www.organisator.ch\/weiterbildung\/2025-09-22\/swissskills-2025-kuerte-die-besten-jungen-berufsleute\/","name":"SwissSkills 2025 a d\u00e9sign\u00e9 les meilleurs jeunes professionnels - Organisateur","isPartOf":{"@id":"https:\/\/www.organisator.ch\/#website"},"primaryImageOfPage":{"@id":"https:\/\/www.organisator.ch\/weiterbildung\/2025-09-22\/swissskills-2025-kuerte-die-besten-jungen-berufsleute\/#primaryimage"},"image":{"@id":"https:\/\/www.organisator.ch\/weiterbildung\/2025-09-22\/swissskills-2025-kuerte-die-besten-jungen-berufsleute\/#primaryimage"},"thumbnailUrl":"https:\/\/www.organisator.ch\/wp-content\/uploads\/2025\/09\/SwissSkills-2025-kuerte-die-besten-jungen-Berufsleute_Organisator.jpg","datePublished":"2025-09-22T07:25:00+00:00","dateModified":"2025-10-01T06:39:18+00:00","description":"1 021 jeunes talents professionnels se sont affront\u00e9s pendant quatre jours lors des SwissSkills 2025 pour d\u00e9crocher le titre de champion(ne) suisse dans leur m\u00e9tier.","breadcrumb":{"@id":"https:\/\/www.organisator.ch\/weiterbildung\/2025-09-22\/swissskills-2025-kuerte-die-besten-jungen-berufsleute\/#breadcrumb"},"inLanguage":"fr-FR","potentialAction":[{"@type":"ReadAction","target":["https:\/\/www.organisator.ch\/weiterbildung\/2025-09-22\/swissskills-2025-kuerte-die-besten-jungen-berufsleute\/"]}]},{"@type":"ImageObject","inLanguage":"fr-FR","@id":"https:\/\/www.organisator.ch\/weiterbildung\/2025-09-22\/swissskills-2025-kuerte-die-besten-jungen-berufsleute\/#primaryimage","url":"https:\/\/www.organisator.ch\/wp-content\/uploads\/2025\/09\/SwissSkills-2025-kuerte-die-besten-jungen-Berufsleute_Organisator.jpg","contentUrl":"https:\/\/www.organisator.ch\/wp-content\/uploads\/2025\/09\/SwissSkills-2025-kuerte-die-besten-jungen-Berufsleute_Organisator.jpg","width":680,"height":472,"caption":"Schreiner\/-in EFZ bei der Arbeit. (\u00a9 SwissSkills \/ Ruben Sprich)"},{"@type":"BreadcrumbList","@id":"https:\/\/www.organisator.ch\/weiterbildung\/2025-09-22\/swissskills-2025-kuerte-die-besten-jungen-berufsleute\/#breadcrumb","itemListElement":[{"@type":"ListItem","position":1,"name":"Home","item":"https:\/\/www.organisator.ch\/"},{"@type":"ListItem","position":2,"name":"SwissSkills 2025 k\u00fcrte die besten jungen Berufsleute"}]},{"@type":"WebSite","@id":"https:\/\/www.organisator.ch\/#website","url":"https:\/\/www.organisator.ch\/","name":"Organisateur","description":"Comp\u00e9tence et comp\u00e9tence. Proches de la pratique. L'ORGANISATEUR pr\u00e9pare 10 num\u00e9ros par an sur les th\u00e8mes essentiels pour les dirigeants de PME.","publisher":{"@id":"https:\/\/www.organisator.ch\/#organization"},"potentialAction":[{"@type":"SearchAction","target":{"@type":"EntryPoint","urlTemplate":"https:\/\/www.organisator.ch\/?s={search_term_string}"},"query-input":{"@type":"PropertyValueSpecification","valueRequired":true,"valueName":"search_term_string"}}],"inLanguage":"fr-FR"},{"@type":"Organization","@id":"https:\/\/www.organisator.ch\/#organization","name":"Organisateur","url":"https:\/\/www.organisator.ch\/","logo":{"@type":"ImageObject","inLanguage":"fr-FR","@id":"https:\/\/www.organisator.ch\/#\/schema\/logo\/image\/","url":"https:\/\/www.organisator.ch\/wp-content\/uploads\/2022\/01\/Logo_Organisator_Website.png","contentUrl":"https:\/\/www.organisator.ch\/wp-content\/uploads\/2022\/01\/Logo_Organisator_Website.png","width":800,"height":77,"caption":"Organisator"},"image":{"@id":"https:\/\/www.organisator.ch\/#\/schema\/logo\/image\/"},"sameAs":["https:\/\/www.facebook.com\/OrganisatorFachmagazin","https:\/\/www.linkedin.com\/showcase\/organisator-das-magazin-fr-kmu","https:\/\/www.xing.com\/news\/pages\/organisator-ch-695","https:\/\/www.youtube.com\/channel\/UCGP2Sq0iWaZwT3BdIAQFYpw"]},{"@type":"Person","@id":"https:\/\/www.organisator.ch\/#\/schema\/person\/6f650f90b2842cd4c0cc334b4e36f67e","name":"thomas.berner","image":{"@type":"ImageObject","inLanguage":"fr-FR","@id":"https:\/\/secure.gravatar.com\/avatar\/ac5001d2a36cb6c6cd3e50789007ffca834b477b74a2144564522e944eabff61?s=96&d=mm&r=g","url":"https:\/\/secure.gravatar.com\/avatar\/ac5001d2a36cb6c6cd3e50789007ffca834b477b74a2144564522e944eabff61?s=96&d=mm&r=g","contentUrl":"https:\/\/secure.gravatar.com\/avatar\/ac5001d2a36cb6c6cd3e50789007ffca834b477b74a2144564522e944eabff61?s=96&d=mm&r=g","caption":"thomas.berner"},"url":"https:\/\/www.organisator.ch\/fr\/author\/thomas-berner\/"}]}},"_links":{"self":[{"href":"https:\/\/www.organisator.ch\/fr\/wp-json\/wp\/v2\/posts\/40657","targetHints":{"allow":["GET"]}}],"collection":[{"href":"https:\/\/www.organisator.ch\/fr\/wp-json\/wp\/v2\/posts"}],"about":[{"href":"https:\/\/www.organisator.ch\/fr\/wp-json\/wp\/v2\/types\/post"}],"author":[{"embeddable":true,"href":"https:\/\/www.organisator.ch\/fr\/wp-json\/wp\/v2\/users\/4"}],"replies":[{"embeddable":true,"href":"https:\/\/www.organisator.ch\/fr\/wp-json\/wp\/v2\/comments?post=40657"}],"version-history":[{"count":5,"href":"https:\/\/www.organisator.ch\/fr\/wp-json\/wp\/v2\/posts\/40657\/revisions"}],"predecessor-version":[{"id":40826,"href":"https:\/\/www.organisator.ch\/fr\/wp-json\/wp\/v2\/posts\/40657\/revisions\/40826"}],"wp:featuredmedia":[{"embeddable":true,"href":"https:\/\/www.organisator.ch\/fr\/wp-json\/wp\/v2\/media\/40658"}],"wp:attachment":[{"href":"https:\/\/www.organisator.ch\/fr\/wp-json\/wp\/v2\/media?parent=40657"}],"wp:term":[{"taxonomy":"category","embeddable":true,"href":"https:\/\/www.organisator.ch\/fr\/wp-json\/wp\/v2\/categories?post=40657"},{"taxonomy":"post_tag","embeddable":true,"href":"https:\/\/www.organisator.ch\/fr\/wp-json\/wp\/v2\/tags?post=40657"}],"curies":[{"name":"wp","href":"https:\/\/api.w.org\/{rel}","templated":true}]}}