{"id":40661,"date":"2025-09-23T09:02:04","date_gmt":"2025-09-23T07:02:04","guid":{"rendered":"https:\/\/www.m-q.ch\/?p=21969"},"modified":"2025-09-23T09:00:46","modified_gmt":"2025-09-23T07:00:46","slug":"schweizweit-erster-master-studiengang-in-digital-government","status":"publish","type":"post","link":"https:\/\/www.organisator.ch\/fr\/weiterbildung\/2025-09-23\/schweizweit-erster-master-studiengang-in-digital-government\/","title":{"rendered":"Premier master en \"Digital Government\" de Suisse"},"content":{"rendered":"<figure id=\"attachment_21970\" class=\"wp-caption alignnone\" style=\"width: 680px;\" aria-describedby=\"caption-attachment-21970\"><img class=\"size-full wp-image-21970\" src=\"https:\/\/www.m-q.ch\/wp-content\/uploads\/2025\/09\/Schweizweit-erster-Master-Studiengang-in-Digital-Government_MQ.jpg\" sizes=\"(max-width: 680px) 100vw, 680px\" srcset=\"https:\/\/www.m-q.ch\/wp-content\/uploads\/2025\/09\/Schweizweit-erster-Master-Studiengang-in-Digital-Government_MQ.jpg 680w, https:\/\/www.m-q.ch\/wp-content\/uploads\/2025\/09\/Schweizweit-erster-Master-Studiengang-in-Digital-Government_MQ-16x12.jpg 16w, https:\/\/www.m-q.ch\/wp-content\/uploads\/2025\/09\/Schweizweit-erster-Master-Studiengang-in-Digital-Government_MQ-375x276.jpg 375w, https:\/\/www.m-q.ch\/wp-content\/uploads\/2025\/09\/Schweizweit-erster-Master-Studiengang-in-Digital-Government_MQ-475x350.jpg 475w\" alt=\"\" width=\"680\" height=\"501\" \/>\r\n<figcaption id=\"caption-attachment-21970\" class=\"wp-caption-text\">La Haute \u00e9cole sp\u00e9cialis\u00e9e bernoise HESB a lanc\u00e9 le premier MAS in Digital Government de Suisse. (Image : Haute \u00e9cole sp\u00e9cialis\u00e9e bernoise)<\/figcaption>\r\n<\/figure>\r\n<p>L'efficacit\u00e9 et l'orientation vers le service, mais aussi la souverainet\u00e9 num\u00e9rique et l'intelligence artificielle sont des th\u00e8mes auxquels le secteur public s'int\u00e9resse aujourd'hui de pr\u00e8s. Dans ce contexte, les aspects de la soci\u00e9t\u00e9 num\u00e9rique, la transformation organisationnelle et \u00e9galement les aspects juridiques doivent toujours \u00eatre pris en compte. Ce n'est pas une t\u00e2che facile. C'est pourquoi le d\u00e9partement d'\u00e9conomie de la Haute \u00e9cole sp\u00e9cialis\u00e9e bernoise (HESB) proposera \u00e0 partir de l'automne 2026 le nouveau master \"Digital Government\", d'une dur\u00e9e de deux ans et \u00e0 temps partiel (voir guide des \u00e9tudes en annexe). Les \u00e9tudiants y acqui\u00e8rent toutes les comp\u00e9tences n\u00e9cessaires pour participer activement \u00e0 la transformation num\u00e9rique dans le secteur public et la soci\u00e9t\u00e9 num\u00e9rique. Le cursus combine un apprentissage pratique avec des phases en ligne flexibles et offre une formation interdisciplinaire en \u00e9conomie, technologie et droit.<\/p>\r\n<h3>Aper\u00e7u du programme d'\u00e9tudes<\/h3>\r\n<p>Le programme du \"Master of Science in Digital Government\" mise sur une formation proche de la pratique et propose trois sp\u00e9cialisations :<\/p>\r\n<ol>\r\n\t<li><strong>Organisation, transformation et approvisionnement :<\/strong> Leadership et motivation du service public, agilit\u00e9 et r\u00e9silience dans le secteur public, comp\u00e9tences num\u00e9riques et pens\u00e9e num\u00e9rique, innovation (de processus) et collaboration inter-autorit\u00e9s, ing\u00e9nierie des exigences, centrage sur le client et exp\u00e9rience utilisateur (UX), bases des march\u00e9s publics, protection des donn\u00e9es, informatique juridique<\/li>\r\n\t<li><strong>Politique, d\u00e9mocratie et durabilit\u00e9 : <\/strong>Politique num\u00e9rique en Suisse, service public du futur, \u00e9thique num\u00e9rique et inclusion num\u00e9rique, bases de l'\u00e9valuation des choix technologiques, d\u00e9mocratie num\u00e9rique et comp\u00e9tences num\u00e9riques, participation, coproduction et collaboration, souverainet\u00e9 num\u00e9rique et open source<\/li>\r\n\t<li><strong> la technologie : <\/strong>Gestion publique centr\u00e9e sur les donn\u00e9es, \u00e9cosyst\u00e8mes de donn\u00e9es, espaces de donn\u00e9es, partage de donn\u00e9es et gouvernement ouvert, gouvernance des donn\u00e9es, r\u00e9seaux, infrastructures et capteurs, protection des donn\u00e9es et s\u00e9curit\u00e9 de l'information, bases de la technologie (mod\u00e8les et algorithmes d'IA, cas d'utilisation de l'IA et meilleures pratiques)<\/li>\r\n<\/ol>\r\n<h3>\u00c9tudes flexibles pour les personnes actives<\/h3>\r\n<p>Les \u00e9tudes combinent des phases de pr\u00e9sence \u00e0 Berne (quatre fois par semestre) avec des cycles d'apprentissage en ligne flexibles. Cette structure hybride permet une bonne compatibilit\u00e9 avec l'activit\u00e9 professionnelle. Les \u00e9tudiants peuvent int\u00e9grer des projets proches de la pratique et profiter d'un Study Trip international.<\/p>\r\n<p>La fili\u00e8re s'adresse aux sp\u00e9cialistes et aux cadres du secteur public ainsi qu'aux personnes qui changent de voie. L'admission est ouverte aux titulaires d'un bachelor en gestion, en sciences politiques, en informatique, en droit ou dans des fili\u00e8res apparent\u00e9es, qui souhaitent organiser le secteur public de mani\u00e8re r\u00e9siliente, durable et efficace.<\/p>\r\n<p><em>Le cursus de master d\u00e9butera \u00e0 l'automne 2026. Plus d'informations, dates des r\u00e9unions d'information et inscription sur\u00a0<\/em><em><a href=\"http:\/\/www.bfh.ch\/master-digital-government\">http:\/\/www.bfh.ch\/master-digital-government<\/a><\/em><\/p>\n<p class=\"syndicated-attribution\">Cet article est paru initialement sur m-q.ch - <a href=\"https:\/\/www.m-q.ch\/de\/schweizweit-erster-master-studiengang-in-digital-government\/\" target=\"_blank\">https:\/\/www.m-q.ch\/de\/schweizweit-erster-master-studiengang-in-digital-government\/<\/a><\/p>","protected":false},"excerpt":{"rendered":"<p>La Haute \u00e9cole sp\u00e9cialis\u00e9e bernoise HESB lance la premi\u00e8re fili\u00e8re d'\u00e9tudes en Suisse dans le domaine du \"Digital Government\". La fili\u00e8re de master d\u00e9butera \u00e0 l'automne 2026 et s'adressera \u00e0 tous les sp\u00e9cialistes et cadres qui souhaitent fa\u00e7onner le secteur public et l'administration. Les dipl\u00f4m\u00e9s de cette nouvelle fili\u00e8re de master doivent poss\u00e9der les comp\u00e9tences n\u00e9cessaires \u00e0 l'organisation de la transformation num\u00e9rique.<\/p>","protected":false},"author":8,"featured_media":0,"comment_status":"closed","ping_status":"closed","sticky":false,"template":"","format":"standard","meta":{"_acf_changed":false,"_yoast_wpseo_focuskw":"Digital Government","_yoast_wpseo_metadesc":"Die Berner Fachhochschule BFH lanciert den schweizweit ersten Studiengang im Bereich \u00abDigital Government\u00bb. Start ist im Herbst 2026.","articlekey":"","footnotes":""},"categories":[30],"tags":[62,103,5542,393],"class_list":["post-40661","post","type-post","status-publish","format-standard","hentry","category-weiterbildung","tag-aus-weiterbildung","tag-business-excellence","tag-excellence-und-governance","tag-produkte"],"acf":[],"yoast_head":"<!-- This site is optimized with the Yoast SEO plugin v27.5 - https:\/\/yoast.com\/product\/yoast-seo-wordpress\/ -->\n<title>Schweizweit erster Master-Studiengang in \u00abDigital Government\u00bb - Organisator<\/title>\n<meta name=\"description\" content=\"Die Berner Fachhochschule BFH lanciert den schweizweit ersten Studiengang im Bereich \u00abDigital Government\u00bb. Start ist im Herbst 2026.\" \/>\n<meta name=\"robots\" content=\"index, follow, max-snippet:-1, max-image-preview:large, max-video-preview:-1\" \/>\n<link rel=\"canonical\" href=\"https:\/\/www.organisator.ch\/fr\/formation-continue-2\/2025-09-23\/schweizweit-erster-master-studiengang-in-digital-government\/\" \/>\n<meta property=\"og:locale\" content=\"fr_FR\" \/>\n<meta property=\"og:type\" content=\"article\" \/>\n<meta property=\"og:title\" content=\"Schweizweit erster Master-Studiengang in \u00abDigital Government\u00bb - Organisator\" \/>\n<meta property=\"og:description\" content=\"Die Berner Fachhochschule BFH lanciert den schweizweit ersten Studiengang im Bereich \u00abDigital Government\u00bb. Start ist im Herbst 2026.\" \/>\n<meta property=\"og:url\" content=\"https:\/\/www.organisator.ch\/fr\/formation-continue-2\/2025-09-23\/schweizweit-erster-master-studiengang-in-digital-government\/\" \/>\n<meta property=\"og:site_name\" content=\"Organisator\" \/>\n<meta property=\"article:publisher\" content=\"https:\/\/www.facebook.com\/OrganisatorFachmagazin\" \/>\n<meta property=\"article:published_time\" content=\"2025-09-23T07:02:04+00:00\" \/>\n<meta property=\"og:image\" content=\"https:\/\/www.organisator.ch\/wp-content\/uploads\/2023\/09\/Genuss-Momente-in-der-Arbeit-3_Organisator.jpg\" \/>\n\t<meta property=\"og:image:width\" content=\"680\" \/>\n\t<meta property=\"og:image:height\" content=\"453\" \/>\n\t<meta property=\"og:image:type\" content=\"image\/jpeg\" \/>\n<meta name=\"author\" content=\"galledia\" \/>\n<meta name=\"twitter:card\" content=\"summary_large_image\" \/>\n<meta name=\"twitter:creator\" content=\"@admin\" \/>\n<script type=\"application\/ld+json\" class=\"yoast-schema-graph\">{\"@context\":\"https:\\\/\\\/schema.org\",\"@graph\":[{\"@type\":\"Article\",\"@id\":\"https:\\\/\\\/www.organisator.ch\\\/weiterbildung\\\/2025-09-23\\\/schweizweit-erster-master-studiengang-in-digital-government\\\/#article\",\"isPartOf\":{\"@id\":\"https:\\\/\\\/www.organisator.ch\\\/weiterbildung\\\/2025-09-23\\\/schweizweit-erster-master-studiengang-in-digital-government\\\/\"},\"author\":{\"name\":\"galledia\",\"@id\":\"https:\\\/\\\/www.organisator.ch\\\/#\\\/schema\\\/person\\\/4e51799071cd2dd1232ac003643ef5f0\"},\"headline\":\"Schweizweit erster Master-Studiengang in \u00abDigital Government\u00bb\",\"datePublished\":\"2025-09-23T07:02:04+00:00\",\"mainEntityOfPage\":{\"@id\":\"https:\\\/\\\/www.organisator.ch\\\/weiterbildung\\\/2025-09-23\\\/schweizweit-erster-master-studiengang-in-digital-government\\\/\"},\"wordCount\":368,\"publisher\":{\"@id\":\"https:\\\/\\\/www.organisator.ch\\\/#organization\"},\"image\":{\"@id\":\"https:\\\/\\\/www.organisator.ch\\\/weiterbildung\\\/2025-09-23\\\/schweizweit-erster-master-studiengang-in-digital-government\\\/#primaryimage\"},\"thumbnailUrl\":\"https:\\\/\\\/www.m-q.ch\\\/wp-content\\\/uploads\\\/2025\\\/09\\\/Schweizweit-erster-Master-Studiengang-in-Digital-Government_MQ.jpg\",\"keywords\":[\"Aus-\\\/Weiterbildung\",\"Business Excellence\",\"Excellence und Governance\",\"Produkte\"],\"articleSection\":[\"WEITERBILDUNG\"],\"inLanguage\":\"fr-FR\"},{\"@type\":\"WebPage\",\"@id\":\"https:\\\/\\\/www.organisator.ch\\\/weiterbildung\\\/2025-09-23\\\/schweizweit-erster-master-studiengang-in-digital-government\\\/\",\"url\":\"https:\\\/\\\/www.organisator.ch\\\/weiterbildung\\\/2025-09-23\\\/schweizweit-erster-master-studiengang-in-digital-government\\\/\",\"name\":\"Schweizweit erster Master-Studiengang in \u00abDigital Government\u00bb - Organisator\",\"isPartOf\":{\"@id\":\"https:\\\/\\\/www.organisator.ch\\\/#website\"},\"primaryImageOfPage\":{\"@id\":\"https:\\\/\\\/www.organisator.ch\\\/weiterbildung\\\/2025-09-23\\\/schweizweit-erster-master-studiengang-in-digital-government\\\/#primaryimage\"},\"image\":{\"@id\":\"https:\\\/\\\/www.organisator.ch\\\/weiterbildung\\\/2025-09-23\\\/schweizweit-erster-master-studiengang-in-digital-government\\\/#primaryimage\"},\"thumbnailUrl\":\"https:\\\/\\\/www.m-q.ch\\\/wp-content\\\/uploads\\\/2025\\\/09\\\/Schweizweit-erster-Master-Studiengang-in-Digital-Government_MQ.jpg\",\"datePublished\":\"2025-09-23T07:02:04+00:00\",\"description\":\"Die Berner Fachhochschule BFH lanciert den schweizweit ersten Studiengang im Bereich \u00abDigital Government\u00bb. Start ist im Herbst 2026.\",\"breadcrumb\":{\"@id\":\"https:\\\/\\\/www.organisator.ch\\\/weiterbildung\\\/2025-09-23\\\/schweizweit-erster-master-studiengang-in-digital-government\\\/#breadcrumb\"},\"inLanguage\":\"fr-FR\",\"potentialAction\":[{\"@type\":\"ReadAction\",\"target\":[\"https:\\\/\\\/www.organisator.ch\\\/weiterbildung\\\/2025-09-23\\\/schweizweit-erster-master-studiengang-in-digital-government\\\/\"]}]},{\"@type\":\"ImageObject\",\"inLanguage\":\"fr-FR\",\"@id\":\"https:\\\/\\\/www.organisator.ch\\\/weiterbildung\\\/2025-09-23\\\/schweizweit-erster-master-studiengang-in-digital-government\\\/#primaryimage\",\"url\":\"https:\\\/\\\/www.m-q.ch\\\/wp-content\\\/uploads\\\/2025\\\/09\\\/Schweizweit-erster-Master-Studiengang-in-Digital-Government_MQ.jpg\",\"contentUrl\":\"https:\\\/\\\/www.m-q.ch\\\/wp-content\\\/uploads\\\/2025\\\/09\\\/Schweizweit-erster-Master-Studiengang-in-Digital-Government_MQ.jpg\"},{\"@type\":\"BreadcrumbList\",\"@id\":\"https:\\\/\\\/www.organisator.ch\\\/weiterbildung\\\/2025-09-23\\\/schweizweit-erster-master-studiengang-in-digital-government\\\/#breadcrumb\",\"itemListElement\":[{\"@type\":\"ListItem\",\"position\":1,\"name\":\"Home\",\"item\":\"https:\\\/\\\/www.organisator.ch\\\/\"},{\"@type\":\"ListItem\",\"position\":2,\"name\":\"Schweizweit erster Master-Studiengang in \u00abDigital Government\u00bb\"}]},{\"@type\":\"WebSite\",\"@id\":\"https:\\\/\\\/www.organisator.ch\\\/#website\",\"url\":\"https:\\\/\\\/www.organisator.ch\\\/\",\"name\":\"Organisator\",\"description\":\"Kompetent. Praxisnah. Der ORGANISATOR bereitet in 10 Ausgaben pro Jahr die wesentlichen Themen f\u00fcr F\u00fchrungskr\u00e4fte von KMU auf.\",\"publisher\":{\"@id\":\"https:\\\/\\\/www.organisator.ch\\\/#organization\"},\"potentialAction\":[{\"@type\":\"SearchAction\",\"target\":{\"@type\":\"EntryPoint\",\"urlTemplate\":\"https:\\\/\\\/www.organisator.ch\\\/?s={search_term_string}\"},\"query-input\":{\"@type\":\"PropertyValueSpecification\",\"valueRequired\":true,\"valueName\":\"search_term_string\"}}],\"inLanguage\":\"fr-FR\"},{\"@type\":\"Organization\",\"@id\":\"https:\\\/\\\/www.organisator.ch\\\/#organization\",\"name\":\"Organisator\",\"url\":\"https:\\\/\\\/www.organisator.ch\\\/\",\"logo\":{\"@type\":\"ImageObject\",\"inLanguage\":\"fr-FR\",\"@id\":\"https:\\\/\\\/www.organisator.ch\\\/#\\\/schema\\\/logo\\\/image\\\/\",\"url\":\"https:\\\/\\\/www.organisator.ch\\\/wp-content\\\/uploads\\\/2022\\\/01\\\/Logo_Organisator_Website.png\",\"contentUrl\":\"https:\\\/\\\/www.organisator.ch\\\/wp-content\\\/uploads\\\/2022\\\/01\\\/Logo_Organisator_Website.png\",\"width\":800,\"height\":77,\"caption\":\"Organisator\"},\"image\":{\"@id\":\"https:\\\/\\\/www.organisator.ch\\\/#\\\/schema\\\/logo\\\/image\\\/\"},\"sameAs\":[\"https:\\\/\\\/www.facebook.com\\\/OrganisatorFachmagazin\",\"https:\\\/\\\/www.linkedin.com\\\/showcase\\\/organisator-das-magazin-fr-kmu\",\"https:\\\/\\\/www.xing.com\\\/news\\\/pages\\\/organisator-ch-695\",\"https:\\\/\\\/www.youtube.com\\\/channel\\\/UCGP2Sq0iWaZwT3BdIAQFYpw\"]},{\"@type\":\"Person\",\"@id\":\"https:\\\/\\\/www.organisator.ch\\\/#\\\/schema\\\/person\\\/4e51799071cd2dd1232ac003643ef5f0\",\"name\":\"galledia\",\"image\":{\"@type\":\"ImageObject\",\"inLanguage\":\"fr-FR\",\"@id\":\"https:\\\/\\\/secure.gravatar.com\\\/avatar\\\/78a7f90c01fc2bfc875782a0d4922b37cde2cf184ce347b91316d23cd7f69a36?s=96&d=mm&r=g\",\"url\":\"https:\\\/\\\/secure.gravatar.com\\\/avatar\\\/78a7f90c01fc2bfc875782a0d4922b37cde2cf184ce347b91316d23cd7f69a36?s=96&d=mm&r=g\",\"contentUrl\":\"https:\\\/\\\/secure.gravatar.com\\\/avatar\\\/78a7f90c01fc2bfc875782a0d4922b37cde2cf184ce347b91316d23cd7f69a36?s=96&d=mm&r=g\",\"caption\":\"galledia\"},\"sameAs\":[\"https:\\\/\\\/x.com\\\/admin\"],\"url\":\"https:\\\/\\\/www.organisator.ch\\\/fr\\\/author\\\/galledia\\\/\"}]}<\/script>\n<!-- \/ Yoast SEO plugin. -->","yoast_head_json":{"title":"Premier master en Suisse en \"Digital Government\" - Organisateur","description":"La Haute \u00e9cole sp\u00e9cialis\u00e9e bernoise HESB lance la premi\u00e8re fili\u00e8re d'\u00e9tudes en Suisse dans le domaine du \"Digital Government\". Le d\u00e9but est pr\u00e9vu pour l'automne 2026.","robots":{"index":"index","follow":"follow","max-snippet":"max-snippet:-1","max-image-preview":"max-image-preview:large","max-video-preview":"max-video-preview:-1"},"canonical":"https:\/\/www.organisator.ch\/fr\/formation-continue-2\/2025-09-23\/schweizweit-erster-master-studiengang-in-digital-government\/","og_locale":"fr_FR","og_type":"article","og_title":"Schweizweit erster Master-Studiengang in \u00abDigital Government\u00bb - Organisator","og_description":"Die Berner Fachhochschule BFH lanciert den schweizweit ersten Studiengang im Bereich \u00abDigital Government\u00bb. Start ist im Herbst 2026.","og_url":"https:\/\/www.organisator.ch\/fr\/formation-continue-2\/2025-09-23\/schweizweit-erster-master-studiengang-in-digital-government\/","og_site_name":"Organisator","article_publisher":"https:\/\/www.facebook.com\/OrganisatorFachmagazin","article_published_time":"2025-09-23T07:02:04+00:00","og_image":[{"width":680,"height":453,"url":"https:\/\/www.organisator.ch\/wp-content\/uploads\/2023\/09\/Genuss-Momente-in-der-Arbeit-3_Organisator.jpg","type":"image\/jpeg"}],"author":"galledia","twitter_card":"summary_large_image","twitter_creator":"@admin","schema":{"@context":"https:\/\/schema.org","@graph":[{"@type":"Article","@id":"https:\/\/www.organisator.ch\/weiterbildung\/2025-09-23\/schweizweit-erster-master-studiengang-in-digital-government\/#article","isPartOf":{"@id":"https:\/\/www.organisator.ch\/weiterbildung\/2025-09-23\/schweizweit-erster-master-studiengang-in-digital-government\/"},"author":{"name":"galledia","@id":"https:\/\/www.organisator.ch\/#\/schema\/person\/4e51799071cd2dd1232ac003643ef5f0"},"headline":"Schweizweit erster Master-Studiengang in \u00abDigital Government\u00bb","datePublished":"2025-09-23T07:02:04+00:00","mainEntityOfPage":{"@id":"https:\/\/www.organisator.ch\/weiterbildung\/2025-09-23\/schweizweit-erster-master-studiengang-in-digital-government\/"},"wordCount":368,"publisher":{"@id":"https:\/\/www.organisator.ch\/#organization"},"image":{"@id":"https:\/\/www.organisator.ch\/weiterbildung\/2025-09-23\/schweizweit-erster-master-studiengang-in-digital-government\/#primaryimage"},"thumbnailUrl":"https:\/\/www.m-q.ch\/wp-content\/uploads\/2025\/09\/Schweizweit-erster-Master-Studiengang-in-Digital-Government_MQ.jpg","keywords":["Aus-\/Weiterbildung","Business Excellence","Excellence und Governance","Produkte"],"articleSection":["WEITERBILDUNG"],"inLanguage":"fr-FR"},{"@type":"WebPage","@id":"https:\/\/www.organisator.ch\/weiterbildung\/2025-09-23\/schweizweit-erster-master-studiengang-in-digital-government\/","url":"https:\/\/www.organisator.ch\/weiterbildung\/2025-09-23\/schweizweit-erster-master-studiengang-in-digital-government\/","name":"Premier master en Suisse en \"Digital Government\" - Organisateur","isPartOf":{"@id":"https:\/\/www.organisator.ch\/#website"},"primaryImageOfPage":{"@id":"https:\/\/www.organisator.ch\/weiterbildung\/2025-09-23\/schweizweit-erster-master-studiengang-in-digital-government\/#primaryimage"},"image":{"@id":"https:\/\/www.organisator.ch\/weiterbildung\/2025-09-23\/schweizweit-erster-master-studiengang-in-digital-government\/#primaryimage"},"thumbnailUrl":"https:\/\/www.m-q.ch\/wp-content\/uploads\/2025\/09\/Schweizweit-erster-Master-Studiengang-in-Digital-Government_MQ.jpg","datePublished":"2025-09-23T07:02:04+00:00","description":"La Haute \u00e9cole sp\u00e9cialis\u00e9e bernoise HESB lance la premi\u00e8re fili\u00e8re d'\u00e9tudes en Suisse dans le domaine du \"Digital Government\". Le d\u00e9but est pr\u00e9vu pour l'automne 2026.","breadcrumb":{"@id":"https:\/\/www.organisator.ch\/weiterbildung\/2025-09-23\/schweizweit-erster-master-studiengang-in-digital-government\/#breadcrumb"},"inLanguage":"fr-FR","potentialAction":[{"@type":"ReadAction","target":["https:\/\/www.organisator.ch\/weiterbildung\/2025-09-23\/schweizweit-erster-master-studiengang-in-digital-government\/"]}]},{"@type":"ImageObject","inLanguage":"fr-FR","@id":"https:\/\/www.organisator.ch\/weiterbildung\/2025-09-23\/schweizweit-erster-master-studiengang-in-digital-government\/#primaryimage","url":"https:\/\/www.m-q.ch\/wp-content\/uploads\/2025\/09\/Schweizweit-erster-Master-Studiengang-in-Digital-Government_MQ.jpg","contentUrl":"https:\/\/www.m-q.ch\/wp-content\/uploads\/2025\/09\/Schweizweit-erster-Master-Studiengang-in-Digital-Government_MQ.jpg"},{"@type":"BreadcrumbList","@id":"https:\/\/www.organisator.ch\/weiterbildung\/2025-09-23\/schweizweit-erster-master-studiengang-in-digital-government\/#breadcrumb","itemListElement":[{"@type":"ListItem","position":1,"name":"Home","item":"https:\/\/www.organisator.ch\/"},{"@type":"ListItem","position":2,"name":"Schweizweit erster Master-Studiengang in \u00abDigital Government\u00bb"}]},{"@type":"WebSite","@id":"https:\/\/www.organisator.ch\/#website","url":"https:\/\/www.organisator.ch\/","name":"Organisateur","description":"Comp\u00e9tence et comp\u00e9tence. Proches de la pratique. L'ORGANISATEUR pr\u00e9pare 10 num\u00e9ros par an sur les th\u00e8mes essentiels pour les dirigeants de PME.","publisher":{"@id":"https:\/\/www.organisator.ch\/#organization"},"potentialAction":[{"@type":"SearchAction","target":{"@type":"EntryPoint","urlTemplate":"https:\/\/www.organisator.ch\/?s={search_term_string}"},"query-input":{"@type":"PropertyValueSpecification","valueRequired":true,"valueName":"search_term_string"}}],"inLanguage":"fr-FR"},{"@type":"Organization","@id":"https:\/\/www.organisator.ch\/#organization","name":"Organisateur","url":"https:\/\/www.organisator.ch\/","logo":{"@type":"ImageObject","inLanguage":"fr-FR","@id":"https:\/\/www.organisator.ch\/#\/schema\/logo\/image\/","url":"https:\/\/www.organisator.ch\/wp-content\/uploads\/2022\/01\/Logo_Organisator_Website.png","contentUrl":"https:\/\/www.organisator.ch\/wp-content\/uploads\/2022\/01\/Logo_Organisator_Website.png","width":800,"height":77,"caption":"Organisator"},"image":{"@id":"https:\/\/www.organisator.ch\/#\/schema\/logo\/image\/"},"sameAs":["https:\/\/www.facebook.com\/OrganisatorFachmagazin","https:\/\/www.linkedin.com\/showcase\/organisator-das-magazin-fr-kmu","https:\/\/www.xing.com\/news\/pages\/organisator-ch-695","https:\/\/www.youtube.com\/channel\/UCGP2Sq0iWaZwT3BdIAQFYpw"]},{"@type":"Person","@id":"https:\/\/www.organisator.ch\/#\/schema\/person\/4e51799071cd2dd1232ac003643ef5f0","name":"galledia","image":{"@type":"ImageObject","inLanguage":"fr-FR","@id":"https:\/\/secure.gravatar.com\/avatar\/78a7f90c01fc2bfc875782a0d4922b37cde2cf184ce347b91316d23cd7f69a36?s=96&d=mm&r=g","url":"https:\/\/secure.gravatar.com\/avatar\/78a7f90c01fc2bfc875782a0d4922b37cde2cf184ce347b91316d23cd7f69a36?s=96&d=mm&r=g","contentUrl":"https:\/\/secure.gravatar.com\/avatar\/78a7f90c01fc2bfc875782a0d4922b37cde2cf184ce347b91316d23cd7f69a36?s=96&d=mm&r=g","caption":"galledia"},"sameAs":["https:\/\/x.com\/admin"],"url":"https:\/\/www.organisator.ch\/fr\/author\/galledia\/"}]}},"_links":{"self":[{"href":"https:\/\/www.organisator.ch\/fr\/wp-json\/wp\/v2\/posts\/40661","targetHints":{"allow":["GET"]}}],"collection":[{"href":"https:\/\/www.organisator.ch\/fr\/wp-json\/wp\/v2\/posts"}],"about":[{"href":"https:\/\/www.organisator.ch\/fr\/wp-json\/wp\/v2\/types\/post"}],"author":[{"embeddable":true,"href":"https:\/\/www.organisator.ch\/fr\/wp-json\/wp\/v2\/users\/8"}],"replies":[{"embeddable":true,"href":"https:\/\/www.organisator.ch\/fr\/wp-json\/wp\/v2\/comments?post=40661"}],"version-history":[{"count":7,"href":"https:\/\/www.organisator.ch\/fr\/wp-json\/wp\/v2\/posts\/40661\/revisions"}],"predecessor-version":[{"id":40673,"href":"https:\/\/www.organisator.ch\/fr\/wp-json\/wp\/v2\/posts\/40661\/revisions\/40673"}],"wp:attachment":[{"href":"https:\/\/www.organisator.ch\/fr\/wp-json\/wp\/v2\/media?parent=40661"}],"wp:term":[{"taxonomy":"category","embeddable":true,"href":"https:\/\/www.organisator.ch\/fr\/wp-json\/wp\/v2\/categories?post=40661"},{"taxonomy":"post_tag","embeddable":true,"href":"https:\/\/www.organisator.ch\/fr\/wp-json\/wp\/v2\/tags?post=40661"}],"curies":[{"name":"wp","href":"https:\/\/api.w.org\/{rel}","templated":true}]}}