{"id":40695,"date":"2025-09-24T14:46:52","date_gmt":"2025-09-24T12:46:52","guid":{"rendered":"https:\/\/www.organisator.ch\/?p=40695"},"modified":"2025-10-01T08:38:52","modified_gmt":"2025-10-01T06:38:52","slug":"neue-folge-von-hoehle-der-loewen-firmenbewertungen-hinter-dem-mond","status":"publish","type":"post","link":"https:\/\/www.organisator.ch\/fr\/marketing\/2025-09-24\/neue-folge-von-hoehle-der-loewen-firmenbewertungen-hinter-dem-mond\/","title":{"rendered":"Nouvel \u00e9pisode de l'\u00e9mission H\u00f6hle der L\u00f6wen : les \u00e9valuations d'entreprises \"derri\u00e8re la lune"},"content":{"rendered":"<figure id=\"attachment_40696\" aria-describedby=\"caption-attachment-40696\" style=\"width: 680px\" class=\"wp-caption alignnone\"><img loading=\"lazy\" decoding=\"async\" class=\"size-full wp-image-40696\" src=\"https:\/\/www.organisator.ch\/wp-content\/uploads\/2025\/09\/Neue-Folge-von-Hoehle-der-Loewen-Firmenbewertungen-hinter-dem-Mond-1_Organisator.jpg\" alt=\"\" width=\"680\" height=\"445\" srcset=\"https:\/\/www.organisator.ch\/wp-content\/uploads\/2025\/09\/Neue-Folge-von-Hoehle-der-Loewen-Firmenbewertungen-hinter-dem-Mond-1_Organisator.jpg 680w, https:\/\/www.organisator.ch\/wp-content\/uploads\/2025\/09\/Neue-Folge-von-Hoehle-der-Loewen-Firmenbewertungen-hinter-dem-Mond-1_Organisator-18x12.jpg 18w, https:\/\/www.organisator.ch\/wp-content\/uploads\/2025\/09\/Neue-Folge-von-Hoehle-der-Loewen-Firmenbewertungen-hinter-dem-Mond-1_Organisator-375x245.jpg 375w, https:\/\/www.organisator.ch\/wp-content\/uploads\/2025\/09\/Neue-Folge-von-Hoehle-der-Loewen-Firmenbewertungen-hinter-dem-Mond-1_Organisator-535x350.jpg 535w\" sizes=\"auto, (max-width: 680px) 100vw, 680px\" \/><figcaption id=\"caption-attachment-40696\" class=\"wp-caption-text\">Le p\u00e9diatre Oliver Gemperle et Sarah Schenker de baby-sleep-doctors.ch ont conclu le march\u00e9 de la soir\u00e9e lors de l'\u00e9mission du 23 septembre. (Image : capture d'\u00e9cran CH Media)<\/figcaption><\/figure>\n<p>Le premier business case pr\u00e9sent\u00e9 \u00e9tait l'application \"GoNina\". L'\u00e9quipe du fondateur Matthieu souhaite ainsi proposer une solution durable au gaspillage alimentaire dans les restaurants, les supermarch\u00e9s et les boulangeries. L'application, pilot\u00e9e par l'IA, aide les \u00e9tablissements \u00e0 mieux calculer leur production alimentaire et \u00e0 vendre les exc\u00e9dents au lieu de les jeter. Actuellement, 50 entreprises de Zurich y participent d\u00e9j\u00e0. Le concept semblait prometteur, mais les lions \u00e9taient sceptiques. L'\u00e9valuation de la start-up - les fondateurs ont appel\u00e9 \u00e0 un investissement de 500'000 francs contre 10 pour cent de parts de l'entreprise - et le m\u00e9lange de Business-to-Business (B2B) et de Business-to-Consumer (B2C) ont particuli\u00e8rement suscit\u00e9 l'incompr\u00e9hension. Nicole B\u00fcttner-Thiel a remis en question la capacit\u00e9 du mod\u00e8le commercial \u00e0 g\u00e9n\u00e9rer suffisamment de chiffre d'affaires. Les autres lions ont \u00e9galement quitt\u00e9 le projet en raison de la valorisation \u00e9lev\u00e9e et du manque de concentration. Felix Bertram, par exemple, a trouv\u00e9 l'id\u00e9e \"super excitante\" et aurait probablement investi si la valorisation avait \u00e9t\u00e9 plus basse. En guise de consolation, l'entreprise a tout de m\u00eame re\u00e7u un kit de d\u00e9marrage d'une valeur de 5000 francs, offert par le sponsor principal de l'\u00e9mission.<\/p>\n<h3><strong>baby-sleep-doctors.ch : R\u00e9soudre les probl\u00e8mes de sommeil avec l'IA<\/strong><\/h3>\n<p>Les parents qui souffrent des probl\u00e8mes de sommeil de leurs b\u00e9b\u00e9s devraient \u00e0 l'avenir pouvoir recourir \u00e0 l'application \"baby-sleep-doctors.ch\". D\u00e9velopp\u00e9e par le p\u00e9diatre Oliver et l'experte en marketing Sarah, l'application donne des conseils personnalis\u00e9s qui doivent aider \u00e0 am\u00e9liorer le comportement de sommeil des b\u00e9b\u00e9s. Le mod\u00e8le commercial repose sur un mod\u00e8le freemium, dans lequel les fonctions de base sont gratuites et un montant mensuel de 8 francs est demand\u00e9 pour les fonctions d'IA avanc\u00e9es.<\/p>\n<p>Les lions n'\u00e9taient toutefois pas tr\u00e8s convaincus. Alors que certains consid\u00e9raient le probl\u00e8me comme pertinent, des doutes ont \u00e9t\u00e9 \u00e9mis quant \u00e0 l'\u00e9volutivit\u00e9 et au mod\u00e8le commercial. Et la part d'IA de la solution a \u00e9galement \u00e9t\u00e9 consid\u00e9r\u00e9e comme n'\u00e9tant pas encore au point. Toutefois, les perspectives de chiffre d'affaires ont fait ouvrir les yeux et les oreilles : Si seulement 1,4 % des 132 millions de naissances annuelles dans les pays germanophones, anglophones, hispanophones, francophones et lusophones achetaient l'application, cela donnerait un chiffre d'affaires de 4 millions - tendance \u00e0 la hausse. Malgr\u00e9 cela, Bettina Hein, Lukas Speiser et Felix Bertram se sont retir\u00e9s, mais Oliver et Sarah ont trouv\u00e9 en J\u00fcrg Schwarzenbach et Roland Brack deux investisseurs qui leur ont offert 99 000 francs chacun pour 6 pour cent des parts. M\u00eame si les fondateurs h\u00e9sitaient encore sur les parts de l'entreprise - ils ne voulaient en fait en c\u00e9der que 3 pour cent -, ils ont accept\u00e9 les deux offres, soit 198 000 francs contre 12 pour cent de participation. Mieux vaut avoir un moineau dans la main qu'un pigeon sur le toit, pouvait-on conclure.<\/p>\n<h3><strong>Planctons GmbH : Lunettes en plastique oc\u00e9anique<\/strong><\/h3>\n<p>L'entreprise Planctons, repr\u00e9sent\u00e9e par Marcel, Jens et Dominik, fabrique des montures de lunettes \u00e0 partir de plastique oc\u00e9anique recycl\u00e9 \u00e0 100 %. L'id\u00e9e : des lunettes durables pour des clients soucieux de l'environnement. Jusqu'\u00e0 pr\u00e9sent, environ 1000 montures ont \u00e9t\u00e9 vendues et l'entreprise est en bonne voie pour passer \u00e0 la production en s\u00e9rie. Mais le chemin \u00e0 parcourir est co\u00fbteux 700 000 francs doivent \u00eatre r\u00e9unis pour acqu\u00e9rir 30 pour cent des parts de l'entreprise. Les lions \u00e9taient tiraill\u00e9s. Ils ont certes \u00e9t\u00e9 s\u00e9duits par l'id\u00e9e de durabilit\u00e9, mais ils ont consid\u00e9r\u00e9 que le produit \u00e9tait trop sp\u00e9cifique \u00e0 une niche. La complexit\u00e9 de la cha\u00eene de cr\u00e9ation de valeur et la production en s\u00e9rie pr\u00e9vue ont particuli\u00e8rement inqui\u00e9t\u00e9 les investisseurs. Felix Bertram a exprim\u00e9 ses r\u00e9serves quant \u00e0 la cession de 30 pour cent des parts de l'entreprise dans la phase actuelle. Il a toutefois compris que les fondateurs avaient vraiment besoin d'argent avant tout en ce moment. Mais finalement, aucun des lions n'est entr\u00e9 en mati\u00e8re sur un accord. Mais les trois fondateurs ont pu prendre de pr\u00e9cieux conseils pour leur d\u00e9veloppement futur et il faut souhaiter \u00e0 cette id\u00e9e commerciale de devenir un succ\u00e8s.<\/p>\n<figure id=\"attachment_40697\" aria-describedby=\"caption-attachment-40697\" style=\"width: 680px\" class=\"wp-caption alignnone\"><img loading=\"lazy\" decoding=\"async\" class=\"size-full wp-image-40697\" src=\"https:\/\/www.organisator.ch\/wp-content\/uploads\/2025\/09\/Neue-Folge-von-Hoehle-der-Loewen-Firmenbewertungen-hinter-dem-Mond-2_Organisator.jpg\" alt=\"\" width=\"680\" height=\"433\" srcset=\"https:\/\/www.organisator.ch\/wp-content\/uploads\/2025\/09\/Neue-Folge-von-Hoehle-der-Loewen-Firmenbewertungen-hinter-dem-Mond-2_Organisator.jpg 680w, https:\/\/www.organisator.ch\/wp-content\/uploads\/2025\/09\/Neue-Folge-von-Hoehle-der-Loewen-Firmenbewertungen-hinter-dem-Mond-2_Organisator-18x12.jpg 18w, https:\/\/www.organisator.ch\/wp-content\/uploads\/2025\/09\/Neue-Folge-von-Hoehle-der-Loewen-Firmenbewertungen-hinter-dem-Mond-2_Organisator-375x239.jpg 375w, https:\/\/www.organisator.ch\/wp-content\/uploads\/2025\/09\/Neue-Folge-von-Hoehle-der-Loewen-Firmenbewertungen-hinter-dem-Mond-2_Organisator-550x350.jpg 550w\" sizes=\"auto, (max-width: 680px) 100vw, 680px\" \/><figcaption id=\"caption-attachment-40697\" class=\"wp-caption-text\">En fait, un bon business case, mais toujours pas d'accord : les lunettes en plastique oc\u00e9anique de Planctons. (Image : Capture d'\u00e9cran CH Media)<\/figcaption><\/figure>\n<h3><strong>4Fondue GmbH : Le caquelon pour tous les go\u00fbts<\/strong><\/h3>\n<p>Jonny et Soraya Billeter, un tandem p\u00e8re-fille, ont d\u00e9velopp\u00e9 avec \"4Fondue\" une id\u00e9e innovante dans le domaine de la culture de la fondue : un caquelon qui permet de pr\u00e9parer simultan\u00e9ment diff\u00e9rentes variantes de fondue. Cet ustensile \u00e0 fondue compos\u00e9 de plusieurs pi\u00e8ces est particuli\u00e8rement adapt\u00e9 aux personnes ayant des besoins alimentaires et des go\u00fbts particuliers. Le caquelon permet par exemple de d\u00e9guster simultan\u00e9ment une fondue v\u00e9g\u00e9talienne ou une fondue au go\u00fbt de truffe - ou m\u00eame une fondue au chocolat. Pour 150'000 francs en \u00e9change de 15 pour cent des parts, les fondateurs Soraya et Jonny ont cherch\u00e9 du soutien pour pouvoir encore mieux commercialiser le produit. Les lions \u00e9taient en partie enthousiastes, surtout pour l'innovation, mais ils doutaient de l'\u00e9volutivit\u00e9 et de la viabilit\u00e9 commerciale du produit. Roland Brack est finalement rest\u00e9 le seul investisseur et a propos\u00e9 150 000 francs pour 20 pour cent des parts. Il \u00e9tait en effet convaincu que le march\u00e9 suisse pr\u00e9sentait un potentiel suffisant. Jonny et Soraya ont accept\u00e9 l'offre et se sont assur\u00e9s de trouver l'investisseur le plus \u00e0 m\u00eame de les aider \u00e0 d\u00e9velopper leur entreprise gr\u00e2ce \u00e0 son expertise en mati\u00e8re de commerce \u00e9lectronique.<\/p>\n<figure id=\"attachment_40698\" aria-describedby=\"caption-attachment-40698\" style=\"width: 680px\" class=\"wp-caption alignnone\"><img loading=\"lazy\" decoding=\"async\" class=\"size-full wp-image-40698\" src=\"https:\/\/www.organisator.ch\/wp-content\/uploads\/2025\/09\/Neue-Folge-von-Hoehle-der-Loewen-Firmenbewertungen-hinter-dem-Mond-3_Organisator.jpg\" alt=\"\" width=\"680\" height=\"383\" srcset=\"https:\/\/www.organisator.ch\/wp-content\/uploads\/2025\/09\/Neue-Folge-von-Hoehle-der-Loewen-Firmenbewertungen-hinter-dem-Mond-3_Organisator.jpg 680w, https:\/\/www.organisator.ch\/wp-content\/uploads\/2025\/09\/Neue-Folge-von-Hoehle-der-Loewen-Firmenbewertungen-hinter-dem-Mond-3_Organisator-18x10.jpg 18w, https:\/\/www.organisator.ch\/wp-content\/uploads\/2025\/09\/Neue-Folge-von-Hoehle-der-Loewen-Firmenbewertungen-hinter-dem-Mond-3_Organisator-375x211.jpg 375w, https:\/\/www.organisator.ch\/wp-content\/uploads\/2025\/09\/Neue-Folge-von-Hoehle-der-Loewen-Firmenbewertungen-hinter-dem-Mond-3_Organisator-621x350.jpg 621w\" sizes=\"auto, (max-width: 680px) 100vw, 680px\" \/><figcaption id=\"caption-attachment-40698\" class=\"wp-caption-text\">Un tandem p\u00e8re-fille qui r\u00e9invente le caquelon \u00e0 fondue : Johnny et Sarah Billeter ont d\u00e9croch\u00e9 un march\u00e9 avec Roland Brack. (Image : capture d'\u00e9cran CH Media)<\/figcaption><\/figure>\n<h3><strong>Bod\u00e9 Studios : Parfum de Suisse<\/strong><\/h3>\n<p>Les deux fondateurs de Bod\u00e9 Studios, Nicola et Lino, lancent avec leurs parfums un produit de luxe qui a d\u00e9j\u00e0 obtenu une reconnaissance internationale. L'entreprise a m\u00eame remport\u00e9 avec son produit \"Rouge renard\" un prix pour le meilleur parfum parmi plus de 3500 \u00e9chantillons pr\u00e9sent\u00e9s. Ils souhaitent maintenant internationaliser davantage leurs parfums et recherchent pour cela 300'000 francs en \u00e9change de 8 pour cent des parts.<\/p>\n<p>Les lions ont trouv\u00e9 les parfums et les emballages bien faits, mais n'ont pas du tout \u00e9t\u00e9 enthousiasm\u00e9s par les chiffres. L'\u00e9valuation de l'entreprise, en particulier, a suscit\u00e9 l'incompr\u00e9hension. Felix Bertram a vu les pr\u00e9sentations \"derri\u00e8re la lune\" et s'est retir\u00e9. Et les chiffres d'affaires ne semblaient pas non plus m\u00e9riter d'\u00eatre investis : Les fondateurs ont indiqu\u00e9 vouloir augmenter le chiffre d'affaires \u00e0 500 000 francs d'ici 2027. Cela ne correspondait pas du tout aux attentes des lions. Tous les investisseurs se sont retir\u00e9s, m\u00eame s'ils ont reconnu l'engagement et la vision des fondateurs.<\/p>\n<h3><strong>Glory Bomb : la boisson rafra\u00eechissante \u00e0 base de caf\u00e9ine<\/strong><\/h3>\n<p>La boisson \u00e9nerg\u00e9tique \"Glory Bomb\" veut bousculer le march\u00e9 des boissons avec une boisson rafra\u00eechissante fruit\u00e9e et riche en caf\u00e9ine. Le produit contient du guarana, du th\u00e9 vert, de l'aloe vera et du jus de mangoustan, le tout sans conservateurs ni colorants artificiels. Benji et Wally, les fondateurs d'origine sud-africaine de Flurlingen SH, ont d\u00e9j\u00e0 lanc\u00e9 la boisson sur diff\u00e9rents march\u00e9s, dont l'Afrique du Sud et Duba\u00ef. Leur objectif est de r\u00e9aliser un million de francs de chiffre d'affaires d'ici 2025.<\/p>\n<p>Les lions n'\u00e9taient toutefois pas convaincus par le mod\u00e8le commercial. Les pr\u00e9visions de vente leur semblaient trop \u00e9lev\u00e9es et le message de l'entreprise n'\u00e9tait pas assez clair. Par cons\u00e9quent, tous les lions se sont retir\u00e9s, bien que le produit ait \u00e9t\u00e9 accueilli de mani\u00e8re tout \u00e0 fait positive lors de la d\u00e9gustation. Les fondateurs doivent maintenant continuer sans investissement. Mais s'ils tiennent compte des conseils qu'ils ont re\u00e7us des lions, le produit pourrait bien \u00eatre un succ\u00e8s.<\/p>\n<p><em>Cliquez ici pour acc\u00e9der \u00e0 l'\u00e9mission :\u00a0<a href=\"https:\/\/www.oneplus.ch\/catalog\/1000604\">https:\/\/www.oneplus.ch\/catalog\/1000604<\/a><\/em><\/p>","protected":false},"excerpt":{"rendered":"<p>Dans le dernier \u00e9pisode de \"Die H\u00f6hle der L\u00f6wen Schweiz\", les choses se sont \u00e0 nouveau anim\u00e9es. Une fois de plus, les lions n'ont pas \u00e9t\u00e9 faciles \u00e0 convaincre des id\u00e9es, aussi bonnes soient-elles. Il y a tout de m\u00eame eu deux accords.<\/p>","protected":false},"author":4,"featured_media":40696,"comment_status":"closed","ping_status":"closed","sticky":false,"template":"","format":"standard","meta":{"_acf_changed":false,"_yoast_wpseo_focuskw":"Firmenbewertungen","_yoast_wpseo_metadesc":"In der neuen Folge von \u201eDie H\u00f6hle der L\u00f6wen Schweiz\u201c ging es lebhaft zu. Kritisiert wurden hohe Firmenbewertungen, es gab aber zwei Deals.","articlekey":"","footnotes":""},"categories":[29],"tags":[4015,274,339,451,492],"class_list":["post-40695","post","type-post","status-publish","format-standard","has-post-thumbnail","hentry","category-marketing","tag-die-hoehle-der-loewen-schweiz","tag-innovation","tag-marketing","tag-startups","tag-unternehmen"],"acf":[],"yoast_head":"<!-- This site is optimized with the Yoast SEO plugin v27.5 - https:\/\/yoast.com\/product\/yoast-seo-wordpress\/ -->\n<title>Neue Folge von H\u00f6hle der L\u00f6wen: Firmenbewertungen \u00abhinter dem Mond\u00bb - Organisator<\/title>\n<meta name=\"description\" content=\"In der neuen Folge von \u201eDie H\u00f6hle der L\u00f6wen Schweiz\u201c ging es lebhaft zu. Kritisiert wurden hohe Firmenbewertungen, es gab aber zwei Deals.\" \/>\n<meta name=\"robots\" content=\"index, follow, max-snippet:-1, max-image-preview:large, max-video-preview:-1\" \/>\n<link rel=\"canonical\" href=\"https:\/\/www.organisator.ch\/fr\/marketing\/2025-09-24\/neue-folge-von-hoehle-der-loewen-firmenbewertungen-hinter-dem-mond\/\" \/>\n<meta property=\"og:locale\" content=\"fr_FR\" \/>\n<meta property=\"og:type\" content=\"article\" \/>\n<meta property=\"og:title\" content=\"Neue Folge von H\u00f6hle der L\u00f6wen: Firmenbewertungen \u00abhinter dem Mond\u00bb\" \/>\n<meta property=\"og:description\" content=\"In der neuen Folge von \u201eDie H\u00f6hle der L\u00f6wen Schweiz\u201c ging es lebhaft zu. Kritisiert wurden hohe Firmenbewertungen, es gab aber zwei Deals.\" \/>\n<meta property=\"og:url\" content=\"https:\/\/www.organisator.ch\/fr\/marketing\/2025-09-24\/neue-folge-von-hoehle-der-loewen-firmenbewertungen-hinter-dem-mond\/\" \/>\n<meta property=\"og:site_name\" content=\"Organisator\" \/>\n<meta property=\"article:publisher\" content=\"https:\/\/www.facebook.com\/OrganisatorFachmagazin\" \/>\n<meta property=\"article:published_time\" content=\"2025-09-24T12:46:52+00:00\" \/>\n<meta property=\"article:modified_time\" content=\"2025-10-01T06:38:52+00:00\" \/>\n<meta property=\"og:image\" content=\"https:\/\/www.organisator.ch\/wp-content\/uploads\/2025\/09\/Neue-Folge-von-Hoehle-der-Loewen-Firmenbewertungen-hinter-dem-Mond-1_Organisator.jpg\" \/>\n\t<meta property=\"og:image:width\" content=\"680\" \/>\n\t<meta property=\"og:image:height\" content=\"445\" \/>\n\t<meta property=\"og:image:type\" content=\"image\/jpeg\" \/>\n<meta name=\"author\" content=\"thomas.berner\" \/>\n<meta name=\"twitter:card\" content=\"summary_large_image\" \/>\n<meta name=\"twitter:title\" content=\"Neue Folge von H\u00f6hle der L\u00f6wen: #Firmenbewertungen \u00abhinter dem Mond\u00bb\" \/>\n<meta name=\"twitter:description\" content=\"In der neuen Folge von \u201eDie #H\u00f6hle der L\u00f6wen #Schweiz\u201c ging es lebhaft zu. Kritisiert wurden hohe #Firmenbewertungen, es gab aber zwei Deals.\" \/>\n<meta name=\"twitter:image\" content=\"https:\/\/www.organisator.ch\/wp-content\/uploads\/2025\/09\/Neue-Folge-von-Hoehle-der-Loewen-Firmenbewertungen-hinter-dem-Mond-1_Organisator.jpg\" \/>\n<script type=\"application\/ld+json\" class=\"yoast-schema-graph\">{\"@context\":\"https:\\\/\\\/schema.org\",\"@graph\":[{\"@type\":\"Article\",\"@id\":\"https:\\\/\\\/www.organisator.ch\\\/marketing\\\/2025-09-24\\\/neue-folge-von-hoehle-der-loewen-firmenbewertungen-hinter-dem-mond\\\/#article\",\"isPartOf\":{\"@id\":\"https:\\\/\\\/www.organisator.ch\\\/marketing\\\/2025-09-24\\\/neue-folge-von-hoehle-der-loewen-firmenbewertungen-hinter-dem-mond\\\/\"},\"author\":{\"name\":\"thomas.berner\",\"@id\":\"https:\\\/\\\/www.organisator.ch\\\/#\\\/schema\\\/person\\\/6f650f90b2842cd4c0cc334b4e36f67e\"},\"headline\":\"Neue Folge von H\u00f6hle der L\u00f6wen: Firmenbewertungen \u00abhinter dem Mond\u00bb\",\"datePublished\":\"2025-09-24T12:46:52+00:00\",\"dateModified\":\"2025-10-01T06:38:52+00:00\",\"mainEntityOfPage\":{\"@id\":\"https:\\\/\\\/www.organisator.ch\\\/marketing\\\/2025-09-24\\\/neue-folge-von-hoehle-der-loewen-firmenbewertungen-hinter-dem-mond\\\/\"},\"wordCount\":1194,\"publisher\":{\"@id\":\"https:\\\/\\\/www.organisator.ch\\\/#organization\"},\"image\":{\"@id\":\"https:\\\/\\\/www.organisator.ch\\\/marketing\\\/2025-09-24\\\/neue-folge-von-hoehle-der-loewen-firmenbewertungen-hinter-dem-mond\\\/#primaryimage\"},\"thumbnailUrl\":\"https:\\\/\\\/www.organisator.ch\\\/wp-content\\\/uploads\\\/2025\\\/09\\\/Neue-Folge-von-Hoehle-der-Loewen-Firmenbewertungen-hinter-dem-Mond-1_Organisator.jpg\",\"keywords\":[\"Die H\u00f6hle der L\u00f6wen Schweiz\",\"Innovation\",\"Marketing\",\"Startups\",\"Unternehmen\"],\"articleSection\":[\"MARKETING\"],\"inLanguage\":\"fr-FR\"},{\"@type\":\"WebPage\",\"@id\":\"https:\\\/\\\/www.organisator.ch\\\/marketing\\\/2025-09-24\\\/neue-folge-von-hoehle-der-loewen-firmenbewertungen-hinter-dem-mond\\\/\",\"url\":\"https:\\\/\\\/www.organisator.ch\\\/marketing\\\/2025-09-24\\\/neue-folge-von-hoehle-der-loewen-firmenbewertungen-hinter-dem-mond\\\/\",\"name\":\"Neue Folge von H\u00f6hle der L\u00f6wen: Firmenbewertungen \u00abhinter dem Mond\u00bb - Organisator\",\"isPartOf\":{\"@id\":\"https:\\\/\\\/www.organisator.ch\\\/#website\"},\"primaryImageOfPage\":{\"@id\":\"https:\\\/\\\/www.organisator.ch\\\/marketing\\\/2025-09-24\\\/neue-folge-von-hoehle-der-loewen-firmenbewertungen-hinter-dem-mond\\\/#primaryimage\"},\"image\":{\"@id\":\"https:\\\/\\\/www.organisator.ch\\\/marketing\\\/2025-09-24\\\/neue-folge-von-hoehle-der-loewen-firmenbewertungen-hinter-dem-mond\\\/#primaryimage\"},\"thumbnailUrl\":\"https:\\\/\\\/www.organisator.ch\\\/wp-content\\\/uploads\\\/2025\\\/09\\\/Neue-Folge-von-Hoehle-der-Loewen-Firmenbewertungen-hinter-dem-Mond-1_Organisator.jpg\",\"datePublished\":\"2025-09-24T12:46:52+00:00\",\"dateModified\":\"2025-10-01T06:38:52+00:00\",\"description\":\"In der neuen Folge von \u201eDie H\u00f6hle der L\u00f6wen Schweiz\u201c ging es lebhaft zu. Kritisiert wurden hohe Firmenbewertungen, es gab aber zwei Deals.\",\"breadcrumb\":{\"@id\":\"https:\\\/\\\/www.organisator.ch\\\/marketing\\\/2025-09-24\\\/neue-folge-von-hoehle-der-loewen-firmenbewertungen-hinter-dem-mond\\\/#breadcrumb\"},\"inLanguage\":\"fr-FR\",\"potentialAction\":[{\"@type\":\"ReadAction\",\"target\":[\"https:\\\/\\\/www.organisator.ch\\\/marketing\\\/2025-09-24\\\/neue-folge-von-hoehle-der-loewen-firmenbewertungen-hinter-dem-mond\\\/\"]}]},{\"@type\":\"ImageObject\",\"inLanguage\":\"fr-FR\",\"@id\":\"https:\\\/\\\/www.organisator.ch\\\/marketing\\\/2025-09-24\\\/neue-folge-von-hoehle-der-loewen-firmenbewertungen-hinter-dem-mond\\\/#primaryimage\",\"url\":\"https:\\\/\\\/www.organisator.ch\\\/wp-content\\\/uploads\\\/2025\\\/09\\\/Neue-Folge-von-Hoehle-der-Loewen-Firmenbewertungen-hinter-dem-Mond-1_Organisator.jpg\",\"contentUrl\":\"https:\\\/\\\/www.organisator.ch\\\/wp-content\\\/uploads\\\/2025\\\/09\\\/Neue-Folge-von-Hoehle-der-Loewen-Firmenbewertungen-hinter-dem-Mond-1_Organisator.jpg\",\"width\":680,\"height\":445,\"caption\":\"Sorgten f\u00fcr den Deal des Abends in der Sendung vom 23. September: Kinderarzt Oliver Gemperle und Sarah Schenker von baby-sleep-doctors.ch. (Bild: Screenshot CH Media)\"},{\"@type\":\"BreadcrumbList\",\"@id\":\"https:\\\/\\\/www.organisator.ch\\\/marketing\\\/2025-09-24\\\/neue-folge-von-hoehle-der-loewen-firmenbewertungen-hinter-dem-mond\\\/#breadcrumb\",\"itemListElement\":[{\"@type\":\"ListItem\",\"position\":1,\"name\":\"Home\",\"item\":\"https:\\\/\\\/www.organisator.ch\\\/\"},{\"@type\":\"ListItem\",\"position\":2,\"name\":\"Neue Folge von H\u00f6hle der L\u00f6wen: Firmenbewertungen \u00abhinter dem Mond\u00bb\"}]},{\"@type\":\"WebSite\",\"@id\":\"https:\\\/\\\/www.organisator.ch\\\/#website\",\"url\":\"https:\\\/\\\/www.organisator.ch\\\/\",\"name\":\"Organisator\",\"description\":\"Kompetent. Praxisnah. Der ORGANISATOR bereitet in 10 Ausgaben pro Jahr die wesentlichen Themen f\u00fcr F\u00fchrungskr\u00e4fte von KMU auf.\",\"publisher\":{\"@id\":\"https:\\\/\\\/www.organisator.ch\\\/#organization\"},\"potentialAction\":[{\"@type\":\"SearchAction\",\"target\":{\"@type\":\"EntryPoint\",\"urlTemplate\":\"https:\\\/\\\/www.organisator.ch\\\/?s={search_term_string}\"},\"query-input\":{\"@type\":\"PropertyValueSpecification\",\"valueRequired\":true,\"valueName\":\"search_term_string\"}}],\"inLanguage\":\"fr-FR\"},{\"@type\":\"Organization\",\"@id\":\"https:\\\/\\\/www.organisator.ch\\\/#organization\",\"name\":\"Organisator\",\"url\":\"https:\\\/\\\/www.organisator.ch\\\/\",\"logo\":{\"@type\":\"ImageObject\",\"inLanguage\":\"fr-FR\",\"@id\":\"https:\\\/\\\/www.organisator.ch\\\/#\\\/schema\\\/logo\\\/image\\\/\",\"url\":\"https:\\\/\\\/www.organisator.ch\\\/wp-content\\\/uploads\\\/2022\\\/01\\\/Logo_Organisator_Website.png\",\"contentUrl\":\"https:\\\/\\\/www.organisator.ch\\\/wp-content\\\/uploads\\\/2022\\\/01\\\/Logo_Organisator_Website.png\",\"width\":800,\"height\":77,\"caption\":\"Organisator\"},\"image\":{\"@id\":\"https:\\\/\\\/www.organisator.ch\\\/#\\\/schema\\\/logo\\\/image\\\/\"},\"sameAs\":[\"https:\\\/\\\/www.facebook.com\\\/OrganisatorFachmagazin\",\"https:\\\/\\\/www.linkedin.com\\\/showcase\\\/organisator-das-magazin-fr-kmu\",\"https:\\\/\\\/www.xing.com\\\/news\\\/pages\\\/organisator-ch-695\",\"https:\\\/\\\/www.youtube.com\\\/channel\\\/UCGP2Sq0iWaZwT3BdIAQFYpw\"]},{\"@type\":\"Person\",\"@id\":\"https:\\\/\\\/www.organisator.ch\\\/#\\\/schema\\\/person\\\/6f650f90b2842cd4c0cc334b4e36f67e\",\"name\":\"thomas.berner\",\"image\":{\"@type\":\"ImageObject\",\"inLanguage\":\"fr-FR\",\"@id\":\"https:\\\/\\\/secure.gravatar.com\\\/avatar\\\/ac5001d2a36cb6c6cd3e50789007ffca834b477b74a2144564522e944eabff61?s=96&d=mm&r=g\",\"url\":\"https:\\\/\\\/secure.gravatar.com\\\/avatar\\\/ac5001d2a36cb6c6cd3e50789007ffca834b477b74a2144564522e944eabff61?s=96&d=mm&r=g\",\"contentUrl\":\"https:\\\/\\\/secure.gravatar.com\\\/avatar\\\/ac5001d2a36cb6c6cd3e50789007ffca834b477b74a2144564522e944eabff61?s=96&d=mm&r=g\",\"caption\":\"thomas.berner\"},\"url\":\"https:\\\/\\\/www.organisator.ch\\\/fr\\\/author\\\/thomas-berner\\\/\"}]}<\/script>\n<!-- \/ Yoast SEO plugin. -->","yoast_head_json":{"title":"Nouvel \u00e9pisode de l'\u00e9mission H\u00f6hle der L\u00f6wen : des \u00e9valuations d'entreprises \"derri\u00e8re la lune\" - Organisateur","description":"Le nouvel \u00e9pisode de \"Die H\u00f6hle der L\u00f6wen Schweiz\" a \u00e9t\u00e9 tr\u00e8s anim\u00e9. Des \u00e9valuations \u00e9lev\u00e9es d'entreprises ont \u00e9t\u00e9 critiqu\u00e9es, mais deux deals ont \u00e9t\u00e9 conclus.","robots":{"index":"index","follow":"follow","max-snippet":"max-snippet:-1","max-image-preview":"max-image-preview:large","max-video-preview":"max-video-preview:-1"},"canonical":"https:\/\/www.organisator.ch\/fr\/marketing\/2025-09-24\/neue-folge-von-hoehle-der-loewen-firmenbewertungen-hinter-dem-mond\/","og_locale":"fr_FR","og_type":"article","og_title":"Neue Folge von H\u00f6hle der L\u00f6wen: Firmenbewertungen \u00abhinter dem Mond\u00bb","og_description":"In der neuen Folge von \u201eDie H\u00f6hle der L\u00f6wen Schweiz\u201c ging es lebhaft zu. Kritisiert wurden hohe Firmenbewertungen, es gab aber zwei Deals.","og_url":"https:\/\/www.organisator.ch\/fr\/marketing\/2025-09-24\/neue-folge-von-hoehle-der-loewen-firmenbewertungen-hinter-dem-mond\/","og_site_name":"Organisator","article_publisher":"https:\/\/www.facebook.com\/OrganisatorFachmagazin","article_published_time":"2025-09-24T12:46:52+00:00","article_modified_time":"2025-10-01T06:38:52+00:00","og_image":[{"width":680,"height":445,"url":"https:\/\/www.organisator.ch\/wp-content\/uploads\/2025\/09\/Neue-Folge-von-Hoehle-der-Loewen-Firmenbewertungen-hinter-dem-Mond-1_Organisator.jpg","type":"image\/jpeg"}],"author":"thomas.berner","twitter_card":"summary_large_image","twitter_title":"Neue Folge von H\u00f6hle der L\u00f6wen: #Firmenbewertungen \u00abhinter dem Mond\u00bb","twitter_description":"In der neuen Folge von \u201eDie #H\u00f6hle der L\u00f6wen #Schweiz\u201c ging es lebhaft zu. Kritisiert wurden hohe #Firmenbewertungen, es gab aber zwei Deals.","twitter_image":"https:\/\/www.organisator.ch\/wp-content\/uploads\/2025\/09\/Neue-Folge-von-Hoehle-der-Loewen-Firmenbewertungen-hinter-dem-Mond-1_Organisator.jpg","schema":{"@context":"https:\/\/schema.org","@graph":[{"@type":"Article","@id":"https:\/\/www.organisator.ch\/marketing\/2025-09-24\/neue-folge-von-hoehle-der-loewen-firmenbewertungen-hinter-dem-mond\/#article","isPartOf":{"@id":"https:\/\/www.organisator.ch\/marketing\/2025-09-24\/neue-folge-von-hoehle-der-loewen-firmenbewertungen-hinter-dem-mond\/"},"author":{"name":"thomas.berner","@id":"https:\/\/www.organisator.ch\/#\/schema\/person\/6f650f90b2842cd4c0cc334b4e36f67e"},"headline":"Neue Folge von H\u00f6hle der L\u00f6wen: Firmenbewertungen \u00abhinter dem Mond\u00bb","datePublished":"2025-09-24T12:46:52+00:00","dateModified":"2025-10-01T06:38:52+00:00","mainEntityOfPage":{"@id":"https:\/\/www.organisator.ch\/marketing\/2025-09-24\/neue-folge-von-hoehle-der-loewen-firmenbewertungen-hinter-dem-mond\/"},"wordCount":1194,"publisher":{"@id":"https:\/\/www.organisator.ch\/#organization"},"image":{"@id":"https:\/\/www.organisator.ch\/marketing\/2025-09-24\/neue-folge-von-hoehle-der-loewen-firmenbewertungen-hinter-dem-mond\/#primaryimage"},"thumbnailUrl":"https:\/\/www.organisator.ch\/wp-content\/uploads\/2025\/09\/Neue-Folge-von-Hoehle-der-Loewen-Firmenbewertungen-hinter-dem-Mond-1_Organisator.jpg","keywords":["Die H\u00f6hle der L\u00f6wen Schweiz","Innovation","Marketing","Startups","Unternehmen"],"articleSection":["MARKETING"],"inLanguage":"fr-FR"},{"@type":"WebPage","@id":"https:\/\/www.organisator.ch\/marketing\/2025-09-24\/neue-folge-von-hoehle-der-loewen-firmenbewertungen-hinter-dem-mond\/","url":"https:\/\/www.organisator.ch\/marketing\/2025-09-24\/neue-folge-von-hoehle-der-loewen-firmenbewertungen-hinter-dem-mond\/","name":"Nouvel \u00e9pisode de l'\u00e9mission H\u00f6hle der L\u00f6wen : des \u00e9valuations d'entreprises \"derri\u00e8re la lune\" - Organisateur","isPartOf":{"@id":"https:\/\/www.organisator.ch\/#website"},"primaryImageOfPage":{"@id":"https:\/\/www.organisator.ch\/marketing\/2025-09-24\/neue-folge-von-hoehle-der-loewen-firmenbewertungen-hinter-dem-mond\/#primaryimage"},"image":{"@id":"https:\/\/www.organisator.ch\/marketing\/2025-09-24\/neue-folge-von-hoehle-der-loewen-firmenbewertungen-hinter-dem-mond\/#primaryimage"},"thumbnailUrl":"https:\/\/www.organisator.ch\/wp-content\/uploads\/2025\/09\/Neue-Folge-von-Hoehle-der-Loewen-Firmenbewertungen-hinter-dem-Mond-1_Organisator.jpg","datePublished":"2025-09-24T12:46:52+00:00","dateModified":"2025-10-01T06:38:52+00:00","description":"Le nouvel \u00e9pisode de \"Die H\u00f6hle der L\u00f6wen Schweiz\" a \u00e9t\u00e9 tr\u00e8s anim\u00e9. Des \u00e9valuations \u00e9lev\u00e9es d'entreprises ont \u00e9t\u00e9 critiqu\u00e9es, mais deux deals ont \u00e9t\u00e9 conclus.","breadcrumb":{"@id":"https:\/\/www.organisator.ch\/marketing\/2025-09-24\/neue-folge-von-hoehle-der-loewen-firmenbewertungen-hinter-dem-mond\/#breadcrumb"},"inLanguage":"fr-FR","potentialAction":[{"@type":"ReadAction","target":["https:\/\/www.organisator.ch\/marketing\/2025-09-24\/neue-folge-von-hoehle-der-loewen-firmenbewertungen-hinter-dem-mond\/"]}]},{"@type":"ImageObject","inLanguage":"fr-FR","@id":"https:\/\/www.organisator.ch\/marketing\/2025-09-24\/neue-folge-von-hoehle-der-loewen-firmenbewertungen-hinter-dem-mond\/#primaryimage","url":"https:\/\/www.organisator.ch\/wp-content\/uploads\/2025\/09\/Neue-Folge-von-Hoehle-der-Loewen-Firmenbewertungen-hinter-dem-Mond-1_Organisator.jpg","contentUrl":"https:\/\/www.organisator.ch\/wp-content\/uploads\/2025\/09\/Neue-Folge-von-Hoehle-der-Loewen-Firmenbewertungen-hinter-dem-Mond-1_Organisator.jpg","width":680,"height":445,"caption":"Sorgten f\u00fcr den Deal des Abends in der Sendung vom 23. September: Kinderarzt Oliver Gemperle und Sarah Schenker von baby-sleep-doctors.ch. (Bild: Screenshot CH Media)"},{"@type":"BreadcrumbList","@id":"https:\/\/www.organisator.ch\/marketing\/2025-09-24\/neue-folge-von-hoehle-der-loewen-firmenbewertungen-hinter-dem-mond\/#breadcrumb","itemListElement":[{"@type":"ListItem","position":1,"name":"Home","item":"https:\/\/www.organisator.ch\/"},{"@type":"ListItem","position":2,"name":"Neue Folge von H\u00f6hle der L\u00f6wen: Firmenbewertungen \u00abhinter dem Mond\u00bb"}]},{"@type":"WebSite","@id":"https:\/\/www.organisator.ch\/#website","url":"https:\/\/www.organisator.ch\/","name":"Organisateur","description":"Comp\u00e9tence et comp\u00e9tence. Proches de la pratique. L'ORGANISATEUR pr\u00e9pare 10 num\u00e9ros par an sur les th\u00e8mes essentiels pour les dirigeants de PME.","publisher":{"@id":"https:\/\/www.organisator.ch\/#organization"},"potentialAction":[{"@type":"SearchAction","target":{"@type":"EntryPoint","urlTemplate":"https:\/\/www.organisator.ch\/?s={search_term_string}"},"query-input":{"@type":"PropertyValueSpecification","valueRequired":true,"valueName":"search_term_string"}}],"inLanguage":"fr-FR"},{"@type":"Organization","@id":"https:\/\/www.organisator.ch\/#organization","name":"Organisateur","url":"https:\/\/www.organisator.ch\/","logo":{"@type":"ImageObject","inLanguage":"fr-FR","@id":"https:\/\/www.organisator.ch\/#\/schema\/logo\/image\/","url":"https:\/\/www.organisator.ch\/wp-content\/uploads\/2022\/01\/Logo_Organisator_Website.png","contentUrl":"https:\/\/www.organisator.ch\/wp-content\/uploads\/2022\/01\/Logo_Organisator_Website.png","width":800,"height":77,"caption":"Organisator"},"image":{"@id":"https:\/\/www.organisator.ch\/#\/schema\/logo\/image\/"},"sameAs":["https:\/\/www.facebook.com\/OrganisatorFachmagazin","https:\/\/www.linkedin.com\/showcase\/organisator-das-magazin-fr-kmu","https:\/\/www.xing.com\/news\/pages\/organisator-ch-695","https:\/\/www.youtube.com\/channel\/UCGP2Sq0iWaZwT3BdIAQFYpw"]},{"@type":"Person","@id":"https:\/\/www.organisator.ch\/#\/schema\/person\/6f650f90b2842cd4c0cc334b4e36f67e","name":"thomas.berner","image":{"@type":"ImageObject","inLanguage":"fr-FR","@id":"https:\/\/secure.gravatar.com\/avatar\/ac5001d2a36cb6c6cd3e50789007ffca834b477b74a2144564522e944eabff61?s=96&d=mm&r=g","url":"https:\/\/secure.gravatar.com\/avatar\/ac5001d2a36cb6c6cd3e50789007ffca834b477b74a2144564522e944eabff61?s=96&d=mm&r=g","contentUrl":"https:\/\/secure.gravatar.com\/avatar\/ac5001d2a36cb6c6cd3e50789007ffca834b477b74a2144564522e944eabff61?s=96&d=mm&r=g","caption":"thomas.berner"},"url":"https:\/\/www.organisator.ch\/fr\/author\/thomas-berner\/"}]}},"_links":{"self":[{"href":"https:\/\/www.organisator.ch\/fr\/wp-json\/wp\/v2\/posts\/40695","targetHints":{"allow":["GET"]}}],"collection":[{"href":"https:\/\/www.organisator.ch\/fr\/wp-json\/wp\/v2\/posts"}],"about":[{"href":"https:\/\/www.organisator.ch\/fr\/wp-json\/wp\/v2\/types\/post"}],"author":[{"embeddable":true,"href":"https:\/\/www.organisator.ch\/fr\/wp-json\/wp\/v2\/users\/4"}],"replies":[{"embeddable":true,"href":"https:\/\/www.organisator.ch\/fr\/wp-json\/wp\/v2\/comments?post=40695"}],"version-history":[{"count":4,"href":"https:\/\/www.organisator.ch\/fr\/wp-json\/wp\/v2\/posts\/40695\/revisions"}],"predecessor-version":[{"id":40834,"href":"https:\/\/www.organisator.ch\/fr\/wp-json\/wp\/v2\/posts\/40695\/revisions\/40834"}],"wp:featuredmedia":[{"embeddable":true,"href":"https:\/\/www.organisator.ch\/fr\/wp-json\/wp\/v2\/media\/40696"}],"wp:attachment":[{"href":"https:\/\/www.organisator.ch\/fr\/wp-json\/wp\/v2\/media?parent=40695"}],"wp:term":[{"taxonomy":"category","embeddable":true,"href":"https:\/\/www.organisator.ch\/fr\/wp-json\/wp\/v2\/categories?post=40695"},{"taxonomy":"post_tag","embeddable":true,"href":"https:\/\/www.organisator.ch\/fr\/wp-json\/wp\/v2\/tags?post=40695"}],"curies":[{"name":"wp","href":"https:\/\/api.w.org\/{rel}","templated":true}]}}