{"id":40777,"date":"2025-09-29T11:50:53","date_gmt":"2025-09-29T09:50:53","guid":{"rendered":"https:\/\/www.markt-kom.com\/?p=241645"},"modified":"2025-09-29T11:49:01","modified_gmt":"2025-09-29T09:49:01","slug":"seine-roboter-liefern-pakete-und-essen-aus-marko-bjelonic-ceo-rivr-ai-im-podcast","status":"publish","type":"post","link":"https:\/\/www.organisator.ch\/fr\/management\/2025-09-29\/seine-roboter-liefern-pakete-und-essen-aus-marko-bjelonic-ceo-rivr-ai-im-podcast\/","title":{"rendered":"Ses robots livrent des colis et de la nourriture : Marko Bjelonic, CEO Rivr.ai, dans le podcast"},"content":{"rendered":"<p><iframe title=\"*30 | La robotique, moteur de l&#039;emploi ? | Invit\u00e9 : Marko Bjelonic, CEO RIVR\" src=\"https:\/\/www.youtube.com\/embed\/mmnPEMwJmZU?feature=oembed\" width=\"768\" height=\"432\" frameborder=\"0\" allowfullscreen=\"allowfullscreen\"><\/iframe><\/p>\r\n<p>Les robots autonomes ne sont plus une musique d'avenir \u00e0 Zurich. Ce qui ressemble \u00e0 de la science-fiction est visible au quotidien : \u00e0 Oerlikon et Regensdorf, des assistants robotis\u00e9s livrent des repas et des paquets jusque devant la porte. Dans le podcast \"AI und Gesellschaft - Wege in die Neue Welt\" de l'Acad\u00e9mie suisse du texte, Marko Bjelonic, cofondateur de Rivr.ai et dipl\u00f4m\u00e9 de l'ETH, parle des chances, des obstacles et des visions de cette technologie.<\/p>\r\n<p>Bjelonic explique comment son \u00e9quipe a d\u00e9j\u00e0 mis en \u0153uvre des projets concrets avec des partenaires comme SwissPost et JustEat. Les essais pilotes se heurtent certes aussi \u00e0 des questions de r\u00e9glementation, mais en \u00e9troite concertation avec les autorit\u00e9s, les obstacles ont souvent pu \u00eatre surmont\u00e9s plus rapidement que dans d'autres pays.<\/p>\r\n<p>La Suisse deviendra donc un terrain d'essai id\u00e9al pour la robotique au quotidien. L'investissement de Jeff Bezos a marqu\u00e9 une \u00e9tape particuli\u00e8re. Gr\u00e2ce \u00e0 la confiance du fondateur d'Amazon, Rivr.ai a non seulement gagn\u00e9 du capital, mais aussi une attention internationale. \"Nous faisons partie de la premi\u00e8re vague de robots dans les rues\", explique Bjelonic. \"Ce n'est pas seulement une question de technique, mais d'utilit\u00e9 pour la soci\u00e9t\u00e9\".<\/p>\r\n<p><img class=\"alignnone size-full wp-image-241648\" src=\"https:\/\/www.markt-kom.com\/wp-content\/uploads\/2025\/09\/DZz56GShKB9B8whVMN6AE2-scaled.jpg\" sizes=\"(max-width: 1400px) 100vw, 1400px\" srcset=\"https:\/\/www.markt-kom.com\/wp-content\/uploads\/2025\/09\/DZz56GShKB9B8whVMN6AE2-scaled.jpg 1300w, https:\/\/www.markt-kom.com\/wp-content\/uploads\/2025\/09\/DZz56GShKB9B8whVMN6AE2-600x431.jpg 600w, https:\/\/www.markt-kom.com\/wp-content\/uploads\/2025\/09\/DZz56GShKB9B8whVMN6AE2-1024x735.jpg 1024w, https:\/\/www.markt-kom.com\/wp-content\/uploads\/2025\/09\/DZz56GShKB9B8whVMN6AE2-768x551.jpg 768w, https:\/\/www.markt-kom.com\/wp-content\/uploads\/2025\/09\/DZz56GShKB9B8whVMN6AE2-1536x1103.jpg 1536w, https:\/\/www.markt-kom.com\/wp-content\/uploads\/2025\/09\/DZz56GShKB9B8whVMN6AE2-18x12.jpg 18w, https:\/\/www.markt-kom.com\/wp-content\/uploads\/2025\/09\/DZz56GShKB9B8whVMN6AE2-244x175.jpg 244w, https:\/\/www.markt-kom.com\/wp-content\/uploads\/2025\/09\/DZz56GShKB9B8whVMN6AE2-488x350.jpg 488w, https:\/\/www.markt-kom.com\/wp-content\/uploads\/2025\/09\/DZz56GShKB9B8whVMN6AE2-1000x718.jpg 1000w\" alt=\"\" width=\"1400\" height=\"1005\" \/><\/p>\r\n<p>La question des emplois est \u00e9galement centrale. La robotique n'est pas un tueur d'emplois, souligne Bjelonic, mais une impulsion pour de nouveaux domaines professionnels comme la gestion des robots. Le travail de livraison est all\u00e9g\u00e9 par des syst\u00e8mes intelligents, tandis que de nouvelles opportunit\u00e9s apparaissent.<\/p>\r\n<p>La vision d'avenir de Rivr.ai s'\u00e9tend bien au-del\u00e0 de Zurich. Elle pr\u00e9voit des robots multimodaux capables de se d\u00e9placer dans diff\u00e9rents environnements, jusqu'\u00e0 une mise \u00e0 l'\u00e9chelle internationale. La start-up de l'ETH veut ainsi non seulement changer le secteur de la logistique, mais aussi contribuer au discours global sur l'int\u00e9gration sociale de la robotique.<\/p>\r\n<p><img class=\"alignnone size-full wp-image-241647\" src=\"https:\/\/www.markt-kom.com\/wp-content\/uploads\/2025\/09\/21195124-v1-20250903110458792.avif\" sizes=\"(max-width: 640px) 100vw, 640px\" srcset=\"https:\/\/www.markt-kom.com\/wp-content\/uploads\/2025\/09\/21195124-v1-20250903110458792.avif 640w, https:\/\/www.markt-kom.com\/wp-content\/uploads\/2025\/09\/21195124-v1-20250903110458792-600x450.avif 600w, https:\/\/www.markt-kom.com\/wp-content\/uploads\/2025\/09\/21195124-v1-20250903110458792-16x12.avif 16w, https:\/\/www.markt-kom.com\/wp-content\/uploads\/2025\/09\/21195124-v1-20250903110458792-233x175.avif 233w, https:\/\/www.markt-kom.com\/wp-content\/uploads\/2025\/09\/21195124-v1-20250903110458792-467x350.avif 467w\" alt=\"\" width=\"640\" height=\"480\" \/><\/p>\r\n<hr \/>\r\n<p><em>Le podcast vid\u00e9o \"AI und Gesellschaft - Wege in die neue Welt\" est produit par la Stiftung Text Akademie. Deux \u00e9pisodes sont publi\u00e9s chaque mois, sur Spotify ( https:\/\/open.spotify.com\/show\/4mSsEJuaShBuanBfBjoAeM?si=01b4363426db4d28) , Youtube <\/em><a href=\"https:\/\/youtube.com\/playlist?list=PL4InE9vz-QptAjyy0QXyk6lWFKXreWEh2&amp;feature=shared\"><em>https:\/\/youtube.com\/playlist?list=PL4InE9vz-QptAjyy0QXyk6lWFKXreWEh2&amp;feature=shared<\/em><\/a><em>\u00a0et d'autres plateformes de podcasting.<\/em><\/p>\r\n<p><em>Marko Bjelonic a \u00e9galement \u00e9t\u00e9 invit\u00e9 \u00e0 une conf\u00e9rence sp\u00e9cialis\u00e9e de Swiss Export, <a href=\"https:\/\/www.organisator.ch\/de\/management\/2025-09-24\/logistik-und-mobilitaet-der-zukunft\/\">dont nous avons parl\u00e9 ici<\/a> ont.<\/em><\/p>","protected":false},"excerpt":{"rendered":"<p>Un chien ressemblant \u00e0 un robot livre des repas et des colis \u00e0 Zurich. Marko Bjelonic explique comment il r\u00e9volutionne la logistique avec Rivr.ai. Il est cofondateur et CEO de l'entreprise suisse de robotique, dans laquelle Jeff Bezos investit aussi massivement.<\/p>","protected":false},"author":8,"featured_media":0,"comment_status":"closed","ping_status":"closed","sticky":false,"template":"","format":"standard","meta":{"_acf_changed":false,"_yoast_wpseo_focuskw":"Marko Bjelonic","_yoast_wpseo_metadesc":"Ein roboter\u00e4hnlicher Hund liefert Essen und Pakete in Z\u00fcrich. Marko Bjelonic sagt, wie er mit Rivr.ai die Logistik revolutioniert.","articlekey":"","footnotes":""},"categories":[28],"tags":[4345,151,5547,5548,328,2645,5549,5450],"class_list":["post-40777","post","type-post","status-publish","format-standard","hentry","category-management","tag-business","tag-digital","tag-jeff-bezos","tag-just-eat","tag-logistik","tag-podcast","tag-rivr-ai","tag-stiftung-text-akademie"],"acf":[],"yoast_head":"<!-- This site is optimized with the Yoast SEO plugin v27.5 - https:\/\/yoast.com\/product\/yoast-seo-wordpress\/ -->\n<title>Seine Roboter liefern Pakete und Essen aus: Marko Bjelonic, CEO Rivr.ai, im Podcast - Organisator<\/title>\n<meta name=\"description\" content=\"Ein roboter\u00e4hnlicher Hund liefert Essen und Pakete in Z\u00fcrich. Marko Bjelonic sagt, wie er mit Rivr.ai die Logistik revolutioniert.\" \/>\n<meta name=\"robots\" content=\"index, follow, max-snippet:-1, max-image-preview:large, max-video-preview:-1\" \/>\n<link rel=\"canonical\" href=\"https:\/\/www.organisator.ch\/fr\/gestion-2\/2025-09-29\/seine-roboter-liefern-pakete-und-essen-aus-marko-bjelonic-ceo-rivr-ai-im-podcast\/\" \/>\n<meta property=\"og:locale\" content=\"fr_FR\" \/>\n<meta property=\"og:type\" content=\"article\" \/>\n<meta property=\"og:title\" content=\"Seine Roboter liefern Pakete und Essen aus: Marko Bjelonic, CEO Rivr.ai, im Podcast - Organisator\" \/>\n<meta property=\"og:description\" content=\"Ein roboter\u00e4hnlicher Hund liefert Essen und Pakete in Z\u00fcrich. Marko Bjelonic sagt, wie er mit Rivr.ai die Logistik revolutioniert.\" \/>\n<meta property=\"og:url\" content=\"https:\/\/www.organisator.ch\/fr\/gestion-2\/2025-09-29\/seine-roboter-liefern-pakete-und-essen-aus-marko-bjelonic-ceo-rivr-ai-im-podcast\/\" \/>\n<meta property=\"og:site_name\" content=\"Organisator\" \/>\n<meta property=\"article:publisher\" content=\"https:\/\/www.facebook.com\/OrganisatorFachmagazin\" \/>\n<meta property=\"article:published_time\" content=\"2025-09-29T09:50:53+00:00\" \/>\n<meta name=\"author\" content=\"galledia\" \/>\n<meta name=\"twitter:card\" content=\"summary_large_image\" \/>\n<meta name=\"twitter:creator\" content=\"@admin\" \/>\n<script type=\"application\/ld+json\" class=\"yoast-schema-graph\">{\"@context\":\"https:\\\/\\\/schema.org\",\"@graph\":[{\"@type\":\"Article\",\"@id\":\"https:\\\/\\\/www.organisator.ch\\\/management\\\/2025-09-29\\\/seine-roboter-liefern-pakete-und-essen-aus-marko-bjelonic-ceo-rivr-ai-im-podcast\\\/#article\",\"isPartOf\":{\"@id\":\"https:\\\/\\\/www.organisator.ch\\\/management\\\/2025-09-29\\\/seine-roboter-liefern-pakete-und-essen-aus-marko-bjelonic-ceo-rivr-ai-im-podcast\\\/\"},\"author\":{\"name\":\"galledia\",\"@id\":\"https:\\\/\\\/www.organisator.ch\\\/#\\\/schema\\\/person\\\/4e51799071cd2dd1232ac003643ef5f0\"},\"headline\":\"Seine Roboter liefern Pakete und Essen aus: Marko Bjelonic, CEO Rivr.ai, im Podcast\",\"datePublished\":\"2025-09-29T09:50:53+00:00\",\"mainEntityOfPage\":{\"@id\":\"https:\\\/\\\/www.organisator.ch\\\/management\\\/2025-09-29\\\/seine-roboter-liefern-pakete-und-essen-aus-marko-bjelonic-ceo-rivr-ai-im-podcast\\\/\"},\"wordCount\":342,\"publisher\":{\"@id\":\"https:\\\/\\\/www.organisator.ch\\\/#organization\"},\"image\":{\"@id\":\"https:\\\/\\\/www.organisator.ch\\\/management\\\/2025-09-29\\\/seine-roboter-liefern-pakete-und-essen-aus-marko-bjelonic-ceo-rivr-ai-im-podcast\\\/#primaryimage\"},\"thumbnailUrl\":\"https:\\\/\\\/www.markt-kom.com\\\/wp-content\\\/uploads\\\/2025\\\/09\\\/DZz56GShKB9B8whVMN6AE2-scaled.jpg\",\"keywords\":[\"Business\",\"Digital\",\"Jeff Bezos\",\"Just Eat\",\"Logistik\",\"Podcast\",\"Rivr.ai\",\"Stiftung Text Akademie\"],\"articleSection\":[\"MANAGEMENT\"],\"inLanguage\":\"fr-FR\"},{\"@type\":\"WebPage\",\"@id\":\"https:\\\/\\\/www.organisator.ch\\\/management\\\/2025-09-29\\\/seine-roboter-liefern-pakete-und-essen-aus-marko-bjelonic-ceo-rivr-ai-im-podcast\\\/\",\"url\":\"https:\\\/\\\/www.organisator.ch\\\/management\\\/2025-09-29\\\/seine-roboter-liefern-pakete-und-essen-aus-marko-bjelonic-ceo-rivr-ai-im-podcast\\\/\",\"name\":\"Seine Roboter liefern Pakete und Essen aus: Marko Bjelonic, CEO Rivr.ai, im Podcast - Organisator\",\"isPartOf\":{\"@id\":\"https:\\\/\\\/www.organisator.ch\\\/#website\"},\"primaryImageOfPage\":{\"@id\":\"https:\\\/\\\/www.organisator.ch\\\/management\\\/2025-09-29\\\/seine-roboter-liefern-pakete-und-essen-aus-marko-bjelonic-ceo-rivr-ai-im-podcast\\\/#primaryimage\"},\"image\":{\"@id\":\"https:\\\/\\\/www.organisator.ch\\\/management\\\/2025-09-29\\\/seine-roboter-liefern-pakete-und-essen-aus-marko-bjelonic-ceo-rivr-ai-im-podcast\\\/#primaryimage\"},\"thumbnailUrl\":\"https:\\\/\\\/www.markt-kom.com\\\/wp-content\\\/uploads\\\/2025\\\/09\\\/DZz56GShKB9B8whVMN6AE2-scaled.jpg\",\"datePublished\":\"2025-09-29T09:50:53+00:00\",\"description\":\"Ein roboter\u00e4hnlicher Hund liefert Essen und Pakete in Z\u00fcrich. Marko Bjelonic sagt, wie er mit Rivr.ai die Logistik revolutioniert.\",\"breadcrumb\":{\"@id\":\"https:\\\/\\\/www.organisator.ch\\\/management\\\/2025-09-29\\\/seine-roboter-liefern-pakete-und-essen-aus-marko-bjelonic-ceo-rivr-ai-im-podcast\\\/#breadcrumb\"},\"inLanguage\":\"fr-FR\",\"potentialAction\":[{\"@type\":\"ReadAction\",\"target\":[\"https:\\\/\\\/www.organisator.ch\\\/management\\\/2025-09-29\\\/seine-roboter-liefern-pakete-und-essen-aus-marko-bjelonic-ceo-rivr-ai-im-podcast\\\/\"]}]},{\"@type\":\"ImageObject\",\"inLanguage\":\"fr-FR\",\"@id\":\"https:\\\/\\\/www.organisator.ch\\\/management\\\/2025-09-29\\\/seine-roboter-liefern-pakete-und-essen-aus-marko-bjelonic-ceo-rivr-ai-im-podcast\\\/#primaryimage\",\"url\":\"https:\\\/\\\/www.markt-kom.com\\\/wp-content\\\/uploads\\\/2025\\\/09\\\/DZz56GShKB9B8whVMN6AE2-scaled.jpg\",\"contentUrl\":\"https:\\\/\\\/www.markt-kom.com\\\/wp-content\\\/uploads\\\/2025\\\/09\\\/DZz56GShKB9B8whVMN6AE2-scaled.jpg\"},{\"@type\":\"BreadcrumbList\",\"@id\":\"https:\\\/\\\/www.organisator.ch\\\/management\\\/2025-09-29\\\/seine-roboter-liefern-pakete-und-essen-aus-marko-bjelonic-ceo-rivr-ai-im-podcast\\\/#breadcrumb\",\"itemListElement\":[{\"@type\":\"ListItem\",\"position\":1,\"name\":\"Home\",\"item\":\"https:\\\/\\\/www.organisator.ch\\\/\"},{\"@type\":\"ListItem\",\"position\":2,\"name\":\"Seine Roboter liefern Pakete und Essen aus: Marko Bjelonic, CEO Rivr.ai, im Podcast\"}]},{\"@type\":\"WebSite\",\"@id\":\"https:\\\/\\\/www.organisator.ch\\\/#website\",\"url\":\"https:\\\/\\\/www.organisator.ch\\\/\",\"name\":\"Organisator\",\"description\":\"Kompetent. Praxisnah. Der ORGANISATOR bereitet in 10 Ausgaben pro Jahr die wesentlichen Themen f\u00fcr F\u00fchrungskr\u00e4fte von KMU auf.\",\"publisher\":{\"@id\":\"https:\\\/\\\/www.organisator.ch\\\/#organization\"},\"potentialAction\":[{\"@type\":\"SearchAction\",\"target\":{\"@type\":\"EntryPoint\",\"urlTemplate\":\"https:\\\/\\\/www.organisator.ch\\\/?s={search_term_string}\"},\"query-input\":{\"@type\":\"PropertyValueSpecification\",\"valueRequired\":true,\"valueName\":\"search_term_string\"}}],\"inLanguage\":\"fr-FR\"},{\"@type\":\"Organization\",\"@id\":\"https:\\\/\\\/www.organisator.ch\\\/#organization\",\"name\":\"Organisator\",\"url\":\"https:\\\/\\\/www.organisator.ch\\\/\",\"logo\":{\"@type\":\"ImageObject\",\"inLanguage\":\"fr-FR\",\"@id\":\"https:\\\/\\\/www.organisator.ch\\\/#\\\/schema\\\/logo\\\/image\\\/\",\"url\":\"https:\\\/\\\/www.organisator.ch\\\/wp-content\\\/uploads\\\/2022\\\/01\\\/Logo_Organisator_Website.png\",\"contentUrl\":\"https:\\\/\\\/www.organisator.ch\\\/wp-content\\\/uploads\\\/2022\\\/01\\\/Logo_Organisator_Website.png\",\"width\":800,\"height\":77,\"caption\":\"Organisator\"},\"image\":{\"@id\":\"https:\\\/\\\/www.organisator.ch\\\/#\\\/schema\\\/logo\\\/image\\\/\"},\"sameAs\":[\"https:\\\/\\\/www.facebook.com\\\/OrganisatorFachmagazin\",\"https:\\\/\\\/www.linkedin.com\\\/showcase\\\/organisator-das-magazin-fr-kmu\",\"https:\\\/\\\/www.xing.com\\\/news\\\/pages\\\/organisator-ch-695\",\"https:\\\/\\\/www.youtube.com\\\/channel\\\/UCGP2Sq0iWaZwT3BdIAQFYpw\"]},{\"@type\":\"Person\",\"@id\":\"https:\\\/\\\/www.organisator.ch\\\/#\\\/schema\\\/person\\\/4e51799071cd2dd1232ac003643ef5f0\",\"name\":\"galledia\",\"image\":{\"@type\":\"ImageObject\",\"inLanguage\":\"fr-FR\",\"@id\":\"https:\\\/\\\/secure.gravatar.com\\\/avatar\\\/78a7f90c01fc2bfc875782a0d4922b37cde2cf184ce347b91316d23cd7f69a36?s=96&d=mm&r=g\",\"url\":\"https:\\\/\\\/secure.gravatar.com\\\/avatar\\\/78a7f90c01fc2bfc875782a0d4922b37cde2cf184ce347b91316d23cd7f69a36?s=96&d=mm&r=g\",\"contentUrl\":\"https:\\\/\\\/secure.gravatar.com\\\/avatar\\\/78a7f90c01fc2bfc875782a0d4922b37cde2cf184ce347b91316d23cd7f69a36?s=96&d=mm&r=g\",\"caption\":\"galledia\"},\"sameAs\":[\"https:\\\/\\\/x.com\\\/admin\"],\"url\":\"https:\\\/\\\/www.organisator.ch\\\/fr\\\/author\\\/galledia\\\/\"}]}<\/script>\n<!-- \/ Yoast SEO plugin. -->","yoast_head_json":{"title":"Ses robots livrent des colis et de la nourriture : Marko Bjelonic, CEO Rivr.ai, en podcast - Organisateur","description":"Un chien ressemblant \u00e0 un robot livre des repas et des colis \u00e0 Zurich. Marko Bjelonic explique comment il r\u00e9volutionne la logistique avec Rivr.ai.","robots":{"index":"index","follow":"follow","max-snippet":"max-snippet:-1","max-image-preview":"max-image-preview:large","max-video-preview":"max-video-preview:-1"},"canonical":"https:\/\/www.organisator.ch\/fr\/gestion-2\/2025-09-29\/seine-roboter-liefern-pakete-und-essen-aus-marko-bjelonic-ceo-rivr-ai-im-podcast\/","og_locale":"fr_FR","og_type":"article","og_title":"Seine Roboter liefern Pakete und Essen aus: Marko Bjelonic, CEO Rivr.ai, im Podcast - Organisator","og_description":"Ein roboter\u00e4hnlicher Hund liefert Essen und Pakete in Z\u00fcrich. Marko Bjelonic sagt, wie er mit Rivr.ai die Logistik revolutioniert.","og_url":"https:\/\/www.organisator.ch\/fr\/gestion-2\/2025-09-29\/seine-roboter-liefern-pakete-und-essen-aus-marko-bjelonic-ceo-rivr-ai-im-podcast\/","og_site_name":"Organisator","article_publisher":"https:\/\/www.facebook.com\/OrganisatorFachmagazin","article_published_time":"2025-09-29T09:50:53+00:00","author":"galledia","twitter_card":"summary_large_image","twitter_creator":"@admin","schema":{"@context":"https:\/\/schema.org","@graph":[{"@type":"Article","@id":"https:\/\/www.organisator.ch\/management\/2025-09-29\/seine-roboter-liefern-pakete-und-essen-aus-marko-bjelonic-ceo-rivr-ai-im-podcast\/#article","isPartOf":{"@id":"https:\/\/www.organisator.ch\/management\/2025-09-29\/seine-roboter-liefern-pakete-und-essen-aus-marko-bjelonic-ceo-rivr-ai-im-podcast\/"},"author":{"name":"galledia","@id":"https:\/\/www.organisator.ch\/#\/schema\/person\/4e51799071cd2dd1232ac003643ef5f0"},"headline":"Seine Roboter liefern Pakete und Essen aus: Marko Bjelonic, CEO Rivr.ai, im Podcast","datePublished":"2025-09-29T09:50:53+00:00","mainEntityOfPage":{"@id":"https:\/\/www.organisator.ch\/management\/2025-09-29\/seine-roboter-liefern-pakete-und-essen-aus-marko-bjelonic-ceo-rivr-ai-im-podcast\/"},"wordCount":342,"publisher":{"@id":"https:\/\/www.organisator.ch\/#organization"},"image":{"@id":"https:\/\/www.organisator.ch\/management\/2025-09-29\/seine-roboter-liefern-pakete-und-essen-aus-marko-bjelonic-ceo-rivr-ai-im-podcast\/#primaryimage"},"thumbnailUrl":"https:\/\/www.markt-kom.com\/wp-content\/uploads\/2025\/09\/DZz56GShKB9B8whVMN6AE2-scaled.jpg","keywords":["Business","Digital","Jeff Bezos","Just Eat","Logistik","Podcast","Rivr.ai","Stiftung Text Akademie"],"articleSection":["MANAGEMENT"],"inLanguage":"fr-FR"},{"@type":"WebPage","@id":"https:\/\/www.organisator.ch\/management\/2025-09-29\/seine-roboter-liefern-pakete-und-essen-aus-marko-bjelonic-ceo-rivr-ai-im-podcast\/","url":"https:\/\/www.organisator.ch\/management\/2025-09-29\/seine-roboter-liefern-pakete-und-essen-aus-marko-bjelonic-ceo-rivr-ai-im-podcast\/","name":"Ses robots livrent des colis et de la nourriture : Marko Bjelonic, CEO Rivr.ai, en podcast - Organisateur","isPartOf":{"@id":"https:\/\/www.organisator.ch\/#website"},"primaryImageOfPage":{"@id":"https:\/\/www.organisator.ch\/management\/2025-09-29\/seine-roboter-liefern-pakete-und-essen-aus-marko-bjelonic-ceo-rivr-ai-im-podcast\/#primaryimage"},"image":{"@id":"https:\/\/www.organisator.ch\/management\/2025-09-29\/seine-roboter-liefern-pakete-und-essen-aus-marko-bjelonic-ceo-rivr-ai-im-podcast\/#primaryimage"},"thumbnailUrl":"https:\/\/www.markt-kom.com\/wp-content\/uploads\/2025\/09\/DZz56GShKB9B8whVMN6AE2-scaled.jpg","datePublished":"2025-09-29T09:50:53+00:00","description":"Un chien ressemblant \u00e0 un robot livre des repas et des colis \u00e0 Zurich. Marko Bjelonic explique comment il r\u00e9volutionne la logistique avec Rivr.ai.","breadcrumb":{"@id":"https:\/\/www.organisator.ch\/management\/2025-09-29\/seine-roboter-liefern-pakete-und-essen-aus-marko-bjelonic-ceo-rivr-ai-im-podcast\/#breadcrumb"},"inLanguage":"fr-FR","potentialAction":[{"@type":"ReadAction","target":["https:\/\/www.organisator.ch\/management\/2025-09-29\/seine-roboter-liefern-pakete-und-essen-aus-marko-bjelonic-ceo-rivr-ai-im-podcast\/"]}]},{"@type":"ImageObject","inLanguage":"fr-FR","@id":"https:\/\/www.organisator.ch\/management\/2025-09-29\/seine-roboter-liefern-pakete-und-essen-aus-marko-bjelonic-ceo-rivr-ai-im-podcast\/#primaryimage","url":"https:\/\/www.markt-kom.com\/wp-content\/uploads\/2025\/09\/DZz56GShKB9B8whVMN6AE2-scaled.jpg","contentUrl":"https:\/\/www.markt-kom.com\/wp-content\/uploads\/2025\/09\/DZz56GShKB9B8whVMN6AE2-scaled.jpg"},{"@type":"BreadcrumbList","@id":"https:\/\/www.organisator.ch\/management\/2025-09-29\/seine-roboter-liefern-pakete-und-essen-aus-marko-bjelonic-ceo-rivr-ai-im-podcast\/#breadcrumb","itemListElement":[{"@type":"ListItem","position":1,"name":"Home","item":"https:\/\/www.organisator.ch\/"},{"@type":"ListItem","position":2,"name":"Seine Roboter liefern Pakete und Essen aus: Marko Bjelonic, CEO Rivr.ai, im Podcast"}]},{"@type":"WebSite","@id":"https:\/\/www.organisator.ch\/#website","url":"https:\/\/www.organisator.ch\/","name":"Organisateur","description":"Comp\u00e9tence et comp\u00e9tence. Proches de la pratique. L'ORGANISATEUR pr\u00e9pare 10 num\u00e9ros par an sur les th\u00e8mes essentiels pour les dirigeants de PME.","publisher":{"@id":"https:\/\/www.organisator.ch\/#organization"},"potentialAction":[{"@type":"SearchAction","target":{"@type":"EntryPoint","urlTemplate":"https:\/\/www.organisator.ch\/?s={search_term_string}"},"query-input":{"@type":"PropertyValueSpecification","valueRequired":true,"valueName":"search_term_string"}}],"inLanguage":"fr-FR"},{"@type":"Organization","@id":"https:\/\/www.organisator.ch\/#organization","name":"Organisateur","url":"https:\/\/www.organisator.ch\/","logo":{"@type":"ImageObject","inLanguage":"fr-FR","@id":"https:\/\/www.organisator.ch\/#\/schema\/logo\/image\/","url":"https:\/\/www.organisator.ch\/wp-content\/uploads\/2022\/01\/Logo_Organisator_Website.png","contentUrl":"https:\/\/www.organisator.ch\/wp-content\/uploads\/2022\/01\/Logo_Organisator_Website.png","width":800,"height":77,"caption":"Organisator"},"image":{"@id":"https:\/\/www.organisator.ch\/#\/schema\/logo\/image\/"},"sameAs":["https:\/\/www.facebook.com\/OrganisatorFachmagazin","https:\/\/www.linkedin.com\/showcase\/organisator-das-magazin-fr-kmu","https:\/\/www.xing.com\/news\/pages\/organisator-ch-695","https:\/\/www.youtube.com\/channel\/UCGP2Sq0iWaZwT3BdIAQFYpw"]},{"@type":"Person","@id":"https:\/\/www.organisator.ch\/#\/schema\/person\/4e51799071cd2dd1232ac003643ef5f0","name":"galledia","image":{"@type":"ImageObject","inLanguage":"fr-FR","@id":"https:\/\/secure.gravatar.com\/avatar\/78a7f90c01fc2bfc875782a0d4922b37cde2cf184ce347b91316d23cd7f69a36?s=96&d=mm&r=g","url":"https:\/\/secure.gravatar.com\/avatar\/78a7f90c01fc2bfc875782a0d4922b37cde2cf184ce347b91316d23cd7f69a36?s=96&d=mm&r=g","contentUrl":"https:\/\/secure.gravatar.com\/avatar\/78a7f90c01fc2bfc875782a0d4922b37cde2cf184ce347b91316d23cd7f69a36?s=96&d=mm&r=g","caption":"galledia"},"sameAs":["https:\/\/x.com\/admin"],"url":"https:\/\/www.organisator.ch\/fr\/author\/galledia\/"}]}},"_links":{"self":[{"href":"https:\/\/www.organisator.ch\/fr\/wp-json\/wp\/v2\/posts\/40777","targetHints":{"allow":["GET"]}}],"collection":[{"href":"https:\/\/www.organisator.ch\/fr\/wp-json\/wp\/v2\/posts"}],"about":[{"href":"https:\/\/www.organisator.ch\/fr\/wp-json\/wp\/v2\/types\/post"}],"author":[{"embeddable":true,"href":"https:\/\/www.organisator.ch\/fr\/wp-json\/wp\/v2\/users\/8"}],"replies":[{"embeddable":true,"href":"https:\/\/www.organisator.ch\/fr\/wp-json\/wp\/v2\/comments?post=40777"}],"version-history":[{"count":11,"href":"https:\/\/www.organisator.ch\/fr\/wp-json\/wp\/v2\/posts\/40777\/revisions"}],"predecessor-version":[{"id":40797,"href":"https:\/\/www.organisator.ch\/fr\/wp-json\/wp\/v2\/posts\/40777\/revisions\/40797"}],"wp:attachment":[{"href":"https:\/\/www.organisator.ch\/fr\/wp-json\/wp\/v2\/media?parent=40777"}],"wp:term":[{"taxonomy":"category","embeddable":true,"href":"https:\/\/www.organisator.ch\/fr\/wp-json\/wp\/v2\/categories?post=40777"},{"taxonomy":"post_tag","embeddable":true,"href":"https:\/\/www.organisator.ch\/fr\/wp-json\/wp\/v2\/tags?post=40777"}],"curies":[{"name":"wp","href":"https:\/\/api.w.org\/{rel}","templated":true}]}}