{"id":40843,"date":"2025-10-01T15:34:48","date_gmt":"2025-10-01T13:34:48","guid":{"rendered":"https:\/\/www.markt-kom.com\/?p=242134"},"modified":"2025-10-01T16:29:00","modified_gmt":"2025-10-01T14:29:00","slug":"stiftung-schweiz-wird-zu-spheriq","status":"publish","type":"post","link":"https:\/\/www.organisator.ch\/fr\/marketing\/2025-10-01\/stiftung-schweiz-wird-zu-spheriq\/","title":{"rendered":"La Fondation Suisse devient Spheriq"},"content":{"rendered":"<figure id=\"attachment_242143\" class=\"wp-caption alignnone\" style=\"width: 1400px;\" aria-describedby=\"caption-attachment-242143\"><img class=\"size-full wp-image-242143\" src=\"https:\/\/www.markt-kom.com\/wp-content\/uploads\/2025\/10\/speriq-scaled.jpg\" sizes=\"(max-width: 1400px) 100vw, 1400px\" srcset=\"https:\/\/www.markt-kom.com\/wp-content\/uploads\/2025\/10\/speriq-scaled.jpg 1300w, https:\/\/www.markt-kom.com\/wp-content\/uploads\/2025\/10\/speriq-600x350.jpg 600w, https:\/\/www.markt-kom.com\/wp-content\/uploads\/2025\/10\/speriq-1024x597.jpg 1024w, https:\/\/www.markt-kom.com\/wp-content\/uploads\/2025\/10\/speriq-768x448.jpg 768w, https:\/\/www.markt-kom.com\/wp-content\/uploads\/2025\/10\/speriq-1536x896.jpg 1536w, https:\/\/www.markt-kom.com\/wp-content\/uploads\/2025\/10\/speriq-18x12.jpg 18w, https:\/\/www.markt-kom.com\/wp-content\/uploads\/2025\/10\/speriq-300x175.jpg 300w, https:\/\/www.markt-kom.com\/wp-content\/uploads\/2025\/10\/speriq-1000x583.jpg 1000w\" alt=\"\" width=\"1400\" height=\"817\" \/>\r\n<figcaption id=\"caption-attachment-242143\" class=\"wp-caption-text\">Florence Schnydrig Moser, directrice du Private Banking de la Z\u00fcrcher Kantonalbank et pr\u00e9sidente du conseil d'administration de Spheriq, et Stefan Sch\u00f6bi, CEO de Spheriq, se r\u00e9jouissent de la nouvelle pr\u00e9sentation de la plateforme. (Photo : Jasmin Frei)<\/figcaption>\r\n<\/figure>\r\n<p>\"Spheriq est synonyme d'espace num\u00e9rique interconnect\u00e9 et s\u00e9curis\u00e9, dans lequel les bonnes id\u00e9es trouvent les bons partenaires et d\u00e9ploient leurs effets\", r\u00e9sume la pr\u00e9sidente du conseil d'administration Florence Schnydrig Moser. Le nouveau nom r\u00e9unit deux id\u00e9es directrices : Sph\u00e8re pour la diversit\u00e9 des champs d'action sociaux dans lesquels la philanthropie agit, et IQ pour la comp\u00e9tence en mati\u00e8re de donn\u00e9es et de technologie. La soci\u00e9t\u00e9 Philanthropy Services AG, qui g\u00e8re la Fondation Suisse, se pr\u00e9sentera \u00e9galement \u00e0 l'avenir sous le nom de Spheriq AG.<\/p>\r\n<p>Outre l'initiative de num\u00e9risation avec SwissFoundations, les membres de proFonds b\u00e9n\u00e9ficient d\u00e9sormais des avantages de la plateforme dans le cadre d'un partenariat associatif. Spheriq est ainsi encore plus fortement ancr\u00e9e dans l'\u00e9cosyst\u00e8me de l'utilit\u00e9 publique.<\/p>\r\n<h3>La Suisse, hotspot mondial de la philanthropie<\/h3>\r\n<p>La Suisse fait partie du peloton de t\u00eate mondial en mati\u00e8re de densit\u00e9 de fondations et d'engagement dans la soci\u00e9t\u00e9 civile - du secteur associatif aux ONG internationales. Avec 15 fondations pour 10'000 habitants, soit six fois plus qu'aux Etats-Unis, avec plus de 140 milliards de francs de patrimoine des fondations et plus de 20'000 associations d'utilit\u00e9 publique, la Suisse marque de son empreinte la philanthropie internationale.<\/p>\r\n<p>Dans cet environnement, la FondationSuisse s'est \u00e9tablie ces derni\u00e8res ann\u00e9es comme la plus grande plateforme philanthropique. Avec la relance sous le nom de Spheriq, le r\u00f4le d'infrastructure num\u00e9rique pour le secteur d'utilit\u00e9 publique est renforc\u00e9 de mani\u00e8re cibl\u00e9e. Spheriq cr\u00e9e ainsi la base d'une nouvelle qualit\u00e9 de collaboration num\u00e9rique dans le secteur.<\/p>\r\n<h3>Promouvoir et collecter des fonds plus efficacement<\/h3>\r\n<p>\"Simplement plus efficace\" - cette devise r\u00e9sume la mission affin\u00e9e de Spheriq : des outils num\u00e9riques intelligents qui r\u00e9duisent la complexit\u00e9 et augmentent l'impact, que ce soit pour le soutien, la collecte de fonds, le r\u00e9seautage ou les dons. Avec la relance, un niveau suppl\u00e9mentaire de soutien est ajout\u00e9 : le r\u00e9pertoire des acteurs montre d\u00e9sormais, avec les \u00e9valuations \"Fit\" et \"Hope\", \u00e0 quel point les organisations sont compatibles - et \u00e0 quel point un partenariat r\u00e9ussi est r\u00e9aliste.<\/p>\r\n<p>Spheriq s'adresse aussi bien aux organisations de soutien qu'aux associations, aux experts et aux donateurs et permet \u00e0 tous les groupes cibles - au-del\u00e0 de la philanthropie classique des fondations - de se connecter \u00e0 l'\u00e8re num\u00e9rique. Avec des outils pour la communication, la recherche, le traitement des subventions et la gestion des demandes et des tableaux, ainsi qu'avec des insights bas\u00e9s sur les donn\u00e9es, Spheriq offre les instruments et les bases essentiels pour une philanthropie num\u00e9rique efficace.<\/p>\r\n<h3>Un large r\u00e9seau et des partenaires solides<\/h3>\r\n<p>Le d\u00e9veloppement de ces outils se fait en collaboration avec des associations professionnelles et des partenaires scientifiques et dans le cadre de l'initiative de num\u00e9risation commune avec SwissFoundations : D\u00e9sormais, proFonds, l'association fa\u00eeti\u00e8re des fondations d'utilit\u00e9 publique de Suisse, met \u00e9galement \u00e0 disposition son offre de membres sous forme num\u00e9rique via Spheriq. De plus, Spheriq renforce sa pr\u00e9sence en Suisse romande et au Tessin et d\u00e9veloppe sa coop\u00e9ration avec des organisations fa\u00eeti\u00e8res r\u00e9gionales, nationales et internationales.<\/p>","protected":false},"excerpt":{"rendered":"<p>La plateforme FondationSuisse, lanc\u00e9e il y a six ans, se pr\u00e9sente d\u00e9sormais sous le nom de Spheriq et se concentre sur son r\u00f4le d'infrastructure num\u00e9rique pour le secteur de l'utilit\u00e9 publique. D\u00e9sormais, \"Fit\" et \"Hope\" montrent en un coup d'\u0153il quelles sont les organisations \u00e0 but non lucratif et les fondations donatrices qui se correspondent.<\/p>","protected":false},"author":8,"featured_media":0,"comment_status":"closed","ping_status":"closed","sticky":false,"template":"","format":"standard","meta":{"_acf_changed":false,"_yoast_wpseo_focuskw":"Stiftung Schweiz","_yoast_wpseo_metadesc":"Die Plattform StiftungSchweiz tritt neu unter dem Namen Spheriq auf und fokussiert auf die Rolle als digitale Infrastruktur f\u00fcr den gemeinn\u00fctzigen Sektor.","articlekey":"","footnotes":""},"categories":[29],"tags":[4345,4343,5551,2901],"class_list":["post-40843","post","type-post","status-publish","format-standard","hentry","category-marketing","tag-business","tag-markom","tag-spheriq","tag-stiftungschweiz"],"acf":[],"yoast_head":"<!-- This site is optimized with the Yoast SEO plugin v27.5 - https:\/\/yoast.com\/product\/yoast-seo-wordpress\/ -->\n<title>Stiftung Schweiz wird zu Spheriq - Organisator<\/title>\n<meta name=\"description\" content=\"Die Plattform StiftungSchweiz tritt neu unter dem Namen Spheriq auf und fokussiert auf die Rolle als digitale Infrastruktur f\u00fcr den gemeinn\u00fctzigen Sektor.\" \/>\n<meta name=\"robots\" content=\"index, follow, max-snippet:-1, max-image-preview:large, max-video-preview:-1\" \/>\n<link rel=\"canonical\" href=\"https:\/\/www.organisator.ch\/fr\/marketing\/2025-10-01\/stiftung-schweiz-wird-zu-spheriq\/\" \/>\n<meta property=\"og:locale\" content=\"fr_FR\" \/>\n<meta property=\"og:type\" content=\"article\" \/>\n<meta property=\"og:title\" content=\"Stiftung Schweiz wird zu Spheriq - Organisator\" \/>\n<meta property=\"og:description\" content=\"Die Plattform StiftungSchweiz tritt neu unter dem Namen Spheriq auf und fokussiert auf die Rolle als digitale Infrastruktur f\u00fcr den gemeinn\u00fctzigen Sektor.\" \/>\n<meta property=\"og:url\" content=\"https:\/\/www.organisator.ch\/fr\/marketing\/2025-10-01\/stiftung-schweiz-wird-zu-spheriq\/\" \/>\n<meta property=\"og:site_name\" content=\"Organisator\" \/>\n<meta property=\"article:publisher\" content=\"https:\/\/www.facebook.com\/OrganisatorFachmagazin\" \/>\n<meta property=\"article:published_time\" content=\"2025-10-01T13:34:48+00:00\" \/>\n<meta property=\"article:modified_time\" content=\"2025-10-01T14:29:00+00:00\" \/>\n<meta name=\"author\" content=\"galledia\" \/>\n<meta name=\"twitter:card\" content=\"summary_large_image\" \/>\n<meta name=\"twitter:creator\" content=\"@admin\" \/>\n<script type=\"application\/ld+json\" class=\"yoast-schema-graph\">{\"@context\":\"https:\\\/\\\/schema.org\",\"@graph\":[{\"@type\":\"Article\",\"@id\":\"https:\\\/\\\/www.organisator.ch\\\/marketing\\\/2025-10-01\\\/stiftung-schweiz-wird-zu-spheriq\\\/#article\",\"isPartOf\":{\"@id\":\"https:\\\/\\\/www.organisator.ch\\\/marketing\\\/2025-10-01\\\/stiftung-schweiz-wird-zu-spheriq\\\/\"},\"author\":{\"name\":\"galledia\",\"@id\":\"https:\\\/\\\/www.organisator.ch\\\/#\\\/schema\\\/person\\\/4e51799071cd2dd1232ac003643ef5f0\"},\"headline\":\"Stiftung Schweiz wird zu Spheriq\",\"datePublished\":\"2025-10-01T13:34:48+00:00\",\"dateModified\":\"2025-10-01T14:29:00+00:00\",\"mainEntityOfPage\":{\"@id\":\"https:\\\/\\\/www.organisator.ch\\\/marketing\\\/2025-10-01\\\/stiftung-schweiz-wird-zu-spheriq\\\/\"},\"wordCount\":448,\"publisher\":{\"@id\":\"https:\\\/\\\/www.organisator.ch\\\/#organization\"},\"image\":{\"@id\":\"https:\\\/\\\/www.organisator.ch\\\/marketing\\\/2025-10-01\\\/stiftung-schweiz-wird-zu-spheriq\\\/#primaryimage\"},\"thumbnailUrl\":\"https:\\\/\\\/www.markt-kom.com\\\/wp-content\\\/uploads\\\/2025\\\/10\\\/speriq-scaled.jpg\",\"keywords\":[\"Business\",\"MarKom\",\"Spheriq\",\"StiftungSchweiz\"],\"articleSection\":[\"MARKETING\"],\"inLanguage\":\"fr-FR\"},{\"@type\":\"WebPage\",\"@id\":\"https:\\\/\\\/www.organisator.ch\\\/marketing\\\/2025-10-01\\\/stiftung-schweiz-wird-zu-spheriq\\\/\",\"url\":\"https:\\\/\\\/www.organisator.ch\\\/marketing\\\/2025-10-01\\\/stiftung-schweiz-wird-zu-spheriq\\\/\",\"name\":\"Stiftung Schweiz wird zu Spheriq - Organisator\",\"isPartOf\":{\"@id\":\"https:\\\/\\\/www.organisator.ch\\\/#website\"},\"primaryImageOfPage\":{\"@id\":\"https:\\\/\\\/www.organisator.ch\\\/marketing\\\/2025-10-01\\\/stiftung-schweiz-wird-zu-spheriq\\\/#primaryimage\"},\"image\":{\"@id\":\"https:\\\/\\\/www.organisator.ch\\\/marketing\\\/2025-10-01\\\/stiftung-schweiz-wird-zu-spheriq\\\/#primaryimage\"},\"thumbnailUrl\":\"https:\\\/\\\/www.markt-kom.com\\\/wp-content\\\/uploads\\\/2025\\\/10\\\/speriq-scaled.jpg\",\"datePublished\":\"2025-10-01T13:34:48+00:00\",\"dateModified\":\"2025-10-01T14:29:00+00:00\",\"description\":\"Die Plattform StiftungSchweiz tritt neu unter dem Namen Spheriq auf und fokussiert auf die Rolle als digitale Infrastruktur f\u00fcr den gemeinn\u00fctzigen Sektor.\",\"breadcrumb\":{\"@id\":\"https:\\\/\\\/www.organisator.ch\\\/marketing\\\/2025-10-01\\\/stiftung-schweiz-wird-zu-spheriq\\\/#breadcrumb\"},\"inLanguage\":\"fr-FR\",\"potentialAction\":[{\"@type\":\"ReadAction\",\"target\":[\"https:\\\/\\\/www.organisator.ch\\\/marketing\\\/2025-10-01\\\/stiftung-schweiz-wird-zu-spheriq\\\/\"]}]},{\"@type\":\"ImageObject\",\"inLanguage\":\"fr-FR\",\"@id\":\"https:\\\/\\\/www.organisator.ch\\\/marketing\\\/2025-10-01\\\/stiftung-schweiz-wird-zu-spheriq\\\/#primaryimage\",\"url\":\"https:\\\/\\\/www.markt-kom.com\\\/wp-content\\\/uploads\\\/2025\\\/10\\\/speriq-scaled.jpg\",\"contentUrl\":\"https:\\\/\\\/www.markt-kom.com\\\/wp-content\\\/uploads\\\/2025\\\/10\\\/speriq-scaled.jpg\"},{\"@type\":\"BreadcrumbList\",\"@id\":\"https:\\\/\\\/www.organisator.ch\\\/marketing\\\/2025-10-01\\\/stiftung-schweiz-wird-zu-spheriq\\\/#breadcrumb\",\"itemListElement\":[{\"@type\":\"ListItem\",\"position\":1,\"name\":\"Home\",\"item\":\"https:\\\/\\\/www.organisator.ch\\\/\"},{\"@type\":\"ListItem\",\"position\":2,\"name\":\"Stiftung Schweiz wird zu Spheriq\"}]},{\"@type\":\"WebSite\",\"@id\":\"https:\\\/\\\/www.organisator.ch\\\/#website\",\"url\":\"https:\\\/\\\/www.organisator.ch\\\/\",\"name\":\"Organisator\",\"description\":\"Kompetent. Praxisnah. Der ORGANISATOR bereitet in 10 Ausgaben pro Jahr die wesentlichen Themen f\u00fcr F\u00fchrungskr\u00e4fte von KMU auf.\",\"publisher\":{\"@id\":\"https:\\\/\\\/www.organisator.ch\\\/#organization\"},\"potentialAction\":[{\"@type\":\"SearchAction\",\"target\":{\"@type\":\"EntryPoint\",\"urlTemplate\":\"https:\\\/\\\/www.organisator.ch\\\/?s={search_term_string}\"},\"query-input\":{\"@type\":\"PropertyValueSpecification\",\"valueRequired\":true,\"valueName\":\"search_term_string\"}}],\"inLanguage\":\"fr-FR\"},{\"@type\":\"Organization\",\"@id\":\"https:\\\/\\\/www.organisator.ch\\\/#organization\",\"name\":\"Organisator\",\"url\":\"https:\\\/\\\/www.organisator.ch\\\/\",\"logo\":{\"@type\":\"ImageObject\",\"inLanguage\":\"fr-FR\",\"@id\":\"https:\\\/\\\/www.organisator.ch\\\/#\\\/schema\\\/logo\\\/image\\\/\",\"url\":\"https:\\\/\\\/www.organisator.ch\\\/wp-content\\\/uploads\\\/2022\\\/01\\\/Logo_Organisator_Website.png\",\"contentUrl\":\"https:\\\/\\\/www.organisator.ch\\\/wp-content\\\/uploads\\\/2022\\\/01\\\/Logo_Organisator_Website.png\",\"width\":800,\"height\":77,\"caption\":\"Organisator\"},\"image\":{\"@id\":\"https:\\\/\\\/www.organisator.ch\\\/#\\\/schema\\\/logo\\\/image\\\/\"},\"sameAs\":[\"https:\\\/\\\/www.facebook.com\\\/OrganisatorFachmagazin\",\"https:\\\/\\\/www.linkedin.com\\\/showcase\\\/organisator-das-magazin-fr-kmu\",\"https:\\\/\\\/www.xing.com\\\/news\\\/pages\\\/organisator-ch-695\",\"https:\\\/\\\/www.youtube.com\\\/channel\\\/UCGP2Sq0iWaZwT3BdIAQFYpw\"]},{\"@type\":\"Person\",\"@id\":\"https:\\\/\\\/www.organisator.ch\\\/#\\\/schema\\\/person\\\/4e51799071cd2dd1232ac003643ef5f0\",\"name\":\"galledia\",\"image\":{\"@type\":\"ImageObject\",\"inLanguage\":\"fr-FR\",\"@id\":\"https:\\\/\\\/secure.gravatar.com\\\/avatar\\\/78a7f90c01fc2bfc875782a0d4922b37cde2cf184ce347b91316d23cd7f69a36?s=96&d=mm&r=g\",\"url\":\"https:\\\/\\\/secure.gravatar.com\\\/avatar\\\/78a7f90c01fc2bfc875782a0d4922b37cde2cf184ce347b91316d23cd7f69a36?s=96&d=mm&r=g\",\"contentUrl\":\"https:\\\/\\\/secure.gravatar.com\\\/avatar\\\/78a7f90c01fc2bfc875782a0d4922b37cde2cf184ce347b91316d23cd7f69a36?s=96&d=mm&r=g\",\"caption\":\"galledia\"},\"sameAs\":[\"https:\\\/\\\/x.com\\\/admin\"],\"url\":\"https:\\\/\\\/www.organisator.ch\\\/fr\\\/author\\\/galledia\\\/\"}]}<\/script>\n<!-- \/ Yoast SEO plugin. -->","yoast_head_json":{"title":"La Fondation Suisse devient Spheriq - Organisateur","description":"La plateforme FondationSuisse se pr\u00e9sente d\u00e9sormais sous le nom de Spheriq et se concentre sur son r\u00f4le d'infrastructure num\u00e9rique pour le secteur associatif.","robots":{"index":"index","follow":"follow","max-snippet":"max-snippet:-1","max-image-preview":"max-image-preview:large","max-video-preview":"max-video-preview:-1"},"canonical":"https:\/\/www.organisator.ch\/fr\/marketing\/2025-10-01\/stiftung-schweiz-wird-zu-spheriq\/","og_locale":"fr_FR","og_type":"article","og_title":"Stiftung Schweiz wird zu Spheriq - Organisator","og_description":"Die Plattform StiftungSchweiz tritt neu unter dem Namen Spheriq auf und fokussiert auf die Rolle als digitale Infrastruktur f\u00fcr den gemeinn\u00fctzigen Sektor.","og_url":"https:\/\/www.organisator.ch\/fr\/marketing\/2025-10-01\/stiftung-schweiz-wird-zu-spheriq\/","og_site_name":"Organisator","article_publisher":"https:\/\/www.facebook.com\/OrganisatorFachmagazin","article_published_time":"2025-10-01T13:34:48+00:00","article_modified_time":"2025-10-01T14:29:00+00:00","author":"galledia","twitter_card":"summary_large_image","twitter_creator":"@admin","schema":{"@context":"https:\/\/schema.org","@graph":[{"@type":"Article","@id":"https:\/\/www.organisator.ch\/marketing\/2025-10-01\/stiftung-schweiz-wird-zu-spheriq\/#article","isPartOf":{"@id":"https:\/\/www.organisator.ch\/marketing\/2025-10-01\/stiftung-schweiz-wird-zu-spheriq\/"},"author":{"name":"galledia","@id":"https:\/\/www.organisator.ch\/#\/schema\/person\/4e51799071cd2dd1232ac003643ef5f0"},"headline":"Stiftung Schweiz wird zu Spheriq","datePublished":"2025-10-01T13:34:48+00:00","dateModified":"2025-10-01T14:29:00+00:00","mainEntityOfPage":{"@id":"https:\/\/www.organisator.ch\/marketing\/2025-10-01\/stiftung-schweiz-wird-zu-spheriq\/"},"wordCount":448,"publisher":{"@id":"https:\/\/www.organisator.ch\/#organization"},"image":{"@id":"https:\/\/www.organisator.ch\/marketing\/2025-10-01\/stiftung-schweiz-wird-zu-spheriq\/#primaryimage"},"thumbnailUrl":"https:\/\/www.markt-kom.com\/wp-content\/uploads\/2025\/10\/speriq-scaled.jpg","keywords":["Business","MarKom","Spheriq","StiftungSchweiz"],"articleSection":["MARKETING"],"inLanguage":"fr-FR"},{"@type":"WebPage","@id":"https:\/\/www.organisator.ch\/marketing\/2025-10-01\/stiftung-schweiz-wird-zu-spheriq\/","url":"https:\/\/www.organisator.ch\/marketing\/2025-10-01\/stiftung-schweiz-wird-zu-spheriq\/","name":"La Fondation Suisse devient Spheriq - Organisateur","isPartOf":{"@id":"https:\/\/www.organisator.ch\/#website"},"primaryImageOfPage":{"@id":"https:\/\/www.organisator.ch\/marketing\/2025-10-01\/stiftung-schweiz-wird-zu-spheriq\/#primaryimage"},"image":{"@id":"https:\/\/www.organisator.ch\/marketing\/2025-10-01\/stiftung-schweiz-wird-zu-spheriq\/#primaryimage"},"thumbnailUrl":"https:\/\/www.markt-kom.com\/wp-content\/uploads\/2025\/10\/speriq-scaled.jpg","datePublished":"2025-10-01T13:34:48+00:00","dateModified":"2025-10-01T14:29:00+00:00","description":"La plateforme FondationSuisse se pr\u00e9sente d\u00e9sormais sous le nom de Spheriq et se concentre sur son r\u00f4le d'infrastructure num\u00e9rique pour le secteur associatif.","breadcrumb":{"@id":"https:\/\/www.organisator.ch\/marketing\/2025-10-01\/stiftung-schweiz-wird-zu-spheriq\/#breadcrumb"},"inLanguage":"fr-FR","potentialAction":[{"@type":"ReadAction","target":["https:\/\/www.organisator.ch\/marketing\/2025-10-01\/stiftung-schweiz-wird-zu-spheriq\/"]}]},{"@type":"ImageObject","inLanguage":"fr-FR","@id":"https:\/\/www.organisator.ch\/marketing\/2025-10-01\/stiftung-schweiz-wird-zu-spheriq\/#primaryimage","url":"https:\/\/www.markt-kom.com\/wp-content\/uploads\/2025\/10\/speriq-scaled.jpg","contentUrl":"https:\/\/www.markt-kom.com\/wp-content\/uploads\/2025\/10\/speriq-scaled.jpg"},{"@type":"BreadcrumbList","@id":"https:\/\/www.organisator.ch\/marketing\/2025-10-01\/stiftung-schweiz-wird-zu-spheriq\/#breadcrumb","itemListElement":[{"@type":"ListItem","position":1,"name":"Home","item":"https:\/\/www.organisator.ch\/"},{"@type":"ListItem","position":2,"name":"Stiftung Schweiz wird zu Spheriq"}]},{"@type":"WebSite","@id":"https:\/\/www.organisator.ch\/#website","url":"https:\/\/www.organisator.ch\/","name":"Organisateur","description":"Comp\u00e9tence et comp\u00e9tence. Proches de la pratique. L'ORGANISATEUR pr\u00e9pare 10 num\u00e9ros par an sur les th\u00e8mes essentiels pour les dirigeants de PME.","publisher":{"@id":"https:\/\/www.organisator.ch\/#organization"},"potentialAction":[{"@type":"SearchAction","target":{"@type":"EntryPoint","urlTemplate":"https:\/\/www.organisator.ch\/?s={search_term_string}"},"query-input":{"@type":"PropertyValueSpecification","valueRequired":true,"valueName":"search_term_string"}}],"inLanguage":"fr-FR"},{"@type":"Organization","@id":"https:\/\/www.organisator.ch\/#organization","name":"Organisateur","url":"https:\/\/www.organisator.ch\/","logo":{"@type":"ImageObject","inLanguage":"fr-FR","@id":"https:\/\/www.organisator.ch\/#\/schema\/logo\/image\/","url":"https:\/\/www.organisator.ch\/wp-content\/uploads\/2022\/01\/Logo_Organisator_Website.png","contentUrl":"https:\/\/www.organisator.ch\/wp-content\/uploads\/2022\/01\/Logo_Organisator_Website.png","width":800,"height":77,"caption":"Organisator"},"image":{"@id":"https:\/\/www.organisator.ch\/#\/schema\/logo\/image\/"},"sameAs":["https:\/\/www.facebook.com\/OrganisatorFachmagazin","https:\/\/www.linkedin.com\/showcase\/organisator-das-magazin-fr-kmu","https:\/\/www.xing.com\/news\/pages\/organisator-ch-695","https:\/\/www.youtube.com\/channel\/UCGP2Sq0iWaZwT3BdIAQFYpw"]},{"@type":"Person","@id":"https:\/\/www.organisator.ch\/#\/schema\/person\/4e51799071cd2dd1232ac003643ef5f0","name":"galledia","image":{"@type":"ImageObject","inLanguage":"fr-FR","@id":"https:\/\/secure.gravatar.com\/avatar\/78a7f90c01fc2bfc875782a0d4922b37cde2cf184ce347b91316d23cd7f69a36?s=96&d=mm&r=g","url":"https:\/\/secure.gravatar.com\/avatar\/78a7f90c01fc2bfc875782a0d4922b37cde2cf184ce347b91316d23cd7f69a36?s=96&d=mm&r=g","contentUrl":"https:\/\/secure.gravatar.com\/avatar\/78a7f90c01fc2bfc875782a0d4922b37cde2cf184ce347b91316d23cd7f69a36?s=96&d=mm&r=g","caption":"galledia"},"sameAs":["https:\/\/x.com\/admin"],"url":"https:\/\/www.organisator.ch\/fr\/author\/galledia\/"}]}},"_links":{"self":[{"href":"https:\/\/www.organisator.ch\/fr\/wp-json\/wp\/v2\/posts\/40843","targetHints":{"allow":["GET"]}}],"collection":[{"href":"https:\/\/www.organisator.ch\/fr\/wp-json\/wp\/v2\/posts"}],"about":[{"href":"https:\/\/www.organisator.ch\/fr\/wp-json\/wp\/v2\/types\/post"}],"author":[{"embeddable":true,"href":"https:\/\/www.organisator.ch\/fr\/wp-json\/wp\/v2\/users\/8"}],"replies":[{"embeddable":true,"href":"https:\/\/www.organisator.ch\/fr\/wp-json\/wp\/v2\/comments?post=40843"}],"version-history":[{"count":2,"href":"https:\/\/www.organisator.ch\/fr\/wp-json\/wp\/v2\/posts\/40843\/revisions"}],"predecessor-version":[{"id":40850,"href":"https:\/\/www.organisator.ch\/fr\/wp-json\/wp\/v2\/posts\/40843\/revisions\/40850"}],"wp:attachment":[{"href":"https:\/\/www.organisator.ch\/fr\/wp-json\/wp\/v2\/media?parent=40843"}],"wp:term":[{"taxonomy":"category","embeddable":true,"href":"https:\/\/www.organisator.ch\/fr\/wp-json\/wp\/v2\/categories?post=40843"},{"taxonomy":"post_tag","embeddable":true,"href":"https:\/\/www.organisator.ch\/fr\/wp-json\/wp\/v2\/tags?post=40843"}],"curies":[{"name":"wp","href":"https:\/\/api.w.org\/{rel}","templated":true}]}}