{"id":40861,"date":"2025-10-02T09:03:49","date_gmt":"2025-10-02T07:03:49","guid":{"rendered":"https:\/\/www.organisator.ch\/?p=40861"},"modified":"2025-10-02T09:03:49","modified_gmt":"2025-10-02T07:03:49","slug":"iway-feiert-30-jahre-mit-rauschender-90er-jahre-party","status":"publish","type":"post","link":"https:\/\/www.organisator.ch\/fr\/management\/2025-10-02\/iway-feiert-30-jahre-mit-rauschender-90er-jahre-party\/","title":{"rendered":"iWay f\u00eate ses 30 ans avec une f\u00eate endiabl\u00e9e des ann\u00e9es 90"},"content":{"rendered":"<figure id=\"attachment_40862\" aria-describedby=\"caption-attachment-40862\" style=\"width: 680px\" class=\"wp-caption alignnone\"><img loading=\"lazy\" decoding=\"async\" class=\"size-full wp-image-40862\" src=\"https:\/\/www.organisator.ch\/wp-content\/uploads\/2025\/10\/iWay-feiert-30-Jahre-mit-rauschender-90er-Jahre-Party_Organisator.jpg\" alt=\"\" width=\"680\" height=\"453\" srcset=\"https:\/\/www.organisator.ch\/wp-content\/uploads\/2025\/10\/iWay-feiert-30-Jahre-mit-rauschender-90er-Jahre-Party_Organisator.jpg 680w, https:\/\/www.organisator.ch\/wp-content\/uploads\/2025\/10\/iWay-feiert-30-Jahre-mit-rauschender-90er-Jahre-Party_Organisator-18x12.jpg 18w, https:\/\/www.organisator.ch\/wp-content\/uploads\/2025\/10\/iWay-feiert-30-Jahre-mit-rauschender-90er-Jahre-Party_Organisator-375x250.jpg 375w, https:\/\/www.organisator.ch\/wp-content\/uploads\/2025\/10\/iWay-feiert-30-Jahre-mit-rauschender-90er-Jahre-Party_Organisator-525x350.jpg 525w\" sizes=\"auto, (max-width: 680px) 100vw, 680px\" \/><figcaption id=\"caption-attachment-40862\" class=\"wp-caption-text\">Le fondateur et CEO d'iWay, Markus Vetterli, montre comment l'histoire d'iWay a commenc\u00e9. (Image : iWay)<\/figcaption><\/figure>\n<p>Dans son discours d'anniversaire plein d'humour, le cofondateur et CEO d'iWay, Markus Vetterli, est revenu sur la naissance et le d\u00e9veloppement d'iWay : des premi\u00e8res missions de conseil pour les grands comptes dans les ann\u00e9es 1990 au portefeuille actuel comprenant Internet, la t\u00e9l\u00e9vision, la t\u00e9l\u00e9phonie, le mobile, les services de cloud et d'h\u00e9bergement. \"30 ans d'iWay, c'est bien plus qu'une histoire \u00e0 succ\u00e8s - c'est le reflet de la num\u00e9risation en Suisse. En tant que pionnier de l'Internet, nous pouvons \u00eatre fiers d'avoir activement contribu\u00e9 \u00e0 la transformation des trois derni\u00e8res d\u00e9cennies\", a d\u00e9clar\u00e9 Vetterli.<\/p>\n<h3>Com\u00e9die, jeux, musique live et f\u00eate<\/h3>\n<p>L'ensemble de la direction et m\u00eame certains invit\u00e9s ont donn\u00e9 \u00e0 la f\u00eate une note humoristique et nostalgique en arborant, pour l'occasion, un look des ann\u00e9es 90. L'\u00e9quipe d'animation compos\u00e9e de Nadia Goedhart et Sandro Galfetti a men\u00e9 la soir\u00e9e avec humour et charme, cr\u00e9ant ainsi une ambiance joyeuse parmi le public gr\u00e2ce \u00e0 sa prestation comique. L'animation musicale appropri\u00e9e a \u00e9t\u00e9 assur\u00e9e par le groupe de reprises The New Hornets, qui a fait revivre la musique des ann\u00e9es 90 avec deux sets live pleins d'\u00e9nergie. Les invit\u00e9s ont \u00e9galement pu se replonger dans le pass\u00e9 dans une zone de jeux suppl\u00e9mentaire avec des flippers, des Pacman XXL et d'autres jeux d'arcade cultes. Plus tard, DJ Petar a transform\u00e9 la f\u00eate d'anniversaire en une nuit de club qui a dur\u00e9 jusque tard dans la nuit.<\/p>\n<h3>Remerciements aux clients, aux partenaires et aux collaborateurs<\/h3>\n<p>En organisant cet \u00e9v\u00e9nement anniversaire, iWay a remerci\u00e9 tous ceux qui ont contribu\u00e9 au d\u00e9veloppement et au succ\u00e8s de l'entreprise. \"Nos clientes et clients de longue date, nos partenaires et toute notre \u00e9quipe sont la base de notre succ\u00e8s - sans eux, 30 ans d'iWay n'auraient pas \u00e9t\u00e9 possibles. Pour nous, cet anniversaire n'est pas seulement une r\u00e9trospective. En effet, nous voulons \u00e9galement fa\u00e7onner ensemble les 30 prochaines ann\u00e9es et relier les gens num\u00e9riquement de mani\u00e8re \u00e9quitable, fiable et simple avec des innovations et des services venus de Suisse. Car nous continuerons \u00e0 l'avenir \u00e0 \u00eatre des techies dans l'\u00e2me\", conclut Vetterli.<\/p>\n<p><em>Source : <a href=\"http:\/\/www.iway.ch\">www.iway.ch<\/a><\/em><\/p>","protected":false},"excerpt":{"rendered":"<p>Le fournisseur d'acc\u00e8s Internet zurichois iWay a f\u00eat\u00e9 ses 30 ans d'existence vendredi soir dernier, le 26 septembre 2025. Pr\u00e8s de 300 invit\u00e9s - parmi lesquels des compagnons de route et des pr\u00e9parateurs de longue date, des partenaires, des clients et des collaborateurs - ont r\u00e9pondu \u00e0 l'invitation dans le lieu \u00e9v\u00e9nementiel \"The Valley\" \u00e0 Kemptthal. Sous la devise \"Mega Byte - Mega Beats - Mega Vibes - Mega Party\", ils ont v\u00e9cu une soir\u00e9e pleine de musique, de com\u00e9die et de jeux qui leur laisseront des souvenirs imp\u00e9rissables. <\/p>","protected":false},"author":4,"featured_media":40862,"comment_status":"closed","ping_status":"closed","sticky":false,"template":"","format":"standard","meta":{"_acf_changed":false,"_yoast_wpseo_focuskw":"30 Jahre","_yoast_wpseo_metadesc":"Der Z\u00fcrcher Internetanbieter iWay wird dieses Jahr 30 Jahre alt und hat dies am Freitagabend, 26. September 2025, mit einer Party gefeiert.","articlekey":"","footnotes":""},"categories":[28],"tags":[206,286,492],"class_list":["post-40861","post","type-post","status-publish","format-standard","has-post-thumbnail","hentry","category-management","tag-firmenjubilaeum","tag-it","tag-unternehmen"],"acf":[],"yoast_head":"<!-- This site is optimized with the Yoast SEO plugin v27.5 - https:\/\/yoast.com\/product\/yoast-seo-wordpress\/ -->\n<title>iWay feiert 30 Jahre mit rauschender 90er-Jahre-Party - Organisator<\/title>\n<meta name=\"description\" content=\"Der Z\u00fcrcher Internetanbieter iWay wird dieses Jahr 30 Jahre alt und hat dies am Freitagabend, 26. September 2025, mit einer Party gefeiert.\" \/>\n<meta name=\"robots\" content=\"index, follow, max-snippet:-1, max-image-preview:large, max-video-preview:-1\" \/>\n<link rel=\"canonical\" href=\"https:\/\/www.organisator.ch\/fr\/gestion-2\/2025-10-02\/iway-feiert-30-jahre-mit-rauschender-90er-jahre-party\/\" \/>\n<meta property=\"og:locale\" content=\"fr_FR\" \/>\n<meta property=\"og:type\" content=\"article\" \/>\n<meta property=\"og:title\" content=\"iWay feiert 30 Jahre mit rauschender 90er-Jahre-Party\" \/>\n<meta property=\"og:description\" content=\"Der Z\u00fcrcher Internetanbieter iWay wird dieses Jahr 30 Jahre alt und hat dies am Freitagabend, 26. September 2025, mit einer Party gefeiert.\" \/>\n<meta property=\"og:url\" content=\"https:\/\/www.organisator.ch\/fr\/gestion-2\/2025-10-02\/iway-feiert-30-jahre-mit-rauschender-90er-jahre-party\/\" \/>\n<meta property=\"og:site_name\" content=\"Organisator\" \/>\n<meta property=\"article:publisher\" content=\"https:\/\/www.facebook.com\/OrganisatorFachmagazin\" \/>\n<meta property=\"article:published_time\" content=\"2025-10-02T07:03:49+00:00\" \/>\n<meta property=\"og:image\" content=\"https:\/\/www.organisator.ch\/wp-content\/uploads\/2025\/10\/iWay-feiert-30-Jahre-mit-rauschender-90er-Jahre-Party_Organisator.jpg\" \/>\n\t<meta property=\"og:image:width\" content=\"680\" \/>\n\t<meta property=\"og:image:height\" content=\"453\" \/>\n\t<meta property=\"og:image:type\" content=\"image\/jpeg\" \/>\n<meta name=\"author\" content=\"thomas.berner\" \/>\n<meta name=\"twitter:card\" content=\"summary_large_image\" \/>\n<meta name=\"twitter:title\" content=\"#iWay feiert 30 Jahre mit rauschender #90er-Jahre-Party\" \/>\n<meta name=\"twitter:description\" content=\"Der Z\u00fcrcher Internetanbieter #iWay wird dieses Jahr 30 Jahre alt und hat dies am Freitagabend, 26. September 2025, mit einer #Party gefeiert.\" \/>\n<meta name=\"twitter:image\" content=\"https:\/\/www.organisator.ch\/wp-content\/uploads\/2025\/10\/iWay-feiert-30-Jahre-mit-rauschender-90er-Jahre-Party_Organisator.jpg\" \/>\n<script type=\"application\/ld+json\" class=\"yoast-schema-graph\">{\"@context\":\"https:\\\/\\\/schema.org\",\"@graph\":[{\"@type\":\"Article\",\"@id\":\"https:\\\/\\\/www.organisator.ch\\\/management\\\/2025-10-02\\\/iway-feiert-30-jahre-mit-rauschender-90er-jahre-party\\\/#article\",\"isPartOf\":{\"@id\":\"https:\\\/\\\/www.organisator.ch\\\/management\\\/2025-10-02\\\/iway-feiert-30-jahre-mit-rauschender-90er-jahre-party\\\/\"},\"author\":{\"name\":\"thomas.berner\",\"@id\":\"https:\\\/\\\/www.organisator.ch\\\/#\\\/schema\\\/person\\\/6f650f90b2842cd4c0cc334b4e36f67e\"},\"headline\":\"iWay feiert 30 Jahre mit rauschender 90er-Jahre-Party\",\"datePublished\":\"2025-10-02T07:03:49+00:00\",\"mainEntityOfPage\":{\"@id\":\"https:\\\/\\\/www.organisator.ch\\\/management\\\/2025-10-02\\\/iway-feiert-30-jahre-mit-rauschender-90er-jahre-party\\\/\"},\"wordCount\":339,\"publisher\":{\"@id\":\"https:\\\/\\\/www.organisator.ch\\\/#organization\"},\"image\":{\"@id\":\"https:\\\/\\\/www.organisator.ch\\\/management\\\/2025-10-02\\\/iway-feiert-30-jahre-mit-rauschender-90er-jahre-party\\\/#primaryimage\"},\"thumbnailUrl\":\"https:\\\/\\\/www.organisator.ch\\\/wp-content\\\/uploads\\\/2025\\\/10\\\/iWay-feiert-30-Jahre-mit-rauschender-90er-Jahre-Party_Organisator.jpg\",\"keywords\":[\"Firmenjubil\u00e4um\",\"IT\",\"Unternehmen\"],\"articleSection\":[\"MANAGEMENT\"],\"inLanguage\":\"fr-FR\"},{\"@type\":\"WebPage\",\"@id\":\"https:\\\/\\\/www.organisator.ch\\\/management\\\/2025-10-02\\\/iway-feiert-30-jahre-mit-rauschender-90er-jahre-party\\\/\",\"url\":\"https:\\\/\\\/www.organisator.ch\\\/management\\\/2025-10-02\\\/iway-feiert-30-jahre-mit-rauschender-90er-jahre-party\\\/\",\"name\":\"iWay feiert 30 Jahre mit rauschender 90er-Jahre-Party - Organisator\",\"isPartOf\":{\"@id\":\"https:\\\/\\\/www.organisator.ch\\\/#website\"},\"primaryImageOfPage\":{\"@id\":\"https:\\\/\\\/www.organisator.ch\\\/management\\\/2025-10-02\\\/iway-feiert-30-jahre-mit-rauschender-90er-jahre-party\\\/#primaryimage\"},\"image\":{\"@id\":\"https:\\\/\\\/www.organisator.ch\\\/management\\\/2025-10-02\\\/iway-feiert-30-jahre-mit-rauschender-90er-jahre-party\\\/#primaryimage\"},\"thumbnailUrl\":\"https:\\\/\\\/www.organisator.ch\\\/wp-content\\\/uploads\\\/2025\\\/10\\\/iWay-feiert-30-Jahre-mit-rauschender-90er-Jahre-Party_Organisator.jpg\",\"datePublished\":\"2025-10-02T07:03:49+00:00\",\"description\":\"Der Z\u00fcrcher Internetanbieter iWay wird dieses Jahr 30 Jahre alt und hat dies am Freitagabend, 26. September 2025, mit einer Party gefeiert.\",\"breadcrumb\":{\"@id\":\"https:\\\/\\\/www.organisator.ch\\\/management\\\/2025-10-02\\\/iway-feiert-30-jahre-mit-rauschender-90er-jahre-party\\\/#breadcrumb\"},\"inLanguage\":\"fr-FR\",\"potentialAction\":[{\"@type\":\"ReadAction\",\"target\":[\"https:\\\/\\\/www.organisator.ch\\\/management\\\/2025-10-02\\\/iway-feiert-30-jahre-mit-rauschender-90er-jahre-party\\\/\"]}]},{\"@type\":\"ImageObject\",\"inLanguage\":\"fr-FR\",\"@id\":\"https:\\\/\\\/www.organisator.ch\\\/management\\\/2025-10-02\\\/iway-feiert-30-jahre-mit-rauschender-90er-jahre-party\\\/#primaryimage\",\"url\":\"https:\\\/\\\/www.organisator.ch\\\/wp-content\\\/uploads\\\/2025\\\/10\\\/iWay-feiert-30-Jahre-mit-rauschender-90er-Jahre-Party_Organisator.jpg\",\"contentUrl\":\"https:\\\/\\\/www.organisator.ch\\\/wp-content\\\/uploads\\\/2025\\\/10\\\/iWay-feiert-30-Jahre-mit-rauschender-90er-Jahre-Party_Organisator.jpg\",\"width\":680,\"height\":453,\"caption\":\"iWay-Gr\u00fcnder und CEO Markus Vetterli zeigt, wie die Geschichte von iWay begann. (Bild: iWay)\"},{\"@type\":\"BreadcrumbList\",\"@id\":\"https:\\\/\\\/www.organisator.ch\\\/management\\\/2025-10-02\\\/iway-feiert-30-jahre-mit-rauschender-90er-jahre-party\\\/#breadcrumb\",\"itemListElement\":[{\"@type\":\"ListItem\",\"position\":1,\"name\":\"Home\",\"item\":\"https:\\\/\\\/www.organisator.ch\\\/\"},{\"@type\":\"ListItem\",\"position\":2,\"name\":\"iWay feiert 30 Jahre mit rauschender 90er-Jahre-Party\"}]},{\"@type\":\"WebSite\",\"@id\":\"https:\\\/\\\/www.organisator.ch\\\/#website\",\"url\":\"https:\\\/\\\/www.organisator.ch\\\/\",\"name\":\"Organisator\",\"description\":\"Kompetent. Praxisnah. Der ORGANISATOR bereitet in 10 Ausgaben pro Jahr die wesentlichen Themen f\u00fcr F\u00fchrungskr\u00e4fte von KMU auf.\",\"publisher\":{\"@id\":\"https:\\\/\\\/www.organisator.ch\\\/#organization\"},\"potentialAction\":[{\"@type\":\"SearchAction\",\"target\":{\"@type\":\"EntryPoint\",\"urlTemplate\":\"https:\\\/\\\/www.organisator.ch\\\/?s={search_term_string}\"},\"query-input\":{\"@type\":\"PropertyValueSpecification\",\"valueRequired\":true,\"valueName\":\"search_term_string\"}}],\"inLanguage\":\"fr-FR\"},{\"@type\":\"Organization\",\"@id\":\"https:\\\/\\\/www.organisator.ch\\\/#organization\",\"name\":\"Organisator\",\"url\":\"https:\\\/\\\/www.organisator.ch\\\/\",\"logo\":{\"@type\":\"ImageObject\",\"inLanguage\":\"fr-FR\",\"@id\":\"https:\\\/\\\/www.organisator.ch\\\/#\\\/schema\\\/logo\\\/image\\\/\",\"url\":\"https:\\\/\\\/www.organisator.ch\\\/wp-content\\\/uploads\\\/2022\\\/01\\\/Logo_Organisator_Website.png\",\"contentUrl\":\"https:\\\/\\\/www.organisator.ch\\\/wp-content\\\/uploads\\\/2022\\\/01\\\/Logo_Organisator_Website.png\",\"width\":800,\"height\":77,\"caption\":\"Organisator\"},\"image\":{\"@id\":\"https:\\\/\\\/www.organisator.ch\\\/#\\\/schema\\\/logo\\\/image\\\/\"},\"sameAs\":[\"https:\\\/\\\/www.facebook.com\\\/OrganisatorFachmagazin\",\"https:\\\/\\\/www.linkedin.com\\\/showcase\\\/organisator-das-magazin-fr-kmu\",\"https:\\\/\\\/www.xing.com\\\/news\\\/pages\\\/organisator-ch-695\",\"https:\\\/\\\/www.youtube.com\\\/channel\\\/UCGP2Sq0iWaZwT3BdIAQFYpw\"]},{\"@type\":\"Person\",\"@id\":\"https:\\\/\\\/www.organisator.ch\\\/#\\\/schema\\\/person\\\/6f650f90b2842cd4c0cc334b4e36f67e\",\"name\":\"thomas.berner\",\"image\":{\"@type\":\"ImageObject\",\"inLanguage\":\"fr-FR\",\"@id\":\"https:\\\/\\\/secure.gravatar.com\\\/avatar\\\/ac5001d2a36cb6c6cd3e50789007ffca834b477b74a2144564522e944eabff61?s=96&d=mm&r=g\",\"url\":\"https:\\\/\\\/secure.gravatar.com\\\/avatar\\\/ac5001d2a36cb6c6cd3e50789007ffca834b477b74a2144564522e944eabff61?s=96&d=mm&r=g\",\"contentUrl\":\"https:\\\/\\\/secure.gravatar.com\\\/avatar\\\/ac5001d2a36cb6c6cd3e50789007ffca834b477b74a2144564522e944eabff61?s=96&d=mm&r=g\",\"caption\":\"thomas.berner\"},\"url\":\"https:\\\/\\\/www.organisator.ch\\\/fr\\\/author\\\/thomas-berner\\\/\"}]}<\/script>\n<!-- \/ Yoast SEO plugin. -->","yoast_head_json":{"title":"iWay f\u00eate ses 30 ans avec une f\u00eate endiabl\u00e9e des ann\u00e9es 90 - Organisateur","description":"Le fournisseur d'acc\u00e8s Internet zurichois iWay f\u00eate cette ann\u00e9e ses 30 ans et a organis\u00e9 une f\u00eate le vendredi soir 26 septembre 2025.","robots":{"index":"index","follow":"follow","max-snippet":"max-snippet:-1","max-image-preview":"max-image-preview:large","max-video-preview":"max-video-preview:-1"},"canonical":"https:\/\/www.organisator.ch\/fr\/gestion-2\/2025-10-02\/iway-feiert-30-jahre-mit-rauschender-90er-jahre-party\/","og_locale":"fr_FR","og_type":"article","og_title":"iWay feiert 30 Jahre mit rauschender 90er-Jahre-Party","og_description":"Der Z\u00fcrcher Internetanbieter iWay wird dieses Jahr 30 Jahre alt und hat dies am Freitagabend, 26. September 2025, mit einer Party gefeiert.","og_url":"https:\/\/www.organisator.ch\/fr\/gestion-2\/2025-10-02\/iway-feiert-30-jahre-mit-rauschender-90er-jahre-party\/","og_site_name":"Organisator","article_publisher":"https:\/\/www.facebook.com\/OrganisatorFachmagazin","article_published_time":"2025-10-02T07:03:49+00:00","og_image":[{"width":680,"height":453,"url":"https:\/\/www.organisator.ch\/wp-content\/uploads\/2025\/10\/iWay-feiert-30-Jahre-mit-rauschender-90er-Jahre-Party_Organisator.jpg","type":"image\/jpeg"}],"author":"thomas.berner","twitter_card":"summary_large_image","twitter_title":"#iWay feiert 30 Jahre mit rauschender #90er-Jahre-Party","twitter_description":"Der Z\u00fcrcher Internetanbieter #iWay wird dieses Jahr 30 Jahre alt und hat dies am Freitagabend, 26. September 2025, mit einer #Party gefeiert.","twitter_image":"https:\/\/www.organisator.ch\/wp-content\/uploads\/2025\/10\/iWay-feiert-30-Jahre-mit-rauschender-90er-Jahre-Party_Organisator.jpg","schema":{"@context":"https:\/\/schema.org","@graph":[{"@type":"Article","@id":"https:\/\/www.organisator.ch\/management\/2025-10-02\/iway-feiert-30-jahre-mit-rauschender-90er-jahre-party\/#article","isPartOf":{"@id":"https:\/\/www.organisator.ch\/management\/2025-10-02\/iway-feiert-30-jahre-mit-rauschender-90er-jahre-party\/"},"author":{"name":"thomas.berner","@id":"https:\/\/www.organisator.ch\/#\/schema\/person\/6f650f90b2842cd4c0cc334b4e36f67e"},"headline":"iWay feiert 30 Jahre mit rauschender 90er-Jahre-Party","datePublished":"2025-10-02T07:03:49+00:00","mainEntityOfPage":{"@id":"https:\/\/www.organisator.ch\/management\/2025-10-02\/iway-feiert-30-jahre-mit-rauschender-90er-jahre-party\/"},"wordCount":339,"publisher":{"@id":"https:\/\/www.organisator.ch\/#organization"},"image":{"@id":"https:\/\/www.organisator.ch\/management\/2025-10-02\/iway-feiert-30-jahre-mit-rauschender-90er-jahre-party\/#primaryimage"},"thumbnailUrl":"https:\/\/www.organisator.ch\/wp-content\/uploads\/2025\/10\/iWay-feiert-30-Jahre-mit-rauschender-90er-Jahre-Party_Organisator.jpg","keywords":["Firmenjubil\u00e4um","IT","Unternehmen"],"articleSection":["MANAGEMENT"],"inLanguage":"fr-FR"},{"@type":"WebPage","@id":"https:\/\/www.organisator.ch\/management\/2025-10-02\/iway-feiert-30-jahre-mit-rauschender-90er-jahre-party\/","url":"https:\/\/www.organisator.ch\/management\/2025-10-02\/iway-feiert-30-jahre-mit-rauschender-90er-jahre-party\/","name":"iWay f\u00eate ses 30 ans avec une f\u00eate endiabl\u00e9e des ann\u00e9es 90 - Organisateur","isPartOf":{"@id":"https:\/\/www.organisator.ch\/#website"},"primaryImageOfPage":{"@id":"https:\/\/www.organisator.ch\/management\/2025-10-02\/iway-feiert-30-jahre-mit-rauschender-90er-jahre-party\/#primaryimage"},"image":{"@id":"https:\/\/www.organisator.ch\/management\/2025-10-02\/iway-feiert-30-jahre-mit-rauschender-90er-jahre-party\/#primaryimage"},"thumbnailUrl":"https:\/\/www.organisator.ch\/wp-content\/uploads\/2025\/10\/iWay-feiert-30-Jahre-mit-rauschender-90er-Jahre-Party_Organisator.jpg","datePublished":"2025-10-02T07:03:49+00:00","description":"Le fournisseur d'acc\u00e8s Internet zurichois iWay f\u00eate cette ann\u00e9e ses 30 ans et a organis\u00e9 une f\u00eate le vendredi soir 26 septembre 2025.","breadcrumb":{"@id":"https:\/\/www.organisator.ch\/management\/2025-10-02\/iway-feiert-30-jahre-mit-rauschender-90er-jahre-party\/#breadcrumb"},"inLanguage":"fr-FR","potentialAction":[{"@type":"ReadAction","target":["https:\/\/www.organisator.ch\/management\/2025-10-02\/iway-feiert-30-jahre-mit-rauschender-90er-jahre-party\/"]}]},{"@type":"ImageObject","inLanguage":"fr-FR","@id":"https:\/\/www.organisator.ch\/management\/2025-10-02\/iway-feiert-30-jahre-mit-rauschender-90er-jahre-party\/#primaryimage","url":"https:\/\/www.organisator.ch\/wp-content\/uploads\/2025\/10\/iWay-feiert-30-Jahre-mit-rauschender-90er-Jahre-Party_Organisator.jpg","contentUrl":"https:\/\/www.organisator.ch\/wp-content\/uploads\/2025\/10\/iWay-feiert-30-Jahre-mit-rauschender-90er-Jahre-Party_Organisator.jpg","width":680,"height":453,"caption":"iWay-Gr\u00fcnder und CEO Markus Vetterli zeigt, wie die Geschichte von iWay begann. (Bild: iWay)"},{"@type":"BreadcrumbList","@id":"https:\/\/www.organisator.ch\/management\/2025-10-02\/iway-feiert-30-jahre-mit-rauschender-90er-jahre-party\/#breadcrumb","itemListElement":[{"@type":"ListItem","position":1,"name":"Home","item":"https:\/\/www.organisator.ch\/"},{"@type":"ListItem","position":2,"name":"iWay feiert 30 Jahre mit rauschender 90er-Jahre-Party"}]},{"@type":"WebSite","@id":"https:\/\/www.organisator.ch\/#website","url":"https:\/\/www.organisator.ch\/","name":"Organisateur","description":"Comp\u00e9tence et comp\u00e9tence. Proches de la pratique. L'ORGANISATEUR pr\u00e9pare 10 num\u00e9ros par an sur les th\u00e8mes essentiels pour les dirigeants de PME.","publisher":{"@id":"https:\/\/www.organisator.ch\/#organization"},"potentialAction":[{"@type":"SearchAction","target":{"@type":"EntryPoint","urlTemplate":"https:\/\/www.organisator.ch\/?s={search_term_string}"},"query-input":{"@type":"PropertyValueSpecification","valueRequired":true,"valueName":"search_term_string"}}],"inLanguage":"fr-FR"},{"@type":"Organization","@id":"https:\/\/www.organisator.ch\/#organization","name":"Organisateur","url":"https:\/\/www.organisator.ch\/","logo":{"@type":"ImageObject","inLanguage":"fr-FR","@id":"https:\/\/www.organisator.ch\/#\/schema\/logo\/image\/","url":"https:\/\/www.organisator.ch\/wp-content\/uploads\/2022\/01\/Logo_Organisator_Website.png","contentUrl":"https:\/\/www.organisator.ch\/wp-content\/uploads\/2022\/01\/Logo_Organisator_Website.png","width":800,"height":77,"caption":"Organisator"},"image":{"@id":"https:\/\/www.organisator.ch\/#\/schema\/logo\/image\/"},"sameAs":["https:\/\/www.facebook.com\/OrganisatorFachmagazin","https:\/\/www.linkedin.com\/showcase\/organisator-das-magazin-fr-kmu","https:\/\/www.xing.com\/news\/pages\/organisator-ch-695","https:\/\/www.youtube.com\/channel\/UCGP2Sq0iWaZwT3BdIAQFYpw"]},{"@type":"Person","@id":"https:\/\/www.organisator.ch\/#\/schema\/person\/6f650f90b2842cd4c0cc334b4e36f67e","name":"thomas.berner","image":{"@type":"ImageObject","inLanguage":"fr-FR","@id":"https:\/\/secure.gravatar.com\/avatar\/ac5001d2a36cb6c6cd3e50789007ffca834b477b74a2144564522e944eabff61?s=96&d=mm&r=g","url":"https:\/\/secure.gravatar.com\/avatar\/ac5001d2a36cb6c6cd3e50789007ffca834b477b74a2144564522e944eabff61?s=96&d=mm&r=g","contentUrl":"https:\/\/secure.gravatar.com\/avatar\/ac5001d2a36cb6c6cd3e50789007ffca834b477b74a2144564522e944eabff61?s=96&d=mm&r=g","caption":"thomas.berner"},"url":"https:\/\/www.organisator.ch\/fr\/author\/thomas-berner\/"}]}},"_links":{"self":[{"href":"https:\/\/www.organisator.ch\/fr\/wp-json\/wp\/v2\/posts\/40861","targetHints":{"allow":["GET"]}}],"collection":[{"href":"https:\/\/www.organisator.ch\/fr\/wp-json\/wp\/v2\/posts"}],"about":[{"href":"https:\/\/www.organisator.ch\/fr\/wp-json\/wp\/v2\/types\/post"}],"author":[{"embeddable":true,"href":"https:\/\/www.organisator.ch\/fr\/wp-json\/wp\/v2\/users\/4"}],"replies":[{"embeddable":true,"href":"https:\/\/www.organisator.ch\/fr\/wp-json\/wp\/v2\/comments?post=40861"}],"version-history":[{"count":3,"href":"https:\/\/www.organisator.ch\/fr\/wp-json\/wp\/v2\/posts\/40861\/revisions"}],"predecessor-version":[{"id":40917,"href":"https:\/\/www.organisator.ch\/fr\/wp-json\/wp\/v2\/posts\/40861\/revisions\/40917"}],"wp:featuredmedia":[{"embeddable":true,"href":"https:\/\/www.organisator.ch\/fr\/wp-json\/wp\/v2\/media\/40862"}],"wp:attachment":[{"href":"https:\/\/www.organisator.ch\/fr\/wp-json\/wp\/v2\/media?parent=40861"}],"wp:term":[{"taxonomy":"category","embeddable":true,"href":"https:\/\/www.organisator.ch\/fr\/wp-json\/wp\/v2\/categories?post=40861"},{"taxonomy":"post_tag","embeddable":true,"href":"https:\/\/www.organisator.ch\/fr\/wp-json\/wp\/v2\/tags?post=40861"}],"curies":[{"name":"wp","href":"https:\/\/api.w.org\/{rel}","templated":true}]}}