{"id":40878,"date":"2025-10-03T10:54:59","date_gmt":"2025-10-03T08:54:59","guid":{"rendered":"https:\/\/www.markt-kom.com\/?p=242241"},"modified":"2025-10-02T15:58:41","modified_gmt":"2025-10-02T13:58:41","slug":"umwelt-arena-schweiz-mit-neuer-website-online","status":"publish","type":"post","link":"https:\/\/www.organisator.ch\/fr\/marketing\/2025-10-03\/umwelt-arena-schweiz-mit-neuer-website-online\/","title":{"rendered":"L'environnement Arena Suisse en ligne avec un nouveau site web"},"content":{"rendered":"<p><img class=\"alignnone size-full wp-image-242243\" src=\"https:\/\/www.markt-kom.com\/wp-content\/uploads\/2025\/10\/Bildschirmfoto-2025-10-02-um-10.48.02-1-scaled.png\" sizes=\"(max-width: 1400px) 100vw, 1400px\" srcset=\"https:\/\/www.markt-kom.com\/wp-content\/uploads\/2025\/10\/Bildschirmfoto-2025-10-02-um-10.48.02-1-scaled.png 1300w, https:\/\/www.markt-kom.com\/wp-content\/uploads\/2025\/10\/Bildschirmfoto-2025-10-02-um-10.48.02-1-600x281.png 600w, https:\/\/www.markt-kom.com\/wp-content\/uploads\/2025\/10\/Bildschirmfoto-2025-10-02-um-10.48.02-1-1024x480.png 1024w, https:\/\/www.markt-kom.com\/wp-content\/uploads\/2025\/10\/Bildschirmfoto-2025-10-02-um-10.48.02-1-768x360.png 768w, https:\/\/www.markt-kom.com\/wp-content\/uploads\/2025\/10\/Bildschirmfoto-2025-10-02-um-10.48.02-1-1536x720.png 1536w, https:\/\/www.markt-kom.com\/wp-content\/uploads\/2025\/10\/Bildschirmfoto-2025-10-02-um-10.48.02-1-2048x960.png 2048w, https:\/\/www.markt-kom.com\/wp-content\/uploads\/2025\/10\/Bildschirmfoto-2025-10-02-um-10.48.02-1-18x8.png 18w, https:\/\/www.markt-kom.com\/wp-content\/uploads\/2025\/10\/Bildschirmfoto-2025-10-02-um-10.48.02-1-373x175.png 373w, https:\/\/www.markt-kom.com\/wp-content\/uploads\/2025\/10\/Bildschirmfoto-2025-10-02-um-10.48.02-1-747x350.png 747w, https:\/\/www.markt-kom.com\/wp-content\/uploads\/2025\/10\/Bildschirmfoto-2025-10-02-um-10.48.02-1-1000x469.png 1000w\" alt=\"\" width=\"1400\" height=\"656\" \/><\/p>\r\n<p class=\"x_MsoNormal\">Avec le relancement de <a title=\"http:\/\/www.umweltarena.ch\/\" href=\"http:\/\/www.umweltarena.ch\/\" rel=\"noopener noreferrer\" data-auth=\"NotApplicable\" data-linkindex=\"0\">www.umweltarena.ch<\/a> l'Ar\u00e8ne de l'Environnement souhaite guider ses visiteurs vers des contenus pertinents de mani\u00e8re plus rapide et plus cibl\u00e9e, tout en offrant aux exposants et aux partenaires une plate-forme de communication encore plus attrayante. Le nouveau site web a \u00e9t\u00e9 r\u00e9alis\u00e9 techniquement et visuellement par l'agence ps-media GmbH.<\/p>\r\n<p class=\"x_MsoNormal\">Le nouveau film de l'en-t\u00eate du site web a \u00e9t\u00e9 r\u00e9alis\u00e9 par Halsundbeinbruch Film GmbH, un partenaire de longue date de l'Ar\u00e8ne de l'Environnement. Les responsables du c\u00f4t\u00e9 de la Fondation Suisse pour l'Environnement Arena sont Monika Sigg (direction marketing\/communication) et Rena Schenker (m\u00e9diamaticienne).<\/p>\r\n<p>&nbsp;<\/p>","protected":false},"excerpt":{"rendered":"<p>Le 1er octobre 2025, la Fondation Arena Environnement Suisse a lanc\u00e9 son nouveau site Internet. Le site se pr\u00e9sente dans un design rafra\u00eechi, avec un guidage clair des utilisateurs, une version mobile optimis\u00e9e et une focalisation accrue sur les diff\u00e9rents groupes cibles.<\/p>","protected":false},"author":8,"featured_media":0,"comment_status":"closed","ping_status":"closed","sticky":false,"template":"","format":"standard","meta":{"_acf_changed":false,"_yoast_wpseo_focuskw":"Umwelt Arena","_yoast_wpseo_metadesc":"Die Stiftung Umwelt Arena Schweiz hat am 1. Oktober 2025 ihren neuen Webauftritt lanciert mit st\u00e4rkerem Fokus auf verschiedene Zielgruppen.","articlekey":"","footnotes":""},"categories":[29],"tags":[4343,358,5560,489,492],"class_list":["post-40878","post","type-post","status-publish","format-standard","hentry","category-marketing","tag-markom","tag-nachhaltige-wirtschaft","tag-online-praesenz","tag-umweltschutz","tag-unternehmen"],"acf":[],"yoast_head":"<!-- This site is optimized with the Yoast SEO plugin v27.4 - https:\/\/yoast.com\/product\/yoast-seo-wordpress\/ -->\n<title>Umwelt Arena Schweiz mit neuer Website online - Organisator<\/title>\n<meta name=\"description\" content=\"Die Stiftung Umwelt Arena Schweiz hat am 1. Oktober 2025 ihren neuen Webauftritt lanciert mit st\u00e4rkerem Fokus auf verschiedene Zielgruppen.\" \/>\n<meta name=\"robots\" content=\"index, follow, max-snippet:-1, max-image-preview:large, max-video-preview:-1\" \/>\n<link rel=\"canonical\" href=\"https:\/\/www.organisator.ch\/fr\/marketing\/2025-10-03\/umwelt-arena-schweiz-mit-neuer-website-online\/\" \/>\n<meta property=\"og:locale\" content=\"fr_FR\" \/>\n<meta property=\"og:type\" content=\"article\" \/>\n<meta property=\"og:title\" content=\"Umwelt Arena Schweiz mit neuer Website online - Organisator\" \/>\n<meta property=\"og:description\" content=\"Die Stiftung Umwelt Arena Schweiz hat am 1. Oktober 2025 ihren neuen Webauftritt lanciert mit st\u00e4rkerem Fokus auf verschiedene Zielgruppen.\" \/>\n<meta property=\"og:url\" content=\"https:\/\/www.organisator.ch\/fr\/marketing\/2025-10-03\/umwelt-arena-schweiz-mit-neuer-website-online\/\" \/>\n<meta property=\"og:site_name\" content=\"Organisator\" \/>\n<meta property=\"article:publisher\" content=\"https:\/\/www.facebook.com\/OrganisatorFachmagazin\" \/>\n<meta property=\"article:published_time\" content=\"2025-10-03T08:54:59+00:00\" \/>\n<meta name=\"author\" content=\"galledia\" \/>\n<meta name=\"twitter:card\" content=\"summary_large_image\" \/>\n<meta name=\"twitter:creator\" content=\"@admin\" \/>\n<script type=\"application\/ld+json\" class=\"yoast-schema-graph\">{\"@context\":\"https:\\\/\\\/schema.org\",\"@graph\":[{\"@type\":\"Article\",\"@id\":\"https:\\\/\\\/www.organisator.ch\\\/marketing\\\/2025-10-03\\\/umwelt-arena-schweiz-mit-neuer-website-online\\\/#article\",\"isPartOf\":{\"@id\":\"https:\\\/\\\/www.organisator.ch\\\/marketing\\\/2025-10-03\\\/umwelt-arena-schweiz-mit-neuer-website-online\\\/\"},\"author\":{\"name\":\"galledia\",\"@id\":\"https:\\\/\\\/www.organisator.ch\\\/#\\\/schema\\\/person\\\/4e51799071cd2dd1232ac003643ef5f0\"},\"headline\":\"Umwelt Arena Schweiz mit neuer Website online\",\"datePublished\":\"2025-10-03T08:54:59+00:00\",\"mainEntityOfPage\":{\"@id\":\"https:\\\/\\\/www.organisator.ch\\\/marketing\\\/2025-10-03\\\/umwelt-arena-schweiz-mit-neuer-website-online\\\/\"},\"wordCount\":87,\"publisher\":{\"@id\":\"https:\\\/\\\/www.organisator.ch\\\/#organization\"},\"image\":{\"@id\":\"https:\\\/\\\/www.organisator.ch\\\/marketing\\\/2025-10-03\\\/umwelt-arena-schweiz-mit-neuer-website-online\\\/#primaryimage\"},\"thumbnailUrl\":\"https:\\\/\\\/www.markt-kom.com\\\/wp-content\\\/uploads\\\/2025\\\/10\\\/Bildschirmfoto-2025-10-02-um-10.48.02-1-scaled.png\",\"keywords\":[\"MarKom\",\"Nachhaltige Wirtschaft\",\"Online-Pr\u00e4senz\",\"Umweltschutz\",\"Unternehmen\"],\"articleSection\":[\"MARKETING\"],\"inLanguage\":\"fr-FR\"},{\"@type\":\"WebPage\",\"@id\":\"https:\\\/\\\/www.organisator.ch\\\/marketing\\\/2025-10-03\\\/umwelt-arena-schweiz-mit-neuer-website-online\\\/\",\"url\":\"https:\\\/\\\/www.organisator.ch\\\/marketing\\\/2025-10-03\\\/umwelt-arena-schweiz-mit-neuer-website-online\\\/\",\"name\":\"Umwelt Arena Schweiz mit neuer Website online - Organisator\",\"isPartOf\":{\"@id\":\"https:\\\/\\\/www.organisator.ch\\\/#website\"},\"primaryImageOfPage\":{\"@id\":\"https:\\\/\\\/www.organisator.ch\\\/marketing\\\/2025-10-03\\\/umwelt-arena-schweiz-mit-neuer-website-online\\\/#primaryimage\"},\"image\":{\"@id\":\"https:\\\/\\\/www.organisator.ch\\\/marketing\\\/2025-10-03\\\/umwelt-arena-schweiz-mit-neuer-website-online\\\/#primaryimage\"},\"thumbnailUrl\":\"https:\\\/\\\/www.markt-kom.com\\\/wp-content\\\/uploads\\\/2025\\\/10\\\/Bildschirmfoto-2025-10-02-um-10.48.02-1-scaled.png\",\"datePublished\":\"2025-10-03T08:54:59+00:00\",\"description\":\"Die Stiftung Umwelt Arena Schweiz hat am 1. Oktober 2025 ihren neuen Webauftritt lanciert mit st\u00e4rkerem Fokus auf verschiedene Zielgruppen.\",\"breadcrumb\":{\"@id\":\"https:\\\/\\\/www.organisator.ch\\\/marketing\\\/2025-10-03\\\/umwelt-arena-schweiz-mit-neuer-website-online\\\/#breadcrumb\"},\"inLanguage\":\"fr-FR\",\"potentialAction\":[{\"@type\":\"ReadAction\",\"target\":[\"https:\\\/\\\/www.organisator.ch\\\/marketing\\\/2025-10-03\\\/umwelt-arena-schweiz-mit-neuer-website-online\\\/\"]}]},{\"@type\":\"ImageObject\",\"inLanguage\":\"fr-FR\",\"@id\":\"https:\\\/\\\/www.organisator.ch\\\/marketing\\\/2025-10-03\\\/umwelt-arena-schweiz-mit-neuer-website-online\\\/#primaryimage\",\"url\":\"https:\\\/\\\/www.markt-kom.com\\\/wp-content\\\/uploads\\\/2025\\\/10\\\/Bildschirmfoto-2025-10-02-um-10.48.02-1-scaled.png\",\"contentUrl\":\"https:\\\/\\\/www.markt-kom.com\\\/wp-content\\\/uploads\\\/2025\\\/10\\\/Bildschirmfoto-2025-10-02-um-10.48.02-1-scaled.png\"},{\"@type\":\"BreadcrumbList\",\"@id\":\"https:\\\/\\\/www.organisator.ch\\\/marketing\\\/2025-10-03\\\/umwelt-arena-schweiz-mit-neuer-website-online\\\/#breadcrumb\",\"itemListElement\":[{\"@type\":\"ListItem\",\"position\":1,\"name\":\"Home\",\"item\":\"https:\\\/\\\/www.organisator.ch\\\/\"},{\"@type\":\"ListItem\",\"position\":2,\"name\":\"Umwelt Arena Schweiz mit neuer Website online\"}]},{\"@type\":\"WebSite\",\"@id\":\"https:\\\/\\\/www.organisator.ch\\\/#website\",\"url\":\"https:\\\/\\\/www.organisator.ch\\\/\",\"name\":\"Organisator\",\"description\":\"Kompetent. Praxisnah. Der ORGANISATOR bereitet in 10 Ausgaben pro Jahr die wesentlichen Themen f\u00fcr F\u00fchrungskr\u00e4fte von KMU auf.\",\"publisher\":{\"@id\":\"https:\\\/\\\/www.organisator.ch\\\/#organization\"},\"potentialAction\":[{\"@type\":\"SearchAction\",\"target\":{\"@type\":\"EntryPoint\",\"urlTemplate\":\"https:\\\/\\\/www.organisator.ch\\\/?s={search_term_string}\"},\"query-input\":{\"@type\":\"PropertyValueSpecification\",\"valueRequired\":true,\"valueName\":\"search_term_string\"}}],\"inLanguage\":\"fr-FR\"},{\"@type\":\"Organization\",\"@id\":\"https:\\\/\\\/www.organisator.ch\\\/#organization\",\"name\":\"Organisator\",\"url\":\"https:\\\/\\\/www.organisator.ch\\\/\",\"logo\":{\"@type\":\"ImageObject\",\"inLanguage\":\"fr-FR\",\"@id\":\"https:\\\/\\\/www.organisator.ch\\\/#\\\/schema\\\/logo\\\/image\\\/\",\"url\":\"https:\\\/\\\/www.organisator.ch\\\/wp-content\\\/uploads\\\/2022\\\/01\\\/Logo_Organisator_Website.png\",\"contentUrl\":\"https:\\\/\\\/www.organisator.ch\\\/wp-content\\\/uploads\\\/2022\\\/01\\\/Logo_Organisator_Website.png\",\"width\":800,\"height\":77,\"caption\":\"Organisator\"},\"image\":{\"@id\":\"https:\\\/\\\/www.organisator.ch\\\/#\\\/schema\\\/logo\\\/image\\\/\"},\"sameAs\":[\"https:\\\/\\\/www.facebook.com\\\/OrganisatorFachmagazin\",\"https:\\\/\\\/www.linkedin.com\\\/showcase\\\/organisator-das-magazin-fr-kmu\",\"https:\\\/\\\/www.xing.com\\\/news\\\/pages\\\/organisator-ch-695\",\"https:\\\/\\\/www.youtube.com\\\/channel\\\/UCGP2Sq0iWaZwT3BdIAQFYpw\"]},{\"@type\":\"Person\",\"@id\":\"https:\\\/\\\/www.organisator.ch\\\/#\\\/schema\\\/person\\\/4e51799071cd2dd1232ac003643ef5f0\",\"name\":\"galledia\",\"image\":{\"@type\":\"ImageObject\",\"inLanguage\":\"fr-FR\",\"@id\":\"https:\\\/\\\/secure.gravatar.com\\\/avatar\\\/78a7f90c01fc2bfc875782a0d4922b37cde2cf184ce347b91316d23cd7f69a36?s=96&d=mm&r=g\",\"url\":\"https:\\\/\\\/secure.gravatar.com\\\/avatar\\\/78a7f90c01fc2bfc875782a0d4922b37cde2cf184ce347b91316d23cd7f69a36?s=96&d=mm&r=g\",\"contentUrl\":\"https:\\\/\\\/secure.gravatar.com\\\/avatar\\\/78a7f90c01fc2bfc875782a0d4922b37cde2cf184ce347b91316d23cd7f69a36?s=96&d=mm&r=g\",\"caption\":\"galledia\"},\"sameAs\":[\"https:\\\/\\\/x.com\\\/admin\"],\"url\":\"https:\\\/\\\/www.organisator.ch\\\/fr\\\/author\\\/galledia\\\/\"}]}<\/script>\n<!-- \/ Yoast SEO plugin. -->","yoast_head_json":{"title":"Umwelt Arena Schweiz en ligne avec un nouveau site web - Organisateur","description":"Le 1er octobre 2025, la Fondation Suisse pour l'Environnement a lanc\u00e9 son nouveau site Internet en mettant davantage l'accent sur diff\u00e9rents groupes cibles.","robots":{"index":"index","follow":"follow","max-snippet":"max-snippet:-1","max-image-preview":"max-image-preview:large","max-video-preview":"max-video-preview:-1"},"canonical":"https:\/\/www.organisator.ch\/fr\/marketing\/2025-10-03\/umwelt-arena-schweiz-mit-neuer-website-online\/","og_locale":"fr_FR","og_type":"article","og_title":"Umwelt Arena Schweiz mit neuer Website online - Organisator","og_description":"Die Stiftung Umwelt Arena Schweiz hat am 1. Oktober 2025 ihren neuen Webauftritt lanciert mit st\u00e4rkerem Fokus auf verschiedene Zielgruppen.","og_url":"https:\/\/www.organisator.ch\/fr\/marketing\/2025-10-03\/umwelt-arena-schweiz-mit-neuer-website-online\/","og_site_name":"Organisator","article_publisher":"https:\/\/www.facebook.com\/OrganisatorFachmagazin","article_published_time":"2025-10-03T08:54:59+00:00","author":"galledia","twitter_card":"summary_large_image","twitter_creator":"@admin","schema":{"@context":"https:\/\/schema.org","@graph":[{"@type":"Article","@id":"https:\/\/www.organisator.ch\/marketing\/2025-10-03\/umwelt-arena-schweiz-mit-neuer-website-online\/#article","isPartOf":{"@id":"https:\/\/www.organisator.ch\/marketing\/2025-10-03\/umwelt-arena-schweiz-mit-neuer-website-online\/"},"author":{"name":"galledia","@id":"https:\/\/www.organisator.ch\/#\/schema\/person\/4e51799071cd2dd1232ac003643ef5f0"},"headline":"Umwelt Arena Schweiz mit neuer Website online","datePublished":"2025-10-03T08:54:59+00:00","mainEntityOfPage":{"@id":"https:\/\/www.organisator.ch\/marketing\/2025-10-03\/umwelt-arena-schweiz-mit-neuer-website-online\/"},"wordCount":87,"publisher":{"@id":"https:\/\/www.organisator.ch\/#organization"},"image":{"@id":"https:\/\/www.organisator.ch\/marketing\/2025-10-03\/umwelt-arena-schweiz-mit-neuer-website-online\/#primaryimage"},"thumbnailUrl":"https:\/\/www.markt-kom.com\/wp-content\/uploads\/2025\/10\/Bildschirmfoto-2025-10-02-um-10.48.02-1-scaled.png","keywords":["MarKom","Nachhaltige Wirtschaft","Online-Pr\u00e4senz","Umweltschutz","Unternehmen"],"articleSection":["MARKETING"],"inLanguage":"fr-FR"},{"@type":"WebPage","@id":"https:\/\/www.organisator.ch\/marketing\/2025-10-03\/umwelt-arena-schweiz-mit-neuer-website-online\/","url":"https:\/\/www.organisator.ch\/marketing\/2025-10-03\/umwelt-arena-schweiz-mit-neuer-website-online\/","name":"Umwelt Arena Schweiz en ligne avec un nouveau site web - Organisateur","isPartOf":{"@id":"https:\/\/www.organisator.ch\/#website"},"primaryImageOfPage":{"@id":"https:\/\/www.organisator.ch\/marketing\/2025-10-03\/umwelt-arena-schweiz-mit-neuer-website-online\/#primaryimage"},"image":{"@id":"https:\/\/www.organisator.ch\/marketing\/2025-10-03\/umwelt-arena-schweiz-mit-neuer-website-online\/#primaryimage"},"thumbnailUrl":"https:\/\/www.markt-kom.com\/wp-content\/uploads\/2025\/10\/Bildschirmfoto-2025-10-02-um-10.48.02-1-scaled.png","datePublished":"2025-10-03T08:54:59+00:00","description":"Le 1er octobre 2025, la Fondation Suisse pour l'Environnement a lanc\u00e9 son nouveau site Internet en mettant davantage l'accent sur diff\u00e9rents groupes cibles.","breadcrumb":{"@id":"https:\/\/www.organisator.ch\/marketing\/2025-10-03\/umwelt-arena-schweiz-mit-neuer-website-online\/#breadcrumb"},"inLanguage":"fr-FR","potentialAction":[{"@type":"ReadAction","target":["https:\/\/www.organisator.ch\/marketing\/2025-10-03\/umwelt-arena-schweiz-mit-neuer-website-online\/"]}]},{"@type":"ImageObject","inLanguage":"fr-FR","@id":"https:\/\/www.organisator.ch\/marketing\/2025-10-03\/umwelt-arena-schweiz-mit-neuer-website-online\/#primaryimage","url":"https:\/\/www.markt-kom.com\/wp-content\/uploads\/2025\/10\/Bildschirmfoto-2025-10-02-um-10.48.02-1-scaled.png","contentUrl":"https:\/\/www.markt-kom.com\/wp-content\/uploads\/2025\/10\/Bildschirmfoto-2025-10-02-um-10.48.02-1-scaled.png"},{"@type":"BreadcrumbList","@id":"https:\/\/www.organisator.ch\/marketing\/2025-10-03\/umwelt-arena-schweiz-mit-neuer-website-online\/#breadcrumb","itemListElement":[{"@type":"ListItem","position":1,"name":"Home","item":"https:\/\/www.organisator.ch\/"},{"@type":"ListItem","position":2,"name":"Umwelt Arena Schweiz mit neuer Website online"}]},{"@type":"WebSite","@id":"https:\/\/www.organisator.ch\/#website","url":"https:\/\/www.organisator.ch\/","name":"Organisateur","description":"Comp\u00e9tence et comp\u00e9tence. Proches de la pratique. L'ORGANISATEUR pr\u00e9pare 10 num\u00e9ros par an sur les th\u00e8mes essentiels pour les dirigeants de PME.","publisher":{"@id":"https:\/\/www.organisator.ch\/#organization"},"potentialAction":[{"@type":"SearchAction","target":{"@type":"EntryPoint","urlTemplate":"https:\/\/www.organisator.ch\/?s={search_term_string}"},"query-input":{"@type":"PropertyValueSpecification","valueRequired":true,"valueName":"search_term_string"}}],"inLanguage":"fr-FR"},{"@type":"Organization","@id":"https:\/\/www.organisator.ch\/#organization","name":"Organisateur","url":"https:\/\/www.organisator.ch\/","logo":{"@type":"ImageObject","inLanguage":"fr-FR","@id":"https:\/\/www.organisator.ch\/#\/schema\/logo\/image\/","url":"https:\/\/www.organisator.ch\/wp-content\/uploads\/2022\/01\/Logo_Organisator_Website.png","contentUrl":"https:\/\/www.organisator.ch\/wp-content\/uploads\/2022\/01\/Logo_Organisator_Website.png","width":800,"height":77,"caption":"Organisator"},"image":{"@id":"https:\/\/www.organisator.ch\/#\/schema\/logo\/image\/"},"sameAs":["https:\/\/www.facebook.com\/OrganisatorFachmagazin","https:\/\/www.linkedin.com\/showcase\/organisator-das-magazin-fr-kmu","https:\/\/www.xing.com\/news\/pages\/organisator-ch-695","https:\/\/www.youtube.com\/channel\/UCGP2Sq0iWaZwT3BdIAQFYpw"]},{"@type":"Person","@id":"https:\/\/www.organisator.ch\/#\/schema\/person\/4e51799071cd2dd1232ac003643ef5f0","name":"galledia","image":{"@type":"ImageObject","inLanguage":"fr-FR","@id":"https:\/\/secure.gravatar.com\/avatar\/78a7f90c01fc2bfc875782a0d4922b37cde2cf184ce347b91316d23cd7f69a36?s=96&d=mm&r=g","url":"https:\/\/secure.gravatar.com\/avatar\/78a7f90c01fc2bfc875782a0d4922b37cde2cf184ce347b91316d23cd7f69a36?s=96&d=mm&r=g","contentUrl":"https:\/\/secure.gravatar.com\/avatar\/78a7f90c01fc2bfc875782a0d4922b37cde2cf184ce347b91316d23cd7f69a36?s=96&d=mm&r=g","caption":"galledia"},"sameAs":["https:\/\/x.com\/admin"],"url":"https:\/\/www.organisator.ch\/fr\/author\/galledia\/"}]}},"_links":{"self":[{"href":"https:\/\/www.organisator.ch\/fr\/wp-json\/wp\/v2\/posts\/40878","targetHints":{"allow":["GET"]}}],"collection":[{"href":"https:\/\/www.organisator.ch\/fr\/wp-json\/wp\/v2\/posts"}],"about":[{"href":"https:\/\/www.organisator.ch\/fr\/wp-json\/wp\/v2\/types\/post"}],"author":[{"embeddable":true,"href":"https:\/\/www.organisator.ch\/fr\/wp-json\/wp\/v2\/users\/8"}],"replies":[{"embeddable":true,"href":"https:\/\/www.organisator.ch\/fr\/wp-json\/wp\/v2\/comments?post=40878"}],"version-history":[{"count":2,"href":"https:\/\/www.organisator.ch\/fr\/wp-json\/wp\/v2\/posts\/40878\/revisions"}],"predecessor-version":[{"id":40889,"href":"https:\/\/www.organisator.ch\/fr\/wp-json\/wp\/v2\/posts\/40878\/revisions\/40889"}],"wp:attachment":[{"href":"https:\/\/www.organisator.ch\/fr\/wp-json\/wp\/v2\/media?parent=40878"}],"wp:term":[{"taxonomy":"category","embeddable":true,"href":"https:\/\/www.organisator.ch\/fr\/wp-json\/wp\/v2\/categories?post=40878"},{"taxonomy":"post_tag","embeddable":true,"href":"https:\/\/www.organisator.ch\/fr\/wp-json\/wp\/v2\/tags?post=40878"}],"curies":[{"name":"wp","href":"https:\/\/api.w.org\/{rel}","templated":true}]}}