{"id":40906,"date":"2025-10-03T07:35:17","date_gmt":"2025-10-03T05:35:17","guid":{"rendered":"https:\/\/www.organisator.ch\/?p=40906"},"modified":"2025-10-20T16:18:14","modified_gmt":"2025-10-20T14:18:14","slug":"wachstum-bricht-2026-durch-handelskrieg-deutlich-ein","status":"publish","type":"post","link":"https:\/\/www.organisator.ch\/fr\/management\/2025-10-03\/wachstum-bricht-2026-durch-handelskrieg-deutlich-ein\/","title":{"rendered":"La croissance s'effondre nettement en 2026 \u00e0 cause de la guerre commerciale"},"content":{"rendered":"<figure id=\"attachment_40907\" aria-describedby=\"caption-attachment-40907\" style=\"width: 680px\" class=\"wp-caption alignnone\"><img loading=\"lazy\" decoding=\"async\" class=\"size-full wp-image-40907\" src=\"https:\/\/www.organisator.ch\/wp-content\/uploads\/2025\/10\/Wachstum-bricht-2026-durch-Handelskrieg-deutlich-ein_Organisator.jpg\" alt=\"\" width=\"680\" height=\"453\" srcset=\"https:\/\/www.organisator.ch\/wp-content\/uploads\/2025\/10\/Wachstum-bricht-2026-durch-Handelskrieg-deutlich-ein_Organisator.jpg 680w, https:\/\/www.organisator.ch\/wp-content\/uploads\/2025\/10\/Wachstum-bricht-2026-durch-Handelskrieg-deutlich-ein_Organisator-18x12.jpg 18w, https:\/\/www.organisator.ch\/wp-content\/uploads\/2025\/10\/Wachstum-bricht-2026-durch-Handelskrieg-deutlich-ein_Organisator-375x250.jpg 375w, https:\/\/www.organisator.ch\/wp-content\/uploads\/2025\/10\/Wachstum-bricht-2026-durch-Handelskrieg-deutlich-ein_Organisator-525x350.jpg 525w\" sizes=\"auto, (max-width: 680px) 100vw, 680px\" \/><figcaption id=\"caption-attachment-40907\" class=\"wp-caption-text\">Mauvaises perspectives pour le commerce mondial : en 2026, les droits de douane am\u00e9ricains produiront leur plein effet. (Image : Kurt Cotoaga \/ Unsplash.com)<\/figcaption><\/figure>\n<p>Selon les \"Economic Outlook\" d'Allianz Trade, le commerce mondial de biens et de services devrait ralentir, passant de +2 % en 2025 \u00e0 +0,6 % en 2026, soit une baisse d'environ deux tiers, en raison des effets retard\u00e9s de la guerre commerciale. Ce n'est qu'en 2027 qu'une l\u00e9g\u00e8re reprise se fera sentir, avec une augmentation pr\u00e9vue de 1,8 %. L'\u00e9conomie mondiale continue elle aussi de rouler avec le frein \u00e0 main serr\u00e9 : le produit int\u00e9rieur brut mondial cro\u00eet de 2,7 % en 2025 et de 2,5 % en 2026, ce qui est largement inf\u00e9rieur \u00e0 la moyenne. Parall\u00e8lement, les risques de stagflation persistent avec une inflation toujours \u00e9lev\u00e9e de 3,9 % (2025) et 3,6 % (2026).<\/p>\n<h3><strong>2026 : la quittance des douanes<\/strong><\/h3>\n<p>\"Repousser n'est malheureusement pas une fin en soi\", d\u00e9clare Milo Bogaerts, CEO de l'assureur-cr\u00e9dit Allianz Trade en Allemagne, en Autriche et en Suisse. \"2025 a \u00e9t\u00e9 marqu\u00e9 par des livraisons anticip\u00e9es et des achats am\u00e9ricains en masse, par des d\u00e9placements de flux commerciaux et par des investissements significatifs dans l'intelligence artificielle. Cela a soutenu le commerce mondial. Mais en 2026, la quittance de la guerre commerciale devrait suivre et la croissance du commerce mondial devrait nettement chuter\".<\/p>\n<p>Cette \u00e9volution n'\u00e9pargne pas la plupart des pays industrialis\u00e9s - ils sont confront\u00e9s aux taux de croissance les plus faibles depuis 2008, et l'\u00e9conomie am\u00e9ricaine elle-m\u00eame fait du surplace : le PIB am\u00e9ricain devrait cro\u00eetre de +1,8 % en 2025 et de +1,6 % en 2026, ce qui constitue l'un des taux de croissance les plus faibles depuis le d\u00e9but du si\u00e8cle et est inf\u00e9rieur \u00e0 son potentiel. Pourtant, les entreprises am\u00e9ricaines ne paient la facture des surco\u00fbts douaniers que pour environ un quart des produits import\u00e9s. Pour plus des trois quarts des produits, ce sont les consommateurs am\u00e9ricains ou les exportateurs \u00e9trangers qui doivent payer.<\/p>\n<h3><strong>Amortisseur pour l'\u00e9conomie am\u00e9ricaine : investissements en IA, baisse des taux d'int\u00e9r\u00eat, relance budg\u00e9taire<\/strong><\/h3>\n<p>\"Jusqu'\u00e0 pr\u00e9sent, les incertitudes politiques et les augmentations des droits de douane n'ont pas eu un impact total sur l'\u00e9conomie am\u00e9ricaine. La forte croissance des investissements li\u00e9s \u00e0 l'IA, comme les centres de donn\u00e9es, mais aussi les logiciels et le mat\u00e9riel, ainsi que la consommation relativement robuste ont jou\u00e9 un r\u00f4le d'amortisseur\", explique Ana Boata, responsable de la recherche \u00e9conomique chez Allianz Trade. \"En 2026, les droits de douane devraient progressivement se r\u00e9percuter sur les prix \u00e0 la consommation et peser sur la consommation - att\u00e9nu\u00e9s par la baisse des taux directeurs et la poursuite de la relance budg\u00e9taire du gouvernement am\u00e9ricain pour stimuler l'\u00e9conomie. Dans l'ensemble, nous nous attendons \u00e0 un ralentissement de la croissance, mais pas \u00e0 une chute brutale\".<\/p>\n<p>La zone euro peine \u00e9galement \u00e0 s'en sortir avec un nouveau ralentissement de la croissance de 1,2 % en 2025 \u00e0 +0,9 % l'ann\u00e9e prochaine. Pour la Suisse, Allianz Trade pr\u00e9voit une croissance de +1 % en 2025, revue \u00e0 la baisse en raison des forts droits de douane dont souffrent surtout les exportations de la Suisse. Une croissance de +1,1 % est attendue pour 2026 et de +1,5 % pour 2027. Les attentes en mati\u00e8re d'inflation sont de 0,2 % pour 2025, 0,55 % pour 2026 et 0,7 % pour 2027.<\/p>\n<h3><strong>Les risques baissiers guettent : protectionnisme, d\u00e9-dollarisation, dette publique et g\u00e9opolitique<\/strong><\/h3>\n<p>Alors que le commerce mondial doit dig\u00e9rer le coup bas des droits de douane en 2026, d'autres risques de baisse - non improbables - guettent d\u00e9j\u00e0, \u00e0 commencer par une nouvelle escalade des droits de douane. \"Une nouvelle spirale tarifaire pourrait, dans le pire des cas, plonger le commerce mondial dans une r\u00e9cession\", explique Boata. \"La probabilit\u00e9 que cela se produise est relativement \u00e9lev\u00e9e, \u00e0 45 %\". Pour cela, il faudrait que trois sc\u00e9narios se produisent : l'escalade des droits de douane par le pr\u00e9sident Trump dans le cadre des mesures de la section 232, la suppression des exceptions de produits et la fin de l'actuelle \"paix douani\u00e8re\" avec la Chine. Il y aurait alors un risque de graves r\u00e9percussions n\u00e9gatives sur la croissance mondiale et une forte hausse de l'inflation aux \u00c9tats-Unis. En dehors des \u00c9tats-Unis, la baisse de la demande am\u00e9ricaine entra\u00eenerait une surabondance de l'offre et une augmentation des stocks, notamment en Asie, ce qui exercerait une pression massive sur les prix mondiaux.<\/p>\n<p>D'autres risques baissiers sont li\u00e9s \u00e0 un \u00e9ventuel choc de d\u00e9-dollarisation de la politique mon\u00e9taire am\u00e9ricaine (35 % de probabilit\u00e9), \u00e0 une crise de la dette souveraine (20 % de probabilit\u00e9) qui pourrait restreindre la politique budg\u00e9taire en France, en Italie, au Royaume-Uni et aux \u00c9tats-Unis, ainsi qu'\u00e0 une nouvelle augmentation des tensions g\u00e9opolitiques - notamment en cas de conflit entre l'OTAN et la Russie, d'escalade au Moyen-Orient et de conflit ouvert entre la Chine et Taiwan.<\/p>\n<p><em>Source : <a href=\"http:\/\/www.allianz-trade.ch\">Allianz Trade<\/a><\/em><\/p>","protected":false},"excerpt":{"rendered":"<p>Jusqu'\u00e0 pr\u00e9sent, le commerce mondial s'est mieux comport\u00e9 que pr\u00e9vu malgr\u00e9 la guerre commerciale. Mais en 2026, les cons\u00e9quences devraient se faire sentir plus nettement. C'est ce que montrent les analyses du leader mondial de l'assurance-cr\u00e9dit Allianz Trade dans le dernier \"Economic Outlook\".<\/p>","protected":false},"author":4,"featured_media":40907,"comment_status":"closed","ping_status":"closed","sticky":false,"template":"","format":"standard","meta":{"_acf_changed":false,"_yoast_wpseo_focuskw":"Handelskrieg","_yoast_wpseo_metadesc":"Bisher schlug sich der Welthandel trotz Handelskrieg besser als gedacht. Doch 2026 d\u00fcrften die Folgen nun deutlicher sp\u00fcrbar werden.","articlekey":"","footnotes":""},"categories":[28],"tags":[5467,5561,531],"class_list":["post-40906","post","type-post","status-publish","format-standard","has-post-thumbnail","hentry","category-management","tag-us-zoelle","tag-welthandel","tag-wirtschaftspolitik"],"acf":[],"yoast_head":"<!-- This site is optimized with the Yoast SEO plugin v27.5 - https:\/\/yoast.com\/product\/yoast-seo-wordpress\/ -->\n<title>Wachstum bricht 2026 durch Handelskrieg deutlich ein - Organisator<\/title>\n<meta name=\"description\" content=\"Bisher schlug sich der Welthandel trotz Handelskrieg besser als gedacht. Doch 2026 d\u00fcrften die Folgen nun deutlicher sp\u00fcrbar werden.\" \/>\n<meta name=\"robots\" content=\"index, follow, max-snippet:-1, max-image-preview:large, max-video-preview:-1\" \/>\n<link rel=\"canonical\" href=\"https:\/\/www.organisator.ch\/fr\/gestion-2\/2025-10-03\/wachstum-bricht-2026-durch-handelskrieg-deutlich-ein\/\" \/>\n<meta property=\"og:locale\" content=\"fr_FR\" \/>\n<meta property=\"og:type\" content=\"article\" \/>\n<meta property=\"og:title\" content=\"Wachstum bricht 2026 durch Handelskrieg deutlich ein\" \/>\n<meta property=\"og:description\" content=\"Bisher schlug sich der Welthandel trotz Handelskrieg besser als gedacht. Doch 2026 d\u00fcrften die Folgen nun deutlicher sp\u00fcrbar werden.\" \/>\n<meta property=\"og:url\" content=\"https:\/\/www.organisator.ch\/fr\/gestion-2\/2025-10-03\/wachstum-bricht-2026-durch-handelskrieg-deutlich-ein\/\" \/>\n<meta property=\"og:site_name\" content=\"Organisator\" \/>\n<meta property=\"article:publisher\" content=\"https:\/\/www.facebook.com\/OrganisatorFachmagazin\" \/>\n<meta property=\"article:published_time\" content=\"2025-10-03T05:35:17+00:00\" \/>\n<meta property=\"article:modified_time\" content=\"2025-10-20T14:18:14+00:00\" \/>\n<meta property=\"og:image\" content=\"https:\/\/www.organisator.ch\/wp-content\/uploads\/2025\/10\/Wachstum-bricht-2026-durch-Handelskrieg-deutlich-ein_Organisator.jpg\" \/>\n\t<meta property=\"og:image:width\" content=\"680\" \/>\n\t<meta property=\"og:image:height\" content=\"453\" \/>\n\t<meta property=\"og:image:type\" content=\"image\/jpeg\" \/>\n<meta name=\"author\" content=\"thomas.berner\" \/>\n<meta name=\"twitter:card\" content=\"summary_large_image\" \/>\n<meta name=\"twitter:title\" content=\"#Wachstum bricht 2026 durch #Handelskrieg deutlich ein\" \/>\n<meta name=\"twitter:description\" content=\"Bisher schlug sich der #Welthandel trotz #Handelskrieg besser als gedacht. Doch 2026 d\u00fcrften die Folgen nun deutlicher sp\u00fcrbar werden.\" \/>\n<meta name=\"twitter:image\" content=\"https:\/\/www.organisator.ch\/wp-content\/uploads\/2025\/10\/Wachstum-bricht-2026-durch-Handelskrieg-deutlich-ein_Organisator.jpg\" \/>\n<script type=\"application\/ld+json\" class=\"yoast-schema-graph\">{\"@context\":\"https:\\\/\\\/schema.org\",\"@graph\":[{\"@type\":\"Article\",\"@id\":\"https:\\\/\\\/www.organisator.ch\\\/management\\\/2025-10-03\\\/wachstum-bricht-2026-durch-handelskrieg-deutlich-ein\\\/#article\",\"isPartOf\":{\"@id\":\"https:\\\/\\\/www.organisator.ch\\\/management\\\/2025-10-03\\\/wachstum-bricht-2026-durch-handelskrieg-deutlich-ein\\\/\"},\"author\":{\"name\":\"thomas.berner\",\"@id\":\"https:\\\/\\\/www.organisator.ch\\\/#\\\/schema\\\/person\\\/6f650f90b2842cd4c0cc334b4e36f67e\"},\"headline\":\"Wachstum bricht 2026 durch Handelskrieg deutlich ein\",\"datePublished\":\"2025-10-03T05:35:17+00:00\",\"dateModified\":\"2025-10-20T14:18:14+00:00\",\"mainEntityOfPage\":{\"@id\":\"https:\\\/\\\/www.organisator.ch\\\/management\\\/2025-10-03\\\/wachstum-bricht-2026-durch-handelskrieg-deutlich-ein\\\/\"},\"wordCount\":642,\"publisher\":{\"@id\":\"https:\\\/\\\/www.organisator.ch\\\/#organization\"},\"image\":{\"@id\":\"https:\\\/\\\/www.organisator.ch\\\/management\\\/2025-10-03\\\/wachstum-bricht-2026-durch-handelskrieg-deutlich-ein\\\/#primaryimage\"},\"thumbnailUrl\":\"https:\\\/\\\/www.organisator.ch\\\/wp-content\\\/uploads\\\/2025\\\/10\\\/Wachstum-bricht-2026-durch-Handelskrieg-deutlich-ein_Organisator.jpg\",\"keywords\":[\"US-Z\u00f6lle\",\"Welthandel\",\"Wirtschaftspolitik\"],\"articleSection\":[\"MANAGEMENT\"],\"inLanguage\":\"fr-FR\"},{\"@type\":\"WebPage\",\"@id\":\"https:\\\/\\\/www.organisator.ch\\\/management\\\/2025-10-03\\\/wachstum-bricht-2026-durch-handelskrieg-deutlich-ein\\\/\",\"url\":\"https:\\\/\\\/www.organisator.ch\\\/management\\\/2025-10-03\\\/wachstum-bricht-2026-durch-handelskrieg-deutlich-ein\\\/\",\"name\":\"Wachstum bricht 2026 durch Handelskrieg deutlich ein - Organisator\",\"isPartOf\":{\"@id\":\"https:\\\/\\\/www.organisator.ch\\\/#website\"},\"primaryImageOfPage\":{\"@id\":\"https:\\\/\\\/www.organisator.ch\\\/management\\\/2025-10-03\\\/wachstum-bricht-2026-durch-handelskrieg-deutlich-ein\\\/#primaryimage\"},\"image\":{\"@id\":\"https:\\\/\\\/www.organisator.ch\\\/management\\\/2025-10-03\\\/wachstum-bricht-2026-durch-handelskrieg-deutlich-ein\\\/#primaryimage\"},\"thumbnailUrl\":\"https:\\\/\\\/www.organisator.ch\\\/wp-content\\\/uploads\\\/2025\\\/10\\\/Wachstum-bricht-2026-durch-Handelskrieg-deutlich-ein_Organisator.jpg\",\"datePublished\":\"2025-10-03T05:35:17+00:00\",\"dateModified\":\"2025-10-20T14:18:14+00:00\",\"description\":\"Bisher schlug sich der Welthandel trotz Handelskrieg besser als gedacht. Doch 2026 d\u00fcrften die Folgen nun deutlicher sp\u00fcrbar werden.\",\"breadcrumb\":{\"@id\":\"https:\\\/\\\/www.organisator.ch\\\/management\\\/2025-10-03\\\/wachstum-bricht-2026-durch-handelskrieg-deutlich-ein\\\/#breadcrumb\"},\"inLanguage\":\"fr-FR\",\"potentialAction\":[{\"@type\":\"ReadAction\",\"target\":[\"https:\\\/\\\/www.organisator.ch\\\/management\\\/2025-10-03\\\/wachstum-bricht-2026-durch-handelskrieg-deutlich-ein\\\/\"]}]},{\"@type\":\"ImageObject\",\"inLanguage\":\"fr-FR\",\"@id\":\"https:\\\/\\\/www.organisator.ch\\\/management\\\/2025-10-03\\\/wachstum-bricht-2026-durch-handelskrieg-deutlich-ein\\\/#primaryimage\",\"url\":\"https:\\\/\\\/www.organisator.ch\\\/wp-content\\\/uploads\\\/2025\\\/10\\\/Wachstum-bricht-2026-durch-Handelskrieg-deutlich-ein_Organisator.jpg\",\"contentUrl\":\"https:\\\/\\\/www.organisator.ch\\\/wp-content\\\/uploads\\\/2025\\\/10\\\/Wachstum-bricht-2026-durch-Handelskrieg-deutlich-ein_Organisator.jpg\",\"width\":680,\"height\":453,\"caption\":\"Schlechte Aussichten f\u00fcr den Welthandel: 2026 werden sich die US-Z\u00f6lle mit voller Kraft auswirken. (Bild: Kurt Cotoaga \\\/ Unsplash.com)\"},{\"@type\":\"BreadcrumbList\",\"@id\":\"https:\\\/\\\/www.organisator.ch\\\/management\\\/2025-10-03\\\/wachstum-bricht-2026-durch-handelskrieg-deutlich-ein\\\/#breadcrumb\",\"itemListElement\":[{\"@type\":\"ListItem\",\"position\":1,\"name\":\"Home\",\"item\":\"https:\\\/\\\/www.organisator.ch\\\/\"},{\"@type\":\"ListItem\",\"position\":2,\"name\":\"Wachstum bricht 2026 durch Handelskrieg deutlich ein\"}]},{\"@type\":\"WebSite\",\"@id\":\"https:\\\/\\\/www.organisator.ch\\\/#website\",\"url\":\"https:\\\/\\\/www.organisator.ch\\\/\",\"name\":\"Organisator\",\"description\":\"Kompetent. Praxisnah. Der ORGANISATOR bereitet in 10 Ausgaben pro Jahr die wesentlichen Themen f\u00fcr F\u00fchrungskr\u00e4fte von KMU auf.\",\"publisher\":{\"@id\":\"https:\\\/\\\/www.organisator.ch\\\/#organization\"},\"potentialAction\":[{\"@type\":\"SearchAction\",\"target\":{\"@type\":\"EntryPoint\",\"urlTemplate\":\"https:\\\/\\\/www.organisator.ch\\\/?s={search_term_string}\"},\"query-input\":{\"@type\":\"PropertyValueSpecification\",\"valueRequired\":true,\"valueName\":\"search_term_string\"}}],\"inLanguage\":\"fr-FR\"},{\"@type\":\"Organization\",\"@id\":\"https:\\\/\\\/www.organisator.ch\\\/#organization\",\"name\":\"Organisator\",\"url\":\"https:\\\/\\\/www.organisator.ch\\\/\",\"logo\":{\"@type\":\"ImageObject\",\"inLanguage\":\"fr-FR\",\"@id\":\"https:\\\/\\\/www.organisator.ch\\\/#\\\/schema\\\/logo\\\/image\\\/\",\"url\":\"https:\\\/\\\/www.organisator.ch\\\/wp-content\\\/uploads\\\/2022\\\/01\\\/Logo_Organisator_Website.png\",\"contentUrl\":\"https:\\\/\\\/www.organisator.ch\\\/wp-content\\\/uploads\\\/2022\\\/01\\\/Logo_Organisator_Website.png\",\"width\":800,\"height\":77,\"caption\":\"Organisator\"},\"image\":{\"@id\":\"https:\\\/\\\/www.organisator.ch\\\/#\\\/schema\\\/logo\\\/image\\\/\"},\"sameAs\":[\"https:\\\/\\\/www.facebook.com\\\/OrganisatorFachmagazin\",\"https:\\\/\\\/www.linkedin.com\\\/showcase\\\/organisator-das-magazin-fr-kmu\",\"https:\\\/\\\/www.xing.com\\\/news\\\/pages\\\/organisator-ch-695\",\"https:\\\/\\\/www.youtube.com\\\/channel\\\/UCGP2Sq0iWaZwT3BdIAQFYpw\"]},{\"@type\":\"Person\",\"@id\":\"https:\\\/\\\/www.organisator.ch\\\/#\\\/schema\\\/person\\\/6f650f90b2842cd4c0cc334b4e36f67e\",\"name\":\"thomas.berner\",\"image\":{\"@type\":\"ImageObject\",\"inLanguage\":\"fr-FR\",\"@id\":\"https:\\\/\\\/secure.gravatar.com\\\/avatar\\\/ac5001d2a36cb6c6cd3e50789007ffca834b477b74a2144564522e944eabff61?s=96&d=mm&r=g\",\"url\":\"https:\\\/\\\/secure.gravatar.com\\\/avatar\\\/ac5001d2a36cb6c6cd3e50789007ffca834b477b74a2144564522e944eabff61?s=96&d=mm&r=g\",\"contentUrl\":\"https:\\\/\\\/secure.gravatar.com\\\/avatar\\\/ac5001d2a36cb6c6cd3e50789007ffca834b477b74a2144564522e944eabff61?s=96&d=mm&r=g\",\"caption\":\"thomas.berner\"},\"url\":\"https:\\\/\\\/www.organisator.ch\\\/fr\\\/author\\\/thomas-berner\\\/\"}]}<\/script>\n<!-- \/ Yoast SEO plugin. -->","yoast_head_json":{"title":"La croissance s'effondre nettement en 2026 \u00e0 cause de la guerre commerciale - Organisateur","description":"Jusqu'\u00e0 pr\u00e9sent, le commerce mondial s'est mieux comport\u00e9 que pr\u00e9vu malgr\u00e9 la guerre commerciale. Mais en 2026, les cons\u00e9quences devraient se faire sentir plus nettement.","robots":{"index":"index","follow":"follow","max-snippet":"max-snippet:-1","max-image-preview":"max-image-preview:large","max-video-preview":"max-video-preview:-1"},"canonical":"https:\/\/www.organisator.ch\/fr\/gestion-2\/2025-10-03\/wachstum-bricht-2026-durch-handelskrieg-deutlich-ein\/","og_locale":"fr_FR","og_type":"article","og_title":"Wachstum bricht 2026 durch Handelskrieg deutlich ein","og_description":"Bisher schlug sich der Welthandel trotz Handelskrieg besser als gedacht. Doch 2026 d\u00fcrften die Folgen nun deutlicher sp\u00fcrbar werden.","og_url":"https:\/\/www.organisator.ch\/fr\/gestion-2\/2025-10-03\/wachstum-bricht-2026-durch-handelskrieg-deutlich-ein\/","og_site_name":"Organisator","article_publisher":"https:\/\/www.facebook.com\/OrganisatorFachmagazin","article_published_time":"2025-10-03T05:35:17+00:00","article_modified_time":"2025-10-20T14:18:14+00:00","og_image":[{"width":680,"height":453,"url":"https:\/\/www.organisator.ch\/wp-content\/uploads\/2025\/10\/Wachstum-bricht-2026-durch-Handelskrieg-deutlich-ein_Organisator.jpg","type":"image\/jpeg"}],"author":"thomas.berner","twitter_card":"summary_large_image","twitter_title":"#Wachstum bricht 2026 durch #Handelskrieg deutlich ein","twitter_description":"Bisher schlug sich der #Welthandel trotz #Handelskrieg besser als gedacht. Doch 2026 d\u00fcrften die Folgen nun deutlicher sp\u00fcrbar werden.","twitter_image":"https:\/\/www.organisator.ch\/wp-content\/uploads\/2025\/10\/Wachstum-bricht-2026-durch-Handelskrieg-deutlich-ein_Organisator.jpg","schema":{"@context":"https:\/\/schema.org","@graph":[{"@type":"Article","@id":"https:\/\/www.organisator.ch\/management\/2025-10-03\/wachstum-bricht-2026-durch-handelskrieg-deutlich-ein\/#article","isPartOf":{"@id":"https:\/\/www.organisator.ch\/management\/2025-10-03\/wachstum-bricht-2026-durch-handelskrieg-deutlich-ein\/"},"author":{"name":"thomas.berner","@id":"https:\/\/www.organisator.ch\/#\/schema\/person\/6f650f90b2842cd4c0cc334b4e36f67e"},"headline":"Wachstum bricht 2026 durch Handelskrieg deutlich ein","datePublished":"2025-10-03T05:35:17+00:00","dateModified":"2025-10-20T14:18:14+00:00","mainEntityOfPage":{"@id":"https:\/\/www.organisator.ch\/management\/2025-10-03\/wachstum-bricht-2026-durch-handelskrieg-deutlich-ein\/"},"wordCount":642,"publisher":{"@id":"https:\/\/www.organisator.ch\/#organization"},"image":{"@id":"https:\/\/www.organisator.ch\/management\/2025-10-03\/wachstum-bricht-2026-durch-handelskrieg-deutlich-ein\/#primaryimage"},"thumbnailUrl":"https:\/\/www.organisator.ch\/wp-content\/uploads\/2025\/10\/Wachstum-bricht-2026-durch-Handelskrieg-deutlich-ein_Organisator.jpg","keywords":["US-Z\u00f6lle","Welthandel","Wirtschaftspolitik"],"articleSection":["MANAGEMENT"],"inLanguage":"fr-FR"},{"@type":"WebPage","@id":"https:\/\/www.organisator.ch\/management\/2025-10-03\/wachstum-bricht-2026-durch-handelskrieg-deutlich-ein\/","url":"https:\/\/www.organisator.ch\/management\/2025-10-03\/wachstum-bricht-2026-durch-handelskrieg-deutlich-ein\/","name":"La croissance s'effondre nettement en 2026 \u00e0 cause de la guerre commerciale - Organisateur","isPartOf":{"@id":"https:\/\/www.organisator.ch\/#website"},"primaryImageOfPage":{"@id":"https:\/\/www.organisator.ch\/management\/2025-10-03\/wachstum-bricht-2026-durch-handelskrieg-deutlich-ein\/#primaryimage"},"image":{"@id":"https:\/\/www.organisator.ch\/management\/2025-10-03\/wachstum-bricht-2026-durch-handelskrieg-deutlich-ein\/#primaryimage"},"thumbnailUrl":"https:\/\/www.organisator.ch\/wp-content\/uploads\/2025\/10\/Wachstum-bricht-2026-durch-Handelskrieg-deutlich-ein_Organisator.jpg","datePublished":"2025-10-03T05:35:17+00:00","dateModified":"2025-10-20T14:18:14+00:00","description":"Jusqu'\u00e0 pr\u00e9sent, le commerce mondial s'est mieux comport\u00e9 que pr\u00e9vu malgr\u00e9 la guerre commerciale. Mais en 2026, les cons\u00e9quences devraient se faire sentir plus nettement.","breadcrumb":{"@id":"https:\/\/www.organisator.ch\/management\/2025-10-03\/wachstum-bricht-2026-durch-handelskrieg-deutlich-ein\/#breadcrumb"},"inLanguage":"fr-FR","potentialAction":[{"@type":"ReadAction","target":["https:\/\/www.organisator.ch\/management\/2025-10-03\/wachstum-bricht-2026-durch-handelskrieg-deutlich-ein\/"]}]},{"@type":"ImageObject","inLanguage":"fr-FR","@id":"https:\/\/www.organisator.ch\/management\/2025-10-03\/wachstum-bricht-2026-durch-handelskrieg-deutlich-ein\/#primaryimage","url":"https:\/\/www.organisator.ch\/wp-content\/uploads\/2025\/10\/Wachstum-bricht-2026-durch-Handelskrieg-deutlich-ein_Organisator.jpg","contentUrl":"https:\/\/www.organisator.ch\/wp-content\/uploads\/2025\/10\/Wachstum-bricht-2026-durch-Handelskrieg-deutlich-ein_Organisator.jpg","width":680,"height":453,"caption":"Schlechte Aussichten f\u00fcr den Welthandel: 2026 werden sich die US-Z\u00f6lle mit voller Kraft auswirken. (Bild: Kurt Cotoaga \/ Unsplash.com)"},{"@type":"BreadcrumbList","@id":"https:\/\/www.organisator.ch\/management\/2025-10-03\/wachstum-bricht-2026-durch-handelskrieg-deutlich-ein\/#breadcrumb","itemListElement":[{"@type":"ListItem","position":1,"name":"Home","item":"https:\/\/www.organisator.ch\/"},{"@type":"ListItem","position":2,"name":"Wachstum bricht 2026 durch Handelskrieg deutlich ein"}]},{"@type":"WebSite","@id":"https:\/\/www.organisator.ch\/#website","url":"https:\/\/www.organisator.ch\/","name":"Organisateur","description":"Comp\u00e9tence et comp\u00e9tence. Proches de la pratique. L'ORGANISATEUR pr\u00e9pare 10 num\u00e9ros par an sur les th\u00e8mes essentiels pour les dirigeants de PME.","publisher":{"@id":"https:\/\/www.organisator.ch\/#organization"},"potentialAction":[{"@type":"SearchAction","target":{"@type":"EntryPoint","urlTemplate":"https:\/\/www.organisator.ch\/?s={search_term_string}"},"query-input":{"@type":"PropertyValueSpecification","valueRequired":true,"valueName":"search_term_string"}}],"inLanguage":"fr-FR"},{"@type":"Organization","@id":"https:\/\/www.organisator.ch\/#organization","name":"Organisateur","url":"https:\/\/www.organisator.ch\/","logo":{"@type":"ImageObject","inLanguage":"fr-FR","@id":"https:\/\/www.organisator.ch\/#\/schema\/logo\/image\/","url":"https:\/\/www.organisator.ch\/wp-content\/uploads\/2022\/01\/Logo_Organisator_Website.png","contentUrl":"https:\/\/www.organisator.ch\/wp-content\/uploads\/2022\/01\/Logo_Organisator_Website.png","width":800,"height":77,"caption":"Organisator"},"image":{"@id":"https:\/\/www.organisator.ch\/#\/schema\/logo\/image\/"},"sameAs":["https:\/\/www.facebook.com\/OrganisatorFachmagazin","https:\/\/www.linkedin.com\/showcase\/organisator-das-magazin-fr-kmu","https:\/\/www.xing.com\/news\/pages\/organisator-ch-695","https:\/\/www.youtube.com\/channel\/UCGP2Sq0iWaZwT3BdIAQFYpw"]},{"@type":"Person","@id":"https:\/\/www.organisator.ch\/#\/schema\/person\/6f650f90b2842cd4c0cc334b4e36f67e","name":"thomas.berner","image":{"@type":"ImageObject","inLanguage":"fr-FR","@id":"https:\/\/secure.gravatar.com\/avatar\/ac5001d2a36cb6c6cd3e50789007ffca834b477b74a2144564522e944eabff61?s=96&d=mm&r=g","url":"https:\/\/secure.gravatar.com\/avatar\/ac5001d2a36cb6c6cd3e50789007ffca834b477b74a2144564522e944eabff61?s=96&d=mm&r=g","contentUrl":"https:\/\/secure.gravatar.com\/avatar\/ac5001d2a36cb6c6cd3e50789007ffca834b477b74a2144564522e944eabff61?s=96&d=mm&r=g","caption":"thomas.berner"},"url":"https:\/\/www.organisator.ch\/fr\/author\/thomas-berner\/"}]}},"_links":{"self":[{"href":"https:\/\/www.organisator.ch\/fr\/wp-json\/wp\/v2\/posts\/40906","targetHints":{"allow":["GET"]}}],"collection":[{"href":"https:\/\/www.organisator.ch\/fr\/wp-json\/wp\/v2\/posts"}],"about":[{"href":"https:\/\/www.organisator.ch\/fr\/wp-json\/wp\/v2\/types\/post"}],"author":[{"embeddable":true,"href":"https:\/\/www.organisator.ch\/fr\/wp-json\/wp\/v2\/users\/4"}],"replies":[{"embeddable":true,"href":"https:\/\/www.organisator.ch\/fr\/wp-json\/wp\/v2\/comments?post=40906"}],"version-history":[{"count":4,"href":"https:\/\/www.organisator.ch\/fr\/wp-json\/wp\/v2\/posts\/40906\/revisions"}],"predecessor-version":[{"id":40960,"href":"https:\/\/www.organisator.ch\/fr\/wp-json\/wp\/v2\/posts\/40906\/revisions\/40960"}],"wp:featuredmedia":[{"embeddable":true,"href":"https:\/\/www.organisator.ch\/fr\/wp-json\/wp\/v2\/media\/40907"}],"wp:attachment":[{"href":"https:\/\/www.organisator.ch\/fr\/wp-json\/wp\/v2\/media?parent=40906"}],"wp:term":[{"taxonomy":"category","embeddable":true,"href":"https:\/\/www.organisator.ch\/fr\/wp-json\/wp\/v2\/categories?post=40906"},{"taxonomy":"post_tag","embeddable":true,"href":"https:\/\/www.organisator.ch\/fr\/wp-json\/wp\/v2\/tags?post=40906"}],"curies":[{"name":"wp","href":"https:\/\/api.w.org\/{rel}","templated":true}]}}