{"id":40918,"date":"2025-10-13T10:16:44","date_gmt":"2025-10-13T08:16:44","guid":{"rendered":"https:\/\/www.organisator.ch\/?p=40918"},"modified":"2025-10-03T10:45:13","modified_gmt":"2025-10-03T08:45:13","slug":"bundesrat-martin-pfister-am-rheintaler-wirtschaftsforum","status":"publish","type":"post","link":"https:\/\/www.organisator.ch\/fr\/management\/2025-10-13\/bundesrat-martin-pfister-am-rheintaler-wirtschaftsforum\/","title":{"rendered":"Le conseiller f\u00e9d\u00e9ral Martin Pfister au Forum \u00e9conomique de la vall\u00e9e du Rhin"},"content":{"rendered":"<figure id=\"attachment_40919\" aria-describedby=\"caption-attachment-40919\" style=\"width: 680px\" class=\"wp-caption alignnone\"><img loading=\"lazy\" decoding=\"async\" class=\"size-full wp-image-40919\" src=\"https:\/\/www.organisator.ch\/wp-content\/uploads\/2025\/10\/Bundesrat-Martin-Pfister-am-Rheintaler-Wirtschaftsforum_Organisator.jpg\" alt=\"\" width=\"680\" height=\"454\" srcset=\"https:\/\/www.organisator.ch\/wp-content\/uploads\/2025\/10\/Bundesrat-Martin-Pfister-am-Rheintaler-Wirtschaftsforum_Organisator.jpg 680w, https:\/\/www.organisator.ch\/wp-content\/uploads\/2025\/10\/Bundesrat-Martin-Pfister-am-Rheintaler-Wirtschaftsforum_Organisator-18x12.jpg 18w, https:\/\/www.organisator.ch\/wp-content\/uploads\/2025\/10\/Bundesrat-Martin-Pfister-am-Rheintaler-Wirtschaftsforum_Organisator-375x250.jpg 375w, https:\/\/www.organisator.ch\/wp-content\/uploads\/2025\/10\/Bundesrat-Martin-Pfister-am-Rheintaler-Wirtschaftsforum_Organisator-524x350.jpg 524w\" sizes=\"auto, (max-width: 680px) 100vw, 680px\" \/><figcaption id=\"caption-attachment-40919\" class=\"wp-caption-text\">Martin Pfister, chef du D\u00e9partement f\u00e9d\u00e9ral de la d\u00e9fense, de la protection de la population et des sports (DDPS), fait une apparition au Forum \u00e9conomique du Rhin. (Image : zVg \/ Galledia Event)<\/figcaption><\/figure>\n<p>C'est presque devenu une tradition : Pas de forum \u00e9conomique de la vall\u00e9e du Rhin sans l'intervention d'un conseiller f\u00e9d\u00e9ral. Pour l'\u00e9dition 2026, qui aura lieu le 16 janvier dans la salle de sport Aegeten \u00e0 Widnau, Martin Pfister a \u00e9t\u00e9 choisi comme conf\u00e9rencier. Son intervention promet de donner de pr\u00e9cieuses impulsions aux d\u00e9cideurs \u00e9conomiques et politiques, surtout en ces temps d'incertitudes croissantes.<\/p>\n<h3>La politique de s\u00e9curit\u00e9 de premi\u00e8re main<\/h3>\n<p>Martin Pfister est membre du Conseil f\u00e9d\u00e9ral depuis avril 2025. Auparavant, il a \u00e9t\u00e9 pendant neuf ans conseiller d'\u00c9tat du canton de Zoug et a dirig\u00e9 la direction de la sant\u00e9. Pfister apporte une longue exp\u00e9rience politique ainsi que de solides connaissances dans le domaine des associations et de la s\u00e9curit\u00e9. Dans son expos\u00e9 \"Une Suisse forte - Voies vers une strat\u00e9gie de s\u00e9curit\u00e9 viable\", il montre comment la Suisse peut renforcer sa position en mati\u00e8re de politique de s\u00e9curit\u00e9 dans un monde de plus en plus fragile.<\/p>\n<h3>Strat\u00e9gies pour les p\u00e9riodes de turbulences<\/h3>\n<p>Incertitudes globales, fragilit\u00e9 des cha\u00eenes d'approvisionnement et crises g\u00e9opolitiques caract\u00e9risent la situation mondiale. Le Forum \u00e9conomique de la vall\u00e9e du Rhin se consacre donc \u00e0 la question de savoir comment l'\u00e9conomie et la politique peuvent conserver leur capacit\u00e9 d'action et leur r\u00e9silience dans cette situation. Sous le titre \"S\u00e9curit\u00e9 et force en p\u00e9riode de turbulences\", des experts de l'\u00e9conomie et de la politique apportent des r\u00e9ponses concr\u00e8tes et donnent des impulsions.<\/p>\n<h3>Impulsions de personnalit\u00e9s de premier plan<\/h3>\n<p>Outre le conseiller f\u00e9d\u00e9ral Martin Pfister, d'autres personnalit\u00e9s de renom marqueront le programme : l'experte allemande en s\u00e9curit\u00e9 Dr Claudia Major analysera la situation g\u00e9opolitique et ses cons\u00e9quences pour l'Europe et la Suisse. Le professeur Ferdinand Dudenh\u00f6ffer, l'un des experts automobiles les plus connus, parlera de l'avenir de l'industrie automobile dans le contexte de l'\u00e9lectrification, des droits de douane et des cha\u00eenes d'approvisionnement. Avec Jens Breu, CEO de SFS Group, et Matthias Wolf, CEO de K\u00fchne + Nagel Suisse, deux leaders \u00e9conomiques exp\u00e9riment\u00e9s discuteront des d\u00e9fis des cha\u00eenes d'approvisionnement mondiales. Une session d'inspiration ax\u00e9e sur la robotique et l'intelligence artificielle ouvrira \u00e9galement de nouvelles perspectives. L'ambiance musicale sera assur\u00e9e par les fr\u00e8res Peter et Enrico Lenzin, tandis que Sonja Hasler sera l'animatrice de la manifestation.<\/p>\n<h3>Prix d'inscription anticip\u00e9e prolong\u00e9<\/h3>\n<p>L'inscription au Forum \u00e9conomique de la vall\u00e9e du Rhin est possible sur www.wifo.ch. D\u00e9sormais, les participants profitent du prix de l'inscription anticip\u00e9e jusqu'au 31 octobre 2025.<\/p>\n<p><em>Source et informations compl\u00e9mentaires : <\/em><em><a href=\"http:\/\/www.wifo.ch\">www.wifo.ch<\/a><\/em><\/p>","protected":false},"excerpt":{"rendered":"<p>Le Forum \u00e9conomique de la vall\u00e9e du Rhin du 16 janvier 2026 aura un temps fort politique en la personne du conseiller f\u00e9d\u00e9ral Martin Pfister.  En tant que chef du D\u00e9partement f\u00e9d\u00e9ral de la d\u00e9fense, de la protection de la population et des sports, il parlera des moyens de mettre en place une strat\u00e9gie de s\u00e9curit\u00e9 viable pour la Suisse. <\/p>","protected":false},"author":4,"featured_media":40919,"comment_status":"closed","ping_status":"closed","sticky":false,"template":"","format":"standard","meta":{"_acf_changed":false,"_yoast_wpseo_focuskw":"Martin Pfister","_yoast_wpseo_metadesc":"Das Rheintaler Wirtschaftsforum vom 16. Januar 2026 erh\u00e4lt mit Bundesrat Martin Pfister ein starkes politisches Highlight.","articlekey":"","footnotes":""},"categories":[28],"tags":[193,335,3348,531],"class_list":["post-40918","post","type-post","status-publish","format-standard","has-post-thumbnail","hentry","category-management","tag-fachkongressfachmesse","tag-management-und-unternehmensfuehrung","tag-rheintaler-wirtschaftsforum","tag-wirtschaftspolitik"],"acf":[],"yoast_head":"<!-- This site is optimized with the Yoast SEO plugin v27.5 - https:\/\/yoast.com\/product\/yoast-seo-wordpress\/ -->\n<title>Bundesrat Martin Pfister am Rheintaler Wirtschaftsforum - Organisator<\/title>\n<meta name=\"description\" content=\"Das Rheintaler Wirtschaftsforum vom 16. Januar 2026 erh\u00e4lt mit Bundesrat Martin Pfister ein starkes politisches Highlight.\" \/>\n<meta name=\"robots\" content=\"index, follow, max-snippet:-1, max-image-preview:large, max-video-preview:-1\" \/>\n<link rel=\"canonical\" href=\"https:\/\/www.organisator.ch\/fr\/gestion-2\/2025-10-13\/bundesrat-martin-pfister-am-rheintaler-wirtschaftsforum\/\" \/>\n<meta property=\"og:locale\" content=\"fr_FR\" \/>\n<meta property=\"og:type\" content=\"article\" \/>\n<meta property=\"og:title\" content=\"Bundesrat Martin Pfister am Rheintaler Wirtschaftsforum\" \/>\n<meta property=\"og:description\" content=\"Das Rheintaler Wirtschaftsforum vom 16. Januar 2026 erh\u00e4lt mit Bundesrat Martin Pfister ein starkes politisches Highlight.\" \/>\n<meta property=\"og:url\" content=\"https:\/\/www.organisator.ch\/fr\/gestion-2\/2025-10-13\/bundesrat-martin-pfister-am-rheintaler-wirtschaftsforum\/\" \/>\n<meta property=\"og:site_name\" content=\"Organisator\" \/>\n<meta property=\"article:publisher\" content=\"https:\/\/www.facebook.com\/OrganisatorFachmagazin\" \/>\n<meta property=\"article:published_time\" content=\"2025-10-13T08:16:44+00:00\" \/>\n<meta property=\"og:image\" content=\"https:\/\/www.organisator.ch\/wp-content\/uploads\/2025\/10\/Bundesrat-Martin-Pfister-am-Rheintaler-Wirtschaftsforum_Organisator.jpg\" \/>\n\t<meta property=\"og:image:width\" content=\"680\" \/>\n\t<meta property=\"og:image:height\" content=\"454\" \/>\n\t<meta property=\"og:image:type\" content=\"image\/jpeg\" \/>\n<meta name=\"author\" content=\"thomas.berner\" \/>\n<meta name=\"twitter:card\" content=\"summary_large_image\" \/>\n<meta name=\"twitter:title\" content=\"#Bundesrat Martin #Pfister am Rheintaler #Wirtschaftsforum\" \/>\n<meta name=\"twitter:description\" content=\"Das Rheintaler #Wirtschaftsforum vom 16. Januar 2026 erh\u00e4lt mit #Bundesrat Martin #Pfister ein starkes politisches Highlight.\" \/>\n<meta name=\"twitter:image\" content=\"https:\/\/www.organisator.ch\/wp-content\/uploads\/2025\/10\/Bundesrat-Martin-Pfister-am-Rheintaler-Wirtschaftsforum_Organisator.jpg\" \/>\n<script type=\"application\/ld+json\" class=\"yoast-schema-graph\">{\"@context\":\"https:\\\/\\\/schema.org\",\"@graph\":[{\"@type\":\"Article\",\"@id\":\"https:\\\/\\\/www.organisator.ch\\\/management\\\/2025-10-13\\\/bundesrat-martin-pfister-am-rheintaler-wirtschaftsforum\\\/#article\",\"isPartOf\":{\"@id\":\"https:\\\/\\\/www.organisator.ch\\\/management\\\/2025-10-13\\\/bundesrat-martin-pfister-am-rheintaler-wirtschaftsforum\\\/\"},\"author\":{\"name\":\"thomas.berner\",\"@id\":\"https:\\\/\\\/www.organisator.ch\\\/#\\\/schema\\\/person\\\/6f650f90b2842cd4c0cc334b4e36f67e\"},\"headline\":\"Bundesrat Martin Pfister am Rheintaler Wirtschaftsforum\",\"datePublished\":\"2025-10-13T08:16:44+00:00\",\"mainEntityOfPage\":{\"@id\":\"https:\\\/\\\/www.organisator.ch\\\/management\\\/2025-10-13\\\/bundesrat-martin-pfister-am-rheintaler-wirtschaftsforum\\\/\"},\"wordCount\":375,\"publisher\":{\"@id\":\"https:\\\/\\\/www.organisator.ch\\\/#organization\"},\"image\":{\"@id\":\"https:\\\/\\\/www.organisator.ch\\\/management\\\/2025-10-13\\\/bundesrat-martin-pfister-am-rheintaler-wirtschaftsforum\\\/#primaryimage\"},\"thumbnailUrl\":\"https:\\\/\\\/www.organisator.ch\\\/wp-content\\\/uploads\\\/2025\\\/10\\\/Bundesrat-Martin-Pfister-am-Rheintaler-Wirtschaftsforum_Organisator.jpg\",\"keywords\":[\"Fachkongress\\\/Fachmesse\",\"Management und Unternehmensf\u00fchrung\",\"Rheintaler Wirtschaftsforum\",\"Wirtschaftspolitik\"],\"articleSection\":[\"MANAGEMENT\"],\"inLanguage\":\"fr-FR\"},{\"@type\":\"WebPage\",\"@id\":\"https:\\\/\\\/www.organisator.ch\\\/management\\\/2025-10-13\\\/bundesrat-martin-pfister-am-rheintaler-wirtschaftsforum\\\/\",\"url\":\"https:\\\/\\\/www.organisator.ch\\\/management\\\/2025-10-13\\\/bundesrat-martin-pfister-am-rheintaler-wirtschaftsforum\\\/\",\"name\":\"Bundesrat Martin Pfister am Rheintaler Wirtschaftsforum - Organisator\",\"isPartOf\":{\"@id\":\"https:\\\/\\\/www.organisator.ch\\\/#website\"},\"primaryImageOfPage\":{\"@id\":\"https:\\\/\\\/www.organisator.ch\\\/management\\\/2025-10-13\\\/bundesrat-martin-pfister-am-rheintaler-wirtschaftsforum\\\/#primaryimage\"},\"image\":{\"@id\":\"https:\\\/\\\/www.organisator.ch\\\/management\\\/2025-10-13\\\/bundesrat-martin-pfister-am-rheintaler-wirtschaftsforum\\\/#primaryimage\"},\"thumbnailUrl\":\"https:\\\/\\\/www.organisator.ch\\\/wp-content\\\/uploads\\\/2025\\\/10\\\/Bundesrat-Martin-Pfister-am-Rheintaler-Wirtschaftsforum_Organisator.jpg\",\"datePublished\":\"2025-10-13T08:16:44+00:00\",\"description\":\"Das Rheintaler Wirtschaftsforum vom 16. Januar 2026 erh\u00e4lt mit Bundesrat Martin Pfister ein starkes politisches Highlight.\",\"breadcrumb\":{\"@id\":\"https:\\\/\\\/www.organisator.ch\\\/management\\\/2025-10-13\\\/bundesrat-martin-pfister-am-rheintaler-wirtschaftsforum\\\/#breadcrumb\"},\"inLanguage\":\"fr-FR\",\"potentialAction\":[{\"@type\":\"ReadAction\",\"target\":[\"https:\\\/\\\/www.organisator.ch\\\/management\\\/2025-10-13\\\/bundesrat-martin-pfister-am-rheintaler-wirtschaftsforum\\\/\"]}]},{\"@type\":\"ImageObject\",\"inLanguage\":\"fr-FR\",\"@id\":\"https:\\\/\\\/www.organisator.ch\\\/management\\\/2025-10-13\\\/bundesrat-martin-pfister-am-rheintaler-wirtschaftsforum\\\/#primaryimage\",\"url\":\"https:\\\/\\\/www.organisator.ch\\\/wp-content\\\/uploads\\\/2025\\\/10\\\/Bundesrat-Martin-Pfister-am-Rheintaler-Wirtschaftsforum_Organisator.jpg\",\"contentUrl\":\"https:\\\/\\\/www.organisator.ch\\\/wp-content\\\/uploads\\\/2025\\\/10\\\/Bundesrat-Martin-Pfister-am-Rheintaler-Wirtschaftsforum_Organisator.jpg\",\"width\":680,\"height\":454,\"caption\":\"Martin Pfister, Chef des Eidgen\u00f6ssischen Departementes f\u00fcr Verteidigung, Bev\u00f6lkerungsschutz und Sport (VBS) tritt am Rheintaler Wirtschaftsforum auf. (Bild: zVg \\\/ Galledia Event)\"},{\"@type\":\"BreadcrumbList\",\"@id\":\"https:\\\/\\\/www.organisator.ch\\\/management\\\/2025-10-13\\\/bundesrat-martin-pfister-am-rheintaler-wirtschaftsforum\\\/#breadcrumb\",\"itemListElement\":[{\"@type\":\"ListItem\",\"position\":1,\"name\":\"Home\",\"item\":\"https:\\\/\\\/www.organisator.ch\\\/\"},{\"@type\":\"ListItem\",\"position\":2,\"name\":\"Bundesrat Martin Pfister am Rheintaler Wirtschaftsforum\"}]},{\"@type\":\"WebSite\",\"@id\":\"https:\\\/\\\/www.organisator.ch\\\/#website\",\"url\":\"https:\\\/\\\/www.organisator.ch\\\/\",\"name\":\"Organisator\",\"description\":\"Kompetent. Praxisnah. Der ORGANISATOR bereitet in 10 Ausgaben pro Jahr die wesentlichen Themen f\u00fcr F\u00fchrungskr\u00e4fte von KMU auf.\",\"publisher\":{\"@id\":\"https:\\\/\\\/www.organisator.ch\\\/#organization\"},\"potentialAction\":[{\"@type\":\"SearchAction\",\"target\":{\"@type\":\"EntryPoint\",\"urlTemplate\":\"https:\\\/\\\/www.organisator.ch\\\/?s={search_term_string}\"},\"query-input\":{\"@type\":\"PropertyValueSpecification\",\"valueRequired\":true,\"valueName\":\"search_term_string\"}}],\"inLanguage\":\"fr-FR\"},{\"@type\":\"Organization\",\"@id\":\"https:\\\/\\\/www.organisator.ch\\\/#organization\",\"name\":\"Organisator\",\"url\":\"https:\\\/\\\/www.organisator.ch\\\/\",\"logo\":{\"@type\":\"ImageObject\",\"inLanguage\":\"fr-FR\",\"@id\":\"https:\\\/\\\/www.organisator.ch\\\/#\\\/schema\\\/logo\\\/image\\\/\",\"url\":\"https:\\\/\\\/www.organisator.ch\\\/wp-content\\\/uploads\\\/2022\\\/01\\\/Logo_Organisator_Website.png\",\"contentUrl\":\"https:\\\/\\\/www.organisator.ch\\\/wp-content\\\/uploads\\\/2022\\\/01\\\/Logo_Organisator_Website.png\",\"width\":800,\"height\":77,\"caption\":\"Organisator\"},\"image\":{\"@id\":\"https:\\\/\\\/www.organisator.ch\\\/#\\\/schema\\\/logo\\\/image\\\/\"},\"sameAs\":[\"https:\\\/\\\/www.facebook.com\\\/OrganisatorFachmagazin\",\"https:\\\/\\\/www.linkedin.com\\\/showcase\\\/organisator-das-magazin-fr-kmu\",\"https:\\\/\\\/www.xing.com\\\/news\\\/pages\\\/organisator-ch-695\",\"https:\\\/\\\/www.youtube.com\\\/channel\\\/UCGP2Sq0iWaZwT3BdIAQFYpw\"]},{\"@type\":\"Person\",\"@id\":\"https:\\\/\\\/www.organisator.ch\\\/#\\\/schema\\\/person\\\/6f650f90b2842cd4c0cc334b4e36f67e\",\"name\":\"thomas.berner\",\"image\":{\"@type\":\"ImageObject\",\"inLanguage\":\"fr-FR\",\"@id\":\"https:\\\/\\\/secure.gravatar.com\\\/avatar\\\/ac5001d2a36cb6c6cd3e50789007ffca834b477b74a2144564522e944eabff61?s=96&d=mm&r=g\",\"url\":\"https:\\\/\\\/secure.gravatar.com\\\/avatar\\\/ac5001d2a36cb6c6cd3e50789007ffca834b477b74a2144564522e944eabff61?s=96&d=mm&r=g\",\"contentUrl\":\"https:\\\/\\\/secure.gravatar.com\\\/avatar\\\/ac5001d2a36cb6c6cd3e50789007ffca834b477b74a2144564522e944eabff61?s=96&d=mm&r=g\",\"caption\":\"thomas.berner\"},\"url\":\"https:\\\/\\\/www.organisator.ch\\\/fr\\\/author\\\/thomas-berner\\\/\"}]}<\/script>\n<!-- \/ Yoast SEO plugin. -->","yoast_head_json":{"title":"Le conseiller f\u00e9d\u00e9ral Martin Pfister au Forum \u00e9conomique de la vall\u00e9e du Rhin - Organisateur","description":"Le Forum \u00e9conomique de la vall\u00e9e du Rhin du 16 janvier 2026 aura un point fort politique en la personne du conseiller f\u00e9d\u00e9ral Martin Pfister.","robots":{"index":"index","follow":"follow","max-snippet":"max-snippet:-1","max-image-preview":"max-image-preview:large","max-video-preview":"max-video-preview:-1"},"canonical":"https:\/\/www.organisator.ch\/fr\/gestion-2\/2025-10-13\/bundesrat-martin-pfister-am-rheintaler-wirtschaftsforum\/","og_locale":"fr_FR","og_type":"article","og_title":"Bundesrat Martin Pfister am Rheintaler Wirtschaftsforum","og_description":"Das Rheintaler Wirtschaftsforum vom 16. Januar 2026 erh\u00e4lt mit Bundesrat Martin Pfister ein starkes politisches Highlight.","og_url":"https:\/\/www.organisator.ch\/fr\/gestion-2\/2025-10-13\/bundesrat-martin-pfister-am-rheintaler-wirtschaftsforum\/","og_site_name":"Organisator","article_publisher":"https:\/\/www.facebook.com\/OrganisatorFachmagazin","article_published_time":"2025-10-13T08:16:44+00:00","og_image":[{"width":680,"height":454,"url":"https:\/\/www.organisator.ch\/wp-content\/uploads\/2025\/10\/Bundesrat-Martin-Pfister-am-Rheintaler-Wirtschaftsforum_Organisator.jpg","type":"image\/jpeg"}],"author":"thomas.berner","twitter_card":"summary_large_image","twitter_title":"#Bundesrat Martin #Pfister am Rheintaler #Wirtschaftsforum","twitter_description":"Das Rheintaler #Wirtschaftsforum vom 16. Januar 2026 erh\u00e4lt mit #Bundesrat Martin #Pfister ein starkes politisches Highlight.","twitter_image":"https:\/\/www.organisator.ch\/wp-content\/uploads\/2025\/10\/Bundesrat-Martin-Pfister-am-Rheintaler-Wirtschaftsforum_Organisator.jpg","schema":{"@context":"https:\/\/schema.org","@graph":[{"@type":"Article","@id":"https:\/\/www.organisator.ch\/management\/2025-10-13\/bundesrat-martin-pfister-am-rheintaler-wirtschaftsforum\/#article","isPartOf":{"@id":"https:\/\/www.organisator.ch\/management\/2025-10-13\/bundesrat-martin-pfister-am-rheintaler-wirtschaftsforum\/"},"author":{"name":"thomas.berner","@id":"https:\/\/www.organisator.ch\/#\/schema\/person\/6f650f90b2842cd4c0cc334b4e36f67e"},"headline":"Bundesrat Martin Pfister am Rheintaler Wirtschaftsforum","datePublished":"2025-10-13T08:16:44+00:00","mainEntityOfPage":{"@id":"https:\/\/www.organisator.ch\/management\/2025-10-13\/bundesrat-martin-pfister-am-rheintaler-wirtschaftsforum\/"},"wordCount":375,"publisher":{"@id":"https:\/\/www.organisator.ch\/#organization"},"image":{"@id":"https:\/\/www.organisator.ch\/management\/2025-10-13\/bundesrat-martin-pfister-am-rheintaler-wirtschaftsforum\/#primaryimage"},"thumbnailUrl":"https:\/\/www.organisator.ch\/wp-content\/uploads\/2025\/10\/Bundesrat-Martin-Pfister-am-Rheintaler-Wirtschaftsforum_Organisator.jpg","keywords":["Fachkongress\/Fachmesse","Management und Unternehmensf\u00fchrung","Rheintaler Wirtschaftsforum","Wirtschaftspolitik"],"articleSection":["MANAGEMENT"],"inLanguage":"fr-FR"},{"@type":"WebPage","@id":"https:\/\/www.organisator.ch\/management\/2025-10-13\/bundesrat-martin-pfister-am-rheintaler-wirtschaftsforum\/","url":"https:\/\/www.organisator.ch\/management\/2025-10-13\/bundesrat-martin-pfister-am-rheintaler-wirtschaftsforum\/","name":"Le conseiller f\u00e9d\u00e9ral Martin Pfister au Forum \u00e9conomique de la vall\u00e9e du Rhin - Organisateur","isPartOf":{"@id":"https:\/\/www.organisator.ch\/#website"},"primaryImageOfPage":{"@id":"https:\/\/www.organisator.ch\/management\/2025-10-13\/bundesrat-martin-pfister-am-rheintaler-wirtschaftsforum\/#primaryimage"},"image":{"@id":"https:\/\/www.organisator.ch\/management\/2025-10-13\/bundesrat-martin-pfister-am-rheintaler-wirtschaftsforum\/#primaryimage"},"thumbnailUrl":"https:\/\/www.organisator.ch\/wp-content\/uploads\/2025\/10\/Bundesrat-Martin-Pfister-am-Rheintaler-Wirtschaftsforum_Organisator.jpg","datePublished":"2025-10-13T08:16:44+00:00","description":"Le Forum \u00e9conomique de la vall\u00e9e du Rhin du 16 janvier 2026 aura un point fort politique en la personne du conseiller f\u00e9d\u00e9ral Martin Pfister.","breadcrumb":{"@id":"https:\/\/www.organisator.ch\/management\/2025-10-13\/bundesrat-martin-pfister-am-rheintaler-wirtschaftsforum\/#breadcrumb"},"inLanguage":"fr-FR","potentialAction":[{"@type":"ReadAction","target":["https:\/\/www.organisator.ch\/management\/2025-10-13\/bundesrat-martin-pfister-am-rheintaler-wirtschaftsforum\/"]}]},{"@type":"ImageObject","inLanguage":"fr-FR","@id":"https:\/\/www.organisator.ch\/management\/2025-10-13\/bundesrat-martin-pfister-am-rheintaler-wirtschaftsforum\/#primaryimage","url":"https:\/\/www.organisator.ch\/wp-content\/uploads\/2025\/10\/Bundesrat-Martin-Pfister-am-Rheintaler-Wirtschaftsforum_Organisator.jpg","contentUrl":"https:\/\/www.organisator.ch\/wp-content\/uploads\/2025\/10\/Bundesrat-Martin-Pfister-am-Rheintaler-Wirtschaftsforum_Organisator.jpg","width":680,"height":454,"caption":"Martin Pfister, Chef des Eidgen\u00f6ssischen Departementes f\u00fcr Verteidigung, Bev\u00f6lkerungsschutz und Sport (VBS) tritt am Rheintaler Wirtschaftsforum auf. (Bild: zVg \/ Galledia Event)"},{"@type":"BreadcrumbList","@id":"https:\/\/www.organisator.ch\/management\/2025-10-13\/bundesrat-martin-pfister-am-rheintaler-wirtschaftsforum\/#breadcrumb","itemListElement":[{"@type":"ListItem","position":1,"name":"Home","item":"https:\/\/www.organisator.ch\/"},{"@type":"ListItem","position":2,"name":"Bundesrat Martin Pfister am Rheintaler Wirtschaftsforum"}]},{"@type":"WebSite","@id":"https:\/\/www.organisator.ch\/#website","url":"https:\/\/www.organisator.ch\/","name":"Organisateur","description":"Comp\u00e9tence et comp\u00e9tence. Proches de la pratique. L'ORGANISATEUR pr\u00e9pare 10 num\u00e9ros par an sur les th\u00e8mes essentiels pour les dirigeants de PME.","publisher":{"@id":"https:\/\/www.organisator.ch\/#organization"},"potentialAction":[{"@type":"SearchAction","target":{"@type":"EntryPoint","urlTemplate":"https:\/\/www.organisator.ch\/?s={search_term_string}"},"query-input":{"@type":"PropertyValueSpecification","valueRequired":true,"valueName":"search_term_string"}}],"inLanguage":"fr-FR"},{"@type":"Organization","@id":"https:\/\/www.organisator.ch\/#organization","name":"Organisateur","url":"https:\/\/www.organisator.ch\/","logo":{"@type":"ImageObject","inLanguage":"fr-FR","@id":"https:\/\/www.organisator.ch\/#\/schema\/logo\/image\/","url":"https:\/\/www.organisator.ch\/wp-content\/uploads\/2022\/01\/Logo_Organisator_Website.png","contentUrl":"https:\/\/www.organisator.ch\/wp-content\/uploads\/2022\/01\/Logo_Organisator_Website.png","width":800,"height":77,"caption":"Organisator"},"image":{"@id":"https:\/\/www.organisator.ch\/#\/schema\/logo\/image\/"},"sameAs":["https:\/\/www.facebook.com\/OrganisatorFachmagazin","https:\/\/www.linkedin.com\/showcase\/organisator-das-magazin-fr-kmu","https:\/\/www.xing.com\/news\/pages\/organisator-ch-695","https:\/\/www.youtube.com\/channel\/UCGP2Sq0iWaZwT3BdIAQFYpw"]},{"@type":"Person","@id":"https:\/\/www.organisator.ch\/#\/schema\/person\/6f650f90b2842cd4c0cc334b4e36f67e","name":"thomas.berner","image":{"@type":"ImageObject","inLanguage":"fr-FR","@id":"https:\/\/secure.gravatar.com\/avatar\/ac5001d2a36cb6c6cd3e50789007ffca834b477b74a2144564522e944eabff61?s=96&d=mm&r=g","url":"https:\/\/secure.gravatar.com\/avatar\/ac5001d2a36cb6c6cd3e50789007ffca834b477b74a2144564522e944eabff61?s=96&d=mm&r=g","contentUrl":"https:\/\/secure.gravatar.com\/avatar\/ac5001d2a36cb6c6cd3e50789007ffca834b477b74a2144564522e944eabff61?s=96&d=mm&r=g","caption":"thomas.berner"},"url":"https:\/\/www.organisator.ch\/fr\/author\/thomas-berner\/"}]}},"_links":{"self":[{"href":"https:\/\/www.organisator.ch\/fr\/wp-json\/wp\/v2\/posts\/40918","targetHints":{"allow":["GET"]}}],"collection":[{"href":"https:\/\/www.organisator.ch\/fr\/wp-json\/wp\/v2\/posts"}],"about":[{"href":"https:\/\/www.organisator.ch\/fr\/wp-json\/wp\/v2\/types\/post"}],"author":[{"embeddable":true,"href":"https:\/\/www.organisator.ch\/fr\/wp-json\/wp\/v2\/users\/4"}],"replies":[{"embeddable":true,"href":"https:\/\/www.organisator.ch\/fr\/wp-json\/wp\/v2\/comments?post=40918"}],"version-history":[{"count":5,"href":"https:\/\/www.organisator.ch\/fr\/wp-json\/wp\/v2\/posts\/40918\/revisions"}],"predecessor-version":[{"id":41126,"href":"https:\/\/www.organisator.ch\/fr\/wp-json\/wp\/v2\/posts\/40918\/revisions\/41126"}],"wp:featuredmedia":[{"embeddable":true,"href":"https:\/\/www.organisator.ch\/fr\/wp-json\/wp\/v2\/media\/40919"}],"wp:attachment":[{"href":"https:\/\/www.organisator.ch\/fr\/wp-json\/wp\/v2\/media?parent=40918"}],"wp:term":[{"taxonomy":"category","embeddable":true,"href":"https:\/\/www.organisator.ch\/fr\/wp-json\/wp\/v2\/categories?post=40918"},{"taxonomy":"post_tag","embeddable":true,"href":"https:\/\/www.organisator.ch\/fr\/wp-json\/wp\/v2\/tags?post=40918"}],"curies":[{"name":"wp","href":"https:\/\/api.w.org\/{rel}","templated":true}]}}