{"id":4098,"date":"2018-08-21T13:53:28","date_gmt":"2018-08-21T11:53:28","guid":{"rendered":"https:\/\/www.organisator.ch\/?p=4098"},"modified":"2018-08-21T13:53:28","modified_gmt":"2018-08-21T11:53:28","slug":"schweizer-industrie-verliert-an-innovationskraft","status":"publish","type":"post","link":"https:\/\/www.organisator.ch\/fr\/management\/2018-08-21\/schweizer-industrie-verliert-an-innovationskraft\/","title":{"rendered":"L'industrie suisse perd de sa force d'innovation"},"content":{"rendered":"<figure id=\"attachment_4101\" aria-describedby=\"caption-attachment-4101\" style=\"width: 640px\" class=\"wp-caption alignnone\"><img loading=\"lazy\" decoding=\"async\" class=\"size-full wp-image-4101\" src=\"https:\/\/www.organisator.ch\/wp-content\/uploads\/2018\/08\/Schweizer-Industrie-verliert-an-Innovationskraft_Organisator.jpg\" alt=\"\" width=\"640\" height=\"480\" srcset=\"https:\/\/www.organisator.ch\/wp-content\/uploads\/2018\/08\/Schweizer-Industrie-verliert-an-Innovationskraft_Organisator.jpg 640w, https:\/\/www.organisator.ch\/wp-content\/uploads\/2018\/08\/Schweizer-Industrie-verliert-an-Innovationskraft_Organisator-16x12.jpg 16w, https:\/\/www.organisator.ch\/wp-content\/uploads\/2018\/08\/Schweizer-Industrie-verliert-an-Innovationskraft_Organisator-233x175.jpg 233w, https:\/\/www.organisator.ch\/wp-content\/uploads\/2018\/08\/Schweizer-Industrie-verliert-an-Innovationskraft_Organisator-467x350.jpg 467w, https:\/\/www.organisator.ch\/wp-content\/uploads\/2018\/08\/Schweizer-Industrie-verliert-an-Innovationskraft_Organisator-300x225.jpg 300w\" sizes=\"auto, (max-width: 640px) 100vw, 640px\" \/><figcaption id=\"caption-attachment-4101\" class=\"wp-caption-text\">La capacit\u00e9 d'innovation de l'industrie suisse diminue, comme le montre une nouvelle \u00e9tude de la SATW. (Image : Karl-Heinz Laube \/ pixelio.de)<\/figcaption><\/figure>\n<p>La Suisse occupe r\u00e9guli\u00e8rement les premi\u00e8res places dans les \u00e9tudes et classements internationaux sur l'innovation et compte parmi les pays les plus innovants du monde. De telles \u00e9tudes \u00e9valuent toutefois l'ensemble de l'\u00e9conomie nationale, y compris toutes les conditions-cadres, et ne disent pas grand-chose sur la force d'innovation des diff\u00e9rentes classes industrielles. L'Acad\u00e9mie suisse des sciences techniques (SATW) a donc examin\u00e9 de plus pr\u00e8s la force d'innovation et a fait des constatations inqui\u00e9tantes. Les entreprises industrielles suisses, en particulier les PME, semblent perdre de plus en plus leur capacit\u00e9 d'innovation et leur comp\u00e9titivit\u00e9. C'est une mauvaise nouvelle pour un pays qui d\u00e9pend d'une industrie d'exportation comp\u00e9titive au niveau international.<\/p>\n<h2>Moins d'entreprises, moins de recherche, moins dans le pays<\/h2>\n<p>L'\u00e9tude se base sur les donn\u00e9es de l'enqu\u00eate sur l'innovation du Centre de recherches conjoncturelles (KOF), qui sont actuellement disponibles jusqu'\u00e0 l'ann\u00e9e 2014 incluse. Il est frappant de constater qu'il y a de moins en moins d'entreprises industrielles suisses. Le Swiss Engineering Index montre \u00e9galement cette \u00e9volution : depuis six ans, la Suisse perd chaque ann\u00e9e environ 4000 emplois \u00e0 temps plein dans le secteur industriel. Il est inqui\u00e9tant de constater que de 1997 \u00e0 2014, de nombreuses PME ont r\u00e9duit leurs efforts de R&amp;D en Suisse et \u00e0 l'\u00e9tranger (voir graphique 1). Les classes NOGA1 chimie, machines, produits m\u00e9talliques, textile\/habillement et horlogerie sont particuli\u00e8rement touch\u00e9es. On constate \u00e9galement en partie une migration des activit\u00e9s de R&amp;D vers l'\u00e9tranger, par exemple pour les PME des classes \u00e9lectrotechnique et m\u00e9tallurgie.<\/p>\n<figure id=\"attachment_4099\" aria-describedby=\"caption-attachment-4099\" style=\"width: 680px\" class=\"wp-caption alignnone\"><img loading=\"lazy\" decoding=\"async\" class=\"size-medium wp-image-4099\" src=\"https:\/\/www.organisator.ch\/wp-content\/uploads\/2018\/08\/SATW-Grafik1.jpg\" alt=\"\" width=\"680\" height=\"487\" srcset=\"https:\/\/www.organisator.ch\/wp-content\/uploads\/2018\/08\/SATW-Grafik1.jpg 875w, https:\/\/www.organisator.ch\/wp-content\/uploads\/2018\/08\/SATW-Grafik1-680x487.jpg 680w, https:\/\/www.organisator.ch\/wp-content\/uploads\/2018\/08\/SATW-Grafik1-768x550.jpg 768w, https:\/\/www.organisator.ch\/wp-content\/uploads\/2018\/08\/SATW-Grafik1-16x12.jpg 16w, https:\/\/www.organisator.ch\/wp-content\/uploads\/2018\/08\/SATW-Grafik1-244x175.jpg 244w, https:\/\/www.organisator.ch\/wp-content\/uploads\/2018\/08\/SATW-Grafik1-488x350.jpg 488w, https:\/\/www.organisator.ch\/wp-content\/uploads\/2018\/08\/SATW-Grafik1-300x215.jpg 300w\" sizes=\"auto, (max-width: 680px) 100vw, 680px\" \/><figcaption id=\"caption-attachment-4099\" class=\"wp-caption-text\">Graphique 1 : Tendances de l'\u00e9volution de la part des PME suisses de diff\u00e9rentes classes NOGA avec R&amp;D en Suisse et \u00e0 l'\u00e9tranger 1997-2014 (variation en % de la valeur de d\u00e9part).<\/figcaption><\/figure>\n<h2>Quelques classes industrielles particuli\u00e8rement requises<\/h2>\n<p>L'\u00e9tude montre le succ\u00e8s des efforts de R&amp;D des entreprises industrielles suisses en mati\u00e8re de nouveaux produits. Les r\u00e9sultats pour la p\u00e9riode observ\u00e9e (2001-2014) sont pr\u00e9sent\u00e9s sous forme de portefeuille (voir graphique 2). L'axe x indique la variation de la part des d\u00e9penses de R&amp;D dans le chiffre d'affaires, l'axe y la variation du chiffre d'affaires g\u00e9n\u00e9r\u00e9 par les nouveaux produits. Alors que les efforts de R&amp;D des PME ont \u00e9t\u00e9 payants dans certaines classes comme la pharmacie, le bois ou les produits m\u00e9talliques (surfaces jaunes et vertes), la situation \u00e9tait moins bonne dans les classes \u00e9lectronique\/instruments, machines ou chimie. Les chiffres d'affaires des PME avec de nouveaux produits y ont baiss\u00e9, malgr\u00e9 des d\u00e9penses de R&amp;D plus \u00e9lev\u00e9es en pourcentage - les efforts ont donc \u00e9t\u00e9 en quelque sorte vains. Le constat est inqui\u00e9tant pour les PME de la classe textile\/habillement : elles ont r\u00e9duit leurs d\u00e9penses de R&amp;D en pourcentage et leur chiffre d'affaires avec de nouveaux produits a baiss\u00e9. Le changement des conditions-cadres, la concurrence accrue ou l'effondrement des march\u00e9s sont des causes possibles.<\/p>\n<figure id=\"attachment_4100\" aria-describedby=\"caption-attachment-4100\" style=\"width: 591px\" class=\"wp-caption alignnone\"><img loading=\"lazy\" decoding=\"async\" class=\"size-full wp-image-4100\" src=\"https:\/\/www.organisator.ch\/wp-content\/uploads\/2018\/08\/SATW-Grafik2.jpg\" alt=\"\" width=\"591\" height=\"440\" srcset=\"https:\/\/www.organisator.ch\/wp-content\/uploads\/2018\/08\/SATW-Grafik2.jpg 591w, https:\/\/www.organisator.ch\/wp-content\/uploads\/2018\/08\/SATW-Grafik2-16x12.jpg 16w, https:\/\/www.organisator.ch\/wp-content\/uploads\/2018\/08\/SATW-Grafik2-235x175.jpg 235w, https:\/\/www.organisator.ch\/wp-content\/uploads\/2018\/08\/SATW-Grafik2-470x350.jpg 470w, https:\/\/www.organisator.ch\/wp-content\/uploads\/2018\/08\/SATW-Grafik2-300x223.jpg 300w\" sizes=\"auto, (max-width: 591px) 100vw, 591px\" \/><figcaption id=\"caption-attachment-4100\" class=\"wp-caption-text\">Graphique 2 : Modification de la part du chiffre d'affaires consacr\u00e9e aux d\u00e9penses de R&amp;D et au chiffre d'affaires g\u00e9n\u00e9r\u00e9 par les nouveaux produits entre 2001 et 2014 pour les PME de diff\u00e9rentes classes NOGA.<\/figcaption><\/figure>\n<h2>Renforcer la recherche appliqu\u00e9e et le d\u00e9veloppement<\/h2>\n<p>En Suisse, les pouvoirs publics financent la recherche universitaire. Les entreprises industrielles supportent elles-m\u00eames leurs d\u00e9penses de recherche. Ce mod\u00e8le semble atteindre ses limites. Les r\u00e9sultats de l'\u00e9tude sugg\u00e8rent que les PME de l'industrie suisse, en particulier, ont de plus en plus de mal \u00e0 assumer les co\u00fbts \u00e9lev\u00e9s de la R&amp;D. Celles qui prennent tout de m\u00eame le risque ont de moins en moins de succ\u00e8s. Les grandes entreprises d\u00e9localisent la recherche dans des pays qui offrent davantage d'incitations \u00e9tatiques \u00e0 cet effet.<\/p>\n<p>Ces d\u00e9veloppements doivent faire r\u00e9fl\u00e9chir. Au vu de l'aide publique \u00e0 l'industrie que la plupart des pays industrialis\u00e9s de premier plan accordent, le d\u00e9bat politique doit \u00eatre men\u00e9 : La Conf\u00e9d\u00e9ration doit-elle soutenir davantage les entreprises industrielles nationales dans leurs efforts d'innovation et mettre en place des incitations d'encouragement correspondantes ?<\/p>\n<p><em>Source : <a href=\"http:\/\/www.satw.ch\">www.satw.ch<\/a><\/em><\/p>","protected":false},"excerpt":{"rendered":"<p>Die Schweiz belegt in internationalen Innovationsstudien und -Rankings regelm\u00e4ssig Topplatzierungen und z\u00e4hlt zu den innovativsten L\u00e4ndern weltweit. Solche Studien beurteilen aber die gesamte Volkswirtschaft inklusive aller Rahmenbedingungen und sagen wenig \u00fcber die Innovationskraft einzelner Industrieklassen aus. Die Schweizerische Akademie der Technischen Wissenschaften (SATW) hat deshalb die Innovationskraft genauer untersucht und dabei Beunruhigendes festgestellt. Schweizer Industrieunternehmen, [&hellip;]<\/p>\n","protected":false},"author":4,"featured_media":4101,"comment_status":"open","ping_status":"open","sticky":false,"template":"","format":"standard","meta":{"_acf_changed":false,"_yoast_wpseo_focuskw":"Innovationskraft","_yoast_wpseo_metadesc":"Die Zahl der Schweizer Industriefirmen, die in Forschung und Entwicklung (F&E) investieren, hat von 1997\u20132014 abgenommen.","articlekey":"","footnotes":""},"categories":[28],"tags":[266,274,459,508],"class_list":["post-4098","post","type-post","status-publish","format-standard","has-post-thumbnail","hentry","category-management","tag-industrie","tag-innovation","tag-studie","tag-vermischtes"],"acf":[],"yoast_head":"<!-- This site is optimized with the Yoast SEO plugin v27.4 - https:\/\/yoast.com\/product\/yoast-seo-wordpress\/ -->\n<title>Schweizer Industrie verliert an Innovationskraft - Organisator<\/title>\n<meta name=\"description\" content=\"Die Zahl der Schweizer Industriefirmen, die in Forschung und Entwicklung (F&amp;E) investieren, hat von 1997\u20132014 abgenommen.\" \/>\n<meta name=\"robots\" content=\"index, follow, max-snippet:-1, max-image-preview:large, max-video-preview:-1\" \/>\n<link rel=\"canonical\" href=\"https:\/\/www.organisator.ch\/fr\/gestion-2\/2018-08-21\/schweizer-industrie-verliert-an-innovationskraft\/\" \/>\n<meta property=\"og:locale\" content=\"fr_FR\" \/>\n<meta property=\"og:type\" content=\"article\" \/>\n<meta property=\"og:title\" content=\"Schweizer Industrie verliert an Innovationskraft\" \/>\n<meta property=\"og:description\" content=\"Die Zahl der Schweizer Industriefirmen, die in Forschung und Entwicklung (F&amp;E) investieren, hat von 1997\u20132014 abgenommen.\" \/>\n<meta property=\"og:url\" content=\"https:\/\/www.organisator.ch\/fr\/gestion-2\/2018-08-21\/schweizer-industrie-verliert-an-innovationskraft\/\" \/>\n<meta property=\"og:site_name\" content=\"Organisator\" \/>\n<meta property=\"article:publisher\" content=\"https:\/\/www.facebook.com\/OrganisatorFachmagazin\" \/>\n<meta property=\"article:published_time\" content=\"2018-08-21T11:53:28+00:00\" \/>\n<meta property=\"og:image\" content=\"https:\/\/www.organisator.ch\/wp-content\/uploads\/2018\/08\/Schweizer-Industrie-verliert-an-Innovationskraft_Organisator.jpg\" \/>\n\t<meta property=\"og:image:width\" content=\"640\" \/>\n\t<meta property=\"og:image:height\" content=\"480\" \/>\n\t<meta property=\"og:image:type\" content=\"image\/jpeg\" \/>\n<meta name=\"author\" content=\"thomas.berner\" \/>\n<meta name=\"twitter:card\" content=\"summary_large_image\" \/>\n<meta name=\"twitter:title\" content=\"Schweizer Industrie verliert an #Innovationskraft\" \/>\n<meta name=\"twitter:description\" content=\"Die Zahl der Schweizer #Industriefirmen, die in Forschung und Entwicklung (#F&amp;E) investieren, hat von 1997\u20132014 abgenommen.\" \/>\n<meta name=\"twitter:image\" content=\"https:\/\/www.organisator.ch\/wp-content\/uploads\/2018\/08\/Schweizer-Industrie-verliert-an-Innovationskraft_Organisator.jpg\" \/>\n<script type=\"application\/ld+json\" class=\"yoast-schema-graph\">{\"@context\":\"https:\\\/\\\/schema.org\",\"@graph\":[{\"@type\":\"Article\",\"@id\":\"https:\\\/\\\/www.organisator.ch\\\/management\\\/2018-08-21\\\/schweizer-industrie-verliert-an-innovationskraft\\\/#article\",\"isPartOf\":{\"@id\":\"https:\\\/\\\/www.organisator.ch\\\/management\\\/2018-08-21\\\/schweizer-industrie-verliert-an-innovationskraft\\\/\"},\"author\":{\"name\":\"thomas.berner\",\"@id\":\"https:\\\/\\\/www.organisator.ch\\\/#\\\/schema\\\/person\\\/6f650f90b2842cd4c0cc334b4e36f67e\"},\"headline\":\"Schweizer Industrie verliert an Innovationskraft\",\"datePublished\":\"2018-08-21T11:53:28+00:00\",\"mainEntityOfPage\":{\"@id\":\"https:\\\/\\\/www.organisator.ch\\\/management\\\/2018-08-21\\\/schweizer-industrie-verliert-an-innovationskraft\\\/\"},\"wordCount\":577,\"commentCount\":0,\"publisher\":{\"@id\":\"https:\\\/\\\/www.organisator.ch\\\/#organization\"},\"image\":{\"@id\":\"https:\\\/\\\/www.organisator.ch\\\/management\\\/2018-08-21\\\/schweizer-industrie-verliert-an-innovationskraft\\\/#primaryimage\"},\"thumbnailUrl\":\"https:\\\/\\\/www.organisator.ch\\\/wp-content\\\/uploads\\\/2018\\\/08\\\/Schweizer-Industrie-verliert-an-Innovationskraft_Organisator.jpg\",\"keywords\":[\"Industrie\",\"Innovation\",\"Studie\",\"Vermischtes\"],\"articleSection\":[\"MANAGEMENT\"],\"inLanguage\":\"fr-FR\"},{\"@type\":\"WebPage\",\"@id\":\"https:\\\/\\\/www.organisator.ch\\\/management\\\/2018-08-21\\\/schweizer-industrie-verliert-an-innovationskraft\\\/\",\"url\":\"https:\\\/\\\/www.organisator.ch\\\/management\\\/2018-08-21\\\/schweizer-industrie-verliert-an-innovationskraft\\\/\",\"name\":\"Schweizer Industrie verliert an Innovationskraft - Organisator\",\"isPartOf\":{\"@id\":\"https:\\\/\\\/www.organisator.ch\\\/#website\"},\"primaryImageOfPage\":{\"@id\":\"https:\\\/\\\/www.organisator.ch\\\/management\\\/2018-08-21\\\/schweizer-industrie-verliert-an-innovationskraft\\\/#primaryimage\"},\"image\":{\"@id\":\"https:\\\/\\\/www.organisator.ch\\\/management\\\/2018-08-21\\\/schweizer-industrie-verliert-an-innovationskraft\\\/#primaryimage\"},\"thumbnailUrl\":\"https:\\\/\\\/www.organisator.ch\\\/wp-content\\\/uploads\\\/2018\\\/08\\\/Schweizer-Industrie-verliert-an-Innovationskraft_Organisator.jpg\",\"datePublished\":\"2018-08-21T11:53:28+00:00\",\"description\":\"Die Zahl der Schweizer Industriefirmen, die in Forschung und Entwicklung (F&E) investieren, hat von 1997\u20132014 abgenommen.\",\"breadcrumb\":{\"@id\":\"https:\\\/\\\/www.organisator.ch\\\/management\\\/2018-08-21\\\/schweizer-industrie-verliert-an-innovationskraft\\\/#breadcrumb\"},\"inLanguage\":\"fr-FR\",\"potentialAction\":[{\"@type\":\"ReadAction\",\"target\":[\"https:\\\/\\\/www.organisator.ch\\\/management\\\/2018-08-21\\\/schweizer-industrie-verliert-an-innovationskraft\\\/\"]}]},{\"@type\":\"ImageObject\",\"inLanguage\":\"fr-FR\",\"@id\":\"https:\\\/\\\/www.organisator.ch\\\/management\\\/2018-08-21\\\/schweizer-industrie-verliert-an-innovationskraft\\\/#primaryimage\",\"url\":\"https:\\\/\\\/www.organisator.ch\\\/wp-content\\\/uploads\\\/2018\\\/08\\\/Schweizer-Industrie-verliert-an-Innovationskraft_Organisator.jpg\",\"contentUrl\":\"https:\\\/\\\/www.organisator.ch\\\/wp-content\\\/uploads\\\/2018\\\/08\\\/Schweizer-Industrie-verliert-an-Innovationskraft_Organisator.jpg\",\"width\":640,\"height\":480,\"caption\":\"Die Innovationskraft der Schweizer Industrie nimmt ab, wie eine neue Studie der SATW belegt. (Bild: Karl-Heinz Laube \\\/ pixelio.de)\"},{\"@type\":\"BreadcrumbList\",\"@id\":\"https:\\\/\\\/www.organisator.ch\\\/management\\\/2018-08-21\\\/schweizer-industrie-verliert-an-innovationskraft\\\/#breadcrumb\",\"itemListElement\":[{\"@type\":\"ListItem\",\"position\":1,\"name\":\"Home\",\"item\":\"https:\\\/\\\/www.organisator.ch\\\/\"},{\"@type\":\"ListItem\",\"position\":2,\"name\":\"Schweizer Industrie verliert an Innovationskraft\"}]},{\"@type\":\"WebSite\",\"@id\":\"https:\\\/\\\/www.organisator.ch\\\/#website\",\"url\":\"https:\\\/\\\/www.organisator.ch\\\/\",\"name\":\"Organisator\",\"description\":\"Kompetent. Praxisnah. Der ORGANISATOR bereitet in 10 Ausgaben pro Jahr die wesentlichen Themen f\u00fcr F\u00fchrungskr\u00e4fte von KMU auf.\",\"publisher\":{\"@id\":\"https:\\\/\\\/www.organisator.ch\\\/#organization\"},\"potentialAction\":[{\"@type\":\"SearchAction\",\"target\":{\"@type\":\"EntryPoint\",\"urlTemplate\":\"https:\\\/\\\/www.organisator.ch\\\/?s={search_term_string}\"},\"query-input\":{\"@type\":\"PropertyValueSpecification\",\"valueRequired\":true,\"valueName\":\"search_term_string\"}}],\"inLanguage\":\"fr-FR\"},{\"@type\":\"Organization\",\"@id\":\"https:\\\/\\\/www.organisator.ch\\\/#organization\",\"name\":\"Organisator\",\"url\":\"https:\\\/\\\/www.organisator.ch\\\/\",\"logo\":{\"@type\":\"ImageObject\",\"inLanguage\":\"fr-FR\",\"@id\":\"https:\\\/\\\/www.organisator.ch\\\/#\\\/schema\\\/logo\\\/image\\\/\",\"url\":\"https:\\\/\\\/www.organisator.ch\\\/wp-content\\\/uploads\\\/2022\\\/01\\\/Logo_Organisator_Website.png\",\"contentUrl\":\"https:\\\/\\\/www.organisator.ch\\\/wp-content\\\/uploads\\\/2022\\\/01\\\/Logo_Organisator_Website.png\",\"width\":800,\"height\":77,\"caption\":\"Organisator\"},\"image\":{\"@id\":\"https:\\\/\\\/www.organisator.ch\\\/#\\\/schema\\\/logo\\\/image\\\/\"},\"sameAs\":[\"https:\\\/\\\/www.facebook.com\\\/OrganisatorFachmagazin\",\"https:\\\/\\\/www.linkedin.com\\\/showcase\\\/organisator-das-magazin-fr-kmu\",\"https:\\\/\\\/www.xing.com\\\/news\\\/pages\\\/organisator-ch-695\",\"https:\\\/\\\/www.youtube.com\\\/channel\\\/UCGP2Sq0iWaZwT3BdIAQFYpw\"]},{\"@type\":\"Person\",\"@id\":\"https:\\\/\\\/www.organisator.ch\\\/#\\\/schema\\\/person\\\/6f650f90b2842cd4c0cc334b4e36f67e\",\"name\":\"thomas.berner\",\"image\":{\"@type\":\"ImageObject\",\"inLanguage\":\"fr-FR\",\"@id\":\"https:\\\/\\\/secure.gravatar.com\\\/avatar\\\/ac5001d2a36cb6c6cd3e50789007ffca834b477b74a2144564522e944eabff61?s=96&d=mm&r=g\",\"url\":\"https:\\\/\\\/secure.gravatar.com\\\/avatar\\\/ac5001d2a36cb6c6cd3e50789007ffca834b477b74a2144564522e944eabff61?s=96&d=mm&r=g\",\"contentUrl\":\"https:\\\/\\\/secure.gravatar.com\\\/avatar\\\/ac5001d2a36cb6c6cd3e50789007ffca834b477b74a2144564522e944eabff61?s=96&d=mm&r=g\",\"caption\":\"thomas.berner\"},\"url\":\"https:\\\/\\\/www.organisator.ch\\\/fr\\\/author\\\/thomas-berner\\\/\"}]}<\/script>\n<!-- \/ Yoast SEO plugin. -->","yoast_head_json":{"title":"L'industrie suisse perd de sa force d'innovation - Organisateur","description":"Le nombre d'entreprises industrielles suisses qui investissent dans la recherche et le d\u00e9veloppement (R&amp;D) a diminu\u00e9 entre 1997 et 2014.","robots":{"index":"index","follow":"follow","max-snippet":"max-snippet:-1","max-image-preview":"max-image-preview:large","max-video-preview":"max-video-preview:-1"},"canonical":"https:\/\/www.organisator.ch\/fr\/gestion-2\/2018-08-21\/schweizer-industrie-verliert-an-innovationskraft\/","og_locale":"fr_FR","og_type":"article","og_title":"Schweizer Industrie verliert an Innovationskraft","og_description":"Die Zahl der Schweizer Industriefirmen, die in Forschung und Entwicklung (F&E) investieren, hat von 1997\u20132014 abgenommen.","og_url":"https:\/\/www.organisator.ch\/fr\/gestion-2\/2018-08-21\/schweizer-industrie-verliert-an-innovationskraft\/","og_site_name":"Organisator","article_publisher":"https:\/\/www.facebook.com\/OrganisatorFachmagazin","article_published_time":"2018-08-21T11:53:28+00:00","og_image":[{"width":640,"height":480,"url":"https:\/\/www.organisator.ch\/wp-content\/uploads\/2018\/08\/Schweizer-Industrie-verliert-an-Innovationskraft_Organisator.jpg","type":"image\/jpeg"}],"author":"thomas.berner","twitter_card":"summary_large_image","twitter_title":"Schweizer Industrie verliert an #Innovationskraft","twitter_description":"Die Zahl der Schweizer #Industriefirmen, die in Forschung und Entwicklung (#F&E) investieren, hat von 1997\u20132014 abgenommen.","twitter_image":"https:\/\/www.organisator.ch\/wp-content\/uploads\/2018\/08\/Schweizer-Industrie-verliert-an-Innovationskraft_Organisator.jpg","schema":{"@context":"https:\/\/schema.org","@graph":[{"@type":"Article","@id":"https:\/\/www.organisator.ch\/management\/2018-08-21\/schweizer-industrie-verliert-an-innovationskraft\/#article","isPartOf":{"@id":"https:\/\/www.organisator.ch\/management\/2018-08-21\/schweizer-industrie-verliert-an-innovationskraft\/"},"author":{"name":"thomas.berner","@id":"https:\/\/www.organisator.ch\/#\/schema\/person\/6f650f90b2842cd4c0cc334b4e36f67e"},"headline":"Schweizer Industrie verliert an Innovationskraft","datePublished":"2018-08-21T11:53:28+00:00","mainEntityOfPage":{"@id":"https:\/\/www.organisator.ch\/management\/2018-08-21\/schweizer-industrie-verliert-an-innovationskraft\/"},"wordCount":577,"commentCount":0,"publisher":{"@id":"https:\/\/www.organisator.ch\/#organization"},"image":{"@id":"https:\/\/www.organisator.ch\/management\/2018-08-21\/schweizer-industrie-verliert-an-innovationskraft\/#primaryimage"},"thumbnailUrl":"https:\/\/www.organisator.ch\/wp-content\/uploads\/2018\/08\/Schweizer-Industrie-verliert-an-Innovationskraft_Organisator.jpg","keywords":["Industrie","Innovation","Studie","Vermischtes"],"articleSection":["MANAGEMENT"],"inLanguage":"fr-FR"},{"@type":"WebPage","@id":"https:\/\/www.organisator.ch\/management\/2018-08-21\/schweizer-industrie-verliert-an-innovationskraft\/","url":"https:\/\/www.organisator.ch\/management\/2018-08-21\/schweizer-industrie-verliert-an-innovationskraft\/","name":"L'industrie suisse perd de sa force d'innovation - Organisateur","isPartOf":{"@id":"https:\/\/www.organisator.ch\/#website"},"primaryImageOfPage":{"@id":"https:\/\/www.organisator.ch\/management\/2018-08-21\/schweizer-industrie-verliert-an-innovationskraft\/#primaryimage"},"image":{"@id":"https:\/\/www.organisator.ch\/management\/2018-08-21\/schweizer-industrie-verliert-an-innovationskraft\/#primaryimage"},"thumbnailUrl":"https:\/\/www.organisator.ch\/wp-content\/uploads\/2018\/08\/Schweizer-Industrie-verliert-an-Innovationskraft_Organisator.jpg","datePublished":"2018-08-21T11:53:28+00:00","description":"Le nombre d'entreprises industrielles suisses qui investissent dans la recherche et le d\u00e9veloppement (R&amp;D) a diminu\u00e9 entre 1997 et 2014.","breadcrumb":{"@id":"https:\/\/www.organisator.ch\/management\/2018-08-21\/schweizer-industrie-verliert-an-innovationskraft\/#breadcrumb"},"inLanguage":"fr-FR","potentialAction":[{"@type":"ReadAction","target":["https:\/\/www.organisator.ch\/management\/2018-08-21\/schweizer-industrie-verliert-an-innovationskraft\/"]}]},{"@type":"ImageObject","inLanguage":"fr-FR","@id":"https:\/\/www.organisator.ch\/management\/2018-08-21\/schweizer-industrie-verliert-an-innovationskraft\/#primaryimage","url":"https:\/\/www.organisator.ch\/wp-content\/uploads\/2018\/08\/Schweizer-Industrie-verliert-an-Innovationskraft_Organisator.jpg","contentUrl":"https:\/\/www.organisator.ch\/wp-content\/uploads\/2018\/08\/Schweizer-Industrie-verliert-an-Innovationskraft_Organisator.jpg","width":640,"height":480,"caption":"Die Innovationskraft der Schweizer Industrie nimmt ab, wie eine neue Studie der SATW belegt. (Bild: Karl-Heinz Laube \/ pixelio.de)"},{"@type":"BreadcrumbList","@id":"https:\/\/www.organisator.ch\/management\/2018-08-21\/schweizer-industrie-verliert-an-innovationskraft\/#breadcrumb","itemListElement":[{"@type":"ListItem","position":1,"name":"Home","item":"https:\/\/www.organisator.ch\/"},{"@type":"ListItem","position":2,"name":"Schweizer Industrie verliert an Innovationskraft"}]},{"@type":"WebSite","@id":"https:\/\/www.organisator.ch\/#website","url":"https:\/\/www.organisator.ch\/","name":"Organisateur","description":"Comp\u00e9tence et comp\u00e9tence. Proches de la pratique. L'ORGANISATEUR pr\u00e9pare 10 num\u00e9ros par an sur les th\u00e8mes essentiels pour les dirigeants de PME.","publisher":{"@id":"https:\/\/www.organisator.ch\/#organization"},"potentialAction":[{"@type":"SearchAction","target":{"@type":"EntryPoint","urlTemplate":"https:\/\/www.organisator.ch\/?s={search_term_string}"},"query-input":{"@type":"PropertyValueSpecification","valueRequired":true,"valueName":"search_term_string"}}],"inLanguage":"fr-FR"},{"@type":"Organization","@id":"https:\/\/www.organisator.ch\/#organization","name":"Organisateur","url":"https:\/\/www.organisator.ch\/","logo":{"@type":"ImageObject","inLanguage":"fr-FR","@id":"https:\/\/www.organisator.ch\/#\/schema\/logo\/image\/","url":"https:\/\/www.organisator.ch\/wp-content\/uploads\/2022\/01\/Logo_Organisator_Website.png","contentUrl":"https:\/\/www.organisator.ch\/wp-content\/uploads\/2022\/01\/Logo_Organisator_Website.png","width":800,"height":77,"caption":"Organisator"},"image":{"@id":"https:\/\/www.organisator.ch\/#\/schema\/logo\/image\/"},"sameAs":["https:\/\/www.facebook.com\/OrganisatorFachmagazin","https:\/\/www.linkedin.com\/showcase\/organisator-das-magazin-fr-kmu","https:\/\/www.xing.com\/news\/pages\/organisator-ch-695","https:\/\/www.youtube.com\/channel\/UCGP2Sq0iWaZwT3BdIAQFYpw"]},{"@type":"Person","@id":"https:\/\/www.organisator.ch\/#\/schema\/person\/6f650f90b2842cd4c0cc334b4e36f67e","name":"thomas.berner","image":{"@type":"ImageObject","inLanguage":"fr-FR","@id":"https:\/\/secure.gravatar.com\/avatar\/ac5001d2a36cb6c6cd3e50789007ffca834b477b74a2144564522e944eabff61?s=96&d=mm&r=g","url":"https:\/\/secure.gravatar.com\/avatar\/ac5001d2a36cb6c6cd3e50789007ffca834b477b74a2144564522e944eabff61?s=96&d=mm&r=g","contentUrl":"https:\/\/secure.gravatar.com\/avatar\/ac5001d2a36cb6c6cd3e50789007ffca834b477b74a2144564522e944eabff61?s=96&d=mm&r=g","caption":"thomas.berner"},"url":"https:\/\/www.organisator.ch\/fr\/author\/thomas-berner\/"}]}},"_links":{"self":[{"href":"https:\/\/www.organisator.ch\/fr\/wp-json\/wp\/v2\/posts\/4098","targetHints":{"allow":["GET"]}}],"collection":[{"href":"https:\/\/www.organisator.ch\/fr\/wp-json\/wp\/v2\/posts"}],"about":[{"href":"https:\/\/www.organisator.ch\/fr\/wp-json\/wp\/v2\/types\/post"}],"author":[{"embeddable":true,"href":"https:\/\/www.organisator.ch\/fr\/wp-json\/wp\/v2\/users\/4"}],"replies":[{"embeddable":true,"href":"https:\/\/www.organisator.ch\/fr\/wp-json\/wp\/v2\/comments?post=4098"}],"version-history":[{"count":0,"href":"https:\/\/www.organisator.ch\/fr\/wp-json\/wp\/v2\/posts\/4098\/revisions"}],"wp:featuredmedia":[{"embeddable":true,"href":"https:\/\/www.organisator.ch\/fr\/wp-json\/wp\/v2\/media\/4101"}],"wp:attachment":[{"href":"https:\/\/www.organisator.ch\/fr\/wp-json\/wp\/v2\/media?parent=4098"}],"wp:term":[{"taxonomy":"category","embeddable":true,"href":"https:\/\/www.organisator.ch\/fr\/wp-json\/wp\/v2\/categories?post=4098"},{"taxonomy":"post_tag","embeddable":true,"href":"https:\/\/www.organisator.ch\/fr\/wp-json\/wp\/v2\/tags?post=4098"}],"curies":[{"name":"wp","href":"https:\/\/api.w.org\/{rel}","templated":true}]}}