{"id":410,"date":"2016-11-04T15:52:07","date_gmt":"2016-11-04T14:52:07","guid":{"rendered":"http:\/\/dev.organisator.ch\/?p=410"},"modified":"2016-11-04T15:52:07","modified_gmt":"2016-11-04T14:52:07","slug":"digitale-transformation-schweizer-fuehrungskraefte-sehen-geschaeftsmodelle-in-gefahr","status":"publish","type":"post","link":"https:\/\/www.organisator.ch\/fr\/management\/2016-11-04\/digitale-transformation-schweizer-fuehrungskraefte-sehen-geschaeftsmodelle-in-gefahr\/","title":{"rendered":"Transformation num\u00e9rique : les cadres suisses voient les mod\u00e8les commerciaux en danger"},"content":{"rendered":"<figure id=\"attachment_411\" aria-describedby=\"caption-attachment-411\" style=\"width: 680px\" class=\"wp-caption alignnone\"><img loading=\"lazy\" decoding=\"async\" class=\"size-medium wp-image-411\" src=\"https:\/\/organisator.ch\/wp-content\/uploads\/2016\/12\/Digitale-Transformation-Schweizer-F\u00fchrungskr\u00e4fte-sehen-Gesch\u00e4ftsmodelle-in-Gefahr-organisator.jpg\" alt=\"\" width=\"680\" height=\"408\" \/><figcaption id=\"caption-attachment-411\" class=\"wp-caption-text\">Le changement num\u00e9rique attise les craintes. (Graphique : Coloures-pic - Fotolia.com)<\/figcaption><\/figure>\n<p>Environ 4000 participants de 16 pays ont exprim\u00e9 leur opinion sur la quatri\u00e8me r\u00e9volution industrielle dans le cadre d'une enqu\u00eate men\u00e9e par Dell Technologies dans le monde entier ; en Suisse, 200 personnes ont \u00e9t\u00e9 interrog\u00e9es. Selon cette enqu\u00eate, 93% des managers suisses (78% au niveau mondial) consid\u00e8rent les start-up num\u00e9riques comme une menace pour leur propre entreprise. Dans le monde entier, 45% des participants \u00e0 l'\u00e9tude s'inqui\u00e8tent du fait que leurs mod\u00e8les commerciaux actuels pourraient devenir obsol\u00e8tes d'ici cinq ans au plus tard face \u00e0 la concurrence des start-ups nativement num\u00e9riques - avec un r\u00e9sultat de 60%, la Suisse se situe m\u00eame nettement au-dessus de cette valeur. En Suisse notamment, de nombreuses entreprises ressentent d\u00e9j\u00e0 la pression d'agir : 71 pour cent des personnes interrog\u00e9es en Suisse font \u00e9tat de changements massifs sur le march\u00e9 au cours des trois derni\u00e8res ann\u00e9es en rapport avec la num\u00e9risation progressive et les nouvelles applications de l'Internet des objets - ici aussi, on constate un \u00e9cart par rapport aux valeurs globales du sondage (52 pour cent).<\/p>\n<p><strong>Les d\u00e9fis de la transformation num\u00e9rique<\/strong><\/p>\n<p>Rares sont les entreprises qui ont d\u00e9j\u00e0 achev\u00e9 en grande partie la transformation num\u00e9rique de leur propre organisation. En cons\u00e9quence, la plupart des entreprises ne disposent pas encore d'une approche de solution globale qui leur permettrait de relever le d\u00e9fi num\u00e9rique. Pour que la num\u00e9risation soit un succ\u00e8s dans notre pays, 74% des Suisses et 73% des autres participants \u00e0 l'\u00e9tude estiment que la transformation num\u00e9rique doit \u00eatre men\u00e9e \u00e0 l'avenir sur un front plus large, dans toute l'entreprise.<\/p>\n<p>De leur propre aveu, seules 38% des entreprises suisses (36% au niveau mondial) r\u00e9pondent actuellement aux exigences importantes de leurs clients en mati\u00e8re de s\u00e9curit\u00e9 am\u00e9lior\u00e9e, de services disponibles 24 heures sur 24 et d'acc\u00e8s plus rapide aux informations. 62 % (64 % au niveau mondial) n'agissent pas encore sur la base de connaissances en temps r\u00e9el. Selon les auteurs de l'\u00e9tude, ce sont justement les facteurs de r\u00e9ussite d\u00e9cisifs \u00e0 l'\u00e8re du num\u00e9rique. S'ils ne sont pas atteints, cela pourrait \u00eatre le d\u00e9but d'une crise num\u00e9rique.<\/p>\n<p>Selon 71% des d\u00e9cideurs suisses, les changements num\u00e9riques sont pouss\u00e9s par les concurrents et les start-ups ; la pression exerc\u00e9e par le comit\u00e9 directeur et la direction (46%) ainsi que par les clients (33%) est un peu moins forte. Les r\u00e9sultats globaux de l'\u00e9tude contrastent avec ce constat : 56% des entreprises du monde entier ont indiqu\u00e9 \u00eatre soumises \u00e0 une pression consid\u00e9rable en mati\u00e8re de changement de la part de leurs clients, les concurrents\/start-ups (46%) et l'\u00e9tat-major\/la direction (41%) \u00e9tant les deuxi\u00e8mes et troisi\u00e8mes facteurs les plus souvent cit\u00e9s.<\/p>\n<p><strong>Plan de sauvetage num\u00e9rique<\/strong><\/p>\n<p>Les autres r\u00e9sultats de l'\u00e9tude Dell-EMC confirment qu'il existe encore quelques obstacles sur la voie du succ\u00e8s num\u00e9rique. Seuls 16% des participants suisses \u00e0 l'\u00e9tude ont d\u00e9j\u00e0 \u00e9tabli un compte de r\u00e9sultat num\u00e9rique. Les entreprises suisses sont donc nettement \u00e0 la tra\u00eene dans le contexte mondial (36% dans le monde). Seuls 32% des entreprises (46% au niveau mondial) ont inscrit leurs objectifs de num\u00e9risation dans toutes les directives des services et du personnel. En revanche, une entreprise sur deux (35% au niveau mondial) coop\u00e8re avec des start-ups et adapte leur mod\u00e8le d'innovation ouvert. 54% des entreprises suisses (38% au niveau mondial) ont m\u00eame d\u00e9j\u00e0 nomm\u00e9 un comit\u00e9 de direction charg\u00e9 d'\u00e9valuer les progr\u00e8s num\u00e9riques.<\/p>\n<p>Face \u00e0 l'\u00e9volution des exigences du march\u00e9, les entreprises suisses ont commenc\u00e9 \u00e0 acc\u00e9l\u00e9rer le rythme de leur transformation : 72% (73% au niveau mondial) s'accordent \u00e0 dire qu'elles doivent donner la priorit\u00e9 \u00e0 une strat\u00e9gie technologique centralis\u00e9e au sein de l'entreprise. 70 pour cent (66 pour cent au niveau mondial) pr\u00e9voient d'investir dans l'infrastructure et de d\u00e9velopper davantage de comp\u00e9tences num\u00e9riques. En outre, 65 pour cent (72 pour cent au niveau mondial) veulent \u00e9tendre leurs capacit\u00e9s de d\u00e9veloppement de logiciels. Les investissements informatiques sont pr\u00e9vus en Suisse, par ordre de priorit\u00e9, dans les quatre domaines suivants : Technologies de l'Internet des objets, infrastructures convergentes, solutions ultra-hautes performances et Big Data Analytics.<\/p>\n<p><strong>A quel \"niveau de num\u00e9risation\" se trouvent les entreprises ?<\/strong><\/p>\n<p>Les r\u00e9sultats de l'\u00e9tude sont compl\u00e9t\u00e9s par un indice de transformation num\u00e9rique, bas\u00e9 sur l'auto-\u00e9valuation des participants et refl\u00e9tant le degr\u00e9 de maturit\u00e9 num\u00e9rique des entreprises interrog\u00e9es. Selon cet indice, les entreprises du monde entier :<\/p>\n<ul>\n<li>5 pour cent (en Suisse, aucune des entreprises interrog\u00e9es) font partie des Digital Leaders : pour ce groupe, la transformation num\u00e9rique est pour ainsi dire ancr\u00e9e dans l'ADN de l'entreprise.<\/li>\n<li>14 pour cent (4 pour cent en Suisse) font partie des Digital Adopters qui disposent d\u00e9j\u00e0 d'un plan de transformation m\u00fbri et des moyens d'investissement correspondants.<\/li>\n<li>34% (54% en Suisse) font partie du groupe des \u00e9valuateurs num\u00e9riques qui s'approchent prudemment de la transformation et planifient des initiatives et des investissements dans ce sens pour l'avenir.<\/li>\n<li>32% (29% en Suisse) font partie des \"Digital Followers\". Dans ce groupe, il n'y a pratiquement pas eu d'investissements dans la num\u00e9risation jusqu'\u00e0 pr\u00e9sent ; les plans d'avenir correspondants ont encore un caract\u00e8re tr\u00e8s provisoire.<\/li>\n<li>15 pour cent (13 pour cent en Suisse) font partie des Digital Laggards, les retardataires sans plan de num\u00e9risation d\u00e9di\u00e9, qui n'ont pratiquement pas engag\u00e9 les moyens d'investissement correspondants.<\/li>\n<\/ul>\n<p><em>Source : <a href=\"http:\/\/www.dellemc.com\" target=\"_blank\" rel=\"noreferrer noopener\" data-cke-saved-href=\"http:\/\/www.dellemc.com\">Dell EMC<\/a><\/em><\/p>","protected":false},"excerpt":{"rendered":"<p>Rund 4.000 Studienteilnehmer aus 16 L\u00e4ndern \u00e4usserten\u00a0in einer weltweit durchgef\u00fchrten Umfrage von Dell Technologies\u00a0ihre Meinung zur vierten industriellen Revolution; in der Schweiz waren es 200 Befragte. Demnach sehen 93 Prozent aller Schweizer Manager (weltweit 78 Prozent) digitale Start-ups als Bedrohung f\u00fcr das eigene Gesch\u00e4ft. Weltweit sorgen sich 45 Prozent der Studienteilnehmer, dass ihre heutigen Gesch\u00e4ftsmodelle [&hellip;]<\/p>\n","protected":false},"author":1,"featured_media":411,"comment_status":"open","ping_status":"open","sticky":false,"template":"","format":"standard","meta":{"_acf_changed":false,"_yoast_wpseo_focuskw":"Digitale Transformation","_yoast_wpseo_metadesc":"Laut einer Studie von Dell EMC beurteilen fast alle befragten Schweizer Businessentscheider (96 Prozent) ihren digitalen Reifegrad eher zur\u00fcckhaltend.","articlekey":"","footnotes":""},"categories":[28],"tags":[288,335],"class_list":["post-410","post","type-post","status-publish","format-standard","has-post-thumbnail","hentry","category-management","tag-it-business-software","tag-management-und-unternehmensfuehrung"],"acf":[],"yoast_head":"<!-- This site is optimized with the Yoast SEO plugin v27.5 - https:\/\/yoast.com\/product\/yoast-seo-wordpress\/ -->\n<title>Digitale Transformation: Schweizer F\u00fchrungskr\u00e4fte sehen Gesch\u00e4ftsmodelle in Gefahr - Organisator<\/title>\n<meta name=\"description\" content=\"Laut einer Studie von Dell EMC beurteilen fast alle befragten Schweizer Businessentscheider (96 Prozent) ihren digitalen Reifegrad eher zur\u00fcckhaltend.\" \/>\n<meta name=\"robots\" content=\"index, follow, max-snippet:-1, max-image-preview:large, max-video-preview:-1\" \/>\n<link rel=\"canonical\" href=\"https:\/\/www.organisator.ch\/fr\/gestion-2\/2016-11-04\/digitale-transformation-schweizer-fuehrungskraefte-sehen-geschaeftsmodelle-in-gefahr\/\" \/>\n<meta property=\"og:locale\" content=\"fr_FR\" \/>\n<meta property=\"og:type\" content=\"article\" \/>\n<meta property=\"og:title\" content=\"Digitale Transformation: Schweizer F\u00fchrungskr\u00e4fte sehen Gesch\u00e4ftsmodelle in Gefahr\" \/>\n<meta property=\"og:description\" content=\"Laut einer aktuellen Studie von Dell EMC beurteilen fast alle befragten Schweizer Businessentscheider (96 Prozent) ihren digitalen Reifegrad eher zur\u00fcckhaltend. Nur gerade 4 Prozent sehen sich in der Rolle der Digital Adopters; kein Unternehmen f\u00fchlt sich der Digital-Leader-Gruppe angeh\u00f6rig. Und auch die weltweit gesammelten Ergebnisse der Studie best\u00e4tigen: Es zeichnen sich vielf\u00e4ltige digitale Ver\u00e4nderungen ab.\" \/>\n<meta property=\"og:url\" content=\"https:\/\/www.organisator.ch\/fr\/gestion-2\/2016-11-04\/digitale-transformation-schweizer-fuehrungskraefte-sehen-geschaeftsmodelle-in-gefahr\/\" \/>\n<meta property=\"og:site_name\" content=\"Organisator\" \/>\n<meta property=\"article:publisher\" content=\"https:\/\/www.facebook.com\/OrganisatorFachmagazin\" \/>\n<meta property=\"article:published_time\" content=\"2016-11-04T14:52:07+00:00\" \/>\n<meta name=\"author\" content=\"admin\" \/>\n<meta name=\"twitter:card\" content=\"summary_large_image\" \/>\n<meta name=\"twitter:image\" content=\"https:\/\/www.organisator.ch\/wp-content\/uploads\/2016\/12\/Digitale-Transformation-Schweizer-Fuehrungskraefte-sehen-Geschaeftsmodelle-in-Gefahr-organisator.jpg\" \/>\n<script type=\"application\/ld+json\" class=\"yoast-schema-graph\">{\"@context\":\"https:\\\/\\\/schema.org\",\"@graph\":[{\"@type\":\"Article\",\"@id\":\"https:\\\/\\\/www.organisator.ch\\\/management\\\/2016-11-04\\\/digitale-transformation-schweizer-fuehrungskraefte-sehen-geschaeftsmodelle-in-gefahr\\\/#article\",\"isPartOf\":{\"@id\":\"https:\\\/\\\/www.organisator.ch\\\/management\\\/2016-11-04\\\/digitale-transformation-schweizer-fuehrungskraefte-sehen-geschaeftsmodelle-in-gefahr\\\/\"},\"author\":{\"name\":\"admin\",\"@id\":\"https:\\\/\\\/www.organisator.ch\\\/#\\\/schema\\\/person\\\/aa2bace6c5c5aad60102004a50c4eb1c\"},\"headline\":\"Digitale Transformation: Schweizer F\u00fchrungskr\u00e4fte sehen Gesch\u00e4ftsmodelle in Gefahr\",\"datePublished\":\"2016-11-04T14:52:07+00:00\",\"mainEntityOfPage\":{\"@id\":\"https:\\\/\\\/www.organisator.ch\\\/management\\\/2016-11-04\\\/digitale-transformation-schweizer-fuehrungskraefte-sehen-geschaeftsmodelle-in-gefahr\\\/\"},\"wordCount\":721,\"commentCount\":0,\"publisher\":{\"@id\":\"https:\\\/\\\/www.organisator.ch\\\/#organization\"},\"image\":{\"@id\":\"https:\\\/\\\/www.organisator.ch\\\/management\\\/2016-11-04\\\/digitale-transformation-schweizer-fuehrungskraefte-sehen-geschaeftsmodelle-in-gefahr\\\/#primaryimage\"},\"thumbnailUrl\":\"https:\\\/\\\/www.organisator.ch\\\/wp-content\\\/uploads\\\/2016\\\/12\\\/Digitale-Transformation-Schweizer-Fuehrungskraefte-sehen-Geschaeftsmodelle-in-Gefahr-organisator.jpg\",\"keywords\":[\"IT &amp; Business Software\",\"Management und Unternehmensf\u00fchrung\"],\"articleSection\":[\"MANAGEMENT\"],\"inLanguage\":\"fr-FR\"},{\"@type\":\"WebPage\",\"@id\":\"https:\\\/\\\/www.organisator.ch\\\/management\\\/2016-11-04\\\/digitale-transformation-schweizer-fuehrungskraefte-sehen-geschaeftsmodelle-in-gefahr\\\/\",\"url\":\"https:\\\/\\\/www.organisator.ch\\\/management\\\/2016-11-04\\\/digitale-transformation-schweizer-fuehrungskraefte-sehen-geschaeftsmodelle-in-gefahr\\\/\",\"name\":\"Digitale Transformation: Schweizer F\u00fchrungskr\u00e4fte sehen Gesch\u00e4ftsmodelle in Gefahr - Organisator\",\"isPartOf\":{\"@id\":\"https:\\\/\\\/www.organisator.ch\\\/#website\"},\"primaryImageOfPage\":{\"@id\":\"https:\\\/\\\/www.organisator.ch\\\/management\\\/2016-11-04\\\/digitale-transformation-schweizer-fuehrungskraefte-sehen-geschaeftsmodelle-in-gefahr\\\/#primaryimage\"},\"image\":{\"@id\":\"https:\\\/\\\/www.organisator.ch\\\/management\\\/2016-11-04\\\/digitale-transformation-schweizer-fuehrungskraefte-sehen-geschaeftsmodelle-in-gefahr\\\/#primaryimage\"},\"thumbnailUrl\":\"https:\\\/\\\/www.organisator.ch\\\/wp-content\\\/uploads\\\/2016\\\/12\\\/Digitale-Transformation-Schweizer-Fuehrungskraefte-sehen-Geschaeftsmodelle-in-Gefahr-organisator.jpg\",\"datePublished\":\"2016-11-04T14:52:07+00:00\",\"description\":\"Laut einer Studie von Dell EMC beurteilen fast alle befragten Schweizer Businessentscheider (96 Prozent) ihren digitalen Reifegrad eher zur\u00fcckhaltend.\",\"breadcrumb\":{\"@id\":\"https:\\\/\\\/www.organisator.ch\\\/management\\\/2016-11-04\\\/digitale-transformation-schweizer-fuehrungskraefte-sehen-geschaeftsmodelle-in-gefahr\\\/#breadcrumb\"},\"inLanguage\":\"fr-FR\",\"potentialAction\":[{\"@type\":\"ReadAction\",\"target\":[\"https:\\\/\\\/www.organisator.ch\\\/management\\\/2016-11-04\\\/digitale-transformation-schweizer-fuehrungskraefte-sehen-geschaeftsmodelle-in-gefahr\\\/\"]}]},{\"@type\":\"ImageObject\",\"inLanguage\":\"fr-FR\",\"@id\":\"https:\\\/\\\/www.organisator.ch\\\/management\\\/2016-11-04\\\/digitale-transformation-schweizer-fuehrungskraefte-sehen-geschaeftsmodelle-in-gefahr\\\/#primaryimage\",\"url\":\"https:\\\/\\\/www.organisator.ch\\\/wp-content\\\/uploads\\\/2016\\\/12\\\/Digitale-Transformation-Schweizer-Fuehrungskraefte-sehen-Geschaeftsmodelle-in-Gefahr-organisator.jpg\",\"contentUrl\":\"https:\\\/\\\/www.organisator.ch\\\/wp-content\\\/uploads\\\/2016\\\/12\\\/Digitale-Transformation-Schweizer-Fuehrungskraefte-sehen-Geschaeftsmodelle-in-Gefahr-organisator.jpg\",\"width\":894,\"height\":537,\"caption\":\"Der digitale Wandel sch\u00fcrt Bef\u00fcrchtungen. (Grafik: Coloures-pic - Fotolia.com)\"},{\"@type\":\"BreadcrumbList\",\"@id\":\"https:\\\/\\\/www.organisator.ch\\\/management\\\/2016-11-04\\\/digitale-transformation-schweizer-fuehrungskraefte-sehen-geschaeftsmodelle-in-gefahr\\\/#breadcrumb\",\"itemListElement\":[{\"@type\":\"ListItem\",\"position\":1,\"name\":\"Home\",\"item\":\"https:\\\/\\\/www.organisator.ch\\\/\"},{\"@type\":\"ListItem\",\"position\":2,\"name\":\"Digitale Transformation: Schweizer F\u00fchrungskr\u00e4fte sehen Gesch\u00e4ftsmodelle in Gefahr\"}]},{\"@type\":\"WebSite\",\"@id\":\"https:\\\/\\\/www.organisator.ch\\\/#website\",\"url\":\"https:\\\/\\\/www.organisator.ch\\\/\",\"name\":\"Organisator\",\"description\":\"Kompetent. Praxisnah. Der ORGANISATOR bereitet in 10 Ausgaben pro Jahr die wesentlichen Themen f\u00fcr F\u00fchrungskr\u00e4fte von KMU auf.\",\"publisher\":{\"@id\":\"https:\\\/\\\/www.organisator.ch\\\/#organization\"},\"potentialAction\":[{\"@type\":\"SearchAction\",\"target\":{\"@type\":\"EntryPoint\",\"urlTemplate\":\"https:\\\/\\\/www.organisator.ch\\\/?s={search_term_string}\"},\"query-input\":{\"@type\":\"PropertyValueSpecification\",\"valueRequired\":true,\"valueName\":\"search_term_string\"}}],\"inLanguage\":\"fr-FR\"},{\"@type\":\"Organization\",\"@id\":\"https:\\\/\\\/www.organisator.ch\\\/#organization\",\"name\":\"Organisator\",\"url\":\"https:\\\/\\\/www.organisator.ch\\\/\",\"logo\":{\"@type\":\"ImageObject\",\"inLanguage\":\"fr-FR\",\"@id\":\"https:\\\/\\\/www.organisator.ch\\\/#\\\/schema\\\/logo\\\/image\\\/\",\"url\":\"https:\\\/\\\/www.organisator.ch\\\/wp-content\\\/uploads\\\/2022\\\/01\\\/Logo_Organisator_Website.png\",\"contentUrl\":\"https:\\\/\\\/www.organisator.ch\\\/wp-content\\\/uploads\\\/2022\\\/01\\\/Logo_Organisator_Website.png\",\"width\":800,\"height\":77,\"caption\":\"Organisator\"},\"image\":{\"@id\":\"https:\\\/\\\/www.organisator.ch\\\/#\\\/schema\\\/logo\\\/image\\\/\"},\"sameAs\":[\"https:\\\/\\\/www.facebook.com\\\/OrganisatorFachmagazin\",\"https:\\\/\\\/www.linkedin.com\\\/showcase\\\/organisator-das-magazin-fr-kmu\",\"https:\\\/\\\/www.xing.com\\\/news\\\/pages\\\/organisator-ch-695\",\"https:\\\/\\\/www.youtube.com\\\/channel\\\/UCGP2Sq0iWaZwT3BdIAQFYpw\"]},{\"@type\":\"Person\",\"@id\":\"https:\\\/\\\/www.organisator.ch\\\/#\\\/schema\\\/person\\\/aa2bace6c5c5aad60102004a50c4eb1c\",\"name\":\"admin\",\"image\":{\"@type\":\"ImageObject\",\"inLanguage\":\"fr-FR\",\"@id\":\"https:\\\/\\\/secure.gravatar.com\\\/avatar\\\/ae2f4d718e6c49043e314ce431e7e645d646302a24a5ef5a8bc8e3f5a032e319?s=96&d=mm&r=g\",\"url\":\"https:\\\/\\\/secure.gravatar.com\\\/avatar\\\/ae2f4d718e6c49043e314ce431e7e645d646302a24a5ef5a8bc8e3f5a032e319?s=96&d=mm&r=g\",\"contentUrl\":\"https:\\\/\\\/secure.gravatar.com\\\/avatar\\\/ae2f4d718e6c49043e314ce431e7e645d646302a24a5ef5a8bc8e3f5a032e319?s=96&d=mm&r=g\",\"caption\":\"admin\"},\"sameAs\":[\"https:\\\/\\\/www.organisator.ch\"],\"url\":\"https:\\\/\\\/www.organisator.ch\\\/fr\\\/author\\\/admin\\\/\"}]}<\/script>\n<!-- \/ Yoast SEO plugin. -->","yoast_head_json":{"title":"Transformation num\u00e9rique : les cadres suisses voient leurs mod\u00e8les d'entreprise menac\u00e9s - Organisator","description":"Selon une \u00e9tude de Dell EMC, presque tous les d\u00e9cideurs d'entreprise suisses interrog\u00e9s (96 pour cent) jugent leur degr\u00e9 de maturit\u00e9 num\u00e9rique de mani\u00e8re plut\u00f4t r\u00e9serv\u00e9e.","robots":{"index":"index","follow":"follow","max-snippet":"max-snippet:-1","max-image-preview":"max-image-preview:large","max-video-preview":"max-video-preview:-1"},"canonical":"https:\/\/www.organisator.ch\/fr\/gestion-2\/2016-11-04\/digitale-transformation-schweizer-fuehrungskraefte-sehen-geschaeftsmodelle-in-gefahr\/","og_locale":"fr_FR","og_type":"article","og_title":"Digitale Transformation: Schweizer F\u00fchrungskr\u00e4fte sehen Gesch\u00e4ftsmodelle in Gefahr","og_description":"Laut einer aktuellen Studie von Dell EMC beurteilen fast alle befragten Schweizer Businessentscheider (96 Prozent) ihren digitalen Reifegrad eher zur\u00fcckhaltend. Nur gerade 4 Prozent sehen sich in der Rolle der Digital Adopters; kein Unternehmen f\u00fchlt sich der Digital-Leader-Gruppe angeh\u00f6rig. Und auch die weltweit gesammelten Ergebnisse der Studie best\u00e4tigen: Es zeichnen sich vielf\u00e4ltige digitale Ver\u00e4nderungen ab.","og_url":"https:\/\/www.organisator.ch\/fr\/gestion-2\/2016-11-04\/digitale-transformation-schweizer-fuehrungskraefte-sehen-geschaeftsmodelle-in-gefahr\/","og_site_name":"Organisator","article_publisher":"https:\/\/www.facebook.com\/OrganisatorFachmagazin","article_published_time":"2016-11-04T14:52:07+00:00","author":"admin","twitter_card":"summary_large_image","twitter_image":"https:\/\/www.organisator.ch\/wp-content\/uploads\/2016\/12\/Digitale-Transformation-Schweizer-Fuehrungskraefte-sehen-Geschaeftsmodelle-in-Gefahr-organisator.jpg","schema":{"@context":"https:\/\/schema.org","@graph":[{"@type":"Article","@id":"https:\/\/www.organisator.ch\/management\/2016-11-04\/digitale-transformation-schweizer-fuehrungskraefte-sehen-geschaeftsmodelle-in-gefahr\/#article","isPartOf":{"@id":"https:\/\/www.organisator.ch\/management\/2016-11-04\/digitale-transformation-schweizer-fuehrungskraefte-sehen-geschaeftsmodelle-in-gefahr\/"},"author":{"name":"admin","@id":"https:\/\/www.organisator.ch\/#\/schema\/person\/aa2bace6c5c5aad60102004a50c4eb1c"},"headline":"Digitale Transformation: Schweizer F\u00fchrungskr\u00e4fte sehen Gesch\u00e4ftsmodelle in Gefahr","datePublished":"2016-11-04T14:52:07+00:00","mainEntityOfPage":{"@id":"https:\/\/www.organisator.ch\/management\/2016-11-04\/digitale-transformation-schweizer-fuehrungskraefte-sehen-geschaeftsmodelle-in-gefahr\/"},"wordCount":721,"commentCount":0,"publisher":{"@id":"https:\/\/www.organisator.ch\/#organization"},"image":{"@id":"https:\/\/www.organisator.ch\/management\/2016-11-04\/digitale-transformation-schweizer-fuehrungskraefte-sehen-geschaeftsmodelle-in-gefahr\/#primaryimage"},"thumbnailUrl":"https:\/\/www.organisator.ch\/wp-content\/uploads\/2016\/12\/Digitale-Transformation-Schweizer-Fuehrungskraefte-sehen-Geschaeftsmodelle-in-Gefahr-organisator.jpg","keywords":["IT &amp; Business Software","Management und Unternehmensf\u00fchrung"],"articleSection":["MANAGEMENT"],"inLanguage":"fr-FR"},{"@type":"WebPage","@id":"https:\/\/www.organisator.ch\/management\/2016-11-04\/digitale-transformation-schweizer-fuehrungskraefte-sehen-geschaeftsmodelle-in-gefahr\/","url":"https:\/\/www.organisator.ch\/management\/2016-11-04\/digitale-transformation-schweizer-fuehrungskraefte-sehen-geschaeftsmodelle-in-gefahr\/","name":"Transformation num\u00e9rique : les cadres suisses voient leurs mod\u00e8les d'entreprise menac\u00e9s - Organisator","isPartOf":{"@id":"https:\/\/www.organisator.ch\/#website"},"primaryImageOfPage":{"@id":"https:\/\/www.organisator.ch\/management\/2016-11-04\/digitale-transformation-schweizer-fuehrungskraefte-sehen-geschaeftsmodelle-in-gefahr\/#primaryimage"},"image":{"@id":"https:\/\/www.organisator.ch\/management\/2016-11-04\/digitale-transformation-schweizer-fuehrungskraefte-sehen-geschaeftsmodelle-in-gefahr\/#primaryimage"},"thumbnailUrl":"https:\/\/www.organisator.ch\/wp-content\/uploads\/2016\/12\/Digitale-Transformation-Schweizer-Fuehrungskraefte-sehen-Geschaeftsmodelle-in-Gefahr-organisator.jpg","datePublished":"2016-11-04T14:52:07+00:00","description":"Selon une \u00e9tude de Dell EMC, presque tous les d\u00e9cideurs d'entreprise suisses interrog\u00e9s (96 pour cent) jugent leur degr\u00e9 de maturit\u00e9 num\u00e9rique de mani\u00e8re plut\u00f4t r\u00e9serv\u00e9e.","breadcrumb":{"@id":"https:\/\/www.organisator.ch\/management\/2016-11-04\/digitale-transformation-schweizer-fuehrungskraefte-sehen-geschaeftsmodelle-in-gefahr\/#breadcrumb"},"inLanguage":"fr-FR","potentialAction":[{"@type":"ReadAction","target":["https:\/\/www.organisator.ch\/management\/2016-11-04\/digitale-transformation-schweizer-fuehrungskraefte-sehen-geschaeftsmodelle-in-gefahr\/"]}]},{"@type":"ImageObject","inLanguage":"fr-FR","@id":"https:\/\/www.organisator.ch\/management\/2016-11-04\/digitale-transformation-schweizer-fuehrungskraefte-sehen-geschaeftsmodelle-in-gefahr\/#primaryimage","url":"https:\/\/www.organisator.ch\/wp-content\/uploads\/2016\/12\/Digitale-Transformation-Schweizer-Fuehrungskraefte-sehen-Geschaeftsmodelle-in-Gefahr-organisator.jpg","contentUrl":"https:\/\/www.organisator.ch\/wp-content\/uploads\/2016\/12\/Digitale-Transformation-Schweizer-Fuehrungskraefte-sehen-Geschaeftsmodelle-in-Gefahr-organisator.jpg","width":894,"height":537,"caption":"Der digitale Wandel sch\u00fcrt Bef\u00fcrchtungen. (Grafik: Coloures-pic - Fotolia.com)"},{"@type":"BreadcrumbList","@id":"https:\/\/www.organisator.ch\/management\/2016-11-04\/digitale-transformation-schweizer-fuehrungskraefte-sehen-geschaeftsmodelle-in-gefahr\/#breadcrumb","itemListElement":[{"@type":"ListItem","position":1,"name":"Home","item":"https:\/\/www.organisator.ch\/"},{"@type":"ListItem","position":2,"name":"Digitale Transformation: Schweizer F\u00fchrungskr\u00e4fte sehen Gesch\u00e4ftsmodelle in Gefahr"}]},{"@type":"WebSite","@id":"https:\/\/www.organisator.ch\/#website","url":"https:\/\/www.organisator.ch\/","name":"Organisateur","description":"Comp\u00e9tence et comp\u00e9tence. Proches de la pratique. L'ORGANISATEUR pr\u00e9pare 10 num\u00e9ros par an sur les th\u00e8mes essentiels pour les dirigeants de PME.","publisher":{"@id":"https:\/\/www.organisator.ch\/#organization"},"potentialAction":[{"@type":"SearchAction","target":{"@type":"EntryPoint","urlTemplate":"https:\/\/www.organisator.ch\/?s={search_term_string}"},"query-input":{"@type":"PropertyValueSpecification","valueRequired":true,"valueName":"search_term_string"}}],"inLanguage":"fr-FR"},{"@type":"Organization","@id":"https:\/\/www.organisator.ch\/#organization","name":"Organisateur","url":"https:\/\/www.organisator.ch\/","logo":{"@type":"ImageObject","inLanguage":"fr-FR","@id":"https:\/\/www.organisator.ch\/#\/schema\/logo\/image\/","url":"https:\/\/www.organisator.ch\/wp-content\/uploads\/2022\/01\/Logo_Organisator_Website.png","contentUrl":"https:\/\/www.organisator.ch\/wp-content\/uploads\/2022\/01\/Logo_Organisator_Website.png","width":800,"height":77,"caption":"Organisator"},"image":{"@id":"https:\/\/www.organisator.ch\/#\/schema\/logo\/image\/"},"sameAs":["https:\/\/www.facebook.com\/OrganisatorFachmagazin","https:\/\/www.linkedin.com\/showcase\/organisator-das-magazin-fr-kmu","https:\/\/www.xing.com\/news\/pages\/organisator-ch-695","https:\/\/www.youtube.com\/channel\/UCGP2Sq0iWaZwT3BdIAQFYpw"]},{"@type":"Person","@id":"https:\/\/www.organisator.ch\/#\/schema\/person\/aa2bace6c5c5aad60102004a50c4eb1c","name":"admin","image":{"@type":"ImageObject","inLanguage":"fr-FR","@id":"https:\/\/secure.gravatar.com\/avatar\/ae2f4d718e6c49043e314ce431e7e645d646302a24a5ef5a8bc8e3f5a032e319?s=96&d=mm&r=g","url":"https:\/\/secure.gravatar.com\/avatar\/ae2f4d718e6c49043e314ce431e7e645d646302a24a5ef5a8bc8e3f5a032e319?s=96&d=mm&r=g","contentUrl":"https:\/\/secure.gravatar.com\/avatar\/ae2f4d718e6c49043e314ce431e7e645d646302a24a5ef5a8bc8e3f5a032e319?s=96&d=mm&r=g","caption":"admin"},"sameAs":["https:\/\/www.organisator.ch"],"url":"https:\/\/www.organisator.ch\/fr\/author\/admin\/"}]}},"_links":{"self":[{"href":"https:\/\/www.organisator.ch\/fr\/wp-json\/wp\/v2\/posts\/410","targetHints":{"allow":["GET"]}}],"collection":[{"href":"https:\/\/www.organisator.ch\/fr\/wp-json\/wp\/v2\/posts"}],"about":[{"href":"https:\/\/www.organisator.ch\/fr\/wp-json\/wp\/v2\/types\/post"}],"author":[{"embeddable":true,"href":"https:\/\/www.organisator.ch\/fr\/wp-json\/wp\/v2\/users\/1"}],"replies":[{"embeddable":true,"href":"https:\/\/www.organisator.ch\/fr\/wp-json\/wp\/v2\/comments?post=410"}],"version-history":[{"count":0,"href":"https:\/\/www.organisator.ch\/fr\/wp-json\/wp\/v2\/posts\/410\/revisions"}],"wp:featuredmedia":[{"embeddable":true,"href":"https:\/\/www.organisator.ch\/fr\/wp-json\/wp\/v2\/media\/411"}],"wp:attachment":[{"href":"https:\/\/www.organisator.ch\/fr\/wp-json\/wp\/v2\/media?parent=410"}],"wp:term":[{"taxonomy":"category","embeddable":true,"href":"https:\/\/www.organisator.ch\/fr\/wp-json\/wp\/v2\/categories?post=410"},{"taxonomy":"post_tag","embeddable":true,"href":"https:\/\/www.organisator.ch\/fr\/wp-json\/wp\/v2\/tags?post=410"}],"curies":[{"name":"wp","href":"https:\/\/api.w.org\/{rel}","templated":true}]}}