{"id":4107,"date":"2021-04-16T07:39:21","date_gmt":"2021-04-16T05:39:21","guid":{"rendered":"https:\/\/www.umweltperspektiven.ch\/?p=4107"},"modified":"2021-04-16T07:39:21","modified_gmt":"2021-04-16T05:39:21","slug":"schweiz-braucht-87-mio-tonnen-material-pro-jahr","status":"publish","type":"post","link":"https:\/\/www.organisator.ch\/fr\/allgemein\/2021-04-16\/schweiz-braucht-87-mio-tonnen-material-pro-jahr\/","title":{"rendered":"La Suisse a besoin de 87 millions de tonnes de mat\u00e9riaux par an"},"content":{"rendered":"<figure id=\"attachment_4109\" aria-describedby=\"caption-attachment-4109\" style=\"width: 680px\" class=\"wp-caption aligncenter\"><img loading=\"lazy\" decoding=\"async\" class=\"wp-image-4109 size-medium\" src=\"\/\/www.umweltperspektiven.ch\/wp-content\/uploads\/2021\/04\/MMgrafik_Materialstrom2018_DE_bearbeitet-1.jpg\" alt=\"Flux de mat\u00e9riaux\" width=\"680\" height=\"438\" srcset=\"https:\/\/www.organisator.ch\/wp-content\/uploads\/2021\/04\/MMgrafik_Materialstrom2018_DE_bearbeitet-1.jpg 2406w, https:\/\/www.organisator.ch\/wp-content\/uploads\/2021\/04\/MMgrafik_Materialstrom2018_DE_bearbeitet-1-680x438.jpg 680w, https:\/\/www.organisator.ch\/wp-content\/uploads\/2021\/04\/MMgrafik_Materialstrom2018_DE_bearbeitet-1-1024x659.jpg 1024w, https:\/\/www.organisator.ch\/wp-content\/uploads\/2021\/04\/MMgrafik_Materialstrom2018_DE_bearbeitet-1-768x494.jpg 768w, https:\/\/www.organisator.ch\/wp-content\/uploads\/2021\/04\/MMgrafik_Materialstrom2018_DE_bearbeitet-1-1536x989.jpg 1536w, https:\/\/www.organisator.ch\/wp-content\/uploads\/2021\/04\/MMgrafik_Materialstrom2018_DE_bearbeitet-1-2048x1319.jpg 2048w, https:\/\/www.organisator.ch\/wp-content\/uploads\/2021\/04\/MMgrafik_Materialstrom2018_DE_bearbeitet-1-18x12.jpg 18w, https:\/\/www.organisator.ch\/wp-content\/uploads\/2021\/04\/MMgrafik_Materialstrom2018_DE_bearbeitet-1-272x175.jpg 272w, https:\/\/www.organisator.ch\/wp-content\/uploads\/2021\/04\/MMgrafik_Materialstrom2018_DE_bearbeitet-1-544x350.jpg 544w, https:\/\/www.organisator.ch\/wp-content\/uploads\/2021\/04\/MMgrafik_Materialstrom2018_DE_bearbeitet-1-1243x800.jpg 1243w, https:\/\/www.organisator.ch\/wp-content\/uploads\/2021\/04\/MMgrafik_Materialstrom2018_DE_bearbeitet-1-920x592.jpg 920w, https:\/\/www.organisator.ch\/wp-content\/uploads\/2021\/04\/MMgrafik_Materialstrom2018_DE_bearbeitet-1-1400x901.jpg 1400w, https:\/\/www.organisator.ch\/wp-content\/uploads\/2021\/04\/MMgrafik_Materialstrom2018_DE_bearbeitet-1-300x193.jpg 300w\" sizes=\"auto, (max-width: 680px) 100vw, 680px\" \/><figcaption id=\"caption-attachment-4109\" class=\"wp-caption-text\">Flux de mati\u00e8res en Suisse en 2018 : les masses de l'importation \u00e0 la d\u00e9charge en passant par la consommation et le recyclage. Illustration : Empa<\/figcaption><\/figure>\n<p>B\u00e2timents, installations industrielles, routes, voitures, essence, \u00e9lectricit\u00e9 et notre consommation \u00e0 tous : que consomme la Suisse chaque ann\u00e9e ? Quelle part est export\u00e9e ou \u00e9limin\u00e9e ? Combien sont r\u00e9inject\u00e9es dans l'\u00e9conomie nationale ? Et quelles en sont les cons\u00e9quences pour l'environnement ? Pour une \u00e9quipe de recherche du d\u00e9partement \"Technologie et soci\u00e9t\u00e9\" de l'Empa, trouver des r\u00e9ponses pr\u00e9cises \u00e0 ces questions a \u00e9t\u00e9 une t\u00e2che complexe. Un travail assidu de plusieurs ann\u00e9es : le projet MatCH (\"Material- and energy resources and associated environmental impacts in Switzerland\"), mandat\u00e9 par l'Office f\u00e9d\u00e9ral de l'environnement (OFEV), a d\u00e9but\u00e9 en 2013 et s'est d\u00e9roul\u00e9 en plusieurs \u00e9tapes. La premi\u00e8re partie a recens\u00e9 tous les flux de mat\u00e9riaux et d'\u00e9nergie dans le secteur de la construction ; la deuxi\u00e8me a couvert la mobilit\u00e9. La troisi\u00e8me partie \u00e9tait consacr\u00e9e \u00e0 la production et \u00e0 la consommation des autres biens import\u00e9s, produits dans le pays et export\u00e9s.<\/p>\n<p><strong>Des masses d'exploitation pour tout un pays<\/strong><\/p>\n<p>Cette mosa\u00efque de donn\u00e9es est maintenant r\u00e9sum\u00e9e dans la quatri\u00e8me partie : un rapport de synth\u00e8se comme instantan\u00e9 des flux de masse et d'\u00e9nergie pour l'ann\u00e9e 2018. En voici quelques chiffres cl\u00e9s :<\/p>\n<p>La consommation nationale de mat\u00e9riaux s'\u00e9l\u00e8ve \u00e0 87 millions de tonnes nettes par an : la masse n\u00e9cessaire pour faire tourner l'\u00e9conomie suisse.<\/p>\n<p>Exemples de masses \u00e9coul\u00e9es : 12 millions de tonnes ont pris la direction de l'\u00e9limination finale ; l'exportation s'est \u00e9lev\u00e9e \u00e0 18 millions de tonnes.<\/p>\n<p>Une grande partie du mat\u00e9riel entrant reste dans le syst\u00e8me - et fait cro\u00eetre le \"stock\", comme les auteurs de l'\u00e9tude appellent l'ensemble du stock de la Suisse. En fin de compte, il augmente chaque ann\u00e9e de 1,6%, soit 52 millions de tonnes, en 2018. Le poids total du \"stock de mat\u00e9riaux\" de la Suisse : environ 3,2 milliards de tonnes.<\/p>\n<p><strong>Des donn\u00e9es provenant de nombreuses sources<\/strong><strong>\u00a0<\/strong><\/p>\n<p>Pour obtenir ces donn\u00e9es, l'\u00e9quipe de l'Empa a analys\u00e9 de nombreuses sources. Dans la cat\u00e9gorie \"mobilit\u00e9\", l'Office f\u00e9d\u00e9ral de la statistique a notamment fourni des informations utiles ; dans la cat\u00e9gorie \"consommation et production\", les donn\u00e9es de l'Administration f\u00e9d\u00e9rale des douanes ont \u00e9t\u00e9 utiles. Et pour l'inventaire des constructions, y compris les b\u00e2timents et les voies de communication, les sp\u00e9cialistes ont eu recours \u00e0 des \u00e9tudes ant\u00e9rieures. En fin de compte, ces donn\u00e9es ont permis, selon les chercheurs de l'Empa, de se rapprocher de la r\u00e9alit\u00e9, m\u00eame si elles ne remplacent pas les donn\u00e9es statistiques officielles des autorit\u00e9s f\u00e9d\u00e9rales.<\/p>\n<p>Dans le secteur de la construction, les chiffres de consommation actuels sont \u00e9galement int\u00e9ressants : pr\u00e8s de la moiti\u00e9 des nouveaux mat\u00e9riaux utilis\u00e9s sont du b\u00e9ton - pr\u00e8s de 40 millions de tonnes par an. L'ensemble du secteur de la construction atteint 62 millions de tonnes, tandis que le secteur \"production et consommation\" n'en utilise qu'\u00e0 peine 18 millions de tonnes : un cinqui\u00e8me de la masse totale consomm\u00e9e.<\/p>\n<p>En ce qui concerne la pollution de l'environnement, l'\u00e9tude s'int\u00e9resse en particulier aux \u00e9missions de gaz \u00e0 effet de serre. La consommation de carburant en est la cause principale, avec pr\u00e8s de 25 millions de tonnes, soit environ un quart des \u00e9missions annuelles. Viennent ensuite les combustibles (pr\u00e8s de 20 %), la nourriture pour les hommes (plus de 18 %), l'\u00e9lectricit\u00e9 (pr\u00e8s de 6 %) et l'acier (pr\u00e8s de 5 %). Toutefois, les textiles et le cuir ainsi que les produits chimiques de base contribuent \u00e9galement \u00e0 une part notable avec 4,5 pour cent chacun.<\/p>\n<p><strong>L'influence du style de vie personnel<\/strong><\/p>\n<p>Une caract\u00e9ristique particuli\u00e8re de l'\u00e9tude est l'examen diff\u00e9renci\u00e9 de l'influence de la population suisse. Outre les donn\u00e9es de consommation par habitant, les chercheurs ont \u00e9galement analys\u00e9 l'impact de la marge de man\u0153uvre personnelle en mati\u00e8re de protection du climat : Si tous les habitants se comportaient comme le cinqui\u00e8me de la population suisse ayant le mode de vie le plus exemplaire, les \u00e9missions totales de gaz \u00e0 effet de serre de la Suisse pourraient \u00eatre r\u00e9duites de 16%. En revanche, si tous se comportaient comme le cinqui\u00e8me ayant le mode de vie le moins \u00e9cologique, les \u00e9missions augmenteraient de 17%.<\/p>\n<p><strong>\u00a0<\/strong><\/p>\n<blockquote><p><strong>Synth\u00e8se de trois \u00e9tudes \"MatCH<\/strong><\/p>\n<p><img loading=\"lazy\" decoding=\"async\" class=\"wp-image-4110 alignleft\" src=\"\/\/www.umweltperspektiven.ch\/wp-content\/uploads\/2021\/04\/MatCH-Bericht-Cover.jpg\" alt=\"\" width=\"222\" height=\"280\" srcset=\"https:\/\/www.organisator.ch\/wp-content\/uploads\/2021\/04\/MatCH-Bericht-Cover.jpg 268w, https:\/\/www.organisator.ch\/wp-content\/uploads\/2021\/04\/MatCH-Bericht-Cover-10x12.jpg 10w, https:\/\/www.organisator.ch\/wp-content\/uploads\/2021\/04\/MatCH-Bericht-Cover-139x175.jpg 139w\" sizes=\"auto, (max-width: 222px) 100vw, 222px\" \/>Le rapport \"Flux de mati\u00e8res et d'\u00e9nergie de l'\u00e9conomie suisse\" couvre l'ensemble de l'\u00e9conomie suisse et regroupe les rapports de la trilogie MatCH \"Construction\" (2016), \"Mobilit\u00e9\" (2017) et \"Production &amp; consommation\" (2018).<\/p>\n<p>Dans le d\u00e9tail, 28 domaines de consommation ont \u00e9t\u00e9 distingu\u00e9s et 18 cat\u00e9gories de mat\u00e9riaux ont \u00e9t\u00e9 d\u00e9finies, dont font partie les mat\u00e9riaux solides tels que les mati\u00e8res premi\u00e8res min\u00e9rales, les m\u00e9taux, les mati\u00e8res plastiques, mais aussi les denr\u00e9es alimentaires ainsi que les combustibles, les carburants et l'\u00e9lectricit\u00e9. La mati\u00e8re premi\u00e8re qu'est l'eau n'est pas prise en compte.<\/p>\n<p>Les flux de masse transfrontaliers et internes \u00e0 la Suisse ont \u00e9t\u00e9 exprim\u00e9s en termes de \"consommation int\u00e9rieure de mat\u00e9riaux\". Les experts ont calcul\u00e9 l'impact environnemental \u00e0 l'aide d'une approche simplifi\u00e9e de l'\u00e9cobilan, qui est expliqu\u00e9e dans le rapport de synth\u00e8se.<\/p>\n<p><em>Vous trouverez les trois rapports individuels de la trilogie MatCH\u00a0<a href=\"\/\/www.empa.ch\/web\/s506\/care-project-match\">ici<\/a>.<\/em><\/p>\n<p><em>Vous trouverez le rapport de synth\u00e8se final\u00a0<a href=\"\/\/www.dora.lib4ri.ch\/empa\/islandora\/object\/empa%3A20917\/datastream\/PDF\/Matasci-2019-Material-_und_Energiefl%C3%BCsse_der_schweizerischen-%28published_version%29.pdf\">ici<\/a>.<\/em><\/p><\/blockquote>","protected":false},"excerpt":{"rendered":"<p>Bauwerke, Industrieanlagen, Strassen, Autos, Benzin, Strom und unser aller Konsum: Was verbraucht die Schweiz pro Jahr? Wieviel davon wird exportiert oder entsorgt? Wieviel fliesst zur\u00fcck in die Volkswirtschaft? Und welche Folgen hat das f\u00fcr die Umwelt? F\u00fcr ein Forschungsteam der Empa-Abteilung \u00abTechnologie und Gesellschaft\u00bb war es eine komplexe Aufgabe, pr\u00e4zise Antworten auf diese Fragen zu [&hellip;]<\/p>\n","protected":false},"author":6,"featured_media":4109,"comment_status":"closed","ping_status":"closed","sticky":false,"template":"","format":"standard","meta":{"_acf_changed":false,"_yoast_wpseo_focuskw":"Material- und Energiefl\u00fcsse","_yoast_wpseo_metadesc":"Die Empa hat die gesamten Material- und Energiefl\u00fcsse der CH-Volkswirtschaft erfasst. Der Abschlussbericht liefert interessante Daten und Vergleiche.","articlekey":"","footnotes":""},"categories":[1],"tags":[639,1052,1669,1670],"class_list":["post-4107","post","type-post","status-publish","format-standard","has-post-thumbnail","hentry","category-allgemein","tag-material-and-energy-resources-and-associated-environmental-impacts-in-switzerland","tag-empa","tag-match-projekt","tag-material-und-energiefluesse"],"acf":[],"yoast_head":"<!-- This site is optimized with the Yoast SEO plugin v27.5 - https:\/\/yoast.com\/product\/yoast-seo-wordpress\/ -->\n<title>Schweiz braucht 87 Mio. Tonnen Material pro Jahr - Organisator<\/title>\n<meta name=\"description\" content=\"Die Empa hat die gesamten Material- und Energiefl\u00fcsse der CH-Volkswirtschaft erfasst. Der Abschlussbericht liefert interessante Daten und Vergleiche.\" \/>\n<meta name=\"robots\" content=\"index, follow, max-snippet:-1, max-image-preview:large, max-video-preview:-1\" \/>\n<link rel=\"canonical\" href=\"https:\/\/www.organisator.ch\/fr\/general\/2021-04-16\/schweiz-braucht-87-mio-tonnen-material-pro-jahr\/\" \/>\n<meta property=\"og:locale\" content=\"fr_FR\" \/>\n<meta property=\"og:type\" content=\"article\" \/>\n<meta property=\"og:title\" content=\"Schweiz braucht 87 Mio. Tonnen Material pro Jahr - Organisator\" \/>\n<meta property=\"og:description\" content=\"Die Empa hat die gesamten Material- und Energiefl\u00fcsse der CH-Volkswirtschaft erfasst. Der Abschlussbericht liefert interessante Daten und Vergleiche.\" \/>\n<meta property=\"og:url\" content=\"https:\/\/www.organisator.ch\/fr\/general\/2021-04-16\/schweiz-braucht-87-mio-tonnen-material-pro-jahr\/\" \/>\n<meta property=\"og:site_name\" content=\"Organisator\" \/>\n<meta property=\"article:publisher\" content=\"https:\/\/www.facebook.com\/OrganisatorFachmagazin\" \/>\n<meta property=\"article:published_time\" content=\"2021-04-16T05:39:21+00:00\" \/>\n<meta property=\"og:image\" content=\"https:\/\/www.organisator.ch\/wp-content\/uploads\/2021\/04\/MMgrafik_Materialstrom2018_DE_bearbeitet-1.jpg\" \/>\n\t<meta property=\"og:image:width\" content=\"2406\" \/>\n\t<meta property=\"og:image:height\" content=\"1549\" \/>\n\t<meta property=\"og:image:type\" content=\"image\/jpeg\" \/>\n<meta name=\"author\" content=\"roger.straessle\" \/>\n<meta name=\"twitter:card\" content=\"summary_large_image\" \/>\n<script type=\"application\/ld+json\" class=\"yoast-schema-graph\">{\"@context\":\"https:\\\/\\\/schema.org\",\"@graph\":[{\"@type\":\"Article\",\"@id\":\"https:\\\/\\\/www.organisator.ch\\\/en\\\/general\\\/2021-04-16\\\/schweiz-braucht-87-mio-tonnen-material-pro-jahr\\\/#article\",\"isPartOf\":{\"@id\":\"https:\\\/\\\/www.organisator.ch\\\/en\\\/general\\\/2021-04-16\\\/schweiz-braucht-87-mio-tonnen-material-pro-jahr\\\/\"},\"author\":{\"name\":\"roger.straessle\",\"@id\":\"https:\\\/\\\/www.organisator.ch\\\/#\\\/schema\\\/person\\\/a800b8c54e208b160517a7dcc323161d\"},\"headline\":\"Schweiz braucht 87 Mio. Tonnen Material pro Jahr\",\"datePublished\":\"2021-04-16T05:39:21+00:00\",\"mainEntityOfPage\":{\"@id\":\"https:\\\/\\\/www.organisator.ch\\\/en\\\/general\\\/2021-04-16\\\/schweiz-braucht-87-mio-tonnen-material-pro-jahr\\\/\"},\"wordCount\":702,\"publisher\":{\"@id\":\"https:\\\/\\\/www.organisator.ch\\\/#organization\"},\"image\":{\"@id\":\"https:\\\/\\\/www.organisator.ch\\\/en\\\/general\\\/2021-04-16\\\/schweiz-braucht-87-mio-tonnen-material-pro-jahr\\\/#primaryimage\"},\"thumbnailUrl\":\"https:\\\/\\\/www.organisator.ch\\\/wp-content\\\/uploads\\\/2021\\\/04\\\/MMgrafik_Materialstrom2018_DE_bearbeitet-1.jpg\",\"keywords\":[\"(\u00abMaterial- and energy resources and associated environmental impacts in Switzerland\u00bb\",\"Empa\",\"MatCH-Projekt\",\"Material- und Energiefl\u00fcsse\"],\"articleSection\":[\"Allgemein\"],\"inLanguage\":\"fr-FR\"},{\"@type\":\"WebPage\",\"@id\":\"https:\\\/\\\/www.organisator.ch\\\/en\\\/general\\\/2021-04-16\\\/schweiz-braucht-87-mio-tonnen-material-pro-jahr\\\/\",\"url\":\"https:\\\/\\\/www.organisator.ch\\\/en\\\/general\\\/2021-04-16\\\/schweiz-braucht-87-mio-tonnen-material-pro-jahr\\\/\",\"name\":\"Schweiz braucht 87 Mio. Tonnen Material pro Jahr - Organisator\",\"isPartOf\":{\"@id\":\"https:\\\/\\\/www.organisator.ch\\\/#website\"},\"primaryImageOfPage\":{\"@id\":\"https:\\\/\\\/www.organisator.ch\\\/en\\\/general\\\/2021-04-16\\\/schweiz-braucht-87-mio-tonnen-material-pro-jahr\\\/#primaryimage\"},\"image\":{\"@id\":\"https:\\\/\\\/www.organisator.ch\\\/en\\\/general\\\/2021-04-16\\\/schweiz-braucht-87-mio-tonnen-material-pro-jahr\\\/#primaryimage\"},\"thumbnailUrl\":\"https:\\\/\\\/www.organisator.ch\\\/wp-content\\\/uploads\\\/2021\\\/04\\\/MMgrafik_Materialstrom2018_DE_bearbeitet-1.jpg\",\"datePublished\":\"2021-04-16T05:39:21+00:00\",\"description\":\"Die Empa hat die gesamten Material- und Energiefl\u00fcsse der CH-Volkswirtschaft erfasst. Der Abschlussbericht liefert interessante Daten und Vergleiche.\",\"breadcrumb\":{\"@id\":\"https:\\\/\\\/www.organisator.ch\\\/en\\\/general\\\/2021-04-16\\\/schweiz-braucht-87-mio-tonnen-material-pro-jahr\\\/#breadcrumb\"},\"inLanguage\":\"fr-FR\",\"potentialAction\":[{\"@type\":\"ReadAction\",\"target\":[\"https:\\\/\\\/www.organisator.ch\\\/en\\\/general\\\/2021-04-16\\\/schweiz-braucht-87-mio-tonnen-material-pro-jahr\\\/\"]}]},{\"@type\":\"ImageObject\",\"inLanguage\":\"fr-FR\",\"@id\":\"https:\\\/\\\/www.organisator.ch\\\/en\\\/general\\\/2021-04-16\\\/schweiz-braucht-87-mio-tonnen-material-pro-jahr\\\/#primaryimage\",\"url\":\"https:\\\/\\\/www.organisator.ch\\\/wp-content\\\/uploads\\\/2021\\\/04\\\/MMgrafik_Materialstrom2018_DE_bearbeitet-1.jpg\",\"contentUrl\":\"https:\\\/\\\/www.organisator.ch\\\/wp-content\\\/uploads\\\/2021\\\/04\\\/MMgrafik_Materialstrom2018_DE_bearbeitet-1.jpg\",\"width\":2406,\"height\":1549,\"caption\":\"Materialfl\u00fcsse in der Schweiz 2018: Die Massen vom Import \u00fcber Verbrauch und Recycling bis zur Deponie. Illustration: Empa\"},{\"@type\":\"BreadcrumbList\",\"@id\":\"https:\\\/\\\/www.organisator.ch\\\/en\\\/general\\\/2021-04-16\\\/schweiz-braucht-87-mio-tonnen-material-pro-jahr\\\/#breadcrumb\",\"itemListElement\":[{\"@type\":\"ListItem\",\"position\":1,\"name\":\"Home\",\"item\":\"https:\\\/\\\/www.organisator.ch\\\/\"},{\"@type\":\"ListItem\",\"position\":2,\"name\":\"Schweiz braucht 87 Mio. Tonnen Material pro Jahr\"}]},{\"@type\":\"WebSite\",\"@id\":\"https:\\\/\\\/www.organisator.ch\\\/#website\",\"url\":\"https:\\\/\\\/www.organisator.ch\\\/\",\"name\":\"Organisator\",\"description\":\"Kompetent. Praxisnah. Der ORGANISATOR bereitet in 10 Ausgaben pro Jahr die wesentlichen Themen f\u00fcr F\u00fchrungskr\u00e4fte von KMU auf.\",\"publisher\":{\"@id\":\"https:\\\/\\\/www.organisator.ch\\\/#organization\"},\"potentialAction\":[{\"@type\":\"SearchAction\",\"target\":{\"@type\":\"EntryPoint\",\"urlTemplate\":\"https:\\\/\\\/www.organisator.ch\\\/?s={search_term_string}\"},\"query-input\":{\"@type\":\"PropertyValueSpecification\",\"valueRequired\":true,\"valueName\":\"search_term_string\"}}],\"inLanguage\":\"fr-FR\"},{\"@type\":\"Organization\",\"@id\":\"https:\\\/\\\/www.organisator.ch\\\/#organization\",\"name\":\"Organisator\",\"url\":\"https:\\\/\\\/www.organisator.ch\\\/\",\"logo\":{\"@type\":\"ImageObject\",\"inLanguage\":\"fr-FR\",\"@id\":\"https:\\\/\\\/www.organisator.ch\\\/#\\\/schema\\\/logo\\\/image\\\/\",\"url\":\"https:\\\/\\\/www.organisator.ch\\\/wp-content\\\/uploads\\\/2022\\\/01\\\/Logo_Organisator_Website.png\",\"contentUrl\":\"https:\\\/\\\/www.organisator.ch\\\/wp-content\\\/uploads\\\/2022\\\/01\\\/Logo_Organisator_Website.png\",\"width\":800,\"height\":77,\"caption\":\"Organisator\"},\"image\":{\"@id\":\"https:\\\/\\\/www.organisator.ch\\\/#\\\/schema\\\/logo\\\/image\\\/\"},\"sameAs\":[\"https:\\\/\\\/www.facebook.com\\\/OrganisatorFachmagazin\",\"https:\\\/\\\/www.linkedin.com\\\/showcase\\\/organisator-das-magazin-fr-kmu\",\"https:\\\/\\\/www.xing.com\\\/news\\\/pages\\\/organisator-ch-695\",\"https:\\\/\\\/www.youtube.com\\\/channel\\\/UCGP2Sq0iWaZwT3BdIAQFYpw\"]},{\"@type\":\"Person\",\"@id\":\"https:\\\/\\\/www.organisator.ch\\\/#\\\/schema\\\/person\\\/a800b8c54e208b160517a7dcc323161d\",\"name\":\"roger.straessle\",\"image\":{\"@type\":\"ImageObject\",\"inLanguage\":\"fr-FR\",\"@id\":\"https:\\\/\\\/secure.gravatar.com\\\/avatar\\\/?s=96&d=mm&r=g\",\"url\":\"https:\\\/\\\/secure.gravatar.com\\\/avatar\\\/?s=96&d=mm&r=g\",\"contentUrl\":\"https:\\\/\\\/secure.gravatar.com\\\/avatar\\\/?s=96&d=mm&r=g\",\"caption\":\"roger.straessle\"},\"url\":\"https:\\\/\\\/www.organisator.ch\\\/fr\\\/author\\\/roger-straessle\\\/\"}]}<\/script>\n<!-- \/ Yoast SEO plugin. -->","yoast_head_json":{"title":"La Suisse a besoin de 87 millions de tonnes de mat\u00e9riel par an - Organisateur","description":"L'Empa a recens\u00e9 l'ensemble des flux de mati\u00e8res et d'\u00e9nergie de l'\u00e9conomie suisse. Le rapport final fournit des donn\u00e9es et des comparaisons int\u00e9ressantes.","robots":{"index":"index","follow":"follow","max-snippet":"max-snippet:-1","max-image-preview":"max-image-preview:large","max-video-preview":"max-video-preview:-1"},"canonical":"https:\/\/www.organisator.ch\/fr\/general\/2021-04-16\/schweiz-braucht-87-mio-tonnen-material-pro-jahr\/","og_locale":"fr_FR","og_type":"article","og_title":"Schweiz braucht 87 Mio. Tonnen Material pro Jahr - Organisator","og_description":"Die Empa hat die gesamten Material- und Energiefl\u00fcsse der CH-Volkswirtschaft erfasst. Der Abschlussbericht liefert interessante Daten und Vergleiche.","og_url":"https:\/\/www.organisator.ch\/fr\/general\/2021-04-16\/schweiz-braucht-87-mio-tonnen-material-pro-jahr\/","og_site_name":"Organisator","article_publisher":"https:\/\/www.facebook.com\/OrganisatorFachmagazin","article_published_time":"2021-04-16T05:39:21+00:00","og_image":[{"width":2406,"height":1549,"url":"https:\/\/www.organisator.ch\/wp-content\/uploads\/2021\/04\/MMgrafik_Materialstrom2018_DE_bearbeitet-1.jpg","type":"image\/jpeg"}],"author":"roger.straessle","twitter_card":"summary_large_image","schema":{"@context":"https:\/\/schema.org","@graph":[{"@type":"Article","@id":"https:\/\/www.organisator.ch\/en\/general\/2021-04-16\/schweiz-braucht-87-mio-tonnen-material-pro-jahr\/#article","isPartOf":{"@id":"https:\/\/www.organisator.ch\/en\/general\/2021-04-16\/schweiz-braucht-87-mio-tonnen-material-pro-jahr\/"},"author":{"name":"roger.straessle","@id":"https:\/\/www.organisator.ch\/#\/schema\/person\/a800b8c54e208b160517a7dcc323161d"},"headline":"Schweiz braucht 87 Mio. Tonnen Material pro Jahr","datePublished":"2021-04-16T05:39:21+00:00","mainEntityOfPage":{"@id":"https:\/\/www.organisator.ch\/en\/general\/2021-04-16\/schweiz-braucht-87-mio-tonnen-material-pro-jahr\/"},"wordCount":702,"publisher":{"@id":"https:\/\/www.organisator.ch\/#organization"},"image":{"@id":"https:\/\/www.organisator.ch\/en\/general\/2021-04-16\/schweiz-braucht-87-mio-tonnen-material-pro-jahr\/#primaryimage"},"thumbnailUrl":"https:\/\/www.organisator.ch\/wp-content\/uploads\/2021\/04\/MMgrafik_Materialstrom2018_DE_bearbeitet-1.jpg","keywords":["(\u00abMaterial- and energy resources and associated environmental impacts in Switzerland\u00bb","Empa","MatCH-Projekt","Material- und Energiefl\u00fcsse"],"articleSection":["Allgemein"],"inLanguage":"fr-FR"},{"@type":"WebPage","@id":"https:\/\/www.organisator.ch\/en\/general\/2021-04-16\/schweiz-braucht-87-mio-tonnen-material-pro-jahr\/","url":"https:\/\/www.organisator.ch\/en\/general\/2021-04-16\/schweiz-braucht-87-mio-tonnen-material-pro-jahr\/","name":"La Suisse a besoin de 87 millions de tonnes de mat\u00e9riel par an - Organisateur","isPartOf":{"@id":"https:\/\/www.organisator.ch\/#website"},"primaryImageOfPage":{"@id":"https:\/\/www.organisator.ch\/en\/general\/2021-04-16\/schweiz-braucht-87-mio-tonnen-material-pro-jahr\/#primaryimage"},"image":{"@id":"https:\/\/www.organisator.ch\/en\/general\/2021-04-16\/schweiz-braucht-87-mio-tonnen-material-pro-jahr\/#primaryimage"},"thumbnailUrl":"https:\/\/www.organisator.ch\/wp-content\/uploads\/2021\/04\/MMgrafik_Materialstrom2018_DE_bearbeitet-1.jpg","datePublished":"2021-04-16T05:39:21+00:00","description":"L'Empa a recens\u00e9 l'ensemble des flux de mati\u00e8res et d'\u00e9nergie de l'\u00e9conomie suisse. Le rapport final fournit des donn\u00e9es et des comparaisons int\u00e9ressantes.","breadcrumb":{"@id":"https:\/\/www.organisator.ch\/en\/general\/2021-04-16\/schweiz-braucht-87-mio-tonnen-material-pro-jahr\/#breadcrumb"},"inLanguage":"fr-FR","potentialAction":[{"@type":"ReadAction","target":["https:\/\/www.organisator.ch\/en\/general\/2021-04-16\/schweiz-braucht-87-mio-tonnen-material-pro-jahr\/"]}]},{"@type":"ImageObject","inLanguage":"fr-FR","@id":"https:\/\/www.organisator.ch\/en\/general\/2021-04-16\/schweiz-braucht-87-mio-tonnen-material-pro-jahr\/#primaryimage","url":"https:\/\/www.organisator.ch\/wp-content\/uploads\/2021\/04\/MMgrafik_Materialstrom2018_DE_bearbeitet-1.jpg","contentUrl":"https:\/\/www.organisator.ch\/wp-content\/uploads\/2021\/04\/MMgrafik_Materialstrom2018_DE_bearbeitet-1.jpg","width":2406,"height":1549,"caption":"Materialfl\u00fcsse in der Schweiz 2018: Die Massen vom Import \u00fcber Verbrauch und Recycling bis zur Deponie. Illustration: Empa"},{"@type":"BreadcrumbList","@id":"https:\/\/www.organisator.ch\/en\/general\/2021-04-16\/schweiz-braucht-87-mio-tonnen-material-pro-jahr\/#breadcrumb","itemListElement":[{"@type":"ListItem","position":1,"name":"Home","item":"https:\/\/www.organisator.ch\/"},{"@type":"ListItem","position":2,"name":"Schweiz braucht 87 Mio. Tonnen Material pro Jahr"}]},{"@type":"WebSite","@id":"https:\/\/www.organisator.ch\/#website","url":"https:\/\/www.organisator.ch\/","name":"Organisateur","description":"Comp\u00e9tence et comp\u00e9tence. Proches de la pratique. L'ORGANISATEUR pr\u00e9pare 10 num\u00e9ros par an sur les th\u00e8mes essentiels pour les dirigeants de PME.","publisher":{"@id":"https:\/\/www.organisator.ch\/#organization"},"potentialAction":[{"@type":"SearchAction","target":{"@type":"EntryPoint","urlTemplate":"https:\/\/www.organisator.ch\/?s={search_term_string}"},"query-input":{"@type":"PropertyValueSpecification","valueRequired":true,"valueName":"search_term_string"}}],"inLanguage":"fr-FR"},{"@type":"Organization","@id":"https:\/\/www.organisator.ch\/#organization","name":"Organisateur","url":"https:\/\/www.organisator.ch\/","logo":{"@type":"ImageObject","inLanguage":"fr-FR","@id":"https:\/\/www.organisator.ch\/#\/schema\/logo\/image\/","url":"https:\/\/www.organisator.ch\/wp-content\/uploads\/2022\/01\/Logo_Organisator_Website.png","contentUrl":"https:\/\/www.organisator.ch\/wp-content\/uploads\/2022\/01\/Logo_Organisator_Website.png","width":800,"height":77,"caption":"Organisator"},"image":{"@id":"https:\/\/www.organisator.ch\/#\/schema\/logo\/image\/"},"sameAs":["https:\/\/www.facebook.com\/OrganisatorFachmagazin","https:\/\/www.linkedin.com\/showcase\/organisator-das-magazin-fr-kmu","https:\/\/www.xing.com\/news\/pages\/organisator-ch-695","https:\/\/www.youtube.com\/channel\/UCGP2Sq0iWaZwT3BdIAQFYpw"]},{"@type":"Person","@id":"https:\/\/www.organisator.ch\/#\/schema\/person\/a800b8c54e208b160517a7dcc323161d","name":"roger.straessle","image":{"@type":"ImageObject","inLanguage":"fr-FR","@id":"https:\/\/secure.gravatar.com\/avatar\/?s=96&d=mm&r=g","url":"https:\/\/secure.gravatar.com\/avatar\/?s=96&d=mm&r=g","contentUrl":"https:\/\/secure.gravatar.com\/avatar\/?s=96&d=mm&r=g","caption":"roger.straessle"},"url":"https:\/\/www.organisator.ch\/fr\/author\/roger-straessle\/"}]}},"_links":{"self":[{"href":"https:\/\/www.organisator.ch\/fr\/wp-json\/wp\/v2\/posts\/4107","targetHints":{"allow":["GET"]}}],"collection":[{"href":"https:\/\/www.organisator.ch\/fr\/wp-json\/wp\/v2\/posts"}],"about":[{"href":"https:\/\/www.organisator.ch\/fr\/wp-json\/wp\/v2\/types\/post"}],"author":[{"embeddable":true,"href":"https:\/\/www.organisator.ch\/fr\/wp-json\/wp\/v2\/users\/6"}],"replies":[{"embeddable":true,"href":"https:\/\/www.organisator.ch\/fr\/wp-json\/wp\/v2\/comments?post=4107"}],"version-history":[{"count":0,"href":"https:\/\/www.organisator.ch\/fr\/wp-json\/wp\/v2\/posts\/4107\/revisions"}],"wp:featuredmedia":[{"embeddable":true,"href":"https:\/\/www.organisator.ch\/fr\/wp-json\/wp\/v2\/media\/4109"}],"wp:attachment":[{"href":"https:\/\/www.organisator.ch\/fr\/wp-json\/wp\/v2\/media?parent=4107"}],"wp:term":[{"taxonomy":"category","embeddable":true,"href":"https:\/\/www.organisator.ch\/fr\/wp-json\/wp\/v2\/categories?post=4107"},{"taxonomy":"post_tag","embeddable":true,"href":"https:\/\/www.organisator.ch\/fr\/wp-json\/wp\/v2\/tags?post=4107"}],"curies":[{"name":"wp","href":"https:\/\/api.w.org\/{rel}","templated":true}]}}