{"id":4117,"date":"2018-08-23T08:31:55","date_gmt":"2018-08-23T06:31:55","guid":{"rendered":"https:\/\/www.organisator.ch\/?p=4117"},"modified":"2018-08-23T08:31:55","modified_gmt":"2018-08-23T06:31:55","slug":"ein-sicherer-platz-fuer-unternehmenskritische-daten-und-anwendungen","status":"publish","type":"post","link":"https:\/\/www.organisator.ch\/fr\/management\/it\/2018-08-23\/ein-sicherer-platz-fuer-unternehmenskritische-daten-und-anwendungen\/","title":{"rendered":"Un endroit s\u00fbr pour les donn\u00e9es et les applications critiques de l'entreprise"},"content":{"rendered":"<figure id=\"attachment_4118\" aria-describedby=\"caption-attachment-4118\" style=\"width: 640px\" class=\"wp-caption alignnone\"><img loading=\"lazy\" decoding=\"async\" class=\"size-full wp-image-4118\" src=\"https:\/\/www.organisator.ch\/wp-content\/uploads\/2018\/08\/Ein-sicherer-Platz-fuer-unternehmenskritische-Daten-und-Anwendungen_Organisator.jpg\" alt=\"\" width=\"640\" height=\"320\" srcset=\"https:\/\/www.organisator.ch\/wp-content\/uploads\/2018\/08\/Ein-sicherer-Platz-fuer-unternehmenskritische-Daten-und-Anwendungen_Organisator.jpg 640w, https:\/\/www.organisator.ch\/wp-content\/uploads\/2018\/08\/Ein-sicherer-Platz-fuer-unternehmenskritische-Daten-und-Anwendungen_Organisator-16x8.jpg 16w, https:\/\/www.organisator.ch\/wp-content\/uploads\/2018\/08\/Ein-sicherer-Platz-fuer-unternehmenskritische-Daten-und-Anwendungen_Organisator-350x175.jpg 350w, https:\/\/www.organisator.ch\/wp-content\/uploads\/2018\/08\/Ein-sicherer-Platz-fuer-unternehmenskritische-Daten-und-Anwendungen_Organisator-300x150.jpg 300w\" sizes=\"auto, (max-width: 640px) 100vw, 640px\" \/><figcaption id=\"caption-attachment-4118\" class=\"wp-caption-text\">Les donn\u00e9es critiques de l'entreprise y sont en s\u00e9curit\u00e9 : montage d'un cold cube dans un data center haut de gamme. (Image : Cyberlink)<\/figcaption><\/figure>\n<p>Il y a quelques instants encore, je peaufinais une phrase, j'entrais une formule dans Excel, j'actualisais la base de donn\u00e9es - et soudain, l'\u00e9cran est sombre. Pas seulement lui, il n'y a plus de lumi\u00e8re, la ligne t\u00e9l\u00e9phonique est morte, la radio est \u00e9teinte et m\u00eame la machine \u00e0 caf\u00e9 ne fait plus de bruit. Plus de mail, plus de tableau, plus d'entr\u00e9es dans la base de donn\u00e9es. Et les bruits d'alarme angoissants de l'onduleur - panne de courant - proviennent de la salle informatique. En Suisse, contrairement \u00e0 de nombreux autres pays, il s'agit heureusement d'un \u00e9v\u00e9nement rare. Et pourtant, selon les donn\u00e9es des fournisseurs, l'\u00e9lectricit\u00e9 est interrompue chez nous en moyenne 15 minutes par an de mani\u00e8re non planifi\u00e9e. Un serveur qui ne s'arr\u00eate pas correctement peut perdre des donn\u00e9es. La perte de donn\u00e9es critiques pour l'entreprise peut avoir des cons\u00e9quences dramatiques, voire catastrophiques, pour une PME. On ne pense m\u00eame pas \u00e0 un incendie ou \u00e0 une inondation, car lors d'\u00e9v\u00e9nements aussi graves, les dommages ne se limitent pas aux donn\u00e9es, loin de l\u00e0. Et pourtant, que faire en cas de perte de donn\u00e9es essentielles pour l'entreprise et de destruction de l'environnement informatique ?<\/p>\n<h2>Co\u00fbts et atteinte \u00e0 la r\u00e9putation<\/h2>\n<p>Outre la probabilit\u00e9 de ces risques, heureusement plut\u00f4t rares, la question se pose g\u00e9n\u00e9ralement pour les PME de savoir si l'exploitation d'une infrastructure propre est encore d'actualit\u00e9 et rentable. L'entretien d'un environnement informatique propre est co\u00fbteux \u00e0 tous points de vue. Outre le mat\u00e9riel informatique correspondant, il faut \u00e9galement disposer d'une salle de serveurs - un espace qui pourrait en fait \u00eatre mieux utilis\u00e9 la plupart du temps. Id\u00e9alement, une telle salle devrait \u00eatre climatis\u00e9e et prot\u00e9g\u00e9e contre les incendies, les infiltrations d'eau et les acc\u00e8s non autoris\u00e9s. Outre les co\u00fbts d'investissement, d'\u00e9lectricit\u00e9 et d'entretien \u00e9lev\u00e9s, il faut \u00e9galement un sp\u00e9cialiste dans l'entreprise qui s'occupe d'un fonctionnement sans panne ni interruption. En fait, il en faut au moins deux, car l'un d'eux veut aussi partir en vacances. Aujourd'hui, pratiquement aucune entreprise ne peut fonctionner sans informatique. Quelques heures sans syst\u00e8me, sans application et sans donn\u00e9es peuvent co\u00fbter une fortune, sans parler de l'atteinte \u00e0 la r\u00e9putation.<\/p>\n<h2>Centre de donn\u00e9es hautement s\u00e9curis\u00e9<\/h2>\n<p>C'est l\u00e0 qu'interviennent des services tels que la co-location, les centres de donn\u00e9es virtuels et les serveurs virtuels. La co-location d\u00e9signe l'h\u00e9bergement d'un serveur ou d'un environnement informatique dans un centre de donn\u00e9es hautement s\u00e9curis\u00e9, id\u00e9alement en Suisse. Un centre de donn\u00e9es de niveau 3 garantit une disponibilit\u00e9 maximale de l'\u00e9lectricit\u00e9, une protection contre les incendies et une s\u00e9curit\u00e9 d'acc\u00e8s. La co-location permet un maximum d'\u00e9volutivit\u00e9, de service et de support. Les clients peuvent louer un espace rack d\u00e9di\u00e9 qui a exactement la taille souhait\u00e9e et n\u00e9cessaire. Il peut s'agir d'un rack entier, de la moiti\u00e9 ou d'un quart. Le client utilise l'espace seul, il ne doit donc pas le partager avec d'autres entreprises, et il a acc\u00e8s 24 heures sur 24 et 7 jours sur 7 au centre de calcul et \u00e0 son rack. Contrairement \u00e0 une salle de serveurs ou m\u00eame \u00e0 un centre de donn\u00e9es, les co\u00fbts ne concernent que l'espace dont l'entreprise a r\u00e9ellement besoin.<\/p>\n<h2>Disponibilit\u00e9 de l'\u00e9lectricit\u00e9 de 99,999 pour cent<\/h2>\n<p>Comme nous l'avons d\u00e9j\u00e0 mentionn\u00e9, le stockage des donn\u00e9es est id\u00e9alement situ\u00e9 en Suisse, car c'est le seul moyen pour les entreprises de b\u00e9n\u00e9ficier de la s\u00e9curit\u00e9 juridique correspondante. Les autres avantages de la co-location sont une connexion rapide \u00e0 la connectivit\u00e9, des connexions \u00e0 haute disponibilit\u00e9 au site de l'entreprise, \u00e0 Internet et aux fournisseurs de cloud ; le contr\u00f4le de la climatisation, l'alimentation de secours (onduleurs redondants et g\u00e9n\u00e9rateurs diesel N+1), la surveillance des incendies avec dispositif d'extinction et un acc\u00e8s surveill\u00e9 et s\u00e9curis\u00e9 24 heures sur 24 par badge personnalis\u00e9. Chaque rack du centre de donn\u00e9es est reli\u00e9 \u00e0 deux circuits \u00e9lectriques enti\u00e8rement s\u00e9par\u00e9s. Au total, une disponibilit\u00e9 \u00e9lectrique mensuelle de 99,999 pour cent est garantie, ce qui correspond \u00e0 une interruption de 26 secondes au maximum. Les centres informatiques de niveau 3 utilisent des composants redondants ainsi que de multiples voies d'alimentation actives et passives. Le syst\u00e8me est ainsi tol\u00e9rant aux pannes et des travaux de maintenance sans interruption sont \u00e9galement possibles pendant l'exploitation.<\/p>\n<h2>Plus besoin d'infrastructure physique pour les donn\u00e9es critiques de l'entreprise<\/h2>\n<p>De m\u00eame, un centre de donn\u00e9es virtuel (Virtual Datacenter, VDC) avec des serveurs virtuels peut \u00eatre exploit\u00e9 pour une PME dans un centre de donn\u00e9es Tier 3 hautement s\u00e9curis\u00e9. Il s'agit d'une solution SDDC (Software Defined Data Center) \u00e9volutive et enti\u00e8rement automatis\u00e9e. Le VDC peut \u00eatre int\u00e9gr\u00e9 directement dans l'infrastructure informatique d'une entreprise et offre un calcul et un stockage \u00e0 la demande pour les applications d'une PME. Gr\u00e2ce \u00e0 cette solution int\u00e9gr\u00e9e, il n'est plus n\u00e9cessaire d'acheter, de g\u00e9rer et d'entretenir une infrastructure physique - on parle d'une solution dite Infrastructure-as-a- Service (IaaS). Elle peut \u00eatre mise en place rapidement et facilement, est \u00e9volutive et peu co\u00fbteuse. Un Virtual Datacenter est id\u00e9alement exploit\u00e9 de mani\u00e8re g\u00e9o-redondante dans des centres de donn\u00e9es de niveau 3 en Suisse, avec des mesures de s\u00e9curit\u00e9 maximales.<\/p>\n<h2>Conseil et soutien<\/h2>\n<p>La plupart du temps, l'environnement informatique d'une entreprise s'est d\u00e9velopp\u00e9 de mani\u00e8re organique au fil des ann\u00e9es. Il existe des d\u00e9pendances dont on n'a peut-\u00eatre m\u00eame pas (plus) conscience. Il se peut que diff\u00e9rents d\u00e9partements utilisent des donn\u00e9es en m\u00eame temps et que certaines applications aient d\u00e9j\u00e0 beaucoup vieilli. Un fournisseur de services g\u00e9r\u00e9s s\u00e9rieux, qui propose la co-location et des environnements virtuels, aide \u00e9galement ses clients \u00e0 d\u00e9m\u00e9nager ou \u00e0 passer \u00e0 autre chose. L'environnement informatique existant est examin\u00e9 \u00e0 la loupe, l'inventaire est dress\u00e9 et une planification d\u00e9taill\u00e9e est \u00e9tablie. Le projet est suivi et, en cas de (nouvelle) installation, le client b\u00e9n\u00e9ficie du soutien n\u00e9cessaire de la part des experts.<\/p>\n<h2>Concentration sur les comp\u00e9tences r\u00e9elles<\/h2>\n<p>Avec la co-location ou le Virtual Datacenter, une PME a la garantie que ses donn\u00e9es et ses applications se trouvent dans un lieu extr\u00eamement s\u00fbr, surveill\u00e9 24 heures sur 24. De plus, les frais d'entretien et l'espace requis par une infrastructure propre correspondante sont supprim\u00e9s. Et ce, \u00e0 des co\u00fbts nettement inf\u00e9rieurs. En m\u00eame temps, l'entreprise garde le contr\u00f4le total de ses syst\u00e8mes. Celui qui a plac\u00e9 ses donn\u00e9es et ses serveurs dans un lieu s\u00fbr a l'esprit libre pour prendre des d\u00e9cisions strat\u00e9giques et peut se concentrer sur les comp\u00e9tences cl\u00e9s de l'entreprise.<\/p>\n<p align=\"LEFT\"><em><strong>Informations sur l'auteur :<\/strong> <\/em><br \/>\n<em>Thomas Kn\u00fcsel est COO chez Cyberlink AG. Cyberlink est un fournisseur d'acc\u00e8s Internet (FAI) suisse ind\u00e9pendant depuis 1995. En 2012, l'entreprise s'est concentr\u00e9e sur la fourniture de services g\u00e9r\u00e9s de haute qualit\u00e9 pour les clients commerciaux, passant ainsi du statut de FAI \u00e0 celui de MSP (Managed Service Provider). Le portefeuille comprend des solutions dans le domaine de la connectivit\u00e9 (acc\u00e8s Internet et mise en r\u00e9seau de sites), de la s\u00e9curit\u00e9 g\u00e9r\u00e9e et des centres de donn\u00e9es. Cyberlink emploie environ 30 personnes \u00e0 Zurich, qui s'occupent de plus de 1500 clients commerciaux dans toute la Suisse. Il s'agit principalement de clients avec un volume de donn\u00e9es \u00e9lev\u00e9. En outre, seuls des appareils haut de gamme sont utilis\u00e9s, qui peuvent garantir une s\u00e9curit\u00e9 \u00e9lev\u00e9e contre les pannes, comme le fait savoir l'entreprise. Un client PME qui mise d\u00e9j\u00e0 sur un datacenter virtuel de Cyberlink est la soci\u00e9t\u00e9 eyeVIP AG, d\u00e9veloppeur et exploitant d'un logiciel intuitif de gestion d'\u00e9v\u00e9nements. eyeVIP utilise le Virtual Datacenter (VDC) Premium g\u00e9o-redondant ainsi que la connexion du bureau par Business Internet. Ici aussi, les avantages de la solution SDDC (Software Defined Data Center) \u00e9volutive et enti\u00e8rement automatis\u00e9e, qui a \u00e9t\u00e9 directement int\u00e9gr\u00e9e dans l'infrastructure informatique d'eyeVIP, sont mis \u00e0 profit. Alina Klaus, Managing Director de eye-VIP AG, voit encore d'autres avantages dans la solution VDC : \"Le VDC a pu \u00eatre mis en place selon nos souhaits, les services sont librement configurables par nos soins et nos clients ainsi que nous-m\u00eames profitons de la haute disponibilit\u00e9. \"Gr\u00e2ce \u00e0 la connexion Internet professionnelle de Cyberlink combin\u00e9e au VDC, les fonctions n\u00e9cessitant des performances \u00e9lev\u00e9es, comme par exemple le t\u00e9l\u00e9chargement de photos apr\u00e8s un \u00e9v\u00e9nement, sont rapides et efficaces, comme le confirme le client. Parmi les autres entreprises qui utilisent les services de Cyberlink, on peut citer BSI Business Systems Integration AG, Post CH AG, Tremegisto Consulting, invest.ch Services GmbH, mhs @ internet AG, Brust-Zentrum AG, Zubler &amp; Partner AG et Halter AG.<\/em><\/p>\n<p align=\"LEFT\"><em> <a href=\"http:\/\/www.cyberlink.ch\">www.cyberlink.ch<\/a><\/em><\/p>\n<p align=\"LEFT\">","protected":false},"excerpt":{"rendered":"<p>Eben noch an einem Satz gefeilt, eine Formel im Excel eingetragen, die Datenbank aktualisiert \u2013 pl\u00f6tzlich ist der Bildschirm dunkel. Nicht nur er, es gibt auch kein Licht mehr, die Telefonleitung ist tot, das Radio aus und nicht mal mehr die Kaffeemaschine gibt einen Laut von sich. Mail weg, Tabelle weg, Datenbankeintr\u00e4ge weg. Und aus [&hellip;]<\/p>\n","protected":false},"author":4,"featured_media":4118,"comment_status":"open","ping_status":"open","sticky":false,"template":"","format":"standard","meta":{"_acf_changed":false,"_yoast_wpseo_focuskw":"unternehmenskritische Daten","_yoast_wpseo_metadesc":"Soll ein KMU noch eigene Server haben, und falls ja, wie steht es um die Sicherheit? Wer k\u00fcmmert sich um Infrastruktur und unterbruchfreien Betrieb?","articlekey":"","footnotes":""},"categories":[27],"tags":[156,260,384,492],"class_list":["post-4117","post","type-post","status-publish","format-standard","has-post-thumbnail","hentry","category-it","tag-digitalisierung","tag-ict-sicherheit","tag-physische-it-sicherheit","tag-unternehmen"],"acf":[],"yoast_head":"<!-- This site is optimized with the Yoast SEO plugin v27.5 - https:\/\/yoast.com\/product\/yoast-seo-wordpress\/ -->\n<title>Ein sicherer Platz f\u00fcr unternehmenskritische Daten und Anwendungen - Organisator<\/title>\n<meta name=\"description\" content=\"Soll ein KMU noch eigene Server haben, und falls ja, wie steht es um die Sicherheit? Wer k\u00fcmmert sich um Infrastruktur und unterbruchfreien Betrieb?\" \/>\n<meta name=\"robots\" content=\"index, follow, max-snippet:-1, max-image-preview:large, max-video-preview:-1\" \/>\n<link rel=\"canonical\" href=\"https:\/\/www.organisator.ch\/fr\/gestion-2\/it\/2018-08-23\/ein-sicherer-platz-fuer-unternehmenskritische-daten-und-anwendungen\/\" \/>\n<meta property=\"og:locale\" content=\"fr_FR\" \/>\n<meta property=\"og:type\" content=\"article\" \/>\n<meta property=\"og:title\" content=\"Ein sicherer Platz f\u00fcr unternehmenskritische Daten und Anwendungen\" \/>\n<meta property=\"og:description\" content=\"Soll ein KMU noch eigene Server haben, und falls ja, wie steht es um die Sicherheit? Wer k\u00fcmmert sich um Infrastruktur und unterbruchfreien Betrieb?\" \/>\n<meta property=\"og:url\" content=\"https:\/\/www.organisator.ch\/fr\/gestion-2\/it\/2018-08-23\/ein-sicherer-platz-fuer-unternehmenskritische-daten-und-anwendungen\/\" \/>\n<meta property=\"og:site_name\" content=\"Organisator\" \/>\n<meta property=\"article:publisher\" content=\"https:\/\/www.facebook.com\/OrganisatorFachmagazin\" \/>\n<meta property=\"article:published_time\" content=\"2018-08-23T06:31:55+00:00\" \/>\n<meta property=\"og:image\" content=\"https:\/\/www.organisator.ch\/wp-content\/uploads\/2018\/08\/Ein-sicherer-Platz-fuer-unternehmenskritische-Daten-und-Anwendungen_Organisator.jpg\" \/>\n\t<meta property=\"og:image:width\" content=\"640\" \/>\n\t<meta property=\"og:image:height\" content=\"320\" \/>\n\t<meta property=\"og:image:type\" content=\"image\/jpeg\" \/>\n<meta name=\"author\" content=\"thomas.berner\" \/>\n<meta name=\"twitter:card\" content=\"summary_large_image\" \/>\n<meta name=\"twitter:title\" content=\"Ein sicherer Platz f\u00fcr #unternehmenskritische Daten und Anwendungen\" \/>\n<meta name=\"twitter:description\" content=\"Soll ein KMU noch eigene #Server haben, und falls ja, wie steht es um die Sicherheit? Wer k\u00fcmmert sich um Infrastruktur und unterbruchfreien Betrieb?\" \/>\n<meta name=\"twitter:image\" content=\"https:\/\/www.organisator.ch\/wp-content\/uploads\/2018\/08\/Ein-sicherer-Platz-f\u00fcr-unternehmenskritische-Daten-und-Anwendungen_Organisator.jpg\" \/>\n<script type=\"application\/ld+json\" class=\"yoast-schema-graph\">{\"@context\":\"https:\\\/\\\/schema.org\",\"@graph\":[{\"@type\":\"Article\",\"@id\":\"https:\\\/\\\/www.organisator.ch\\\/management\\\/it\\\/2018-08-23\\\/ein-sicherer-platz-fuer-unternehmenskritische-daten-und-anwendungen\\\/#article\",\"isPartOf\":{\"@id\":\"https:\\\/\\\/www.organisator.ch\\\/management\\\/it\\\/2018-08-23\\\/ein-sicherer-platz-fuer-unternehmenskritische-daten-und-anwendungen\\\/\"},\"author\":{\"name\":\"thomas.berner\",\"@id\":\"https:\\\/\\\/www.organisator.ch\\\/#\\\/schema\\\/person\\\/6f650f90b2842cd4c0cc334b4e36f67e\"},\"headline\":\"Ein sicherer Platz f\u00fcr unternehmenskritische Daten und Anwendungen\",\"datePublished\":\"2018-08-23T06:31:55+00:00\",\"mainEntityOfPage\":{\"@id\":\"https:\\\/\\\/www.organisator.ch\\\/management\\\/it\\\/2018-08-23\\\/ein-sicherer-platz-fuer-unternehmenskritische-daten-und-anwendungen\\\/\"},\"wordCount\":1219,\"commentCount\":0,\"publisher\":{\"@id\":\"https:\\\/\\\/www.organisator.ch\\\/#organization\"},\"image\":{\"@id\":\"https:\\\/\\\/www.organisator.ch\\\/management\\\/it\\\/2018-08-23\\\/ein-sicherer-platz-fuer-unternehmenskritische-daten-und-anwendungen\\\/#primaryimage\"},\"thumbnailUrl\":\"https:\\\/\\\/www.organisator.ch\\\/wp-content\\\/uploads\\\/2018\\\/08\\\/Ein-sicherer-Platz-fuer-unternehmenskritische-Daten-und-Anwendungen_Organisator.jpg\",\"keywords\":[\"Digitalisierung\",\"ICT-Sicherheit\",\"Physische IT-Sicherheit\",\"Unternehmen\"],\"articleSection\":[\"IT\"],\"inLanguage\":\"fr-FR\"},{\"@type\":\"WebPage\",\"@id\":\"https:\\\/\\\/www.organisator.ch\\\/management\\\/it\\\/2018-08-23\\\/ein-sicherer-platz-fuer-unternehmenskritische-daten-und-anwendungen\\\/\",\"url\":\"https:\\\/\\\/www.organisator.ch\\\/management\\\/it\\\/2018-08-23\\\/ein-sicherer-platz-fuer-unternehmenskritische-daten-und-anwendungen\\\/\",\"name\":\"Ein sicherer Platz f\u00fcr unternehmenskritische Daten und Anwendungen - Organisator\",\"isPartOf\":{\"@id\":\"https:\\\/\\\/www.organisator.ch\\\/#website\"},\"primaryImageOfPage\":{\"@id\":\"https:\\\/\\\/www.organisator.ch\\\/management\\\/it\\\/2018-08-23\\\/ein-sicherer-platz-fuer-unternehmenskritische-daten-und-anwendungen\\\/#primaryimage\"},\"image\":{\"@id\":\"https:\\\/\\\/www.organisator.ch\\\/management\\\/it\\\/2018-08-23\\\/ein-sicherer-platz-fuer-unternehmenskritische-daten-und-anwendungen\\\/#primaryimage\"},\"thumbnailUrl\":\"https:\\\/\\\/www.organisator.ch\\\/wp-content\\\/uploads\\\/2018\\\/08\\\/Ein-sicherer-Platz-fuer-unternehmenskritische-Daten-und-Anwendungen_Organisator.jpg\",\"datePublished\":\"2018-08-23T06:31:55+00:00\",\"description\":\"Soll ein KMU noch eigene Server haben, und falls ja, wie steht es um die Sicherheit? Wer k\u00fcmmert sich um Infrastruktur und unterbruchfreien Betrieb?\",\"breadcrumb\":{\"@id\":\"https:\\\/\\\/www.organisator.ch\\\/management\\\/it\\\/2018-08-23\\\/ein-sicherer-platz-fuer-unternehmenskritische-daten-und-anwendungen\\\/#breadcrumb\"},\"inLanguage\":\"fr-FR\",\"potentialAction\":[{\"@type\":\"ReadAction\",\"target\":[\"https:\\\/\\\/www.organisator.ch\\\/management\\\/it\\\/2018-08-23\\\/ein-sicherer-platz-fuer-unternehmenskritische-daten-und-anwendungen\\\/\"]}]},{\"@type\":\"ImageObject\",\"inLanguage\":\"fr-FR\",\"@id\":\"https:\\\/\\\/www.organisator.ch\\\/management\\\/it\\\/2018-08-23\\\/ein-sicherer-platz-fuer-unternehmenskritische-daten-und-anwendungen\\\/#primaryimage\",\"url\":\"https:\\\/\\\/www.organisator.ch\\\/wp-content\\\/uploads\\\/2018\\\/08\\\/Ein-sicherer-Platz-fuer-unternehmenskritische-Daten-und-Anwendungen_Organisator.jpg\",\"contentUrl\":\"https:\\\/\\\/www.organisator.ch\\\/wp-content\\\/uploads\\\/2018\\\/08\\\/Ein-sicherer-Platz-fuer-unternehmenskritische-Daten-und-Anwendungen_Organisator.jpg\",\"width\":640,\"height\":320,\"caption\":\"Darin sind unternehmenskritische Daten sicher: Aufbau eines Cold Cubes in einem High-End-Datacenter. (Bild: Cyberlink)\"},{\"@type\":\"BreadcrumbList\",\"@id\":\"https:\\\/\\\/www.organisator.ch\\\/management\\\/it\\\/2018-08-23\\\/ein-sicherer-platz-fuer-unternehmenskritische-daten-und-anwendungen\\\/#breadcrumb\",\"itemListElement\":[{\"@type\":\"ListItem\",\"position\":1,\"name\":\"Home\",\"item\":\"https:\\\/\\\/www.organisator.ch\\\/\"},{\"@type\":\"ListItem\",\"position\":2,\"name\":\"Ein sicherer Platz f\u00fcr unternehmenskritische Daten und Anwendungen\"}]},{\"@type\":\"WebSite\",\"@id\":\"https:\\\/\\\/www.organisator.ch\\\/#website\",\"url\":\"https:\\\/\\\/www.organisator.ch\\\/\",\"name\":\"Organisator\",\"description\":\"Kompetent. Praxisnah. Der ORGANISATOR bereitet in 10 Ausgaben pro Jahr die wesentlichen Themen f\u00fcr F\u00fchrungskr\u00e4fte von KMU auf.\",\"publisher\":{\"@id\":\"https:\\\/\\\/www.organisator.ch\\\/#organization\"},\"potentialAction\":[{\"@type\":\"SearchAction\",\"target\":{\"@type\":\"EntryPoint\",\"urlTemplate\":\"https:\\\/\\\/www.organisator.ch\\\/?s={search_term_string}\"},\"query-input\":{\"@type\":\"PropertyValueSpecification\",\"valueRequired\":true,\"valueName\":\"search_term_string\"}}],\"inLanguage\":\"fr-FR\"},{\"@type\":\"Organization\",\"@id\":\"https:\\\/\\\/www.organisator.ch\\\/#organization\",\"name\":\"Organisator\",\"url\":\"https:\\\/\\\/www.organisator.ch\\\/\",\"logo\":{\"@type\":\"ImageObject\",\"inLanguage\":\"fr-FR\",\"@id\":\"https:\\\/\\\/www.organisator.ch\\\/#\\\/schema\\\/logo\\\/image\\\/\",\"url\":\"https:\\\/\\\/www.organisator.ch\\\/wp-content\\\/uploads\\\/2022\\\/01\\\/Logo_Organisator_Website.png\",\"contentUrl\":\"https:\\\/\\\/www.organisator.ch\\\/wp-content\\\/uploads\\\/2022\\\/01\\\/Logo_Organisator_Website.png\",\"width\":800,\"height\":77,\"caption\":\"Organisator\"},\"image\":{\"@id\":\"https:\\\/\\\/www.organisator.ch\\\/#\\\/schema\\\/logo\\\/image\\\/\"},\"sameAs\":[\"https:\\\/\\\/www.facebook.com\\\/OrganisatorFachmagazin\",\"https:\\\/\\\/www.linkedin.com\\\/showcase\\\/organisator-das-magazin-fr-kmu\",\"https:\\\/\\\/www.xing.com\\\/news\\\/pages\\\/organisator-ch-695\",\"https:\\\/\\\/www.youtube.com\\\/channel\\\/UCGP2Sq0iWaZwT3BdIAQFYpw\"]},{\"@type\":\"Person\",\"@id\":\"https:\\\/\\\/www.organisator.ch\\\/#\\\/schema\\\/person\\\/6f650f90b2842cd4c0cc334b4e36f67e\",\"name\":\"thomas.berner\",\"image\":{\"@type\":\"ImageObject\",\"inLanguage\":\"fr-FR\",\"@id\":\"https:\\\/\\\/secure.gravatar.com\\\/avatar\\\/ac5001d2a36cb6c6cd3e50789007ffca834b477b74a2144564522e944eabff61?s=96&d=mm&r=g\",\"url\":\"https:\\\/\\\/secure.gravatar.com\\\/avatar\\\/ac5001d2a36cb6c6cd3e50789007ffca834b477b74a2144564522e944eabff61?s=96&d=mm&r=g\",\"contentUrl\":\"https:\\\/\\\/secure.gravatar.com\\\/avatar\\\/ac5001d2a36cb6c6cd3e50789007ffca834b477b74a2144564522e944eabff61?s=96&d=mm&r=g\",\"caption\":\"thomas.berner\"},\"url\":\"https:\\\/\\\/www.organisator.ch\\\/fr\\\/author\\\/thomas-berner\\\/\"}]}<\/script>\n<!-- \/ Yoast SEO plugin. -->","yoast_head_json":{"title":"Un espace s\u00e9curis\u00e9 pour les donn\u00e9es et les applications strat\u00e9giques - Organisateur","description":"Une PME doit-elle encore avoir ses propres serveurs, et si oui, qu'en est-il de la s\u00e9curit\u00e9 ? Qui s'occupe de l'infrastructure et du fonctionnement sans interruption ?","robots":{"index":"index","follow":"follow","max-snippet":"max-snippet:-1","max-image-preview":"max-image-preview:large","max-video-preview":"max-video-preview:-1"},"canonical":"https:\/\/www.organisator.ch\/fr\/gestion-2\/it\/2018-08-23\/ein-sicherer-platz-fuer-unternehmenskritische-daten-und-anwendungen\/","og_locale":"fr_FR","og_type":"article","og_title":"Ein sicherer Platz f\u00fcr unternehmenskritische Daten und Anwendungen","og_description":"Soll ein KMU noch eigene Server haben, und falls ja, wie steht es um die Sicherheit? Wer k\u00fcmmert sich um Infrastruktur und unterbruchfreien Betrieb?","og_url":"https:\/\/www.organisator.ch\/fr\/gestion-2\/it\/2018-08-23\/ein-sicherer-platz-fuer-unternehmenskritische-daten-und-anwendungen\/","og_site_name":"Organisator","article_publisher":"https:\/\/www.facebook.com\/OrganisatorFachmagazin","article_published_time":"2018-08-23T06:31:55+00:00","og_image":[{"width":640,"height":320,"url":"https:\/\/www.organisator.ch\/wp-content\/uploads\/2018\/08\/Ein-sicherer-Platz-fuer-unternehmenskritische-Daten-und-Anwendungen_Organisator.jpg","type":"image\/jpeg"}],"author":"thomas.berner","twitter_card":"summary_large_image","twitter_title":"Ein sicherer Platz f\u00fcr #unternehmenskritische Daten und Anwendungen","twitter_description":"Soll ein KMU noch eigene #Server haben, und falls ja, wie steht es um die Sicherheit? Wer k\u00fcmmert sich um Infrastruktur und unterbruchfreien Betrieb?","twitter_image":"https:\/\/www.organisator.ch\/wp-content\/uploads\/2018\/08\/Ein-sicherer-Platz-f\u00fcr-unternehmenskritische-Daten-und-Anwendungen_Organisator.jpg","schema":{"@context":"https:\/\/schema.org","@graph":[{"@type":"Article","@id":"https:\/\/www.organisator.ch\/management\/it\/2018-08-23\/ein-sicherer-platz-fuer-unternehmenskritische-daten-und-anwendungen\/#article","isPartOf":{"@id":"https:\/\/www.organisator.ch\/management\/it\/2018-08-23\/ein-sicherer-platz-fuer-unternehmenskritische-daten-und-anwendungen\/"},"author":{"name":"thomas.berner","@id":"https:\/\/www.organisator.ch\/#\/schema\/person\/6f650f90b2842cd4c0cc334b4e36f67e"},"headline":"Ein sicherer Platz f\u00fcr unternehmenskritische Daten und Anwendungen","datePublished":"2018-08-23T06:31:55+00:00","mainEntityOfPage":{"@id":"https:\/\/www.organisator.ch\/management\/it\/2018-08-23\/ein-sicherer-platz-fuer-unternehmenskritische-daten-und-anwendungen\/"},"wordCount":1219,"commentCount":0,"publisher":{"@id":"https:\/\/www.organisator.ch\/#organization"},"image":{"@id":"https:\/\/www.organisator.ch\/management\/it\/2018-08-23\/ein-sicherer-platz-fuer-unternehmenskritische-daten-und-anwendungen\/#primaryimage"},"thumbnailUrl":"https:\/\/www.organisator.ch\/wp-content\/uploads\/2018\/08\/Ein-sicherer-Platz-fuer-unternehmenskritische-Daten-und-Anwendungen_Organisator.jpg","keywords":["Digitalisierung","ICT-Sicherheit","Physische IT-Sicherheit","Unternehmen"],"articleSection":["IT"],"inLanguage":"fr-FR"},{"@type":"WebPage","@id":"https:\/\/www.organisator.ch\/management\/it\/2018-08-23\/ein-sicherer-platz-fuer-unternehmenskritische-daten-und-anwendungen\/","url":"https:\/\/www.organisator.ch\/management\/it\/2018-08-23\/ein-sicherer-platz-fuer-unternehmenskritische-daten-und-anwendungen\/","name":"Un espace s\u00e9curis\u00e9 pour les donn\u00e9es et les applications strat\u00e9giques - Organisateur","isPartOf":{"@id":"https:\/\/www.organisator.ch\/#website"},"primaryImageOfPage":{"@id":"https:\/\/www.organisator.ch\/management\/it\/2018-08-23\/ein-sicherer-platz-fuer-unternehmenskritische-daten-und-anwendungen\/#primaryimage"},"image":{"@id":"https:\/\/www.organisator.ch\/management\/it\/2018-08-23\/ein-sicherer-platz-fuer-unternehmenskritische-daten-und-anwendungen\/#primaryimage"},"thumbnailUrl":"https:\/\/www.organisator.ch\/wp-content\/uploads\/2018\/08\/Ein-sicherer-Platz-fuer-unternehmenskritische-Daten-und-Anwendungen_Organisator.jpg","datePublished":"2018-08-23T06:31:55+00:00","description":"Une PME doit-elle encore avoir ses propres serveurs, et si oui, qu'en est-il de la s\u00e9curit\u00e9 ? Qui s'occupe de l'infrastructure et du fonctionnement sans interruption ?","breadcrumb":{"@id":"https:\/\/www.organisator.ch\/management\/it\/2018-08-23\/ein-sicherer-platz-fuer-unternehmenskritische-daten-und-anwendungen\/#breadcrumb"},"inLanguage":"fr-FR","potentialAction":[{"@type":"ReadAction","target":["https:\/\/www.organisator.ch\/management\/it\/2018-08-23\/ein-sicherer-platz-fuer-unternehmenskritische-daten-und-anwendungen\/"]}]},{"@type":"ImageObject","inLanguage":"fr-FR","@id":"https:\/\/www.organisator.ch\/management\/it\/2018-08-23\/ein-sicherer-platz-fuer-unternehmenskritische-daten-und-anwendungen\/#primaryimage","url":"https:\/\/www.organisator.ch\/wp-content\/uploads\/2018\/08\/Ein-sicherer-Platz-fuer-unternehmenskritische-Daten-und-Anwendungen_Organisator.jpg","contentUrl":"https:\/\/www.organisator.ch\/wp-content\/uploads\/2018\/08\/Ein-sicherer-Platz-fuer-unternehmenskritische-Daten-und-Anwendungen_Organisator.jpg","width":640,"height":320,"caption":"Darin sind unternehmenskritische Daten sicher: Aufbau eines Cold Cubes in einem High-End-Datacenter. (Bild: Cyberlink)"},{"@type":"BreadcrumbList","@id":"https:\/\/www.organisator.ch\/management\/it\/2018-08-23\/ein-sicherer-platz-fuer-unternehmenskritische-daten-und-anwendungen\/#breadcrumb","itemListElement":[{"@type":"ListItem","position":1,"name":"Home","item":"https:\/\/www.organisator.ch\/"},{"@type":"ListItem","position":2,"name":"Ein sicherer Platz f\u00fcr unternehmenskritische Daten und Anwendungen"}]},{"@type":"WebSite","@id":"https:\/\/www.organisator.ch\/#website","url":"https:\/\/www.organisator.ch\/","name":"Organisateur","description":"Comp\u00e9tence et comp\u00e9tence. Proches de la pratique. L'ORGANISATEUR pr\u00e9pare 10 num\u00e9ros par an sur les th\u00e8mes essentiels pour les dirigeants de PME.","publisher":{"@id":"https:\/\/www.organisator.ch\/#organization"},"potentialAction":[{"@type":"SearchAction","target":{"@type":"EntryPoint","urlTemplate":"https:\/\/www.organisator.ch\/?s={search_term_string}"},"query-input":{"@type":"PropertyValueSpecification","valueRequired":true,"valueName":"search_term_string"}}],"inLanguage":"fr-FR"},{"@type":"Organization","@id":"https:\/\/www.organisator.ch\/#organization","name":"Organisateur","url":"https:\/\/www.organisator.ch\/","logo":{"@type":"ImageObject","inLanguage":"fr-FR","@id":"https:\/\/www.organisator.ch\/#\/schema\/logo\/image\/","url":"https:\/\/www.organisator.ch\/wp-content\/uploads\/2022\/01\/Logo_Organisator_Website.png","contentUrl":"https:\/\/www.organisator.ch\/wp-content\/uploads\/2022\/01\/Logo_Organisator_Website.png","width":800,"height":77,"caption":"Organisator"},"image":{"@id":"https:\/\/www.organisator.ch\/#\/schema\/logo\/image\/"},"sameAs":["https:\/\/www.facebook.com\/OrganisatorFachmagazin","https:\/\/www.linkedin.com\/showcase\/organisator-das-magazin-fr-kmu","https:\/\/www.xing.com\/news\/pages\/organisator-ch-695","https:\/\/www.youtube.com\/channel\/UCGP2Sq0iWaZwT3BdIAQFYpw"]},{"@type":"Person","@id":"https:\/\/www.organisator.ch\/#\/schema\/person\/6f650f90b2842cd4c0cc334b4e36f67e","name":"thomas.berner","image":{"@type":"ImageObject","inLanguage":"fr-FR","@id":"https:\/\/secure.gravatar.com\/avatar\/ac5001d2a36cb6c6cd3e50789007ffca834b477b74a2144564522e944eabff61?s=96&d=mm&r=g","url":"https:\/\/secure.gravatar.com\/avatar\/ac5001d2a36cb6c6cd3e50789007ffca834b477b74a2144564522e944eabff61?s=96&d=mm&r=g","contentUrl":"https:\/\/secure.gravatar.com\/avatar\/ac5001d2a36cb6c6cd3e50789007ffca834b477b74a2144564522e944eabff61?s=96&d=mm&r=g","caption":"thomas.berner"},"url":"https:\/\/www.organisator.ch\/fr\/author\/thomas-berner\/"}]}},"_links":{"self":[{"href":"https:\/\/www.organisator.ch\/fr\/wp-json\/wp\/v2\/posts\/4117","targetHints":{"allow":["GET"]}}],"collection":[{"href":"https:\/\/www.organisator.ch\/fr\/wp-json\/wp\/v2\/posts"}],"about":[{"href":"https:\/\/www.organisator.ch\/fr\/wp-json\/wp\/v2\/types\/post"}],"author":[{"embeddable":true,"href":"https:\/\/www.organisator.ch\/fr\/wp-json\/wp\/v2\/users\/4"}],"replies":[{"embeddable":true,"href":"https:\/\/www.organisator.ch\/fr\/wp-json\/wp\/v2\/comments?post=4117"}],"version-history":[{"count":0,"href":"https:\/\/www.organisator.ch\/fr\/wp-json\/wp\/v2\/posts\/4117\/revisions"}],"wp:featuredmedia":[{"embeddable":true,"href":"https:\/\/www.organisator.ch\/fr\/wp-json\/wp\/v2\/media\/4118"}],"wp:attachment":[{"href":"https:\/\/www.organisator.ch\/fr\/wp-json\/wp\/v2\/media?parent=4117"}],"wp:term":[{"taxonomy":"category","embeddable":true,"href":"https:\/\/www.organisator.ch\/fr\/wp-json\/wp\/v2\/categories?post=4117"},{"taxonomy":"post_tag","embeddable":true,"href":"https:\/\/www.organisator.ch\/fr\/wp-json\/wp\/v2\/tags?post=4117"}],"curies":[{"name":"wp","href":"https:\/\/api.w.org\/{rel}","templated":true}]}}