{"id":41176,"date":"2025-10-20T09:14:57","date_gmt":"2025-10-20T07:14:57","guid":{"rendered":"https:\/\/www.organisator.ch\/?p=41176"},"modified":"2025-10-20T09:14:57","modified_gmt":"2025-10-20T07:14:57","slug":"zwei-neue-masterstudiengaenge-an-der-fhnw","status":"publish","type":"post","link":"https:\/\/www.organisator.ch\/fr\/weiterbildung\/2025-10-20\/zwei-neue-masterstudiengaenge-an-der-fhnw\/","title":{"rendered":"Deux nouvelles fili\u00e8res de master \u00e0 la FHNW"},"content":{"rendered":"<figure id=\"attachment_41177\" aria-describedby=\"caption-attachment-41177\" style=\"width: 680px\" class=\"wp-caption alignnone\"><img loading=\"lazy\" decoding=\"async\" class=\"size-full wp-image-41177\" src=\"https:\/\/www.organisator.ch\/wp-content\/uploads\/2025\/10\/Zwei-neuen-Masterstudiengaenge-an-der-FHNW_Organisator.jpg\" alt=\"\" width=\"680\" height=\"453\" srcset=\"https:\/\/www.organisator.ch\/wp-content\/uploads\/2025\/10\/Zwei-neuen-Masterstudiengaenge-an-der-FHNW_Organisator.jpg 680w, https:\/\/www.organisator.ch\/wp-content\/uploads\/2025\/10\/Zwei-neuen-Masterstudiengaenge-an-der-FHNW_Organisator-18x12.jpg 18w, https:\/\/www.organisator.ch\/wp-content\/uploads\/2025\/10\/Zwei-neuen-Masterstudiengaenge-an-der-FHNW_Organisator-375x250.jpg 375w, https:\/\/www.organisator.ch\/wp-content\/uploads\/2025\/10\/Zwei-neuen-Masterstudiengaenge-an-der-FHNW_Organisator-525x350.jpg 525w\" sizes=\"auto, (max-width: 680px) 100vw, 680px\" \/><figcaption id=\"caption-attachment-41177\" class=\"wp-caption-text\">D\u00e8s l'automne, les \u00e9tudiants de la FHNW pourront suivre deux nouvelles fili\u00e8res de master. (Image symbolique ; source : Unsplash.com)<\/figcaption><\/figure>\n<p>Le Conseil de la Haute \u00e9cole sp\u00e9cialis\u00e9e du Nord-Ouest de la Suisse FHNW a approuv\u00e9 en 2025 les deux nouvelles fili\u00e8res de master Master of Science in Finance et Master of Science in Strategic Management and Leadership. Le lancement est pr\u00e9vu pour l'automne 2026. Ces deux fili\u00e8res devraient constituer un compl\u00e9ment important au portefeuille d'\u00e9tudes de la Haute \u00e9cole de gestion FHNW.<\/p>\n<h3><strong>Master of Science en gestion strat\u00e9gique et leadership<\/strong><\/h3>\n<p>Le nouveau Master of Science en management strat\u00e9gique et leadership met clairement l'accent sur le management strat\u00e9gique et le leadership dans l'ensemble du curriculum. Les contenus sont structur\u00e9s en deux \u00e9tapes :<\/p>\n<ul>\n<li>Les modules obligatoires permettent d'approfondir des connaissances scientifiquement fond\u00e9es en mati\u00e8re de gestion strat\u00e9gique, de leadership et de m\u00e9thodes de recherche.<\/li>\n<li>La phase d'approfondissement permet d'approfondir et d'appliquer les connaissances et les comp\u00e9tences dans le cadre de la majeure, des modules \u00e0 option obligatoires et de la th\u00e8se de master.<\/li>\n<\/ul>\n<p>Les majeures propos\u00e9es sont \"Entrepreneurial Leadership and Innovation\" et \"Strategic Decision Making using Data Science\". Gr\u00e2ce \u00e0 la collaboration avec d'autres hautes \u00e9coles, une grande interdisciplinarit\u00e9 est vis\u00e9e. Le cursus est propos\u00e9 \u00e0 Olten en langue allemande et dure 4 semestres en mode temps partiel.<\/p>\n<h3><strong>Master of Science en finance<\/strong><\/h3>\n<p>Les contenus de ce master couvrent quatre domaines de comp\u00e9tences essentiels : Financial Markets, Financial Management, Methods &amp; Ethics, Hands-on Skills. Le point fort du cursus est la participation au CFA Institute Research Challenge, qui se d\u00e9roule \u00e0 la place d'une th\u00e8se de master. Le CFA Institute Research Challenge est une comp\u00e9tition nationale et mondiale qui a lieu chaque ann\u00e9e : les \u00e9tudiants acqui\u00e8rent une exp\u00e9rience pratique en se glissant dans le r\u00f4le d'un analyste. Ils b\u00e9n\u00e9ficient ainsi d'un pr\u00e9cieux encadrement pratique et suivent une formation intensive en analyse financi\u00e8re et en \u00e9thique financi\u00e8re.<\/p>\n<p>Le cursus est propos\u00e9 en anglais \u00e0 B\u00e2le, au FHNW Campus Dreispitz, et dure 3 semestres en Fast Track+ ou 5 semestres en temps partiel.<\/p>\n<h3>R\u00e9unions d'information<\/h3>\n<p>Une s\u00e9ance d'information sur toutes les fili\u00e8res MSc de la Hochschule f\u00fcr Wirtschaft FHNW aura lieu le jeudi 29.1.2026 \u00e0 B\u00e2le et le samedi 31.1.2026 \u00e0 Olten. D'autres s\u00e9ances d'information auront lieu en ligne.<\/p>\n<p><em>Plus d'informations :<\/em><br \/>\n<em><a href=\"https:\/\/www.fhnw.ch\/de\/studium\/wirtschaft\/msc-management-leadership\">https:\/\/www.fhnw.ch\/de\/studium\/wirtschaft\/msc-management-leadership<\/a><\/em><br \/>\n<em><a href=\"https:\/\/www.fhnw.ch\/en\/degree-programmes\/business\/msc-finance\">https:\/\/www.fhnw.ch\/en\/degree-programmes\/business\/msc-finance<\/a><\/em><br \/>\n<em><a href=\"https:\/\/www.fhnw.ch\/de\/studium\/wirtschaft\/master\">https:\/\/www.fhnw.ch\/de\/studium\/wirtschaft\/master<\/a><\/em><\/p>","protected":false},"excerpt":{"rendered":"<p>La Haute \u00e9cole d'\u00e9conomie FHNW \u00e9largit son offre d'\u00e9tudes avec deux nouvelles fili\u00e8res de master. Ils d\u00e9buteront \u00e0 l'automne 2026. Des s\u00e9ances d'information seront organis\u00e9es \u00e0 ce sujet fin janvier 2026.<\/p>","protected":false},"author":4,"featured_media":41177,"comment_status":"closed","ping_status":"closed","sticky":false,"template":"","format":"standard","meta":{"_acf_changed":false,"_yoast_wpseo_focuskw":"Masterstudieng\u00e4nge","_yoast_wpseo_metadesc":"Die Hochschule f\u00fcr Wirtschaft FHNW erweitert ihr Studienangebot mit zwei neuen Masterstudieng\u00e4ngen. Sie werden im Herbst 2026 starten.","articlekey":"","footnotes":""},"categories":[30],"tags":[62,192,335],"class_list":["post-41176","post","type-post","status-publish","format-standard","has-post-thumbnail","hentry","category-weiterbildung","tag-aus-weiterbildung","tag-fachhochschulen","tag-management-und-unternehmensfuehrung"],"acf":[],"yoast_head":"<!-- This site is optimized with the Yoast SEO plugin v27.5 - https:\/\/yoast.com\/product\/yoast-seo-wordpress\/ -->\n<title>Zwei neue Masterstudieng\u00e4nge an der FHNW - Organisator<\/title>\n<meta name=\"description\" content=\"Die Hochschule f\u00fcr Wirtschaft FHNW erweitert ihr Studienangebot mit zwei neuen Masterstudieng\u00e4ngen. Sie werden im Herbst 2026 starten.\" \/>\n<meta name=\"robots\" content=\"index, follow, max-snippet:-1, max-image-preview:large, max-video-preview:-1\" \/>\n<link rel=\"canonical\" href=\"https:\/\/www.organisator.ch\/fr\/formation-continue-2\/2025-10-20\/zwei-neue-masterstudiengaenge-an-der-fhnw\/\" \/>\n<meta property=\"og:locale\" content=\"fr_FR\" \/>\n<meta property=\"og:type\" content=\"article\" \/>\n<meta property=\"og:title\" content=\"Zwei neue Masterstudieng\u00e4nge an der FHNW\" \/>\n<meta property=\"og:description\" content=\"Die Hochschule f\u00fcr Wirtschaft FHNW erweitert ihr Studienangebot mit zwei neuen Masterstudieng\u00e4ngen. Sie werden im Herbst 2026 starten.\" \/>\n<meta property=\"og:url\" content=\"https:\/\/www.organisator.ch\/fr\/formation-continue-2\/2025-10-20\/zwei-neue-masterstudiengaenge-an-der-fhnw\/\" \/>\n<meta property=\"og:site_name\" content=\"Organisator\" \/>\n<meta property=\"article:publisher\" content=\"https:\/\/www.facebook.com\/OrganisatorFachmagazin\" \/>\n<meta property=\"article:published_time\" content=\"2025-10-20T07:14:57+00:00\" \/>\n<meta property=\"og:image\" content=\"https:\/\/www.organisator.ch\/wp-content\/uploads\/2025\/10\/Zwei-neuen-Masterstudiengaenge-an-der-FHNW_Organisator.jpg\" \/>\n\t<meta property=\"og:image:width\" content=\"680\" \/>\n\t<meta property=\"og:image:height\" content=\"453\" \/>\n\t<meta property=\"og:image:type\" content=\"image\/jpeg\" \/>\n<meta name=\"author\" content=\"thomas.berner\" \/>\n<meta name=\"twitter:card\" content=\"summary_large_image\" \/>\n<meta name=\"twitter:title\" content=\"Zwei neue #Masterstudieng\u00e4nge an der #FHNW\" \/>\n<meta name=\"twitter:description\" content=\"Die Hochschule f\u00fcr Wirtschaft #FHNW erweitert ihr Studienangebot mit zwei neuen #Masterstudieng\u00e4ngen. Sie werden im Herbst 2026 starten.\" \/>\n<meta name=\"twitter:image\" content=\"https:\/\/www.organisator.ch\/wp-content\/uploads\/2025\/10\/Zwei-neuen-Masterstudiengaenge-an-der-FHNW_Organisator.jpg\" \/>\n<script type=\"application\/ld+json\" class=\"yoast-schema-graph\">{\"@context\":\"https:\\\/\\\/schema.org\",\"@graph\":[{\"@type\":\"Article\",\"@id\":\"https:\\\/\\\/www.organisator.ch\\\/weiterbildung\\\/2025-10-20\\\/zwei-neue-masterstudiengaenge-an-der-fhnw\\\/#article\",\"isPartOf\":{\"@id\":\"https:\\\/\\\/www.organisator.ch\\\/weiterbildung\\\/2025-10-20\\\/zwei-neue-masterstudiengaenge-an-der-fhnw\\\/\"},\"author\":{\"name\":\"thomas.berner\",\"@id\":\"https:\\\/\\\/www.organisator.ch\\\/#\\\/schema\\\/person\\\/6f650f90b2842cd4c0cc334b4e36f67e\"},\"headline\":\"Zwei neue Masterstudieng\u00e4nge an der FHNW\",\"datePublished\":\"2025-10-20T07:14:57+00:00\",\"mainEntityOfPage\":{\"@id\":\"https:\\\/\\\/www.organisator.ch\\\/weiterbildung\\\/2025-10-20\\\/zwei-neue-masterstudiengaenge-an-der-fhnw\\\/\"},\"wordCount\":359,\"publisher\":{\"@id\":\"https:\\\/\\\/www.organisator.ch\\\/#organization\"},\"image\":{\"@id\":\"https:\\\/\\\/www.organisator.ch\\\/weiterbildung\\\/2025-10-20\\\/zwei-neue-masterstudiengaenge-an-der-fhnw\\\/#primaryimage\"},\"thumbnailUrl\":\"https:\\\/\\\/www.organisator.ch\\\/wp-content\\\/uploads\\\/2025\\\/10\\\/Zwei-neuen-Masterstudiengaenge-an-der-FHNW_Organisator.jpg\",\"keywords\":[\"Aus-\\\/Weiterbildung\",\"Fachhochschulen\",\"Management und Unternehmensf\u00fchrung\"],\"articleSection\":[\"WEITERBILDUNG\"],\"inLanguage\":\"fr-FR\"},{\"@type\":\"WebPage\",\"@id\":\"https:\\\/\\\/www.organisator.ch\\\/weiterbildung\\\/2025-10-20\\\/zwei-neue-masterstudiengaenge-an-der-fhnw\\\/\",\"url\":\"https:\\\/\\\/www.organisator.ch\\\/weiterbildung\\\/2025-10-20\\\/zwei-neue-masterstudiengaenge-an-der-fhnw\\\/\",\"name\":\"Zwei neue Masterstudieng\u00e4nge an der FHNW - Organisator\",\"isPartOf\":{\"@id\":\"https:\\\/\\\/www.organisator.ch\\\/#website\"},\"primaryImageOfPage\":{\"@id\":\"https:\\\/\\\/www.organisator.ch\\\/weiterbildung\\\/2025-10-20\\\/zwei-neue-masterstudiengaenge-an-der-fhnw\\\/#primaryimage\"},\"image\":{\"@id\":\"https:\\\/\\\/www.organisator.ch\\\/weiterbildung\\\/2025-10-20\\\/zwei-neue-masterstudiengaenge-an-der-fhnw\\\/#primaryimage\"},\"thumbnailUrl\":\"https:\\\/\\\/www.organisator.ch\\\/wp-content\\\/uploads\\\/2025\\\/10\\\/Zwei-neuen-Masterstudiengaenge-an-der-FHNW_Organisator.jpg\",\"datePublished\":\"2025-10-20T07:14:57+00:00\",\"description\":\"Die Hochschule f\u00fcr Wirtschaft FHNW erweitert ihr Studienangebot mit zwei neuen Masterstudieng\u00e4ngen. Sie werden im Herbst 2026 starten.\",\"breadcrumb\":{\"@id\":\"https:\\\/\\\/www.organisator.ch\\\/weiterbildung\\\/2025-10-20\\\/zwei-neue-masterstudiengaenge-an-der-fhnw\\\/#breadcrumb\"},\"inLanguage\":\"fr-FR\",\"potentialAction\":[{\"@type\":\"ReadAction\",\"target\":[\"https:\\\/\\\/www.organisator.ch\\\/weiterbildung\\\/2025-10-20\\\/zwei-neue-masterstudiengaenge-an-der-fhnw\\\/\"]}]},{\"@type\":\"ImageObject\",\"inLanguage\":\"fr-FR\",\"@id\":\"https:\\\/\\\/www.organisator.ch\\\/weiterbildung\\\/2025-10-20\\\/zwei-neue-masterstudiengaenge-an-der-fhnw\\\/#primaryimage\",\"url\":\"https:\\\/\\\/www.organisator.ch\\\/wp-content\\\/uploads\\\/2025\\\/10\\\/Zwei-neuen-Masterstudiengaenge-an-der-FHNW_Organisator.jpg\",\"contentUrl\":\"https:\\\/\\\/www.organisator.ch\\\/wp-content\\\/uploads\\\/2025\\\/10\\\/Zwei-neuen-Masterstudiengaenge-an-der-FHNW_Organisator.jpg\",\"width\":680,\"height\":453,\"caption\":\"Ab Herbst k\u00f6nnen Studierende an der FHNW zwei neue Masterstudieng\u00e4nge belegen. (Symbolbild; Quelle: Unsplash.com)\"},{\"@type\":\"BreadcrumbList\",\"@id\":\"https:\\\/\\\/www.organisator.ch\\\/weiterbildung\\\/2025-10-20\\\/zwei-neue-masterstudiengaenge-an-der-fhnw\\\/#breadcrumb\",\"itemListElement\":[{\"@type\":\"ListItem\",\"position\":1,\"name\":\"Home\",\"item\":\"https:\\\/\\\/www.organisator.ch\\\/\"},{\"@type\":\"ListItem\",\"position\":2,\"name\":\"Zwei neue Masterstudieng\u00e4nge an der FHNW\"}]},{\"@type\":\"WebSite\",\"@id\":\"https:\\\/\\\/www.organisator.ch\\\/#website\",\"url\":\"https:\\\/\\\/www.organisator.ch\\\/\",\"name\":\"Organisator\",\"description\":\"Kompetent. Praxisnah. Der ORGANISATOR bereitet in 10 Ausgaben pro Jahr die wesentlichen Themen f\u00fcr F\u00fchrungskr\u00e4fte von KMU auf.\",\"publisher\":{\"@id\":\"https:\\\/\\\/www.organisator.ch\\\/#organization\"},\"potentialAction\":[{\"@type\":\"SearchAction\",\"target\":{\"@type\":\"EntryPoint\",\"urlTemplate\":\"https:\\\/\\\/www.organisator.ch\\\/?s={search_term_string}\"},\"query-input\":{\"@type\":\"PropertyValueSpecification\",\"valueRequired\":true,\"valueName\":\"search_term_string\"}}],\"inLanguage\":\"fr-FR\"},{\"@type\":\"Organization\",\"@id\":\"https:\\\/\\\/www.organisator.ch\\\/#organization\",\"name\":\"Organisator\",\"url\":\"https:\\\/\\\/www.organisator.ch\\\/\",\"logo\":{\"@type\":\"ImageObject\",\"inLanguage\":\"fr-FR\",\"@id\":\"https:\\\/\\\/www.organisator.ch\\\/#\\\/schema\\\/logo\\\/image\\\/\",\"url\":\"https:\\\/\\\/www.organisator.ch\\\/wp-content\\\/uploads\\\/2022\\\/01\\\/Logo_Organisator_Website.png\",\"contentUrl\":\"https:\\\/\\\/www.organisator.ch\\\/wp-content\\\/uploads\\\/2022\\\/01\\\/Logo_Organisator_Website.png\",\"width\":800,\"height\":77,\"caption\":\"Organisator\"},\"image\":{\"@id\":\"https:\\\/\\\/www.organisator.ch\\\/#\\\/schema\\\/logo\\\/image\\\/\"},\"sameAs\":[\"https:\\\/\\\/www.facebook.com\\\/OrganisatorFachmagazin\",\"https:\\\/\\\/www.linkedin.com\\\/showcase\\\/organisator-das-magazin-fr-kmu\",\"https:\\\/\\\/www.xing.com\\\/news\\\/pages\\\/organisator-ch-695\",\"https:\\\/\\\/www.youtube.com\\\/channel\\\/UCGP2Sq0iWaZwT3BdIAQFYpw\"]},{\"@type\":\"Person\",\"@id\":\"https:\\\/\\\/www.organisator.ch\\\/#\\\/schema\\\/person\\\/6f650f90b2842cd4c0cc334b4e36f67e\",\"name\":\"thomas.berner\",\"image\":{\"@type\":\"ImageObject\",\"inLanguage\":\"fr-FR\",\"@id\":\"https:\\\/\\\/secure.gravatar.com\\\/avatar\\\/ac5001d2a36cb6c6cd3e50789007ffca834b477b74a2144564522e944eabff61?s=96&d=mm&r=g\",\"url\":\"https:\\\/\\\/secure.gravatar.com\\\/avatar\\\/ac5001d2a36cb6c6cd3e50789007ffca834b477b74a2144564522e944eabff61?s=96&d=mm&r=g\",\"contentUrl\":\"https:\\\/\\\/secure.gravatar.com\\\/avatar\\\/ac5001d2a36cb6c6cd3e50789007ffca834b477b74a2144564522e944eabff61?s=96&d=mm&r=g\",\"caption\":\"thomas.berner\"},\"url\":\"https:\\\/\\\/www.organisator.ch\\\/fr\\\/author\\\/thomas-berner\\\/\"}]}<\/script>\n<!-- \/ Yoast SEO plugin. -->","yoast_head_json":{"title":"Deux nouveaux masters \u00e0 la FHNW - Organisateur","description":"La Haute \u00e9cole d'\u00e9conomie FHNW \u00e9largit son offre d'\u00e9tudes avec deux nouvelles fili\u00e8res de master. Ils d\u00e9buteront \u00e0 l'automne 2026.","robots":{"index":"index","follow":"follow","max-snippet":"max-snippet:-1","max-image-preview":"max-image-preview:large","max-video-preview":"max-video-preview:-1"},"canonical":"https:\/\/www.organisator.ch\/fr\/formation-continue-2\/2025-10-20\/zwei-neue-masterstudiengaenge-an-der-fhnw\/","og_locale":"fr_FR","og_type":"article","og_title":"Zwei neue Masterstudieng\u00e4nge an der FHNW","og_description":"Die Hochschule f\u00fcr Wirtschaft FHNW erweitert ihr Studienangebot mit zwei neuen Masterstudieng\u00e4ngen. Sie werden im Herbst 2026 starten.","og_url":"https:\/\/www.organisator.ch\/fr\/formation-continue-2\/2025-10-20\/zwei-neue-masterstudiengaenge-an-der-fhnw\/","og_site_name":"Organisator","article_publisher":"https:\/\/www.facebook.com\/OrganisatorFachmagazin","article_published_time":"2025-10-20T07:14:57+00:00","og_image":[{"width":680,"height":453,"url":"https:\/\/www.organisator.ch\/wp-content\/uploads\/2025\/10\/Zwei-neuen-Masterstudiengaenge-an-der-FHNW_Organisator.jpg","type":"image\/jpeg"}],"author":"thomas.berner","twitter_card":"summary_large_image","twitter_title":"Zwei neue #Masterstudieng\u00e4nge an der #FHNW","twitter_description":"Die Hochschule f\u00fcr Wirtschaft #FHNW erweitert ihr Studienangebot mit zwei neuen #Masterstudieng\u00e4ngen. Sie werden im Herbst 2026 starten.","twitter_image":"https:\/\/www.organisator.ch\/wp-content\/uploads\/2025\/10\/Zwei-neuen-Masterstudiengaenge-an-der-FHNW_Organisator.jpg","schema":{"@context":"https:\/\/schema.org","@graph":[{"@type":"Article","@id":"https:\/\/www.organisator.ch\/weiterbildung\/2025-10-20\/zwei-neue-masterstudiengaenge-an-der-fhnw\/#article","isPartOf":{"@id":"https:\/\/www.organisator.ch\/weiterbildung\/2025-10-20\/zwei-neue-masterstudiengaenge-an-der-fhnw\/"},"author":{"name":"thomas.berner","@id":"https:\/\/www.organisator.ch\/#\/schema\/person\/6f650f90b2842cd4c0cc334b4e36f67e"},"headline":"Zwei neue Masterstudieng\u00e4nge an der FHNW","datePublished":"2025-10-20T07:14:57+00:00","mainEntityOfPage":{"@id":"https:\/\/www.organisator.ch\/weiterbildung\/2025-10-20\/zwei-neue-masterstudiengaenge-an-der-fhnw\/"},"wordCount":359,"publisher":{"@id":"https:\/\/www.organisator.ch\/#organization"},"image":{"@id":"https:\/\/www.organisator.ch\/weiterbildung\/2025-10-20\/zwei-neue-masterstudiengaenge-an-der-fhnw\/#primaryimage"},"thumbnailUrl":"https:\/\/www.organisator.ch\/wp-content\/uploads\/2025\/10\/Zwei-neuen-Masterstudiengaenge-an-der-FHNW_Organisator.jpg","keywords":["Aus-\/Weiterbildung","Fachhochschulen","Management und Unternehmensf\u00fchrung"],"articleSection":["WEITERBILDUNG"],"inLanguage":"fr-FR"},{"@type":"WebPage","@id":"https:\/\/www.organisator.ch\/weiterbildung\/2025-10-20\/zwei-neue-masterstudiengaenge-an-der-fhnw\/","url":"https:\/\/www.organisator.ch\/weiterbildung\/2025-10-20\/zwei-neue-masterstudiengaenge-an-der-fhnw\/","name":"Deux nouveaux masters \u00e0 la FHNW - Organisateur","isPartOf":{"@id":"https:\/\/www.organisator.ch\/#website"},"primaryImageOfPage":{"@id":"https:\/\/www.organisator.ch\/weiterbildung\/2025-10-20\/zwei-neue-masterstudiengaenge-an-der-fhnw\/#primaryimage"},"image":{"@id":"https:\/\/www.organisator.ch\/weiterbildung\/2025-10-20\/zwei-neue-masterstudiengaenge-an-der-fhnw\/#primaryimage"},"thumbnailUrl":"https:\/\/www.organisator.ch\/wp-content\/uploads\/2025\/10\/Zwei-neuen-Masterstudiengaenge-an-der-FHNW_Organisator.jpg","datePublished":"2025-10-20T07:14:57+00:00","description":"La Haute \u00e9cole d'\u00e9conomie FHNW \u00e9largit son offre d'\u00e9tudes avec deux nouvelles fili\u00e8res de master. Ils d\u00e9buteront \u00e0 l'automne 2026.","breadcrumb":{"@id":"https:\/\/www.organisator.ch\/weiterbildung\/2025-10-20\/zwei-neue-masterstudiengaenge-an-der-fhnw\/#breadcrumb"},"inLanguage":"fr-FR","potentialAction":[{"@type":"ReadAction","target":["https:\/\/www.organisator.ch\/weiterbildung\/2025-10-20\/zwei-neue-masterstudiengaenge-an-der-fhnw\/"]}]},{"@type":"ImageObject","inLanguage":"fr-FR","@id":"https:\/\/www.organisator.ch\/weiterbildung\/2025-10-20\/zwei-neue-masterstudiengaenge-an-der-fhnw\/#primaryimage","url":"https:\/\/www.organisator.ch\/wp-content\/uploads\/2025\/10\/Zwei-neuen-Masterstudiengaenge-an-der-FHNW_Organisator.jpg","contentUrl":"https:\/\/www.organisator.ch\/wp-content\/uploads\/2025\/10\/Zwei-neuen-Masterstudiengaenge-an-der-FHNW_Organisator.jpg","width":680,"height":453,"caption":"Ab Herbst k\u00f6nnen Studierende an der FHNW zwei neue Masterstudieng\u00e4nge belegen. (Symbolbild; Quelle: Unsplash.com)"},{"@type":"BreadcrumbList","@id":"https:\/\/www.organisator.ch\/weiterbildung\/2025-10-20\/zwei-neue-masterstudiengaenge-an-der-fhnw\/#breadcrumb","itemListElement":[{"@type":"ListItem","position":1,"name":"Home","item":"https:\/\/www.organisator.ch\/"},{"@type":"ListItem","position":2,"name":"Zwei neue Masterstudieng\u00e4nge an der FHNW"}]},{"@type":"WebSite","@id":"https:\/\/www.organisator.ch\/#website","url":"https:\/\/www.organisator.ch\/","name":"Organisateur","description":"Comp\u00e9tence et comp\u00e9tence. Proches de la pratique. L'ORGANISATEUR pr\u00e9pare 10 num\u00e9ros par an sur les th\u00e8mes essentiels pour les dirigeants de PME.","publisher":{"@id":"https:\/\/www.organisator.ch\/#organization"},"potentialAction":[{"@type":"SearchAction","target":{"@type":"EntryPoint","urlTemplate":"https:\/\/www.organisator.ch\/?s={search_term_string}"},"query-input":{"@type":"PropertyValueSpecification","valueRequired":true,"valueName":"search_term_string"}}],"inLanguage":"fr-FR"},{"@type":"Organization","@id":"https:\/\/www.organisator.ch\/#organization","name":"Organisateur","url":"https:\/\/www.organisator.ch\/","logo":{"@type":"ImageObject","inLanguage":"fr-FR","@id":"https:\/\/www.organisator.ch\/#\/schema\/logo\/image\/","url":"https:\/\/www.organisator.ch\/wp-content\/uploads\/2022\/01\/Logo_Organisator_Website.png","contentUrl":"https:\/\/www.organisator.ch\/wp-content\/uploads\/2022\/01\/Logo_Organisator_Website.png","width":800,"height":77,"caption":"Organisator"},"image":{"@id":"https:\/\/www.organisator.ch\/#\/schema\/logo\/image\/"},"sameAs":["https:\/\/www.facebook.com\/OrganisatorFachmagazin","https:\/\/www.linkedin.com\/showcase\/organisator-das-magazin-fr-kmu","https:\/\/www.xing.com\/news\/pages\/organisator-ch-695","https:\/\/www.youtube.com\/channel\/UCGP2Sq0iWaZwT3BdIAQFYpw"]},{"@type":"Person","@id":"https:\/\/www.organisator.ch\/#\/schema\/person\/6f650f90b2842cd4c0cc334b4e36f67e","name":"thomas.berner","image":{"@type":"ImageObject","inLanguage":"fr-FR","@id":"https:\/\/secure.gravatar.com\/avatar\/ac5001d2a36cb6c6cd3e50789007ffca834b477b74a2144564522e944eabff61?s=96&d=mm&r=g","url":"https:\/\/secure.gravatar.com\/avatar\/ac5001d2a36cb6c6cd3e50789007ffca834b477b74a2144564522e944eabff61?s=96&d=mm&r=g","contentUrl":"https:\/\/secure.gravatar.com\/avatar\/ac5001d2a36cb6c6cd3e50789007ffca834b477b74a2144564522e944eabff61?s=96&d=mm&r=g","caption":"thomas.berner"},"url":"https:\/\/www.organisator.ch\/fr\/author\/thomas-berner\/"}]}},"_links":{"self":[{"href":"https:\/\/www.organisator.ch\/fr\/wp-json\/wp\/v2\/posts\/41176","targetHints":{"allow":["GET"]}}],"collection":[{"href":"https:\/\/www.organisator.ch\/fr\/wp-json\/wp\/v2\/posts"}],"about":[{"href":"https:\/\/www.organisator.ch\/fr\/wp-json\/wp\/v2\/types\/post"}],"author":[{"embeddable":true,"href":"https:\/\/www.organisator.ch\/fr\/wp-json\/wp\/v2\/users\/4"}],"replies":[{"embeddable":true,"href":"https:\/\/www.organisator.ch\/fr\/wp-json\/wp\/v2\/comments?post=41176"}],"version-history":[{"count":3,"href":"https:\/\/www.organisator.ch\/fr\/wp-json\/wp\/v2\/posts\/41176\/revisions"}],"predecessor-version":[{"id":41408,"href":"https:\/\/www.organisator.ch\/fr\/wp-json\/wp\/v2\/posts\/41176\/revisions\/41408"}],"wp:featuredmedia":[{"embeddable":true,"href":"https:\/\/www.organisator.ch\/fr\/wp-json\/wp\/v2\/media\/41177"}],"wp:attachment":[{"href":"https:\/\/www.organisator.ch\/fr\/wp-json\/wp\/v2\/media?parent=41176"}],"wp:term":[{"taxonomy":"category","embeddable":true,"href":"https:\/\/www.organisator.ch\/fr\/wp-json\/wp\/v2\/categories?post=41176"},{"taxonomy":"post_tag","embeddable":true,"href":"https:\/\/www.organisator.ch\/fr\/wp-json\/wp\/v2\/tags?post=41176"}],"curies":[{"name":"wp","href":"https:\/\/api.w.org\/{rel}","templated":true}]}}