{"id":41233,"date":"2025-10-20T22:53:06","date_gmt":"2025-10-20T20:53:06","guid":{"rendered":"https:\/\/www.organisator.ch\/de\/?p=41233"},"modified":"2025-10-20T11:56:01","modified_gmt":"2025-10-20T09:56:01","slug":"digitale-souveraenitaet","status":"publish","type":"post","link":"https:\/\/www.organisator.ch\/fr\/operational-excellence\/2025-10-20\/digitale-souveraenitaet\/","title":{"rendered":"Souverainet\u00e9 num\u00e9rique"},"content":{"rendered":"<figure id=\"attachment_41232\" aria-describedby=\"caption-attachment-41232\" style=\"width: 680px\" class=\"wp-caption alignnone\"><img loading=\"lazy\" decoding=\"async\" class=\"wp-image-41232 size-medium\" src=\"https:\/\/www.organisator.ch\/wp-content\/uploads\/2025\/10\/OpEx_Auftakt_Bild_organisator_178644-scaled-e1760954062804-680x483.jpg\" alt=\"Matthias St\u00fcrmer d\u00e9fend avec v\u00e9h\u00e9mence la souverainet\u00e9 num\u00e9rique et la cr\u00e9ation de valeur technologique en Suisse. Photo : zVg\" width=\"680\" height=\"483\" srcset=\"https:\/\/www.organisator.ch\/wp-content\/uploads\/2025\/10\/OpEx_Auftakt_Bild_organisator_178644-scaled-e1760954062804-680x483.jpg 680w, https:\/\/www.organisator.ch\/wp-content\/uploads\/2025\/10\/OpEx_Auftakt_Bild_organisator_178644-scaled-e1760954062804-1024x727.jpg 1024w, https:\/\/www.organisator.ch\/wp-content\/uploads\/2025\/10\/OpEx_Auftakt_Bild_organisator_178644-scaled-e1760954062804-768x545.jpg 768w, https:\/\/www.organisator.ch\/wp-content\/uploads\/2025\/10\/OpEx_Auftakt_Bild_organisator_178644-scaled-e1760954062804-18x12.jpg 18w, https:\/\/www.organisator.ch\/wp-content\/uploads\/2025\/10\/OpEx_Auftakt_Bild_organisator_178644-scaled-e1760954062804-375x266.jpg 375w, https:\/\/www.organisator.ch\/wp-content\/uploads\/2025\/10\/OpEx_Auftakt_Bild_organisator_178644-scaled-e1760954062804-493x350.jpg 493w, https:\/\/www.organisator.ch\/wp-content\/uploads\/2025\/10\/OpEx_Auftakt_Bild_organisator_178644-scaled-e1760954062804-1000x710.jpg 1000w, https:\/\/www.organisator.ch\/wp-content\/uploads\/2025\/10\/OpEx_Auftakt_Bild_organisator_178644-scaled-e1760954062804.jpg 1042w\" sizes=\"auto, (max-width: 680px) 100vw, 680px\" \/><figcaption id=\"caption-attachment-41232\" class=\"wp-caption-text\">Matthias St\u00fcrmer d\u00e9fend avec v\u00e9h\u00e9mence la souverainet\u00e9 num\u00e9rique et la cr\u00e9ation de valeur technologique en Suisse. Photo : zVg<\/figcaption><\/figure>\n<p><strong>Monsieur St\u00fcrmer, vous vous occupez du th\u00e8me de la souverainet\u00e9 num\u00e9rique depuis les ann\u00e9es 2000. Comment en est-on arriv\u00e9 l\u00e0 ?<\/strong><\/p>\n<p>Matthias St\u00fcrmer : Il est bien connu que la souverainet\u00e9 num\u00e9rique est r\u00e9alis\u00e9e au moyen de technologies open source. Et je m'occupe effectivement de ce th\u00e8me des logiciels open source depuis mes \u00e9tudes d'informatique de gestion \u00e0 l'universit\u00e9 de Berne au d\u00e9but des ann\u00e9es 2000. En 2003, je me suis rendu pour la premi\u00e8re fois \u00e0 une journ\u00e9e Linux en Allemagne et j'ai tout de suite \u00e9t\u00e9 fascin\u00e9 par cette communaut\u00e9 engag\u00e9e, par ces sp\u00e9cialistes de l'informatique de haut niveau qui se consacraient b\u00e9n\u00e9volement, avec tout leur c\u0153ur et leur \u00e9norme savoir-faire technologique, au d\u00e9veloppement du syst\u00e8me d'exploitation libre Linux, qui n'\u00e9tait alors pas encore tr\u00e8s orient\u00e9 vers les entreprises, et d'autres programmes open source.<\/p>\n<p><strong>Qu'entendez-vous aujourd'hui par souverainet\u00e9 num\u00e9rique ?<\/strong><\/p>\n<p>Dans le cadre d'une \u00e9tude sur la souverainet\u00e9 num\u00e9rique pour le D\u00e9partement f\u00e9d\u00e9ral des affaires \u00e9trang\u00e8res, j'ai analys\u00e9 l'ann\u00e9e derni\u00e8re plus de 200 sources scientifiques. J'ai constat\u00e9 qu'il existe des perspectives et des approches tr\u00e8s diff\u00e9rentes sur le sujet : Les uns consid\u00e8rent la souverainet\u00e9 num\u00e9rique comme une forme abstraite et th\u00e9orique de l'ind\u00e9pendance de l'Etat et ont r\u00e9dig\u00e9 de grands trait\u00e9s juridiques et historiques \u00e0 ce sujet. Je me rallie en revanche \u00e0 la compr\u00e9hension de la souverainet\u00e9 num\u00e9rique telle qu'elle a \u00e9t\u00e9 rendue publique lors du sommet num\u00e9rique allemand de 2018. Cette d\u00e9finition r\u00e9pandue comprend l'utilit\u00e9 de la souverainet\u00e9 num\u00e9rique dans l'autonomie technologique d'un pays et de ses administrations et entreprises. Concr\u00e8tement, les organisations doivent avoir le choix des entreprises informatiques qui exploitent et d\u00e9veloppent leurs syst\u00e8mes informatiques. La souverainet\u00e9 num\u00e9rique signifie \u00e9galement que personne ne peut acc\u00e9der aux donn\u00e9es d'une organisation sans autorisation explicite.<\/p>\n<p><strong>Dans quelle mesure le th\u00e8me est-il \u00e9tabli dans la recherche et l'enseignement et quelles sont les lacunes que vous voyez ?<\/strong><\/p>\n<p>Le th\u00e8me de la \"souverainet\u00e9 num\u00e9rique\" n'est pas encore entr\u00e9 dans l'\u00e9ducation, sinon nous n'aurions pas aujourd'hui ces grandes d\u00e9pendances vis-\u00e0-vis des fabricants. Au niveau des CIO, le paradigme \"Nobody ever got fired for buying Microsoft\" pr\u00e9vaut toujours. C'est pourquoi je pense qu'il est n\u00e9cessaire de tenir compte de la \"souverainet\u00e9 num\u00e9rique\" en tant qu'exigence non fonctionnelle importante lors de l'\u00e9valuation et de l'introduction de syst\u00e8mes informatiques dans les cours tels que \"requirements engineering\" et dans les formations continues sur les achats informatiques.<\/p>\n<p>Dans la recherche, le th\u00e8me du \"vendor lock-in\" et des d\u00e9pendances de chemin est certes connu depuis les ann\u00e9es 1990, mais pendant longtemps, seuls quelques chercheurs se sont pench\u00e9s sur ce sujet passionnant. Dans l'informatique, les d\u00e9pendances sont quasiment omnipr\u00e9sentes : \u00e0 chaque introduction de syst\u00e8me, on devient d\u00e9pendant d'une solution logicielle par l'int\u00e9gration d'interfaces et la formation des collaborateurs. Mais cette d\u00e9pendance au syst\u00e8me n'est pas du tout le probl\u00e8me, c'est m\u00eame le but de l'exercice. En effet, ce n'est que lorsqu'une application est bien int\u00e9gr\u00e9e avec les syst\u00e8mes existants que les donn\u00e9es peuvent \u00eatre \u00e9chang\u00e9es proprement et que le principe du \"once only\" est respect\u00e9. Et ce n'est que lorsque les collaborateurs connaissent bien un programme qu'ils peuvent travailler efficacement avec celui-ci.<\/p>\n<p>Le probl\u00e8me est la d\u00e9pendance vis-\u00e0-vis des fabricants. Elle survient lorsqu'il n'y a qu'une seule entreprise capable de mettre \u00e0 jour et de d\u00e9velopper le logiciel. Nous sommes alors \u00e0 la merci des int\u00e9r\u00eats de l'entreprise.<\/p>\n<p><strong>Pour la Suisse en particulier, la souverainet\u00e9 est une composante particuli\u00e8rement importante de son identit\u00e9. Dans quelle mesure la souverainet\u00e9 num\u00e9rique est-elle un sujet de d\u00e9bat public et dans quelle mesure la politique s'en occupe-t-elle ?<\/strong><\/p>\n<p>En fait, cette exigence politique n'est pas nouvelle, puisque Jonas Fricker avait d\u00e9j\u00e0 d\u00e9pos\u00e9 l'interpellation \"Souverainet\u00e9 num\u00e9rique de l'administration f\u00e9d\u00e9rale suisse\" en 2017. Il ne s'est rien pass\u00e9, ou si peu, et je trouve \u00e9tonnant qu'en Suisse, nous n'entamions que maintenant s\u00e9rieusement le d\u00e9bat et que nous r\u00e9fl\u00e9chissions \u00e0 une plus grande ind\u00e9pendance num\u00e9rique. Apparemment, il a fallu que le pr\u00e9sident Trump fasse peur \u00e0 la Suisse. Au moins, la politique a r\u00e9agi. Cette ann\u00e9e et l'ann\u00e9e derni\u00e8re, une douzaine d'interventions ont \u00e9t\u00e9 d\u00e9pos\u00e9es par la gauche et la droite, demandant l'augmentation de la souverainet\u00e9 num\u00e9rique et des mesures concr\u00e8tes pour sa mise en \u0153uvre. Le Conseil f\u00e9d\u00e9ral et l'administration f\u00e9d\u00e9rale sont d\u00e9sormais appel\u00e9s \u00e0 agir.<\/p>\n<p><strong>Quelles sont les plus grandes opportunit\u00e9s et les plus grands d\u00e9fis sur la voie d'une plus grande souverainet\u00e9 num\u00e9rique ?<\/strong><\/p>\n<p>Le plus grand d\u00e9fi est de r\u00e9duire le verrouillage des fournisseurs, mais aussi d'\u00e9viter de nouvelles d\u00e9pendances suppl\u00e9mentaires vis-\u00e0-vis des fournisseurs. Si l'on pense par exemple \u00e0 la complexit\u00e9 de l'introduction d'une solution ERP, \u00e0 la quantit\u00e9 de logique commerciale contenue dans une telle application et \u00e0 la mesure dans laquelle une organisation a adapt\u00e9 ses processus en cons\u00e9quence, on ne veut probablement plus jamais s'en s\u00e9parer. Dans ce cas, il faut d'abord accepter la d\u00e9pendance \u00e0 la situation. Cela devient dangereux lorsque de nouvelles exigences entra\u00eenent des d\u00e9pendances suppl\u00e9mentaires par commodit\u00e9 (\"Nous avons d\u00e9j\u00e0 un contrat en cours\") ou par une logique d'investissement erron\u00e9e (\"Nous avons de toute fa\u00e7on d\u00e9j\u00e0 tellement investi\").<\/p>\n<p>Les opportunit\u00e9s de la souverainet\u00e9 num\u00e9rique doivent \u00eatre consid\u00e9r\u00e9es \u00e0 long terme. Par exemple, l'administration publique doit moins souvent faire appel \u00e0 des technologies ouvertes. La concurrence peut alors mieux jouer. Le choix est ainsi possible et les co\u00fbts diminuent. Une autre grande chance de la souverainet\u00e9 num\u00e9rique est la cr\u00e9ation de valeur ajout\u00e9e qui peut \u00eatre augment\u00e9e par des entreprises informatiques locales.<\/p>\n<p><strong>Depuis quelques ann\u00e9es, le th\u00e8me de l'intelligence artificielle est en plein essor. Quels sont les nouveaux aspects de la souverainet\u00e9 num\u00e9rique qui en d\u00e9coulent ?<\/strong><\/p>\n<p>L'IA est garantie de changer beaucoup de choses dans notre soci\u00e9t\u00e9 et notre monde du travail, cette tendance ne dispara\u00eetra jamais. Nous verrons encore de grands progr\u00e8s dans les ann\u00e9es \u00e0 venir, notamment dans les syst\u00e8mes d'IA bas\u00e9s sur des agents et dans la diffusion de nouveaux mod\u00e8les d'IA. Il est int\u00e9ressant de constater que je vois ici de nombreux parall\u00e8les avec l'\u00e9volution du secteur des logiciels il y a 20 ans : Ainsi, dans le nouveau monde des Large Language Models (LLM), on assiste \u00e9galement \u00e0 un d\u00e9bat enflamm\u00e9 et \u00e0 des tendances parall\u00e8les concernant les variantes propri\u00e9taires versus les variantes ouvertes de l'IA. Des millions de mod\u00e8les d'apprentissage automatique sont aujourd'hui d\u00e9j\u00e0 librement disponibles sur Hugging Face et constituent la base des nombreuses innovations. Ici aussi, l'approche dite \"Open Source AI\" peut \u00eatre suivie.<\/p>\n<p>Dans le cas de l'IA, il faut encore ajouter que la mani\u00e8re dont les LLM ont \u00e9t\u00e9 form\u00e9s, c'est-\u00e0-dire les donn\u00e9es sur lesquelles ils se basent et les ajustements (\"alignement\" ou \"r\u00e9glage fin\") qui ont \u00e9t\u00e9 effectu\u00e9s, est d\u00e9terminante. Nous ne voulons pas de plateformes d'IA qui refl\u00e8tent les int\u00e9r\u00eats des entreprises ou les positions politiques d'autres \u00c9tats, mais nous voulons des chatbots objectifs sans biais (\"bias\").<\/p>\n<p><strong>Dans quelle mesure les entreprises et les administrations suisses ont-elles une chance de cr\u00e9er ou de conserver leur souverainet\u00e9 num\u00e9rique ? <\/strong><\/p>\n<p>C'est un mythe de croire que l'\u00c9tat et les entreprises suisses d\u00e9pendent pour toujours et \u00e0 jamais des groupes technologiques \u00e9trangers. Nous pouvons tr\u00e8s bien mettre en place et exploiter nous-m\u00eames des plateformes de cloud, des applications logicielles et des mod\u00e8les d'IA bas\u00e9s sur des technologies open source. Avec le \"R\u00e9seau SDS - Suisse num\u00e9rique souveraine\", fond\u00e9 en juillet 2025, nous voyons des dizaines d'entreprises suisses qui proposent des services cloud aux autorit\u00e9s et \u00e0 l'\u00e9conomie suisse. Sur le r\u00e9pertoire \"OSS Directory\", il y a des centaines de produits open source et de nombreux fournisseurs comp\u00e9tents qui peuvent aider \u00e0 mettre en \u0153uvre des solutions num\u00e9riques souveraines. Et dans le domaine de l'IA, nos meilleures hautes \u00e9coles, l'EPF de Zurich et l'EPF de Lausanne, ont d\u00e9velopp\u00e9, en collaboration avec le Supercomputing Center CSCS de Lugano, un mod\u00e8le Open Source Large Language moderne et enti\u00e8rement transparent. Cela montre clairement que nous sommes tout \u00e0 fait capables de mettre en \u0153uvre la souverainet\u00e9 num\u00e9rique. Ce qui manque souvent, c'est simplement la visibilit\u00e9, la mise en r\u00e9seau et la confiance dans le fait que nous pouvons le faire. C'est pourquoi, avec le r\u00e9seau SDS et l'OSS Directory, nous voulons cr\u00e9er ici plus de visibilit\u00e9 pour les solutions de souverainet\u00e9 num\u00e9rique des organisations courageuses.<\/p>\n<p><strong>En Suisse, nous avons la chance de pouvoir participer en premi\u00e8re ligne \u00e0 l'\u00e9laboration de la recherche et de l'enseignement. Que souhaitez-vous pour vous-m\u00eame et pour notre soci\u00e9t\u00e9 dans les ann\u00e9es \u00e0 venir ?<\/strong><\/p>\n<p>La Suisse dispose de conditions id\u00e9ales : Un niveau de formation \u00e9lev\u00e9 avec des hautes \u00e9coles de renomm\u00e9e mondiale, des infrastructures informatiques de pointe avec de nombreux centres de calcul et un superordinateur d'intelligence artificielle unique en son genre au Tessin, un approvisionnement en \u00e9lectricit\u00e9 stable, une grande continuit\u00e9 politique, une dette quasi inexistante, une monnaie forte et une excellente image \u00e0 l'\u00e9tranger pour la s\u00e9curit\u00e9 et la fiabilit\u00e9. Nous devons maintenant rattraper notre retard l\u00e0 o\u00f9 d'autres pays sont encore meilleurs : Nous avons besoin de plus de courage et de plus de coop\u00e9ration.<\/p>\n<h3>Auteur<\/h3>\n<p>Pascal Sieber est consultant en transformation et pr\u00e9sident du conseil d'administration de Sieber &amp; Partners. Il est le fondateur et l'organisateur du panel CNO qui a lieu chaque ann\u00e9e. <a href=\"http:\/\/www.sieberpartners.com\/cno-panel-aktuell\">www.sieberpartners.com\/cno-panel-aktuell<\/a><\/p>","protected":false},"excerpt":{"rendered":"<p>Matthias St\u00fcrmer est un expert renomm\u00e9 en mati\u00e8re de souverainet\u00e9 num\u00e9rique. Il interviendra lors du 25e panel CNO du 27 octobre de cette ann\u00e9e. L'une de ses principales th\u00e8ses est que nous ne sommes pas d\u00e9pendants des groupes technologiques pour le meilleur et pour le pire, mais que nous pouvons gagner en souverainet\u00e9 gr\u00e2ce aux logiciels open source.<\/p>","protected":false},"author":1,"featured_media":41232,"comment_status":"closed","ping_status":"closed","sticky":false,"template":"","format":"standard","meta":{"_acf_changed":false,"_yoast_wpseo_focuskw":"Digitale Souver\u00e4nit\u00e4t","_yoast_wpseo_metadesc":"Matthias St\u00fcrmer ist renommierter Experte f\u00fcr digitale Souver\u00e4nit\u00e4t. Er tritt am 25. CNO Panel vom 27. Oktober in diesem Jahr auf.","articlekey":"178641","footnotes":""},"categories":[578,582],"tags":[4847,156,283,319],"class_list":["post-41233","post","type-post","status-publish","format-standard","has-post-thumbnail","hentry","category-abo","category-operational-excellence","tag-digitale-souveraenitaet","tag-digitalisierung","tag-interview","tag-kuenstliche-intelligenz"],"acf":[],"yoast_head":"<!-- This site is optimized with the Yoast SEO plugin v27.5 - https:\/\/yoast.com\/product\/yoast-seo-wordpress\/ -->\n<title>Digitale Souver\u00e4nit\u00e4t - Organisator<\/title>\n<meta name=\"description\" content=\"Matthias St\u00fcrmer ist renommierter Experte f\u00fcr digitale Souver\u00e4nit\u00e4t. Er tritt am 25. CNO Panel vom 27. Oktober in diesem Jahr auf.\" \/>\n<meta name=\"robots\" content=\"index, follow, max-snippet:-1, max-image-preview:large, max-video-preview:-1\" \/>\n<link rel=\"canonical\" href=\"https:\/\/www.organisator.ch\/fr\/excellence-operationnelle\/2025-10-20\/digitale-souveraenitaet\/\" \/>\n<meta property=\"og:locale\" content=\"fr_FR\" \/>\n<meta property=\"og:type\" content=\"article\" \/>\n<meta property=\"og:title\" content=\"Digitale Souver\u00e4nit\u00e4t - Organisator\" \/>\n<meta property=\"og:description\" content=\"Matthias St\u00fcrmer ist renommierter Experte f\u00fcr digitale Souver\u00e4nit\u00e4t. Er tritt am 25. CNO Panel vom 27. Oktober in diesem Jahr auf.\" \/>\n<meta property=\"og:url\" content=\"https:\/\/www.organisator.ch\/fr\/excellence-operationnelle\/2025-10-20\/digitale-souveraenitaet\/\" \/>\n<meta property=\"og:site_name\" content=\"Organisator\" \/>\n<meta property=\"article:publisher\" content=\"https:\/\/www.facebook.com\/OrganisatorFachmagazin\" \/>\n<meta property=\"article:published_time\" content=\"2025-10-20T20:53:06+00:00\" \/>\n<meta property=\"og:image\" content=\"https:\/\/www.organisator.ch\/wp-content\/uploads\/2025\/10\/OpEx_Auftakt_Bild_organisator_178644-scaled-e1760954062804.jpg\" \/>\n\t<meta property=\"og:image:width\" content=\"1042\" \/>\n\t<meta property=\"og:image:height\" content=\"740\" \/>\n\t<meta property=\"og:image:type\" content=\"image\/jpeg\" \/>\n<meta name=\"author\" content=\"admin\" \/>\n<meta name=\"twitter:card\" content=\"summary_large_image\" \/>\n<script type=\"application\/ld+json\" class=\"yoast-schema-graph\">{\"@context\":\"https:\\\/\\\/schema.org\",\"@graph\":[{\"@type\":\"Article\",\"@id\":\"https:\\\/\\\/www.organisator.ch\\\/operational-excellence\\\/2025-10-20\\\/digitale-souveraenitaet\\\/#article\",\"isPartOf\":{\"@id\":\"https:\\\/\\\/www.organisator.ch\\\/operational-excellence\\\/2025-10-20\\\/digitale-souveraenitaet\\\/\"},\"author\":{\"name\":\"admin\",\"@id\":\"https:\\\/\\\/www.organisator.ch\\\/#\\\/schema\\\/person\\\/aa2bace6c5c5aad60102004a50c4eb1c\"},\"headline\":\"Digitale Souver\u00e4nit\u00e4t\",\"datePublished\":\"2025-10-20T20:53:06+00:00\",\"mainEntityOfPage\":{\"@id\":\"https:\\\/\\\/www.organisator.ch\\\/operational-excellence\\\/2025-10-20\\\/digitale-souveraenitaet\\\/\"},\"wordCount\":1354,\"publisher\":{\"@id\":\"https:\\\/\\\/www.organisator.ch\\\/#organization\"},\"image\":{\"@id\":\"https:\\\/\\\/www.organisator.ch\\\/operational-excellence\\\/2025-10-20\\\/digitale-souveraenitaet\\\/#primaryimage\"},\"thumbnailUrl\":\"https:\\\/\\\/www.organisator.ch\\\/wp-content\\\/uploads\\\/2025\\\/10\\\/OpEx_Auftakt_Bild_organisator_178644-scaled-e1760954062804.jpg\",\"keywords\":[\"Digitale Souver\u00e4nit\u00e4t\",\"Digitalisierung\",\"Interview\",\"K\u00fcnstliche Intelligenz\"],\"articleSection\":[\"ABO+\",\"OPERATIONAL EXCELLENCE\"],\"inLanguage\":\"fr-FR\"},{\"@type\":\"WebPage\",\"@id\":\"https:\\\/\\\/www.organisator.ch\\\/operational-excellence\\\/2025-10-20\\\/digitale-souveraenitaet\\\/\",\"url\":\"https:\\\/\\\/www.organisator.ch\\\/operational-excellence\\\/2025-10-20\\\/digitale-souveraenitaet\\\/\",\"name\":\"Digitale Souver\u00e4nit\u00e4t - Organisator\",\"isPartOf\":{\"@id\":\"https:\\\/\\\/www.organisator.ch\\\/#website\"},\"primaryImageOfPage\":{\"@id\":\"https:\\\/\\\/www.organisator.ch\\\/operational-excellence\\\/2025-10-20\\\/digitale-souveraenitaet\\\/#primaryimage\"},\"image\":{\"@id\":\"https:\\\/\\\/www.organisator.ch\\\/operational-excellence\\\/2025-10-20\\\/digitale-souveraenitaet\\\/#primaryimage\"},\"thumbnailUrl\":\"https:\\\/\\\/www.organisator.ch\\\/wp-content\\\/uploads\\\/2025\\\/10\\\/OpEx_Auftakt_Bild_organisator_178644-scaled-e1760954062804.jpg\",\"datePublished\":\"2025-10-20T20:53:06+00:00\",\"description\":\"Matthias St\u00fcrmer ist renommierter Experte f\u00fcr digitale Souver\u00e4nit\u00e4t. Er tritt am 25. CNO Panel vom 27. Oktober in diesem Jahr auf.\",\"breadcrumb\":{\"@id\":\"https:\\\/\\\/www.organisator.ch\\\/operational-excellence\\\/2025-10-20\\\/digitale-souveraenitaet\\\/#breadcrumb\"},\"inLanguage\":\"fr-FR\",\"potentialAction\":[{\"@type\":\"ReadAction\",\"target\":[\"https:\\\/\\\/www.organisator.ch\\\/operational-excellence\\\/2025-10-20\\\/digitale-souveraenitaet\\\/\"]}]},{\"@type\":\"ImageObject\",\"inLanguage\":\"fr-FR\",\"@id\":\"https:\\\/\\\/www.organisator.ch\\\/operational-excellence\\\/2025-10-20\\\/digitale-souveraenitaet\\\/#primaryimage\",\"url\":\"https:\\\/\\\/www.organisator.ch\\\/wp-content\\\/uploads\\\/2025\\\/10\\\/OpEx_Auftakt_Bild_organisator_178644-scaled-e1760954062804.jpg\",\"contentUrl\":\"https:\\\/\\\/www.organisator.ch\\\/wp-content\\\/uploads\\\/2025\\\/10\\\/OpEx_Auftakt_Bild_organisator_178644-scaled-e1760954062804.jpg\",\"width\":1042,\"height\":740,\"caption\":\"Matthias St\u00fcrmer tritt vehement f\u00fcr digitale Souver\u00e4nit\u00e4t und Tech-Wertsch\u00f6pfung in der Schweiz ein. Foto: zVg\"},{\"@type\":\"BreadcrumbList\",\"@id\":\"https:\\\/\\\/www.organisator.ch\\\/operational-excellence\\\/2025-10-20\\\/digitale-souveraenitaet\\\/#breadcrumb\",\"itemListElement\":[{\"@type\":\"ListItem\",\"position\":1,\"name\":\"Home\",\"item\":\"https:\\\/\\\/www.organisator.ch\\\/\"},{\"@type\":\"ListItem\",\"position\":2,\"name\":\"Digitale Souver\u00e4nit\u00e4t\"}]},{\"@type\":\"WebSite\",\"@id\":\"https:\\\/\\\/www.organisator.ch\\\/#website\",\"url\":\"https:\\\/\\\/www.organisator.ch\\\/\",\"name\":\"Organisator\",\"description\":\"Kompetent. Praxisnah. Der ORGANISATOR bereitet in 10 Ausgaben pro Jahr die wesentlichen Themen f\u00fcr F\u00fchrungskr\u00e4fte von KMU auf.\",\"publisher\":{\"@id\":\"https:\\\/\\\/www.organisator.ch\\\/#organization\"},\"potentialAction\":[{\"@type\":\"SearchAction\",\"target\":{\"@type\":\"EntryPoint\",\"urlTemplate\":\"https:\\\/\\\/www.organisator.ch\\\/?s={search_term_string}\"},\"query-input\":{\"@type\":\"PropertyValueSpecification\",\"valueRequired\":true,\"valueName\":\"search_term_string\"}}],\"inLanguage\":\"fr-FR\"},{\"@type\":\"Organization\",\"@id\":\"https:\\\/\\\/www.organisator.ch\\\/#organization\",\"name\":\"Organisator\",\"url\":\"https:\\\/\\\/www.organisator.ch\\\/\",\"logo\":{\"@type\":\"ImageObject\",\"inLanguage\":\"fr-FR\",\"@id\":\"https:\\\/\\\/www.organisator.ch\\\/#\\\/schema\\\/logo\\\/image\\\/\",\"url\":\"https:\\\/\\\/www.organisator.ch\\\/wp-content\\\/uploads\\\/2022\\\/01\\\/Logo_Organisator_Website.png\",\"contentUrl\":\"https:\\\/\\\/www.organisator.ch\\\/wp-content\\\/uploads\\\/2022\\\/01\\\/Logo_Organisator_Website.png\",\"width\":800,\"height\":77,\"caption\":\"Organisator\"},\"image\":{\"@id\":\"https:\\\/\\\/www.organisator.ch\\\/#\\\/schema\\\/logo\\\/image\\\/\"},\"sameAs\":[\"https:\\\/\\\/www.facebook.com\\\/OrganisatorFachmagazin\",\"https:\\\/\\\/www.linkedin.com\\\/showcase\\\/organisator-das-magazin-fr-kmu\",\"https:\\\/\\\/www.xing.com\\\/news\\\/pages\\\/organisator-ch-695\",\"https:\\\/\\\/www.youtube.com\\\/channel\\\/UCGP2Sq0iWaZwT3BdIAQFYpw\"]},{\"@type\":\"Person\",\"@id\":\"https:\\\/\\\/www.organisator.ch\\\/#\\\/schema\\\/person\\\/aa2bace6c5c5aad60102004a50c4eb1c\",\"name\":\"admin\",\"image\":{\"@type\":\"ImageObject\",\"inLanguage\":\"fr-FR\",\"@id\":\"https:\\\/\\\/secure.gravatar.com\\\/avatar\\\/ae2f4d718e6c49043e314ce431e7e645d646302a24a5ef5a8bc8e3f5a032e319?s=96&d=mm&r=g\",\"url\":\"https:\\\/\\\/secure.gravatar.com\\\/avatar\\\/ae2f4d718e6c49043e314ce431e7e645d646302a24a5ef5a8bc8e3f5a032e319?s=96&d=mm&r=g\",\"contentUrl\":\"https:\\\/\\\/secure.gravatar.com\\\/avatar\\\/ae2f4d718e6c49043e314ce431e7e645d646302a24a5ef5a8bc8e3f5a032e319?s=96&d=mm&r=g\",\"caption\":\"admin\"},\"sameAs\":[\"https:\\\/\\\/www.organisator.ch\"],\"url\":\"https:\\\/\\\/www.organisator.ch\\\/fr\\\/author\\\/admin\\\/\"}]}<\/script>\n<!-- \/ Yoast SEO plugin. -->","yoast_head_json":{"title":"Souverainet\u00e9 num\u00e9rique - Organisateur","description":"Matthias St\u00fcrmer est un expert renomm\u00e9 en mati\u00e8re de souverainet\u00e9 num\u00e9rique. Il interviendra lors du 25e panel CNO du 27 octobre prochain.","robots":{"index":"index","follow":"follow","max-snippet":"max-snippet:-1","max-image-preview":"max-image-preview:large","max-video-preview":"max-video-preview:-1"},"canonical":"https:\/\/www.organisator.ch\/fr\/excellence-operationnelle\/2025-10-20\/digitale-souveraenitaet\/","og_locale":"fr_FR","og_type":"article","og_title":"Digitale Souver\u00e4nit\u00e4t - Organisator","og_description":"Matthias St\u00fcrmer ist renommierter Experte f\u00fcr digitale Souver\u00e4nit\u00e4t. Er tritt am 25. CNO Panel vom 27. Oktober in diesem Jahr auf.","og_url":"https:\/\/www.organisator.ch\/fr\/excellence-operationnelle\/2025-10-20\/digitale-souveraenitaet\/","og_site_name":"Organisator","article_publisher":"https:\/\/www.facebook.com\/OrganisatorFachmagazin","article_published_time":"2025-10-20T20:53:06+00:00","og_image":[{"width":1042,"height":740,"url":"https:\/\/www.organisator.ch\/wp-content\/uploads\/2025\/10\/OpEx_Auftakt_Bild_organisator_178644-scaled-e1760954062804.jpg","type":"image\/jpeg"}],"author":"admin","twitter_card":"summary_large_image","schema":{"@context":"https:\/\/schema.org","@graph":[{"@type":"Article","@id":"https:\/\/www.organisator.ch\/operational-excellence\/2025-10-20\/digitale-souveraenitaet\/#article","isPartOf":{"@id":"https:\/\/www.organisator.ch\/operational-excellence\/2025-10-20\/digitale-souveraenitaet\/"},"author":{"name":"admin","@id":"https:\/\/www.organisator.ch\/#\/schema\/person\/aa2bace6c5c5aad60102004a50c4eb1c"},"headline":"Digitale Souver\u00e4nit\u00e4t","datePublished":"2025-10-20T20:53:06+00:00","mainEntityOfPage":{"@id":"https:\/\/www.organisator.ch\/operational-excellence\/2025-10-20\/digitale-souveraenitaet\/"},"wordCount":1354,"publisher":{"@id":"https:\/\/www.organisator.ch\/#organization"},"image":{"@id":"https:\/\/www.organisator.ch\/operational-excellence\/2025-10-20\/digitale-souveraenitaet\/#primaryimage"},"thumbnailUrl":"https:\/\/www.organisator.ch\/wp-content\/uploads\/2025\/10\/OpEx_Auftakt_Bild_organisator_178644-scaled-e1760954062804.jpg","keywords":["Digitale Souver\u00e4nit\u00e4t","Digitalisierung","Interview","K\u00fcnstliche Intelligenz"],"articleSection":["ABO+","OPERATIONAL EXCELLENCE"],"inLanguage":"fr-FR"},{"@type":"WebPage","@id":"https:\/\/www.organisator.ch\/operational-excellence\/2025-10-20\/digitale-souveraenitaet\/","url":"https:\/\/www.organisator.ch\/operational-excellence\/2025-10-20\/digitale-souveraenitaet\/","name":"Souverainet\u00e9 num\u00e9rique - Organisateur","isPartOf":{"@id":"https:\/\/www.organisator.ch\/#website"},"primaryImageOfPage":{"@id":"https:\/\/www.organisator.ch\/operational-excellence\/2025-10-20\/digitale-souveraenitaet\/#primaryimage"},"image":{"@id":"https:\/\/www.organisator.ch\/operational-excellence\/2025-10-20\/digitale-souveraenitaet\/#primaryimage"},"thumbnailUrl":"https:\/\/www.organisator.ch\/wp-content\/uploads\/2025\/10\/OpEx_Auftakt_Bild_organisator_178644-scaled-e1760954062804.jpg","datePublished":"2025-10-20T20:53:06+00:00","description":"Matthias St\u00fcrmer est un expert renomm\u00e9 en mati\u00e8re de souverainet\u00e9 num\u00e9rique. Il interviendra lors du 25e panel CNO du 27 octobre prochain.","breadcrumb":{"@id":"https:\/\/www.organisator.ch\/operational-excellence\/2025-10-20\/digitale-souveraenitaet\/#breadcrumb"},"inLanguage":"fr-FR","potentialAction":[{"@type":"ReadAction","target":["https:\/\/www.organisator.ch\/operational-excellence\/2025-10-20\/digitale-souveraenitaet\/"]}]},{"@type":"ImageObject","inLanguage":"fr-FR","@id":"https:\/\/www.organisator.ch\/operational-excellence\/2025-10-20\/digitale-souveraenitaet\/#primaryimage","url":"https:\/\/www.organisator.ch\/wp-content\/uploads\/2025\/10\/OpEx_Auftakt_Bild_organisator_178644-scaled-e1760954062804.jpg","contentUrl":"https:\/\/www.organisator.ch\/wp-content\/uploads\/2025\/10\/OpEx_Auftakt_Bild_organisator_178644-scaled-e1760954062804.jpg","width":1042,"height":740,"caption":"Matthias St\u00fcrmer tritt vehement f\u00fcr digitale Souver\u00e4nit\u00e4t und Tech-Wertsch\u00f6pfung in der Schweiz ein. Foto: zVg"},{"@type":"BreadcrumbList","@id":"https:\/\/www.organisator.ch\/operational-excellence\/2025-10-20\/digitale-souveraenitaet\/#breadcrumb","itemListElement":[{"@type":"ListItem","position":1,"name":"Home","item":"https:\/\/www.organisator.ch\/"},{"@type":"ListItem","position":2,"name":"Digitale Souver\u00e4nit\u00e4t"}]},{"@type":"WebSite","@id":"https:\/\/www.organisator.ch\/#website","url":"https:\/\/www.organisator.ch\/","name":"Organisateur","description":"Comp\u00e9tence et comp\u00e9tence. Proches de la pratique. L'ORGANISATEUR pr\u00e9pare 10 num\u00e9ros par an sur les th\u00e8mes essentiels pour les dirigeants de PME.","publisher":{"@id":"https:\/\/www.organisator.ch\/#organization"},"potentialAction":[{"@type":"SearchAction","target":{"@type":"EntryPoint","urlTemplate":"https:\/\/www.organisator.ch\/?s={search_term_string}"},"query-input":{"@type":"PropertyValueSpecification","valueRequired":true,"valueName":"search_term_string"}}],"inLanguage":"fr-FR"},{"@type":"Organization","@id":"https:\/\/www.organisator.ch\/#organization","name":"Organisateur","url":"https:\/\/www.organisator.ch\/","logo":{"@type":"ImageObject","inLanguage":"fr-FR","@id":"https:\/\/www.organisator.ch\/#\/schema\/logo\/image\/","url":"https:\/\/www.organisator.ch\/wp-content\/uploads\/2022\/01\/Logo_Organisator_Website.png","contentUrl":"https:\/\/www.organisator.ch\/wp-content\/uploads\/2022\/01\/Logo_Organisator_Website.png","width":800,"height":77,"caption":"Organisator"},"image":{"@id":"https:\/\/www.organisator.ch\/#\/schema\/logo\/image\/"},"sameAs":["https:\/\/www.facebook.com\/OrganisatorFachmagazin","https:\/\/www.linkedin.com\/showcase\/organisator-das-magazin-fr-kmu","https:\/\/www.xing.com\/news\/pages\/organisator-ch-695","https:\/\/www.youtube.com\/channel\/UCGP2Sq0iWaZwT3BdIAQFYpw"]},{"@type":"Person","@id":"https:\/\/www.organisator.ch\/#\/schema\/person\/aa2bace6c5c5aad60102004a50c4eb1c","name":"admin","image":{"@type":"ImageObject","inLanguage":"fr-FR","@id":"https:\/\/secure.gravatar.com\/avatar\/ae2f4d718e6c49043e314ce431e7e645d646302a24a5ef5a8bc8e3f5a032e319?s=96&d=mm&r=g","url":"https:\/\/secure.gravatar.com\/avatar\/ae2f4d718e6c49043e314ce431e7e645d646302a24a5ef5a8bc8e3f5a032e319?s=96&d=mm&r=g","contentUrl":"https:\/\/secure.gravatar.com\/avatar\/ae2f4d718e6c49043e314ce431e7e645d646302a24a5ef5a8bc8e3f5a032e319?s=96&d=mm&r=g","caption":"admin"},"sameAs":["https:\/\/www.organisator.ch"],"url":"https:\/\/www.organisator.ch\/fr\/author\/admin\/"}]}},"_links":{"self":[{"href":"https:\/\/www.organisator.ch\/fr\/wp-json\/wp\/v2\/posts\/41233","targetHints":{"allow":["GET"]}}],"collection":[{"href":"https:\/\/www.organisator.ch\/fr\/wp-json\/wp\/v2\/posts"}],"about":[{"href":"https:\/\/www.organisator.ch\/fr\/wp-json\/wp\/v2\/types\/post"}],"author":[{"embeddable":true,"href":"https:\/\/www.organisator.ch\/fr\/wp-json\/wp\/v2\/users\/1"}],"replies":[{"embeddable":true,"href":"https:\/\/www.organisator.ch\/fr\/wp-json\/wp\/v2\/comments?post=41233"}],"version-history":[{"count":2,"href":"https:\/\/www.organisator.ch\/fr\/wp-json\/wp\/v2\/posts\/41233\/revisions"}],"predecessor-version":[{"id":41295,"href":"https:\/\/www.organisator.ch\/fr\/wp-json\/wp\/v2\/posts\/41233\/revisions\/41295"}],"wp:featuredmedia":[{"embeddable":true,"href":"https:\/\/www.organisator.ch\/fr\/wp-json\/wp\/v2\/media\/41232"}],"wp:attachment":[{"href":"https:\/\/www.organisator.ch\/fr\/wp-json\/wp\/v2\/media?parent=41233"}],"wp:term":[{"taxonomy":"category","embeddable":true,"href":"https:\/\/www.organisator.ch\/fr\/wp-json\/wp\/v2\/categories?post=41233"},{"taxonomy":"post_tag","embeddable":true,"href":"https:\/\/www.organisator.ch\/fr\/wp-json\/wp\/v2\/tags?post=41233"}],"curies":[{"name":"wp","href":"https:\/\/api.w.org\/{rel}","templated":true}]}}