{"id":4127,"date":"2021-04-22T14:16:21","date_gmt":"2021-04-22T12:16:21","guid":{"rendered":"https:\/\/www.umweltperspektiven.ch\/?p=4127"},"modified":"2022-02-09T11:06:46","modified_gmt":"2022-02-09T10:06:46","slug":"rekordjahr-ueber-400-klimaschutzprojekte-von-kmu-unterstuetzt","status":"publish","type":"post","link":"https:\/\/www.organisator.ch\/fr\/sustainability\/2021-04-22\/rekordjahr-ueber-400-klimaschutzprojekte-von-kmu-unterstuetzt\/","title":{"rendered":"Ann\u00e9e record : plus de 400 projets de protection climatique soutenus par des PME"},"content":{"rendered":"<figure id=\"attachment_4128\" aria-describedby=\"caption-attachment-4128\" style=\"width: 680px\" class=\"wp-caption aligncenter\"><img loading=\"lazy\" decoding=\"async\" class=\"wp-image-4128 size-medium\" src=\"\/\/www.umweltperspektiven.ch\/wp-content\/uploads\/2021\/04\/Depositphotos_131946708_s-2019.jpg\" alt=\"Fondation pour le climat\" width=\"680\" height=\"450\" \/><figcaption id=\"caption-attachment-4128\" class=\"wp-caption-text\">Depositphotos, happyalex<\/figcaption><\/figure>\n<p>L'immeuble de bureaux se transforme en centrale solaire, le b\u00e9ton recycl\u00e9 devient neutre en CO<sub>2<\/sub>-Les PME suisses et liechtensteinoises ont fait preuve d'une grande cr\u00e9ativit\u00e9 pour prot\u00e9ger le climat, m\u00eame en 2020. La Fondation Suisse pour le Climat a de nouveau re\u00e7u de nombreuses demandes de soutien. Environ 5 millions de francs ont \u00e9t\u00e9 allou\u00e9s par le conseil de fondation et le comit\u00e9 consultatif en 2020. C'est 16 pour cent de plus qu'en <a href=\"\/\/www.umweltperspektiven.ch\/klimastiftung-unterstuetzung-fuer-klimaschutz-waechst-weiter\/\">Ann\u00e9e pr\u00e9c\u00e9dente<\/a>.<\/p>\n<h2><strong>Les technologies innovantes au c\u0153ur de la promotion\u00a0<\/strong><\/h2>\n<p>En 2020, la majeure partie de la somme d'encouragement a \u00e9galement \u00e9t\u00e9 consacr\u00e9e au domaine de l'innovation : 23 projets au total peuvent d\u00e9sormais compter sur le soutien de la fondation, pour un montant total de 2,7 millions de francs. Parmi les innovations soutenues, on trouve par exemple une technologie de stockage du CO<sub>2<\/sub>\u00a0dans le b\u00e9ton recycl\u00e9 (<a href=\"\/\/de.neustark.com\/\">neustark<\/a>), de nouveaux proc\u00e9d\u00e9s de fabrication de mat\u00e9riaux d'isolation durables \u00e0 partir de cendres (<a href=\"\/\/fenx.ch\/\">FenX<\/a>) ou pour la transformation de d\u00e9chets v\u00e9g\u00e9taux en produits chimiques de haute qualit\u00e9 comme alternative au p\u00e9trole (<a href=\"\/\/bloombiorenewables.com\/\">Bloom Biorenewables<\/a>) ainsi qu'une taxe sur le CO<sub>2<\/sub>-Chauffage neutre des serres avec des d\u00e9chets de graisse organique (Oekokraft).<\/p>\n<p>\"Si nous voulons atteindre les objectifs climatiques nationaux, nous avons un besoin urgent de telles technologies d'avenir, notamment dans les domaines du b\u00e2timent, de l'agriculture et de l'\u00e9conomie circulaire\", d\u00e9clare Thomas H\u00fcgli, pr\u00e9sident du conseil de fondation de la Fondation Suisse pour le Climat. \"Il ne suffira pas que l'\u00e9conomie r\u00e9duise ses \u00e9missions de CO<sub>2<\/sub>-sont r\u00e9duites ou compens\u00e9es. C'est pourquoi nous rassemblons les forces des diff\u00e9rentes entreprises partenaires au sein de la fondation commune afin de continuer \u00e0 d\u00e9velopper la promotion des innovations climatiques de mani\u00e8re efficace et cibl\u00e9e\".<\/p>\n<h2><strong>Plus de deux fois plus de projets financ\u00e9s que l'ann\u00e9e pr\u00e9c\u00e9dente\u00a0<\/strong><\/h2>\n<p>Plus de 350 projets d'efficacit\u00e9 \u00e9nerg\u00e9tique b\u00e9n\u00e9ficieront \u00e9galement \u00e0 l'avenir du soutien de la Fondation Suisse pour le Climat. Parmi eux, on trouve, outre de nombreuses mesures standard pour une meilleure efficacit\u00e9 \u00e9nerg\u00e9tique dans l'entreprise (projets tels que le passage \u00e0 la mobilit\u00e9 \u00e9lectrique, l'utilisation de la chaleur r\u00e9siduelle ou le remplacement d'appareils), douze grands projets de promotion et de traitement du biogaz. S'y ajoutent une trentaine de projets issus du programme d'entretien des for\u00eats, dans le cadre duquel la fondation soutient le rajeunissement des for\u00eats trop \u00e2g\u00e9es afin de r\u00e9duire leurs \u00e9missions de CO<sub>2<\/sub>-capacit\u00e9 d'absorption. Au total, le nombre de projets individuels financ\u00e9s en 2020 s'\u00e9l\u00e8ve \u00e0 plus de 400, soit plus du double de l'ann\u00e9e pr\u00e9c\u00e9dente.<\/p>\n<h2><strong>Redistribution \u00e0 partir du CO<sub>2<\/sub>-La taxe sur le tabac a le plus grand impact possible\u00a0<\/strong><\/h2>\n<p>Ce soutien est rendu possible par plus de 20 entreprises suisses et liechtensteinoises qui ont vers\u00e9 \u00e0 la fondation la redistribution qui leur revient de la taxe sur le CO<sub>2<\/sub>-pour la taxe d'incitation. La Fondation Suisse pour le Climat est ouverte \u00e0 d'autres entreprises qui souhaitent soutenir cet engagement commun de l'\u00e9conomie pour atteindre les objectifs climatiques nationaux en tant que futurs partenaires.<\/p>\n<p><em>Source : <a href=\"\/\/www.klimastiftung.ch\">Fondation Suisse pour le Climat<\/a><\/em><\/p>","protected":false},"excerpt":{"rendered":"<p>Das B\u00fcrohaus wird zum Solarkraftwerk, der Recycling-Beton wird zum CO2-Speicher, aus Abfall werden Treibstoff und Parf\u00fcm: Die Kreativit\u00e4t der Schweizer und Liechtensteiner KMU zum Schutz\u00a0des\u00a0Klimas haben auch im anspruchsvollen 2020 nicht nachgelassen.\u00a0Die Klimastiftung Schweiz hat erneut zahlreiche F\u00f6rderantr\u00e4ge erhalten.\u00a0Rund 5\u00a0Millionen Franken haben Stiftungs- und Beirat im Jahr 2020 gesprochen. Das sind 16 Prozent mehr als [&hellip;]<\/p>\n","protected":false},"author":6,"featured_media":9789,"comment_status":"closed","ping_status":"closed","sticky":false,"template":"","format":"standard","meta":{"_acf_changed":false,"_yoast_wpseo_focuskw":"Klimastiftung","_yoast_wpseo_metadesc":"Die Klimastiftung Schweiz hat 2020 \u00fcberdurchschnittlich viele Gelder an \u00fcberdurchschnittlich viele KMU vergeben; knapp 5 Millionen Franken.","articlekey":"","footnotes":""},"categories":[580],"tags":[857,928,1163,1526,1833],"class_list":["post-4127","post","type-post","status-publish","format-standard","has-post-thumbnail","hentry","category-sustainability","tag-bloom-biorenewables","tag-co2","tag-fenx","tag-klimastiftung-schweiz","tag-neustark"],"acf":[],"yoast_head":"<!-- This site is optimized with the Yoast SEO plugin v27.5 - https:\/\/yoast.com\/product\/yoast-seo-wordpress\/ -->\n<title>Rekordjahr: \u00dcber 400 Klimaschutzprojekte von KMU unterst\u00fctzt - Organisator<\/title>\n<meta name=\"description\" content=\"Die Klimastiftung Schweiz hat 2020 \u00fcberdurchschnittlich viele Gelder an \u00fcberdurchschnittlich viele KMU vergeben; knapp 5 Millionen Franken.\" \/>\n<meta name=\"robots\" content=\"index, follow, max-snippet:-1, max-image-preview:large, max-video-preview:-1\" \/>\n<link rel=\"canonical\" href=\"https:\/\/www.organisator.ch\/fr\/sustainability\/2021-04-22\/rekordjahr-ueber-400-klimaschutzprojekte-von-kmu-unterstuetzt\/\" \/>\n<meta property=\"og:locale\" content=\"fr_FR\" \/>\n<meta property=\"og:type\" content=\"article\" \/>\n<meta property=\"og:title\" content=\"Rekordjahr: \u00dcber 400 Klimaschutzprojekte von KMU unterst\u00fctzt - Organisator\" \/>\n<meta property=\"og:description\" content=\"Die Klimastiftung Schweiz hat 2020 \u00fcberdurchschnittlich viele Gelder an \u00fcberdurchschnittlich viele KMU vergeben; knapp 5 Millionen Franken.\" \/>\n<meta property=\"og:url\" content=\"https:\/\/www.organisator.ch\/fr\/sustainability\/2021-04-22\/rekordjahr-ueber-400-klimaschutzprojekte-von-kmu-unterstuetzt\/\" \/>\n<meta property=\"og:site_name\" content=\"Organisator\" \/>\n<meta property=\"article:publisher\" content=\"https:\/\/www.facebook.com\/OrganisatorFachmagazin\" \/>\n<meta property=\"article:published_time\" content=\"2021-04-22T12:16:21+00:00\" \/>\n<meta property=\"article:modified_time\" content=\"2022-02-09T10:06:46+00:00\" \/>\n<meta property=\"og:image\" content=\"https:\/\/www.organisator.ch\/wp-content\/uploads\/2021\/04\/Depositphotos_131946708_s-2019.jpg\" \/>\n\t<meta property=\"og:image:width\" content=\"1000\" \/>\n\t<meta property=\"og:image:height\" content=\"662\" \/>\n\t<meta property=\"og:image:type\" content=\"image\/jpeg\" \/>\n<meta name=\"author\" content=\"roger.straessle\" \/>\n<meta name=\"twitter:card\" content=\"summary_large_image\" \/>\n<script type=\"application\/ld+json\" class=\"yoast-schema-graph\">{\"@context\":\"https:\\\/\\\/schema.org\",\"@graph\":[{\"@type\":\"Article\",\"@id\":\"https:\\\/\\\/www.organisator.ch\\\/sustainability\\\/2021-04-22\\\/rekordjahr-ueber-400-klimaschutzprojekte-von-kmu-unterstuetzt\\\/#article\",\"isPartOf\":{\"@id\":\"https:\\\/\\\/www.organisator.ch\\\/sustainability\\\/2021-04-22\\\/rekordjahr-ueber-400-klimaschutzprojekte-von-kmu-unterstuetzt\\\/\"},\"author\":{\"name\":\"roger.straessle\",\"@id\":\"https:\\\/\\\/www.organisator.ch\\\/#\\\/schema\\\/person\\\/a800b8c54e208b160517a7dcc323161d\"},\"headline\":\"Rekordjahr: \u00dcber 400 Klimaschutzprojekte von KMU unterst\u00fctzt\",\"datePublished\":\"2021-04-22T12:16:21+00:00\",\"dateModified\":\"2022-02-09T10:06:46+00:00\",\"mainEntityOfPage\":{\"@id\":\"https:\\\/\\\/www.organisator.ch\\\/sustainability\\\/2021-04-22\\\/rekordjahr-ueber-400-klimaschutzprojekte-von-kmu-unterstuetzt\\\/\"},\"wordCount\":425,\"publisher\":{\"@id\":\"https:\\\/\\\/www.organisator.ch\\\/#organization\"},\"image\":{\"@id\":\"https:\\\/\\\/www.organisator.ch\\\/sustainability\\\/2021-04-22\\\/rekordjahr-ueber-400-klimaschutzprojekte-von-kmu-unterstuetzt\\\/#primaryimage\"},\"thumbnailUrl\":\"https:\\\/\\\/www.organisator.ch\\\/wp-content\\\/uploads\\\/2021\\\/04\\\/Depositphotos_131946708_s-2019.jpg\",\"keywords\":[\"Bloom\u00a0Biorenewables\",\"CO2\",\"FenX\",\"Klimastiftung Schweiz\",\"neustark\"],\"articleSection\":[\"SUSTAINABILITY\"],\"inLanguage\":\"fr-FR\"},{\"@type\":\"WebPage\",\"@id\":\"https:\\\/\\\/www.organisator.ch\\\/sustainability\\\/2021-04-22\\\/rekordjahr-ueber-400-klimaschutzprojekte-von-kmu-unterstuetzt\\\/\",\"url\":\"https:\\\/\\\/www.organisator.ch\\\/sustainability\\\/2021-04-22\\\/rekordjahr-ueber-400-klimaschutzprojekte-von-kmu-unterstuetzt\\\/\",\"name\":\"Rekordjahr: \u00dcber 400 Klimaschutzprojekte von KMU unterst\u00fctzt - Organisator\",\"isPartOf\":{\"@id\":\"https:\\\/\\\/www.organisator.ch\\\/#website\"},\"primaryImageOfPage\":{\"@id\":\"https:\\\/\\\/www.organisator.ch\\\/sustainability\\\/2021-04-22\\\/rekordjahr-ueber-400-klimaschutzprojekte-von-kmu-unterstuetzt\\\/#primaryimage\"},\"image\":{\"@id\":\"https:\\\/\\\/www.organisator.ch\\\/sustainability\\\/2021-04-22\\\/rekordjahr-ueber-400-klimaschutzprojekte-von-kmu-unterstuetzt\\\/#primaryimage\"},\"thumbnailUrl\":\"https:\\\/\\\/www.organisator.ch\\\/wp-content\\\/uploads\\\/2021\\\/04\\\/Depositphotos_131946708_s-2019.jpg\",\"datePublished\":\"2021-04-22T12:16:21+00:00\",\"dateModified\":\"2022-02-09T10:06:46+00:00\",\"description\":\"Die Klimastiftung Schweiz hat 2020 \u00fcberdurchschnittlich viele Gelder an \u00fcberdurchschnittlich viele KMU vergeben; knapp 5 Millionen Franken.\",\"breadcrumb\":{\"@id\":\"https:\\\/\\\/www.organisator.ch\\\/sustainability\\\/2021-04-22\\\/rekordjahr-ueber-400-klimaschutzprojekte-von-kmu-unterstuetzt\\\/#breadcrumb\"},\"inLanguage\":\"fr-FR\",\"potentialAction\":[{\"@type\":\"ReadAction\",\"target\":[\"https:\\\/\\\/www.organisator.ch\\\/sustainability\\\/2021-04-22\\\/rekordjahr-ueber-400-klimaschutzprojekte-von-kmu-unterstuetzt\\\/\"]}]},{\"@type\":\"ImageObject\",\"inLanguage\":\"fr-FR\",\"@id\":\"https:\\\/\\\/www.organisator.ch\\\/sustainability\\\/2021-04-22\\\/rekordjahr-ueber-400-klimaschutzprojekte-von-kmu-unterstuetzt\\\/#primaryimage\",\"url\":\"https:\\\/\\\/www.organisator.ch\\\/wp-content\\\/uploads\\\/2021\\\/04\\\/Depositphotos_131946708_s-2019.jpg\",\"contentUrl\":\"https:\\\/\\\/www.organisator.ch\\\/wp-content\\\/uploads\\\/2021\\\/04\\\/Depositphotos_131946708_s-2019.jpg\",\"width\":1000,\"height\":662,\"caption\":\"\u00a9 Depositphotos, happyalex\"},{\"@type\":\"BreadcrumbList\",\"@id\":\"https:\\\/\\\/www.organisator.ch\\\/sustainability\\\/2021-04-22\\\/rekordjahr-ueber-400-klimaschutzprojekte-von-kmu-unterstuetzt\\\/#breadcrumb\",\"itemListElement\":[{\"@type\":\"ListItem\",\"position\":1,\"name\":\"Home\",\"item\":\"https:\\\/\\\/www.organisator.ch\\\/\"},{\"@type\":\"ListItem\",\"position\":2,\"name\":\"Rekordjahr: \u00dcber 400 Klimaschutzprojekte von KMU unterst\u00fctzt\"}]},{\"@type\":\"WebSite\",\"@id\":\"https:\\\/\\\/www.organisator.ch\\\/#website\",\"url\":\"https:\\\/\\\/www.organisator.ch\\\/\",\"name\":\"Organisator\",\"description\":\"Kompetent. Praxisnah. Der ORGANISATOR bereitet in 10 Ausgaben pro Jahr die wesentlichen Themen f\u00fcr F\u00fchrungskr\u00e4fte von KMU auf.\",\"publisher\":{\"@id\":\"https:\\\/\\\/www.organisator.ch\\\/#organization\"},\"potentialAction\":[{\"@type\":\"SearchAction\",\"target\":{\"@type\":\"EntryPoint\",\"urlTemplate\":\"https:\\\/\\\/www.organisator.ch\\\/?s={search_term_string}\"},\"query-input\":{\"@type\":\"PropertyValueSpecification\",\"valueRequired\":true,\"valueName\":\"search_term_string\"}}],\"inLanguage\":\"fr-FR\"},{\"@type\":\"Organization\",\"@id\":\"https:\\\/\\\/www.organisator.ch\\\/#organization\",\"name\":\"Organisator\",\"url\":\"https:\\\/\\\/www.organisator.ch\\\/\",\"logo\":{\"@type\":\"ImageObject\",\"inLanguage\":\"fr-FR\",\"@id\":\"https:\\\/\\\/www.organisator.ch\\\/#\\\/schema\\\/logo\\\/image\\\/\",\"url\":\"https:\\\/\\\/www.organisator.ch\\\/wp-content\\\/uploads\\\/2022\\\/01\\\/Logo_Organisator_Website.png\",\"contentUrl\":\"https:\\\/\\\/www.organisator.ch\\\/wp-content\\\/uploads\\\/2022\\\/01\\\/Logo_Organisator_Website.png\",\"width\":800,\"height\":77,\"caption\":\"Organisator\"},\"image\":{\"@id\":\"https:\\\/\\\/www.organisator.ch\\\/#\\\/schema\\\/logo\\\/image\\\/\"},\"sameAs\":[\"https:\\\/\\\/www.facebook.com\\\/OrganisatorFachmagazin\",\"https:\\\/\\\/www.linkedin.com\\\/showcase\\\/organisator-das-magazin-fr-kmu\",\"https:\\\/\\\/www.xing.com\\\/news\\\/pages\\\/organisator-ch-695\",\"https:\\\/\\\/www.youtube.com\\\/channel\\\/UCGP2Sq0iWaZwT3BdIAQFYpw\"]},{\"@type\":\"Person\",\"@id\":\"https:\\\/\\\/www.organisator.ch\\\/#\\\/schema\\\/person\\\/a800b8c54e208b160517a7dcc323161d\",\"name\":\"roger.straessle\",\"image\":{\"@type\":\"ImageObject\",\"inLanguage\":\"fr-FR\",\"@id\":\"https:\\\/\\\/secure.gravatar.com\\\/avatar\\\/?s=96&d=mm&r=g\",\"url\":\"https:\\\/\\\/secure.gravatar.com\\\/avatar\\\/?s=96&d=mm&r=g\",\"contentUrl\":\"https:\\\/\\\/secure.gravatar.com\\\/avatar\\\/?s=96&d=mm&r=g\",\"caption\":\"roger.straessle\"},\"url\":\"https:\\\/\\\/www.organisator.ch\\\/fr\\\/author\\\/roger-straessle\\\/\"}]}<\/script>\n<!-- \/ Yoast SEO plugin. -->","yoast_head_json":{"title":"Ann\u00e9e record : plus de 400 projets de protection climatique soutenus par des PME - Organisateur","description":"En 2020, la Fondation Suisse pour le Climat a attribu\u00e9 des fonds \u00e0 un nombre de PME sup\u00e9rieur \u00e0 la moyenne ; pr\u00e8s de 5 millions de francs.","robots":{"index":"index","follow":"follow","max-snippet":"max-snippet:-1","max-image-preview":"max-image-preview:large","max-video-preview":"max-video-preview:-1"},"canonical":"https:\/\/www.organisator.ch\/fr\/sustainability\/2021-04-22\/rekordjahr-ueber-400-klimaschutzprojekte-von-kmu-unterstuetzt\/","og_locale":"fr_FR","og_type":"article","og_title":"Rekordjahr: \u00dcber 400 Klimaschutzprojekte von KMU unterst\u00fctzt - Organisator","og_description":"Die Klimastiftung Schweiz hat 2020 \u00fcberdurchschnittlich viele Gelder an \u00fcberdurchschnittlich viele KMU vergeben; knapp 5 Millionen Franken.","og_url":"https:\/\/www.organisator.ch\/fr\/sustainability\/2021-04-22\/rekordjahr-ueber-400-klimaschutzprojekte-von-kmu-unterstuetzt\/","og_site_name":"Organisator","article_publisher":"https:\/\/www.facebook.com\/OrganisatorFachmagazin","article_published_time":"2021-04-22T12:16:21+00:00","article_modified_time":"2022-02-09T10:06:46+00:00","og_image":[{"width":1000,"height":662,"url":"https:\/\/www.organisator.ch\/wp-content\/uploads\/2021\/04\/Depositphotos_131946708_s-2019.jpg","type":"image\/jpeg"}],"author":"roger.straessle","twitter_card":"summary_large_image","schema":{"@context":"https:\/\/schema.org","@graph":[{"@type":"Article","@id":"https:\/\/www.organisator.ch\/sustainability\/2021-04-22\/rekordjahr-ueber-400-klimaschutzprojekte-von-kmu-unterstuetzt\/#article","isPartOf":{"@id":"https:\/\/www.organisator.ch\/sustainability\/2021-04-22\/rekordjahr-ueber-400-klimaschutzprojekte-von-kmu-unterstuetzt\/"},"author":{"name":"roger.straessle","@id":"https:\/\/www.organisator.ch\/#\/schema\/person\/a800b8c54e208b160517a7dcc323161d"},"headline":"Rekordjahr: \u00dcber 400 Klimaschutzprojekte von KMU unterst\u00fctzt","datePublished":"2021-04-22T12:16:21+00:00","dateModified":"2022-02-09T10:06:46+00:00","mainEntityOfPage":{"@id":"https:\/\/www.organisator.ch\/sustainability\/2021-04-22\/rekordjahr-ueber-400-klimaschutzprojekte-von-kmu-unterstuetzt\/"},"wordCount":425,"publisher":{"@id":"https:\/\/www.organisator.ch\/#organization"},"image":{"@id":"https:\/\/www.organisator.ch\/sustainability\/2021-04-22\/rekordjahr-ueber-400-klimaschutzprojekte-von-kmu-unterstuetzt\/#primaryimage"},"thumbnailUrl":"https:\/\/www.organisator.ch\/wp-content\/uploads\/2021\/04\/Depositphotos_131946708_s-2019.jpg","keywords":["Bloom\u00a0Biorenewables","CO2","FenX","Klimastiftung Schweiz","neustark"],"articleSection":["SUSTAINABILITY"],"inLanguage":"fr-FR"},{"@type":"WebPage","@id":"https:\/\/www.organisator.ch\/sustainability\/2021-04-22\/rekordjahr-ueber-400-klimaschutzprojekte-von-kmu-unterstuetzt\/","url":"https:\/\/www.organisator.ch\/sustainability\/2021-04-22\/rekordjahr-ueber-400-klimaschutzprojekte-von-kmu-unterstuetzt\/","name":"Ann\u00e9e record : plus de 400 projets de protection climatique soutenus par des PME - Organisateur","isPartOf":{"@id":"https:\/\/www.organisator.ch\/#website"},"primaryImageOfPage":{"@id":"https:\/\/www.organisator.ch\/sustainability\/2021-04-22\/rekordjahr-ueber-400-klimaschutzprojekte-von-kmu-unterstuetzt\/#primaryimage"},"image":{"@id":"https:\/\/www.organisator.ch\/sustainability\/2021-04-22\/rekordjahr-ueber-400-klimaschutzprojekte-von-kmu-unterstuetzt\/#primaryimage"},"thumbnailUrl":"https:\/\/www.organisator.ch\/wp-content\/uploads\/2021\/04\/Depositphotos_131946708_s-2019.jpg","datePublished":"2021-04-22T12:16:21+00:00","dateModified":"2022-02-09T10:06:46+00:00","description":"En 2020, la Fondation Suisse pour le Climat a attribu\u00e9 des fonds \u00e0 un nombre de PME sup\u00e9rieur \u00e0 la moyenne ; pr\u00e8s de 5 millions de francs.","breadcrumb":{"@id":"https:\/\/www.organisator.ch\/sustainability\/2021-04-22\/rekordjahr-ueber-400-klimaschutzprojekte-von-kmu-unterstuetzt\/#breadcrumb"},"inLanguage":"fr-FR","potentialAction":[{"@type":"ReadAction","target":["https:\/\/www.organisator.ch\/sustainability\/2021-04-22\/rekordjahr-ueber-400-klimaschutzprojekte-von-kmu-unterstuetzt\/"]}]},{"@type":"ImageObject","inLanguage":"fr-FR","@id":"https:\/\/www.organisator.ch\/sustainability\/2021-04-22\/rekordjahr-ueber-400-klimaschutzprojekte-von-kmu-unterstuetzt\/#primaryimage","url":"https:\/\/www.organisator.ch\/wp-content\/uploads\/2021\/04\/Depositphotos_131946708_s-2019.jpg","contentUrl":"https:\/\/www.organisator.ch\/wp-content\/uploads\/2021\/04\/Depositphotos_131946708_s-2019.jpg","width":1000,"height":662,"caption":"\u00a9 Depositphotos, happyalex"},{"@type":"BreadcrumbList","@id":"https:\/\/www.organisator.ch\/sustainability\/2021-04-22\/rekordjahr-ueber-400-klimaschutzprojekte-von-kmu-unterstuetzt\/#breadcrumb","itemListElement":[{"@type":"ListItem","position":1,"name":"Home","item":"https:\/\/www.organisator.ch\/"},{"@type":"ListItem","position":2,"name":"Rekordjahr: \u00dcber 400 Klimaschutzprojekte von KMU unterst\u00fctzt"}]},{"@type":"WebSite","@id":"https:\/\/www.organisator.ch\/#website","url":"https:\/\/www.organisator.ch\/","name":"Organisateur","description":"Comp\u00e9tence et comp\u00e9tence. Proches de la pratique. L'ORGANISATEUR pr\u00e9pare 10 num\u00e9ros par an sur les th\u00e8mes essentiels pour les dirigeants de PME.","publisher":{"@id":"https:\/\/www.organisator.ch\/#organization"},"potentialAction":[{"@type":"SearchAction","target":{"@type":"EntryPoint","urlTemplate":"https:\/\/www.organisator.ch\/?s={search_term_string}"},"query-input":{"@type":"PropertyValueSpecification","valueRequired":true,"valueName":"search_term_string"}}],"inLanguage":"fr-FR"},{"@type":"Organization","@id":"https:\/\/www.organisator.ch\/#organization","name":"Organisateur","url":"https:\/\/www.organisator.ch\/","logo":{"@type":"ImageObject","inLanguage":"fr-FR","@id":"https:\/\/www.organisator.ch\/#\/schema\/logo\/image\/","url":"https:\/\/www.organisator.ch\/wp-content\/uploads\/2022\/01\/Logo_Organisator_Website.png","contentUrl":"https:\/\/www.organisator.ch\/wp-content\/uploads\/2022\/01\/Logo_Organisator_Website.png","width":800,"height":77,"caption":"Organisator"},"image":{"@id":"https:\/\/www.organisator.ch\/#\/schema\/logo\/image\/"},"sameAs":["https:\/\/www.facebook.com\/OrganisatorFachmagazin","https:\/\/www.linkedin.com\/showcase\/organisator-das-magazin-fr-kmu","https:\/\/www.xing.com\/news\/pages\/organisator-ch-695","https:\/\/www.youtube.com\/channel\/UCGP2Sq0iWaZwT3BdIAQFYpw"]},{"@type":"Person","@id":"https:\/\/www.organisator.ch\/#\/schema\/person\/a800b8c54e208b160517a7dcc323161d","name":"roger.straessle","image":{"@type":"ImageObject","inLanguage":"fr-FR","@id":"https:\/\/secure.gravatar.com\/avatar\/?s=96&d=mm&r=g","url":"https:\/\/secure.gravatar.com\/avatar\/?s=96&d=mm&r=g","contentUrl":"https:\/\/secure.gravatar.com\/avatar\/?s=96&d=mm&r=g","caption":"roger.straessle"},"url":"https:\/\/www.organisator.ch\/fr\/author\/roger-straessle\/"}]}},"_links":{"self":[{"href":"https:\/\/www.organisator.ch\/fr\/wp-json\/wp\/v2\/posts\/4127","targetHints":{"allow":["GET"]}}],"collection":[{"href":"https:\/\/www.organisator.ch\/fr\/wp-json\/wp\/v2\/posts"}],"about":[{"href":"https:\/\/www.organisator.ch\/fr\/wp-json\/wp\/v2\/types\/post"}],"author":[{"embeddable":true,"href":"https:\/\/www.organisator.ch\/fr\/wp-json\/wp\/v2\/users\/6"}],"replies":[{"embeddable":true,"href":"https:\/\/www.organisator.ch\/fr\/wp-json\/wp\/v2\/comments?post=4127"}],"version-history":[{"count":1,"href":"https:\/\/www.organisator.ch\/fr\/wp-json\/wp\/v2\/posts\/4127\/revisions"}],"predecessor-version":[{"id":10652,"href":"https:\/\/www.organisator.ch\/fr\/wp-json\/wp\/v2\/posts\/4127\/revisions\/10652"}],"wp:featuredmedia":[{"embeddable":true,"href":"https:\/\/www.organisator.ch\/fr\/wp-json\/wp\/v2\/media\/9789"}],"wp:attachment":[{"href":"https:\/\/www.organisator.ch\/fr\/wp-json\/wp\/v2\/media?parent=4127"}],"wp:term":[{"taxonomy":"category","embeddable":true,"href":"https:\/\/www.organisator.ch\/fr\/wp-json\/wp\/v2\/categories?post=4127"},{"taxonomy":"post_tag","embeddable":true,"href":"https:\/\/www.organisator.ch\/fr\/wp-json\/wp\/v2\/tags?post=4127"}],"curies":[{"name":"wp","href":"https:\/\/api.w.org\/{rel}","templated":true}]}}