{"id":41370,"date":"2025-10-23T06:04:22","date_gmt":"2025-10-23T04:04:22","guid":{"rendered":"https:\/\/www.organisator.ch\/?p=41370"},"modified":"2025-11-11T16:22:38","modified_gmt":"2025-11-11T15:22:38","slug":"warum-der-gedanke-ganz-okay-brandgefaehrlich-ist","status":"publish","type":"post","link":"https:\/\/www.organisator.ch\/fr\/management\/2025-10-23\/warum-der-gedanke-ganz-okay-brandgefaehrlich-ist\/","title":{"rendered":"Pourquoi l'id\u00e9e \u201e\u00e7a va\u201c est dangereuse"},"content":{"rendered":"<figure id=\"attachment_41371\" aria-describedby=\"caption-attachment-41371\" style=\"width: 680px\" class=\"wp-caption alignnone\"><img loading=\"lazy\" decoding=\"async\" class=\"size-full wp-image-41371\" src=\"https:\/\/www.organisator.ch\/wp-content\/uploads\/2025\/10\/Warum-der-Gedanke-Ganz-okay-brandgefaehrlich-ist_Organisator.jpg\" alt=\"\" width=\"680\" height=\"453\" srcset=\"https:\/\/www.organisator.ch\/wp-content\/uploads\/2025\/10\/Warum-der-Gedanke-Ganz-okay-brandgefaehrlich-ist_Organisator.jpg 680w, https:\/\/www.organisator.ch\/wp-content\/uploads\/2025\/10\/Warum-der-Gedanke-Ganz-okay-brandgefaehrlich-ist_Organisator-18x12.jpg 18w, https:\/\/www.organisator.ch\/wp-content\/uploads\/2025\/10\/Warum-der-Gedanke-Ganz-okay-brandgefaehrlich-ist_Organisator-375x250.jpg 375w, https:\/\/www.organisator.ch\/wp-content\/uploads\/2025\/10\/Warum-der-Gedanke-Ganz-okay-brandgefaehrlich-ist_Organisator-525x350.jpg 525w\" sizes=\"auto, (max-width: 680px) 100vw, 680px\" \/><figcaption id=\"caption-attachment-41371\" class=\"wp-caption-text\">\u201eDoing okay\u201c correspond \u00e0 la m\u00e9diocrit\u00e9 soign\u00e9e - quelque chose qui est souvent insuffisant dans la direction. (Image : Maria Cortes \/ Unsplash.com)<\/figcaption><\/figure>\n<p>Il y a des phases dans le quotidien (de la direction) o\u00f9 tout fonctionne d'une mani\u00e8re ou d'une autre - mais pas vraiment bien. Les calendriers sont remplis, les e-mails s'accumulent, les r\u00e9unions arrivent \u00e0 coup s\u00fbr. Les processus sont efficaces, les affaires fonctionnent. On se dit : \u00abTout va bien en fait\u00bb.\u00bb<\/p>\n<p>Et c'est \u00e0 ce moment-l\u00e0 que cela devient dangereux.<\/p>\n<p>Car \u00abtout \u00e0 fait correct\u00bb n'est pas un \u00e9tat neutre. C'est souvent le premier pas vers une m\u00e9diocrit\u00e9 entretenue - et on s'en rend compte g\u00e9n\u00e9ralement trop tard. Pourquoi ? Parce que rien ne va vraiment mal. Mais rien n'avance vraiment non plus. Et en mati\u00e8re de leadership, la r\u00e8gle est la suivante : si l'on reste immobile, on perd en efficacit\u00e9 - \u00e0 plus ou moins long terme.<\/p>\n<h3>Le danger se cache dans la m\u00e9diocrit\u00e9<\/h3>\n<p><strong>La m\u00e9diocrit\u00e9 est silencieuse. Elle semble inoffensive. <\/strong>Il a l'air sympathique. Il ne veut faire de mal \u00e0 personne. Il chuchote : \u201eAllez, continuons comme \u00e7a. C'\u00e9tait plut\u00f4t solide jusqu'\u00e0 pr\u00e9sent\u201c. Mais ce qu'il fait vraiment : il freine. Il vole l'\u00e9nergie. Et il emp\u00eache la croissance - chez vous, dans votre \u00e9quipe et dans toute l'entreprise.<\/p>\n<p>Cela devient particuli\u00e8rement dangereux lorsque cette situation se transforme en habitude. Lorsque le \u00ab\u00e7a va\u00bb devient une norme cach\u00e9e. Non seulement l'exigence diminue, mais aussi la capacit\u00e9 \u00e0 reconna\u00eetre ou \u00e0 exiger une v\u00e9ritable excellence.<\/p>\n<p>Si vous vous reconnaissez dans cette description : Bienvenue au club. Mais c'est justement pour cela que c'est le bon moment pour briser la boucle. Pas parce que tout va mal. Mais justement parce que tout va \u00abtr\u00e8s bien\u00bb.<\/p>\n<h3>Questions \u00e0 se poser<\/h3>\n<p>Voici trois questions concr\u00e8tes qui peuvent aider \u00e0 revenir \u00e0 un niveau plus \u00e9lev\u00e9 :<\/p>\n<ul>\n<li><strong>Question 1 : <\/strong>Quel est votre \u00ab\u00e7a va\u00bb personnel qui, en fait, ne suffit plus ? Peut-\u00eatre une situation de gestion que vous avez laiss\u00e9e perdurer trop longtemps. Ou une d\u00e9cision qui aurait d\u00fb \u00eatre prise depuis longtemps. Ou une routine qui paralyse plus qu'elle ne sert.<\/li>\n<li><strong>Question 2 : <\/strong>Que feriez-vous diff\u00e9remment aujourd'hui si vous pouviez repartir compl\u00e8tement \u00e0 z\u00e9ro - avec votre calendrier, votre \u00e9quipe, votre focus ? Conseil : C'est souvent l\u00e0 que se trouve le prochain levier.<\/li>\n<li><strong>Question 3 :<\/strong> De quoi souhaitez-vous \u00eatre fier dans trois mois - et qu'est-ce que vous n'avez pas encore commenc\u00e9 \u00e0 faire aujourd'hui ? Pas tout \u00e0 la fois. Mais un pas concret peut suffire \u00e0 lib\u00e9rer une nouvelle \u00e9nergie.<\/li>\n<\/ul>\n<p><strong>Conclusion : <\/strong>L'\u00e9tat le plus dangereux dans le leadership n'est pas le surmenage aigu. C'est l'accoutumance entretenue au statu quo.<\/p>\n<p>Si vous avez l'impression qu'il est possible de faire encore mieux - alors d\u00e9finissez maintenant le nouveau standard. Pas demain. Pas quand \u00ab\u00e7a ira mieux\u00bb. Mais aujourd'hui.<\/p>\n<p><em>Vers l'auteur :<br \/>\n<\/em><em>Volkmar V\u00f6lzke est un maximisateur de succ\u00e8s. Auteur de livres. Conseiller et consultant. Coach de formation. Orateur.\u00a0<a href=\"http:\/\/www.volkmarvoelzke.ch\/\">www.volkmarvoelzke.ch<\/a><\/em><\/p>","protected":false},"excerpt":{"rendered":"<p>\u00abTout \u00e0 fait correct\u00bb est tout sauf bon, voire m\u00eame dangereux. C'est ce que pense notre chroniqueur Volkmar V\u00f6lzke, qui livre une nouvelle impulsion de r\u00e9ussite pour passer \u00e0 un niveau sup\u00e9rieur au simple \u00abok\u00bb.<\/p>","protected":false},"author":4,"featured_media":41371,"comment_status":"closed","ping_status":"closed","sticky":false,"template":"","format":"standard","meta":{"_acf_changed":false,"_yoast_wpseo_focuskw":"Ganz okay","_yoast_wpseo_metadesc":"\u00abGanz okay\u00bb ist alles andere als gut, ja sogar gef\u00e4hrlich. Dies meint unser Kolumnist Volkmar V\u00f6lzke in seinem neuen Erfolgs-Impuls.","articlekey":"","footnotes":""},"categories":[28],"tags":[177,306,320,429],"class_list":["post-41370","post","type-post","status-publish","format-standard","has-post-thumbnail","hentry","category-management","tag-erfolgs-impuls","tag-kolumne","tag-leadership","tag-selbstmanagement"],"acf":[],"yoast_head":"<!-- This site is optimized with the Yoast SEO plugin v27.4 - https:\/\/yoast.com\/product\/yoast-seo-wordpress\/ -->\n<title>Warum der Gedanke \u201eGanz okay\u201c brandgef\u00e4hrlich ist - Organisator<\/title>\n<meta name=\"description\" content=\"\u00abGanz okay\u00bb ist alles andere als gut, ja sogar gef\u00e4hrlich. Dies meint unser Kolumnist Volkmar V\u00f6lzke in seinem neuen Erfolgs-Impuls.\" \/>\n<meta name=\"robots\" content=\"index, follow, max-snippet:-1, max-image-preview:large, max-video-preview:-1\" \/>\n<link rel=\"canonical\" href=\"https:\/\/www.organisator.ch\/fr\/gestion-2\/2025-10-23\/warum-der-gedanke-ganz-okay-brandgefaehrlich-ist\/\" \/>\n<meta property=\"og:locale\" content=\"fr_FR\" \/>\n<meta property=\"og:type\" content=\"article\" \/>\n<meta property=\"og:title\" content=\"Warum der Gedanke \u201eGanz okay\u201c brandgef\u00e4hrlich ist\" \/>\n<meta property=\"og:description\" content=\"\u00abGanz okay\u00bb ist alles andere als gut, ja sogar gef\u00e4hrlich. Dies meint unser Kolumnist Volkmar V\u00f6lzke in seinem neuen Erfolgs-Impuls.\" \/>\n<meta property=\"og:url\" content=\"https:\/\/www.organisator.ch\/fr\/gestion-2\/2025-10-23\/warum-der-gedanke-ganz-okay-brandgefaehrlich-ist\/\" \/>\n<meta property=\"og:site_name\" content=\"Organisator\" \/>\n<meta property=\"article:publisher\" content=\"https:\/\/www.facebook.com\/OrganisatorFachmagazin\" \/>\n<meta property=\"article:published_time\" content=\"2025-10-23T04:04:22+00:00\" \/>\n<meta property=\"article:modified_time\" content=\"2025-11-11T15:22:38+00:00\" \/>\n<meta property=\"og:image\" content=\"https:\/\/www.organisator.ch\/wp-content\/uploads\/2025\/10\/Warum-der-Gedanke-Ganz-okay-brandgefaehrlich-ist_Organisator.jpg\" \/>\n\t<meta property=\"og:image:width\" content=\"680\" \/>\n\t<meta property=\"og:image:height\" content=\"453\" \/>\n\t<meta property=\"og:image:type\" content=\"image\/jpeg\" \/>\n<meta name=\"author\" content=\"thomas.berner\" \/>\n<meta name=\"twitter:card\" content=\"summary_large_image\" \/>\n<meta name=\"twitter:title\" content=\"Warum der Gedanke \u201eGanz #okay\u201c #brandgef\u00e4hrlich ist\" \/>\n<meta name=\"twitter:description\" content=\"\u00abGanz okay\u00bb ist alles andere als gut, ja sogar gef\u00e4hrlich. Dies meint unser #Kolumnist Volkmar V\u00f6lzke in seinem neuen #Erfolgs-Impuls.\" \/>\n<meta name=\"twitter:image\" content=\"https:\/\/www.organisator.ch\/wp-content\/uploads\/2025\/10\/Warum-der-Gedanke-Ganz-okay-brandgefaehrlich-ist_Organisator.jpg\" \/>\n<script type=\"application\/ld+json\" class=\"yoast-schema-graph\">{\"@context\":\"https:\\\/\\\/schema.org\",\"@graph\":[{\"@type\":\"Article\",\"@id\":\"https:\\\/\\\/www.organisator.ch\\\/management\\\/2025-10-23\\\/warum-der-gedanke-ganz-okay-brandgefaehrlich-ist\\\/#article\",\"isPartOf\":{\"@id\":\"https:\\\/\\\/www.organisator.ch\\\/management\\\/2025-10-23\\\/warum-der-gedanke-ganz-okay-brandgefaehrlich-ist\\\/\"},\"author\":{\"name\":\"thomas.berner\",\"@id\":\"https:\\\/\\\/www.organisator.ch\\\/#\\\/schema\\\/person\\\/6f650f90b2842cd4c0cc334b4e36f67e\"},\"headline\":\"Warum der Gedanke \u201eGanz okay\u201c brandgef\u00e4hrlich ist\",\"datePublished\":\"2025-10-23T04:04:22+00:00\",\"dateModified\":\"2025-11-11T15:22:38+00:00\",\"mainEntityOfPage\":{\"@id\":\"https:\\\/\\\/www.organisator.ch\\\/management\\\/2025-10-23\\\/warum-der-gedanke-ganz-okay-brandgefaehrlich-ist\\\/\"},\"wordCount\":468,\"publisher\":{\"@id\":\"https:\\\/\\\/www.organisator.ch\\\/#organization\"},\"image\":{\"@id\":\"https:\\\/\\\/www.organisator.ch\\\/management\\\/2025-10-23\\\/warum-der-gedanke-ganz-okay-brandgefaehrlich-ist\\\/#primaryimage\"},\"thumbnailUrl\":\"https:\\\/\\\/www.organisator.ch\\\/wp-content\\\/uploads\\\/2025\\\/10\\\/Warum-der-Gedanke-Ganz-okay-brandgefaehrlich-ist_Organisator.jpg\",\"keywords\":[\"Erfolgs-Impuls\",\"Kolumne\",\"Leadership\",\"Selbstmanagement\"],\"articleSection\":[\"MANAGEMENT\"],\"inLanguage\":\"fr-FR\"},{\"@type\":\"WebPage\",\"@id\":\"https:\\\/\\\/www.organisator.ch\\\/management\\\/2025-10-23\\\/warum-der-gedanke-ganz-okay-brandgefaehrlich-ist\\\/\",\"url\":\"https:\\\/\\\/www.organisator.ch\\\/management\\\/2025-10-23\\\/warum-der-gedanke-ganz-okay-brandgefaehrlich-ist\\\/\",\"name\":\"Warum der Gedanke \u201eGanz okay\u201c brandgef\u00e4hrlich ist - Organisator\",\"isPartOf\":{\"@id\":\"https:\\\/\\\/www.organisator.ch\\\/#website\"},\"primaryImageOfPage\":{\"@id\":\"https:\\\/\\\/www.organisator.ch\\\/management\\\/2025-10-23\\\/warum-der-gedanke-ganz-okay-brandgefaehrlich-ist\\\/#primaryimage\"},\"image\":{\"@id\":\"https:\\\/\\\/www.organisator.ch\\\/management\\\/2025-10-23\\\/warum-der-gedanke-ganz-okay-brandgefaehrlich-ist\\\/#primaryimage\"},\"thumbnailUrl\":\"https:\\\/\\\/www.organisator.ch\\\/wp-content\\\/uploads\\\/2025\\\/10\\\/Warum-der-Gedanke-Ganz-okay-brandgefaehrlich-ist_Organisator.jpg\",\"datePublished\":\"2025-10-23T04:04:22+00:00\",\"dateModified\":\"2025-11-11T15:22:38+00:00\",\"description\":\"\u00abGanz okay\u00bb ist alles andere als gut, ja sogar gef\u00e4hrlich. Dies meint unser Kolumnist Volkmar V\u00f6lzke in seinem neuen Erfolgs-Impuls.\",\"breadcrumb\":{\"@id\":\"https:\\\/\\\/www.organisator.ch\\\/management\\\/2025-10-23\\\/warum-der-gedanke-ganz-okay-brandgefaehrlich-ist\\\/#breadcrumb\"},\"inLanguage\":\"fr-FR\",\"potentialAction\":[{\"@type\":\"ReadAction\",\"target\":[\"https:\\\/\\\/www.organisator.ch\\\/management\\\/2025-10-23\\\/warum-der-gedanke-ganz-okay-brandgefaehrlich-ist\\\/\"]}]},{\"@type\":\"ImageObject\",\"inLanguage\":\"fr-FR\",\"@id\":\"https:\\\/\\\/www.organisator.ch\\\/management\\\/2025-10-23\\\/warum-der-gedanke-ganz-okay-brandgefaehrlich-ist\\\/#primaryimage\",\"url\":\"https:\\\/\\\/www.organisator.ch\\\/wp-content\\\/uploads\\\/2025\\\/10\\\/Warum-der-Gedanke-Ganz-okay-brandgefaehrlich-ist_Organisator.jpg\",\"contentUrl\":\"https:\\\/\\\/www.organisator.ch\\\/wp-content\\\/uploads\\\/2025\\\/10\\\/Warum-der-Gedanke-Ganz-okay-brandgefaehrlich-ist_Organisator.jpg\",\"width\":680,\"height\":453,\"caption\":\"\\\"Doing okay\\\" entspricht dem gepflegten Mittelmass - etwas, was in der F\u00fchrung h\u00e4ufig zu wenig ist. (Bild: Maria Cortes \\\/ Unsplash.com)\"},{\"@type\":\"BreadcrumbList\",\"@id\":\"https:\\\/\\\/www.organisator.ch\\\/management\\\/2025-10-23\\\/warum-der-gedanke-ganz-okay-brandgefaehrlich-ist\\\/#breadcrumb\",\"itemListElement\":[{\"@type\":\"ListItem\",\"position\":1,\"name\":\"Home\",\"item\":\"https:\\\/\\\/www.organisator.ch\\\/\"},{\"@type\":\"ListItem\",\"position\":2,\"name\":\"Warum der Gedanke \u201eGanz okay\u201c brandgef\u00e4hrlich ist\"}]},{\"@type\":\"WebSite\",\"@id\":\"https:\\\/\\\/www.organisator.ch\\\/#website\",\"url\":\"https:\\\/\\\/www.organisator.ch\\\/\",\"name\":\"Organisator\",\"description\":\"Kompetent. Praxisnah. Der ORGANISATOR bereitet in 10 Ausgaben pro Jahr die wesentlichen Themen f\u00fcr F\u00fchrungskr\u00e4fte von KMU auf.\",\"publisher\":{\"@id\":\"https:\\\/\\\/www.organisator.ch\\\/#organization\"},\"potentialAction\":[{\"@type\":\"SearchAction\",\"target\":{\"@type\":\"EntryPoint\",\"urlTemplate\":\"https:\\\/\\\/www.organisator.ch\\\/?s={search_term_string}\"},\"query-input\":{\"@type\":\"PropertyValueSpecification\",\"valueRequired\":true,\"valueName\":\"search_term_string\"}}],\"inLanguage\":\"fr-FR\"},{\"@type\":\"Organization\",\"@id\":\"https:\\\/\\\/www.organisator.ch\\\/#organization\",\"name\":\"Organisator\",\"url\":\"https:\\\/\\\/www.organisator.ch\\\/\",\"logo\":{\"@type\":\"ImageObject\",\"inLanguage\":\"fr-FR\",\"@id\":\"https:\\\/\\\/www.organisator.ch\\\/#\\\/schema\\\/logo\\\/image\\\/\",\"url\":\"https:\\\/\\\/www.organisator.ch\\\/wp-content\\\/uploads\\\/2022\\\/01\\\/Logo_Organisator_Website.png\",\"contentUrl\":\"https:\\\/\\\/www.organisator.ch\\\/wp-content\\\/uploads\\\/2022\\\/01\\\/Logo_Organisator_Website.png\",\"width\":800,\"height\":77,\"caption\":\"Organisator\"},\"image\":{\"@id\":\"https:\\\/\\\/www.organisator.ch\\\/#\\\/schema\\\/logo\\\/image\\\/\"},\"sameAs\":[\"https:\\\/\\\/www.facebook.com\\\/OrganisatorFachmagazin\",\"https:\\\/\\\/www.linkedin.com\\\/showcase\\\/organisator-das-magazin-fr-kmu\",\"https:\\\/\\\/www.xing.com\\\/news\\\/pages\\\/organisator-ch-695\",\"https:\\\/\\\/www.youtube.com\\\/channel\\\/UCGP2Sq0iWaZwT3BdIAQFYpw\"]},{\"@type\":\"Person\",\"@id\":\"https:\\\/\\\/www.organisator.ch\\\/#\\\/schema\\\/person\\\/6f650f90b2842cd4c0cc334b4e36f67e\",\"name\":\"thomas.berner\",\"image\":{\"@type\":\"ImageObject\",\"inLanguage\":\"fr-FR\",\"@id\":\"https:\\\/\\\/secure.gravatar.com\\\/avatar\\\/ac5001d2a36cb6c6cd3e50789007ffca834b477b74a2144564522e944eabff61?s=96&d=mm&r=g\",\"url\":\"https:\\\/\\\/secure.gravatar.com\\\/avatar\\\/ac5001d2a36cb6c6cd3e50789007ffca834b477b74a2144564522e944eabff61?s=96&d=mm&r=g\",\"contentUrl\":\"https:\\\/\\\/secure.gravatar.com\\\/avatar\\\/ac5001d2a36cb6c6cd3e50789007ffca834b477b74a2144564522e944eabff61?s=96&d=mm&r=g\",\"caption\":\"thomas.berner\"},\"url\":\"https:\\\/\\\/www.organisator.ch\\\/fr\\\/author\\\/thomas-berner\\\/\"}]}<\/script>\n<!-- \/ Yoast SEO plugin. -->","yoast_head_json":{"title":"Pourquoi l'id\u00e9e \u201e\u00e7a va\u201c est dangereuse - Organisateur","description":"\u00abTout va bien\u00bb est tout sauf bon, voire m\u00eame dangereux. C'est ce que pense notre chroniqueur Volkmar V\u00f6lzke dans sa nouvelle impulsion pour le succ\u00e8s.","robots":{"index":"index","follow":"follow","max-snippet":"max-snippet:-1","max-image-preview":"max-image-preview:large","max-video-preview":"max-video-preview:-1"},"canonical":"https:\/\/www.organisator.ch\/fr\/gestion-2\/2025-10-23\/warum-der-gedanke-ganz-okay-brandgefaehrlich-ist\/","og_locale":"fr_FR","og_type":"article","og_title":"Warum der Gedanke \u201eGanz okay\u201c brandgef\u00e4hrlich ist","og_description":"\u00abGanz okay\u00bb ist alles andere als gut, ja sogar gef\u00e4hrlich. Dies meint unser Kolumnist Volkmar V\u00f6lzke in seinem neuen Erfolgs-Impuls.","og_url":"https:\/\/www.organisator.ch\/fr\/gestion-2\/2025-10-23\/warum-der-gedanke-ganz-okay-brandgefaehrlich-ist\/","og_site_name":"Organisator","article_publisher":"https:\/\/www.facebook.com\/OrganisatorFachmagazin","article_published_time":"2025-10-23T04:04:22+00:00","article_modified_time":"2025-11-11T15:22:38+00:00","og_image":[{"width":680,"height":453,"url":"https:\/\/www.organisator.ch\/wp-content\/uploads\/2025\/10\/Warum-der-Gedanke-Ganz-okay-brandgefaehrlich-ist_Organisator.jpg","type":"image\/jpeg"}],"author":"thomas.berner","twitter_card":"summary_large_image","twitter_title":"Warum der Gedanke \u201eGanz #okay\u201c #brandgef\u00e4hrlich ist","twitter_description":"\u00abGanz okay\u00bb ist alles andere als gut, ja sogar gef\u00e4hrlich. Dies meint unser #Kolumnist Volkmar V\u00f6lzke in seinem neuen #Erfolgs-Impuls.","twitter_image":"https:\/\/www.organisator.ch\/wp-content\/uploads\/2025\/10\/Warum-der-Gedanke-Ganz-okay-brandgefaehrlich-ist_Organisator.jpg","schema":{"@context":"https:\/\/schema.org","@graph":[{"@type":"Article","@id":"https:\/\/www.organisator.ch\/management\/2025-10-23\/warum-der-gedanke-ganz-okay-brandgefaehrlich-ist\/#article","isPartOf":{"@id":"https:\/\/www.organisator.ch\/management\/2025-10-23\/warum-der-gedanke-ganz-okay-brandgefaehrlich-ist\/"},"author":{"name":"thomas.berner","@id":"https:\/\/www.organisator.ch\/#\/schema\/person\/6f650f90b2842cd4c0cc334b4e36f67e"},"headline":"Warum der Gedanke \u201eGanz okay\u201c brandgef\u00e4hrlich ist","datePublished":"2025-10-23T04:04:22+00:00","dateModified":"2025-11-11T15:22:38+00:00","mainEntityOfPage":{"@id":"https:\/\/www.organisator.ch\/management\/2025-10-23\/warum-der-gedanke-ganz-okay-brandgefaehrlich-ist\/"},"wordCount":468,"publisher":{"@id":"https:\/\/www.organisator.ch\/#organization"},"image":{"@id":"https:\/\/www.organisator.ch\/management\/2025-10-23\/warum-der-gedanke-ganz-okay-brandgefaehrlich-ist\/#primaryimage"},"thumbnailUrl":"https:\/\/www.organisator.ch\/wp-content\/uploads\/2025\/10\/Warum-der-Gedanke-Ganz-okay-brandgefaehrlich-ist_Organisator.jpg","keywords":["Erfolgs-Impuls","Kolumne","Leadership","Selbstmanagement"],"articleSection":["MANAGEMENT"],"inLanguage":"fr-FR"},{"@type":"WebPage","@id":"https:\/\/www.organisator.ch\/management\/2025-10-23\/warum-der-gedanke-ganz-okay-brandgefaehrlich-ist\/","url":"https:\/\/www.organisator.ch\/management\/2025-10-23\/warum-der-gedanke-ganz-okay-brandgefaehrlich-ist\/","name":"Pourquoi l'id\u00e9e \u201e\u00e7a va\u201c est dangereuse - Organisateur","isPartOf":{"@id":"https:\/\/www.organisator.ch\/#website"},"primaryImageOfPage":{"@id":"https:\/\/www.organisator.ch\/management\/2025-10-23\/warum-der-gedanke-ganz-okay-brandgefaehrlich-ist\/#primaryimage"},"image":{"@id":"https:\/\/www.organisator.ch\/management\/2025-10-23\/warum-der-gedanke-ganz-okay-brandgefaehrlich-ist\/#primaryimage"},"thumbnailUrl":"https:\/\/www.organisator.ch\/wp-content\/uploads\/2025\/10\/Warum-der-Gedanke-Ganz-okay-brandgefaehrlich-ist_Organisator.jpg","datePublished":"2025-10-23T04:04:22+00:00","dateModified":"2025-11-11T15:22:38+00:00","description":"\u00abTout va bien\u00bb est tout sauf bon, voire m\u00eame dangereux. C'est ce que pense notre chroniqueur Volkmar V\u00f6lzke dans sa nouvelle impulsion pour le succ\u00e8s.","breadcrumb":{"@id":"https:\/\/www.organisator.ch\/management\/2025-10-23\/warum-der-gedanke-ganz-okay-brandgefaehrlich-ist\/#breadcrumb"},"inLanguage":"fr-FR","potentialAction":[{"@type":"ReadAction","target":["https:\/\/www.organisator.ch\/management\/2025-10-23\/warum-der-gedanke-ganz-okay-brandgefaehrlich-ist\/"]}]},{"@type":"ImageObject","inLanguage":"fr-FR","@id":"https:\/\/www.organisator.ch\/management\/2025-10-23\/warum-der-gedanke-ganz-okay-brandgefaehrlich-ist\/#primaryimage","url":"https:\/\/www.organisator.ch\/wp-content\/uploads\/2025\/10\/Warum-der-Gedanke-Ganz-okay-brandgefaehrlich-ist_Organisator.jpg","contentUrl":"https:\/\/www.organisator.ch\/wp-content\/uploads\/2025\/10\/Warum-der-Gedanke-Ganz-okay-brandgefaehrlich-ist_Organisator.jpg","width":680,"height":453,"caption":"\"Doing okay\" entspricht dem gepflegten Mittelmass - etwas, was in der F\u00fchrung h\u00e4ufig zu wenig ist. (Bild: Maria Cortes \/ Unsplash.com)"},{"@type":"BreadcrumbList","@id":"https:\/\/www.organisator.ch\/management\/2025-10-23\/warum-der-gedanke-ganz-okay-brandgefaehrlich-ist\/#breadcrumb","itemListElement":[{"@type":"ListItem","position":1,"name":"Home","item":"https:\/\/www.organisator.ch\/"},{"@type":"ListItem","position":2,"name":"Warum der Gedanke \u201eGanz okay\u201c brandgef\u00e4hrlich ist"}]},{"@type":"WebSite","@id":"https:\/\/www.organisator.ch\/#website","url":"https:\/\/www.organisator.ch\/","name":"Organisateur","description":"Comp\u00e9tence et comp\u00e9tence. Proches de la pratique. L'ORGANISATEUR pr\u00e9pare 10 num\u00e9ros par an sur les th\u00e8mes essentiels pour les dirigeants de PME.","publisher":{"@id":"https:\/\/www.organisator.ch\/#organization"},"potentialAction":[{"@type":"SearchAction","target":{"@type":"EntryPoint","urlTemplate":"https:\/\/www.organisator.ch\/?s={search_term_string}"},"query-input":{"@type":"PropertyValueSpecification","valueRequired":true,"valueName":"search_term_string"}}],"inLanguage":"fr-FR"},{"@type":"Organization","@id":"https:\/\/www.organisator.ch\/#organization","name":"Organisateur","url":"https:\/\/www.organisator.ch\/","logo":{"@type":"ImageObject","inLanguage":"fr-FR","@id":"https:\/\/www.organisator.ch\/#\/schema\/logo\/image\/","url":"https:\/\/www.organisator.ch\/wp-content\/uploads\/2022\/01\/Logo_Organisator_Website.png","contentUrl":"https:\/\/www.organisator.ch\/wp-content\/uploads\/2022\/01\/Logo_Organisator_Website.png","width":800,"height":77,"caption":"Organisator"},"image":{"@id":"https:\/\/www.organisator.ch\/#\/schema\/logo\/image\/"},"sameAs":["https:\/\/www.facebook.com\/OrganisatorFachmagazin","https:\/\/www.linkedin.com\/showcase\/organisator-das-magazin-fr-kmu","https:\/\/www.xing.com\/news\/pages\/organisator-ch-695","https:\/\/www.youtube.com\/channel\/UCGP2Sq0iWaZwT3BdIAQFYpw"]},{"@type":"Person","@id":"https:\/\/www.organisator.ch\/#\/schema\/person\/6f650f90b2842cd4c0cc334b4e36f67e","name":"thomas.berner","image":{"@type":"ImageObject","inLanguage":"fr-FR","@id":"https:\/\/secure.gravatar.com\/avatar\/ac5001d2a36cb6c6cd3e50789007ffca834b477b74a2144564522e944eabff61?s=96&d=mm&r=g","url":"https:\/\/secure.gravatar.com\/avatar\/ac5001d2a36cb6c6cd3e50789007ffca834b477b74a2144564522e944eabff61?s=96&d=mm&r=g","contentUrl":"https:\/\/secure.gravatar.com\/avatar\/ac5001d2a36cb6c6cd3e50789007ffca834b477b74a2144564522e944eabff61?s=96&d=mm&r=g","caption":"thomas.berner"},"url":"https:\/\/www.organisator.ch\/fr\/author\/thomas-berner\/"}]}},"_links":{"self":[{"href":"https:\/\/www.organisator.ch\/fr\/wp-json\/wp\/v2\/posts\/41370","targetHints":{"allow":["GET"]}}],"collection":[{"href":"https:\/\/www.organisator.ch\/fr\/wp-json\/wp\/v2\/posts"}],"about":[{"href":"https:\/\/www.organisator.ch\/fr\/wp-json\/wp\/v2\/types\/post"}],"author":[{"embeddable":true,"href":"https:\/\/www.organisator.ch\/fr\/wp-json\/wp\/v2\/users\/4"}],"replies":[{"embeddable":true,"href":"https:\/\/www.organisator.ch\/fr\/wp-json\/wp\/v2\/comments?post=41370"}],"version-history":[{"count":3,"href":"https:\/\/www.organisator.ch\/fr\/wp-json\/wp\/v2\/posts\/41370\/revisions"}],"predecessor-version":[{"id":41926,"href":"https:\/\/www.organisator.ch\/fr\/wp-json\/wp\/v2\/posts\/41370\/revisions\/41926"}],"wp:featuredmedia":[{"embeddable":true,"href":"https:\/\/www.organisator.ch\/fr\/wp-json\/wp\/v2\/media\/41371"}],"wp:attachment":[{"href":"https:\/\/www.organisator.ch\/fr\/wp-json\/wp\/v2\/media?parent=41370"}],"wp:term":[{"taxonomy":"category","embeddable":true,"href":"https:\/\/www.organisator.ch\/fr\/wp-json\/wp\/v2\/categories?post=41370"},{"taxonomy":"post_tag","embeddable":true,"href":"https:\/\/www.organisator.ch\/fr\/wp-json\/wp\/v2\/tags?post=41370"}],"curies":[{"name":"wp","href":"https:\/\/api.w.org\/{rel}","templated":true}]}}