{"id":41394,"date":"2025-10-21T09:00:08","date_gmt":"2025-10-21T07:00:08","guid":{"rendered":"https:\/\/www.organisator.ch\/?p=41394"},"modified":"2025-10-21T09:00:08","modified_gmt":"2025-10-21T07:00:08","slug":"kuenstliche-intelligenz-als-treiber-von-wandel","status":"publish","type":"post","link":"https:\/\/www.organisator.ch\/fr\/management\/2025-10-21\/kuenstliche-intelligenz-als-treiber-von-wandel\/","title":{"rendered":"L'intelligence artificielle comme moteur du changement"},"content":{"rendered":"<div class=\"swpm-post-not-logged-in-msg\">Vous devez \u00eatre connect\u00e9 pour voir ce contenu. Veuillez <a class=\"swpm-login-link\" href=\"https:\/\/www.organisator.ch\/login\/\">Se connecter<\/a>. Pas un membre ? <a href=\"https:\/\/www.organisator.ch\/shop\/\">Nous Rejoindre<\/a><\/div>","protected":false},"excerpt":{"rendered":"<p>Les organisations et les entreprises sont aujourd'hui confront\u00e9es \u00e0 une forte pression d'adaptation. L'interconnexion mondiale, les innovations technologiques et les incertitudes croissantes font que les routines actuelles atteignent leurs limites. Pour faire face \u00e0 cette dynamique, diff\u00e9rentes solutions num\u00e9riques sont disponibles.<\/p>","protected":false},"author":4,"featured_media":41396,"comment_status":"closed","ping_status":"closed","sticky":false,"template":"","format":"standard","meta":{"_acf_changed":false,"_yoast_wpseo_focuskw":"Wandel","_yoast_wpseo_metadesc":"Organisationen und Betriebe sind heute mit einem hohen Anpassungsdruck konfrontiert. Digitale L\u00f6sungen stehen f\u00fcr den Wandel zur Verf\u00fcgung.","articlekey":"","footnotes":""},"categories":[578,28],"tags":[156,218,319,335],"class_list":["post-41394","post","type-post","status-publish","format-standard","has-post-thumbnail","hentry","category-abo","category-management","tag-digitalisierung","tag-forschung","tag-kuenstliche-intelligenz","tag-management-und-unternehmensfuehrung"],"acf":[],"yoast_head":"<!-- This site is optimized with the Yoast SEO plugin v27.5 - https:\/\/yoast.com\/product\/yoast-seo-wordpress\/ -->\n<title>K\u00fcnstliche Intelligenz als Treiber von Wandel - Organisator<\/title>\n<meta name=\"description\" content=\"Organisationen und Betriebe sind heute mit einem hohen Anpassungsdruck konfrontiert. Digitale L\u00f6sungen stehen f\u00fcr den Wandel zur Verf\u00fcgung.\" \/>\n<meta name=\"robots\" content=\"index, follow, max-snippet:-1, max-image-preview:large, max-video-preview:-1\" \/>\n<link rel=\"canonical\" href=\"https:\/\/www.organisator.ch\/fr\/gestion-2\/2025-10-21\/kuenstliche-intelligenz-als-treiber-von-wandel\/\" \/>\n<meta property=\"og:locale\" content=\"fr_FR\" \/>\n<meta property=\"og:type\" content=\"article\" \/>\n<meta property=\"og:title\" content=\"K\u00fcnstliche Intelligenz als Treiber von Wandel - Organisator\" \/>\n<meta property=\"og:description\" content=\"Organisationen und Betriebe sind heute mit einem hohen Anpassungsdruck konfrontiert. Digitale L\u00f6sungen stehen f\u00fcr den Wandel zur Verf\u00fcgung.\" \/>\n<meta property=\"og:url\" content=\"https:\/\/www.organisator.ch\/fr\/gestion-2\/2025-10-21\/kuenstliche-intelligenz-als-treiber-von-wandel\/\" \/>\n<meta property=\"og:site_name\" content=\"Organisator\" \/>\n<meta property=\"article:publisher\" content=\"https:\/\/www.facebook.com\/OrganisatorFachmagazin\" \/>\n<meta property=\"article:published_time\" content=\"2025-10-21T07:00:08+00:00\" \/>\n<meta property=\"og:image\" content=\"https:\/\/www.organisator.ch\/wp-content\/uploads\/2025\/10\/Kuenstliche-Intelligenz-als-Treiber-von-Wandel_Organisator.jpg\" \/>\n\t<meta property=\"og:image:width\" content=\"680\" \/>\n\t<meta property=\"og:image:height\" content=\"528\" \/>\n\t<meta property=\"og:image:type\" content=\"image\/jpeg\" \/>\n<meta name=\"author\" content=\"thomas.berner\" \/>\n<meta name=\"twitter:card\" content=\"summary_large_image\" \/>\n<script type=\"application\/ld+json\" class=\"yoast-schema-graph\">{\"@context\":\"https:\\\/\\\/schema.org\",\"@graph\":[{\"@type\":\"Article\",\"@id\":\"https:\\\/\\\/www.organisator.ch\\\/management\\\/2025-10-21\\\/kuenstliche-intelligenz-als-treiber-von-wandel\\\/#article\",\"isPartOf\":{\"@id\":\"https:\\\/\\\/www.organisator.ch\\\/management\\\/2025-10-21\\\/kuenstliche-intelligenz-als-treiber-von-wandel\\\/\"},\"author\":{\"name\":\"thomas.berner\",\"@id\":\"https:\\\/\\\/www.organisator.ch\\\/#\\\/schema\\\/person\\\/6f650f90b2842cd4c0cc334b4e36f67e\"},\"headline\":\"K\u00fcnstliche Intelligenz als Treiber von Wandel\",\"datePublished\":\"2025-10-21T07:00:08+00:00\",\"mainEntityOfPage\":{\"@id\":\"https:\\\/\\\/www.organisator.ch\\\/management\\\/2025-10-21\\\/kuenstliche-intelligenz-als-treiber-von-wandel\\\/\"},\"wordCount\":1293,\"publisher\":{\"@id\":\"https:\\\/\\\/www.organisator.ch\\\/#organization\"},\"image\":{\"@id\":\"https:\\\/\\\/www.organisator.ch\\\/management\\\/2025-10-21\\\/kuenstliche-intelligenz-als-treiber-von-wandel\\\/#primaryimage\"},\"thumbnailUrl\":\"https:\\\/\\\/www.organisator.ch\\\/wp-content\\\/uploads\\\/2025\\\/10\\\/Kuenstliche-Intelligenz-als-Treiber-von-Wandel_Organisator.jpg\",\"keywords\":[\"Digitalisierung\",\"Forschung\",\"K\u00fcnstliche Intelligenz\",\"Management und Unternehmensf\u00fchrung\"],\"articleSection\":[\"ABO+\",\"MANAGEMENT\"],\"inLanguage\":\"fr-FR\"},{\"@type\":\"WebPage\",\"@id\":\"https:\\\/\\\/www.organisator.ch\\\/management\\\/2025-10-21\\\/kuenstliche-intelligenz-als-treiber-von-wandel\\\/\",\"url\":\"https:\\\/\\\/www.organisator.ch\\\/management\\\/2025-10-21\\\/kuenstliche-intelligenz-als-treiber-von-wandel\\\/\",\"name\":\"K\u00fcnstliche Intelligenz als Treiber von Wandel - Organisator\",\"isPartOf\":{\"@id\":\"https:\\\/\\\/www.organisator.ch\\\/#website\"},\"primaryImageOfPage\":{\"@id\":\"https:\\\/\\\/www.organisator.ch\\\/management\\\/2025-10-21\\\/kuenstliche-intelligenz-als-treiber-von-wandel\\\/#primaryimage\"},\"image\":{\"@id\":\"https:\\\/\\\/www.organisator.ch\\\/management\\\/2025-10-21\\\/kuenstliche-intelligenz-als-treiber-von-wandel\\\/#primaryimage\"},\"thumbnailUrl\":\"https:\\\/\\\/www.organisator.ch\\\/wp-content\\\/uploads\\\/2025\\\/10\\\/Kuenstliche-Intelligenz-als-Treiber-von-Wandel_Organisator.jpg\",\"datePublished\":\"2025-10-21T07:00:08+00:00\",\"description\":\"Organisationen und Betriebe sind heute mit einem hohen Anpassungsdruck konfrontiert. Digitale L\u00f6sungen stehen f\u00fcr den Wandel zur Verf\u00fcgung.\",\"breadcrumb\":{\"@id\":\"https:\\\/\\\/www.organisator.ch\\\/management\\\/2025-10-21\\\/kuenstliche-intelligenz-als-treiber-von-wandel\\\/#breadcrumb\"},\"inLanguage\":\"fr-FR\",\"potentialAction\":[{\"@type\":\"ReadAction\",\"target\":[\"https:\\\/\\\/www.organisator.ch\\\/management\\\/2025-10-21\\\/kuenstliche-intelligenz-als-treiber-von-wandel\\\/\"]}]},{\"@type\":\"ImageObject\",\"inLanguage\":\"fr-FR\",\"@id\":\"https:\\\/\\\/www.organisator.ch\\\/management\\\/2025-10-21\\\/kuenstliche-intelligenz-als-treiber-von-wandel\\\/#primaryimage\",\"url\":\"https:\\\/\\\/www.organisator.ch\\\/wp-content\\\/uploads\\\/2025\\\/10\\\/Kuenstliche-Intelligenz-als-Treiber-von-Wandel_Organisator.jpg\",\"contentUrl\":\"https:\\\/\\\/www.organisator.ch\\\/wp-content\\\/uploads\\\/2025\\\/10\\\/Kuenstliche-Intelligenz-als-Treiber-von-Wandel_Organisator.jpg\",\"width\":680,\"height\":528,\"caption\":\"KI kann z. B. in der Lebensmittelindustrie Produktionsprozesse noch st\u00e4rker automatisieren. (Bild: Depositphotos.com)\"},{\"@type\":\"BreadcrumbList\",\"@id\":\"https:\\\/\\\/www.organisator.ch\\\/management\\\/2025-10-21\\\/kuenstliche-intelligenz-als-treiber-von-wandel\\\/#breadcrumb\",\"itemListElement\":[{\"@type\":\"ListItem\",\"position\":1,\"name\":\"Home\",\"item\":\"https:\\\/\\\/www.organisator.ch\\\/\"},{\"@type\":\"ListItem\",\"position\":2,\"name\":\"K\u00fcnstliche Intelligenz als Treiber von Wandel\"}]},{\"@type\":\"WebSite\",\"@id\":\"https:\\\/\\\/www.organisator.ch\\\/#website\",\"url\":\"https:\\\/\\\/www.organisator.ch\\\/\",\"name\":\"Organisator\",\"description\":\"Kompetent. Praxisnah. Der ORGANISATOR bereitet in 10 Ausgaben pro Jahr die wesentlichen Themen f\u00fcr F\u00fchrungskr\u00e4fte von KMU auf.\",\"publisher\":{\"@id\":\"https:\\\/\\\/www.organisator.ch\\\/#organization\"},\"potentialAction\":[{\"@type\":\"SearchAction\",\"target\":{\"@type\":\"EntryPoint\",\"urlTemplate\":\"https:\\\/\\\/www.organisator.ch\\\/?s={search_term_string}\"},\"query-input\":{\"@type\":\"PropertyValueSpecification\",\"valueRequired\":true,\"valueName\":\"search_term_string\"}}],\"inLanguage\":\"fr-FR\"},{\"@type\":\"Organization\",\"@id\":\"https:\\\/\\\/www.organisator.ch\\\/#organization\",\"name\":\"Organisator\",\"url\":\"https:\\\/\\\/www.organisator.ch\\\/\",\"logo\":{\"@type\":\"ImageObject\",\"inLanguage\":\"fr-FR\",\"@id\":\"https:\\\/\\\/www.organisator.ch\\\/#\\\/schema\\\/logo\\\/image\\\/\",\"url\":\"https:\\\/\\\/www.organisator.ch\\\/wp-content\\\/uploads\\\/2022\\\/01\\\/Logo_Organisator_Website.png\",\"contentUrl\":\"https:\\\/\\\/www.organisator.ch\\\/wp-content\\\/uploads\\\/2022\\\/01\\\/Logo_Organisator_Website.png\",\"width\":800,\"height\":77,\"caption\":\"Organisator\"},\"image\":{\"@id\":\"https:\\\/\\\/www.organisator.ch\\\/#\\\/schema\\\/logo\\\/image\\\/\"},\"sameAs\":[\"https:\\\/\\\/www.facebook.com\\\/OrganisatorFachmagazin\",\"https:\\\/\\\/www.linkedin.com\\\/showcase\\\/organisator-das-magazin-fr-kmu\",\"https:\\\/\\\/www.xing.com\\\/news\\\/pages\\\/organisator-ch-695\",\"https:\\\/\\\/www.youtube.com\\\/channel\\\/UCGP2Sq0iWaZwT3BdIAQFYpw\"]},{\"@type\":\"Person\",\"@id\":\"https:\\\/\\\/www.organisator.ch\\\/#\\\/schema\\\/person\\\/6f650f90b2842cd4c0cc334b4e36f67e\",\"name\":\"thomas.berner\",\"image\":{\"@type\":\"ImageObject\",\"inLanguage\":\"fr-FR\",\"@id\":\"https:\\\/\\\/secure.gravatar.com\\\/avatar\\\/ac5001d2a36cb6c6cd3e50789007ffca834b477b74a2144564522e944eabff61?s=96&d=mm&r=g\",\"url\":\"https:\\\/\\\/secure.gravatar.com\\\/avatar\\\/ac5001d2a36cb6c6cd3e50789007ffca834b477b74a2144564522e944eabff61?s=96&d=mm&r=g\",\"contentUrl\":\"https:\\\/\\\/secure.gravatar.com\\\/avatar\\\/ac5001d2a36cb6c6cd3e50789007ffca834b477b74a2144564522e944eabff61?s=96&d=mm&r=g\",\"caption\":\"thomas.berner\"},\"url\":\"https:\\\/\\\/www.organisator.ch\\\/fr\\\/author\\\/thomas-berner\\\/\"}]}<\/script>\n<!-- \/ Yoast SEO plugin. -->","yoast_head_json":{"title":"L'intelligence artificielle comme moteur du changement - Organisateur","description":"Les organisations et les entreprises sont aujourd'hui confront\u00e9es \u00e0 une forte pression d'adaptation. Des solutions num\u00e9riques sont disponibles pour faire face au changement.","robots":{"index":"index","follow":"follow","max-snippet":"max-snippet:-1","max-image-preview":"max-image-preview:large","max-video-preview":"max-video-preview:-1"},"canonical":"https:\/\/www.organisator.ch\/fr\/gestion-2\/2025-10-21\/kuenstliche-intelligenz-als-treiber-von-wandel\/","og_locale":"fr_FR","og_type":"article","og_title":"K\u00fcnstliche Intelligenz als Treiber von Wandel - Organisator","og_description":"Organisationen und Betriebe sind heute mit einem hohen Anpassungsdruck konfrontiert. Digitale L\u00f6sungen stehen f\u00fcr den Wandel zur Verf\u00fcgung.","og_url":"https:\/\/www.organisator.ch\/fr\/gestion-2\/2025-10-21\/kuenstliche-intelligenz-als-treiber-von-wandel\/","og_site_name":"Organisator","article_publisher":"https:\/\/www.facebook.com\/OrganisatorFachmagazin","article_published_time":"2025-10-21T07:00:08+00:00","og_image":[{"width":680,"height":528,"url":"https:\/\/www.organisator.ch\/wp-content\/uploads\/2025\/10\/Kuenstliche-Intelligenz-als-Treiber-von-Wandel_Organisator.jpg","type":"image\/jpeg"}],"author":"thomas.berner","twitter_card":"summary_large_image","schema":{"@context":"https:\/\/schema.org","@graph":[{"@type":"Article","@id":"https:\/\/www.organisator.ch\/management\/2025-10-21\/kuenstliche-intelligenz-als-treiber-von-wandel\/#article","isPartOf":{"@id":"https:\/\/www.organisator.ch\/management\/2025-10-21\/kuenstliche-intelligenz-als-treiber-von-wandel\/"},"author":{"name":"thomas.berner","@id":"https:\/\/www.organisator.ch\/#\/schema\/person\/6f650f90b2842cd4c0cc334b4e36f67e"},"headline":"K\u00fcnstliche Intelligenz als Treiber von Wandel","datePublished":"2025-10-21T07:00:08+00:00","mainEntityOfPage":{"@id":"https:\/\/www.organisator.ch\/management\/2025-10-21\/kuenstliche-intelligenz-als-treiber-von-wandel\/"},"wordCount":1293,"publisher":{"@id":"https:\/\/www.organisator.ch\/#organization"},"image":{"@id":"https:\/\/www.organisator.ch\/management\/2025-10-21\/kuenstliche-intelligenz-als-treiber-von-wandel\/#primaryimage"},"thumbnailUrl":"https:\/\/www.organisator.ch\/wp-content\/uploads\/2025\/10\/Kuenstliche-Intelligenz-als-Treiber-von-Wandel_Organisator.jpg","keywords":["Digitalisierung","Forschung","K\u00fcnstliche Intelligenz","Management und Unternehmensf\u00fchrung"],"articleSection":["ABO+","MANAGEMENT"],"inLanguage":"fr-FR"},{"@type":"WebPage","@id":"https:\/\/www.organisator.ch\/management\/2025-10-21\/kuenstliche-intelligenz-als-treiber-von-wandel\/","url":"https:\/\/www.organisator.ch\/management\/2025-10-21\/kuenstliche-intelligenz-als-treiber-von-wandel\/","name":"L'intelligence artificielle comme moteur du changement - Organisateur","isPartOf":{"@id":"https:\/\/www.organisator.ch\/#website"},"primaryImageOfPage":{"@id":"https:\/\/www.organisator.ch\/management\/2025-10-21\/kuenstliche-intelligenz-als-treiber-von-wandel\/#primaryimage"},"image":{"@id":"https:\/\/www.organisator.ch\/management\/2025-10-21\/kuenstliche-intelligenz-als-treiber-von-wandel\/#primaryimage"},"thumbnailUrl":"https:\/\/www.organisator.ch\/wp-content\/uploads\/2025\/10\/Kuenstliche-Intelligenz-als-Treiber-von-Wandel_Organisator.jpg","datePublished":"2025-10-21T07:00:08+00:00","description":"Les organisations et les entreprises sont aujourd'hui confront\u00e9es \u00e0 une forte pression d'adaptation. Des solutions num\u00e9riques sont disponibles pour faire face au changement.","breadcrumb":{"@id":"https:\/\/www.organisator.ch\/management\/2025-10-21\/kuenstliche-intelligenz-als-treiber-von-wandel\/#breadcrumb"},"inLanguage":"fr-FR","potentialAction":[{"@type":"ReadAction","target":["https:\/\/www.organisator.ch\/management\/2025-10-21\/kuenstliche-intelligenz-als-treiber-von-wandel\/"]}]},{"@type":"ImageObject","inLanguage":"fr-FR","@id":"https:\/\/www.organisator.ch\/management\/2025-10-21\/kuenstliche-intelligenz-als-treiber-von-wandel\/#primaryimage","url":"https:\/\/www.organisator.ch\/wp-content\/uploads\/2025\/10\/Kuenstliche-Intelligenz-als-Treiber-von-Wandel_Organisator.jpg","contentUrl":"https:\/\/www.organisator.ch\/wp-content\/uploads\/2025\/10\/Kuenstliche-Intelligenz-als-Treiber-von-Wandel_Organisator.jpg","width":680,"height":528,"caption":"KI kann z. B. in der Lebensmittelindustrie Produktionsprozesse noch st\u00e4rker automatisieren. (Bild: Depositphotos.com)"},{"@type":"BreadcrumbList","@id":"https:\/\/www.organisator.ch\/management\/2025-10-21\/kuenstliche-intelligenz-als-treiber-von-wandel\/#breadcrumb","itemListElement":[{"@type":"ListItem","position":1,"name":"Home","item":"https:\/\/www.organisator.ch\/"},{"@type":"ListItem","position":2,"name":"K\u00fcnstliche Intelligenz als Treiber von Wandel"}]},{"@type":"WebSite","@id":"https:\/\/www.organisator.ch\/#website","url":"https:\/\/www.organisator.ch\/","name":"Organisateur","description":"Comp\u00e9tence et comp\u00e9tence. Proches de la pratique. L'ORGANISATEUR pr\u00e9pare 10 num\u00e9ros par an sur les th\u00e8mes essentiels pour les dirigeants de PME.","publisher":{"@id":"https:\/\/www.organisator.ch\/#organization"},"potentialAction":[{"@type":"SearchAction","target":{"@type":"EntryPoint","urlTemplate":"https:\/\/www.organisator.ch\/?s={search_term_string}"},"query-input":{"@type":"PropertyValueSpecification","valueRequired":true,"valueName":"search_term_string"}}],"inLanguage":"fr-FR"},{"@type":"Organization","@id":"https:\/\/www.organisator.ch\/#organization","name":"Organisateur","url":"https:\/\/www.organisator.ch\/","logo":{"@type":"ImageObject","inLanguage":"fr-FR","@id":"https:\/\/www.organisator.ch\/#\/schema\/logo\/image\/","url":"https:\/\/www.organisator.ch\/wp-content\/uploads\/2022\/01\/Logo_Organisator_Website.png","contentUrl":"https:\/\/www.organisator.ch\/wp-content\/uploads\/2022\/01\/Logo_Organisator_Website.png","width":800,"height":77,"caption":"Organisator"},"image":{"@id":"https:\/\/www.organisator.ch\/#\/schema\/logo\/image\/"},"sameAs":["https:\/\/www.facebook.com\/OrganisatorFachmagazin","https:\/\/www.linkedin.com\/showcase\/organisator-das-magazin-fr-kmu","https:\/\/www.xing.com\/news\/pages\/organisator-ch-695","https:\/\/www.youtube.com\/channel\/UCGP2Sq0iWaZwT3BdIAQFYpw"]},{"@type":"Person","@id":"https:\/\/www.organisator.ch\/#\/schema\/person\/6f650f90b2842cd4c0cc334b4e36f67e","name":"thomas.berner","image":{"@type":"ImageObject","inLanguage":"fr-FR","@id":"https:\/\/secure.gravatar.com\/avatar\/ac5001d2a36cb6c6cd3e50789007ffca834b477b74a2144564522e944eabff61?s=96&d=mm&r=g","url":"https:\/\/secure.gravatar.com\/avatar\/ac5001d2a36cb6c6cd3e50789007ffca834b477b74a2144564522e944eabff61?s=96&d=mm&r=g","contentUrl":"https:\/\/secure.gravatar.com\/avatar\/ac5001d2a36cb6c6cd3e50789007ffca834b477b74a2144564522e944eabff61?s=96&d=mm&r=g","caption":"thomas.berner"},"url":"https:\/\/www.organisator.ch\/fr\/author\/thomas-berner\/"}]}},"_links":{"self":[{"href":"https:\/\/www.organisator.ch\/fr\/wp-json\/wp\/v2\/posts\/41394","targetHints":{"allow":["GET"]}}],"collection":[{"href":"https:\/\/www.organisator.ch\/fr\/wp-json\/wp\/v2\/posts"}],"about":[{"href":"https:\/\/www.organisator.ch\/fr\/wp-json\/wp\/v2\/types\/post"}],"author":[{"embeddable":true,"href":"https:\/\/www.organisator.ch\/fr\/wp-json\/wp\/v2\/users\/4"}],"replies":[{"embeddable":true,"href":"https:\/\/www.organisator.ch\/fr\/wp-json\/wp\/v2\/comments?post=41394"}],"version-history":[{"count":2,"href":"https:\/\/www.organisator.ch\/fr\/wp-json\/wp\/v2\/posts\/41394\/revisions"}],"predecessor-version":[{"id":41397,"href":"https:\/\/www.organisator.ch\/fr\/wp-json\/wp\/v2\/posts\/41394\/revisions\/41397"}],"wp:featuredmedia":[{"embeddable":true,"href":"https:\/\/www.organisator.ch\/fr\/wp-json\/wp\/v2\/media\/41396"}],"wp:attachment":[{"href":"https:\/\/www.organisator.ch\/fr\/wp-json\/wp\/v2\/media?parent=41394"}],"wp:term":[{"taxonomy":"category","embeddable":true,"href":"https:\/\/www.organisator.ch\/fr\/wp-json\/wp\/v2\/categories?post=41394"},{"taxonomy":"post_tag","embeddable":true,"href":"https:\/\/www.organisator.ch\/fr\/wp-json\/wp\/v2\/tags?post=41394"}],"curies":[{"name":"wp","href":"https:\/\/api.w.org\/{rel}","templated":true}]}}