{"id":41429,"date":"2025-10-22T09:46:49","date_gmt":"2025-10-22T07:46:49","guid":{"rendered":"https:\/\/www.organisator.ch\/?p=41429"},"modified":"2025-10-22T09:46:49","modified_gmt":"2025-10-22T07:46:49","slug":"schweizer-cfos-fordern-mehr-freihandel","status":"publish","type":"post","link":"https:\/\/www.organisator.ch\/fr\/management\/2025-10-22\/schweizer-cfos-fordern-mehr-freihandel\/","title":{"rendered":"Les CFO suisses demandent plus de libre-\u00e9change"},"content":{"rendered":"<figure id=\"attachment_41434\" aria-describedby=\"caption-attachment-41434\" style=\"width: 680px\" class=\"wp-caption alignnone\"><img loading=\"lazy\" decoding=\"async\" class=\"size-full wp-image-41434\" src=\"https:\/\/www.organisator.ch\/wp-content\/uploads\/2025\/10\/Schweizer-CFOs-fordern-mehr-Freihandel-1_Organisator.jpg\" alt=\"\" width=\"680\" height=\"536\" srcset=\"https:\/\/www.organisator.ch\/wp-content\/uploads\/2025\/10\/Schweizer-CFOs-fordern-mehr-Freihandel-1_Organisator.jpg 680w, https:\/\/www.organisator.ch\/wp-content\/uploads\/2025\/10\/Schweizer-CFOs-fordern-mehr-Freihandel-1_Organisator-15x12.jpg 15w, https:\/\/www.organisator.ch\/wp-content\/uploads\/2025\/10\/Schweizer-CFOs-fordern-mehr-Freihandel-1_Organisator-375x296.jpg 375w, https:\/\/www.organisator.ch\/wp-content\/uploads\/2025\/10\/Schweizer-CFOs-fordern-mehr-Freihandel-1_Organisator-444x350.jpg 444w\" sizes=\"auto, (max-width: 680px) 100vw, 680px\" \/><figcaption id=\"caption-attachment-41434\" class=\"wp-caption-text\">Figure 1 : Perspectives conjoncturelles attendues par les CFO pour la Suisse et perspectives commerciales pour leur propre entreprise au cours des 12 prochains mois. Le graphique ne montre pas les chiffres absolus, mais les soldes nets : mentions positives moins mentions n\u00e9gatives. (Source : Deloitte)<\/figcaption><\/figure>\n<p>Les attentes des CFO concernant l'\u00e9volution \u00e9conomique en Suisse se sont sensiblement am\u00e9lior\u00e9es depuis le creux de la vague apr\u00e8s le choc douanier du printemps (voir figure 1), mais restent mod\u00e9r\u00e9es pour la Suisse : 37 pour cent s'attendent \u00e0 une \u00e9volution conjoncturelle n\u00e9gative ou tr\u00e8s n\u00e9gative, 24 pour cent sont d'avis positif ou tr\u00e8s positif, comme le montre la derni\u00e8re enqu\u00eate CFO de la soci\u00e9t\u00e9 d'audit et de conseil Deloitte Suisse. 119 CFO de tous les secteurs importants et d'entreprises aussi bien cot\u00e9es que non cot\u00e9es ont particip\u00e9 \u00e0 cette enqu\u00eate.<\/p>\n<h3>D\u00e9veloppements financiers : Seule la moiti\u00e9 des directeurs financiers sont optimistes<\/h3>\n<p>Une reprise se dessine \u00e9galement au niveau des entreprises. Plus de la moiti\u00e9 (52%) des directeurs financiers interrog\u00e9s sont optimistes quant \u00e0 l'\u00e9volution financi\u00e8re de leur entreprise au cours des douze prochains mois, alors qu'ils \u00e9taient encore moins de la moiti\u00e9 (23%) en avril. 36 % s'attendent en outre \u00e0 une augmentation des marges.<\/p>\n<p>Des diff\u00e9rences flagrantes apparaissent dans l'\u00e9valuation des principaux partenaires commerciaux : Alors que les CFO continuent d'avoir une vision tr\u00e8s n\u00e9gative de l'\u00e9volution \u00e9conomique des \u00c9tats-Unis et de l'Allemagne pour les douze prochains mois (\u00c9tats-Unis : 62% n\u00e9gatif ou tr\u00e8s n\u00e9gatif ; Allemagne : 48% n\u00e9gatif ou tr\u00e8s n\u00e9gatif), ils jugent les perspectives pour la Chine beaucoup plus positives (39% positif ou tr\u00e8s positif).<\/p>\n<h3>D\u00e9localisations d'emplois<\/h3>\n<p>Le franc fort et les taxes d'importation am\u00e9ricaines de 39 pour cent introduites en ao\u00fbt sur diff\u00e9rentes exportations suisses mettent la place \u00e9conomique suisse sous pression. Cela se refl\u00e8te \u00e9galement dans la planification du personnel : plus d'un tiers des CFO interrog\u00e9s (37%) s'attendent donc \u00e0 ce que leur entreprise supprime des postes en Suisse au cours des douze prochains mois. Parall\u00e8lement, un nombre similaire (35%) s'attend \u00e0 ce que le nombre de leurs collaborateurs \u00e0 l'\u00e9tranger augmente, ce qui laisse pr\u00e9sager une d\u00e9localisation des emplois \u00e0 l'\u00e9tranger.<\/p>\n<p>\u00abAu niveau international, nous constatons de grandes incertitudes, mais les CFO sont relativement positifs malgr\u00e9 la situation exigeante. Le pass\u00e9 a montr\u00e9 que les entreprises suisses savent bien g\u00e9rer les situations difficiles et s'adapter. Elles comptent sur leur exp\u00e9rience et leur agilit\u00e9 pour relever les d\u00e9fis actuels. Il sera d\u00e9sormais d\u00e9cisif que les politiques am\u00e9liorent les conditions \u00e9conomiques et s'attaquent aux r\u00e9formes en suspens\u00bb, explique Alessandro Miolo, responsable Audit &amp; Assurance chez Deloitte Suisse.<\/p>\n<h3>Les risques mondiaux d\u00e9terminent le barom\u00e8tre des pr\u00e9occupations<\/h3>\n<p>Les principaux risques d'entreprise sont donc tous marqu\u00e9s par des facteurs internationaux : les d\u00e9fis g\u00e9opolitiques occupent toujours la premi\u00e8re place du barom\u00e8tre des pr\u00e9occupations des CFO interrog\u00e9s, suivis par les conflits commerciaux et les risques de change, qui ont fortement gagn\u00e9 en importance. L'affaiblissement du dollar am\u00e9ricain par rapport au franc suisse complique encore les conditions d'exportation.<\/p>\n<h3>Davantage de libre-\u00e9change et garantie d'un march\u00e9 du travail lib\u00e9ral<\/h3>\n<p>Les entreprises r\u00e9agissent \u00e0 l'augmentation des obstacles au commerce principalement en adaptant leurs prix de vente (34%) et en r\u00e9duisant leurs co\u00fbts (27%). 9 % envisagent de d\u00e9localiser leur production \u00e0 l'\u00e9tranger ou entre des sites \u00e9trangers. Parall\u00e8lement, de nombreux directeurs financiers consid\u00e8rent la crise actuelle comme une opportunit\u00e9 d'investir davantage dans la technologie et de nouveaux domaines d'activit\u00e9 afin de renforcer leur comp\u00e9titivit\u00e9 et leur r\u00e9silience \u00e0 long terme.<\/p>\n<figure id=\"attachment_41435\" aria-describedby=\"caption-attachment-41435\" style=\"width: 680px\" class=\"wp-caption alignnone\"><img loading=\"lazy\" decoding=\"async\" class=\"size-full wp-image-41435\" src=\"https:\/\/www.organisator.ch\/wp-content\/uploads\/2025\/10\/Schweizer-CFOs-fordern-mehr-Freihandel-2_Organisator.jpg\" alt=\"\" width=\"680\" height=\"435\" srcset=\"https:\/\/www.organisator.ch\/wp-content\/uploads\/2025\/10\/Schweizer-CFOs-fordern-mehr-Freihandel-2_Organisator.jpg 680w, https:\/\/www.organisator.ch\/wp-content\/uploads\/2025\/10\/Schweizer-CFOs-fordern-mehr-Freihandel-2_Organisator-18x12.jpg 18w, https:\/\/www.organisator.ch\/wp-content\/uploads\/2025\/10\/Schweizer-CFOs-fordern-mehr-Freihandel-2_Organisator-375x240.jpg 375w, https:\/\/www.organisator.ch\/wp-content\/uploads\/2025\/10\/Schweizer-CFOs-fordern-mehr-Freihandel-2_Organisator-547x350.jpg 547w\" sizes=\"auto, (max-width: 680px) 100vw, 680px\" \/><figcaption id=\"caption-attachment-41435\" class=\"wp-caption-text\">Figure 2 : Mesures politiques que la Suisse devrait mettre en \u0153uvre du point de vue des CFO. (Graphique : Deloitte)<\/figcaption><\/figure>\n<p>En raison de facteurs externes, tels que les droits de douane am\u00e9ricains et les tensions g\u00e9opolitiques, la place \u00e9conomique suisse est soumise \u00e0 une forte pression. Les CFO interrog\u00e9s demandent donc des mesures cibl\u00e9es pour am\u00e9liorer l'attractivit\u00e9 de la place \u00e9conomique (voir figure 2). En premier lieu, ils demandent la poursuite des n\u00e9gociations pour r\u00e9duire les droits de douane am\u00e9ricains sur les exportations suisses et la conclusion d'autres accords de libre-\u00e9change avec d'autres \u00c9tats (55% d'avis favorables dans les deux cas). Vient ensuite la conclusion des nouveaux accords avec l'UE (51% d'approbation). La garantie du march\u00e9 du travail lib\u00e9ral suisse est tout de m\u00eame importante pour 44% des personnes interrog\u00e9es. D'autres mesures, comme la suspension de l'imp\u00f4t minimum de l'OCDE ou des all\u00e8gements fiscaux g\u00e9n\u00e9raux, ne sont consid\u00e9r\u00e9es comme faisant partie du top 5 que par quelques CFO (18% chacun).<\/p>\n<p><em>Source : <a href=\"http:\/\/www.deloitte.ch\">Deloitte<\/a><\/em><\/p>","protected":false},"excerpt":{"rendered":"<p>Malgr\u00e9 les tensions g\u00e9opolitiques persistantes, les conflits commerciaux et les nouvelles taxes douani\u00e8res am\u00e9ricaines, les directeurs financiers suisses se montrent plus confiants qu'au printemps. Beaucoup d'entre eux s'attendent toutefois \u00e0 ce que l'environnement \u00e9conomique reste difficile et exigent des mesures de la part des politiques pour plus de libre-\u00e9change, comme le montre la derni\u00e8re enqu\u00eate CFO de Deloitte. En attendant, plus d'un tiers des CFO pr\u00e9voient de supprimer des postes en Suisse.<\/p>","protected":false},"author":4,"featured_media":41434,"comment_status":"closed","ping_status":"closed","sticky":false,"template":"","format":"standard","meta":{"_acf_changed":false,"_yoast_wpseo_focuskw":"Freihandel","_yoast_wpseo_metadesc":"Schweizer Finanzchefs zeigen sich zuversichtlicher als im Fr\u00fchling, fordern aber mehr Freihandel. Dies zeigt eine Studie von Deloitte.","articlekey":"","footnotes":""},"categories":[28],"tags":[202,310,335,531],"class_list":["post-41429","post","type-post","status-publish","format-standard","has-post-thumbnail","hentry","category-management","tag-finanzenrecht","tag-konjunktur","tag-management-und-unternehmensfuehrung","tag-wirtschaftspolitik"],"acf":[],"yoast_head":"<!-- This site is optimized with the Yoast SEO plugin v27.5 - https:\/\/yoast.com\/product\/yoast-seo-wordpress\/ -->\n<title>Schweizer CFOs fordern mehr Freihandel - Organisator<\/title>\n<meta name=\"description\" content=\"Schweizer Finanzchefs zeigen sich zuversichtlicher als im Fr\u00fchling, fordern aber mehr Freihandel. Dies zeigt eine Studie von Deloitte.\" \/>\n<meta name=\"robots\" content=\"index, follow, max-snippet:-1, max-image-preview:large, max-video-preview:-1\" \/>\n<link rel=\"canonical\" href=\"https:\/\/www.organisator.ch\/fr\/gestion-2\/2025-10-22\/schweizer-cfos-fordern-mehr-freihandel\/\" \/>\n<meta property=\"og:locale\" content=\"fr_FR\" \/>\n<meta property=\"og:type\" content=\"article\" \/>\n<meta property=\"og:title\" content=\"Schweizer CFOs fordern mehr Freihandel\" \/>\n<meta property=\"og:description\" content=\"Schweizer Finanzchefs zeigen sich zuversichtlicher als im Fr\u00fchling, fordern aber mehr Freihandel. Dies zeigt eine Studie von Deloitte.\" \/>\n<meta property=\"og:url\" content=\"https:\/\/www.organisator.ch\/fr\/gestion-2\/2025-10-22\/schweizer-cfos-fordern-mehr-freihandel\/\" \/>\n<meta property=\"og:site_name\" content=\"Organisator\" \/>\n<meta property=\"article:publisher\" content=\"https:\/\/www.facebook.com\/OrganisatorFachmagazin\" \/>\n<meta property=\"article:published_time\" content=\"2025-10-22T07:46:49+00:00\" \/>\n<meta property=\"og:image\" content=\"https:\/\/www.organisator.ch\/wp-content\/uploads\/2025\/10\/Schweizer-CFOs-fordern-mehr-Freihandel-1_Organisator.jpg\" \/>\n\t<meta property=\"og:image:width\" content=\"680\" \/>\n\t<meta property=\"og:image:height\" content=\"536\" \/>\n\t<meta property=\"og:image:type\" content=\"image\/jpeg\" \/>\n<meta name=\"author\" content=\"thomas.berner\" \/>\n<meta name=\"twitter:card\" content=\"summary_large_image\" \/>\n<meta name=\"twitter:title\" content=\"Schweizer #CFOs fordern mehr #Freihandel\" \/>\n<meta name=\"twitter:description\" content=\"Schweizer #Finanzchefs zeigen sich zuversichtlicher als im Fr\u00fchling, fordern aber mehr #Freihandel. Dies zeigt eine Studie von #Deloitte.\" \/>\n<meta name=\"twitter:image\" content=\"https:\/\/www.organisator.ch\/wp-content\/uploads\/2025\/10\/Schweizer-CFOs-fordern-mehr-Freihandel-1_Organisator.jpg\" \/>\n<script type=\"application\/ld+json\" class=\"yoast-schema-graph\">{\"@context\":\"https:\\\/\\\/schema.org\",\"@graph\":[{\"@type\":\"Article\",\"@id\":\"https:\\\/\\\/www.organisator.ch\\\/management\\\/2025-10-22\\\/schweizer-cfos-fordern-mehr-freihandel\\\/#article\",\"isPartOf\":{\"@id\":\"https:\\\/\\\/www.organisator.ch\\\/management\\\/2025-10-22\\\/schweizer-cfos-fordern-mehr-freihandel\\\/\"},\"author\":{\"name\":\"thomas.berner\",\"@id\":\"https:\\\/\\\/www.organisator.ch\\\/#\\\/schema\\\/person\\\/6f650f90b2842cd4c0cc334b4e36f67e\"},\"headline\":\"Schweizer CFOs fordern mehr Freihandel\",\"datePublished\":\"2025-10-22T07:46:49+00:00\",\"mainEntityOfPage\":{\"@id\":\"https:\\\/\\\/www.organisator.ch\\\/management\\\/2025-10-22\\\/schweizer-cfos-fordern-mehr-freihandel\\\/\"},\"wordCount\":644,\"publisher\":{\"@id\":\"https:\\\/\\\/www.organisator.ch\\\/#organization\"},\"image\":{\"@id\":\"https:\\\/\\\/www.organisator.ch\\\/management\\\/2025-10-22\\\/schweizer-cfos-fordern-mehr-freihandel\\\/#primaryimage\"},\"thumbnailUrl\":\"https:\\\/\\\/www.organisator.ch\\\/wp-content\\\/uploads\\\/2025\\\/10\\\/Schweizer-CFOs-fordern-mehr-Freihandel-1_Organisator.jpg\",\"keywords\":[\"Finanzen\\\/Recht\",\"Konjunktur\",\"Management und Unternehmensf\u00fchrung\",\"Wirtschaftspolitik\"],\"articleSection\":[\"MANAGEMENT\"],\"inLanguage\":\"fr-FR\"},{\"@type\":\"WebPage\",\"@id\":\"https:\\\/\\\/www.organisator.ch\\\/management\\\/2025-10-22\\\/schweizer-cfos-fordern-mehr-freihandel\\\/\",\"url\":\"https:\\\/\\\/www.organisator.ch\\\/management\\\/2025-10-22\\\/schweizer-cfos-fordern-mehr-freihandel\\\/\",\"name\":\"Schweizer CFOs fordern mehr Freihandel - Organisator\",\"isPartOf\":{\"@id\":\"https:\\\/\\\/www.organisator.ch\\\/#website\"},\"primaryImageOfPage\":{\"@id\":\"https:\\\/\\\/www.organisator.ch\\\/management\\\/2025-10-22\\\/schweizer-cfos-fordern-mehr-freihandel\\\/#primaryimage\"},\"image\":{\"@id\":\"https:\\\/\\\/www.organisator.ch\\\/management\\\/2025-10-22\\\/schweizer-cfos-fordern-mehr-freihandel\\\/#primaryimage\"},\"thumbnailUrl\":\"https:\\\/\\\/www.organisator.ch\\\/wp-content\\\/uploads\\\/2025\\\/10\\\/Schweizer-CFOs-fordern-mehr-Freihandel-1_Organisator.jpg\",\"datePublished\":\"2025-10-22T07:46:49+00:00\",\"description\":\"Schweizer Finanzchefs zeigen sich zuversichtlicher als im Fr\u00fchling, fordern aber mehr Freihandel. Dies zeigt eine Studie von Deloitte.\",\"breadcrumb\":{\"@id\":\"https:\\\/\\\/www.organisator.ch\\\/management\\\/2025-10-22\\\/schweizer-cfos-fordern-mehr-freihandel\\\/#breadcrumb\"},\"inLanguage\":\"fr-FR\",\"potentialAction\":[{\"@type\":\"ReadAction\",\"target\":[\"https:\\\/\\\/www.organisator.ch\\\/management\\\/2025-10-22\\\/schweizer-cfos-fordern-mehr-freihandel\\\/\"]}]},{\"@type\":\"ImageObject\",\"inLanguage\":\"fr-FR\",\"@id\":\"https:\\\/\\\/www.organisator.ch\\\/management\\\/2025-10-22\\\/schweizer-cfos-fordern-mehr-freihandel\\\/#primaryimage\",\"url\":\"https:\\\/\\\/www.organisator.ch\\\/wp-content\\\/uploads\\\/2025\\\/10\\\/Schweizer-CFOs-fordern-mehr-Freihandel-1_Organisator.jpg\",\"contentUrl\":\"https:\\\/\\\/www.organisator.ch\\\/wp-content\\\/uploads\\\/2025\\\/10\\\/Schweizer-CFOs-fordern-mehr-Freihandel-1_Organisator.jpg\",\"width\":680,\"height\":536,\"caption\":\"Abbildung 1: Erwartete Konjunkturaussichten der CFOs f\u00fcr die Schweiz und Gesch\u00e4ftsaussichten f\u00fcr das eigene Unternehmen in den n\u00e4chsten 12 Monaten. Die Grafik zeigt nicht die absoluten Zahlen, sondern die Nettosalden: positive Nennungen minus negative Nennungen. (Quelle: Deloitte)\"},{\"@type\":\"BreadcrumbList\",\"@id\":\"https:\\\/\\\/www.organisator.ch\\\/management\\\/2025-10-22\\\/schweizer-cfos-fordern-mehr-freihandel\\\/#breadcrumb\",\"itemListElement\":[{\"@type\":\"ListItem\",\"position\":1,\"name\":\"Home\",\"item\":\"https:\\\/\\\/www.organisator.ch\\\/\"},{\"@type\":\"ListItem\",\"position\":2,\"name\":\"Schweizer CFOs fordern mehr Freihandel\"}]},{\"@type\":\"WebSite\",\"@id\":\"https:\\\/\\\/www.organisator.ch\\\/#website\",\"url\":\"https:\\\/\\\/www.organisator.ch\\\/\",\"name\":\"Organisator\",\"description\":\"Kompetent. Praxisnah. Der ORGANISATOR bereitet in 10 Ausgaben pro Jahr die wesentlichen Themen f\u00fcr F\u00fchrungskr\u00e4fte von KMU auf.\",\"publisher\":{\"@id\":\"https:\\\/\\\/www.organisator.ch\\\/#organization\"},\"potentialAction\":[{\"@type\":\"SearchAction\",\"target\":{\"@type\":\"EntryPoint\",\"urlTemplate\":\"https:\\\/\\\/www.organisator.ch\\\/?s={search_term_string}\"},\"query-input\":{\"@type\":\"PropertyValueSpecification\",\"valueRequired\":true,\"valueName\":\"search_term_string\"}}],\"inLanguage\":\"fr-FR\"},{\"@type\":\"Organization\",\"@id\":\"https:\\\/\\\/www.organisator.ch\\\/#organization\",\"name\":\"Organisator\",\"url\":\"https:\\\/\\\/www.organisator.ch\\\/\",\"logo\":{\"@type\":\"ImageObject\",\"inLanguage\":\"fr-FR\",\"@id\":\"https:\\\/\\\/www.organisator.ch\\\/#\\\/schema\\\/logo\\\/image\\\/\",\"url\":\"https:\\\/\\\/www.organisator.ch\\\/wp-content\\\/uploads\\\/2022\\\/01\\\/Logo_Organisator_Website.png\",\"contentUrl\":\"https:\\\/\\\/www.organisator.ch\\\/wp-content\\\/uploads\\\/2022\\\/01\\\/Logo_Organisator_Website.png\",\"width\":800,\"height\":77,\"caption\":\"Organisator\"},\"image\":{\"@id\":\"https:\\\/\\\/www.organisator.ch\\\/#\\\/schema\\\/logo\\\/image\\\/\"},\"sameAs\":[\"https:\\\/\\\/www.facebook.com\\\/OrganisatorFachmagazin\",\"https:\\\/\\\/www.linkedin.com\\\/showcase\\\/organisator-das-magazin-fr-kmu\",\"https:\\\/\\\/www.xing.com\\\/news\\\/pages\\\/organisator-ch-695\",\"https:\\\/\\\/www.youtube.com\\\/channel\\\/UCGP2Sq0iWaZwT3BdIAQFYpw\"]},{\"@type\":\"Person\",\"@id\":\"https:\\\/\\\/www.organisator.ch\\\/#\\\/schema\\\/person\\\/6f650f90b2842cd4c0cc334b4e36f67e\",\"name\":\"thomas.berner\",\"image\":{\"@type\":\"ImageObject\",\"inLanguage\":\"fr-FR\",\"@id\":\"https:\\\/\\\/secure.gravatar.com\\\/avatar\\\/ac5001d2a36cb6c6cd3e50789007ffca834b477b74a2144564522e944eabff61?s=96&d=mm&r=g\",\"url\":\"https:\\\/\\\/secure.gravatar.com\\\/avatar\\\/ac5001d2a36cb6c6cd3e50789007ffca834b477b74a2144564522e944eabff61?s=96&d=mm&r=g\",\"contentUrl\":\"https:\\\/\\\/secure.gravatar.com\\\/avatar\\\/ac5001d2a36cb6c6cd3e50789007ffca834b477b74a2144564522e944eabff61?s=96&d=mm&r=g\",\"caption\":\"thomas.berner\"},\"url\":\"https:\\\/\\\/www.organisator.ch\\\/fr\\\/author\\\/thomas-berner\\\/\"}]}<\/script>\n<!-- \/ Yoast SEO plugin. -->","yoast_head_json":{"title":"Les CFO suisses demandent plus de libre-\u00e9change - Organisateur","description":"Les directeurs financiers suisses se montrent plus confiants qu'au printemps, mais r\u00e9clament davantage de libre-\u00e9change. C'est ce que r\u00e9v\u00e8le une \u00e9tude de Deloitte.","robots":{"index":"index","follow":"follow","max-snippet":"max-snippet:-1","max-image-preview":"max-image-preview:large","max-video-preview":"max-video-preview:-1"},"canonical":"https:\/\/www.organisator.ch\/fr\/gestion-2\/2025-10-22\/schweizer-cfos-fordern-mehr-freihandel\/","og_locale":"fr_FR","og_type":"article","og_title":"Schweizer CFOs fordern mehr Freihandel","og_description":"Schweizer Finanzchefs zeigen sich zuversichtlicher als im Fr\u00fchling, fordern aber mehr Freihandel. Dies zeigt eine Studie von Deloitte.","og_url":"https:\/\/www.organisator.ch\/fr\/gestion-2\/2025-10-22\/schweizer-cfos-fordern-mehr-freihandel\/","og_site_name":"Organisator","article_publisher":"https:\/\/www.facebook.com\/OrganisatorFachmagazin","article_published_time":"2025-10-22T07:46:49+00:00","og_image":[{"width":680,"height":536,"url":"https:\/\/www.organisator.ch\/wp-content\/uploads\/2025\/10\/Schweizer-CFOs-fordern-mehr-Freihandel-1_Organisator.jpg","type":"image\/jpeg"}],"author":"thomas.berner","twitter_card":"summary_large_image","twitter_title":"Schweizer #CFOs fordern mehr #Freihandel","twitter_description":"Schweizer #Finanzchefs zeigen sich zuversichtlicher als im Fr\u00fchling, fordern aber mehr #Freihandel. Dies zeigt eine Studie von #Deloitte.","twitter_image":"https:\/\/www.organisator.ch\/wp-content\/uploads\/2025\/10\/Schweizer-CFOs-fordern-mehr-Freihandel-1_Organisator.jpg","schema":{"@context":"https:\/\/schema.org","@graph":[{"@type":"Article","@id":"https:\/\/www.organisator.ch\/management\/2025-10-22\/schweizer-cfos-fordern-mehr-freihandel\/#article","isPartOf":{"@id":"https:\/\/www.organisator.ch\/management\/2025-10-22\/schweizer-cfos-fordern-mehr-freihandel\/"},"author":{"name":"thomas.berner","@id":"https:\/\/www.organisator.ch\/#\/schema\/person\/6f650f90b2842cd4c0cc334b4e36f67e"},"headline":"Schweizer CFOs fordern mehr Freihandel","datePublished":"2025-10-22T07:46:49+00:00","mainEntityOfPage":{"@id":"https:\/\/www.organisator.ch\/management\/2025-10-22\/schweizer-cfos-fordern-mehr-freihandel\/"},"wordCount":644,"publisher":{"@id":"https:\/\/www.organisator.ch\/#organization"},"image":{"@id":"https:\/\/www.organisator.ch\/management\/2025-10-22\/schweizer-cfos-fordern-mehr-freihandel\/#primaryimage"},"thumbnailUrl":"https:\/\/www.organisator.ch\/wp-content\/uploads\/2025\/10\/Schweizer-CFOs-fordern-mehr-Freihandel-1_Organisator.jpg","keywords":["Finanzen\/Recht","Konjunktur","Management und Unternehmensf\u00fchrung","Wirtschaftspolitik"],"articleSection":["MANAGEMENT"],"inLanguage":"fr-FR"},{"@type":"WebPage","@id":"https:\/\/www.organisator.ch\/management\/2025-10-22\/schweizer-cfos-fordern-mehr-freihandel\/","url":"https:\/\/www.organisator.ch\/management\/2025-10-22\/schweizer-cfos-fordern-mehr-freihandel\/","name":"Les CFO suisses demandent plus de libre-\u00e9change - Organisateur","isPartOf":{"@id":"https:\/\/www.organisator.ch\/#website"},"primaryImageOfPage":{"@id":"https:\/\/www.organisator.ch\/management\/2025-10-22\/schweizer-cfos-fordern-mehr-freihandel\/#primaryimage"},"image":{"@id":"https:\/\/www.organisator.ch\/management\/2025-10-22\/schweizer-cfos-fordern-mehr-freihandel\/#primaryimage"},"thumbnailUrl":"https:\/\/www.organisator.ch\/wp-content\/uploads\/2025\/10\/Schweizer-CFOs-fordern-mehr-Freihandel-1_Organisator.jpg","datePublished":"2025-10-22T07:46:49+00:00","description":"Les directeurs financiers suisses se montrent plus confiants qu'au printemps, mais r\u00e9clament davantage de libre-\u00e9change. C'est ce que r\u00e9v\u00e8le une \u00e9tude de Deloitte.","breadcrumb":{"@id":"https:\/\/www.organisator.ch\/management\/2025-10-22\/schweizer-cfos-fordern-mehr-freihandel\/#breadcrumb"},"inLanguage":"fr-FR","potentialAction":[{"@type":"ReadAction","target":["https:\/\/www.organisator.ch\/management\/2025-10-22\/schweizer-cfos-fordern-mehr-freihandel\/"]}]},{"@type":"ImageObject","inLanguage":"fr-FR","@id":"https:\/\/www.organisator.ch\/management\/2025-10-22\/schweizer-cfos-fordern-mehr-freihandel\/#primaryimage","url":"https:\/\/www.organisator.ch\/wp-content\/uploads\/2025\/10\/Schweizer-CFOs-fordern-mehr-Freihandel-1_Organisator.jpg","contentUrl":"https:\/\/www.organisator.ch\/wp-content\/uploads\/2025\/10\/Schweizer-CFOs-fordern-mehr-Freihandel-1_Organisator.jpg","width":680,"height":536,"caption":"Abbildung 1: Erwartete Konjunkturaussichten der CFOs f\u00fcr die Schweiz und Gesch\u00e4ftsaussichten f\u00fcr das eigene Unternehmen in den n\u00e4chsten 12 Monaten. Die Grafik zeigt nicht die absoluten Zahlen, sondern die Nettosalden: positive Nennungen minus negative Nennungen. (Quelle: Deloitte)"},{"@type":"BreadcrumbList","@id":"https:\/\/www.organisator.ch\/management\/2025-10-22\/schweizer-cfos-fordern-mehr-freihandel\/#breadcrumb","itemListElement":[{"@type":"ListItem","position":1,"name":"Home","item":"https:\/\/www.organisator.ch\/"},{"@type":"ListItem","position":2,"name":"Schweizer CFOs fordern mehr Freihandel"}]},{"@type":"WebSite","@id":"https:\/\/www.organisator.ch\/#website","url":"https:\/\/www.organisator.ch\/","name":"Organisateur","description":"Comp\u00e9tence et comp\u00e9tence. Proches de la pratique. L'ORGANISATEUR pr\u00e9pare 10 num\u00e9ros par an sur les th\u00e8mes essentiels pour les dirigeants de PME.","publisher":{"@id":"https:\/\/www.organisator.ch\/#organization"},"potentialAction":[{"@type":"SearchAction","target":{"@type":"EntryPoint","urlTemplate":"https:\/\/www.organisator.ch\/?s={search_term_string}"},"query-input":{"@type":"PropertyValueSpecification","valueRequired":true,"valueName":"search_term_string"}}],"inLanguage":"fr-FR"},{"@type":"Organization","@id":"https:\/\/www.organisator.ch\/#organization","name":"Organisateur","url":"https:\/\/www.organisator.ch\/","logo":{"@type":"ImageObject","inLanguage":"fr-FR","@id":"https:\/\/www.organisator.ch\/#\/schema\/logo\/image\/","url":"https:\/\/www.organisator.ch\/wp-content\/uploads\/2022\/01\/Logo_Organisator_Website.png","contentUrl":"https:\/\/www.organisator.ch\/wp-content\/uploads\/2022\/01\/Logo_Organisator_Website.png","width":800,"height":77,"caption":"Organisator"},"image":{"@id":"https:\/\/www.organisator.ch\/#\/schema\/logo\/image\/"},"sameAs":["https:\/\/www.facebook.com\/OrganisatorFachmagazin","https:\/\/www.linkedin.com\/showcase\/organisator-das-magazin-fr-kmu","https:\/\/www.xing.com\/news\/pages\/organisator-ch-695","https:\/\/www.youtube.com\/channel\/UCGP2Sq0iWaZwT3BdIAQFYpw"]},{"@type":"Person","@id":"https:\/\/www.organisator.ch\/#\/schema\/person\/6f650f90b2842cd4c0cc334b4e36f67e","name":"thomas.berner","image":{"@type":"ImageObject","inLanguage":"fr-FR","@id":"https:\/\/secure.gravatar.com\/avatar\/ac5001d2a36cb6c6cd3e50789007ffca834b477b74a2144564522e944eabff61?s=96&d=mm&r=g","url":"https:\/\/secure.gravatar.com\/avatar\/ac5001d2a36cb6c6cd3e50789007ffca834b477b74a2144564522e944eabff61?s=96&d=mm&r=g","contentUrl":"https:\/\/secure.gravatar.com\/avatar\/ac5001d2a36cb6c6cd3e50789007ffca834b477b74a2144564522e944eabff61?s=96&d=mm&r=g","caption":"thomas.berner"},"url":"https:\/\/www.organisator.ch\/fr\/author\/thomas-berner\/"}]}},"_links":{"self":[{"href":"https:\/\/www.organisator.ch\/fr\/wp-json\/wp\/v2\/posts\/41429","targetHints":{"allow":["GET"]}}],"collection":[{"href":"https:\/\/www.organisator.ch\/fr\/wp-json\/wp\/v2\/posts"}],"about":[{"href":"https:\/\/www.organisator.ch\/fr\/wp-json\/wp\/v2\/types\/post"}],"author":[{"embeddable":true,"href":"https:\/\/www.organisator.ch\/fr\/wp-json\/wp\/v2\/users\/4"}],"replies":[{"embeddable":true,"href":"https:\/\/www.organisator.ch\/fr\/wp-json\/wp\/v2\/comments?post=41429"}],"version-history":[{"count":2,"href":"https:\/\/www.organisator.ch\/fr\/wp-json\/wp\/v2\/posts\/41429\/revisions"}],"predecessor-version":[{"id":41450,"href":"https:\/\/www.organisator.ch\/fr\/wp-json\/wp\/v2\/posts\/41429\/revisions\/41450"}],"wp:featuredmedia":[{"embeddable":true,"href":"https:\/\/www.organisator.ch\/fr\/wp-json\/wp\/v2\/media\/41434"}],"wp:attachment":[{"href":"https:\/\/www.organisator.ch\/fr\/wp-json\/wp\/v2\/media?parent=41429"}],"wp:term":[{"taxonomy":"category","embeddable":true,"href":"https:\/\/www.organisator.ch\/fr\/wp-json\/wp\/v2\/categories?post=41429"},{"taxonomy":"post_tag","embeddable":true,"href":"https:\/\/www.organisator.ch\/fr\/wp-json\/wp\/v2\/tags?post=41429"}],"curies":[{"name":"wp","href":"https:\/\/api.w.org\/{rel}","templated":true}]}}