{"id":41430,"date":"2025-10-22T08:36:52","date_gmt":"2025-10-22T06:36:52","guid":{"rendered":"https:\/\/www.m-q.ch\/?p=22056"},"modified":"2025-10-22T09:53:24","modified_gmt":"2025-10-22T07:53:24","slug":"plm-nutzer-fuehren-bei-der-ki-adoption","status":"publish","type":"post","link":"https:\/\/www.organisator.ch\/fr\/operational-excellence\/2025-10-22\/plm-nutzer-fuehren-bei-der-ki-adoption\/","title":{"rendered":"Les utilisateurs PLM m\u00e8nent l'adoption de l'IA"},"content":{"rendered":"<figure id=\"attachment_22057\" class=\"wp-caption alignnone\" style=\"width: 680px;\" aria-describedby=\"caption-attachment-22057\"><img class=\"size-full wp-image-22057\" src=\"https:\/\/www.m-q.ch\/wp-content\/uploads\/2025\/10\/PLM-Nutzer-fuehren-bei-der-KI-Adoption_MQ.jpg\" sizes=\"(max-width: 680px) 100vw, 680px\" srcset=\"https:\/\/www.m-q.ch\/wp-content\/uploads\/2025\/10\/PLM-Nutzer-fuehren-bei-der-KI-Adoption_MQ.jpg 680w, https:\/\/www.m-q.ch\/wp-content\/uploads\/2025\/10\/PLM-Nutzer-fuehren-bei-der-KI-Adoption_MQ-18x9.jpg 18w, https:\/\/www.m-q.ch\/wp-content\/uploads\/2025\/10\/PLM-Nutzer-fuehren-bei-der-KI-Adoption_MQ-375x197.jpg 375w, https:\/\/www.m-q.ch\/wp-content\/uploads\/2025\/10\/PLM-Nutzer-fuehren-bei-der-KI-Adoption_MQ-665x350.jpg 665w\" alt=\"\" width=\"680\" height=\"358\" \/>\r\n<figcaption id=\"caption-attachment-22057\" class=\"wp-caption-text\">La durabilit\u00e9 fait le succ\u00e8s des entreprises. (Graphique : Aras)<\/figcaption>\r\n<\/figure>\r\n<p>Aras, un fournisseur de solutions de gestion du cycle de vie des produits et de fili\u00e8res num\u00e9riques, a men\u00e9 en janvier 2025 une \u00e9tude intitul\u00e9e \u201eL'avenir du d\u00e9veloppement de produits - la gestion du cycle de vie des produits en ligne de mire\u201c. Celle-ci conclut - bien entendu dans l'esprit du commanditaire - que les entreprises qui utilisent des syst\u00e8mes PLM ont une longueur d'avance en mati\u00e8re d'int\u00e9gration de l'IA. Selon l'\u00e9tude, elles ont 28 points d'avance sur leurs concurrentes. \u201eNous assistons \u00e0 l'\u00e9tablissement d'une nouvelle hi\u00e9rarchie industrielle\u201c, explique Jens Rollenm\u00fcller, vice-pr\u00e9sident r\u00e9gional chez Aras. \u201eLes entreprises qui ont construit leurs op\u00e9rations autour de plateformes PLM flexibles et interconnect\u00e9es b\u00e9n\u00e9ficient d'un \u201aavantage syst\u00e9mique\u2018 : elles ne se contentent pas de r\u00e9agir aux disruptions, mais les transforment en avantages concurrentiels\u201c.\u201c<\/p>\r\n<h3>Quelques conclusions en d\u00e9tail<\/h3>\r\n<p>Les donn\u00e9es de l'enqu\u00eate r\u00e9v\u00e8lent des diff\u00e9rences notables dans des secteurs d'activit\u00e9 cl\u00e9s, par exemple :<\/p>\r\n<ul>\r\n\t<li>D\u00e9veloppement de produits : alors que 87% des utilisateurs de PLM utilisent l'IA dans le d\u00e9veloppement de produits, ce chiffre n'est que de 59% pour les entreprises sans PLM. Les utilisateurs de PLM b\u00e9n\u00e9ficient de processus optimis\u00e9s, de capacit\u00e9s pr\u00e9dictives et d'une innovation acc\u00e9l\u00e9r\u00e9e.<\/li>\r\n\t<li>Pr\u00e9paration r\u00e9glementaire : en vue de la directive europ\u00e9enne Corporate Sustainability Reporting Directive et des exigences \u00e0 venir pour les passeports num\u00e9riques des produits, 88% des utilisateurs PLM sont pr\u00eats \u00e0 se conformer - contre seulement 70% des entreprises ne disposant pas d'une infrastructure PLM.<\/li>\r\n\t<li>Comp\u00e9tence en mati\u00e8re de fil num\u00e9rique : 59% des utilisateurs PLM consid\u00e8rent le fil num\u00e9rique comme critique pour l'entreprise, alors que ce n'est le cas que pour 35% des entreprises sans infrastructure PLM. Cet \u00e9cart r\u00e9v\u00e8le une lacune consid\u00e9rable en mati\u00e8re d'int\u00e9gration num\u00e9rique et de pr\u00e9paration \u00e0 l'avenir.<\/li>\r\n<\/ul>\r\n<h3><strong>Plus qu'un logiciel : une partie de l'architecture strat\u00e9gique<\/strong><\/h3>\r\n<p>Rollenm\u00fcller est convaincu que les entreprises gagnent en comp\u00e9tences organisationnelles en mettant en \u0153uvre une plate-forme PLM. \u201eCelui qui relie de mani\u00e8re transparente la conception au processus de fabrication, qui int\u00e8gre les donn\u00e9es des fournisseurs aux exigences de conformit\u00e9 et qui relie les exigences du march\u00e9 \u00e0 la strat\u00e9gie produit, agit \u00e0 un tout autre niveau\u201c, dit-il. Selon l'expert industriel, cette int\u00e9gration syst\u00e9matique est d'autant plus importante que le paysage r\u00e9glementaire devient complexe.<\/p>\r\n<p>Les r\u00e9sultats de l'enqu\u00eate montrent que : Les utilisateurs PLM ma\u00eetrisent nettement mieux les affaires courantes et les d\u00e9fis futurs. Dans des domaines importants tels que l'adoption de l'IA, la mise en \u0153uvre des fils num\u00e9riques et la pr\u00e9paration \u00e0 la r\u00e9glementation, ils disposent d'un avantage concurrentiel en constante augmentation. Rollenm\u00fcller d\u00e9clare \u00e0 ce sujet : \u201eIls ne se contentent pas de g\u00e9rer les donn\u00e9es, mais orchestrent les processus d\u00e9cisionnels, acc\u00e9l\u00e8rent les cycles d'innovation et cr\u00e9ent une intelligence organisationnelle qui s'adapte en temps r\u00e9el aux \u00e9volutions du march\u00e9\u201c.\u201c<\/p>\r\n<p><em>Source : <a href=\"http:\/\/www.aras.com\/\">Aras<\/a><\/em><\/p>\n<p class=\"syndicated-attribution\">Cet article est paru initialement sur m-q.ch - <a href=\"https:\/\/www.m-q.ch\/de\/plm-nutzer-fuehren-bei-der-ki-adoption\/\" target=\"_blank\">https:\/\/www.m-q.ch\/de\/plm-nutzer-fuehren-bei-der-ki-adoption\/<\/a><\/p>","protected":false},"excerpt":{"rendered":"<p>Les entreprises qui utilisent des syst\u00e8mes de gestion du cycle de vie des produits (PLM) sont nettement avantag\u00e9es dans la transformation num\u00e9rique. Elles font preuve d'une plus grande r\u00e9silience, atteignent plus rapidement leurs objectifs de durabilit\u00e9 et ma\u00eetrisent plus facilement les d\u00e9fis r\u00e9glementaires que les entreprises qui travaillent avec des solutions isol\u00e9es et obsol\u00e8tes.<\/p>","protected":false},"author":8,"featured_media":0,"comment_status":"closed","ping_status":"closed","sticky":false,"template":"","format":"standard","meta":{"_acf_changed":false,"_yoast_wpseo_focuskw":"PLM-Nutzer","_yoast_wpseo_metadesc":"Unternehmen, die Systeme zum Product Lifecycle Management (PLM) nutzen, sind bei der digitalen Transformation deutlich im Vorteil.","articlekey":"","footnotes":""},"categories":[582],"tags":[103,156,3952,459],"class_list":["post-41430","post","type-post","status-publish","format-standard","hentry","category-operational-excellence","tag-business-excellence","tag-digitalisierung","tag-product-lifecycle-management","tag-studie"],"acf":[],"yoast_head":"<!-- This site is optimized with the Yoast SEO plugin v27.5 - https:\/\/yoast.com\/product\/yoast-seo-wordpress\/ -->\n<title>PLM-Nutzer f\u00fchren bei der KI-Adoption - Organisator<\/title>\n<meta name=\"description\" content=\"Unternehmen, die Systeme zum Product Lifecycle Management (PLM) nutzen, sind bei der digitalen Transformation deutlich im Vorteil.\" \/>\n<meta name=\"robots\" content=\"index, follow, max-snippet:-1, max-image-preview:large, max-video-preview:-1\" \/>\n<link rel=\"canonical\" href=\"https:\/\/www.organisator.ch\/fr\/excellence-operationnelle\/2025-10-22\/plm-nutzer-fuehren-bei-der-ki-adoption\/\" \/>\n<meta property=\"og:locale\" content=\"fr_FR\" \/>\n<meta property=\"og:type\" content=\"article\" \/>\n<meta property=\"og:title\" content=\"PLM-Nutzer f\u00fchren bei der KI-Adoption - Organisator\" \/>\n<meta property=\"og:description\" content=\"Unternehmen, die Systeme zum Product Lifecycle Management (PLM) nutzen, sind bei der digitalen Transformation deutlich im Vorteil.\" \/>\n<meta property=\"og:url\" content=\"https:\/\/www.organisator.ch\/fr\/excellence-operationnelle\/2025-10-22\/plm-nutzer-fuehren-bei-der-ki-adoption\/\" \/>\n<meta property=\"og:site_name\" content=\"Organisator\" \/>\n<meta property=\"article:publisher\" content=\"https:\/\/www.facebook.com\/OrganisatorFachmagazin\" \/>\n<meta property=\"article:published_time\" content=\"2025-10-22T06:36:52+00:00\" \/>\n<meta property=\"article:modified_time\" content=\"2025-10-22T07:53:24+00:00\" \/>\n<meta name=\"author\" content=\"galledia\" \/>\n<meta name=\"twitter:card\" content=\"summary_large_image\" \/>\n<meta name=\"twitter:creator\" content=\"@admin\" \/>\n<script type=\"application\/ld+json\" class=\"yoast-schema-graph\">{\"@context\":\"https:\\\/\\\/schema.org\",\"@graph\":[{\"@type\":\"Article\",\"@id\":\"https:\\\/\\\/www.organisator.ch\\\/operational-excellence\\\/2025-10-22\\\/plm-nutzer-fuehren-bei-der-ki-adoption\\\/#article\",\"isPartOf\":{\"@id\":\"https:\\\/\\\/www.organisator.ch\\\/operational-excellence\\\/2025-10-22\\\/plm-nutzer-fuehren-bei-der-ki-adoption\\\/\"},\"author\":{\"name\":\"galledia\",\"@id\":\"https:\\\/\\\/www.organisator.ch\\\/#\\\/schema\\\/person\\\/4e51799071cd2dd1232ac003643ef5f0\"},\"headline\":\"PLM-Nutzer f\u00fchren bei der KI-Adoption\",\"datePublished\":\"2025-10-22T06:36:52+00:00\",\"dateModified\":\"2025-10-22T07:53:24+00:00\",\"mainEntityOfPage\":{\"@id\":\"https:\\\/\\\/www.organisator.ch\\\/operational-excellence\\\/2025-10-22\\\/plm-nutzer-fuehren-bei-der-ki-adoption\\\/\"},\"wordCount\":365,\"publisher\":{\"@id\":\"https:\\\/\\\/www.organisator.ch\\\/#organization\"},\"image\":{\"@id\":\"https:\\\/\\\/www.organisator.ch\\\/operational-excellence\\\/2025-10-22\\\/plm-nutzer-fuehren-bei-der-ki-adoption\\\/#primaryimage\"},\"thumbnailUrl\":\"https:\\\/\\\/www.m-q.ch\\\/wp-content\\\/uploads\\\/2025\\\/10\\\/PLM-Nutzer-fuehren-bei-der-KI-Adoption_MQ.jpg\",\"keywords\":[\"Business Excellence\",\"Digitalisierung\",\"Product Lifecycle Management\",\"Studie\"],\"articleSection\":[\"OPERATIONAL EXCELLENCE\"],\"inLanguage\":\"fr-FR\"},{\"@type\":\"WebPage\",\"@id\":\"https:\\\/\\\/www.organisator.ch\\\/operational-excellence\\\/2025-10-22\\\/plm-nutzer-fuehren-bei-der-ki-adoption\\\/\",\"url\":\"https:\\\/\\\/www.organisator.ch\\\/operational-excellence\\\/2025-10-22\\\/plm-nutzer-fuehren-bei-der-ki-adoption\\\/\",\"name\":\"PLM-Nutzer f\u00fchren bei der KI-Adoption - Organisator\",\"isPartOf\":{\"@id\":\"https:\\\/\\\/www.organisator.ch\\\/#website\"},\"primaryImageOfPage\":{\"@id\":\"https:\\\/\\\/www.organisator.ch\\\/operational-excellence\\\/2025-10-22\\\/plm-nutzer-fuehren-bei-der-ki-adoption\\\/#primaryimage\"},\"image\":{\"@id\":\"https:\\\/\\\/www.organisator.ch\\\/operational-excellence\\\/2025-10-22\\\/plm-nutzer-fuehren-bei-der-ki-adoption\\\/#primaryimage\"},\"thumbnailUrl\":\"https:\\\/\\\/www.m-q.ch\\\/wp-content\\\/uploads\\\/2025\\\/10\\\/PLM-Nutzer-fuehren-bei-der-KI-Adoption_MQ.jpg\",\"datePublished\":\"2025-10-22T06:36:52+00:00\",\"dateModified\":\"2025-10-22T07:53:24+00:00\",\"description\":\"Unternehmen, die Systeme zum Product Lifecycle Management (PLM) nutzen, sind bei der digitalen Transformation deutlich im Vorteil.\",\"breadcrumb\":{\"@id\":\"https:\\\/\\\/www.organisator.ch\\\/operational-excellence\\\/2025-10-22\\\/plm-nutzer-fuehren-bei-der-ki-adoption\\\/#breadcrumb\"},\"inLanguage\":\"fr-FR\",\"potentialAction\":[{\"@type\":\"ReadAction\",\"target\":[\"https:\\\/\\\/www.organisator.ch\\\/operational-excellence\\\/2025-10-22\\\/plm-nutzer-fuehren-bei-der-ki-adoption\\\/\"]}]},{\"@type\":\"ImageObject\",\"inLanguage\":\"fr-FR\",\"@id\":\"https:\\\/\\\/www.organisator.ch\\\/operational-excellence\\\/2025-10-22\\\/plm-nutzer-fuehren-bei-der-ki-adoption\\\/#primaryimage\",\"url\":\"https:\\\/\\\/www.m-q.ch\\\/wp-content\\\/uploads\\\/2025\\\/10\\\/PLM-Nutzer-fuehren-bei-der-KI-Adoption_MQ.jpg\",\"contentUrl\":\"https:\\\/\\\/www.m-q.ch\\\/wp-content\\\/uploads\\\/2025\\\/10\\\/PLM-Nutzer-fuehren-bei-der-KI-Adoption_MQ.jpg\"},{\"@type\":\"BreadcrumbList\",\"@id\":\"https:\\\/\\\/www.organisator.ch\\\/operational-excellence\\\/2025-10-22\\\/plm-nutzer-fuehren-bei-der-ki-adoption\\\/#breadcrumb\",\"itemListElement\":[{\"@type\":\"ListItem\",\"position\":1,\"name\":\"Home\",\"item\":\"https:\\\/\\\/www.organisator.ch\\\/\"},{\"@type\":\"ListItem\",\"position\":2,\"name\":\"PLM-Nutzer f\u00fchren bei der KI-Adoption\"}]},{\"@type\":\"WebSite\",\"@id\":\"https:\\\/\\\/www.organisator.ch\\\/#website\",\"url\":\"https:\\\/\\\/www.organisator.ch\\\/\",\"name\":\"Organisator\",\"description\":\"Kompetent. Praxisnah. Der ORGANISATOR bereitet in 10 Ausgaben pro Jahr die wesentlichen Themen f\u00fcr F\u00fchrungskr\u00e4fte von KMU auf.\",\"publisher\":{\"@id\":\"https:\\\/\\\/www.organisator.ch\\\/#organization\"},\"potentialAction\":[{\"@type\":\"SearchAction\",\"target\":{\"@type\":\"EntryPoint\",\"urlTemplate\":\"https:\\\/\\\/www.organisator.ch\\\/?s={search_term_string}\"},\"query-input\":{\"@type\":\"PropertyValueSpecification\",\"valueRequired\":true,\"valueName\":\"search_term_string\"}}],\"inLanguage\":\"fr-FR\"},{\"@type\":\"Organization\",\"@id\":\"https:\\\/\\\/www.organisator.ch\\\/#organization\",\"name\":\"Organisator\",\"url\":\"https:\\\/\\\/www.organisator.ch\\\/\",\"logo\":{\"@type\":\"ImageObject\",\"inLanguage\":\"fr-FR\",\"@id\":\"https:\\\/\\\/www.organisator.ch\\\/#\\\/schema\\\/logo\\\/image\\\/\",\"url\":\"https:\\\/\\\/www.organisator.ch\\\/wp-content\\\/uploads\\\/2022\\\/01\\\/Logo_Organisator_Website.png\",\"contentUrl\":\"https:\\\/\\\/www.organisator.ch\\\/wp-content\\\/uploads\\\/2022\\\/01\\\/Logo_Organisator_Website.png\",\"width\":800,\"height\":77,\"caption\":\"Organisator\"},\"image\":{\"@id\":\"https:\\\/\\\/www.organisator.ch\\\/#\\\/schema\\\/logo\\\/image\\\/\"},\"sameAs\":[\"https:\\\/\\\/www.facebook.com\\\/OrganisatorFachmagazin\",\"https:\\\/\\\/www.linkedin.com\\\/showcase\\\/organisator-das-magazin-fr-kmu\",\"https:\\\/\\\/www.xing.com\\\/news\\\/pages\\\/organisator-ch-695\",\"https:\\\/\\\/www.youtube.com\\\/channel\\\/UCGP2Sq0iWaZwT3BdIAQFYpw\"]},{\"@type\":\"Person\",\"@id\":\"https:\\\/\\\/www.organisator.ch\\\/#\\\/schema\\\/person\\\/4e51799071cd2dd1232ac003643ef5f0\",\"name\":\"galledia\",\"image\":{\"@type\":\"ImageObject\",\"inLanguage\":\"fr-FR\",\"@id\":\"https:\\\/\\\/secure.gravatar.com\\\/avatar\\\/78a7f90c01fc2bfc875782a0d4922b37cde2cf184ce347b91316d23cd7f69a36?s=96&d=mm&r=g\",\"url\":\"https:\\\/\\\/secure.gravatar.com\\\/avatar\\\/78a7f90c01fc2bfc875782a0d4922b37cde2cf184ce347b91316d23cd7f69a36?s=96&d=mm&r=g\",\"contentUrl\":\"https:\\\/\\\/secure.gravatar.com\\\/avatar\\\/78a7f90c01fc2bfc875782a0d4922b37cde2cf184ce347b91316d23cd7f69a36?s=96&d=mm&r=g\",\"caption\":\"galledia\"},\"sameAs\":[\"https:\\\/\\\/x.com\\\/admin\"],\"url\":\"https:\\\/\\\/www.organisator.ch\\\/fr\\\/author\\\/galledia\\\/\"}]}<\/script>\n<!-- \/ Yoast SEO plugin. -->","yoast_head_json":{"title":"Les utilisateurs PLM m\u00e8nent l'adoption de l'IA - Organisateur","description":"Les entreprises qui utilisent des syst\u00e8mes de gestion du cycle de vie des produits (PLM) ont un net avantage dans la transformation num\u00e9rique.","robots":{"index":"index","follow":"follow","max-snippet":"max-snippet:-1","max-image-preview":"max-image-preview:large","max-video-preview":"max-video-preview:-1"},"canonical":"https:\/\/www.organisator.ch\/fr\/excellence-operationnelle\/2025-10-22\/plm-nutzer-fuehren-bei-der-ki-adoption\/","og_locale":"fr_FR","og_type":"article","og_title":"PLM-Nutzer f\u00fchren bei der KI-Adoption - Organisator","og_description":"Unternehmen, die Systeme zum Product Lifecycle Management (PLM) nutzen, sind bei der digitalen Transformation deutlich im Vorteil.","og_url":"https:\/\/www.organisator.ch\/fr\/excellence-operationnelle\/2025-10-22\/plm-nutzer-fuehren-bei-der-ki-adoption\/","og_site_name":"Organisator","article_publisher":"https:\/\/www.facebook.com\/OrganisatorFachmagazin","article_published_time":"2025-10-22T06:36:52+00:00","article_modified_time":"2025-10-22T07:53:24+00:00","author":"galledia","twitter_card":"summary_large_image","twitter_creator":"@admin","schema":{"@context":"https:\/\/schema.org","@graph":[{"@type":"Article","@id":"https:\/\/www.organisator.ch\/operational-excellence\/2025-10-22\/plm-nutzer-fuehren-bei-der-ki-adoption\/#article","isPartOf":{"@id":"https:\/\/www.organisator.ch\/operational-excellence\/2025-10-22\/plm-nutzer-fuehren-bei-der-ki-adoption\/"},"author":{"name":"galledia","@id":"https:\/\/www.organisator.ch\/#\/schema\/person\/4e51799071cd2dd1232ac003643ef5f0"},"headline":"PLM-Nutzer f\u00fchren bei der KI-Adoption","datePublished":"2025-10-22T06:36:52+00:00","dateModified":"2025-10-22T07:53:24+00:00","mainEntityOfPage":{"@id":"https:\/\/www.organisator.ch\/operational-excellence\/2025-10-22\/plm-nutzer-fuehren-bei-der-ki-adoption\/"},"wordCount":365,"publisher":{"@id":"https:\/\/www.organisator.ch\/#organization"},"image":{"@id":"https:\/\/www.organisator.ch\/operational-excellence\/2025-10-22\/plm-nutzer-fuehren-bei-der-ki-adoption\/#primaryimage"},"thumbnailUrl":"https:\/\/www.m-q.ch\/wp-content\/uploads\/2025\/10\/PLM-Nutzer-fuehren-bei-der-KI-Adoption_MQ.jpg","keywords":["Business Excellence","Digitalisierung","Product Lifecycle Management","Studie"],"articleSection":["OPERATIONAL EXCELLENCE"],"inLanguage":"fr-FR"},{"@type":"WebPage","@id":"https:\/\/www.organisator.ch\/operational-excellence\/2025-10-22\/plm-nutzer-fuehren-bei-der-ki-adoption\/","url":"https:\/\/www.organisator.ch\/operational-excellence\/2025-10-22\/plm-nutzer-fuehren-bei-der-ki-adoption\/","name":"Les utilisateurs PLM m\u00e8nent l'adoption de l'IA - Organisateur","isPartOf":{"@id":"https:\/\/www.organisator.ch\/#website"},"primaryImageOfPage":{"@id":"https:\/\/www.organisator.ch\/operational-excellence\/2025-10-22\/plm-nutzer-fuehren-bei-der-ki-adoption\/#primaryimage"},"image":{"@id":"https:\/\/www.organisator.ch\/operational-excellence\/2025-10-22\/plm-nutzer-fuehren-bei-der-ki-adoption\/#primaryimage"},"thumbnailUrl":"https:\/\/www.m-q.ch\/wp-content\/uploads\/2025\/10\/PLM-Nutzer-fuehren-bei-der-KI-Adoption_MQ.jpg","datePublished":"2025-10-22T06:36:52+00:00","dateModified":"2025-10-22T07:53:24+00:00","description":"Les entreprises qui utilisent des syst\u00e8mes de gestion du cycle de vie des produits (PLM) ont un net avantage dans la transformation num\u00e9rique.","breadcrumb":{"@id":"https:\/\/www.organisator.ch\/operational-excellence\/2025-10-22\/plm-nutzer-fuehren-bei-der-ki-adoption\/#breadcrumb"},"inLanguage":"fr-FR","potentialAction":[{"@type":"ReadAction","target":["https:\/\/www.organisator.ch\/operational-excellence\/2025-10-22\/plm-nutzer-fuehren-bei-der-ki-adoption\/"]}]},{"@type":"ImageObject","inLanguage":"fr-FR","@id":"https:\/\/www.organisator.ch\/operational-excellence\/2025-10-22\/plm-nutzer-fuehren-bei-der-ki-adoption\/#primaryimage","url":"https:\/\/www.m-q.ch\/wp-content\/uploads\/2025\/10\/PLM-Nutzer-fuehren-bei-der-KI-Adoption_MQ.jpg","contentUrl":"https:\/\/www.m-q.ch\/wp-content\/uploads\/2025\/10\/PLM-Nutzer-fuehren-bei-der-KI-Adoption_MQ.jpg"},{"@type":"BreadcrumbList","@id":"https:\/\/www.organisator.ch\/operational-excellence\/2025-10-22\/plm-nutzer-fuehren-bei-der-ki-adoption\/#breadcrumb","itemListElement":[{"@type":"ListItem","position":1,"name":"Home","item":"https:\/\/www.organisator.ch\/"},{"@type":"ListItem","position":2,"name":"PLM-Nutzer f\u00fchren bei der KI-Adoption"}]},{"@type":"WebSite","@id":"https:\/\/www.organisator.ch\/#website","url":"https:\/\/www.organisator.ch\/","name":"Organisateur","description":"Comp\u00e9tence et comp\u00e9tence. Proches de la pratique. L'ORGANISATEUR pr\u00e9pare 10 num\u00e9ros par an sur les th\u00e8mes essentiels pour les dirigeants de PME.","publisher":{"@id":"https:\/\/www.organisator.ch\/#organization"},"potentialAction":[{"@type":"SearchAction","target":{"@type":"EntryPoint","urlTemplate":"https:\/\/www.organisator.ch\/?s={search_term_string}"},"query-input":{"@type":"PropertyValueSpecification","valueRequired":true,"valueName":"search_term_string"}}],"inLanguage":"fr-FR"},{"@type":"Organization","@id":"https:\/\/www.organisator.ch\/#organization","name":"Organisateur","url":"https:\/\/www.organisator.ch\/","logo":{"@type":"ImageObject","inLanguage":"fr-FR","@id":"https:\/\/www.organisator.ch\/#\/schema\/logo\/image\/","url":"https:\/\/www.organisator.ch\/wp-content\/uploads\/2022\/01\/Logo_Organisator_Website.png","contentUrl":"https:\/\/www.organisator.ch\/wp-content\/uploads\/2022\/01\/Logo_Organisator_Website.png","width":800,"height":77,"caption":"Organisator"},"image":{"@id":"https:\/\/www.organisator.ch\/#\/schema\/logo\/image\/"},"sameAs":["https:\/\/www.facebook.com\/OrganisatorFachmagazin","https:\/\/www.linkedin.com\/showcase\/organisator-das-magazin-fr-kmu","https:\/\/www.xing.com\/news\/pages\/organisator-ch-695","https:\/\/www.youtube.com\/channel\/UCGP2Sq0iWaZwT3BdIAQFYpw"]},{"@type":"Person","@id":"https:\/\/www.organisator.ch\/#\/schema\/person\/4e51799071cd2dd1232ac003643ef5f0","name":"galledia","image":{"@type":"ImageObject","inLanguage":"fr-FR","@id":"https:\/\/secure.gravatar.com\/avatar\/78a7f90c01fc2bfc875782a0d4922b37cde2cf184ce347b91316d23cd7f69a36?s=96&d=mm&r=g","url":"https:\/\/secure.gravatar.com\/avatar\/78a7f90c01fc2bfc875782a0d4922b37cde2cf184ce347b91316d23cd7f69a36?s=96&d=mm&r=g","contentUrl":"https:\/\/secure.gravatar.com\/avatar\/78a7f90c01fc2bfc875782a0d4922b37cde2cf184ce347b91316d23cd7f69a36?s=96&d=mm&r=g","caption":"galledia"},"sameAs":["https:\/\/x.com\/admin"],"url":"https:\/\/www.organisator.ch\/fr\/author\/galledia\/"}]}},"_links":{"self":[{"href":"https:\/\/www.organisator.ch\/fr\/wp-json\/wp\/v2\/posts\/41430","targetHints":{"allow":["GET"]}}],"collection":[{"href":"https:\/\/www.organisator.ch\/fr\/wp-json\/wp\/v2\/posts"}],"about":[{"href":"https:\/\/www.organisator.ch\/fr\/wp-json\/wp\/v2\/types\/post"}],"author":[{"embeddable":true,"href":"https:\/\/www.organisator.ch\/fr\/wp-json\/wp\/v2\/users\/8"}],"replies":[{"embeddable":true,"href":"https:\/\/www.organisator.ch\/fr\/wp-json\/wp\/v2\/comments?post=41430"}],"version-history":[{"count":9,"href":"https:\/\/www.organisator.ch\/fr\/wp-json\/wp\/v2\/posts\/41430\/revisions"}],"predecessor-version":[{"id":41440,"href":"https:\/\/www.organisator.ch\/fr\/wp-json\/wp\/v2\/posts\/41430\/revisions\/41440"}],"wp:attachment":[{"href":"https:\/\/www.organisator.ch\/fr\/wp-json\/wp\/v2\/media?parent=41430"}],"wp:term":[{"taxonomy":"category","embeddable":true,"href":"https:\/\/www.organisator.ch\/fr\/wp-json\/wp\/v2\/categories?post=41430"},{"taxonomy":"post_tag","embeddable":true,"href":"https:\/\/www.organisator.ch\/fr\/wp-json\/wp\/v2\/tags?post=41430"}],"curies":[{"name":"wp","href":"https:\/\/api.w.org\/{rel}","templated":true}]}}