{"id":4144,"date":"2018-08-30T08:10:43","date_gmt":"2018-08-30T06:10:43","guid":{"rendered":"https:\/\/www.organisator.ch\/?p=4144"},"modified":"2018-08-30T08:10:43","modified_gmt":"2018-08-30T06:10:43","slug":"erfolgs-impuls-bewegen-sie-sich-im-zickzack-gut-so","status":"publish","type":"post","link":"https:\/\/www.organisator.ch\/fr\/management\/2018-08-30\/erfolgs-impuls-bewegen-sie-sich-im-zickzack-gut-so\/","title":{"rendered":"Impulsion du succ\u00e8s : Vous vous d\u00e9placez en zigzag ? C'est bien !"},"content":{"rendered":"<figure id=\"attachment_4145\" aria-describedby=\"caption-attachment-4145\" style=\"width: 640px\" class=\"wp-caption alignnone\"><img loading=\"lazy\" decoding=\"async\" class=\"size-full wp-image-4145\" src=\"https:\/\/www.organisator.ch\/wp-content\/uploads\/2018\/08\/Erfolgs-Impuls-Bewegen-Sie-sich-im-Zickzack-Gut-so_Organisator.jpg\" alt=\"\" width=\"640\" height=\"291\" srcset=\"https:\/\/www.organisator.ch\/wp-content\/uploads\/2018\/08\/Erfolgs-Impuls-Bewegen-Sie-sich-im-Zickzack-Gut-so_Organisator.jpg 640w, https:\/\/www.organisator.ch\/wp-content\/uploads\/2018\/08\/Erfolgs-Impuls-Bewegen-Sie-sich-im-Zickzack-Gut-so_Organisator-16x7.jpg 16w, https:\/\/www.organisator.ch\/wp-content\/uploads\/2018\/08\/Erfolgs-Impuls-Bewegen-Sie-sich-im-Zickzack-Gut-so_Organisator-375x171.jpg 375w, https:\/\/www.organisator.ch\/wp-content\/uploads\/2018\/08\/Erfolgs-Impuls-Bewegen-Sie-sich-im-Zickzack-Gut-so_Organisator-300x136.jpg 300w\" sizes=\"auto, (max-width: 640px) 100vw, 640px\" \/><figcaption id=\"caption-attachment-4145\" class=\"wp-caption-text\">Se d\u00e9placer en zigzag n'est pas si n\u00e9gatif... (Image : Capture d'\u00e9cran <a href=\"https:\/\/www.youtube.com\/watch?v=LOozEpayFkA\">https:\/\/www.youtube.com\/watch?v=LOozEpayFkA<\/a>)<\/figcaption><\/figure>\n<p>L'autre jour, un \u00e9v\u00e9nement amusant a fait le tour du web : A Berlin, une piste cyclable a \u00e9t\u00e9 am\u00e9nag\u00e9e de telle mani\u00e8re qu'il est presque impossible de suivre la voie et d'\u00e9viter les pi\u00e9tons (voir la photo). Nous trouvons ce genre de choses amusantes, car elles ne correspondent pas du tout au perfectionnisme que nous voyons ailleurs, notamment en Allemagne et en Suisse. Et parce que cela nous excuse aussi pour nos propres erreurs.<\/p>\n<p>Comment cela a-t-il pu arriver, malgr\u00e9 les nombreuses r\u00e9glementations et prescriptions ? Ou peut-\u00eatre est-ce justement <em>c'est pourquoi<\/em> qui se passe ? Voil\u00e0 o\u00f9 je veux en venir : vous avez probablement diverses pistes cyclables m\u00e9taphoriques de ce type dans votre entreprise (et en vous-m\u00eame aussi). Et ce n'est pas forc\u00e9ment une mauvaise chose, bien au contraire. Voici trois raisons de faciliter activement de tels r\u00e9sultats :<\/p>\n<ol>\n<li><strong>Culture du risque<\/strong>. C'est une bonne chose que l'on ait agi. Car sinon, de telles planifications peuvent souvent moisir pendant des ann\u00e9es dans les bureaux, parce qu'une directive quelconque s'y oppose. C'est le reflet d'une culture du risque dans les entreprises : Celui qui entreprend quelque chose fait parfois des erreurs. Nous en tirons les le\u00e7ons. C'est une bonne chose ! De nombreuses entreprises innovantes r\u00e9compensent m\u00eame les plus grands \u00e9checs.<\/li>\n<li><strong>Faire les frais<\/strong>. Je constate r\u00e9guli\u00e8rement que ceux qui imaginent de super processus ne les appliquent jamais eux-m\u00eames. La plupart des entreprises pourraient \u00eatre nettement plus productives si les managers faisaient toujours l'exp\u00e9rience de ce qui se passe \"dehors, dans les tranch\u00e9es\" (et pas seulement sur les pistes cyclables). \"Sortir au front\", telle est la devise, au moins de temps en temps.<\/li>\n<li><strong>Conduire en zigzag.<\/strong> Parfois, il vaut mieux zigzaguer que de ne pas zigzaguer du tout. Beaucoup restent si longtemps dans les starting-blocks que m\u00eame avec un vent contraire et en zigzag, les autres sont d\u00e9j\u00e0 \u00e0 l'arriv\u00e9e. Et au moins, ils fournissent un exemple amusant pour le monde, comme ici avec la piste cyclable.<\/li>\n<\/ol>\n<p><strong>Voici un conseil :<\/strong> Lors de la prochaine r\u00e9union, demandez \u00e0 votre \u00e9quipe de tirer elle-m\u00eame des conclusions sur le parcours de v\u00e9lo en zigzag. Nous verrons bien s'ils ont des id\u00e9es positives comme celles mentionn\u00e9es ci-dessus - ou s'ils en parlent plut\u00f4t avec amusement.<\/p>\n<p>Il est \u00e9vident que les comportements qui permettent une plus grande ouverture et une meilleure performance sont ceux qui sont les plus efficaces. Une v\u00e9ritable culture d'\u00e9quipe gagnante permet d'atteindre l'excellence de mani\u00e8re fiable, m\u00eame en zigzag.<\/p>\n<p><em>Vers l'auteur :<br \/>\n<\/em><em>Volkmar V\u00f6lzke est un maximisateur de succ\u00e8s. Auteur de livres. Conseiller et consultant. Coach de formation. Orateur. <a href=\"http:\/\/www.volkmarvoelzke.ch\/\">www.volkmarvoelzke.ch<\/a><\/em><\/p>","protected":false},"excerpt":{"rendered":"<p>Neulich ging eine lustige Begebenheit durch das Netz: In Berlin wurde ein Veloweg dermassen angelegt, dass es nahezu unm\u00f6glich ist, der Spur zu folgen und Fussg\u00e4ngern auszuweichen (siehe das Bild dazu). Wir finden so etwas spassig, weil es so gar nicht in den Perfektionismus passt, den wir andernorts sehen, gerade in Deutschland und der Schweiz. [&hellip;]<\/p>\n","protected":false},"author":4,"featured_media":4145,"comment_status":"open","ping_status":"open","sticky":false,"template":"","format":"standard","meta":{"_acf_changed":false,"_yoast_wpseo_focuskw":"Zickzack","_yoast_wpseo_metadesc":"Inspiriert durch einen etwas unkonventionell angelegten Veloweg in Berlin hat sich unser Kolumnist Volkmar V\u00f6lzke ein paar Gedanken gemacht.","articlekey":"","footnotes":""},"categories":[28],"tags":[177,306,335],"class_list":["post-4144","post","type-post","status-publish","format-standard","has-post-thumbnail","hentry","category-management","tag-erfolgs-impuls","tag-kolumne","tag-management-und-unternehmensfuehrung"],"acf":[],"yoast_head":"<!-- This site is optimized with the Yoast SEO plugin v27.5 - https:\/\/yoast.com\/product\/yoast-seo-wordpress\/ -->\n<title>Erfolgs-Impuls: Bewegen Sie sich im Zickzack? Gut so! - Organisator<\/title>\n<meta name=\"description\" content=\"Inspiriert durch einen etwas unkonventionell angelegten Veloweg in Berlin hat sich unser Kolumnist Volkmar V\u00f6lzke ein paar Gedanken gemacht.\" \/>\n<meta name=\"robots\" content=\"index, follow, max-snippet:-1, max-image-preview:large, max-video-preview:-1\" \/>\n<link rel=\"canonical\" href=\"https:\/\/www.organisator.ch\/fr\/gestion-2\/2018-08-30\/erfolgs-impuls-bewegen-sie-sich-im-zickzack-gut-so\/\" \/>\n<meta property=\"og:locale\" content=\"fr_FR\" \/>\n<meta property=\"og:type\" content=\"article\" \/>\n<meta property=\"og:title\" content=\"Erfolgs-Impuls: Bewegen Sie sich im Zickzack? Gut so!\" \/>\n<meta property=\"og:description\" content=\"Inspiriert durch einen etwas unkonventionell angelegten Veloweg in Berlin hat sich unser Kolumnist Volkmar V\u00f6lzke ein paar Gedanken gemacht.\" \/>\n<meta property=\"og:url\" content=\"https:\/\/www.organisator.ch\/fr\/gestion-2\/2018-08-30\/erfolgs-impuls-bewegen-sie-sich-im-zickzack-gut-so\/\" \/>\n<meta property=\"og:site_name\" content=\"Organisator\" \/>\n<meta property=\"article:publisher\" content=\"https:\/\/www.facebook.com\/OrganisatorFachmagazin\" \/>\n<meta property=\"article:published_time\" content=\"2018-08-30T06:10:43+00:00\" \/>\n<meta property=\"og:image\" content=\"https:\/\/www.organisator.ch\/wp-content\/uploads\/2018\/08\/Erfolgs-Impuls-Bewegen-Sie-sich-im-Zickzack-Gut-so_Organisator.jpg\" \/>\n\t<meta property=\"og:image:width\" content=\"640\" \/>\n\t<meta property=\"og:image:height\" content=\"291\" \/>\n\t<meta property=\"og:image:type\" content=\"image\/jpeg\" \/>\n<meta name=\"author\" content=\"thomas.berner\" \/>\n<meta name=\"twitter:card\" content=\"summary_large_image\" \/>\n<meta name=\"twitter:title\" content=\"#Erfolgs-Impuls: Bewegen Sie sich im Zickzack? Gut so!\" \/>\n<meta name=\"twitter:description\" content=\"Inspiriert durch einen etwas unkonventionell angelegten Veloweg in Berlin hat sich unser Kolumnist Volkmar V\u00f6lzke ein paar Gedanken gemacht.\" \/>\n<meta name=\"twitter:image\" content=\"https:\/\/www.organisator.ch\/wp-content\/uploads\/2018\/08\/Erfolgs-Impuls-Bewegen-Sie-sich-im-Zickzack-Gut-so_Organisator.jpg\" \/>\n<script type=\"application\/ld+json\" class=\"yoast-schema-graph\">{\"@context\":\"https:\\\/\\\/schema.org\",\"@graph\":[{\"@type\":\"Article\",\"@id\":\"https:\\\/\\\/www.organisator.ch\\\/management\\\/2018-08-30\\\/erfolgs-impuls-bewegen-sie-sich-im-zickzack-gut-so\\\/#article\",\"isPartOf\":{\"@id\":\"https:\\\/\\\/www.organisator.ch\\\/management\\\/2018-08-30\\\/erfolgs-impuls-bewegen-sie-sich-im-zickzack-gut-so\\\/\"},\"author\":{\"name\":\"thomas.berner\",\"@id\":\"https:\\\/\\\/www.organisator.ch\\\/#\\\/schema\\\/person\\\/6f650f90b2842cd4c0cc334b4e36f67e\"},\"headline\":\"Erfolgs-Impuls: Bewegen Sie sich im Zickzack? Gut so!\",\"datePublished\":\"2018-08-30T06:10:43+00:00\",\"mainEntityOfPage\":{\"@id\":\"https:\\\/\\\/www.organisator.ch\\\/management\\\/2018-08-30\\\/erfolgs-impuls-bewegen-sie-sich-im-zickzack-gut-so\\\/\"},\"wordCount\":405,\"commentCount\":0,\"publisher\":{\"@id\":\"https:\\\/\\\/www.organisator.ch\\\/#organization\"},\"image\":{\"@id\":\"https:\\\/\\\/www.organisator.ch\\\/management\\\/2018-08-30\\\/erfolgs-impuls-bewegen-sie-sich-im-zickzack-gut-so\\\/#primaryimage\"},\"thumbnailUrl\":\"https:\\\/\\\/www.organisator.ch\\\/wp-content\\\/uploads\\\/2018\\\/08\\\/Erfolgs-Impuls-Bewegen-Sie-sich-im-Zickzack-Gut-so_Organisator.jpg\",\"keywords\":[\"Erfolgs-Impuls\",\"Kolumne\",\"Management und Unternehmensf\u00fchrung\"],\"articleSection\":[\"MANAGEMENT\"],\"inLanguage\":\"fr-FR\"},{\"@type\":\"WebPage\",\"@id\":\"https:\\\/\\\/www.organisator.ch\\\/management\\\/2018-08-30\\\/erfolgs-impuls-bewegen-sie-sich-im-zickzack-gut-so\\\/\",\"url\":\"https:\\\/\\\/www.organisator.ch\\\/management\\\/2018-08-30\\\/erfolgs-impuls-bewegen-sie-sich-im-zickzack-gut-so\\\/\",\"name\":\"Erfolgs-Impuls: Bewegen Sie sich im Zickzack? Gut so! - Organisator\",\"isPartOf\":{\"@id\":\"https:\\\/\\\/www.organisator.ch\\\/#website\"},\"primaryImageOfPage\":{\"@id\":\"https:\\\/\\\/www.organisator.ch\\\/management\\\/2018-08-30\\\/erfolgs-impuls-bewegen-sie-sich-im-zickzack-gut-so\\\/#primaryimage\"},\"image\":{\"@id\":\"https:\\\/\\\/www.organisator.ch\\\/management\\\/2018-08-30\\\/erfolgs-impuls-bewegen-sie-sich-im-zickzack-gut-so\\\/#primaryimage\"},\"thumbnailUrl\":\"https:\\\/\\\/www.organisator.ch\\\/wp-content\\\/uploads\\\/2018\\\/08\\\/Erfolgs-Impuls-Bewegen-Sie-sich-im-Zickzack-Gut-so_Organisator.jpg\",\"datePublished\":\"2018-08-30T06:10:43+00:00\",\"description\":\"Inspiriert durch einen etwas unkonventionell angelegten Veloweg in Berlin hat sich unser Kolumnist Volkmar V\u00f6lzke ein paar Gedanken gemacht.\",\"breadcrumb\":{\"@id\":\"https:\\\/\\\/www.organisator.ch\\\/management\\\/2018-08-30\\\/erfolgs-impuls-bewegen-sie-sich-im-zickzack-gut-so\\\/#breadcrumb\"},\"inLanguage\":\"fr-FR\",\"potentialAction\":[{\"@type\":\"ReadAction\",\"target\":[\"https:\\\/\\\/www.organisator.ch\\\/management\\\/2018-08-30\\\/erfolgs-impuls-bewegen-sie-sich-im-zickzack-gut-so\\\/\"]}]},{\"@type\":\"ImageObject\",\"inLanguage\":\"fr-FR\",\"@id\":\"https:\\\/\\\/www.organisator.ch\\\/management\\\/2018-08-30\\\/erfolgs-impuls-bewegen-sie-sich-im-zickzack-gut-so\\\/#primaryimage\",\"url\":\"https:\\\/\\\/www.organisator.ch\\\/wp-content\\\/uploads\\\/2018\\\/08\\\/Erfolgs-Impuls-Bewegen-Sie-sich-im-Zickzack-Gut-so_Organisator.jpg\",\"contentUrl\":\"https:\\\/\\\/www.organisator.ch\\\/wp-content\\\/uploads\\\/2018\\\/08\\\/Erfolgs-Impuls-Bewegen-Sie-sich-im-Zickzack-Gut-so_Organisator.jpg\",\"width\":640,\"height\":291,\"caption\":\"(Bild: Screenshot https:\\\/\\\/www.youtube.com\\\/watch?v=LOozEpayFkA)\"},{\"@type\":\"BreadcrumbList\",\"@id\":\"https:\\\/\\\/www.organisator.ch\\\/management\\\/2018-08-30\\\/erfolgs-impuls-bewegen-sie-sich-im-zickzack-gut-so\\\/#breadcrumb\",\"itemListElement\":[{\"@type\":\"ListItem\",\"position\":1,\"name\":\"Home\",\"item\":\"https:\\\/\\\/www.organisator.ch\\\/\"},{\"@type\":\"ListItem\",\"position\":2,\"name\":\"Erfolgs-Impuls: Bewegen Sie sich im Zickzack? Gut so!\"}]},{\"@type\":\"WebSite\",\"@id\":\"https:\\\/\\\/www.organisator.ch\\\/#website\",\"url\":\"https:\\\/\\\/www.organisator.ch\\\/\",\"name\":\"Organisator\",\"description\":\"Kompetent. Praxisnah. Der ORGANISATOR bereitet in 10 Ausgaben pro Jahr die wesentlichen Themen f\u00fcr F\u00fchrungskr\u00e4fte von KMU auf.\",\"publisher\":{\"@id\":\"https:\\\/\\\/www.organisator.ch\\\/#organization\"},\"potentialAction\":[{\"@type\":\"SearchAction\",\"target\":{\"@type\":\"EntryPoint\",\"urlTemplate\":\"https:\\\/\\\/www.organisator.ch\\\/?s={search_term_string}\"},\"query-input\":{\"@type\":\"PropertyValueSpecification\",\"valueRequired\":true,\"valueName\":\"search_term_string\"}}],\"inLanguage\":\"fr-FR\"},{\"@type\":\"Organization\",\"@id\":\"https:\\\/\\\/www.organisator.ch\\\/#organization\",\"name\":\"Organisator\",\"url\":\"https:\\\/\\\/www.organisator.ch\\\/\",\"logo\":{\"@type\":\"ImageObject\",\"inLanguage\":\"fr-FR\",\"@id\":\"https:\\\/\\\/www.organisator.ch\\\/#\\\/schema\\\/logo\\\/image\\\/\",\"url\":\"https:\\\/\\\/www.organisator.ch\\\/wp-content\\\/uploads\\\/2022\\\/01\\\/Logo_Organisator_Website.png\",\"contentUrl\":\"https:\\\/\\\/www.organisator.ch\\\/wp-content\\\/uploads\\\/2022\\\/01\\\/Logo_Organisator_Website.png\",\"width\":800,\"height\":77,\"caption\":\"Organisator\"},\"image\":{\"@id\":\"https:\\\/\\\/www.organisator.ch\\\/#\\\/schema\\\/logo\\\/image\\\/\"},\"sameAs\":[\"https:\\\/\\\/www.facebook.com\\\/OrganisatorFachmagazin\",\"https:\\\/\\\/www.linkedin.com\\\/showcase\\\/organisator-das-magazin-fr-kmu\",\"https:\\\/\\\/www.xing.com\\\/news\\\/pages\\\/organisator-ch-695\",\"https:\\\/\\\/www.youtube.com\\\/channel\\\/UCGP2Sq0iWaZwT3BdIAQFYpw\"]},{\"@type\":\"Person\",\"@id\":\"https:\\\/\\\/www.organisator.ch\\\/#\\\/schema\\\/person\\\/6f650f90b2842cd4c0cc334b4e36f67e\",\"name\":\"thomas.berner\",\"image\":{\"@type\":\"ImageObject\",\"inLanguage\":\"fr-FR\",\"@id\":\"https:\\\/\\\/secure.gravatar.com\\\/avatar\\\/ac5001d2a36cb6c6cd3e50789007ffca834b477b74a2144564522e944eabff61?s=96&d=mm&r=g\",\"url\":\"https:\\\/\\\/secure.gravatar.com\\\/avatar\\\/ac5001d2a36cb6c6cd3e50789007ffca834b477b74a2144564522e944eabff61?s=96&d=mm&r=g\",\"contentUrl\":\"https:\\\/\\\/secure.gravatar.com\\\/avatar\\\/ac5001d2a36cb6c6cd3e50789007ffca834b477b74a2144564522e944eabff61?s=96&d=mm&r=g\",\"caption\":\"thomas.berner\"},\"url\":\"https:\\\/\\\/www.organisator.ch\\\/fr\\\/author\\\/thomas-berner\\\/\"}]}<\/script>\n<!-- \/ Yoast SEO plugin. -->","yoast_head_json":{"title":"Impulsion du succ\u00e8s : Vous vous d\u00e9placez en zigzag ? C'est bien ! - Organisateur","description":"Inspir\u00e9 par une piste cyclable am\u00e9nag\u00e9e de mani\u00e8re quelque peu non conventionnelle \u00e0 Berlin, notre chroniqueur Volkmar V\u00f6lzke s'est livr\u00e9 \u00e0 quelques r\u00e9flexions.","robots":{"index":"index","follow":"follow","max-snippet":"max-snippet:-1","max-image-preview":"max-image-preview:large","max-video-preview":"max-video-preview:-1"},"canonical":"https:\/\/www.organisator.ch\/fr\/gestion-2\/2018-08-30\/erfolgs-impuls-bewegen-sie-sich-im-zickzack-gut-so\/","og_locale":"fr_FR","og_type":"article","og_title":"Erfolgs-Impuls: Bewegen Sie sich im Zickzack? Gut so!","og_description":"Inspiriert durch einen etwas unkonventionell angelegten Veloweg in Berlin hat sich unser Kolumnist Volkmar V\u00f6lzke ein paar Gedanken gemacht.","og_url":"https:\/\/www.organisator.ch\/fr\/gestion-2\/2018-08-30\/erfolgs-impuls-bewegen-sie-sich-im-zickzack-gut-so\/","og_site_name":"Organisator","article_publisher":"https:\/\/www.facebook.com\/OrganisatorFachmagazin","article_published_time":"2018-08-30T06:10:43+00:00","og_image":[{"width":640,"height":291,"url":"https:\/\/www.organisator.ch\/wp-content\/uploads\/2018\/08\/Erfolgs-Impuls-Bewegen-Sie-sich-im-Zickzack-Gut-so_Organisator.jpg","type":"image\/jpeg"}],"author":"thomas.berner","twitter_card":"summary_large_image","twitter_title":"#Erfolgs-Impuls: Bewegen Sie sich im Zickzack? Gut so!","twitter_description":"Inspiriert durch einen etwas unkonventionell angelegten Veloweg in Berlin hat sich unser Kolumnist Volkmar V\u00f6lzke ein paar Gedanken gemacht.","twitter_image":"https:\/\/www.organisator.ch\/wp-content\/uploads\/2018\/08\/Erfolgs-Impuls-Bewegen-Sie-sich-im-Zickzack-Gut-so_Organisator.jpg","schema":{"@context":"https:\/\/schema.org","@graph":[{"@type":"Article","@id":"https:\/\/www.organisator.ch\/management\/2018-08-30\/erfolgs-impuls-bewegen-sie-sich-im-zickzack-gut-so\/#article","isPartOf":{"@id":"https:\/\/www.organisator.ch\/management\/2018-08-30\/erfolgs-impuls-bewegen-sie-sich-im-zickzack-gut-so\/"},"author":{"name":"thomas.berner","@id":"https:\/\/www.organisator.ch\/#\/schema\/person\/6f650f90b2842cd4c0cc334b4e36f67e"},"headline":"Erfolgs-Impuls: Bewegen Sie sich im Zickzack? Gut so!","datePublished":"2018-08-30T06:10:43+00:00","mainEntityOfPage":{"@id":"https:\/\/www.organisator.ch\/management\/2018-08-30\/erfolgs-impuls-bewegen-sie-sich-im-zickzack-gut-so\/"},"wordCount":405,"commentCount":0,"publisher":{"@id":"https:\/\/www.organisator.ch\/#organization"},"image":{"@id":"https:\/\/www.organisator.ch\/management\/2018-08-30\/erfolgs-impuls-bewegen-sie-sich-im-zickzack-gut-so\/#primaryimage"},"thumbnailUrl":"https:\/\/www.organisator.ch\/wp-content\/uploads\/2018\/08\/Erfolgs-Impuls-Bewegen-Sie-sich-im-Zickzack-Gut-so_Organisator.jpg","keywords":["Erfolgs-Impuls","Kolumne","Management und Unternehmensf\u00fchrung"],"articleSection":["MANAGEMENT"],"inLanguage":"fr-FR"},{"@type":"WebPage","@id":"https:\/\/www.organisator.ch\/management\/2018-08-30\/erfolgs-impuls-bewegen-sie-sich-im-zickzack-gut-so\/","url":"https:\/\/www.organisator.ch\/management\/2018-08-30\/erfolgs-impuls-bewegen-sie-sich-im-zickzack-gut-so\/","name":"Impulsion du succ\u00e8s : Vous vous d\u00e9placez en zigzag ? C'est bien ! - Organisateur","isPartOf":{"@id":"https:\/\/www.organisator.ch\/#website"},"primaryImageOfPage":{"@id":"https:\/\/www.organisator.ch\/management\/2018-08-30\/erfolgs-impuls-bewegen-sie-sich-im-zickzack-gut-so\/#primaryimage"},"image":{"@id":"https:\/\/www.organisator.ch\/management\/2018-08-30\/erfolgs-impuls-bewegen-sie-sich-im-zickzack-gut-so\/#primaryimage"},"thumbnailUrl":"https:\/\/www.organisator.ch\/wp-content\/uploads\/2018\/08\/Erfolgs-Impuls-Bewegen-Sie-sich-im-Zickzack-Gut-so_Organisator.jpg","datePublished":"2018-08-30T06:10:43+00:00","description":"Inspir\u00e9 par une piste cyclable am\u00e9nag\u00e9e de mani\u00e8re quelque peu non conventionnelle \u00e0 Berlin, notre chroniqueur Volkmar V\u00f6lzke s'est livr\u00e9 \u00e0 quelques r\u00e9flexions.","breadcrumb":{"@id":"https:\/\/www.organisator.ch\/management\/2018-08-30\/erfolgs-impuls-bewegen-sie-sich-im-zickzack-gut-so\/#breadcrumb"},"inLanguage":"fr-FR","potentialAction":[{"@type":"ReadAction","target":["https:\/\/www.organisator.ch\/management\/2018-08-30\/erfolgs-impuls-bewegen-sie-sich-im-zickzack-gut-so\/"]}]},{"@type":"ImageObject","inLanguage":"fr-FR","@id":"https:\/\/www.organisator.ch\/management\/2018-08-30\/erfolgs-impuls-bewegen-sie-sich-im-zickzack-gut-so\/#primaryimage","url":"https:\/\/www.organisator.ch\/wp-content\/uploads\/2018\/08\/Erfolgs-Impuls-Bewegen-Sie-sich-im-Zickzack-Gut-so_Organisator.jpg","contentUrl":"https:\/\/www.organisator.ch\/wp-content\/uploads\/2018\/08\/Erfolgs-Impuls-Bewegen-Sie-sich-im-Zickzack-Gut-so_Organisator.jpg","width":640,"height":291,"caption":"(Bild: Screenshot https:\/\/www.youtube.com\/watch?v=LOozEpayFkA)"},{"@type":"BreadcrumbList","@id":"https:\/\/www.organisator.ch\/management\/2018-08-30\/erfolgs-impuls-bewegen-sie-sich-im-zickzack-gut-so\/#breadcrumb","itemListElement":[{"@type":"ListItem","position":1,"name":"Home","item":"https:\/\/www.organisator.ch\/"},{"@type":"ListItem","position":2,"name":"Erfolgs-Impuls: Bewegen Sie sich im Zickzack? Gut so!"}]},{"@type":"WebSite","@id":"https:\/\/www.organisator.ch\/#website","url":"https:\/\/www.organisator.ch\/","name":"Organisateur","description":"Comp\u00e9tence et comp\u00e9tence. Proches de la pratique. L'ORGANISATEUR pr\u00e9pare 10 num\u00e9ros par an sur les th\u00e8mes essentiels pour les dirigeants de PME.","publisher":{"@id":"https:\/\/www.organisator.ch\/#organization"},"potentialAction":[{"@type":"SearchAction","target":{"@type":"EntryPoint","urlTemplate":"https:\/\/www.organisator.ch\/?s={search_term_string}"},"query-input":{"@type":"PropertyValueSpecification","valueRequired":true,"valueName":"search_term_string"}}],"inLanguage":"fr-FR"},{"@type":"Organization","@id":"https:\/\/www.organisator.ch\/#organization","name":"Organisateur","url":"https:\/\/www.organisator.ch\/","logo":{"@type":"ImageObject","inLanguage":"fr-FR","@id":"https:\/\/www.organisator.ch\/#\/schema\/logo\/image\/","url":"https:\/\/www.organisator.ch\/wp-content\/uploads\/2022\/01\/Logo_Organisator_Website.png","contentUrl":"https:\/\/www.organisator.ch\/wp-content\/uploads\/2022\/01\/Logo_Organisator_Website.png","width":800,"height":77,"caption":"Organisator"},"image":{"@id":"https:\/\/www.organisator.ch\/#\/schema\/logo\/image\/"},"sameAs":["https:\/\/www.facebook.com\/OrganisatorFachmagazin","https:\/\/www.linkedin.com\/showcase\/organisator-das-magazin-fr-kmu","https:\/\/www.xing.com\/news\/pages\/organisator-ch-695","https:\/\/www.youtube.com\/channel\/UCGP2Sq0iWaZwT3BdIAQFYpw"]},{"@type":"Person","@id":"https:\/\/www.organisator.ch\/#\/schema\/person\/6f650f90b2842cd4c0cc334b4e36f67e","name":"thomas.berner","image":{"@type":"ImageObject","inLanguage":"fr-FR","@id":"https:\/\/secure.gravatar.com\/avatar\/ac5001d2a36cb6c6cd3e50789007ffca834b477b74a2144564522e944eabff61?s=96&d=mm&r=g","url":"https:\/\/secure.gravatar.com\/avatar\/ac5001d2a36cb6c6cd3e50789007ffca834b477b74a2144564522e944eabff61?s=96&d=mm&r=g","contentUrl":"https:\/\/secure.gravatar.com\/avatar\/ac5001d2a36cb6c6cd3e50789007ffca834b477b74a2144564522e944eabff61?s=96&d=mm&r=g","caption":"thomas.berner"},"url":"https:\/\/www.organisator.ch\/fr\/author\/thomas-berner\/"}]}},"_links":{"self":[{"href":"https:\/\/www.organisator.ch\/fr\/wp-json\/wp\/v2\/posts\/4144","targetHints":{"allow":["GET"]}}],"collection":[{"href":"https:\/\/www.organisator.ch\/fr\/wp-json\/wp\/v2\/posts"}],"about":[{"href":"https:\/\/www.organisator.ch\/fr\/wp-json\/wp\/v2\/types\/post"}],"author":[{"embeddable":true,"href":"https:\/\/www.organisator.ch\/fr\/wp-json\/wp\/v2\/users\/4"}],"replies":[{"embeddable":true,"href":"https:\/\/www.organisator.ch\/fr\/wp-json\/wp\/v2\/comments?post=4144"}],"version-history":[{"count":0,"href":"https:\/\/www.organisator.ch\/fr\/wp-json\/wp\/v2\/posts\/4144\/revisions"}],"wp:featuredmedia":[{"embeddable":true,"href":"https:\/\/www.organisator.ch\/fr\/wp-json\/wp\/v2\/media\/4145"}],"wp:attachment":[{"href":"https:\/\/www.organisator.ch\/fr\/wp-json\/wp\/v2\/media?parent=4144"}],"wp:term":[{"taxonomy":"category","embeddable":true,"href":"https:\/\/www.organisator.ch\/fr\/wp-json\/wp\/v2\/categories?post=4144"},{"taxonomy":"post_tag","embeddable":true,"href":"https:\/\/www.organisator.ch\/fr\/wp-json\/wp\/v2\/tags?post=4144"}],"curies":[{"name":"wp","href":"https:\/\/api.w.org\/{rel}","templated":true}]}}