{"id":41631,"date":"2025-10-31T07:35:04","date_gmt":"2025-10-31T06:35:04","guid":{"rendered":"https:\/\/www.m-q.ch\/?p=22078"},"modified":"2025-10-31T07:33:25","modified_gmt":"2025-10-31T06:33:25","slug":"threat-intelligence-wird-im-oeffentlichen-sektor-unverzichtbar","status":"publish","type":"post","link":"https:\/\/www.organisator.ch\/fr\/operational-excellence\/2025-10-31\/threat-intelligence-wird-im-oeffentlichen-sektor-unverzichtbar\/","title":{"rendered":"La Threat Intelligence devient indispensable dans le secteur public"},"content":{"rendered":"<figure id=\"attachment_22079\" class=\"wp-caption alignnone\" style=\"width: 680px;\" aria-describedby=\"caption-attachment-22079\"><img class=\"size-full wp-image-22079\" src=\"https:\/\/www.m-q.ch\/wp-content\/uploads\/2025\/10\/Threat-Intelligence-wird-im-oeffentlichen-Sektor-unverzichtbar_MQ.jpg\" sizes=\"(max-width: 680px) 100vw, 680px\" srcset=\"https:\/\/www.m-q.ch\/wp-content\/uploads\/2025\/10\/Threat-Intelligence-wird-im-oeffentlichen-Sektor-unverzichtbar_MQ.jpg 680w, https:\/\/www.m-q.ch\/wp-content\/uploads\/2025\/10\/Threat-Intelligence-wird-im-oeffentlichen-Sektor-unverzichtbar_MQ-15x12.jpg 15w, https:\/\/www.m-q.ch\/wp-content\/uploads\/2025\/10\/Threat-Intelligence-wird-im-oeffentlichen-Sektor-unverzichtbar_MQ-371x300.jpg 371w, https:\/\/www.m-q.ch\/wp-content\/uploads\/2025\/10\/Threat-Intelligence-wird-im-oeffentlichen-Sektor-unverzichtbar_MQ-433x350.jpg 433w\" alt=\"\" width=\"680\" height=\"550\" \/>\r\n<figcaption id=\"caption-attachment-22079\" class=\"wp-caption-text\">La s\u00e9curit\u00e9 doit \u00eatre cr\u00e9\u00e9e de mani\u00e8re proactive et non r\u00e9active. C'est pourquoi la Threat Intelligence devient de plus en plus importante, estime Michael Chalvatzis de Recorded Future. (Image : zVg)<\/figcaption>\r\n<\/figure>\r\n<p>Les cyberattaques contre le secteur public sont de plus en plus fr\u00e9quentes. Les institutions \u00e9tatiques, les autorit\u00e9s et les exploitants d'infrastructures critiques sont de plus en plus cibl\u00e9s, que ce soit par des cybercriminels ou par des groupes dirig\u00e9s par l'\u00c9tat. La situation de la menace s'aggrave, car de nombreuses attaques utilisent d\u00e9sormais des vecteurs combin\u00e9s, les syst\u00e8mes informatiques obsol\u00e8tes offrent des surfaces d'attaque suppl\u00e9mentaires et les tensions g\u00e9opolitiques augmentent le risque d'op\u00e9rations cibl\u00e9es. En outre, le personnel, les ressources et les comp\u00e9tences n\u00e9cessaires pour r\u00e9agir rapidement et efficacement font souvent d\u00e9faut.<\/p>\r\n<p>Malgr\u00e9 ces d\u00e9fis, les attentes restent \u00e9lev\u00e9es. Les citoyens continuent d'attendre des institutions publiques qu'elles fournissent leurs services num\u00e9riques de mani\u00e8re fiable et qu'elles prot\u00e8gent les donn\u00e9es sensibles. Une attaque r\u00e9ussie n'aurait pas seulement des cons\u00e9quences financi\u00e8res, mais porterait \u00e9galement atteinte \u00e0 la confiance dans la capacit\u00e9 d'action de l'\u00c9tat \u00e0 long terme.<\/p>\r\n<h3><strong>De r\u00e9actif \u00e0 proactif<\/strong><\/h3>\r\n<p>Pendant longtemps, la cyberd\u00e9fense dans le secteur public a \u00e9t\u00e9 essentiellement r\u00e9active. Les incidents de s\u00e9curit\u00e9 \u00e9taient document\u00e9s, analys\u00e9s a posteriori et des mesures n'\u00e9taient prises qu'ensuite. Compte tenu des menaces actuelles, cette approche n'est plus suffisante. Il est n\u00e9cessaire d'adopter une approche syst\u00e9matique qui identifie les menaces \u00e0 un stade pr\u00e9coce, les place dans le contexte appropri\u00e9, les \u00e9value en fonction de leur pertinence et les traduit en mesures concr\u00e8tes.<\/p>\r\n<p>Les solutions de renseignement sur les menaces soutiennent cette d\u00e9marche en traitant automatiquement les informations relatives \u00e0 la s\u00e9curit\u00e9 provenant de diff\u00e9rentes sources. Il s'agit notamment de flux techniques, de donn\u00e9es disponibles publiquement, de canaux d'information sp\u00e9cifiques au secteur ainsi que de contenus provenant d'environnements num\u00e9riques difficiles d'acc\u00e8s comme le Darknet. Les plateformes analysent ces donn\u00e9es en temps r\u00e9el, les classent par ordre de priorit\u00e9 et les rendent disponibles pour un traitement ult\u00e9rieur.<\/p>\r\n<p>La connexion \u00e0 des syst\u00e8mes de s\u00e9curit\u00e9 existants tels que SIEM ou SOAR permet d'int\u00e9grer directement les connaissances pertinentes dans les processus existants. Cela permet de r\u00e9duire les temps de r\u00e9action, de d\u00e9charger les \u00e9quipes d'analystes de mani\u00e8re cibl\u00e9e et d'utiliser les ressources de mani\u00e8re plus efficace. En m\u00eame temps, les informations contextualis\u00e9es am\u00e9liorent la base des d\u00e9cisions strat\u00e9giques, par exemple pour l'\u00e9valuation des \u00e9volutions g\u00e9opolitiques, l'\u00e9valuation des risques des cha\u00eenes d'approvisionnement ou le respect des directives r\u00e9glementaires.<\/p>\r\n<h3><strong>La d\u00e9fense proactive comme avantage strat\u00e9gique<\/strong><\/h3>\r\n<p>La Threat Intelligence est en train de devenir un instrument central pour assurer \u00e0 long terme la capacit\u00e9 d'action num\u00e9rique du secteur public. De nombreuses institutions publiques misent d\u00e9j\u00e0 sur des plateformes de Threat Intelligence bas\u00e9es sur l'IA pour r\u00e9pondre \u00e0 ces exigences de mani\u00e8re proactive et efficace.<\/p>\r\n<p>L'analyse automatis\u00e9e des informations relatives \u00e0 la s\u00e9curit\u00e9 permet d'identifier \u00e0 temps les menaces potentielles, de les classer dans le bon contexte et de les hi\u00e9rarchiser en fonction de leur pertinence. Des messages d'alerte peuvent \u00eatre transmis de mani\u00e8re cibl\u00e9e aux services concern\u00e9s, avant m\u00eame que des dommages concrets ne surviennent. En m\u00eame temps, une telle approche soutient la mise en \u0153uvre de strat\u00e9gies de s\u00e9curit\u00e9 nationales ainsi que le respect des exigences r\u00e9glementaires telles que la directive NIS 2.<\/p>\r\n<p><em>Plus d'informations : <a href=\"https:\/\/www.recordedfuture.com\/de\/\">Recorded Future<\/a><\/em><\/p>\n<p class=\"syndicated-attribution\">Cet article est paru initialement sur m-q.ch - <a href=\"https:\/\/www.m-q.ch\/de\/threat-intelligence-wird-im-oeffentlichen-sektor-unverzichtbar\/\" target=\"_blank\">https:\/\/www.m-q.ch\/de\/threat-intelligence-wird-im-oeffentlichen-sektor-unverzichtbar\/<\/a><\/p>","protected":false},"excerpt":{"rendered":"<p>Le secteur public a besoin d'une s\u00e9curit\u00e9 plus proactive. C'est l'avis de Michael Chalvatzis, Senior Director DACH &amp; Eastern Europe de l'entreprise Recorded Future. Il a r\u00e9dig\u00e9 le commentaire suivant \u00e0 ce sujet.<\/p>","protected":false},"author":8,"featured_media":0,"comment_status":"closed","ping_status":"closed","sticky":false,"template":"","format":"standard","meta":{"_acf_changed":false,"_yoast_wpseo_focuskw":"Threat Intelligence","_yoast_wpseo_metadesc":"Im \u00f6ffentlichen Sektor braucht es mehr proaktive Sicherheit. Dies ist die Auffassung von Michael Chalvatzis von Recorded Future.","articlekey":"","footnotes":""},"categories":[582],"tags":[608,5641,418,5642],"class_list":["post-41631","post","type-post","status-publish","format-standard","hentry","category-operational-excellence","tag-cybersicherheit","tag-oeffentlicher-sektor","tag-risikomanagement","tag-threat-intelligence"],"acf":[],"yoast_head":"<!-- This site is optimized with the Yoast SEO plugin v27.4 - https:\/\/yoast.com\/product\/yoast-seo-wordpress\/ -->\n<title>Threat Intelligence wird im \u00f6ffentlichen Sektor unverzichtbar - Organisator<\/title>\n<meta name=\"description\" content=\"Im \u00f6ffentlichen Sektor braucht es mehr proaktive Sicherheit. Dies ist die Auffassung von Michael Chalvatzis von Recorded Future.\" \/>\n<meta name=\"robots\" content=\"index, follow, max-snippet:-1, max-image-preview:large, max-video-preview:-1\" \/>\n<link rel=\"canonical\" href=\"https:\/\/www.organisator.ch\/fr\/excellence-operationnelle\/2025-10-31\/threat-intelligence-wird-im-oeffentlichen-sektor-unverzichtbar\/\" \/>\n<meta property=\"og:locale\" content=\"fr_FR\" \/>\n<meta property=\"og:type\" content=\"article\" \/>\n<meta property=\"og:title\" content=\"Threat Intelligence wird im \u00f6ffentlichen Sektor unverzichtbar - Organisator\" \/>\n<meta property=\"og:description\" content=\"Im \u00f6ffentlichen Sektor braucht es mehr proaktive Sicherheit. Dies ist die Auffassung von Michael Chalvatzis von Recorded Future.\" \/>\n<meta property=\"og:url\" content=\"https:\/\/www.organisator.ch\/fr\/excellence-operationnelle\/2025-10-31\/threat-intelligence-wird-im-oeffentlichen-sektor-unverzichtbar\/\" \/>\n<meta property=\"og:site_name\" content=\"Organisator\" \/>\n<meta property=\"article:publisher\" content=\"https:\/\/www.facebook.com\/OrganisatorFachmagazin\" \/>\n<meta property=\"article:published_time\" content=\"2025-10-31T06:35:04+00:00\" \/>\n<meta name=\"author\" content=\"galledia\" \/>\n<meta name=\"twitter:card\" content=\"summary_large_image\" \/>\n<meta name=\"twitter:creator\" content=\"@admin\" \/>\n<script type=\"application\/ld+json\" class=\"yoast-schema-graph\">{\"@context\":\"https:\\\/\\\/schema.org\",\"@graph\":[{\"@type\":\"Article\",\"@id\":\"https:\\\/\\\/www.organisator.ch\\\/operational-excellence\\\/2025-10-31\\\/threat-intelligence-wird-im-oeffentlichen-sektor-unverzichtbar\\\/#article\",\"isPartOf\":{\"@id\":\"https:\\\/\\\/www.organisator.ch\\\/operational-excellence\\\/2025-10-31\\\/threat-intelligence-wird-im-oeffentlichen-sektor-unverzichtbar\\\/\"},\"author\":{\"name\":\"galledia\",\"@id\":\"https:\\\/\\\/www.organisator.ch\\\/#\\\/schema\\\/person\\\/4e51799071cd2dd1232ac003643ef5f0\"},\"headline\":\"Threat Intelligence wird im \u00f6ffentlichen Sektor unverzichtbar\",\"datePublished\":\"2025-10-31T06:35:04+00:00\",\"mainEntityOfPage\":{\"@id\":\"https:\\\/\\\/www.organisator.ch\\\/operational-excellence\\\/2025-10-31\\\/threat-intelligence-wird-im-oeffentlichen-sektor-unverzichtbar\\\/\"},\"wordCount\":440,\"publisher\":{\"@id\":\"https:\\\/\\\/www.organisator.ch\\\/#organization\"},\"image\":{\"@id\":\"https:\\\/\\\/www.organisator.ch\\\/operational-excellence\\\/2025-10-31\\\/threat-intelligence-wird-im-oeffentlichen-sektor-unverzichtbar\\\/#primaryimage\"},\"thumbnailUrl\":\"https:\\\/\\\/www.m-q.ch\\\/wp-content\\\/uploads\\\/2025\\\/10\\\/Threat-Intelligence-wird-im-oeffentlichen-Sektor-unverzichtbar_MQ.jpg\",\"keywords\":[\"Cybersicherheit\",\"\u00f6ffentlicher Sektor\",\"Risikomanagement\",\"Threat Intelligence\"],\"articleSection\":[\"OPERATIONAL EXCELLENCE\"],\"inLanguage\":\"fr-FR\"},{\"@type\":\"WebPage\",\"@id\":\"https:\\\/\\\/www.organisator.ch\\\/operational-excellence\\\/2025-10-31\\\/threat-intelligence-wird-im-oeffentlichen-sektor-unverzichtbar\\\/\",\"url\":\"https:\\\/\\\/www.organisator.ch\\\/operational-excellence\\\/2025-10-31\\\/threat-intelligence-wird-im-oeffentlichen-sektor-unverzichtbar\\\/\",\"name\":\"Threat Intelligence wird im \u00f6ffentlichen Sektor unverzichtbar - Organisator\",\"isPartOf\":{\"@id\":\"https:\\\/\\\/www.organisator.ch\\\/#website\"},\"primaryImageOfPage\":{\"@id\":\"https:\\\/\\\/www.organisator.ch\\\/operational-excellence\\\/2025-10-31\\\/threat-intelligence-wird-im-oeffentlichen-sektor-unverzichtbar\\\/#primaryimage\"},\"image\":{\"@id\":\"https:\\\/\\\/www.organisator.ch\\\/operational-excellence\\\/2025-10-31\\\/threat-intelligence-wird-im-oeffentlichen-sektor-unverzichtbar\\\/#primaryimage\"},\"thumbnailUrl\":\"https:\\\/\\\/www.m-q.ch\\\/wp-content\\\/uploads\\\/2025\\\/10\\\/Threat-Intelligence-wird-im-oeffentlichen-Sektor-unverzichtbar_MQ.jpg\",\"datePublished\":\"2025-10-31T06:35:04+00:00\",\"description\":\"Im \u00f6ffentlichen Sektor braucht es mehr proaktive Sicherheit. Dies ist die Auffassung von Michael Chalvatzis von Recorded Future.\",\"breadcrumb\":{\"@id\":\"https:\\\/\\\/www.organisator.ch\\\/operational-excellence\\\/2025-10-31\\\/threat-intelligence-wird-im-oeffentlichen-sektor-unverzichtbar\\\/#breadcrumb\"},\"inLanguage\":\"fr-FR\",\"potentialAction\":[{\"@type\":\"ReadAction\",\"target\":[\"https:\\\/\\\/www.organisator.ch\\\/operational-excellence\\\/2025-10-31\\\/threat-intelligence-wird-im-oeffentlichen-sektor-unverzichtbar\\\/\"]}]},{\"@type\":\"ImageObject\",\"inLanguage\":\"fr-FR\",\"@id\":\"https:\\\/\\\/www.organisator.ch\\\/operational-excellence\\\/2025-10-31\\\/threat-intelligence-wird-im-oeffentlichen-sektor-unverzichtbar\\\/#primaryimage\",\"url\":\"https:\\\/\\\/www.m-q.ch\\\/wp-content\\\/uploads\\\/2025\\\/10\\\/Threat-Intelligence-wird-im-oeffentlichen-Sektor-unverzichtbar_MQ.jpg\",\"contentUrl\":\"https:\\\/\\\/www.m-q.ch\\\/wp-content\\\/uploads\\\/2025\\\/10\\\/Threat-Intelligence-wird-im-oeffentlichen-Sektor-unverzichtbar_MQ.jpg\"},{\"@type\":\"BreadcrumbList\",\"@id\":\"https:\\\/\\\/www.organisator.ch\\\/operational-excellence\\\/2025-10-31\\\/threat-intelligence-wird-im-oeffentlichen-sektor-unverzichtbar\\\/#breadcrumb\",\"itemListElement\":[{\"@type\":\"ListItem\",\"position\":1,\"name\":\"Home\",\"item\":\"https:\\\/\\\/www.organisator.ch\\\/\"},{\"@type\":\"ListItem\",\"position\":2,\"name\":\"Threat Intelligence wird im \u00f6ffentlichen Sektor unverzichtbar\"}]},{\"@type\":\"WebSite\",\"@id\":\"https:\\\/\\\/www.organisator.ch\\\/#website\",\"url\":\"https:\\\/\\\/www.organisator.ch\\\/\",\"name\":\"Organisator\",\"description\":\"Kompetent. Praxisnah. Der ORGANISATOR bereitet in 10 Ausgaben pro Jahr die wesentlichen Themen f\u00fcr F\u00fchrungskr\u00e4fte von KMU auf.\",\"publisher\":{\"@id\":\"https:\\\/\\\/www.organisator.ch\\\/#organization\"},\"potentialAction\":[{\"@type\":\"SearchAction\",\"target\":{\"@type\":\"EntryPoint\",\"urlTemplate\":\"https:\\\/\\\/www.organisator.ch\\\/?s={search_term_string}\"},\"query-input\":{\"@type\":\"PropertyValueSpecification\",\"valueRequired\":true,\"valueName\":\"search_term_string\"}}],\"inLanguage\":\"fr-FR\"},{\"@type\":\"Organization\",\"@id\":\"https:\\\/\\\/www.organisator.ch\\\/#organization\",\"name\":\"Organisator\",\"url\":\"https:\\\/\\\/www.organisator.ch\\\/\",\"logo\":{\"@type\":\"ImageObject\",\"inLanguage\":\"fr-FR\",\"@id\":\"https:\\\/\\\/www.organisator.ch\\\/#\\\/schema\\\/logo\\\/image\\\/\",\"url\":\"https:\\\/\\\/www.organisator.ch\\\/wp-content\\\/uploads\\\/2022\\\/01\\\/Logo_Organisator_Website.png\",\"contentUrl\":\"https:\\\/\\\/www.organisator.ch\\\/wp-content\\\/uploads\\\/2022\\\/01\\\/Logo_Organisator_Website.png\",\"width\":800,\"height\":77,\"caption\":\"Organisator\"},\"image\":{\"@id\":\"https:\\\/\\\/www.organisator.ch\\\/#\\\/schema\\\/logo\\\/image\\\/\"},\"sameAs\":[\"https:\\\/\\\/www.facebook.com\\\/OrganisatorFachmagazin\",\"https:\\\/\\\/www.linkedin.com\\\/showcase\\\/organisator-das-magazin-fr-kmu\",\"https:\\\/\\\/www.xing.com\\\/news\\\/pages\\\/organisator-ch-695\",\"https:\\\/\\\/www.youtube.com\\\/channel\\\/UCGP2Sq0iWaZwT3BdIAQFYpw\"]},{\"@type\":\"Person\",\"@id\":\"https:\\\/\\\/www.organisator.ch\\\/#\\\/schema\\\/person\\\/4e51799071cd2dd1232ac003643ef5f0\",\"name\":\"galledia\",\"image\":{\"@type\":\"ImageObject\",\"inLanguage\":\"fr-FR\",\"@id\":\"https:\\\/\\\/secure.gravatar.com\\\/avatar\\\/78a7f90c01fc2bfc875782a0d4922b37cde2cf184ce347b91316d23cd7f69a36?s=96&d=mm&r=g\",\"url\":\"https:\\\/\\\/secure.gravatar.com\\\/avatar\\\/78a7f90c01fc2bfc875782a0d4922b37cde2cf184ce347b91316d23cd7f69a36?s=96&d=mm&r=g\",\"contentUrl\":\"https:\\\/\\\/secure.gravatar.com\\\/avatar\\\/78a7f90c01fc2bfc875782a0d4922b37cde2cf184ce347b91316d23cd7f69a36?s=96&d=mm&r=g\",\"caption\":\"galledia\"},\"sameAs\":[\"https:\\\/\\\/x.com\\\/admin\"],\"url\":\"https:\\\/\\\/www.organisator.ch\\\/fr\\\/author\\\/galledia\\\/\"}]}<\/script>\n<!-- \/ Yoast SEO plugin. -->","yoast_head_json":{"title":"La Threat Intelligence devient indispensable dans le secteur public - Organisateur","description":"Le secteur public a besoin d'une s\u00e9curit\u00e9 plus proactive. C'est l'avis de Michael Chalvatzis de Recorded Future.","robots":{"index":"index","follow":"follow","max-snippet":"max-snippet:-1","max-image-preview":"max-image-preview:large","max-video-preview":"max-video-preview:-1"},"canonical":"https:\/\/www.organisator.ch\/fr\/excellence-operationnelle\/2025-10-31\/threat-intelligence-wird-im-oeffentlichen-sektor-unverzichtbar\/","og_locale":"fr_FR","og_type":"article","og_title":"Threat Intelligence wird im \u00f6ffentlichen Sektor unverzichtbar - Organisator","og_description":"Im \u00f6ffentlichen Sektor braucht es mehr proaktive Sicherheit. Dies ist die Auffassung von Michael Chalvatzis von Recorded Future.","og_url":"https:\/\/www.organisator.ch\/fr\/excellence-operationnelle\/2025-10-31\/threat-intelligence-wird-im-oeffentlichen-sektor-unverzichtbar\/","og_site_name":"Organisator","article_publisher":"https:\/\/www.facebook.com\/OrganisatorFachmagazin","article_published_time":"2025-10-31T06:35:04+00:00","author":"galledia","twitter_card":"summary_large_image","twitter_creator":"@admin","schema":{"@context":"https:\/\/schema.org","@graph":[{"@type":"Article","@id":"https:\/\/www.organisator.ch\/operational-excellence\/2025-10-31\/threat-intelligence-wird-im-oeffentlichen-sektor-unverzichtbar\/#article","isPartOf":{"@id":"https:\/\/www.organisator.ch\/operational-excellence\/2025-10-31\/threat-intelligence-wird-im-oeffentlichen-sektor-unverzichtbar\/"},"author":{"name":"galledia","@id":"https:\/\/www.organisator.ch\/#\/schema\/person\/4e51799071cd2dd1232ac003643ef5f0"},"headline":"Threat Intelligence wird im \u00f6ffentlichen Sektor unverzichtbar","datePublished":"2025-10-31T06:35:04+00:00","mainEntityOfPage":{"@id":"https:\/\/www.organisator.ch\/operational-excellence\/2025-10-31\/threat-intelligence-wird-im-oeffentlichen-sektor-unverzichtbar\/"},"wordCount":440,"publisher":{"@id":"https:\/\/www.organisator.ch\/#organization"},"image":{"@id":"https:\/\/www.organisator.ch\/operational-excellence\/2025-10-31\/threat-intelligence-wird-im-oeffentlichen-sektor-unverzichtbar\/#primaryimage"},"thumbnailUrl":"https:\/\/www.m-q.ch\/wp-content\/uploads\/2025\/10\/Threat-Intelligence-wird-im-oeffentlichen-Sektor-unverzichtbar_MQ.jpg","keywords":["Cybersicherheit","\u00f6ffentlicher Sektor","Risikomanagement","Threat Intelligence"],"articleSection":["OPERATIONAL EXCELLENCE"],"inLanguage":"fr-FR"},{"@type":"WebPage","@id":"https:\/\/www.organisator.ch\/operational-excellence\/2025-10-31\/threat-intelligence-wird-im-oeffentlichen-sektor-unverzichtbar\/","url":"https:\/\/www.organisator.ch\/operational-excellence\/2025-10-31\/threat-intelligence-wird-im-oeffentlichen-sektor-unverzichtbar\/","name":"La Threat Intelligence devient indispensable dans le secteur public - Organisateur","isPartOf":{"@id":"https:\/\/www.organisator.ch\/#website"},"primaryImageOfPage":{"@id":"https:\/\/www.organisator.ch\/operational-excellence\/2025-10-31\/threat-intelligence-wird-im-oeffentlichen-sektor-unverzichtbar\/#primaryimage"},"image":{"@id":"https:\/\/www.organisator.ch\/operational-excellence\/2025-10-31\/threat-intelligence-wird-im-oeffentlichen-sektor-unverzichtbar\/#primaryimage"},"thumbnailUrl":"https:\/\/www.m-q.ch\/wp-content\/uploads\/2025\/10\/Threat-Intelligence-wird-im-oeffentlichen-Sektor-unverzichtbar_MQ.jpg","datePublished":"2025-10-31T06:35:04+00:00","description":"Le secteur public a besoin d'une s\u00e9curit\u00e9 plus proactive. C'est l'avis de Michael Chalvatzis de Recorded Future.","breadcrumb":{"@id":"https:\/\/www.organisator.ch\/operational-excellence\/2025-10-31\/threat-intelligence-wird-im-oeffentlichen-sektor-unverzichtbar\/#breadcrumb"},"inLanguage":"fr-FR","potentialAction":[{"@type":"ReadAction","target":["https:\/\/www.organisator.ch\/operational-excellence\/2025-10-31\/threat-intelligence-wird-im-oeffentlichen-sektor-unverzichtbar\/"]}]},{"@type":"ImageObject","inLanguage":"fr-FR","@id":"https:\/\/www.organisator.ch\/operational-excellence\/2025-10-31\/threat-intelligence-wird-im-oeffentlichen-sektor-unverzichtbar\/#primaryimage","url":"https:\/\/www.m-q.ch\/wp-content\/uploads\/2025\/10\/Threat-Intelligence-wird-im-oeffentlichen-Sektor-unverzichtbar_MQ.jpg","contentUrl":"https:\/\/www.m-q.ch\/wp-content\/uploads\/2025\/10\/Threat-Intelligence-wird-im-oeffentlichen-Sektor-unverzichtbar_MQ.jpg"},{"@type":"BreadcrumbList","@id":"https:\/\/www.organisator.ch\/operational-excellence\/2025-10-31\/threat-intelligence-wird-im-oeffentlichen-sektor-unverzichtbar\/#breadcrumb","itemListElement":[{"@type":"ListItem","position":1,"name":"Home","item":"https:\/\/www.organisator.ch\/"},{"@type":"ListItem","position":2,"name":"Threat Intelligence wird im \u00f6ffentlichen Sektor unverzichtbar"}]},{"@type":"WebSite","@id":"https:\/\/www.organisator.ch\/#website","url":"https:\/\/www.organisator.ch\/","name":"Organisateur","description":"Comp\u00e9tence et comp\u00e9tence. Proches de la pratique. L'ORGANISATEUR pr\u00e9pare 10 num\u00e9ros par an sur les th\u00e8mes essentiels pour les dirigeants de PME.","publisher":{"@id":"https:\/\/www.organisator.ch\/#organization"},"potentialAction":[{"@type":"SearchAction","target":{"@type":"EntryPoint","urlTemplate":"https:\/\/www.organisator.ch\/?s={search_term_string}"},"query-input":{"@type":"PropertyValueSpecification","valueRequired":true,"valueName":"search_term_string"}}],"inLanguage":"fr-FR"},{"@type":"Organization","@id":"https:\/\/www.organisator.ch\/#organization","name":"Organisateur","url":"https:\/\/www.organisator.ch\/","logo":{"@type":"ImageObject","inLanguage":"fr-FR","@id":"https:\/\/www.organisator.ch\/#\/schema\/logo\/image\/","url":"https:\/\/www.organisator.ch\/wp-content\/uploads\/2022\/01\/Logo_Organisator_Website.png","contentUrl":"https:\/\/www.organisator.ch\/wp-content\/uploads\/2022\/01\/Logo_Organisator_Website.png","width":800,"height":77,"caption":"Organisator"},"image":{"@id":"https:\/\/www.organisator.ch\/#\/schema\/logo\/image\/"},"sameAs":["https:\/\/www.facebook.com\/OrganisatorFachmagazin","https:\/\/www.linkedin.com\/showcase\/organisator-das-magazin-fr-kmu","https:\/\/www.xing.com\/news\/pages\/organisator-ch-695","https:\/\/www.youtube.com\/channel\/UCGP2Sq0iWaZwT3BdIAQFYpw"]},{"@type":"Person","@id":"https:\/\/www.organisator.ch\/#\/schema\/person\/4e51799071cd2dd1232ac003643ef5f0","name":"galledia","image":{"@type":"ImageObject","inLanguage":"fr-FR","@id":"https:\/\/secure.gravatar.com\/avatar\/78a7f90c01fc2bfc875782a0d4922b37cde2cf184ce347b91316d23cd7f69a36?s=96&d=mm&r=g","url":"https:\/\/secure.gravatar.com\/avatar\/78a7f90c01fc2bfc875782a0d4922b37cde2cf184ce347b91316d23cd7f69a36?s=96&d=mm&r=g","contentUrl":"https:\/\/secure.gravatar.com\/avatar\/78a7f90c01fc2bfc875782a0d4922b37cde2cf184ce347b91316d23cd7f69a36?s=96&d=mm&r=g","caption":"galledia"},"sameAs":["https:\/\/x.com\/admin"],"url":"https:\/\/www.organisator.ch\/fr\/author\/galledia\/"}]}},"_links":{"self":[{"href":"https:\/\/www.organisator.ch\/fr\/wp-json\/wp\/v2\/posts\/41631","targetHints":{"allow":["GET"]}}],"collection":[{"href":"https:\/\/www.organisator.ch\/fr\/wp-json\/wp\/v2\/posts"}],"about":[{"href":"https:\/\/www.organisator.ch\/fr\/wp-json\/wp\/v2\/types\/post"}],"author":[{"embeddable":true,"href":"https:\/\/www.organisator.ch\/fr\/wp-json\/wp\/v2\/users\/8"}],"replies":[{"embeddable":true,"href":"https:\/\/www.organisator.ch\/fr\/wp-json\/wp\/v2\/comments?post=41631"}],"version-history":[{"count":5,"href":"https:\/\/www.organisator.ch\/fr\/wp-json\/wp\/v2\/posts\/41631\/revisions"}],"predecessor-version":[{"id":41686,"href":"https:\/\/www.organisator.ch\/fr\/wp-json\/wp\/v2\/posts\/41631\/revisions\/41686"}],"wp:attachment":[{"href":"https:\/\/www.organisator.ch\/fr\/wp-json\/wp\/v2\/media?parent=41631"}],"wp:term":[{"taxonomy":"category","embeddable":true,"href":"https:\/\/www.organisator.ch\/fr\/wp-json\/wp\/v2\/categories?post=41631"},{"taxonomy":"post_tag","embeddable":true,"href":"https:\/\/www.organisator.ch\/fr\/wp-json\/wp\/v2\/tags?post=41631"}],"curies":[{"name":"wp","href":"https:\/\/api.w.org\/{rel}","templated":true}]}}