{"id":4167,"date":"2018-08-31T08:23:29","date_gmt":"2018-08-31T06:23:29","guid":{"rendered":"https:\/\/www.organisator.ch\/?p=4167"},"modified":"2018-08-31T08:23:29","modified_gmt":"2018-08-31T06:23:29","slug":"zufriedene-gesichter-auf-der-it-fachmesse-topsoft","status":"publish","type":"post","link":"https:\/\/www.organisator.ch\/fr\/management\/it\/2018-08-31\/zufriedene-gesichter-auf-der-it-fachmesse-topsoft\/","title":{"rendered":"Des visages satisfaits au salon professionnel IT topsoft"},"content":{"rendered":"<figure id=\"attachment_4168\" aria-describedby=\"caption-attachment-4168\" style=\"width: 640px\" class=\"wp-caption alignnone\"><img loading=\"lazy\" decoding=\"async\" class=\"size-full wp-image-4168\" src=\"https:\/\/www.organisator.ch\/wp-content\/uploads\/2018\/08\/Zufriedene-Gesichter-auf-der-IT-Fachmesse-topsoft_Organisator.jpg\" alt=\"\" width=\"640\" height=\"427\" srcset=\"https:\/\/www.organisator.ch\/wp-content\/uploads\/2018\/08\/Zufriedene-Gesichter-auf-der-IT-Fachmesse-topsoft_Organisator.jpg 640w, https:\/\/www.organisator.ch\/wp-content\/uploads\/2018\/08\/Zufriedene-Gesichter-auf-der-IT-Fachmesse-topsoft_Organisator-16x12.jpg 16w, https:\/\/www.organisator.ch\/wp-content\/uploads\/2018\/08\/Zufriedene-Gesichter-auf-der-IT-Fachmesse-topsoft_Organisator-262x175.jpg 262w, https:\/\/www.organisator.ch\/wp-content\/uploads\/2018\/08\/Zufriedene-Gesichter-auf-der-IT-Fachmesse-topsoft_Organisator-525x350.jpg 525w, https:\/\/www.organisator.ch\/wp-content\/uploads\/2018\/08\/Zufriedene-Gesichter-auf-der-IT-Fachmesse-topsoft_Organisator-300x200.jpg 300w\" sizes=\"auto, (max-width: 640px) 100vw, 640px\" \/><figcaption id=\"caption-attachment-4168\" class=\"wp-caption-text\">Lors du salon professionnel IT topsoft, la soci\u00e9t\u00e9 d'ing\u00e9nierie Gritec AG a pr\u00e9sent\u00e9 une solution pour la \"taille de lot 1\". (Image : topsoft \/ flickr.com)<\/figcaption><\/figure>\n<p>En mati\u00e8re de num\u00e9risation, de nombreuses PME oscillent actuellement entre incertitude et motivation. Le salon professionnel IT topsoft de cette ann\u00e9e \u00e0 Zurich a \u00e9t\u00e9 l'occasion de d\u00e9couvrir les nouvelles technologies en direct. Pendant deux jours, les visiteurs du salon ont pu d\u00e9couvrir des applications en direct, poser des questions sur les solutions et prendre de nombreux conseils pratiques. Tant l'exposition que les conf\u00e9rences ont attir\u00e9 un grand nombre de visiteurs. Le premier jour du salon, en particulier, a apport\u00e9 une grande satisfaction \u00e0 de nombreux fournisseurs en ce qui concerne le nombre et la qualit\u00e9 des contacts avec les visiteurs.<\/p>\n<h2><strong>Le salon, un pont entre les fournisseurs et les utilisateurs<\/strong><\/h2>\n<p>Alors que d'autres salons misent de plus en plus sur le festival et le spectacle, les organisateurs de topsoft soulignent qu'il ne s'agit pas simplement d'un grand show. \"En fin de compte, la num\u00e9risation doit \u00eatre adapt\u00e9e au contexte de l'entreprise. Une PME doit pouvoir fa\u00e7onner l'avenir num\u00e9rique avec des ressources limit\u00e9es\", fait remarquer le directeur du salon Cyrill Schmid. Le salon topsoft se voit \u00e9galement \u00e0 l'avenir comme un constructeur de ponts entre les fournisseurs et les utilisateurs. Son succ\u00e8s se mesure \u00e0 la satisfaction des visiteurs et des exposants. \"L'\u00e9cho positif de topsoft nous a quelque peu surpris au vu des gros titres mod\u00e9r\u00e9s de diff\u00e9rents organisateurs de salons avant le salon\", d\u00e9clare Schmid.<\/p>\n<h2><strong>L'avenir num\u00e9rique prend forme<\/strong><\/h2>\n<p>Diff\u00e9rents cas d'exposition ont montr\u00e9 sur le salon comment la num\u00e9risation peut \u00eatre transform\u00e9e en mod\u00e8les commerciaux concrets. \u00c0 l'aide d'une v\u00e9ritable drague aspirante, l'entreprise de logiciels Webgate a par exemple d\u00e9montr\u00e9 comment la r\u00e9alit\u00e9 augment\u00e9e peut \u00eatre utilis\u00e9e dans le domaine du service. Un rouet vieux de plus de 200 ans, qui peut communiquer directement avec les syst\u00e8mes ERP gr\u00e2ce \u00e0 des capteurs, a prouv\u00e9 que m\u00eame les vieilles machines rec\u00e8lent encore un potentiel num\u00e9rique. La taille de lot 1 exig\u00e9e par l'industrie 4.0 a \u00e9t\u00e9 d\u00e9montr\u00e9e entre autres par la soci\u00e9t\u00e9 d'ing\u00e9nierie Gritec AG avec son application automatis\u00e9e sous forme de bonbons personnalis\u00e9s.<\/p>\n<h2><strong>L'accent est mis sur les avantages commerciaux <\/strong><\/h2>\n<p>Peu d'entreprises peuvent se contenter de la technologie num\u00e9rique. \"Les utilisateurs ont besoin de la num\u00e9risation comme moyen d'atteindre une fin - et cette fin est de nature \u00e9conomique. L'informatique n'a de sens que s'il en r\u00e9sulte un b\u00e9n\u00e9fice\", explique le CEO de myfactory, David Lauchenauer. Pour de nombreuses PME, seuls comptent les avantages qu'elle apporte effectivement \u00e0 une entreprise. C'est \u00e9galement compr\u00e9hensible pour Urs P. Amrein, directeur marketing chez Opacc : \"Nous sommes en contact intensif avec nos clients et connaissons tr\u00e8s bien leurs besoins. Les logiciels modernes offrent beaucoup, mais ils mettent aussi les utilisateurs \u00e0 contribution. Les possibilit\u00e9s techniques existent, ce sont les id\u00e9es et les strat\u00e9gies cr\u00e9atives de la part des PME qui sont demand\u00e9es\".<\/p>\n<h2><strong>Les salons sont toujours tr\u00e8s demand\u00e9s<\/strong><\/h2>\n<p>En comparaison avec d'autres manifestations, le salon professionnel topsoft se montre confiant. Pour le directeur de la manifestation Cyrill Schmid, les salons ont bel et bien un avenir : \"La num\u00e9risation nous apporte des formes d'applications informatiques tout \u00e0 fait nouvelles. La complexit\u00e9 est grande et n\u00e9cessite un \u00e9change intensif entre les clients et les fabricants. Un salon comme topsoft est le lieu id\u00e9al pour dialoguer, comparer, exp\u00e9rimenter et nouer des contacts. Les discussions, les questions et les r\u00e9ponses ainsi que le sentiment de ne pas \u00eatre seul face \u00e0 la num\u00e9risation - c'est exactement de cela qu'il s'agit au salon topsoft\".<\/p>\n<p><a href=\"http:\/\/www.topsoft.ch\"><em>www.topsoft.ch<\/em><\/a><\/p>","protected":false},"excerpt":{"rendered":"<p>In Sachen Digitalisierung schwanken viele KMU derzeit zwischen Verunsicherung und Motivation. Eine Gelegenheit, neue Technologien live zu erleben, bot sich auf der diesj\u00e4hrigen IT-Fachmesse topsoft in Z\u00fcrich. Zwei Tage lang konnten die Messebesucher Anwendungen live erleben, Fragen zu L\u00f6sungen stellen und viele Praxistipps mitnehmen. Sowohl die Ausstellung als auch die Referate waren sehr gut besucht. [&hellip;]<\/p>\n","protected":false},"author":4,"featured_media":4168,"comment_status":"open","ping_status":"open","sticky":false,"template":"","format":"standard","meta":{"_acf_changed":false,"_yoast_wpseo_focuskw":"IT-Fachmesse topsoft","_yoast_wpseo_metadesc":"Die IT-Fachmesse topsoft wurde ihrem Ruf als Schaufenster digitaler M\u00f6glichkeiten erneut gerecht; Aussteller und Veranstalter ziehen eine positive Bilanz.","articlekey":"","footnotes":""},"categories":[27],"tags":[193,288,508],"class_list":["post-4167","post","type-post","status-publish","format-standard","has-post-thumbnail","hentry","category-it","tag-fachkongressfachmesse","tag-it-business-software","tag-vermischtes"],"acf":[],"yoast_head":"<!-- This site is optimized with the Yoast SEO plugin v27.5 - https:\/\/yoast.com\/product\/yoast-seo-wordpress\/ -->\n<title>Zufriedene Gesichter auf der IT-Fachmesse topsoft - Organisator<\/title>\n<meta name=\"description\" content=\"Die IT-Fachmesse topsoft wurde ihrem Ruf als Schaufenster digitaler M\u00f6glichkeiten erneut gerecht; Aussteller und Veranstalter ziehen eine positive Bilanz.\" \/>\n<meta name=\"robots\" content=\"index, follow, max-snippet:-1, max-image-preview:large, max-video-preview:-1\" \/>\n<link rel=\"canonical\" href=\"https:\/\/www.organisator.ch\/fr\/gestion-2\/it\/2018-08-31\/zufriedene-gesichter-auf-der-it-fachmesse-topsoft\/\" \/>\n<meta property=\"og:locale\" content=\"fr_FR\" \/>\n<meta property=\"og:type\" content=\"article\" \/>\n<meta property=\"og:title\" content=\"Zufriedene Gesichter auf der IT-Fachmesse topsoft\" \/>\n<meta property=\"og:description\" content=\"Die IT-Fachmesse topsoft wurde ihrem Ruf als Schaufenster digitaler M\u00f6glichkeiten erneut gerecht; Aussteller und Veranstalter ziehen eine positive Bilanz.\" \/>\n<meta property=\"og:url\" content=\"https:\/\/www.organisator.ch\/fr\/gestion-2\/it\/2018-08-31\/zufriedene-gesichter-auf-der-it-fachmesse-topsoft\/\" \/>\n<meta property=\"og:site_name\" content=\"Organisator\" \/>\n<meta property=\"article:publisher\" content=\"https:\/\/www.facebook.com\/OrganisatorFachmagazin\" \/>\n<meta property=\"article:published_time\" content=\"2018-08-31T06:23:29+00:00\" \/>\n<meta property=\"og:image\" content=\"https:\/\/www.organisator.ch\/wp-content\/uploads\/2018\/08\/Zufriedene-Gesichter-auf-der-IT-Fachmesse-topsoft_Organisator.jpg\" \/>\n\t<meta property=\"og:image:width\" content=\"640\" \/>\n\t<meta property=\"og:image:height\" content=\"427\" \/>\n\t<meta property=\"og:image:type\" content=\"image\/jpeg\" \/>\n<meta name=\"author\" content=\"thomas.berner\" \/>\n<meta name=\"twitter:card\" content=\"summary_large_image\" \/>\n<meta name=\"twitter:title\" content=\"Zufriedene Gesichter auf der #IT-Fachmesse #topsoft\" \/>\n<meta name=\"twitter:description\" content=\"Die IT-Fachmesse #topsoft wurde ihrem Ruf als Schaufenster digitaler M\u00f6glichkeiten erneut gerecht; Aussteller und Veranstalter ziehen eine positive Bilanz.\" \/>\n<meta name=\"twitter:image\" content=\"https:\/\/www.organisator.ch\/wp-content\/uploads\/2018\/08\/Zufriedene-Gesichter-auf-der-IT-Fachmesse-topsoft_Organisator.jpg\" \/>\n<script type=\"application\/ld+json\" class=\"yoast-schema-graph\">{\"@context\":\"https:\\\/\\\/schema.org\",\"@graph\":[{\"@type\":\"Article\",\"@id\":\"https:\\\/\\\/www.organisator.ch\\\/management\\\/it\\\/2018-08-31\\\/zufriedene-gesichter-auf-der-it-fachmesse-topsoft\\\/#article\",\"isPartOf\":{\"@id\":\"https:\\\/\\\/www.organisator.ch\\\/management\\\/it\\\/2018-08-31\\\/zufriedene-gesichter-auf-der-it-fachmesse-topsoft\\\/\"},\"author\":{\"name\":\"thomas.berner\",\"@id\":\"https:\\\/\\\/www.organisator.ch\\\/#\\\/schema\\\/person\\\/6f650f90b2842cd4c0cc334b4e36f67e\"},\"headline\":\"Zufriedene Gesichter auf der IT-Fachmesse topsoft\",\"datePublished\":\"2018-08-31T06:23:29+00:00\",\"mainEntityOfPage\":{\"@id\":\"https:\\\/\\\/www.organisator.ch\\\/management\\\/it\\\/2018-08-31\\\/zufriedene-gesichter-auf-der-it-fachmesse-topsoft\\\/\"},\"wordCount\":514,\"commentCount\":0,\"publisher\":{\"@id\":\"https:\\\/\\\/www.organisator.ch\\\/#organization\"},\"image\":{\"@id\":\"https:\\\/\\\/www.organisator.ch\\\/management\\\/it\\\/2018-08-31\\\/zufriedene-gesichter-auf-der-it-fachmesse-topsoft\\\/#primaryimage\"},\"thumbnailUrl\":\"https:\\\/\\\/www.organisator.ch\\\/wp-content\\\/uploads\\\/2018\\\/08\\\/Zufriedene-Gesichter-auf-der-IT-Fachmesse-topsoft_Organisator.jpg\",\"keywords\":[\"Fachkongress\\\/Fachmesse\",\"IT &amp; Business Software\",\"Vermischtes\"],\"articleSection\":[\"IT\"],\"inLanguage\":\"fr-FR\"},{\"@type\":\"WebPage\",\"@id\":\"https:\\\/\\\/www.organisator.ch\\\/management\\\/it\\\/2018-08-31\\\/zufriedene-gesichter-auf-der-it-fachmesse-topsoft\\\/\",\"url\":\"https:\\\/\\\/www.organisator.ch\\\/management\\\/it\\\/2018-08-31\\\/zufriedene-gesichter-auf-der-it-fachmesse-topsoft\\\/\",\"name\":\"Zufriedene Gesichter auf der IT-Fachmesse topsoft - Organisator\",\"isPartOf\":{\"@id\":\"https:\\\/\\\/www.organisator.ch\\\/#website\"},\"primaryImageOfPage\":{\"@id\":\"https:\\\/\\\/www.organisator.ch\\\/management\\\/it\\\/2018-08-31\\\/zufriedene-gesichter-auf-der-it-fachmesse-topsoft\\\/#primaryimage\"},\"image\":{\"@id\":\"https:\\\/\\\/www.organisator.ch\\\/management\\\/it\\\/2018-08-31\\\/zufriedene-gesichter-auf-der-it-fachmesse-topsoft\\\/#primaryimage\"},\"thumbnailUrl\":\"https:\\\/\\\/www.organisator.ch\\\/wp-content\\\/uploads\\\/2018\\\/08\\\/Zufriedene-Gesichter-auf-der-IT-Fachmesse-topsoft_Organisator.jpg\",\"datePublished\":\"2018-08-31T06:23:29+00:00\",\"description\":\"Die IT-Fachmesse topsoft wurde ihrem Ruf als Schaufenster digitaler M\u00f6glichkeiten erneut gerecht; Aussteller und Veranstalter ziehen eine positive Bilanz.\",\"breadcrumb\":{\"@id\":\"https:\\\/\\\/www.organisator.ch\\\/management\\\/it\\\/2018-08-31\\\/zufriedene-gesichter-auf-der-it-fachmesse-topsoft\\\/#breadcrumb\"},\"inLanguage\":\"fr-FR\",\"potentialAction\":[{\"@type\":\"ReadAction\",\"target\":[\"https:\\\/\\\/www.organisator.ch\\\/management\\\/it\\\/2018-08-31\\\/zufriedene-gesichter-auf-der-it-fachmesse-topsoft\\\/\"]}]},{\"@type\":\"ImageObject\",\"inLanguage\":\"fr-FR\",\"@id\":\"https:\\\/\\\/www.organisator.ch\\\/management\\\/it\\\/2018-08-31\\\/zufriedene-gesichter-auf-der-it-fachmesse-topsoft\\\/#primaryimage\",\"url\":\"https:\\\/\\\/www.organisator.ch\\\/wp-content\\\/uploads\\\/2018\\\/08\\\/Zufriedene-Gesichter-auf-der-IT-Fachmesse-topsoft_Organisator.jpg\",\"contentUrl\":\"https:\\\/\\\/www.organisator.ch\\\/wp-content\\\/uploads\\\/2018\\\/08\\\/Zufriedene-Gesichter-auf-der-IT-Fachmesse-topsoft_Organisator.jpg\",\"width\":640,\"height\":427,\"caption\":\"Auf der IT-Fachmesse topsoft zeigte die Engineering-Firma Gritec AG eine L\u00f6sung f\u00fcr \\\"Losgr\u00f6sse 1\\\". (Bild: topsoft \\\/ flickr.com)\"},{\"@type\":\"BreadcrumbList\",\"@id\":\"https:\\\/\\\/www.organisator.ch\\\/management\\\/it\\\/2018-08-31\\\/zufriedene-gesichter-auf-der-it-fachmesse-topsoft\\\/#breadcrumb\",\"itemListElement\":[{\"@type\":\"ListItem\",\"position\":1,\"name\":\"Home\",\"item\":\"https:\\\/\\\/www.organisator.ch\\\/\"},{\"@type\":\"ListItem\",\"position\":2,\"name\":\"Zufriedene Gesichter auf der IT-Fachmesse topsoft\"}]},{\"@type\":\"WebSite\",\"@id\":\"https:\\\/\\\/www.organisator.ch\\\/#website\",\"url\":\"https:\\\/\\\/www.organisator.ch\\\/\",\"name\":\"Organisator\",\"description\":\"Kompetent. Praxisnah. Der ORGANISATOR bereitet in 10 Ausgaben pro Jahr die wesentlichen Themen f\u00fcr F\u00fchrungskr\u00e4fte von KMU auf.\",\"publisher\":{\"@id\":\"https:\\\/\\\/www.organisator.ch\\\/#organization\"},\"potentialAction\":[{\"@type\":\"SearchAction\",\"target\":{\"@type\":\"EntryPoint\",\"urlTemplate\":\"https:\\\/\\\/www.organisator.ch\\\/?s={search_term_string}\"},\"query-input\":{\"@type\":\"PropertyValueSpecification\",\"valueRequired\":true,\"valueName\":\"search_term_string\"}}],\"inLanguage\":\"fr-FR\"},{\"@type\":\"Organization\",\"@id\":\"https:\\\/\\\/www.organisator.ch\\\/#organization\",\"name\":\"Organisator\",\"url\":\"https:\\\/\\\/www.organisator.ch\\\/\",\"logo\":{\"@type\":\"ImageObject\",\"inLanguage\":\"fr-FR\",\"@id\":\"https:\\\/\\\/www.organisator.ch\\\/#\\\/schema\\\/logo\\\/image\\\/\",\"url\":\"https:\\\/\\\/www.organisator.ch\\\/wp-content\\\/uploads\\\/2022\\\/01\\\/Logo_Organisator_Website.png\",\"contentUrl\":\"https:\\\/\\\/www.organisator.ch\\\/wp-content\\\/uploads\\\/2022\\\/01\\\/Logo_Organisator_Website.png\",\"width\":800,\"height\":77,\"caption\":\"Organisator\"},\"image\":{\"@id\":\"https:\\\/\\\/www.organisator.ch\\\/#\\\/schema\\\/logo\\\/image\\\/\"},\"sameAs\":[\"https:\\\/\\\/www.facebook.com\\\/OrganisatorFachmagazin\",\"https:\\\/\\\/www.linkedin.com\\\/showcase\\\/organisator-das-magazin-fr-kmu\",\"https:\\\/\\\/www.xing.com\\\/news\\\/pages\\\/organisator-ch-695\",\"https:\\\/\\\/www.youtube.com\\\/channel\\\/UCGP2Sq0iWaZwT3BdIAQFYpw\"]},{\"@type\":\"Person\",\"@id\":\"https:\\\/\\\/www.organisator.ch\\\/#\\\/schema\\\/person\\\/6f650f90b2842cd4c0cc334b4e36f67e\",\"name\":\"thomas.berner\",\"image\":{\"@type\":\"ImageObject\",\"inLanguage\":\"fr-FR\",\"@id\":\"https:\\\/\\\/secure.gravatar.com\\\/avatar\\\/ac5001d2a36cb6c6cd3e50789007ffca834b477b74a2144564522e944eabff61?s=96&d=mm&r=g\",\"url\":\"https:\\\/\\\/secure.gravatar.com\\\/avatar\\\/ac5001d2a36cb6c6cd3e50789007ffca834b477b74a2144564522e944eabff61?s=96&d=mm&r=g\",\"contentUrl\":\"https:\\\/\\\/secure.gravatar.com\\\/avatar\\\/ac5001d2a36cb6c6cd3e50789007ffca834b477b74a2144564522e944eabff61?s=96&d=mm&r=g\",\"caption\":\"thomas.berner\"},\"url\":\"https:\\\/\\\/www.organisator.ch\\\/fr\\\/author\\\/thomas-berner\\\/\"}]}<\/script>\n<!-- \/ Yoast SEO plugin. -->","yoast_head_json":{"title":"Des visages satisfaits au salon professionnel IT topsoft - Organisateur","description":"Le salon professionnel IT topsoft a une nouvelle fois \u00e9t\u00e9 \u00e0 la hauteur de sa r\u00e9putation de vitrine des possibilit\u00e9s num\u00e9riques ; les exposants et les organisateurs tirent un bilan positif.","robots":{"index":"index","follow":"follow","max-snippet":"max-snippet:-1","max-image-preview":"max-image-preview:large","max-video-preview":"max-video-preview:-1"},"canonical":"https:\/\/www.organisator.ch\/fr\/gestion-2\/it\/2018-08-31\/zufriedene-gesichter-auf-der-it-fachmesse-topsoft\/","og_locale":"fr_FR","og_type":"article","og_title":"Zufriedene Gesichter auf der IT-Fachmesse topsoft","og_description":"Die IT-Fachmesse topsoft wurde ihrem Ruf als Schaufenster digitaler M\u00f6glichkeiten erneut gerecht; Aussteller und Veranstalter ziehen eine positive Bilanz.","og_url":"https:\/\/www.organisator.ch\/fr\/gestion-2\/it\/2018-08-31\/zufriedene-gesichter-auf-der-it-fachmesse-topsoft\/","og_site_name":"Organisator","article_publisher":"https:\/\/www.facebook.com\/OrganisatorFachmagazin","article_published_time":"2018-08-31T06:23:29+00:00","og_image":[{"width":640,"height":427,"url":"https:\/\/www.organisator.ch\/wp-content\/uploads\/2018\/08\/Zufriedene-Gesichter-auf-der-IT-Fachmesse-topsoft_Organisator.jpg","type":"image\/jpeg"}],"author":"thomas.berner","twitter_card":"summary_large_image","twitter_title":"Zufriedene Gesichter auf der #IT-Fachmesse #topsoft","twitter_description":"Die IT-Fachmesse #topsoft wurde ihrem Ruf als Schaufenster digitaler M\u00f6glichkeiten erneut gerecht; Aussteller und Veranstalter ziehen eine positive Bilanz.","twitter_image":"https:\/\/www.organisator.ch\/wp-content\/uploads\/2018\/08\/Zufriedene-Gesichter-auf-der-IT-Fachmesse-topsoft_Organisator.jpg","schema":{"@context":"https:\/\/schema.org","@graph":[{"@type":"Article","@id":"https:\/\/www.organisator.ch\/management\/it\/2018-08-31\/zufriedene-gesichter-auf-der-it-fachmesse-topsoft\/#article","isPartOf":{"@id":"https:\/\/www.organisator.ch\/management\/it\/2018-08-31\/zufriedene-gesichter-auf-der-it-fachmesse-topsoft\/"},"author":{"name":"thomas.berner","@id":"https:\/\/www.organisator.ch\/#\/schema\/person\/6f650f90b2842cd4c0cc334b4e36f67e"},"headline":"Zufriedene Gesichter auf der IT-Fachmesse topsoft","datePublished":"2018-08-31T06:23:29+00:00","mainEntityOfPage":{"@id":"https:\/\/www.organisator.ch\/management\/it\/2018-08-31\/zufriedene-gesichter-auf-der-it-fachmesse-topsoft\/"},"wordCount":514,"commentCount":0,"publisher":{"@id":"https:\/\/www.organisator.ch\/#organization"},"image":{"@id":"https:\/\/www.organisator.ch\/management\/it\/2018-08-31\/zufriedene-gesichter-auf-der-it-fachmesse-topsoft\/#primaryimage"},"thumbnailUrl":"https:\/\/www.organisator.ch\/wp-content\/uploads\/2018\/08\/Zufriedene-Gesichter-auf-der-IT-Fachmesse-topsoft_Organisator.jpg","keywords":["Fachkongress\/Fachmesse","IT &amp; Business Software","Vermischtes"],"articleSection":["IT"],"inLanguage":"fr-FR"},{"@type":"WebPage","@id":"https:\/\/www.organisator.ch\/management\/it\/2018-08-31\/zufriedene-gesichter-auf-der-it-fachmesse-topsoft\/","url":"https:\/\/www.organisator.ch\/management\/it\/2018-08-31\/zufriedene-gesichter-auf-der-it-fachmesse-topsoft\/","name":"Des visages satisfaits au salon professionnel IT topsoft - Organisateur","isPartOf":{"@id":"https:\/\/www.organisator.ch\/#website"},"primaryImageOfPage":{"@id":"https:\/\/www.organisator.ch\/management\/it\/2018-08-31\/zufriedene-gesichter-auf-der-it-fachmesse-topsoft\/#primaryimage"},"image":{"@id":"https:\/\/www.organisator.ch\/management\/it\/2018-08-31\/zufriedene-gesichter-auf-der-it-fachmesse-topsoft\/#primaryimage"},"thumbnailUrl":"https:\/\/www.organisator.ch\/wp-content\/uploads\/2018\/08\/Zufriedene-Gesichter-auf-der-IT-Fachmesse-topsoft_Organisator.jpg","datePublished":"2018-08-31T06:23:29+00:00","description":"Le salon professionnel IT topsoft a une nouvelle fois \u00e9t\u00e9 \u00e0 la hauteur de sa r\u00e9putation de vitrine des possibilit\u00e9s num\u00e9riques ; les exposants et les organisateurs tirent un bilan positif.","breadcrumb":{"@id":"https:\/\/www.organisator.ch\/management\/it\/2018-08-31\/zufriedene-gesichter-auf-der-it-fachmesse-topsoft\/#breadcrumb"},"inLanguage":"fr-FR","potentialAction":[{"@type":"ReadAction","target":["https:\/\/www.organisator.ch\/management\/it\/2018-08-31\/zufriedene-gesichter-auf-der-it-fachmesse-topsoft\/"]}]},{"@type":"ImageObject","inLanguage":"fr-FR","@id":"https:\/\/www.organisator.ch\/management\/it\/2018-08-31\/zufriedene-gesichter-auf-der-it-fachmesse-topsoft\/#primaryimage","url":"https:\/\/www.organisator.ch\/wp-content\/uploads\/2018\/08\/Zufriedene-Gesichter-auf-der-IT-Fachmesse-topsoft_Organisator.jpg","contentUrl":"https:\/\/www.organisator.ch\/wp-content\/uploads\/2018\/08\/Zufriedene-Gesichter-auf-der-IT-Fachmesse-topsoft_Organisator.jpg","width":640,"height":427,"caption":"Auf der IT-Fachmesse topsoft zeigte die Engineering-Firma Gritec AG eine L\u00f6sung f\u00fcr \"Losgr\u00f6sse 1\". (Bild: topsoft \/ flickr.com)"},{"@type":"BreadcrumbList","@id":"https:\/\/www.organisator.ch\/management\/it\/2018-08-31\/zufriedene-gesichter-auf-der-it-fachmesse-topsoft\/#breadcrumb","itemListElement":[{"@type":"ListItem","position":1,"name":"Home","item":"https:\/\/www.organisator.ch\/"},{"@type":"ListItem","position":2,"name":"Zufriedene Gesichter auf der IT-Fachmesse topsoft"}]},{"@type":"WebSite","@id":"https:\/\/www.organisator.ch\/#website","url":"https:\/\/www.organisator.ch\/","name":"Organisateur","description":"Comp\u00e9tence et comp\u00e9tence. Proches de la pratique. L'ORGANISATEUR pr\u00e9pare 10 num\u00e9ros par an sur les th\u00e8mes essentiels pour les dirigeants de PME.","publisher":{"@id":"https:\/\/www.organisator.ch\/#organization"},"potentialAction":[{"@type":"SearchAction","target":{"@type":"EntryPoint","urlTemplate":"https:\/\/www.organisator.ch\/?s={search_term_string}"},"query-input":{"@type":"PropertyValueSpecification","valueRequired":true,"valueName":"search_term_string"}}],"inLanguage":"fr-FR"},{"@type":"Organization","@id":"https:\/\/www.organisator.ch\/#organization","name":"Organisateur","url":"https:\/\/www.organisator.ch\/","logo":{"@type":"ImageObject","inLanguage":"fr-FR","@id":"https:\/\/www.organisator.ch\/#\/schema\/logo\/image\/","url":"https:\/\/www.organisator.ch\/wp-content\/uploads\/2022\/01\/Logo_Organisator_Website.png","contentUrl":"https:\/\/www.organisator.ch\/wp-content\/uploads\/2022\/01\/Logo_Organisator_Website.png","width":800,"height":77,"caption":"Organisator"},"image":{"@id":"https:\/\/www.organisator.ch\/#\/schema\/logo\/image\/"},"sameAs":["https:\/\/www.facebook.com\/OrganisatorFachmagazin","https:\/\/www.linkedin.com\/showcase\/organisator-das-magazin-fr-kmu","https:\/\/www.xing.com\/news\/pages\/organisator-ch-695","https:\/\/www.youtube.com\/channel\/UCGP2Sq0iWaZwT3BdIAQFYpw"]},{"@type":"Person","@id":"https:\/\/www.organisator.ch\/#\/schema\/person\/6f650f90b2842cd4c0cc334b4e36f67e","name":"thomas.berner","image":{"@type":"ImageObject","inLanguage":"fr-FR","@id":"https:\/\/secure.gravatar.com\/avatar\/ac5001d2a36cb6c6cd3e50789007ffca834b477b74a2144564522e944eabff61?s=96&d=mm&r=g","url":"https:\/\/secure.gravatar.com\/avatar\/ac5001d2a36cb6c6cd3e50789007ffca834b477b74a2144564522e944eabff61?s=96&d=mm&r=g","contentUrl":"https:\/\/secure.gravatar.com\/avatar\/ac5001d2a36cb6c6cd3e50789007ffca834b477b74a2144564522e944eabff61?s=96&d=mm&r=g","caption":"thomas.berner"},"url":"https:\/\/www.organisator.ch\/fr\/author\/thomas-berner\/"}]}},"_links":{"self":[{"href":"https:\/\/www.organisator.ch\/fr\/wp-json\/wp\/v2\/posts\/4167","targetHints":{"allow":["GET"]}}],"collection":[{"href":"https:\/\/www.organisator.ch\/fr\/wp-json\/wp\/v2\/posts"}],"about":[{"href":"https:\/\/www.organisator.ch\/fr\/wp-json\/wp\/v2\/types\/post"}],"author":[{"embeddable":true,"href":"https:\/\/www.organisator.ch\/fr\/wp-json\/wp\/v2\/users\/4"}],"replies":[{"embeddable":true,"href":"https:\/\/www.organisator.ch\/fr\/wp-json\/wp\/v2\/comments?post=4167"}],"version-history":[{"count":0,"href":"https:\/\/www.organisator.ch\/fr\/wp-json\/wp\/v2\/posts\/4167\/revisions"}],"wp:featuredmedia":[{"embeddable":true,"href":"https:\/\/www.organisator.ch\/fr\/wp-json\/wp\/v2\/media\/4168"}],"wp:attachment":[{"href":"https:\/\/www.organisator.ch\/fr\/wp-json\/wp\/v2\/media?parent=4167"}],"wp:term":[{"taxonomy":"category","embeddable":true,"href":"https:\/\/www.organisator.ch\/fr\/wp-json\/wp\/v2\/categories?post=4167"},{"taxonomy":"post_tag","embeddable":true,"href":"https:\/\/www.organisator.ch\/fr\/wp-json\/wp\/v2\/tags?post=4167"}],"curies":[{"name":"wp","href":"https:\/\/api.w.org\/{rel}","templated":true}]}}