{"id":41721,"date":"2025-11-04T08:29:18","date_gmt":"2025-11-04T07:29:18","guid":{"rendered":"https:\/\/www.organisator.ch\/?p=41721"},"modified":"2025-11-04T08:29:18","modified_gmt":"2025-11-04T07:29:18","slug":"studie-zeigt-das-klimapotenzial-von-secondhand-produkten","status":"publish","type":"post","link":"https:\/\/www.organisator.ch\/fr\/sustainability\/2025-11-04\/studie-zeigt-das-klimapotenzial-von-secondhand-produkten\/","title":{"rendered":"Une \u00e9tude montre le potentiel climatique des produits de seconde main"},"content":{"rendered":"<figure id=\"attachment_41722\" aria-describedby=\"caption-attachment-41722\" style=\"width: 680px\" class=\"wp-caption alignnone\"><img loading=\"lazy\" decoding=\"async\" class=\"size-full wp-image-41722\" src=\"https:\/\/www.organisator.ch\/wp-content\/uploads\/2025\/11\/Studie-zeigt-das-Klimapotenzial-von-Secondhand-Produkten_Organisator.jpg\" alt=\"\" width=\"680\" height=\"452\" srcset=\"https:\/\/www.organisator.ch\/wp-content\/uploads\/2025\/11\/Studie-zeigt-das-Klimapotenzial-von-Secondhand-Produkten_Organisator.jpg 680w, https:\/\/www.organisator.ch\/wp-content\/uploads\/2025\/11\/Studie-zeigt-das-Klimapotenzial-von-Secondhand-Produkten_Organisator-18x12.jpg 18w, https:\/\/www.organisator.ch\/wp-content\/uploads\/2025\/11\/Studie-zeigt-das-Klimapotenzial-von-Secondhand-Produkten_Organisator-375x249.jpg 375w, https:\/\/www.organisator.ch\/wp-content\/uploads\/2025\/11\/Studie-zeigt-das-Klimapotenzial-von-Secondhand-Produkten_Organisator-527x350.jpg 527w\" sizes=\"auto, (max-width: 680px) 100vw, 680px\" \/><figcaption id=\"caption-attachment-41722\" class=\"wp-caption-text\">Des marchandises d'une valeur de 16 milliards de francs dorment dans les caves suisses. francs suisses. Derri\u00e8re cela se cache un grand potentiel climatique. (Image : Robinson Greig \/ Unsplash.com)<\/figcaption><\/figure>\n<p>Le d\u00e9veloppement croissant de la seconde main est un v\u00e9ritable levier climatique. En Suisse, le pouvoir d'achat \u00e9lev\u00e9, la p\u00e9n\u00e9tration num\u00e9rique et une conscience aigu\u00eb de la durabilit\u00e9 poussent de plus en plus la croissance du secteur de la seconde main en ligne. En 2024, le commerce num\u00e9rique de seconde main en Suisse a permis d'\u00e9viter des \u00e9missions de CO\u2082e estim\u00e9es \u00e0 166\u2019368 tonnes, ce qui correspond \u00e0 environ 1,8 % de l'empreinte de consommation annuelle des m\u00e9nages suisses. C'est le r\u00e9sultat d'une analyse r\u00e9cente r\u00e9alis\u00e9e \u00e0 la demande du SMG Swiss Marketplace Group dans le cadre du <a href=\"https:\/\/www.secondhandday.ch\/\">Journ\u00e9e de la seconde main<\/a> en collaboration avec <a href=\"https:\/\/www.vaayu.tech\/about\">Vaayu<\/a> a \u00e9t\u00e9 r\u00e9alis\u00e9e. L'analyse se base sur une \u00e9tude de McKinsey &amp; Company parue en juillet 2025, sur des publications de l'Office f\u00e9d\u00e9ral de la statistique et sur une \u00e9tude r\u00e9alis\u00e9e par Vaayu qui, en collaboration avec la SMG, calcule dans le \u201cAvoided Emissions Report 2024\u201d les \u00e9missions de gaz \u00e0 effet de serre potentiellement \u00e9vit\u00e9es par les places de march\u00e9 SMG Ricardo, tutti.ch et anibis.ch. L'analyse actuelle r\u00e9alis\u00e9e par Vaayu quantifie pour la premi\u00e8re fois de mani\u00e8re compl\u00e8te dans quelle mesure le commerce suisse de seconde main en ligne contribue \u00e0 \u00e9viter les \u00e9missions de CO\u2082e. Pour calculer les \u00e9missions de gaz \u00e0 effet de serre potentiellement \u00e9vit\u00e9es, le volume des transactions de neuf plateformes suisses de seconde main de premier plan a \u00e9t\u00e9 analys\u00e9. L'\u00e9tude s'est concentr\u00e9e sur les cat\u00e9gories de biens de consommation comme les enfants &amp; b\u00e9b\u00e9s, l'\u00e9lectronique, la mode &amp; les accessoires, la maison &amp; l'habitat, les loisirs, le sport &amp; les hobbies.<\/p>\n<h3><strong>Revente d'objets inutilis\u00e9s : possibilit\u00e9 de multiplier par 17 les \u00e9missions de gaz \u00e0 effet de serre \u00e9vit\u00e9es une seule fois<\/strong><\/h3>\n<p>L'analyse actuelle de SMG et Vaayu montre que les \u00e9missions de gaz \u00e0 effet de serre \u00e9vit\u00e9es par le commerce de seconde main en ligne correspondent, en 2024, \u00e0 une estimation de 1,8 % de l'empreinte de consommation annuelle des m\u00e9nages suisses, sur la base des d\u00e9penses de tous les m\u00e9nages suisses en 2021 (r\u00e9f\u00e9rence : OFS). Un chiffre consid\u00e9rable avec une marge de progression importante. En effet, l'analyse montre \u00e9galement qu'un immense potentiel de revente d'objets inutilis\u00e9s et encore en \u00e9tat de marche sommeille actuellement dans les m\u00e9nages suisses. Selon l'\u00e9tude McKinsey, qui a servi de base \u00e0 l'analyse de SMG et Vaayu, chaque m\u00e9nage suisse contient des biens inutilis\u00e9s d'une valeur moyenne de 4 000 CHF. Vaayu calcule et met en relation cette valeur avec l'impact climatique potentiel suivant : les \u00e9missions potentiellement \u00e9vitables des objets inutilis\u00e9s - c'est-\u00e0-dire si ces tr\u00e9sors \u00e9taient revendus dans les m\u00e9nages suisses et rempla\u00e7aient ainsi l'achat de nouveaux produits - correspondaient en 2024 \u00e0 environ 30,6 % (2,8 millions de tonnes de CO\u2082e) de l'empreinte de consommation annuelle des m\u00e9nages suisses. Autrement dit, si tous les objets inutilis\u00e9s des m\u00e9nages suisses \u00e9taient revendus et r\u00e9utilis\u00e9s, on estime qu'il serait possible de multiplier une fois par 17 l'empreinte de consommation annuelle de 1,8 % pour atteindre 30,6 %.<\/p>\n<h3><strong>Pr\u00e9vision : 10 % de plus de CO<sub>2<\/sub>Potentiel d'\u00e9conomies d'\u00e9nergie d'ici 2029<\/strong><\/h3>\n<p>L'\u00e9tude sur les places de march\u00e9 en ligne de McKinsey &amp; Company, utilis\u00e9e comme base pour l'analyse actuelle, pr\u00e9voit une croissance annuelle continue de 3 % du volume de transactions des places de march\u00e9 suisses de seconde main en ligne. Sur cette base, 183 209 tonnes d'\u00e9missions de CO\u2082e pourraient potentiellement \u00eatre \u00e9vit\u00e9es par la consommation de seconde main en ligne en Suisse en 2029, soit une croissance de 10 % par rapport \u00e0 2024. Ce potentiel d'\u00e9conomie ne refl\u00e8te que la croissance estim\u00e9e du march\u00e9 (il ne tient pas compte des changements de comportement suppl\u00e9mentaires des consommateurs ou des optimisations de la production comme la d\u00e9carbonisation de la production en Chine).<\/p>\n<p>L'analyse de Vaayu ajoute \u00e0 la simple estimation de la croissance du march\u00e9 d'\u00e9ventuels changements durables dans les habitudes de consommation, ce qui donne le sc\u00e9nario suivant \u00e0 l'horizon 2029 : Si la part des achats de seconde main qui remplacent effectivement des produits neufs (taux de remplacement) augmente progressivement de 53 % \u00e0 60 % d'ici 2029, cela permettrait d'\u00e9viter 23 % d'\u00e9missions de gaz \u00e0 effet de serre suppl\u00e9mentaires par rapport aux pr\u00e9visions bas\u00e9es uniquement sur la croissance du march\u00e9. Cela signifierait : Chaque augmentation d'un point de pourcentage du taux de remplacement permet d'\u00e9viter plus de 3 % d'\u00e9missions suppl\u00e9mentaires.<\/p>\n<h3><strong>SMG, partenaire du Secondhand Day<\/strong><\/h3>\n<p>L'analyse r\u00e9alis\u00e9e par SMG en collaboration avec Vaayu dans le cadre de la Journ\u00e9e nationale du Secondhand de cette ann\u00e9e, le samedi 8 novembre 2025, montre quels petits changements dans les habitudes de consommation peuvent avoir un r\u00e9el impact sur le climat. \u201cLes r\u00e9sultats de l'analyse actuelle sont impressionnants et nous motivent \u00e0 continuer d'augmenter le potentiel cach\u00e9 du march\u00e9 de l'occasion et du climat en Suisse avec nos places de march\u00e9 en ligne Ricardo, tutti.ch et anibis.ch\u201d, d\u00e9clare Jessica List, Chief Corporate Officer de la SMG. En tant que partenaire du Secondhand Day de cette ann\u00e9e, la SMG soutient cette journ\u00e9e d'action annuelle, cr\u00e9\u00e9e en 2020 par Ricardo, myclimate et Circular Economy Suisse.<\/p>\n<p><em>Sources :<\/em><\/p>\n<ul>\n<li><em>McKinsey &amp; Company : <a href=\"https:\/\/www.mckinsey.com\/industries\/private-capital\/our-insights\/unlocking-switzerlands-potential-the-rise-of-online-marketplaces#\/\">D\u00e9bloquer le potentiel de la Suisse : l'essor des places de march\u00e9 en ligne<\/a><\/em><\/li>\n<li><em>Office f\u00e9d\u00e9ral de la statistique : <a href=\"https:\/\/www.bfs.admin.ch\/bfs\/de\/home\/statistiken\/raum-umwelt\/umweltgesamtrechnung\/luftemissionen.assetdetail.27705358.html\">Empreinte des gaz \u00e0 effet de serre des m\u00e9nages par poste de d\u00e9pense<\/a><\/em><\/li>\n<li><em>SMG Swiss Marketplace Group : <a href=\"https:\/\/swissmarketplace.group\/esg\/sustainability-report\/\">Rapport sur les \u00e9missions \u00e9vit\u00e9es 2024<\/a><\/em><\/li>\n<\/ul>","protected":false},"excerpt":{"rendered":"<p>La Suisse enregistre une forte croissance du segment de march\u00e9 en ligne des produits de seconde main. Cette \u00e9volution est soutenue par une forte acceptation num\u00e9rique, un pouvoir d'achat \u00e9lev\u00e9 et une culture de la durabilit\u00e9 et de la qualit\u00e9. Une \u00e9tude de SMG Swiss Marketplace Group et Vaayu s'est pench\u00e9e sur les \u00e9missions de CO\u2082 \u00e9vit\u00e9es gr\u00e2ce au commerce de biens d'occasion sur les places de march\u00e9 num\u00e9riques en 2024. <\/p>","protected":false},"author":4,"featured_media":41722,"comment_status":"closed","ping_status":"closed","sticky":false,"template":"","format":"standard","meta":{"_acf_changed":false,"_yoast_wpseo_focuskw":"Klimapotenzial","_yoast_wpseo_metadesc":"Eine Studie von SMG Swiss Marketplace Group und Vaayu befasst sich mit dem Klimapotenzial von Secondhand-Produkten.","articlekey":"","footnotes":""},"categories":[580],"tags":[163,594,358,459],"class_list":["post-41721","post","type-post","status-publish","format-standard","has-post-thumbnail","hentry","category-sustainability","tag-e-commerce","tag-kreislaufwirtschaft","tag-nachhaltige-wirtschaft","tag-studie"],"acf":[],"yoast_head":"<!-- This site is optimized with the Yoast SEO plugin v27.5 - https:\/\/yoast.com\/product\/yoast-seo-wordpress\/ -->\n<title>Studie zeigt das Klimapotenzial von Secondhand-Produkten - Organisator<\/title>\n<meta name=\"description\" content=\"Eine Studie von SMG Swiss Marketplace Group und Vaayu befasst sich mit dem Klimapotenzial von Secondhand-Produkten.\" \/>\n<meta name=\"robots\" content=\"index, follow, max-snippet:-1, max-image-preview:large, max-video-preview:-1\" \/>\n<link rel=\"canonical\" href=\"https:\/\/www.organisator.ch\/fr\/sustainability\/2025-11-04\/studie-zeigt-das-klimapotenzial-von-secondhand-produkten\/\" \/>\n<meta property=\"og:locale\" content=\"fr_FR\" \/>\n<meta property=\"og:type\" content=\"article\" \/>\n<meta property=\"og:title\" content=\"Studie zeigt das Klimapotenzial von Secondhand-Produkten\" \/>\n<meta property=\"og:description\" content=\"Eine Studie von SMG Swiss Marketplace Group und Vaayu befasst sich mit dem Klimapotenzial von Secondhand-Produkten.\" \/>\n<meta property=\"og:url\" content=\"https:\/\/www.organisator.ch\/fr\/sustainability\/2025-11-04\/studie-zeigt-das-klimapotenzial-von-secondhand-produkten\/\" \/>\n<meta property=\"og:site_name\" content=\"Organisator\" \/>\n<meta property=\"article:publisher\" content=\"https:\/\/www.facebook.com\/OrganisatorFachmagazin\" \/>\n<meta property=\"article:published_time\" content=\"2025-11-04T07:29:18+00:00\" \/>\n<meta property=\"og:image\" content=\"https:\/\/www.organisator.ch\/wp-content\/uploads\/2025\/11\/Studie-zeigt-das-Klimapotenzial-von-Secondhand-Produkten_Organisator.jpg\" \/>\n\t<meta property=\"og:image:width\" content=\"680\" \/>\n\t<meta property=\"og:image:height\" content=\"452\" \/>\n\t<meta property=\"og:image:type\" content=\"image\/jpeg\" \/>\n<meta name=\"author\" content=\"thomas.berner\" \/>\n<meta name=\"twitter:card\" content=\"summary_large_image\" \/>\n<meta name=\"twitter:title\" content=\"Studie zeigt das #Klimapotenzial von #Secondhand-Produkten\" \/>\n<meta name=\"twitter:description\" content=\"Eine Studie von #SMG Swiss Marketplace Group und #Vaayu befasst sich mit dem #Klimapotenzial von #Secondhand-Produkten.\" \/>\n<meta name=\"twitter:image\" content=\"https:\/\/www.organisator.ch\/wp-content\/uploads\/2025\/11\/Studie-zeigt-das-Klimapotenzial-von-Secondhand-Produkten_Organisator.jpg\" \/>\n<script type=\"application\/ld+json\" class=\"yoast-schema-graph\">{\"@context\":\"https:\\\/\\\/schema.org\",\"@graph\":[{\"@type\":\"Article\",\"@id\":\"https:\\\/\\\/www.organisator.ch\\\/sustainability\\\/2025-11-04\\\/studie-zeigt-das-klimapotenzial-von-secondhand-produkten\\\/#article\",\"isPartOf\":{\"@id\":\"https:\\\/\\\/www.organisator.ch\\\/sustainability\\\/2025-11-04\\\/studie-zeigt-das-klimapotenzial-von-secondhand-produkten\\\/\"},\"author\":{\"name\":\"thomas.berner\",\"@id\":\"https:\\\/\\\/www.organisator.ch\\\/#\\\/schema\\\/person\\\/6f650f90b2842cd4c0cc334b4e36f67e\"},\"headline\":\"Studie zeigt das Klimapotenzial von Secondhand-Produkten\",\"datePublished\":\"2025-11-04T07:29:18+00:00\",\"mainEntityOfPage\":{\"@id\":\"https:\\\/\\\/www.organisator.ch\\\/sustainability\\\/2025-11-04\\\/studie-zeigt-das-klimapotenzial-von-secondhand-produkten\\\/\"},\"wordCount\":725,\"publisher\":{\"@id\":\"https:\\\/\\\/www.organisator.ch\\\/#organization\"},\"image\":{\"@id\":\"https:\\\/\\\/www.organisator.ch\\\/sustainability\\\/2025-11-04\\\/studie-zeigt-das-klimapotenzial-von-secondhand-produkten\\\/#primaryimage\"},\"thumbnailUrl\":\"https:\\\/\\\/www.organisator.ch\\\/wp-content\\\/uploads\\\/2025\\\/11\\\/Studie-zeigt-das-Klimapotenzial-von-Secondhand-Produkten_Organisator.jpg\",\"keywords\":[\"E-Commerce\",\"Kreislaufwirtschaft\",\"Nachhaltige Wirtschaft\",\"Studie\"],\"articleSection\":[\"SUSTAINABILITY\"],\"inLanguage\":\"fr-FR\"},{\"@type\":\"WebPage\",\"@id\":\"https:\\\/\\\/www.organisator.ch\\\/sustainability\\\/2025-11-04\\\/studie-zeigt-das-klimapotenzial-von-secondhand-produkten\\\/\",\"url\":\"https:\\\/\\\/www.organisator.ch\\\/sustainability\\\/2025-11-04\\\/studie-zeigt-das-klimapotenzial-von-secondhand-produkten\\\/\",\"name\":\"Studie zeigt das Klimapotenzial von Secondhand-Produkten - Organisator\",\"isPartOf\":{\"@id\":\"https:\\\/\\\/www.organisator.ch\\\/#website\"},\"primaryImageOfPage\":{\"@id\":\"https:\\\/\\\/www.organisator.ch\\\/sustainability\\\/2025-11-04\\\/studie-zeigt-das-klimapotenzial-von-secondhand-produkten\\\/#primaryimage\"},\"image\":{\"@id\":\"https:\\\/\\\/www.organisator.ch\\\/sustainability\\\/2025-11-04\\\/studie-zeigt-das-klimapotenzial-von-secondhand-produkten\\\/#primaryimage\"},\"thumbnailUrl\":\"https:\\\/\\\/www.organisator.ch\\\/wp-content\\\/uploads\\\/2025\\\/11\\\/Studie-zeigt-das-Klimapotenzial-von-Secondhand-Produkten_Organisator.jpg\",\"datePublished\":\"2025-11-04T07:29:18+00:00\",\"description\":\"Eine Studie von SMG Swiss Marketplace Group und Vaayu befasst sich mit dem Klimapotenzial von Secondhand-Produkten.\",\"breadcrumb\":{\"@id\":\"https:\\\/\\\/www.organisator.ch\\\/sustainability\\\/2025-11-04\\\/studie-zeigt-das-klimapotenzial-von-secondhand-produkten\\\/#breadcrumb\"},\"inLanguage\":\"fr-FR\",\"potentialAction\":[{\"@type\":\"ReadAction\",\"target\":[\"https:\\\/\\\/www.organisator.ch\\\/sustainability\\\/2025-11-04\\\/studie-zeigt-das-klimapotenzial-von-secondhand-produkten\\\/\"]}]},{\"@type\":\"ImageObject\",\"inLanguage\":\"fr-FR\",\"@id\":\"https:\\\/\\\/www.organisator.ch\\\/sustainability\\\/2025-11-04\\\/studie-zeigt-das-klimapotenzial-von-secondhand-produkten\\\/#primaryimage\",\"url\":\"https:\\\/\\\/www.organisator.ch\\\/wp-content\\\/uploads\\\/2025\\\/11\\\/Studie-zeigt-das-Klimapotenzial-von-Secondhand-Produkten_Organisator.jpg\",\"contentUrl\":\"https:\\\/\\\/www.organisator.ch\\\/wp-content\\\/uploads\\\/2025\\\/11\\\/Studie-zeigt-das-Klimapotenzial-von-Secondhand-Produkten_Organisator.jpg\",\"width\":680,\"height\":452,\"caption\":\"In Schweizer Kellern schlummert Ware von 16 Mia. Franken. Dahinter verbirgt sich ein grosses Klimapotenzial. (Bild: Robinson Greig \\\/ Unsplash.com)\"},{\"@type\":\"BreadcrumbList\",\"@id\":\"https:\\\/\\\/www.organisator.ch\\\/sustainability\\\/2025-11-04\\\/studie-zeigt-das-klimapotenzial-von-secondhand-produkten\\\/#breadcrumb\",\"itemListElement\":[{\"@type\":\"ListItem\",\"position\":1,\"name\":\"Home\",\"item\":\"https:\\\/\\\/www.organisator.ch\\\/\"},{\"@type\":\"ListItem\",\"position\":2,\"name\":\"Studie zeigt das Klimapotenzial von Secondhand-Produkten\"}]},{\"@type\":\"WebSite\",\"@id\":\"https:\\\/\\\/www.organisator.ch\\\/#website\",\"url\":\"https:\\\/\\\/www.organisator.ch\\\/\",\"name\":\"Organisator\",\"description\":\"Kompetent. Praxisnah. Der ORGANISATOR bereitet in 10 Ausgaben pro Jahr die wesentlichen Themen f\u00fcr F\u00fchrungskr\u00e4fte von KMU auf.\",\"publisher\":{\"@id\":\"https:\\\/\\\/www.organisator.ch\\\/#organization\"},\"potentialAction\":[{\"@type\":\"SearchAction\",\"target\":{\"@type\":\"EntryPoint\",\"urlTemplate\":\"https:\\\/\\\/www.organisator.ch\\\/?s={search_term_string}\"},\"query-input\":{\"@type\":\"PropertyValueSpecification\",\"valueRequired\":true,\"valueName\":\"search_term_string\"}}],\"inLanguage\":\"fr-FR\"},{\"@type\":\"Organization\",\"@id\":\"https:\\\/\\\/www.organisator.ch\\\/#organization\",\"name\":\"Organisator\",\"url\":\"https:\\\/\\\/www.organisator.ch\\\/\",\"logo\":{\"@type\":\"ImageObject\",\"inLanguage\":\"fr-FR\",\"@id\":\"https:\\\/\\\/www.organisator.ch\\\/#\\\/schema\\\/logo\\\/image\\\/\",\"url\":\"https:\\\/\\\/www.organisator.ch\\\/wp-content\\\/uploads\\\/2022\\\/01\\\/Logo_Organisator_Website.png\",\"contentUrl\":\"https:\\\/\\\/www.organisator.ch\\\/wp-content\\\/uploads\\\/2022\\\/01\\\/Logo_Organisator_Website.png\",\"width\":800,\"height\":77,\"caption\":\"Organisator\"},\"image\":{\"@id\":\"https:\\\/\\\/www.organisator.ch\\\/#\\\/schema\\\/logo\\\/image\\\/\"},\"sameAs\":[\"https:\\\/\\\/www.facebook.com\\\/OrganisatorFachmagazin\",\"https:\\\/\\\/www.linkedin.com\\\/showcase\\\/organisator-das-magazin-fr-kmu\",\"https:\\\/\\\/www.xing.com\\\/news\\\/pages\\\/organisator-ch-695\",\"https:\\\/\\\/www.youtube.com\\\/channel\\\/UCGP2Sq0iWaZwT3BdIAQFYpw\"]},{\"@type\":\"Person\",\"@id\":\"https:\\\/\\\/www.organisator.ch\\\/#\\\/schema\\\/person\\\/6f650f90b2842cd4c0cc334b4e36f67e\",\"name\":\"thomas.berner\",\"image\":{\"@type\":\"ImageObject\",\"inLanguage\":\"fr-FR\",\"@id\":\"https:\\\/\\\/secure.gravatar.com\\\/avatar\\\/ac5001d2a36cb6c6cd3e50789007ffca834b477b74a2144564522e944eabff61?s=96&d=mm&r=g\",\"url\":\"https:\\\/\\\/secure.gravatar.com\\\/avatar\\\/ac5001d2a36cb6c6cd3e50789007ffca834b477b74a2144564522e944eabff61?s=96&d=mm&r=g\",\"contentUrl\":\"https:\\\/\\\/secure.gravatar.com\\\/avatar\\\/ac5001d2a36cb6c6cd3e50789007ffca834b477b74a2144564522e944eabff61?s=96&d=mm&r=g\",\"caption\":\"thomas.berner\"},\"url\":\"https:\\\/\\\/www.organisator.ch\\\/fr\\\/author\\\/thomas-berner\\\/\"}]}<\/script>\n<!-- \/ Yoast SEO plugin. -->","yoast_head_json":{"title":"Une \u00e9tude montre le potentiel climatique des produits de seconde main - Organisateur","description":"Une \u00e9tude de SMG Swiss Marketplace Group et Vaayu se penche sur le potentiel climatique des produits de seconde main.","robots":{"index":"index","follow":"follow","max-snippet":"max-snippet:-1","max-image-preview":"max-image-preview:large","max-video-preview":"max-video-preview:-1"},"canonical":"https:\/\/www.organisator.ch\/fr\/sustainability\/2025-11-04\/studie-zeigt-das-klimapotenzial-von-secondhand-produkten\/","og_locale":"fr_FR","og_type":"article","og_title":"Studie zeigt das Klimapotenzial von Secondhand-Produkten","og_description":"Eine Studie von SMG Swiss Marketplace Group und Vaayu befasst sich mit dem Klimapotenzial von Secondhand-Produkten.","og_url":"https:\/\/www.organisator.ch\/fr\/sustainability\/2025-11-04\/studie-zeigt-das-klimapotenzial-von-secondhand-produkten\/","og_site_name":"Organisator","article_publisher":"https:\/\/www.facebook.com\/OrganisatorFachmagazin","article_published_time":"2025-11-04T07:29:18+00:00","og_image":[{"width":680,"height":452,"url":"https:\/\/www.organisator.ch\/wp-content\/uploads\/2025\/11\/Studie-zeigt-das-Klimapotenzial-von-Secondhand-Produkten_Organisator.jpg","type":"image\/jpeg"}],"author":"thomas.berner","twitter_card":"summary_large_image","twitter_title":"Studie zeigt das #Klimapotenzial von #Secondhand-Produkten","twitter_description":"Eine Studie von #SMG Swiss Marketplace Group und #Vaayu befasst sich mit dem #Klimapotenzial von #Secondhand-Produkten.","twitter_image":"https:\/\/www.organisator.ch\/wp-content\/uploads\/2025\/11\/Studie-zeigt-das-Klimapotenzial-von-Secondhand-Produkten_Organisator.jpg","schema":{"@context":"https:\/\/schema.org","@graph":[{"@type":"Article","@id":"https:\/\/www.organisator.ch\/sustainability\/2025-11-04\/studie-zeigt-das-klimapotenzial-von-secondhand-produkten\/#article","isPartOf":{"@id":"https:\/\/www.organisator.ch\/sustainability\/2025-11-04\/studie-zeigt-das-klimapotenzial-von-secondhand-produkten\/"},"author":{"name":"thomas.berner","@id":"https:\/\/www.organisator.ch\/#\/schema\/person\/6f650f90b2842cd4c0cc334b4e36f67e"},"headline":"Studie zeigt das Klimapotenzial von Secondhand-Produkten","datePublished":"2025-11-04T07:29:18+00:00","mainEntityOfPage":{"@id":"https:\/\/www.organisator.ch\/sustainability\/2025-11-04\/studie-zeigt-das-klimapotenzial-von-secondhand-produkten\/"},"wordCount":725,"publisher":{"@id":"https:\/\/www.organisator.ch\/#organization"},"image":{"@id":"https:\/\/www.organisator.ch\/sustainability\/2025-11-04\/studie-zeigt-das-klimapotenzial-von-secondhand-produkten\/#primaryimage"},"thumbnailUrl":"https:\/\/www.organisator.ch\/wp-content\/uploads\/2025\/11\/Studie-zeigt-das-Klimapotenzial-von-Secondhand-Produkten_Organisator.jpg","keywords":["E-Commerce","Kreislaufwirtschaft","Nachhaltige Wirtschaft","Studie"],"articleSection":["SUSTAINABILITY"],"inLanguage":"fr-FR"},{"@type":"WebPage","@id":"https:\/\/www.organisator.ch\/sustainability\/2025-11-04\/studie-zeigt-das-klimapotenzial-von-secondhand-produkten\/","url":"https:\/\/www.organisator.ch\/sustainability\/2025-11-04\/studie-zeigt-das-klimapotenzial-von-secondhand-produkten\/","name":"Une \u00e9tude montre le potentiel climatique des produits de seconde main - Organisateur","isPartOf":{"@id":"https:\/\/www.organisator.ch\/#website"},"primaryImageOfPage":{"@id":"https:\/\/www.organisator.ch\/sustainability\/2025-11-04\/studie-zeigt-das-klimapotenzial-von-secondhand-produkten\/#primaryimage"},"image":{"@id":"https:\/\/www.organisator.ch\/sustainability\/2025-11-04\/studie-zeigt-das-klimapotenzial-von-secondhand-produkten\/#primaryimage"},"thumbnailUrl":"https:\/\/www.organisator.ch\/wp-content\/uploads\/2025\/11\/Studie-zeigt-das-Klimapotenzial-von-Secondhand-Produkten_Organisator.jpg","datePublished":"2025-11-04T07:29:18+00:00","description":"Une \u00e9tude de SMG Swiss Marketplace Group et Vaayu se penche sur le potentiel climatique des produits de seconde main.","breadcrumb":{"@id":"https:\/\/www.organisator.ch\/sustainability\/2025-11-04\/studie-zeigt-das-klimapotenzial-von-secondhand-produkten\/#breadcrumb"},"inLanguage":"fr-FR","potentialAction":[{"@type":"ReadAction","target":["https:\/\/www.organisator.ch\/sustainability\/2025-11-04\/studie-zeigt-das-klimapotenzial-von-secondhand-produkten\/"]}]},{"@type":"ImageObject","inLanguage":"fr-FR","@id":"https:\/\/www.organisator.ch\/sustainability\/2025-11-04\/studie-zeigt-das-klimapotenzial-von-secondhand-produkten\/#primaryimage","url":"https:\/\/www.organisator.ch\/wp-content\/uploads\/2025\/11\/Studie-zeigt-das-Klimapotenzial-von-Secondhand-Produkten_Organisator.jpg","contentUrl":"https:\/\/www.organisator.ch\/wp-content\/uploads\/2025\/11\/Studie-zeigt-das-Klimapotenzial-von-Secondhand-Produkten_Organisator.jpg","width":680,"height":452,"caption":"In Schweizer Kellern schlummert Ware von 16 Mia. Franken. Dahinter verbirgt sich ein grosses Klimapotenzial. (Bild: Robinson Greig \/ Unsplash.com)"},{"@type":"BreadcrumbList","@id":"https:\/\/www.organisator.ch\/sustainability\/2025-11-04\/studie-zeigt-das-klimapotenzial-von-secondhand-produkten\/#breadcrumb","itemListElement":[{"@type":"ListItem","position":1,"name":"Home","item":"https:\/\/www.organisator.ch\/"},{"@type":"ListItem","position":2,"name":"Studie zeigt das Klimapotenzial von Secondhand-Produkten"}]},{"@type":"WebSite","@id":"https:\/\/www.organisator.ch\/#website","url":"https:\/\/www.organisator.ch\/","name":"Organisateur","description":"Comp\u00e9tence et comp\u00e9tence. Proches de la pratique. L'ORGANISATEUR pr\u00e9pare 10 num\u00e9ros par an sur les th\u00e8mes essentiels pour les dirigeants de PME.","publisher":{"@id":"https:\/\/www.organisator.ch\/#organization"},"potentialAction":[{"@type":"SearchAction","target":{"@type":"EntryPoint","urlTemplate":"https:\/\/www.organisator.ch\/?s={search_term_string}"},"query-input":{"@type":"PropertyValueSpecification","valueRequired":true,"valueName":"search_term_string"}}],"inLanguage":"fr-FR"},{"@type":"Organization","@id":"https:\/\/www.organisator.ch\/#organization","name":"Organisateur","url":"https:\/\/www.organisator.ch\/","logo":{"@type":"ImageObject","inLanguage":"fr-FR","@id":"https:\/\/www.organisator.ch\/#\/schema\/logo\/image\/","url":"https:\/\/www.organisator.ch\/wp-content\/uploads\/2022\/01\/Logo_Organisator_Website.png","contentUrl":"https:\/\/www.organisator.ch\/wp-content\/uploads\/2022\/01\/Logo_Organisator_Website.png","width":800,"height":77,"caption":"Organisator"},"image":{"@id":"https:\/\/www.organisator.ch\/#\/schema\/logo\/image\/"},"sameAs":["https:\/\/www.facebook.com\/OrganisatorFachmagazin","https:\/\/www.linkedin.com\/showcase\/organisator-das-magazin-fr-kmu","https:\/\/www.xing.com\/news\/pages\/organisator-ch-695","https:\/\/www.youtube.com\/channel\/UCGP2Sq0iWaZwT3BdIAQFYpw"]},{"@type":"Person","@id":"https:\/\/www.organisator.ch\/#\/schema\/person\/6f650f90b2842cd4c0cc334b4e36f67e","name":"thomas.berner","image":{"@type":"ImageObject","inLanguage":"fr-FR","@id":"https:\/\/secure.gravatar.com\/avatar\/ac5001d2a36cb6c6cd3e50789007ffca834b477b74a2144564522e944eabff61?s=96&d=mm&r=g","url":"https:\/\/secure.gravatar.com\/avatar\/ac5001d2a36cb6c6cd3e50789007ffca834b477b74a2144564522e944eabff61?s=96&d=mm&r=g","contentUrl":"https:\/\/secure.gravatar.com\/avatar\/ac5001d2a36cb6c6cd3e50789007ffca834b477b74a2144564522e944eabff61?s=96&d=mm&r=g","caption":"thomas.berner"},"url":"https:\/\/www.organisator.ch\/fr\/author\/thomas-berner\/"}]}},"_links":{"self":[{"href":"https:\/\/www.organisator.ch\/fr\/wp-json\/wp\/v2\/posts\/41721","targetHints":{"allow":["GET"]}}],"collection":[{"href":"https:\/\/www.organisator.ch\/fr\/wp-json\/wp\/v2\/posts"}],"about":[{"href":"https:\/\/www.organisator.ch\/fr\/wp-json\/wp\/v2\/types\/post"}],"author":[{"embeddable":true,"href":"https:\/\/www.organisator.ch\/fr\/wp-json\/wp\/v2\/users\/4"}],"replies":[{"embeddable":true,"href":"https:\/\/www.organisator.ch\/fr\/wp-json\/wp\/v2\/comments?post=41721"}],"version-history":[{"count":4,"href":"https:\/\/www.organisator.ch\/fr\/wp-json\/wp\/v2\/posts\/41721\/revisions"}],"predecessor-version":[{"id":41777,"href":"https:\/\/www.organisator.ch\/fr\/wp-json\/wp\/v2\/posts\/41721\/revisions\/41777"}],"wp:featuredmedia":[{"embeddable":true,"href":"https:\/\/www.organisator.ch\/fr\/wp-json\/wp\/v2\/media\/41722"}],"wp:attachment":[{"href":"https:\/\/www.organisator.ch\/fr\/wp-json\/wp\/v2\/media?parent=41721"}],"wp:term":[{"taxonomy":"category","embeddable":true,"href":"https:\/\/www.organisator.ch\/fr\/wp-json\/wp\/v2\/categories?post=41721"},{"taxonomy":"post_tag","embeddable":true,"href":"https:\/\/www.organisator.ch\/fr\/wp-json\/wp\/v2\/tags?post=41721"}],"curies":[{"name":"wp","href":"https:\/\/api.w.org\/{rel}","templated":true}]}}