{"id":41766,"date":"2025-11-06T10:00:18","date_gmt":"2025-11-06T09:00:18","guid":{"rendered":"https:\/\/www.markt-kom.com\/?p=245115"},"modified":"2025-11-06T09:16:23","modified_gmt":"2025-11-06T08:16:23","slug":"owm-trendbarometer-werbetreibende-sehen-2026-vorsichtig-optimistisch","status":"publish","type":"post","link":"https:\/\/www.organisator.ch\/fr\/marketing\/2025-11-06\/owm-trendbarometer-werbetreibende-sehen-2026-vorsichtig-optimistisch\/","title":{"rendered":"Le barom\u00e8tre des tendances OWM : Les annonceurs envisagent 2026 avec un optimisme prudent"},"content":{"rendered":"<div>\r\n<figure id=\"attachment_245168\" class=\"wp-caption alignnone\" style=\"width: 745px;\" aria-describedby=\"caption-attachment-245168\"><img class=\"wp-image-245168 size-full\" src=\"https:\/\/www.markt-kom.com\/wp-content\/uploads\/2025\/11\/Bildschirmfoto-2025-11-05-um-07.49.57.png\" sizes=\"(max-width: 745px) 100vw, 745px\" srcset=\"https:\/\/www.markt-kom.com\/wp-content\/uploads\/2025\/11\/Bildschirmfoto-2025-11-05-um-07.49.57.png 745w, https:\/\/www.markt-kom.com\/wp-content\/uploads\/2025\/11\/Bildschirmfoto-2025-11-05-um-07.49.57-600x530.png 600w, https:\/\/www.markt-kom.com\/wp-content\/uploads\/2025\/11\/Bildschirmfoto-2025-11-05-um-07.49.57-14x12.png 14w, https:\/\/www.markt-kom.com\/wp-content\/uploads\/2025\/11\/Bildschirmfoto-2025-11-05-um-07.49.57-198x175.png 198w, https:\/\/www.markt-kom.com\/wp-content\/uploads\/2025\/11\/Bildschirmfoto-2025-11-05-um-07.49.57-396x350.png 396w\" alt=\"\" width=\"745\" height=\"658\" \/>\r\n<figcaption id=\"caption-attachment-245168\" class=\"wp-caption-text\">La majorit\u00e9 des entreprises s'attend \u00e0 ce que les investissements publicitaires restent stables en 2026, alors qu'elles sont nettement moins nombreuses \u00e0 tabler sur une augmentation des budgets. Le climat s'assombrit donc sensiblement par rapport \u00e0 l'ann\u00e9e pr\u00e9c\u00e9dente.<\/figcaption>\r\n<\/figure>\r\n<\/div>\r\n<div>\r\n<p><b>Des pr\u00e9visions de chiffre d'affaires prudemment optimistes et une pression continue sur les investissements publicitaires : Le barom\u00e8tre des tendances OWM pr\u00e9voit une stagnation des budgets m\u00e9dias en 2026. Les preuves de l'efficacit\u00e9 publicitaire et les th\u00e8mes d'avenir gagnent en importance<\/b><\/p>\r\n<\/div>\r\n<div>\r\n<p>Le barom\u00e8tre des tendances OWM esquisse des perspectives mitig\u00e9es pour le march\u00e9 publicitaire allemand. Alors que pr\u00e8s de 70 % des entreprises membres de l'OWM interrog\u00e9es font \u00e9tat d'une \u00e9volution positive de leur chiffre d'affaires pour l'ann\u00e9e en cours - une hausse par rapport \u00e0 l'ann\u00e9e pr\u00e9c\u00e9dente -, les investissements publicitaires sont en net recul. La part des entreprises qui ont r\u00e9duit leur budget cette ann\u00e9e a plus que doubl\u00e9.<\/p>\r\n<\/div>\r\n<div>\r\n<p>Pour 2026, la plupart des entreprises s'attendent \u00e9galement \u00e0 une stagnation des d\u00e9penses publicitaires.<\/p>\r\n<\/div>\r\n<div>\r\n<p>Malgr\u00e9 cette \u00e9volution, les perspectives \u00e9conomiques sont prudemment optimistes. La majorit\u00e9 des personnes interrog\u00e9es s'attendent \u00e0 un chiffre d'affaires stable ou en l\u00e9g\u00e8re hausse pour l'ann\u00e9e \u00e0 venir. La prudence pr\u00e9domine toutefois dans l'\u00e9valuation de la situation \u00e9conomique globale : certes, un nombre moins important d'entreprises que l'ann\u00e9e pr\u00e9c\u00e9dente s'attend \u00e0 une d\u00e9t\u00e9rioration. Mais rares sont celles qui s'attendent \u00e0 une am\u00e9lioration. Parmi les principaux facteurs d'incertitude figurent le climat de consommation, les droits de douane, l'\u00e9volution politique et l'approvisionnement en \u00e9nergie.<\/p>\r\n<\/div>\r\n<div>\r\n<h3>Preuves de l'efficacit\u00e9 de la publicit\u00e9, fragmentation et IA : des d\u00e9fis majeurs<\/h3>\r\n<\/div>\r\n<div>\r\n<p>Le manque de tra\u00e7abilit\u00e9 de l'effet publicitaire est cit\u00e9 comme le plus grand d\u00e9fi de la communication marketing (92%) - une valeur qui s'est encore renforc\u00e9e par rapport \u00e0 l'ann\u00e9e derni\u00e8re. Viennent ensuite l'accessibilit\u00e9 de groupes cibles fragment\u00e9s (89 %) et la qualit\u00e9 des donn\u00e9es pour le ciblage programmatique (85 %). L'intelligence artificielle, les exigences r\u00e9glementaires, l'appel \u00e0 plus de transparence et la qualification des collaborateurs gagnent encore en pertinence, tandis que les th\u00e8mes techniques comme le programmatique et le MarTech passent l\u00e9g\u00e8rement \u00e0 l'arri\u00e8re-plan.<\/p>\r\n<\/div>\r\n<div>\r\n<h3>Orientation vers l'avenir demand\u00e9e - secteur regard\u00e9 d'un \u0153il critique<\/h3>\r\n<\/div>\r\n<div>\r\n<p>En ce qui concerne leur propre p\u00e9rennit\u00e9, la plupart des entreprises se montrent confiantes. Cependant, le secteur dans son ensemble est jug\u00e9 de mani\u00e8re beaucoup plus critique : Seuls quelques-uns estiment que le syst\u00e8me marketing et m\u00e9dia en Allemagne est suffisamment \u201eFuture Ready\u201c pour relever les d\u00e9fis futurs. Les personnes interrog\u00e9es consid\u00e8rent l'utilisation croissante de l'IA et de l'automatisation comme les principaux moteurs d'ici 2030, suivies par la fragmentation du paysage m\u00e9diatique et le besoin de mesurabilit\u00e9 globale.<\/p>\r\n<\/div>\r\n<div>\r\n<h3>Les m\u00e9dias num\u00e9riques poursuivent leur croissance<\/h3>\r\n<\/div>\r\n<div>\r\n<p>Selon le barom\u00e8tre des tendances, la vid\u00e9o en ligne, la t\u00e9l\u00e9vision connect\u00e9e, le marketing d'influence, les m\u00e9dias sociaux et les m\u00e9dias de d\u00e9tail resteront sur la voie de la croissance en 2026. Les podcasts gagnent en outre en importance. Le search est jug\u00e9 plus mod\u00e9r\u00e9, les canaux classiques comme la presse et la TV lin\u00e9aire continuent en revanche \u00e0 subir une forte pression.<\/p>\r\n<\/div>\r\n<div>\r\n<p>Le barom\u00e8tre des tendances OWM a \u00e9t\u00e9 r\u00e9alis\u00e9 en septembre\/octobre 2025 par Gess GmbH pour le compte de l'OWM. L'organisation \"Werbetreibende im Markenverband\" (OWM) est le principal groupe d'int\u00e9r\u00eat des entreprises de publicit\u00e9 en Allemagne, qui s'engage pour la libert\u00e9 de la communication, des relations commerciales transparentes et une concurrence loyale en mati\u00e8re de prestations dans le domaine du marketing\/des m\u00e9dias.<\/p>\r\n<\/div>","protected":false},"excerpt":{"rendered":"<p>Des pr\u00e9visions de chiffre d'affaires prudemment optimistes et une pression continue sur les investissements publicitaires : Le barom\u00e8tre des tendances OWM pr\u00e9voit une stagnation des budgets m\u00e9dias en 2026. Les preuves de l'efficacit\u00e9 publicitaire et les th\u00e8mes d'avenir gagnent en pertinence. <\/p>","protected":false},"author":8,"featured_media":0,"comment_status":"closed","ping_status":"closed","sticky":false,"template":"","format":"standard","meta":{"_acf_changed":false,"_yoast_wpseo_focuskw":"OWM Trendbarometer","_yoast_wpseo_metadesc":"Vorsichtig optimistische Umsatzerwartungen bei Druck auf Werbeinvestitionen: OWM Trendbarometer prognostiziert 2026 stagnierende Budgets.","articlekey":"","footnotes":""},"categories":[29],"tags":[339,4343,5663,485],"class_list":["post-41766","post","type-post","status-publish","format-standard","hentry","category-marketing","tag-marketing","tag-markom","tag-media-budgets","tag-trends"],"acf":[],"yoast_head":"<!-- This site is optimized with the Yoast SEO plugin v27.5 - https:\/\/yoast.com\/product\/yoast-seo-wordpress\/ -->\n<title>OWM Trendbarometer: Werbetreibende sehen 2026 vorsichtig optimistisch - Organisator<\/title>\n<meta name=\"description\" content=\"Vorsichtig optimistische Umsatzerwartungen bei Druck auf Werbeinvestitionen: OWM Trendbarometer prognostiziert 2026 stagnierende Budgets.\" \/>\n<meta name=\"robots\" content=\"index, follow, max-snippet:-1, max-image-preview:large, max-video-preview:-1\" \/>\n<link rel=\"canonical\" href=\"https:\/\/www.organisator.ch\/fr\/marketing\/2025-11-06\/owm-trendbarometer-werbetreibende-sehen-2026-vorsichtig-optimistisch\/\" \/>\n<meta property=\"og:locale\" content=\"fr_FR\" \/>\n<meta property=\"og:type\" content=\"article\" \/>\n<meta property=\"og:title\" content=\"OWM Trendbarometer: Werbetreibende sehen 2026 vorsichtig optimistisch - Organisator\" \/>\n<meta property=\"og:description\" content=\"Vorsichtig optimistische Umsatzerwartungen bei Druck auf Werbeinvestitionen: OWM Trendbarometer prognostiziert 2026 stagnierende Budgets.\" \/>\n<meta property=\"og:url\" content=\"https:\/\/www.organisator.ch\/fr\/marketing\/2025-11-06\/owm-trendbarometer-werbetreibende-sehen-2026-vorsichtig-optimistisch\/\" \/>\n<meta property=\"og:site_name\" content=\"Organisator\" \/>\n<meta property=\"article:publisher\" content=\"https:\/\/www.facebook.com\/OrganisatorFachmagazin\" \/>\n<meta property=\"article:published_time\" content=\"2025-11-06T09:00:18+00:00\" \/>\n<meta name=\"author\" content=\"galledia\" \/>\n<meta name=\"twitter:card\" content=\"summary_large_image\" \/>\n<meta name=\"twitter:creator\" content=\"@admin\" \/>\n<script type=\"application\/ld+json\" class=\"yoast-schema-graph\">{\"@context\":\"https:\\\/\\\/schema.org\",\"@graph\":[{\"@type\":\"Article\",\"@id\":\"https:\\\/\\\/www.organisator.ch\\\/marketing\\\/2025-11-06\\\/owm-trendbarometer-werbetreibende-sehen-2026-vorsichtig-optimistisch\\\/#article\",\"isPartOf\":{\"@id\":\"https:\\\/\\\/www.organisator.ch\\\/marketing\\\/2025-11-06\\\/owm-trendbarometer-werbetreibende-sehen-2026-vorsichtig-optimistisch\\\/\"},\"author\":{\"name\":\"galledia\",\"@id\":\"https:\\\/\\\/www.organisator.ch\\\/#\\\/schema\\\/person\\\/4e51799071cd2dd1232ac003643ef5f0\"},\"headline\":\"OWM Trendbarometer: Werbetreibende sehen 2026 vorsichtig optimistisch\",\"datePublished\":\"2025-11-06T09:00:18+00:00\",\"mainEntityOfPage\":{\"@id\":\"https:\\\/\\\/www.organisator.ch\\\/marketing\\\/2025-11-06\\\/owm-trendbarometer-werbetreibende-sehen-2026-vorsichtig-optimistisch\\\/\"},\"wordCount\":447,\"publisher\":{\"@id\":\"https:\\\/\\\/www.organisator.ch\\\/#organization\"},\"image\":{\"@id\":\"https:\\\/\\\/www.organisator.ch\\\/marketing\\\/2025-11-06\\\/owm-trendbarometer-werbetreibende-sehen-2026-vorsichtig-optimistisch\\\/#primaryimage\"},\"thumbnailUrl\":\"https:\\\/\\\/www.markt-kom.com\\\/wp-content\\\/uploads\\\/2025\\\/11\\\/Bildschirmfoto-2025-11-05-um-07.49.57.png\",\"keywords\":[\"Marketing\",\"MarKom\",\"Media-Budgets\",\"Trends\"],\"articleSection\":[\"MARKETING\"],\"inLanguage\":\"fr-FR\"},{\"@type\":\"WebPage\",\"@id\":\"https:\\\/\\\/www.organisator.ch\\\/marketing\\\/2025-11-06\\\/owm-trendbarometer-werbetreibende-sehen-2026-vorsichtig-optimistisch\\\/\",\"url\":\"https:\\\/\\\/www.organisator.ch\\\/marketing\\\/2025-11-06\\\/owm-trendbarometer-werbetreibende-sehen-2026-vorsichtig-optimistisch\\\/\",\"name\":\"OWM Trendbarometer: Werbetreibende sehen 2026 vorsichtig optimistisch - Organisator\",\"isPartOf\":{\"@id\":\"https:\\\/\\\/www.organisator.ch\\\/#website\"},\"primaryImageOfPage\":{\"@id\":\"https:\\\/\\\/www.organisator.ch\\\/marketing\\\/2025-11-06\\\/owm-trendbarometer-werbetreibende-sehen-2026-vorsichtig-optimistisch\\\/#primaryimage\"},\"image\":{\"@id\":\"https:\\\/\\\/www.organisator.ch\\\/marketing\\\/2025-11-06\\\/owm-trendbarometer-werbetreibende-sehen-2026-vorsichtig-optimistisch\\\/#primaryimage\"},\"thumbnailUrl\":\"https:\\\/\\\/www.markt-kom.com\\\/wp-content\\\/uploads\\\/2025\\\/11\\\/Bildschirmfoto-2025-11-05-um-07.49.57.png\",\"datePublished\":\"2025-11-06T09:00:18+00:00\",\"description\":\"Vorsichtig optimistische Umsatzerwartungen bei Druck auf Werbeinvestitionen: OWM Trendbarometer prognostiziert 2026 stagnierende Budgets.\",\"breadcrumb\":{\"@id\":\"https:\\\/\\\/www.organisator.ch\\\/marketing\\\/2025-11-06\\\/owm-trendbarometer-werbetreibende-sehen-2026-vorsichtig-optimistisch\\\/#breadcrumb\"},\"inLanguage\":\"fr-FR\",\"potentialAction\":[{\"@type\":\"ReadAction\",\"target\":[\"https:\\\/\\\/www.organisator.ch\\\/marketing\\\/2025-11-06\\\/owm-trendbarometer-werbetreibende-sehen-2026-vorsichtig-optimistisch\\\/\"]}]},{\"@type\":\"ImageObject\",\"inLanguage\":\"fr-FR\",\"@id\":\"https:\\\/\\\/www.organisator.ch\\\/marketing\\\/2025-11-06\\\/owm-trendbarometer-werbetreibende-sehen-2026-vorsichtig-optimistisch\\\/#primaryimage\",\"url\":\"https:\\\/\\\/www.markt-kom.com\\\/wp-content\\\/uploads\\\/2025\\\/11\\\/Bildschirmfoto-2025-11-05-um-07.49.57.png\",\"contentUrl\":\"https:\\\/\\\/www.markt-kom.com\\\/wp-content\\\/uploads\\\/2025\\\/11\\\/Bildschirmfoto-2025-11-05-um-07.49.57.png\"},{\"@type\":\"BreadcrumbList\",\"@id\":\"https:\\\/\\\/www.organisator.ch\\\/marketing\\\/2025-11-06\\\/owm-trendbarometer-werbetreibende-sehen-2026-vorsichtig-optimistisch\\\/#breadcrumb\",\"itemListElement\":[{\"@type\":\"ListItem\",\"position\":1,\"name\":\"Home\",\"item\":\"https:\\\/\\\/www.organisator.ch\\\/\"},{\"@type\":\"ListItem\",\"position\":2,\"name\":\"OWM Trendbarometer: Werbetreibende sehen 2026 vorsichtig optimistisch\"}]},{\"@type\":\"WebSite\",\"@id\":\"https:\\\/\\\/www.organisator.ch\\\/#website\",\"url\":\"https:\\\/\\\/www.organisator.ch\\\/\",\"name\":\"Organisator\",\"description\":\"Kompetent. Praxisnah. Der ORGANISATOR bereitet in 10 Ausgaben pro Jahr die wesentlichen Themen f\u00fcr F\u00fchrungskr\u00e4fte von KMU auf.\",\"publisher\":{\"@id\":\"https:\\\/\\\/www.organisator.ch\\\/#organization\"},\"potentialAction\":[{\"@type\":\"SearchAction\",\"target\":{\"@type\":\"EntryPoint\",\"urlTemplate\":\"https:\\\/\\\/www.organisator.ch\\\/?s={search_term_string}\"},\"query-input\":{\"@type\":\"PropertyValueSpecification\",\"valueRequired\":true,\"valueName\":\"search_term_string\"}}],\"inLanguage\":\"fr-FR\"},{\"@type\":\"Organization\",\"@id\":\"https:\\\/\\\/www.organisator.ch\\\/#organization\",\"name\":\"Organisator\",\"url\":\"https:\\\/\\\/www.organisator.ch\\\/\",\"logo\":{\"@type\":\"ImageObject\",\"inLanguage\":\"fr-FR\",\"@id\":\"https:\\\/\\\/www.organisator.ch\\\/#\\\/schema\\\/logo\\\/image\\\/\",\"url\":\"https:\\\/\\\/www.organisator.ch\\\/wp-content\\\/uploads\\\/2022\\\/01\\\/Logo_Organisator_Website.png\",\"contentUrl\":\"https:\\\/\\\/www.organisator.ch\\\/wp-content\\\/uploads\\\/2022\\\/01\\\/Logo_Organisator_Website.png\",\"width\":800,\"height\":77,\"caption\":\"Organisator\"},\"image\":{\"@id\":\"https:\\\/\\\/www.organisator.ch\\\/#\\\/schema\\\/logo\\\/image\\\/\"},\"sameAs\":[\"https:\\\/\\\/www.facebook.com\\\/OrganisatorFachmagazin\",\"https:\\\/\\\/www.linkedin.com\\\/showcase\\\/organisator-das-magazin-fr-kmu\",\"https:\\\/\\\/www.xing.com\\\/news\\\/pages\\\/organisator-ch-695\",\"https:\\\/\\\/www.youtube.com\\\/channel\\\/UCGP2Sq0iWaZwT3BdIAQFYpw\"]},{\"@type\":\"Person\",\"@id\":\"https:\\\/\\\/www.organisator.ch\\\/#\\\/schema\\\/person\\\/4e51799071cd2dd1232ac003643ef5f0\",\"name\":\"galledia\",\"image\":{\"@type\":\"ImageObject\",\"inLanguage\":\"fr-FR\",\"@id\":\"https:\\\/\\\/secure.gravatar.com\\\/avatar\\\/78a7f90c01fc2bfc875782a0d4922b37cde2cf184ce347b91316d23cd7f69a36?s=96&d=mm&r=g\",\"url\":\"https:\\\/\\\/secure.gravatar.com\\\/avatar\\\/78a7f90c01fc2bfc875782a0d4922b37cde2cf184ce347b91316d23cd7f69a36?s=96&d=mm&r=g\",\"contentUrl\":\"https:\\\/\\\/secure.gravatar.com\\\/avatar\\\/78a7f90c01fc2bfc875782a0d4922b37cde2cf184ce347b91316d23cd7f69a36?s=96&d=mm&r=g\",\"caption\":\"galledia\"},\"sameAs\":[\"https:\\\/\\\/x.com\\\/admin\"],\"url\":\"https:\\\/\\\/www.organisator.ch\\\/fr\\\/author\\\/galledia\\\/\"}]}<\/script>\n<!-- \/ Yoast SEO plugin. -->","yoast_head_json":{"title":"Le barom\u00e8tre des tendances de l'OWM : Les annonceurs envisagent 2026 avec un optimisme prudent - Organisateur","description":"Optimisme prudent des pr\u00e9visions de chiffre d'affaires en cas de pression sur les investissements publicitaires : Le barom\u00e8tre des tendances OWM pr\u00e9voit une stagnation des budgets en 2026.","robots":{"index":"index","follow":"follow","max-snippet":"max-snippet:-1","max-image-preview":"max-image-preview:large","max-video-preview":"max-video-preview:-1"},"canonical":"https:\/\/www.organisator.ch\/fr\/marketing\/2025-11-06\/owm-trendbarometer-werbetreibende-sehen-2026-vorsichtig-optimistisch\/","og_locale":"fr_FR","og_type":"article","og_title":"OWM Trendbarometer: Werbetreibende sehen 2026 vorsichtig optimistisch - Organisator","og_description":"Vorsichtig optimistische Umsatzerwartungen bei Druck auf Werbeinvestitionen: OWM Trendbarometer prognostiziert 2026 stagnierende Budgets.","og_url":"https:\/\/www.organisator.ch\/fr\/marketing\/2025-11-06\/owm-trendbarometer-werbetreibende-sehen-2026-vorsichtig-optimistisch\/","og_site_name":"Organisator","article_publisher":"https:\/\/www.facebook.com\/OrganisatorFachmagazin","article_published_time":"2025-11-06T09:00:18+00:00","author":"galledia","twitter_card":"summary_large_image","twitter_creator":"@admin","schema":{"@context":"https:\/\/schema.org","@graph":[{"@type":"Article","@id":"https:\/\/www.organisator.ch\/marketing\/2025-11-06\/owm-trendbarometer-werbetreibende-sehen-2026-vorsichtig-optimistisch\/#article","isPartOf":{"@id":"https:\/\/www.organisator.ch\/marketing\/2025-11-06\/owm-trendbarometer-werbetreibende-sehen-2026-vorsichtig-optimistisch\/"},"author":{"name":"galledia","@id":"https:\/\/www.organisator.ch\/#\/schema\/person\/4e51799071cd2dd1232ac003643ef5f0"},"headline":"OWM Trendbarometer: Werbetreibende sehen 2026 vorsichtig optimistisch","datePublished":"2025-11-06T09:00:18+00:00","mainEntityOfPage":{"@id":"https:\/\/www.organisator.ch\/marketing\/2025-11-06\/owm-trendbarometer-werbetreibende-sehen-2026-vorsichtig-optimistisch\/"},"wordCount":447,"publisher":{"@id":"https:\/\/www.organisator.ch\/#organization"},"image":{"@id":"https:\/\/www.organisator.ch\/marketing\/2025-11-06\/owm-trendbarometer-werbetreibende-sehen-2026-vorsichtig-optimistisch\/#primaryimage"},"thumbnailUrl":"https:\/\/www.markt-kom.com\/wp-content\/uploads\/2025\/11\/Bildschirmfoto-2025-11-05-um-07.49.57.png","keywords":["Marketing","MarKom","Media-Budgets","Trends"],"articleSection":["MARKETING"],"inLanguage":"fr-FR"},{"@type":"WebPage","@id":"https:\/\/www.organisator.ch\/marketing\/2025-11-06\/owm-trendbarometer-werbetreibende-sehen-2026-vorsichtig-optimistisch\/","url":"https:\/\/www.organisator.ch\/marketing\/2025-11-06\/owm-trendbarometer-werbetreibende-sehen-2026-vorsichtig-optimistisch\/","name":"Le barom\u00e8tre des tendances de l'OWM : Les annonceurs envisagent 2026 avec un optimisme prudent - Organisateur","isPartOf":{"@id":"https:\/\/www.organisator.ch\/#website"},"primaryImageOfPage":{"@id":"https:\/\/www.organisator.ch\/marketing\/2025-11-06\/owm-trendbarometer-werbetreibende-sehen-2026-vorsichtig-optimistisch\/#primaryimage"},"image":{"@id":"https:\/\/www.organisator.ch\/marketing\/2025-11-06\/owm-trendbarometer-werbetreibende-sehen-2026-vorsichtig-optimistisch\/#primaryimage"},"thumbnailUrl":"https:\/\/www.markt-kom.com\/wp-content\/uploads\/2025\/11\/Bildschirmfoto-2025-11-05-um-07.49.57.png","datePublished":"2025-11-06T09:00:18+00:00","description":"Optimisme prudent des pr\u00e9visions de chiffre d'affaires en cas de pression sur les investissements publicitaires : Le barom\u00e8tre des tendances OWM pr\u00e9voit une stagnation des budgets en 2026.","breadcrumb":{"@id":"https:\/\/www.organisator.ch\/marketing\/2025-11-06\/owm-trendbarometer-werbetreibende-sehen-2026-vorsichtig-optimistisch\/#breadcrumb"},"inLanguage":"fr-FR","potentialAction":[{"@type":"ReadAction","target":["https:\/\/www.organisator.ch\/marketing\/2025-11-06\/owm-trendbarometer-werbetreibende-sehen-2026-vorsichtig-optimistisch\/"]}]},{"@type":"ImageObject","inLanguage":"fr-FR","@id":"https:\/\/www.organisator.ch\/marketing\/2025-11-06\/owm-trendbarometer-werbetreibende-sehen-2026-vorsichtig-optimistisch\/#primaryimage","url":"https:\/\/www.markt-kom.com\/wp-content\/uploads\/2025\/11\/Bildschirmfoto-2025-11-05-um-07.49.57.png","contentUrl":"https:\/\/www.markt-kom.com\/wp-content\/uploads\/2025\/11\/Bildschirmfoto-2025-11-05-um-07.49.57.png"},{"@type":"BreadcrumbList","@id":"https:\/\/www.organisator.ch\/marketing\/2025-11-06\/owm-trendbarometer-werbetreibende-sehen-2026-vorsichtig-optimistisch\/#breadcrumb","itemListElement":[{"@type":"ListItem","position":1,"name":"Home","item":"https:\/\/www.organisator.ch\/"},{"@type":"ListItem","position":2,"name":"OWM Trendbarometer: Werbetreibende sehen 2026 vorsichtig optimistisch"}]},{"@type":"WebSite","@id":"https:\/\/www.organisator.ch\/#website","url":"https:\/\/www.organisator.ch\/","name":"Organisateur","description":"Comp\u00e9tence et comp\u00e9tence. Proches de la pratique. L'ORGANISATEUR pr\u00e9pare 10 num\u00e9ros par an sur les th\u00e8mes essentiels pour les dirigeants de PME.","publisher":{"@id":"https:\/\/www.organisator.ch\/#organization"},"potentialAction":[{"@type":"SearchAction","target":{"@type":"EntryPoint","urlTemplate":"https:\/\/www.organisator.ch\/?s={search_term_string}"},"query-input":{"@type":"PropertyValueSpecification","valueRequired":true,"valueName":"search_term_string"}}],"inLanguage":"fr-FR"},{"@type":"Organization","@id":"https:\/\/www.organisator.ch\/#organization","name":"Organisateur","url":"https:\/\/www.organisator.ch\/","logo":{"@type":"ImageObject","inLanguage":"fr-FR","@id":"https:\/\/www.organisator.ch\/#\/schema\/logo\/image\/","url":"https:\/\/www.organisator.ch\/wp-content\/uploads\/2022\/01\/Logo_Organisator_Website.png","contentUrl":"https:\/\/www.organisator.ch\/wp-content\/uploads\/2022\/01\/Logo_Organisator_Website.png","width":800,"height":77,"caption":"Organisator"},"image":{"@id":"https:\/\/www.organisator.ch\/#\/schema\/logo\/image\/"},"sameAs":["https:\/\/www.facebook.com\/OrganisatorFachmagazin","https:\/\/www.linkedin.com\/showcase\/organisator-das-magazin-fr-kmu","https:\/\/www.xing.com\/news\/pages\/organisator-ch-695","https:\/\/www.youtube.com\/channel\/UCGP2Sq0iWaZwT3BdIAQFYpw"]},{"@type":"Person","@id":"https:\/\/www.organisator.ch\/#\/schema\/person\/4e51799071cd2dd1232ac003643ef5f0","name":"galledia","image":{"@type":"ImageObject","inLanguage":"fr-FR","@id":"https:\/\/secure.gravatar.com\/avatar\/78a7f90c01fc2bfc875782a0d4922b37cde2cf184ce347b91316d23cd7f69a36?s=96&d=mm&r=g","url":"https:\/\/secure.gravatar.com\/avatar\/78a7f90c01fc2bfc875782a0d4922b37cde2cf184ce347b91316d23cd7f69a36?s=96&d=mm&r=g","contentUrl":"https:\/\/secure.gravatar.com\/avatar\/78a7f90c01fc2bfc875782a0d4922b37cde2cf184ce347b91316d23cd7f69a36?s=96&d=mm&r=g","caption":"galledia"},"sameAs":["https:\/\/x.com\/admin"],"url":"https:\/\/www.organisator.ch\/fr\/author\/galledia\/"}]}},"_links":{"self":[{"href":"https:\/\/www.organisator.ch\/fr\/wp-json\/wp\/v2\/posts\/41766","targetHints":{"allow":["GET"]}}],"collection":[{"href":"https:\/\/www.organisator.ch\/fr\/wp-json\/wp\/v2\/posts"}],"about":[{"href":"https:\/\/www.organisator.ch\/fr\/wp-json\/wp\/v2\/types\/post"}],"author":[{"embeddable":true,"href":"https:\/\/www.organisator.ch\/fr\/wp-json\/wp\/v2\/users\/8"}],"replies":[{"embeddable":true,"href":"https:\/\/www.organisator.ch\/fr\/wp-json\/wp\/v2\/comments?post=41766"}],"version-history":[{"count":6,"href":"https:\/\/www.organisator.ch\/fr\/wp-json\/wp\/v2\/posts\/41766\/revisions"}],"predecessor-version":[{"id":41798,"href":"https:\/\/www.organisator.ch\/fr\/wp-json\/wp\/v2\/posts\/41766\/revisions\/41798"}],"wp:attachment":[{"href":"https:\/\/www.organisator.ch\/fr\/wp-json\/wp\/v2\/media?parent=41766"}],"wp:term":[{"taxonomy":"category","embeddable":true,"href":"https:\/\/www.organisator.ch\/fr\/wp-json\/wp\/v2\/categories?post=41766"},{"taxonomy":"post_tag","embeddable":true,"href":"https:\/\/www.organisator.ch\/fr\/wp-json\/wp\/v2\/tags?post=41766"}],"curies":[{"name":"wp","href":"https:\/\/api.w.org\/{rel}","templated":true}]}}