{"id":41824,"date":"2025-11-07T08:13:32","date_gmt":"2025-11-07T07:13:32","guid":{"rendered":"https:\/\/www.organisator.ch\/?p=41824"},"modified":"2025-11-07T08:13:32","modified_gmt":"2025-11-07T07:13:32","slug":"die-expertenjury-des-prix-svc-aargau-solothurn-steht","status":"publish","type":"post","link":"https:\/\/www.organisator.ch\/fr\/management\/2025-11-07\/die-expertenjury-des-prix-svc-aargau-solothurn-steht\/","title":{"rendered":"Le jury d'experts du Prix SVC Argovie Soleure est constitu\u00e9"},"content":{"rendered":"<figure id=\"attachment_41825\" aria-describedby=\"caption-attachment-41825\" style=\"width: 680px\" class=\"wp-caption alignnone\"><img loading=\"lazy\" decoding=\"async\" class=\"size-full wp-image-41825\" src=\"https:\/\/www.organisator.ch\/wp-content\/uploads\/2025\/11\/Die-Expertenjury-des-Prix-SVC-Aargau-Solothurn-steht_Organisator.jpg\" alt=\"\" width=\"680\" height=\"524\" srcset=\"https:\/\/www.organisator.ch\/wp-content\/uploads\/2025\/11\/Die-Expertenjury-des-Prix-SVC-Aargau-Solothurn-steht_Organisator.jpg 680w, https:\/\/www.organisator.ch\/wp-content\/uploads\/2025\/11\/Die-Expertenjury-des-Prix-SVC-Aargau-Solothurn-steht_Organisator-16x12.jpg 16w, https:\/\/www.organisator.ch\/wp-content\/uploads\/2025\/11\/Die-Expertenjury-des-Prix-SVC-Aargau-Solothurn-steht_Organisator-375x289.jpg 375w, https:\/\/www.organisator.ch\/wp-content\/uploads\/2025\/11\/Die-Expertenjury-des-Prix-SVC-Aargau-Solothurn-steht_Organisator-454x350.jpg 454w\" sizes=\"auto, (max-width: 680px) 100vw, 680px\" \/><figcaption id=\"caption-attachment-41825\" class=\"wp-caption-text\">Pr\u00e9side le jury du Prix SVC Argovie Soleure : Rea Erne Kauer. (Image : SVC)<\/figcaption><\/figure>\n<p>Dans environ six mois, le moment sera venu. Le R\u00e9seau PME SVC d\u00e9cernera son prestigieux Prix PME pour la premi\u00e8re fois dans la r\u00e9gion \u00e9conomique d'Argovie Soleure. La remise des prix aura lieu dans les locaux d'Emil Frey Classic AG \u00e0 Safenwil.<\/p>\n<p>La s\u00e9lection des entreprises nomin\u00e9es pour le Prix SVC est exclusivement confi\u00e9e \u00e0 un jury d'experts. Ses membres sont ind\u00e9pendants, travaillent de mani\u00e8re proche de la pratique et sont fortement ancr\u00e9s dans la r\u00e9gion concern\u00e9e. Le jury du Prix Argovie Soleure, compos\u00e9 de 15 membres, est pr\u00e9sid\u00e9 par Rea Erne Kauer.<\/p>\n<p>Les personnalit\u00e9s suivantes si\u00e8gent au comit\u00e9 : Rea Erne Kauer (Erne AG, pr\u00e9sidente du jury), Yves Arnosti (Swisscom Suisse SA), Ren\u00e9 Birri (la Mobili\u00e8re), Florian Gautschi (promotion \u00e9conomique du canton d'Argovie), Patrick Horka (IWB), Roger Kuratle (Kuratle Group AG), Kurt Loosli (EAO Holding AG), Mario Mitic (eevolve AG), Daniel Probst (Chambre de commerce de Soleure), Rolf Schmid (TEAG Advisors AG), Thomas Sommerhalder (UBS Suisse), Markus Stebler (stebler glashaus ag), Kurt Stoll (Forvis Mazars AG), Laurent Wahli (Emil Frey AG) et Robin Wasser (UBS Suisse, pr\u00e9sident du CO du Prix SVC Argovie Soleure).<\/p>\n<p>Le processus de s\u00e9lection en vue de la remise des prix du 30 avril 2026 est d\u00e9j\u00e0 en cours. Au cours des prochaines semaines, le jury analysera les entreprises potentiellement laur\u00e9ates et proc\u00e9dera \u00e0 leurs nominations. L'annonce des cinq finalistes du 1er Prix SVC Argovie Soleure aura lieu d\u00e9but 2026.<\/p>\n<p><em>Source : <a href=\"http:\/\/www.svc.swiss\">Club suisse des entrepreneurs<\/a><\/em><\/p>","protected":false},"excerpt":{"rendered":"<p>Le Prix SVC Argovie Soleure f\u00eatera sa premi\u00e8re le 30 avril 2026 \u00e0 Safenwil. Le jury r\u00e9gional d'experts a lanc\u00e9 la proc\u00e9dure de s\u00e9lection. <\/p>","protected":false},"author":4,"featured_media":41825,"comment_status":"closed","ping_status":"closed","sticky":false,"template":"","format":"standard","meta":{"_acf_changed":false,"_yoast_wpseo_focuskw":"SVC Aargau Solothurn","_yoast_wpseo_metadesc":"Der Prix SVC Aargau Solothurn feiert am 30. April 2026 in Safenwil Premi\u00e8re. Die Expertenjury hat ihre Arbeit aufgenommen.","articlekey":"","footnotes":""},"categories":[28],"tags":[66,335,503,508],"class_list":["post-41824","post","type-post","status-publish","format-standard","has-post-thumbnail","hentry","category-management","tag-awards","tag-management-und-unternehmensfuehrung","tag-verbaende","tag-vermischtes"],"acf":[],"yoast_head":"<!-- This site is optimized with the Yoast SEO plugin v27.4 - https:\/\/yoast.com\/product\/yoast-seo-wordpress\/ -->\n<title>Die Expertenjury des Prix SVC Aargau Solothurn steht - Organisator<\/title>\n<meta name=\"description\" content=\"Der Prix SVC Aargau Solothurn feiert am 30. April 2026 in Safenwil Premi\u00e8re. Die Expertenjury hat ihre Arbeit aufgenommen.\" \/>\n<meta name=\"robots\" content=\"index, follow, max-snippet:-1, max-image-preview:large, max-video-preview:-1\" \/>\n<link rel=\"canonical\" href=\"https:\/\/www.organisator.ch\/fr\/gestion-2\/2025-11-07\/die-expertenjury-des-prix-svc-aargau-solothurn-steht\/\" \/>\n<meta property=\"og:locale\" content=\"fr_FR\" \/>\n<meta property=\"og:type\" content=\"article\" \/>\n<meta property=\"og:title\" content=\"Die Expertenjury des Prix SVC Aargau Solothurn steht\" \/>\n<meta property=\"og:description\" content=\"Der Prix SVC Aargau Solothurn feiert am 30. April 2026 in Safenwil Premi\u00e8re. Die Expertenjury hat ihre Arbeit aufgenommen.\" \/>\n<meta property=\"og:url\" content=\"https:\/\/www.organisator.ch\/fr\/gestion-2\/2025-11-07\/die-expertenjury-des-prix-svc-aargau-solothurn-steht\/\" \/>\n<meta property=\"og:site_name\" content=\"Organisator\" \/>\n<meta property=\"article:publisher\" content=\"https:\/\/www.facebook.com\/OrganisatorFachmagazin\" \/>\n<meta property=\"article:published_time\" content=\"2025-11-07T07:13:32+00:00\" \/>\n<meta property=\"og:image\" content=\"https:\/\/www.organisator.ch\/wp-content\/uploads\/2025\/11\/Die-Expertenjury-des-Prix-SVC-Aargau-Solothurn-steht_Organisator.jpg\" \/>\n\t<meta property=\"og:image:width\" content=\"680\" \/>\n\t<meta property=\"og:image:height\" content=\"524\" \/>\n\t<meta property=\"og:image:type\" content=\"image\/jpeg\" \/>\n<meta name=\"author\" content=\"thomas.berner\" \/>\n<meta name=\"twitter:card\" content=\"summary_large_image\" \/>\n<meta name=\"twitter:title\" content=\"Die #Expertenjury des Prix SVC Aargau Solothurn steht\" \/>\n<meta name=\"twitter:description\" content=\"Der Prix SVC #Aargau #Solothurn feiert am 30. April 2026 in Safenwil Premi\u00e8re. Die #Expertenjury hat ihre Arbeit aufgenommen.\" \/>\n<meta name=\"twitter:image\" content=\"https:\/\/www.organisator.ch\/wp-content\/uploads\/2025\/11\/Die-Expertenjury-des-Prix-SVC-Aargau-Solothurn-steht_Organisator.jpg\" \/>\n<script type=\"application\/ld+json\" class=\"yoast-schema-graph\">{\"@context\":\"https:\\\/\\\/schema.org\",\"@graph\":[{\"@type\":\"Article\",\"@id\":\"https:\\\/\\\/www.organisator.ch\\\/management\\\/2025-11-07\\\/die-expertenjury-des-prix-svc-aargau-solothurn-steht\\\/#article\",\"isPartOf\":{\"@id\":\"https:\\\/\\\/www.organisator.ch\\\/management\\\/2025-11-07\\\/die-expertenjury-des-prix-svc-aargau-solothurn-steht\\\/\"},\"author\":{\"name\":\"thomas.berner\",\"@id\":\"https:\\\/\\\/www.organisator.ch\\\/#\\\/schema\\\/person\\\/6f650f90b2842cd4c0cc334b4e36f67e\"},\"headline\":\"Die Expertenjury des Prix SVC Aargau Solothurn steht\",\"datePublished\":\"2025-11-07T07:13:32+00:00\",\"mainEntityOfPage\":{\"@id\":\"https:\\\/\\\/www.organisator.ch\\\/management\\\/2025-11-07\\\/die-expertenjury-des-prix-svc-aargau-solothurn-steht\\\/\"},\"wordCount\":249,\"publisher\":{\"@id\":\"https:\\\/\\\/www.organisator.ch\\\/#organization\"},\"image\":{\"@id\":\"https:\\\/\\\/www.organisator.ch\\\/management\\\/2025-11-07\\\/die-expertenjury-des-prix-svc-aargau-solothurn-steht\\\/#primaryimage\"},\"thumbnailUrl\":\"https:\\\/\\\/www.organisator.ch\\\/wp-content\\\/uploads\\\/2025\\\/11\\\/Die-Expertenjury-des-Prix-SVC-Aargau-Solothurn-steht_Organisator.jpg\",\"keywords\":[\"Awards\",\"Management und Unternehmensf\u00fchrung\",\"Verb\u00e4nde\",\"Vermischtes\"],\"articleSection\":[\"MANAGEMENT\"],\"inLanguage\":\"fr-FR\"},{\"@type\":\"WebPage\",\"@id\":\"https:\\\/\\\/www.organisator.ch\\\/management\\\/2025-11-07\\\/die-expertenjury-des-prix-svc-aargau-solothurn-steht\\\/\",\"url\":\"https:\\\/\\\/www.organisator.ch\\\/management\\\/2025-11-07\\\/die-expertenjury-des-prix-svc-aargau-solothurn-steht\\\/\",\"name\":\"Die Expertenjury des Prix SVC Aargau Solothurn steht - Organisator\",\"isPartOf\":{\"@id\":\"https:\\\/\\\/www.organisator.ch\\\/#website\"},\"primaryImageOfPage\":{\"@id\":\"https:\\\/\\\/www.organisator.ch\\\/management\\\/2025-11-07\\\/die-expertenjury-des-prix-svc-aargau-solothurn-steht\\\/#primaryimage\"},\"image\":{\"@id\":\"https:\\\/\\\/www.organisator.ch\\\/management\\\/2025-11-07\\\/die-expertenjury-des-prix-svc-aargau-solothurn-steht\\\/#primaryimage\"},\"thumbnailUrl\":\"https:\\\/\\\/www.organisator.ch\\\/wp-content\\\/uploads\\\/2025\\\/11\\\/Die-Expertenjury-des-Prix-SVC-Aargau-Solothurn-steht_Organisator.jpg\",\"datePublished\":\"2025-11-07T07:13:32+00:00\",\"description\":\"Der Prix SVC Aargau Solothurn feiert am 30. April 2026 in Safenwil Premi\u00e8re. Die Expertenjury hat ihre Arbeit aufgenommen.\",\"breadcrumb\":{\"@id\":\"https:\\\/\\\/www.organisator.ch\\\/management\\\/2025-11-07\\\/die-expertenjury-des-prix-svc-aargau-solothurn-steht\\\/#breadcrumb\"},\"inLanguage\":\"fr-FR\",\"potentialAction\":[{\"@type\":\"ReadAction\",\"target\":[\"https:\\\/\\\/www.organisator.ch\\\/management\\\/2025-11-07\\\/die-expertenjury-des-prix-svc-aargau-solothurn-steht\\\/\"]}]},{\"@type\":\"ImageObject\",\"inLanguage\":\"fr-FR\",\"@id\":\"https:\\\/\\\/www.organisator.ch\\\/management\\\/2025-11-07\\\/die-expertenjury-des-prix-svc-aargau-solothurn-steht\\\/#primaryimage\",\"url\":\"https:\\\/\\\/www.organisator.ch\\\/wp-content\\\/uploads\\\/2025\\\/11\\\/Die-Expertenjury-des-Prix-SVC-Aargau-Solothurn-steht_Organisator.jpg\",\"contentUrl\":\"https:\\\/\\\/www.organisator.ch\\\/wp-content\\\/uploads\\\/2025\\\/11\\\/Die-Expertenjury-des-Prix-SVC-Aargau-Solothurn-steht_Organisator.jpg\",\"width\":680,\"height\":524,\"caption\":\"Pr\u00e4sidiert die Jury f\u00fcr den Prix SVC Aargau Solothurn: Rea Erne Kauer. (Bild: SVC)\"},{\"@type\":\"BreadcrumbList\",\"@id\":\"https:\\\/\\\/www.organisator.ch\\\/management\\\/2025-11-07\\\/die-expertenjury-des-prix-svc-aargau-solothurn-steht\\\/#breadcrumb\",\"itemListElement\":[{\"@type\":\"ListItem\",\"position\":1,\"name\":\"Home\",\"item\":\"https:\\\/\\\/www.organisator.ch\\\/\"},{\"@type\":\"ListItem\",\"position\":2,\"name\":\"Die Expertenjury des Prix SVC Aargau Solothurn steht\"}]},{\"@type\":\"WebSite\",\"@id\":\"https:\\\/\\\/www.organisator.ch\\\/#website\",\"url\":\"https:\\\/\\\/www.organisator.ch\\\/\",\"name\":\"Organisator\",\"description\":\"Kompetent. Praxisnah. Der ORGANISATOR bereitet in 10 Ausgaben pro Jahr die wesentlichen Themen f\u00fcr F\u00fchrungskr\u00e4fte von KMU auf.\",\"publisher\":{\"@id\":\"https:\\\/\\\/www.organisator.ch\\\/#organization\"},\"potentialAction\":[{\"@type\":\"SearchAction\",\"target\":{\"@type\":\"EntryPoint\",\"urlTemplate\":\"https:\\\/\\\/www.organisator.ch\\\/?s={search_term_string}\"},\"query-input\":{\"@type\":\"PropertyValueSpecification\",\"valueRequired\":true,\"valueName\":\"search_term_string\"}}],\"inLanguage\":\"fr-FR\"},{\"@type\":\"Organization\",\"@id\":\"https:\\\/\\\/www.organisator.ch\\\/#organization\",\"name\":\"Organisator\",\"url\":\"https:\\\/\\\/www.organisator.ch\\\/\",\"logo\":{\"@type\":\"ImageObject\",\"inLanguage\":\"fr-FR\",\"@id\":\"https:\\\/\\\/www.organisator.ch\\\/#\\\/schema\\\/logo\\\/image\\\/\",\"url\":\"https:\\\/\\\/www.organisator.ch\\\/wp-content\\\/uploads\\\/2022\\\/01\\\/Logo_Organisator_Website.png\",\"contentUrl\":\"https:\\\/\\\/www.organisator.ch\\\/wp-content\\\/uploads\\\/2022\\\/01\\\/Logo_Organisator_Website.png\",\"width\":800,\"height\":77,\"caption\":\"Organisator\"},\"image\":{\"@id\":\"https:\\\/\\\/www.organisator.ch\\\/#\\\/schema\\\/logo\\\/image\\\/\"},\"sameAs\":[\"https:\\\/\\\/www.facebook.com\\\/OrganisatorFachmagazin\",\"https:\\\/\\\/www.linkedin.com\\\/showcase\\\/organisator-das-magazin-fr-kmu\",\"https:\\\/\\\/www.xing.com\\\/news\\\/pages\\\/organisator-ch-695\",\"https:\\\/\\\/www.youtube.com\\\/channel\\\/UCGP2Sq0iWaZwT3BdIAQFYpw\"]},{\"@type\":\"Person\",\"@id\":\"https:\\\/\\\/www.organisator.ch\\\/#\\\/schema\\\/person\\\/6f650f90b2842cd4c0cc334b4e36f67e\",\"name\":\"thomas.berner\",\"image\":{\"@type\":\"ImageObject\",\"inLanguage\":\"fr-FR\",\"@id\":\"https:\\\/\\\/secure.gravatar.com\\\/avatar\\\/ac5001d2a36cb6c6cd3e50789007ffca834b477b74a2144564522e944eabff61?s=96&d=mm&r=g\",\"url\":\"https:\\\/\\\/secure.gravatar.com\\\/avatar\\\/ac5001d2a36cb6c6cd3e50789007ffca834b477b74a2144564522e944eabff61?s=96&d=mm&r=g\",\"contentUrl\":\"https:\\\/\\\/secure.gravatar.com\\\/avatar\\\/ac5001d2a36cb6c6cd3e50789007ffca834b477b74a2144564522e944eabff61?s=96&d=mm&r=g\",\"caption\":\"thomas.berner\"},\"url\":\"https:\\\/\\\/www.organisator.ch\\\/fr\\\/author\\\/thomas-berner\\\/\"}]}<\/script>\n<!-- \/ Yoast SEO plugin. -->","yoast_head_json":{"title":"Le jury d'experts du Prix SVC Argovie Soleure est constitu\u00e9 - Organisateur","description":"Le Prix SVC Argovie Soleure f\u00eatera sa premi\u00e8re le 30 avril 2026 \u00e0 Safenwil. Le jury d'experts a commenc\u00e9 son travail.","robots":{"index":"index","follow":"follow","max-snippet":"max-snippet:-1","max-image-preview":"max-image-preview:large","max-video-preview":"max-video-preview:-1"},"canonical":"https:\/\/www.organisator.ch\/fr\/gestion-2\/2025-11-07\/die-expertenjury-des-prix-svc-aargau-solothurn-steht\/","og_locale":"fr_FR","og_type":"article","og_title":"Die Expertenjury des Prix SVC Aargau Solothurn steht","og_description":"Der Prix SVC Aargau Solothurn feiert am 30. April 2026 in Safenwil Premi\u00e8re. Die Expertenjury hat ihre Arbeit aufgenommen.","og_url":"https:\/\/www.organisator.ch\/fr\/gestion-2\/2025-11-07\/die-expertenjury-des-prix-svc-aargau-solothurn-steht\/","og_site_name":"Organisator","article_publisher":"https:\/\/www.facebook.com\/OrganisatorFachmagazin","article_published_time":"2025-11-07T07:13:32+00:00","og_image":[{"width":680,"height":524,"url":"https:\/\/www.organisator.ch\/wp-content\/uploads\/2025\/11\/Die-Expertenjury-des-Prix-SVC-Aargau-Solothurn-steht_Organisator.jpg","type":"image\/jpeg"}],"author":"thomas.berner","twitter_card":"summary_large_image","twitter_title":"Die #Expertenjury des Prix SVC Aargau Solothurn steht","twitter_description":"Der Prix SVC #Aargau #Solothurn feiert am 30. April 2026 in Safenwil Premi\u00e8re. Die #Expertenjury hat ihre Arbeit aufgenommen.","twitter_image":"https:\/\/www.organisator.ch\/wp-content\/uploads\/2025\/11\/Die-Expertenjury-des-Prix-SVC-Aargau-Solothurn-steht_Organisator.jpg","schema":{"@context":"https:\/\/schema.org","@graph":[{"@type":"Article","@id":"https:\/\/www.organisator.ch\/management\/2025-11-07\/die-expertenjury-des-prix-svc-aargau-solothurn-steht\/#article","isPartOf":{"@id":"https:\/\/www.organisator.ch\/management\/2025-11-07\/die-expertenjury-des-prix-svc-aargau-solothurn-steht\/"},"author":{"name":"thomas.berner","@id":"https:\/\/www.organisator.ch\/#\/schema\/person\/6f650f90b2842cd4c0cc334b4e36f67e"},"headline":"Die Expertenjury des Prix SVC Aargau Solothurn steht","datePublished":"2025-11-07T07:13:32+00:00","mainEntityOfPage":{"@id":"https:\/\/www.organisator.ch\/management\/2025-11-07\/die-expertenjury-des-prix-svc-aargau-solothurn-steht\/"},"wordCount":249,"publisher":{"@id":"https:\/\/www.organisator.ch\/#organization"},"image":{"@id":"https:\/\/www.organisator.ch\/management\/2025-11-07\/die-expertenjury-des-prix-svc-aargau-solothurn-steht\/#primaryimage"},"thumbnailUrl":"https:\/\/www.organisator.ch\/wp-content\/uploads\/2025\/11\/Die-Expertenjury-des-Prix-SVC-Aargau-Solothurn-steht_Organisator.jpg","keywords":["Awards","Management und Unternehmensf\u00fchrung","Verb\u00e4nde","Vermischtes"],"articleSection":["MANAGEMENT"],"inLanguage":"fr-FR"},{"@type":"WebPage","@id":"https:\/\/www.organisator.ch\/management\/2025-11-07\/die-expertenjury-des-prix-svc-aargau-solothurn-steht\/","url":"https:\/\/www.organisator.ch\/management\/2025-11-07\/die-expertenjury-des-prix-svc-aargau-solothurn-steht\/","name":"Le jury d'experts du Prix SVC Argovie Soleure est constitu\u00e9 - Organisateur","isPartOf":{"@id":"https:\/\/www.organisator.ch\/#website"},"primaryImageOfPage":{"@id":"https:\/\/www.organisator.ch\/management\/2025-11-07\/die-expertenjury-des-prix-svc-aargau-solothurn-steht\/#primaryimage"},"image":{"@id":"https:\/\/www.organisator.ch\/management\/2025-11-07\/die-expertenjury-des-prix-svc-aargau-solothurn-steht\/#primaryimage"},"thumbnailUrl":"https:\/\/www.organisator.ch\/wp-content\/uploads\/2025\/11\/Die-Expertenjury-des-Prix-SVC-Aargau-Solothurn-steht_Organisator.jpg","datePublished":"2025-11-07T07:13:32+00:00","description":"Le Prix SVC Argovie Soleure f\u00eatera sa premi\u00e8re le 30 avril 2026 \u00e0 Safenwil. Le jury d'experts a commenc\u00e9 son travail.","breadcrumb":{"@id":"https:\/\/www.organisator.ch\/management\/2025-11-07\/die-expertenjury-des-prix-svc-aargau-solothurn-steht\/#breadcrumb"},"inLanguage":"fr-FR","potentialAction":[{"@type":"ReadAction","target":["https:\/\/www.organisator.ch\/management\/2025-11-07\/die-expertenjury-des-prix-svc-aargau-solothurn-steht\/"]}]},{"@type":"ImageObject","inLanguage":"fr-FR","@id":"https:\/\/www.organisator.ch\/management\/2025-11-07\/die-expertenjury-des-prix-svc-aargau-solothurn-steht\/#primaryimage","url":"https:\/\/www.organisator.ch\/wp-content\/uploads\/2025\/11\/Die-Expertenjury-des-Prix-SVC-Aargau-Solothurn-steht_Organisator.jpg","contentUrl":"https:\/\/www.organisator.ch\/wp-content\/uploads\/2025\/11\/Die-Expertenjury-des-Prix-SVC-Aargau-Solothurn-steht_Organisator.jpg","width":680,"height":524,"caption":"Pr\u00e4sidiert die Jury f\u00fcr den Prix SVC Aargau Solothurn: Rea Erne Kauer. (Bild: SVC)"},{"@type":"BreadcrumbList","@id":"https:\/\/www.organisator.ch\/management\/2025-11-07\/die-expertenjury-des-prix-svc-aargau-solothurn-steht\/#breadcrumb","itemListElement":[{"@type":"ListItem","position":1,"name":"Home","item":"https:\/\/www.organisator.ch\/"},{"@type":"ListItem","position":2,"name":"Die Expertenjury des Prix SVC Aargau Solothurn steht"}]},{"@type":"WebSite","@id":"https:\/\/www.organisator.ch\/#website","url":"https:\/\/www.organisator.ch\/","name":"Organisateur","description":"Comp\u00e9tence et comp\u00e9tence. Proches de la pratique. L'ORGANISATEUR pr\u00e9pare 10 num\u00e9ros par an sur les th\u00e8mes essentiels pour les dirigeants de PME.","publisher":{"@id":"https:\/\/www.organisator.ch\/#organization"},"potentialAction":[{"@type":"SearchAction","target":{"@type":"EntryPoint","urlTemplate":"https:\/\/www.organisator.ch\/?s={search_term_string}"},"query-input":{"@type":"PropertyValueSpecification","valueRequired":true,"valueName":"search_term_string"}}],"inLanguage":"fr-FR"},{"@type":"Organization","@id":"https:\/\/www.organisator.ch\/#organization","name":"Organisateur","url":"https:\/\/www.organisator.ch\/","logo":{"@type":"ImageObject","inLanguage":"fr-FR","@id":"https:\/\/www.organisator.ch\/#\/schema\/logo\/image\/","url":"https:\/\/www.organisator.ch\/wp-content\/uploads\/2022\/01\/Logo_Organisator_Website.png","contentUrl":"https:\/\/www.organisator.ch\/wp-content\/uploads\/2022\/01\/Logo_Organisator_Website.png","width":800,"height":77,"caption":"Organisator"},"image":{"@id":"https:\/\/www.organisator.ch\/#\/schema\/logo\/image\/"},"sameAs":["https:\/\/www.facebook.com\/OrganisatorFachmagazin","https:\/\/www.linkedin.com\/showcase\/organisator-das-magazin-fr-kmu","https:\/\/www.xing.com\/news\/pages\/organisator-ch-695","https:\/\/www.youtube.com\/channel\/UCGP2Sq0iWaZwT3BdIAQFYpw"]},{"@type":"Person","@id":"https:\/\/www.organisator.ch\/#\/schema\/person\/6f650f90b2842cd4c0cc334b4e36f67e","name":"thomas.berner","image":{"@type":"ImageObject","inLanguage":"fr-FR","@id":"https:\/\/secure.gravatar.com\/avatar\/ac5001d2a36cb6c6cd3e50789007ffca834b477b74a2144564522e944eabff61?s=96&d=mm&r=g","url":"https:\/\/secure.gravatar.com\/avatar\/ac5001d2a36cb6c6cd3e50789007ffca834b477b74a2144564522e944eabff61?s=96&d=mm&r=g","contentUrl":"https:\/\/secure.gravatar.com\/avatar\/ac5001d2a36cb6c6cd3e50789007ffca834b477b74a2144564522e944eabff61?s=96&d=mm&r=g","caption":"thomas.berner"},"url":"https:\/\/www.organisator.ch\/fr\/author\/thomas-berner\/"}]}},"_links":{"self":[{"href":"https:\/\/www.organisator.ch\/fr\/wp-json\/wp\/v2\/posts\/41824","targetHints":{"allow":["GET"]}}],"collection":[{"href":"https:\/\/www.organisator.ch\/fr\/wp-json\/wp\/v2\/posts"}],"about":[{"href":"https:\/\/www.organisator.ch\/fr\/wp-json\/wp\/v2\/types\/post"}],"author":[{"embeddable":true,"href":"https:\/\/www.organisator.ch\/fr\/wp-json\/wp\/v2\/users\/4"}],"replies":[{"embeddable":true,"href":"https:\/\/www.organisator.ch\/fr\/wp-json\/wp\/v2\/comments?post=41824"}],"version-history":[{"count":3,"href":"https:\/\/www.organisator.ch\/fr\/wp-json\/wp\/v2\/posts\/41824\/revisions"}],"predecessor-version":[{"id":41853,"href":"https:\/\/www.organisator.ch\/fr\/wp-json\/wp\/v2\/posts\/41824\/revisions\/41853"}],"wp:featuredmedia":[{"embeddable":true,"href":"https:\/\/www.organisator.ch\/fr\/wp-json\/wp\/v2\/media\/41825"}],"wp:attachment":[{"href":"https:\/\/www.organisator.ch\/fr\/wp-json\/wp\/v2\/media?parent=41824"}],"wp:term":[{"taxonomy":"category","embeddable":true,"href":"https:\/\/www.organisator.ch\/fr\/wp-json\/wp\/v2\/categories?post=41824"},{"taxonomy":"post_tag","embeddable":true,"href":"https:\/\/www.organisator.ch\/fr\/wp-json\/wp\/v2\/tags?post=41824"}],"curies":[{"name":"wp","href":"https:\/\/api.w.org\/{rel}","templated":true}]}}